{"id":983,"date":"2017-06-27T21:44:46","date_gmt":"2017-06-28T00:44:46","guid":{"rendered":"http:\/\/caririemdestaque.com\/cd\/?p=983"},"modified":"2017-06-27T21:44:46","modified_gmt":"2017-06-28T00:44:46","slug":"anatel-anuncia-que-ligacoes-para-o-cvv-serao-gratuitas-ainda-este-ano","status":"publish","type":"post","link":"https:\/\/noticiasemdestaque.com\/cd\/?p=983","title":{"rendered":"Anatel anuncia que liga\u00e7\u00f5es para o CVV ser\u00e3o gratuitas ainda este ano"},"content":{"rendered":"<p><a href=\"http:\/\/caririemdestaque.com\/cd\/wp-content\/uploads\/2017\/06\/Anatel-aprova-redu\u00e7\u00e3o-de-877-para-tarifa-de-liga\u00e7\u00f5es-de-fixo-para-celular.jpg\"><img fetchpriority=\"high\" decoding=\"async\" class=\"size-medium wp-image-984 alignleft\" src=\"http:\/\/caririemdestaque.com\/cd\/wp-content\/uploads\/2017\/06\/Anatel-aprova-redu\u00e7\u00e3o-de-877-para-tarifa-de-liga\u00e7\u00f5es-de-fixo-para-celular-300x199.jpg\" alt=\"\" width=\"300\" height=\"199\" srcset=\"https:\/\/noticiasemdestaque.com\/cd\/wp-content\/uploads\/2017\/06\/Anatel-aprova-redu\u00e7\u00e3o-de-877-para-tarifa-de-liga\u00e7\u00f5es-de-fixo-para-celular-300x199.jpg 300w, https:\/\/noticiasemdestaque.com\/cd\/wp-content\/uploads\/2017\/06\/Anatel-aprova-redu\u00e7\u00e3o-de-877-para-tarifa-de-liga\u00e7\u00f5es-de-fixo-para-celular-480x320.jpg 480w, https:\/\/noticiasemdestaque.com\/cd\/wp-content\/uploads\/2017\/06\/Anatel-aprova-redu\u00e7\u00e3o-de-877-para-tarifa-de-liga\u00e7\u00f5es-de-fixo-para-celular.jpg 620w\" sizes=\"(max-width: 300px) 100vw, 300px\" \/><\/a>A Ag\u00eancia Nacional de Telecomunica\u00e7\u00f5es (Anatel) assinou hoje (27) autoriza\u00e7\u00e3o para que as liga\u00e7\u00f5es para o Centro de Valoriza\u00e7\u00e3o da Vida (CVV), organiza\u00e7\u00e3o que presta atendimento volunt\u00e1rio de apoio emocional e de preven\u00e7\u00e3o ao suic\u00eddio, sejam gratuitas, com a cria\u00e7\u00e3o de um novo n\u00famero, o 188, que substituir\u00e1 o n\u00famero 141, do CVV.<\/p>\n<p>Segundo a ag\u00eancia, a mudan\u00e7a deve ocorrer em seis meses. Ap\u00f3s esse prazo, as liga\u00e7\u00f5es para o n\u00famero 141 receber\u00e3o uma mensagem orientando para a discagem para o novo n\u00famero, o 188, chamado de Linha da Vida.<\/p>\n<p>Atualmente, uma chamada para o 141 paga em m\u00e9dia R$ 0,07 de um telefone fixo e R$ 0,70 de um m\u00f3vel por minuto. As chamadas para o 188 ser\u00e3o gratuitas. O n\u00famero substituir\u00e1 o 141 em todos os munic\u00edpios onde os servi\u00e7os de preven\u00e7\u00e3o ao suic\u00eddio \u00e9 prestado.<\/p>\n<p>O novo n\u00famero foi definido ap\u00f3s demanda da Coordena\u00e7\u00e3o Geral de Sa\u00fade Mental, \u00c1lcool e Outras Drogas do Minist\u00e9rio da Sa\u00fade. A coordena\u00e7\u00e3o contatou a Anatel em busca de um n\u00famero de utilidade p\u00fablica de emerg\u00eancia para suporte \u00e0 pol\u00edtica de redu\u00e7\u00e3o dos \u00edndices de suic\u00eddio.<\/p>\n<p>Em mar\u00e7o desse ano, o Minist\u00e9rio da Sa\u00fade e o CVV assinaram acordo de coopera\u00e7\u00e3o t\u00e9cnica para permitir o acesso gratuito ao servi\u00e7o prestado pelo n\u00famero de telefone 188. A liga\u00e7\u00e3o gratuita come\u00e7ou a ser implantada no Rio Grande do Sul h\u00e1 quatro anos, ap\u00f3s o inc\u00eandio da boate Kiss.<\/p>\n<p>De acordo com a Organiza\u00e7\u00e3o Mundial de Sa\u00fade (OMS), cerca de 1 milh\u00e3o de pessoas morrem todos os anos v\u00edtimas de suic\u00eddio no mundo, sendo que essa \u00e9 uma das tr\u00eas principais causas de morte de pessoas na faixa de 15 a 44 anos.<\/p>\n<p><strong><em>Cariri em Destaque<\/em><\/strong><\/p>\n<p>Com EBC<\/p>\n","protected":false},"excerpt":{"rendered":"<p>A Ag\u00eancia Nacional de Telecomunica\u00e7\u00f5es (Anatel) assinou hoje (27) autoriza\u00e7\u00e3o para que as liga\u00e7\u00f5es para o Centro de Valoriza\u00e7\u00e3o da Vida (CVV), organiza\u00e7\u00e3o que presta atendimento volunt\u00e1rio de apoio emocional e de preven\u00e7\u00e3o ao suic\u00eddio, sejam gratuitas, com a cria\u00e7\u00e3o de um novo n\u00famero, o 188, que substituir\u00e1 o n\u00famero 141, do CVV. Segundo a ag\u00eancia, a mudan\u00e7a deve ocorrer em seis meses. Ap\u00f3s esse prazo, as liga\u00e7\u00f5es para o n\u00famero 141 receber\u00e3o uma mensagem orientando para a discagem para o novo n\u00famero, o 188, chamado de Linha da Vida. Atualmente, uma chamada para o 141 paga em m\u00e9dia R$ 0,07 de um telefone fixo e R$ 0,70 de um m\u00f3vel por minuto. As chamadas para o 188 ser\u00e3o gratuitas. O n\u00famero substituir\u00e1 o 141 em todos os munic\u00edpios onde os servi\u00e7os de preven\u00e7\u00e3o ao suic\u00eddio \u00e9 prestado. O novo n\u00famero foi definido ap\u00f3s demanda da Coordena\u00e7\u00e3o Geral de Sa\u00fade Mental, \u00c1lcool e Outras Drogas do Minist\u00e9rio da Sa\u00fade. A coordena\u00e7\u00e3o contatou a Anatel em busca de um n\u00famero de utilidade p\u00fablica de emerg\u00eancia para suporte \u00e0 pol\u00edtica de redu\u00e7\u00e3o dos \u00edndices de suic\u00eddio. Em mar\u00e7o desse ano, o Minist\u00e9rio da Sa\u00fade e o CVV assinaram acordo de coopera\u00e7\u00e3o t\u00e9cnica para permitir o acesso gratuito ao servi\u00e7o prestado pelo n\u00famero de telefone 188. A liga\u00e7\u00e3o gratuita come\u00e7ou a ser implantada no Rio Grande do Sul h\u00e1 quatro anos, ap\u00f3s o inc\u00eandio da boate Kiss. De acordo com a Organiza\u00e7\u00e3o Mundial de Sa\u00fade (OMS), cerca de 1 milh\u00e3o de pessoas morrem todos os anos v\u00edtimas de suic\u00eddio no mundo, sendo que essa \u00e9 uma das tr\u00eas principais causas de morte de pessoas na faixa de 15 a 44 anos. Cariri em Destaque Com EBC<\/p>\n","protected":false},"author":2,"featured_media":984,"comment_status":"closed","ping_status":"open","sticky":false,"template":"","format":"standard","meta":{"_eb_attr":"","_jetpack_memberships_contains_paid_content":false,"footnotes":""},"categories":[11],"tags":[],"class_list":["post-983","post","type-post","status-publish","format-standard","has-post-thumbnail","hentry","category-economia"],"yoast_head":"<!-- This site is optimized with the Yoast SEO plugin v26.5 - https:\/\/yoast.com\/wordpress\/plugins\/seo\/ -->\n<title>Anatel anuncia que liga\u00e7\u00f5es para o CVV ser\u00e3o gratuitas ainda este ano - Not&iacute;cias em Destaque<\/title>\n<meta name=\"robots\" content=\"index, follow, max-snippet:-1, max-image-preview:large, max-video-preview:-1\" \/>\n<link rel=\"canonical\" href=\"https:\/\/noticiasemdestaque.com\/cd\/?p=983\" \/>\n<meta property=\"og:locale\" content=\"pt_BR\" \/>\n<meta property=\"og:type\" content=\"article\" \/>\n<meta property=\"og:title\" content=\"Anatel anuncia que liga\u00e7\u00f5es para o CVV ser\u00e3o gratuitas ainda este ano - Not&iacute;cias em Destaque\" \/>\n<meta property=\"og:description\" content=\"A Ag\u00eancia Nacional de Telecomunica\u00e7\u00f5es (Anatel) assinou hoje (27) autoriza\u00e7\u00e3o para que as liga\u00e7\u00f5es para o Centro de Valoriza\u00e7\u00e3o da Vida (CVV), organiza\u00e7\u00e3o que presta atendimento volunt\u00e1rio de apoio emocional e de preven\u00e7\u00e3o ao suic\u00eddio, sejam gratuitas, com a cria\u00e7\u00e3o de um novo n\u00famero, o 188, que substituir\u00e1 o n\u00famero 141, do CVV. Segundo a ag\u00eancia, a mudan\u00e7a deve ocorrer em seis meses. Ap\u00f3s esse prazo, as liga\u00e7\u00f5es para o n\u00famero 141 receber\u00e3o uma mensagem orientando para a discagem para o novo n\u00famero, o 188, chamado de Linha da Vida. Atualmente, uma chamada para o 141 paga em m\u00e9dia R$ 0,07 de um telefone fixo e R$ 0,70 de um m\u00f3vel por minuto. As chamadas para o 188 ser\u00e3o gratuitas. O n\u00famero substituir\u00e1 o 141 em todos os munic\u00edpios onde os servi\u00e7os de preven\u00e7\u00e3o ao suic\u00eddio \u00e9 prestado. O novo n\u00famero foi definido ap\u00f3s demanda da Coordena\u00e7\u00e3o Geral de Sa\u00fade Mental, \u00c1lcool e Outras Drogas do Minist\u00e9rio da Sa\u00fade. A coordena\u00e7\u00e3o contatou a Anatel em busca de um n\u00famero de utilidade p\u00fablica de emerg\u00eancia para suporte \u00e0 pol\u00edtica de redu\u00e7\u00e3o dos \u00edndices de suic\u00eddio. Em mar\u00e7o desse ano, o Minist\u00e9rio da Sa\u00fade e o CVV assinaram acordo de coopera\u00e7\u00e3o t\u00e9cnica para permitir o acesso gratuito ao servi\u00e7o prestado pelo n\u00famero de telefone 188. A liga\u00e7\u00e3o gratuita come\u00e7ou a ser implantada no Rio Grande do Sul h\u00e1 quatro anos, ap\u00f3s o inc\u00eandio da boate Kiss. De acordo com a Organiza\u00e7\u00e3o Mundial de Sa\u00fade (OMS), cerca de 1 milh\u00e3o de pessoas morrem todos os anos v\u00edtimas de suic\u00eddio no mundo, sendo que essa \u00e9 uma das tr\u00eas principais causas de morte de pessoas na faixa de 15 a 44 anos. Cariri em Destaque Com EBC\" \/>\n<meta property=\"og:url\" content=\"https:\/\/noticiasemdestaque.com\/cd\/?p=983\" \/>\n<meta property=\"og:site_name\" content=\"Not&iacute;cias em Destaque\" \/>\n<meta property=\"article:published_time\" content=\"2017-06-28T00:44:46+00:00\" \/>\n<meta property=\"og:image\" content=\"https:\/\/noticiasemdestaque.com\/cd\/wp-content\/uploads\/2017\/06\/Anatel-aprova-redu\u00e7\u00e3o-de-877-para-tarifa-de-liga\u00e7\u00f5es-de-fixo-para-celular.jpg\" \/>\n\t<meta property=\"og:image:width\" content=\"620\" \/>\n\t<meta property=\"og:image:height\" content=\"412\" \/>\n\t<meta property=\"og:image:type\" content=\"image\/jpeg\" \/>\n<meta name=\"author\" content=\"Not\u00edcias em Destaque\" \/>\n<meta name=\"twitter:card\" content=\"summary_large_image\" \/>\n<meta name=\"twitter:label1\" content=\"Escrito por\" \/>\n\t<meta name=\"twitter:data1\" content=\"Not\u00edcias em Destaque\" \/>\n\t<meta name=\"twitter:label2\" content=\"Est. tempo de leitura\" \/>\n\t<meta name=\"twitter:data2\" content=\"2 minutos\" \/>\n<script type=\"application\/ld+json\" class=\"yoast-schema-graph\">{\"@context\":\"https:\/\/schema.org\",\"@graph\":[{\"@type\":\"Article\",\"@id\":\"https:\/\/noticiasemdestaque.com\/cd\/?p=983#article\",\"isPartOf\":{\"@id\":\"https:\/\/noticiasemdestaque.com\/cd\/?p=983\"},\"author\":{\"name\":\"Not\u00edcias em Destaque\",\"@id\":\"https:\/\/noticiasemdestaque.com\/cd\/#\/schema\/person\/47f7d4f55eec17c6b2ca036c5500f6ce\"},\"headline\":\"Anatel anuncia que liga\u00e7\u00f5es para o CVV ser\u00e3o gratuitas ainda este ano\",\"datePublished\":\"2017-06-28T00:44:46+00:00\",\"mainEntityOfPage\":{\"@id\":\"https:\/\/noticiasemdestaque.com\/cd\/?p=983\"},\"wordCount\":337,\"publisher\":{\"@id\":\"https:\/\/noticiasemdestaque.com\/cd\/#organization\"},\"image\":{\"@id\":\"https:\/\/noticiasemdestaque.com\/cd\/?p=983#primaryimage\"},\"thumbnailUrl\":\"https:\/\/noticiasemdestaque.com\/cd\/wp-content\/uploads\/2017\/06\/Anatel-aprova-redu\u00e7\u00e3o-de-877-para-tarifa-de-liga\u00e7\u00f5es-de-fixo-para-celular.jpg\",\"articleSection\":[\"Economia\"],\"inLanguage\":\"pt-BR\"},{\"@type\":\"WebPage\",\"@id\":\"https:\/\/noticiasemdestaque.com\/cd\/?p=983\",\"url\":\"https:\/\/noticiasemdestaque.com\/cd\/?p=983\",\"name\":\"Anatel anuncia que liga\u00e7\u00f5es para o CVV ser\u00e3o gratuitas ainda este ano - Not&iacute;cias em Destaque\",\"isPartOf\":{\"@id\":\"https:\/\/noticiasemdestaque.com\/cd\/#website\"},\"primaryImageOfPage\":{\"@id\":\"https:\/\/noticiasemdestaque.com\/cd\/?p=983#primaryimage\"},\"image\":{\"@id\":\"https:\/\/noticiasemdestaque.com\/cd\/?p=983#primaryimage\"},\"thumbnailUrl\":\"https:\/\/noticiasemdestaque.com\/cd\/wp-content\/uploads\/2017\/06\/Anatel-aprova-redu\u00e7\u00e3o-de-877-para-tarifa-de-liga\u00e7\u00f5es-de-fixo-para-celular.jpg\",\"datePublished\":\"2017-06-28T00:44:46+00:00\",\"breadcrumb\":{\"@id\":\"https:\/\/noticiasemdestaque.com\/cd\/?p=983#breadcrumb\"},\"inLanguage\":\"pt-BR\",\"potentialAction\":[{\"@type\":\"ReadAction\",\"target\":[\"https:\/\/noticiasemdestaque.com\/cd\/?p=983\"]}]},{\"@type\":\"ImageObject\",\"inLanguage\":\"pt-BR\",\"@id\":\"https:\/\/noticiasemdestaque.com\/cd\/?p=983#primaryimage\",\"url\":\"https:\/\/noticiasemdestaque.com\/cd\/wp-content\/uploads\/2017\/06\/Anatel-aprova-redu\u00e7\u00e3o-de-877-para-tarifa-de-liga\u00e7\u00f5es-de-fixo-para-celular.jpg\",\"contentUrl\":\"https:\/\/noticiasemdestaque.com\/cd\/wp-content\/uploads\/2017\/06\/Anatel-aprova-redu\u00e7\u00e3o-de-877-para-tarifa-de-liga\u00e7\u00f5es-de-fixo-para-celular.jpg\",\"width\":620,\"height\":412},{\"@type\":\"BreadcrumbList\",\"@id\":\"https:\/\/noticiasemdestaque.com\/cd\/?p=983#breadcrumb\",\"itemListElement\":[{\"@type\":\"ListItem\",\"position\":1,\"name\":\"In\u00edcio\",\"item\":\"https:\/\/noticiasemdestaque.com\/cd\/\"},{\"@type\":\"ListItem\",\"position\":2,\"name\":\"Anatel anuncia que liga\u00e7\u00f5es para o CVV ser\u00e3o gratuitas ainda este ano\"}]},{\"@type\":\"WebSite\",\"@id\":\"https:\/\/noticiasemdestaque.com\/cd\/#website\",\"url\":\"https:\/\/noticiasemdestaque.com\/cd\/\",\"name\":\"Not&iacute;cias em Destaque\",\"description\":\"\",\"publisher\":{\"@id\":\"https:\/\/noticiasemdestaque.com\/cd\/#organization\"},\"potentialAction\":[{\"@type\":\"SearchAction\",\"target\":{\"@type\":\"EntryPoint\",\"urlTemplate\":\"https:\/\/noticiasemdestaque.com\/cd\/?s={search_term_string}\"},\"query-input\":{\"@type\":\"PropertyValueSpecification\",\"valueRequired\":true,\"valueName\":\"search_term_string\"}}],\"inLanguage\":\"pt-BR\"},{\"@type\":\"Organization\",\"@id\":\"https:\/\/noticiasemdestaque.com\/cd\/#organization\",\"name\":\"Not\u00edcias em Destaque\",\"url\":\"https:\/\/noticiasemdestaque.com\/cd\/\",\"logo\":{\"@type\":\"ImageObject\",\"inLanguage\":\"pt-BR\",\"@id\":\"https:\/\/noticiasemdestaque.com\/cd\/#\/schema\/logo\/image\/\",\"url\":\"https:\/\/noticiasemdestaque.com\/cd\/wp-content\/uploads\/2022\/05\/imagem-base-noticiasemdestaque.png\",\"contentUrl\":\"https:\/\/noticiasemdestaque.com\/cd\/wp-content\/uploads\/2022\/05\/imagem-base-noticiasemdestaque.png\",\"width\":1200,\"height\":630,\"caption\":\"Not\u00edcias em Destaque\"},\"image\":{\"@id\":\"https:\/\/noticiasemdestaque.com\/cd\/#\/schema\/logo\/image\/\"}},{\"@type\":\"Person\",\"@id\":\"https:\/\/noticiasemdestaque.com\/cd\/#\/schema\/person\/47f7d4f55eec17c6b2ca036c5500f6ce\",\"name\":\"Not\u00edcias em Destaque\",\"url\":\"https:\/\/noticiasemdestaque.com\/cd\/?author=2\"}]}<\/script>\n<!-- \/ Yoast SEO plugin. -->","yoast_head_json":{"title":"Anatel anuncia que liga\u00e7\u00f5es para o CVV ser\u00e3o gratuitas ainda este ano - Not&iacute;cias em Destaque","robots":{"index":"index","follow":"follow","max-snippet":"max-snippet:-1","max-image-preview":"max-image-preview:large","max-video-preview":"max-video-preview:-1"},"canonical":"https:\/\/noticiasemdestaque.com\/cd\/?p=983","og_locale":"pt_BR","og_type":"article","og_title":"Anatel anuncia que liga\u00e7\u00f5es para o CVV ser\u00e3o gratuitas ainda este ano - Not&iacute;cias em Destaque","og_description":"A Ag\u00eancia Nacional de Telecomunica\u00e7\u00f5es (Anatel) assinou hoje (27) autoriza\u00e7\u00e3o para que as liga\u00e7\u00f5es para o Centro de Valoriza\u00e7\u00e3o da Vida (CVV), organiza\u00e7\u00e3o que presta atendimento volunt\u00e1rio de apoio emocional e de preven\u00e7\u00e3o ao suic\u00eddio, sejam gratuitas, com a cria\u00e7\u00e3o de um novo n\u00famero, o 188, que substituir\u00e1 o n\u00famero 141, do CVV. Segundo a ag\u00eancia, a mudan\u00e7a deve ocorrer em seis meses. Ap\u00f3s esse prazo, as liga\u00e7\u00f5es para o n\u00famero 141 receber\u00e3o uma mensagem orientando para a discagem para o novo n\u00famero, o 188, chamado de Linha da Vida. Atualmente, uma chamada para o 141 paga em m\u00e9dia R$ 0,07 de um telefone fixo e R$ 0,70 de um m\u00f3vel por minuto. As chamadas para o 188 ser\u00e3o gratuitas. O n\u00famero substituir\u00e1 o 141 em todos os munic\u00edpios onde os servi\u00e7os de preven\u00e7\u00e3o ao suic\u00eddio \u00e9 prestado. O novo n\u00famero foi definido ap\u00f3s demanda da Coordena\u00e7\u00e3o Geral de Sa\u00fade Mental, \u00c1lcool e Outras Drogas do Minist\u00e9rio da Sa\u00fade. A coordena\u00e7\u00e3o contatou a Anatel em busca de um n\u00famero de utilidade p\u00fablica de emerg\u00eancia para suporte \u00e0 pol\u00edtica de redu\u00e7\u00e3o dos \u00edndices de suic\u00eddio. Em mar\u00e7o desse ano, o Minist\u00e9rio da Sa\u00fade e o CVV assinaram acordo de coopera\u00e7\u00e3o t\u00e9cnica para permitir o acesso gratuito ao servi\u00e7o prestado pelo n\u00famero de telefone 188. A liga\u00e7\u00e3o gratuita come\u00e7ou a ser implantada no Rio Grande do Sul h\u00e1 quatro anos, ap\u00f3s o inc\u00eandio da boate Kiss. De acordo com a Organiza\u00e7\u00e3o Mundial de Sa\u00fade (OMS), cerca de 1 milh\u00e3o de pessoas morrem todos os anos v\u00edtimas de suic\u00eddio no mundo, sendo que essa \u00e9 uma das tr\u00eas principais causas de morte de pessoas na faixa de 15 a 44 anos. Cariri em Destaque Com EBC","og_url":"https:\/\/noticiasemdestaque.com\/cd\/?p=983","og_site_name":"Not&iacute;cias em Destaque","article_published_time":"2017-06-28T00:44:46+00:00","og_image":[{"width":620,"height":412,"url":"https:\/\/noticiasemdestaque.com\/cd\/wp-content\/uploads\/2017\/06\/Anatel-aprova-redu\u00e7\u00e3o-de-877-para-tarifa-de-liga\u00e7\u00f5es-de-fixo-para-celular.jpg","type":"image\/jpeg"}],"author":"Not\u00edcias em Destaque","twitter_card":"summary_large_image","twitter_misc":{"Escrito por":"Not\u00edcias em Destaque","Est. tempo de leitura":"2 minutos"},"schema":{"@context":"https:\/\/schema.org","@graph":[{"@type":"Article","@id":"https:\/\/noticiasemdestaque.com\/cd\/?p=983#article","isPartOf":{"@id":"https:\/\/noticiasemdestaque.com\/cd\/?p=983"},"author":{"name":"Not\u00edcias em Destaque","@id":"https:\/\/noticiasemdestaque.com\/cd\/#\/schema\/person\/47f7d4f55eec17c6b2ca036c5500f6ce"},"headline":"Anatel anuncia que liga\u00e7\u00f5es para o CVV ser\u00e3o gratuitas ainda este ano","datePublished":"2017-06-28T00:44:46+00:00","mainEntityOfPage":{"@id":"https:\/\/noticiasemdestaque.com\/cd\/?p=983"},"wordCount":337,"publisher":{"@id":"https:\/\/noticiasemdestaque.com\/cd\/#organization"},"image":{"@id":"https:\/\/noticiasemdestaque.com\/cd\/?p=983#primaryimage"},"thumbnailUrl":"https:\/\/noticiasemdestaque.com\/cd\/wp-content\/uploads\/2017\/06\/Anatel-aprova-redu\u00e7\u00e3o-de-877-para-tarifa-de-liga\u00e7\u00f5es-de-fixo-para-celular.jpg","articleSection":["Economia"],"inLanguage":"pt-BR"},{"@type":"WebPage","@id":"https:\/\/noticiasemdestaque.com\/cd\/?p=983","url":"https:\/\/noticiasemdestaque.com\/cd\/?p=983","name":"Anatel anuncia que liga\u00e7\u00f5es para o CVV ser\u00e3o gratuitas ainda este ano - Not&iacute;cias em Destaque","isPartOf":{"@id":"https:\/\/noticiasemdestaque.com\/cd\/#website"},"primaryImageOfPage":{"@id":"https:\/\/noticiasemdestaque.com\/cd\/?p=983#primaryimage"},"image":{"@id":"https:\/\/noticiasemdestaque.com\/cd\/?p=983#primaryimage"},"thumbnailUrl":"https:\/\/noticiasemdestaque.com\/cd\/wp-content\/uploads\/2017\/06\/Anatel-aprova-redu\u00e7\u00e3o-de-877-para-tarifa-de-liga\u00e7\u00f5es-de-fixo-para-celular.jpg","datePublished":"2017-06-28T00:44:46+00:00","breadcrumb":{"@id":"https:\/\/noticiasemdestaque.com\/cd\/?p=983#breadcrumb"},"inLanguage":"pt-BR","potentialAction":[{"@type":"ReadAction","target":["https:\/\/noticiasemdestaque.com\/cd\/?p=983"]}]},{"@type":"ImageObject","inLanguage":"pt-BR","@id":"https:\/\/noticiasemdestaque.com\/cd\/?p=983#primaryimage","url":"https:\/\/noticiasemdestaque.com\/cd\/wp-content\/uploads\/2017\/06\/Anatel-aprova-redu\u00e7\u00e3o-de-877-para-tarifa-de-liga\u00e7\u00f5es-de-fixo-para-celular.jpg","contentUrl":"https:\/\/noticiasemdestaque.com\/cd\/wp-content\/uploads\/2017\/06\/Anatel-aprova-redu\u00e7\u00e3o-de-877-para-tarifa-de-liga\u00e7\u00f5es-de-fixo-para-celular.jpg","width":620,"height":412},{"@type":"BreadcrumbList","@id":"https:\/\/noticiasemdestaque.com\/cd\/?p=983#breadcrumb","itemListElement":[{"@type":"ListItem","position":1,"name":"In\u00edcio","item":"https:\/\/noticiasemdestaque.com\/cd\/"},{"@type":"ListItem","position":2,"name":"Anatel anuncia que liga\u00e7\u00f5es para o CVV ser\u00e3o gratuitas ainda este ano"}]},{"@type":"WebSite","@id":"https:\/\/noticiasemdestaque.com\/cd\/#website","url":"https:\/\/noticiasemdestaque.com\/cd\/","name":"Not&iacute;cias em Destaque","description":"","publisher":{"@id":"https:\/\/noticiasemdestaque.com\/cd\/#organization"},"potentialAction":[{"@type":"SearchAction","target":{"@type":"EntryPoint","urlTemplate":"https:\/\/noticiasemdestaque.com\/cd\/?s={search_term_string}"},"query-input":{"@type":"PropertyValueSpecification","valueRequired":true,"valueName":"search_term_string"}}],"inLanguage":"pt-BR"},{"@type":"Organization","@id":"https:\/\/noticiasemdestaque.com\/cd\/#organization","name":"Not\u00edcias em Destaque","url":"https:\/\/noticiasemdestaque.com\/cd\/","logo":{"@type":"ImageObject","inLanguage":"pt-BR","@id":"https:\/\/noticiasemdestaque.com\/cd\/#\/schema\/logo\/image\/","url":"https:\/\/noticiasemdestaque.com\/cd\/wp-content\/uploads\/2022\/05\/imagem-base-noticiasemdestaque.png","contentUrl":"https:\/\/noticiasemdestaque.com\/cd\/wp-content\/uploads\/2022\/05\/imagem-base-noticiasemdestaque.png","width":1200,"height":630,"caption":"Not\u00edcias em Destaque"},"image":{"@id":"https:\/\/noticiasemdestaque.com\/cd\/#\/schema\/logo\/image\/"}},{"@type":"Person","@id":"https:\/\/noticiasemdestaque.com\/cd\/#\/schema\/person\/47f7d4f55eec17c6b2ca036c5500f6ce","name":"Not\u00edcias em Destaque","url":"https:\/\/noticiasemdestaque.com\/cd\/?author=2"}]}},"jetpack_featured_media_url":"https:\/\/noticiasemdestaque.com\/cd\/wp-content\/uploads\/2017\/06\/Anatel-aprova-redu\u00e7\u00e3o-de-877-para-tarifa-de-liga\u00e7\u00f5es-de-fixo-para-celular.jpg","jetpack_sharing_enabled":true,"_links":{"self":[{"href":"https:\/\/noticiasemdestaque.com\/cd\/index.php?rest_route=\/wp\/v2\/posts\/983","targetHints":{"allow":["GET"]}}],"collection":[{"href":"https:\/\/noticiasemdestaque.com\/cd\/index.php?rest_route=\/wp\/v2\/posts"}],"about":[{"href":"https:\/\/noticiasemdestaque.com\/cd\/index.php?rest_route=\/wp\/v2\/types\/post"}],"author":[{"embeddable":true,"href":"https:\/\/noticiasemdestaque.com\/cd\/index.php?rest_route=\/wp\/v2\/users\/2"}],"replies":[{"embeddable":true,"href":"https:\/\/noticiasemdestaque.com\/cd\/index.php?rest_route=%2Fwp%2Fv2%2Fcomments&post=983"}],"version-history":[{"count":1,"href":"https:\/\/noticiasemdestaque.com\/cd\/index.php?rest_route=\/wp\/v2\/posts\/983\/revisions"}],"predecessor-version":[{"id":985,"href":"https:\/\/noticiasemdestaque.com\/cd\/index.php?rest_route=\/wp\/v2\/posts\/983\/revisions\/985"}],"wp:featuredmedia":[{"embeddable":true,"href":"https:\/\/noticiasemdestaque.com\/cd\/index.php?rest_route=\/wp\/v2\/media\/984"}],"wp:attachment":[{"href":"https:\/\/noticiasemdestaque.com\/cd\/index.php?rest_route=%2Fwp%2Fv2%2Fmedia&parent=983"}],"wp:term":[{"taxonomy":"category","embeddable":true,"href":"https:\/\/noticiasemdestaque.com\/cd\/index.php?rest_route=%2Fwp%2Fv2%2Fcategories&post=983"},{"taxonomy":"post_tag","embeddable":true,"href":"https:\/\/noticiasemdestaque.com\/cd\/index.php?rest_route=%2Fwp%2Fv2%2Ftags&post=983"}],"curies":[{"name":"wp","href":"https:\/\/api.w.org\/{rel}","templated":true}]}}