{"id":98,"date":"2017-05-27T17:30:13","date_gmt":"2017-05-27T20:30:13","guid":{"rendered":"http:\/\/caririemdestaque.com\/cd\/?p=98"},"modified":"2017-06-06T08:48:14","modified_gmt":"2017-06-06T11:48:14","slug":"vereadora-e-agredida-durante-sessao-em-camara","status":"publish","type":"post","link":"https:\/\/noticiasemdestaque.com\/cd\/?p=98","title":{"rendered":"Vereadora \u00e9 agredida durante sess\u00e3o em c\u00e2mara"},"content":{"rendered":"<p><a href=\"http:\/\/caririemdestaque.com\/cd\/wp-content\/uploads\/2017\/05\/Vereadora-agredida-em-Salgado-de-S\u00e3o-F\u00e9lix-300x266.jpg\"><img fetchpriority=\"high\" decoding=\"async\" class=\"size-medium wp-image-99 aligncenter\" src=\"http:\/\/caririemdestaque.com\/cd\/wp-content\/uploads\/2017\/05\/Vereadora-agredida-em-Salgado-de-S\u00e3o-F\u00e9lix-300x266-300x266.jpg\" alt=\"\" width=\"300\" height=\"266\" \/><\/a>A vereadora Marleide Quintino (PSD) foi agredida durante sess\u00e3o da C\u00e2mara Municipal de Salgado de S\u00e3o F\u00e9lix, nessa sexta-feira (26). O quebra-quebra come\u00e7ou quando os vereadores de oposi\u00e7\u00e3o, entre eles a parlamentar agredida, refor\u00e7avam as den\u00fancias de irregularidades cometidas pela atual administra\u00e7\u00e3o da cidade, principalmente casos de nepotismo e de funcion\u00e1rios fantasmas.<\/p>\n<p>Nessa hora, de acordo com o Boletim de Ocorr\u00eancia feito pela vereadora, o vereador Mario Romero (PSB), junto com o irm\u00e3o e dois filhos, partiu para agredir o marido de Marleide Quintino, que tentou conter a situa\u00e7\u00e3o e acabou sendo agredida por um dos filhos do colega de parlamento.<\/p>\n<p>\u201cO nosso trabalho \u00e9 fiscalizar a gest\u00e3o p\u00fablica e os vereadores de situa\u00e7\u00e3o n\u00e3o admitem que fa\u00e7amos isso. Eu e mais dois colegas da oposi\u00e7\u00e3o j\u00e1 est\u00e1vamos sendo amea\u00e7ados nas ruas e ontem eles cumpriram com as amea\u00e7as e nos agrediram. Essa situa\u00e7\u00e3o n\u00e3o pode permanecer assim, tenho medo que a pr\u00f3xima amea\u00e7a seja de morte\u201d, disse Marleide.<\/p>\n<p>Al\u00e9m do BO, a vereadora tamb\u00e9m fez exame de corpo de delito para comprovar as agress\u00f5es sofridas durante a sess\u00e3o na C\u00e2mara Municipal. \u201cAinda pedi que o presidente da C\u00e2mara chamasse a pol\u00edcia, mas infelizmente nada foi feito\u201d, lamentou a vereadora.<\/p>\n<p>De acordo com o Boletim de Ocorr\u00eancia, o marido da vereadora Adriana Su\u00eania tamb\u00e9m foi agredido pelo vereador Mario Romero, o irm\u00e3o e os filhos.<\/p>\n<p>Diante da grave situa\u00e7\u00e3o os vereadores de oposi\u00e7\u00e3o est\u00e3o fazendo um apelo \u00e0s autoridades estaduais uma vez que n\u00e3o se sentem seguros com o policiamento local. Por conta da fragilidade policial da regi\u00e3o, os parlamentares prestaram queixa tamb\u00e9m na Central de Pol\u00edcia, em Jo\u00e3o Pessoa.<\/p>\n<p>Correio da Para\u00edba<\/p>\n","protected":false},"excerpt":{"rendered":"<p>A vereadora Marleide Quintino (PSD) foi agredida durante sess\u00e3o da C\u00e2mara Municipal de Salgado de S\u00e3o F\u00e9lix, nessa sexta-feira (26). O quebra-quebra come\u00e7ou quando os vereadores de oposi\u00e7\u00e3o, entre eles a parlamentar agredida, refor\u00e7avam as den\u00fancias de irregularidades cometidas pela atual administra\u00e7\u00e3o da cidade, principalmente casos de nepotismo e de funcion\u00e1rios fantasmas. Nessa hora, de acordo com o Boletim de Ocorr\u00eancia feito pela vereadora, o vereador Mario Romero (PSB), junto com o irm\u00e3o e dois filhos, partiu para agredir o marido de Marleide Quintino, que tentou conter a situa\u00e7\u00e3o e acabou sendo agredida por um dos filhos do colega de parlamento. \u201cO nosso trabalho \u00e9 fiscalizar a gest\u00e3o p\u00fablica e os vereadores de situa\u00e7\u00e3o n\u00e3o admitem que fa\u00e7amos isso. Eu e mais dois colegas da oposi\u00e7\u00e3o j\u00e1 est\u00e1vamos sendo amea\u00e7ados nas ruas e ontem eles cumpriram com as amea\u00e7as e nos agrediram. Essa situa\u00e7\u00e3o n\u00e3o pode permanecer assim, tenho medo que a pr\u00f3xima amea\u00e7a seja de morte\u201d, disse Marleide. Al\u00e9m do BO, a vereadora tamb\u00e9m fez exame de corpo de delito para comprovar as agress\u00f5es sofridas durante a sess\u00e3o na C\u00e2mara Municipal. \u201cAinda pedi que o presidente da C\u00e2mara chamasse a pol\u00edcia, mas infelizmente nada foi feito\u201d, lamentou a vereadora. De acordo com o Boletim de Ocorr\u00eancia, o marido da vereadora Adriana Su\u00eania tamb\u00e9m foi agredido pelo vereador Mario Romero, o irm\u00e3o e os filhos. Diante da grave situa\u00e7\u00e3o os vereadores de oposi\u00e7\u00e3o est\u00e3o fazendo um apelo \u00e0s autoridades estaduais uma vez que n\u00e3o se sentem seguros com o policiamento local. Por conta da fragilidade policial da regi\u00e3o, os parlamentares prestaram queixa tamb\u00e9m na Central de Pol\u00edcia, em Jo\u00e3o Pessoa. Correio da Para\u00edba<\/p>\n","protected":false},"author":2,"featured_media":99,"comment_status":"closed","ping_status":"closed","sticky":false,"template":"","format":"standard","meta":{"_eb_attr":"","_jetpack_memberships_contains_paid_content":false,"footnotes":""},"categories":[4],"tags":[],"class_list":["post-98","post","type-post","status-publish","format-standard","has-post-thumbnail","hentry","category-politica"],"yoast_head":"<!-- This site is optimized with the Yoast SEO plugin v26.5 - https:\/\/yoast.com\/wordpress\/plugins\/seo\/ -->\n<title>Vereadora \u00e9 agredida durante sess\u00e3o em c\u00e2mara - Not&iacute;cias em Destaque<\/title>\n<meta name=\"robots\" content=\"index, follow, max-snippet:-1, max-image-preview:large, max-video-preview:-1\" \/>\n<link rel=\"canonical\" href=\"https:\/\/noticiasemdestaque.com\/cd\/?p=98\" \/>\n<meta property=\"og:locale\" content=\"pt_BR\" \/>\n<meta property=\"og:type\" content=\"article\" \/>\n<meta property=\"og:title\" content=\"Vereadora \u00e9 agredida durante sess\u00e3o em c\u00e2mara - Not&iacute;cias em Destaque\" \/>\n<meta property=\"og:description\" content=\"A vereadora Marleide Quintino (PSD) foi agredida durante sess\u00e3o da C\u00e2mara Municipal de Salgado de S\u00e3o F\u00e9lix, nessa sexta-feira (26). O quebra-quebra come\u00e7ou quando os vereadores de oposi\u00e7\u00e3o, entre eles a parlamentar agredida, refor\u00e7avam as den\u00fancias de irregularidades cometidas pela atual administra\u00e7\u00e3o da cidade, principalmente casos de nepotismo e de funcion\u00e1rios fantasmas. Nessa hora, de acordo com o Boletim de Ocorr\u00eancia feito pela vereadora, o vereador Mario Romero (PSB), junto com o irm\u00e3o e dois filhos, partiu para agredir o marido de Marleide Quintino, que tentou conter a situa\u00e7\u00e3o e acabou sendo agredida por um dos filhos do colega de parlamento. \u201cO nosso trabalho \u00e9 fiscalizar a gest\u00e3o p\u00fablica e os vereadores de situa\u00e7\u00e3o n\u00e3o admitem que fa\u00e7amos isso. Eu e mais dois colegas da oposi\u00e7\u00e3o j\u00e1 est\u00e1vamos sendo amea\u00e7ados nas ruas e ontem eles cumpriram com as amea\u00e7as e nos agrediram. Essa situa\u00e7\u00e3o n\u00e3o pode permanecer assim, tenho medo que a pr\u00f3xima amea\u00e7a seja de morte\u201d, disse Marleide. Al\u00e9m do BO, a vereadora tamb\u00e9m fez exame de corpo de delito para comprovar as agress\u00f5es sofridas durante a sess\u00e3o na C\u00e2mara Municipal. \u201cAinda pedi que o presidente da C\u00e2mara chamasse a pol\u00edcia, mas infelizmente nada foi feito\u201d, lamentou a vereadora. De acordo com o Boletim de Ocorr\u00eancia, o marido da vereadora Adriana Su\u00eania tamb\u00e9m foi agredido pelo vereador Mario Romero, o irm\u00e3o e os filhos. Diante da grave situa\u00e7\u00e3o os vereadores de oposi\u00e7\u00e3o est\u00e3o fazendo um apelo \u00e0s autoridades estaduais uma vez que n\u00e3o se sentem seguros com o policiamento local. Por conta da fragilidade policial da regi\u00e3o, os parlamentares prestaram queixa tamb\u00e9m na Central de Pol\u00edcia, em Jo\u00e3o Pessoa. Correio da Para\u00edba\" \/>\n<meta property=\"og:url\" content=\"https:\/\/noticiasemdestaque.com\/cd\/?p=98\" \/>\n<meta property=\"og:site_name\" content=\"Not&iacute;cias em Destaque\" \/>\n<meta property=\"article:published_time\" content=\"2017-05-27T20:30:13+00:00\" \/>\n<meta property=\"article:modified_time\" content=\"2017-06-06T11:48:14+00:00\" \/>\n<meta property=\"og:image\" content=\"https:\/\/noticiasemdestaque.com\/cd\/wp-content\/uploads\/2017\/05\/Vereadora-agredida-em-Salgado-de-S\u00e3o-F\u00e9lix-300x266.jpg\" \/>\n\t<meta property=\"og:image:width\" content=\"300\" \/>\n\t<meta property=\"og:image:height\" content=\"266\" \/>\n\t<meta property=\"og:image:type\" content=\"image\/jpeg\" \/>\n<meta name=\"author\" content=\"Not\u00edcias em Destaque\" \/>\n<meta name=\"twitter:card\" content=\"summary_large_image\" \/>\n<meta name=\"twitter:label1\" content=\"Escrito por\" \/>\n\t<meta name=\"twitter:data1\" content=\"Not\u00edcias em Destaque\" \/>\n\t<meta name=\"twitter:label2\" content=\"Est. tempo de leitura\" \/>\n\t<meta name=\"twitter:data2\" content=\"2 minutos\" \/>\n<script type=\"application\/ld+json\" class=\"yoast-schema-graph\">{\"@context\":\"https:\/\/schema.org\",\"@graph\":[{\"@type\":\"Article\",\"@id\":\"https:\/\/noticiasemdestaque.com\/cd\/?p=98#article\",\"isPartOf\":{\"@id\":\"https:\/\/noticiasemdestaque.com\/cd\/?p=98\"},\"author\":{\"name\":\"Not\u00edcias em Destaque\",\"@id\":\"https:\/\/noticiasemdestaque.com\/cd\/#\/schema\/person\/47f7d4f55eec17c6b2ca036c5500f6ce\"},\"headline\":\"Vereadora \u00e9 agredida durante sess\u00e3o em c\u00e2mara\",\"datePublished\":\"2017-05-27T20:30:13+00:00\",\"dateModified\":\"2017-06-06T11:48:14+00:00\",\"mainEntityOfPage\":{\"@id\":\"https:\/\/noticiasemdestaque.com\/cd\/?p=98\"},\"wordCount\":325,\"publisher\":{\"@id\":\"https:\/\/noticiasemdestaque.com\/cd\/#organization\"},\"image\":{\"@id\":\"https:\/\/noticiasemdestaque.com\/cd\/?p=98#primaryimage\"},\"thumbnailUrl\":\"https:\/\/noticiasemdestaque.com\/cd\/wp-content\/uploads\/2017\/05\/Vereadora-agredida-em-Salgado-de-S\u00e3o-F\u00e9lix-300x266.jpg\",\"articleSection\":[\"Pol\u00edtica\"],\"inLanguage\":\"pt-BR\"},{\"@type\":\"WebPage\",\"@id\":\"https:\/\/noticiasemdestaque.com\/cd\/?p=98\",\"url\":\"https:\/\/noticiasemdestaque.com\/cd\/?p=98\",\"name\":\"Vereadora \u00e9 agredida durante sess\u00e3o em c\u00e2mara - Not&iacute;cias em Destaque\",\"isPartOf\":{\"@id\":\"https:\/\/noticiasemdestaque.com\/cd\/#website\"},\"primaryImageOfPage\":{\"@id\":\"https:\/\/noticiasemdestaque.com\/cd\/?p=98#primaryimage\"},\"image\":{\"@id\":\"https:\/\/noticiasemdestaque.com\/cd\/?p=98#primaryimage\"},\"thumbnailUrl\":\"https:\/\/noticiasemdestaque.com\/cd\/wp-content\/uploads\/2017\/05\/Vereadora-agredida-em-Salgado-de-S\u00e3o-F\u00e9lix-300x266.jpg\",\"datePublished\":\"2017-05-27T20:30:13+00:00\",\"dateModified\":\"2017-06-06T11:48:14+00:00\",\"breadcrumb\":{\"@id\":\"https:\/\/noticiasemdestaque.com\/cd\/?p=98#breadcrumb\"},\"inLanguage\":\"pt-BR\",\"potentialAction\":[{\"@type\":\"ReadAction\",\"target\":[\"https:\/\/noticiasemdestaque.com\/cd\/?p=98\"]}]},{\"@type\":\"ImageObject\",\"inLanguage\":\"pt-BR\",\"@id\":\"https:\/\/noticiasemdestaque.com\/cd\/?p=98#primaryimage\",\"url\":\"https:\/\/noticiasemdestaque.com\/cd\/wp-content\/uploads\/2017\/05\/Vereadora-agredida-em-Salgado-de-S\u00e3o-F\u00e9lix-300x266.jpg\",\"contentUrl\":\"https:\/\/noticiasemdestaque.com\/cd\/wp-content\/uploads\/2017\/05\/Vereadora-agredida-em-Salgado-de-S\u00e3o-F\u00e9lix-300x266.jpg\",\"width\":300,\"height\":266},{\"@type\":\"BreadcrumbList\",\"@id\":\"https:\/\/noticiasemdestaque.com\/cd\/?p=98#breadcrumb\",\"itemListElement\":[{\"@type\":\"ListItem\",\"position\":1,\"name\":\"In\u00edcio\",\"item\":\"https:\/\/noticiasemdestaque.com\/cd\/\"},{\"@type\":\"ListItem\",\"position\":2,\"name\":\"Vereadora \u00e9 agredida durante sess\u00e3o em c\u00e2mara\"}]},{\"@type\":\"WebSite\",\"@id\":\"https:\/\/noticiasemdestaque.com\/cd\/#website\",\"url\":\"https:\/\/noticiasemdestaque.com\/cd\/\",\"name\":\"Not&iacute;cias em Destaque\",\"description\":\"\",\"publisher\":{\"@id\":\"https:\/\/noticiasemdestaque.com\/cd\/#organization\"},\"potentialAction\":[{\"@type\":\"SearchAction\",\"target\":{\"@type\":\"EntryPoint\",\"urlTemplate\":\"https:\/\/noticiasemdestaque.com\/cd\/?s={search_term_string}\"},\"query-input\":{\"@type\":\"PropertyValueSpecification\",\"valueRequired\":true,\"valueName\":\"search_term_string\"}}],\"inLanguage\":\"pt-BR\"},{\"@type\":\"Organization\",\"@id\":\"https:\/\/noticiasemdestaque.com\/cd\/#organization\",\"name\":\"Not\u00edcias em Destaque\",\"url\":\"https:\/\/noticiasemdestaque.com\/cd\/\",\"logo\":{\"@type\":\"ImageObject\",\"inLanguage\":\"pt-BR\",\"@id\":\"https:\/\/noticiasemdestaque.com\/cd\/#\/schema\/logo\/image\/\",\"url\":\"https:\/\/noticiasemdestaque.com\/cd\/wp-content\/uploads\/2022\/05\/imagem-base-noticiasemdestaque.png\",\"contentUrl\":\"https:\/\/noticiasemdestaque.com\/cd\/wp-content\/uploads\/2022\/05\/imagem-base-noticiasemdestaque.png\",\"width\":1200,\"height\":630,\"caption\":\"Not\u00edcias em Destaque\"},\"image\":{\"@id\":\"https:\/\/noticiasemdestaque.com\/cd\/#\/schema\/logo\/image\/\"}},{\"@type\":\"Person\",\"@id\":\"https:\/\/noticiasemdestaque.com\/cd\/#\/schema\/person\/47f7d4f55eec17c6b2ca036c5500f6ce\",\"name\":\"Not\u00edcias em Destaque\",\"url\":\"https:\/\/noticiasemdestaque.com\/cd\/?author=2\"}]}<\/script>\n<!-- \/ Yoast SEO plugin. -->","yoast_head_json":{"title":"Vereadora \u00e9 agredida durante sess\u00e3o em c\u00e2mara - Not&iacute;cias em Destaque","robots":{"index":"index","follow":"follow","max-snippet":"max-snippet:-1","max-image-preview":"max-image-preview:large","max-video-preview":"max-video-preview:-1"},"canonical":"https:\/\/noticiasemdestaque.com\/cd\/?p=98","og_locale":"pt_BR","og_type":"article","og_title":"Vereadora \u00e9 agredida durante sess\u00e3o em c\u00e2mara - Not&iacute;cias em Destaque","og_description":"A vereadora Marleide Quintino (PSD) foi agredida durante sess\u00e3o da C\u00e2mara Municipal de Salgado de S\u00e3o F\u00e9lix, nessa sexta-feira (26). O quebra-quebra come\u00e7ou quando os vereadores de oposi\u00e7\u00e3o, entre eles a parlamentar agredida, refor\u00e7avam as den\u00fancias de irregularidades cometidas pela atual administra\u00e7\u00e3o da cidade, principalmente casos de nepotismo e de funcion\u00e1rios fantasmas. Nessa hora, de acordo com o Boletim de Ocorr\u00eancia feito pela vereadora, o vereador Mario Romero (PSB), junto com o irm\u00e3o e dois filhos, partiu para agredir o marido de Marleide Quintino, que tentou conter a situa\u00e7\u00e3o e acabou sendo agredida por um dos filhos do colega de parlamento. \u201cO nosso trabalho \u00e9 fiscalizar a gest\u00e3o p\u00fablica e os vereadores de situa\u00e7\u00e3o n\u00e3o admitem que fa\u00e7amos isso. Eu e mais dois colegas da oposi\u00e7\u00e3o j\u00e1 est\u00e1vamos sendo amea\u00e7ados nas ruas e ontem eles cumpriram com as amea\u00e7as e nos agrediram. Essa situa\u00e7\u00e3o n\u00e3o pode permanecer assim, tenho medo que a pr\u00f3xima amea\u00e7a seja de morte\u201d, disse Marleide. Al\u00e9m do BO, a vereadora tamb\u00e9m fez exame de corpo de delito para comprovar as agress\u00f5es sofridas durante a sess\u00e3o na C\u00e2mara Municipal. \u201cAinda pedi que o presidente da C\u00e2mara chamasse a pol\u00edcia, mas infelizmente nada foi feito\u201d, lamentou a vereadora. De acordo com o Boletim de Ocorr\u00eancia, o marido da vereadora Adriana Su\u00eania tamb\u00e9m foi agredido pelo vereador Mario Romero, o irm\u00e3o e os filhos. Diante da grave situa\u00e7\u00e3o os vereadores de oposi\u00e7\u00e3o est\u00e3o fazendo um apelo \u00e0s autoridades estaduais uma vez que n\u00e3o se sentem seguros com o policiamento local. Por conta da fragilidade policial da regi\u00e3o, os parlamentares prestaram queixa tamb\u00e9m na Central de Pol\u00edcia, em Jo\u00e3o Pessoa. Correio da Para\u00edba","og_url":"https:\/\/noticiasemdestaque.com\/cd\/?p=98","og_site_name":"Not&iacute;cias em Destaque","article_published_time":"2017-05-27T20:30:13+00:00","article_modified_time":"2017-06-06T11:48:14+00:00","og_image":[{"width":300,"height":266,"url":"https:\/\/noticiasemdestaque.com\/cd\/wp-content\/uploads\/2017\/05\/Vereadora-agredida-em-Salgado-de-S\u00e3o-F\u00e9lix-300x266.jpg","type":"image\/jpeg"}],"author":"Not\u00edcias em Destaque","twitter_card":"summary_large_image","twitter_misc":{"Escrito por":"Not\u00edcias em Destaque","Est. tempo de leitura":"2 minutos"},"schema":{"@context":"https:\/\/schema.org","@graph":[{"@type":"Article","@id":"https:\/\/noticiasemdestaque.com\/cd\/?p=98#article","isPartOf":{"@id":"https:\/\/noticiasemdestaque.com\/cd\/?p=98"},"author":{"name":"Not\u00edcias em Destaque","@id":"https:\/\/noticiasemdestaque.com\/cd\/#\/schema\/person\/47f7d4f55eec17c6b2ca036c5500f6ce"},"headline":"Vereadora \u00e9 agredida durante sess\u00e3o em c\u00e2mara","datePublished":"2017-05-27T20:30:13+00:00","dateModified":"2017-06-06T11:48:14+00:00","mainEntityOfPage":{"@id":"https:\/\/noticiasemdestaque.com\/cd\/?p=98"},"wordCount":325,"publisher":{"@id":"https:\/\/noticiasemdestaque.com\/cd\/#organization"},"image":{"@id":"https:\/\/noticiasemdestaque.com\/cd\/?p=98#primaryimage"},"thumbnailUrl":"https:\/\/noticiasemdestaque.com\/cd\/wp-content\/uploads\/2017\/05\/Vereadora-agredida-em-Salgado-de-S\u00e3o-F\u00e9lix-300x266.jpg","articleSection":["Pol\u00edtica"],"inLanguage":"pt-BR"},{"@type":"WebPage","@id":"https:\/\/noticiasemdestaque.com\/cd\/?p=98","url":"https:\/\/noticiasemdestaque.com\/cd\/?p=98","name":"Vereadora \u00e9 agredida durante sess\u00e3o em c\u00e2mara - Not&iacute;cias em Destaque","isPartOf":{"@id":"https:\/\/noticiasemdestaque.com\/cd\/#website"},"primaryImageOfPage":{"@id":"https:\/\/noticiasemdestaque.com\/cd\/?p=98#primaryimage"},"image":{"@id":"https:\/\/noticiasemdestaque.com\/cd\/?p=98#primaryimage"},"thumbnailUrl":"https:\/\/noticiasemdestaque.com\/cd\/wp-content\/uploads\/2017\/05\/Vereadora-agredida-em-Salgado-de-S\u00e3o-F\u00e9lix-300x266.jpg","datePublished":"2017-05-27T20:30:13+00:00","dateModified":"2017-06-06T11:48:14+00:00","breadcrumb":{"@id":"https:\/\/noticiasemdestaque.com\/cd\/?p=98#breadcrumb"},"inLanguage":"pt-BR","potentialAction":[{"@type":"ReadAction","target":["https:\/\/noticiasemdestaque.com\/cd\/?p=98"]}]},{"@type":"ImageObject","inLanguage":"pt-BR","@id":"https:\/\/noticiasemdestaque.com\/cd\/?p=98#primaryimage","url":"https:\/\/noticiasemdestaque.com\/cd\/wp-content\/uploads\/2017\/05\/Vereadora-agredida-em-Salgado-de-S\u00e3o-F\u00e9lix-300x266.jpg","contentUrl":"https:\/\/noticiasemdestaque.com\/cd\/wp-content\/uploads\/2017\/05\/Vereadora-agredida-em-Salgado-de-S\u00e3o-F\u00e9lix-300x266.jpg","width":300,"height":266},{"@type":"BreadcrumbList","@id":"https:\/\/noticiasemdestaque.com\/cd\/?p=98#breadcrumb","itemListElement":[{"@type":"ListItem","position":1,"name":"In\u00edcio","item":"https:\/\/noticiasemdestaque.com\/cd\/"},{"@type":"ListItem","position":2,"name":"Vereadora \u00e9 agredida durante sess\u00e3o em c\u00e2mara"}]},{"@type":"WebSite","@id":"https:\/\/noticiasemdestaque.com\/cd\/#website","url":"https:\/\/noticiasemdestaque.com\/cd\/","name":"Not&iacute;cias em Destaque","description":"","publisher":{"@id":"https:\/\/noticiasemdestaque.com\/cd\/#organization"},"potentialAction":[{"@type":"SearchAction","target":{"@type":"EntryPoint","urlTemplate":"https:\/\/noticiasemdestaque.com\/cd\/?s={search_term_string}"},"query-input":{"@type":"PropertyValueSpecification","valueRequired":true,"valueName":"search_term_string"}}],"inLanguage":"pt-BR"},{"@type":"Organization","@id":"https:\/\/noticiasemdestaque.com\/cd\/#organization","name":"Not\u00edcias em Destaque","url":"https:\/\/noticiasemdestaque.com\/cd\/","logo":{"@type":"ImageObject","inLanguage":"pt-BR","@id":"https:\/\/noticiasemdestaque.com\/cd\/#\/schema\/logo\/image\/","url":"https:\/\/noticiasemdestaque.com\/cd\/wp-content\/uploads\/2022\/05\/imagem-base-noticiasemdestaque.png","contentUrl":"https:\/\/noticiasemdestaque.com\/cd\/wp-content\/uploads\/2022\/05\/imagem-base-noticiasemdestaque.png","width":1200,"height":630,"caption":"Not\u00edcias em Destaque"},"image":{"@id":"https:\/\/noticiasemdestaque.com\/cd\/#\/schema\/logo\/image\/"}},{"@type":"Person","@id":"https:\/\/noticiasemdestaque.com\/cd\/#\/schema\/person\/47f7d4f55eec17c6b2ca036c5500f6ce","name":"Not\u00edcias em Destaque","url":"https:\/\/noticiasemdestaque.com\/cd\/?author=2"}]}},"jetpack_featured_media_url":"https:\/\/noticiasemdestaque.com\/cd\/wp-content\/uploads\/2017\/05\/Vereadora-agredida-em-Salgado-de-S\u00e3o-F\u00e9lix-300x266.jpg","jetpack_sharing_enabled":true,"_links":{"self":[{"href":"https:\/\/noticiasemdestaque.com\/cd\/index.php?rest_route=\/wp\/v2\/posts\/98","targetHints":{"allow":["GET"]}}],"collection":[{"href":"https:\/\/noticiasemdestaque.com\/cd\/index.php?rest_route=\/wp\/v2\/posts"}],"about":[{"href":"https:\/\/noticiasemdestaque.com\/cd\/index.php?rest_route=\/wp\/v2\/types\/post"}],"author":[{"embeddable":true,"href":"https:\/\/noticiasemdestaque.com\/cd\/index.php?rest_route=\/wp\/v2\/users\/2"}],"replies":[{"embeddable":true,"href":"https:\/\/noticiasemdestaque.com\/cd\/index.php?rest_route=%2Fwp%2Fv2%2Fcomments&post=98"}],"version-history":[{"count":1,"href":"https:\/\/noticiasemdestaque.com\/cd\/index.php?rest_route=\/wp\/v2\/posts\/98\/revisions"}],"predecessor-version":[{"id":100,"href":"https:\/\/noticiasemdestaque.com\/cd\/index.php?rest_route=\/wp\/v2\/posts\/98\/revisions\/100"}],"wp:featuredmedia":[{"embeddable":true,"href":"https:\/\/noticiasemdestaque.com\/cd\/index.php?rest_route=\/wp\/v2\/media\/99"}],"wp:attachment":[{"href":"https:\/\/noticiasemdestaque.com\/cd\/index.php?rest_route=%2Fwp%2Fv2%2Fmedia&parent=98"}],"wp:term":[{"taxonomy":"category","embeddable":true,"href":"https:\/\/noticiasemdestaque.com\/cd\/index.php?rest_route=%2Fwp%2Fv2%2Fcategories&post=98"},{"taxonomy":"post_tag","embeddable":true,"href":"https:\/\/noticiasemdestaque.com\/cd\/index.php?rest_route=%2Fwp%2Fv2%2Ftags&post=98"}],"curies":[{"name":"wp","href":"https:\/\/api.w.org\/{rel}","templated":true}]}}