{"id":971,"date":"2017-06-27T17:14:41","date_gmt":"2017-06-27T20:14:41","guid":{"rendered":"http:\/\/caririemdestaque.com\/cd\/?p=971"},"modified":"2017-06-27T17:54:56","modified_gmt":"2017-06-27T20:54:56","slug":"justica-eleitoral-da-paraiba-convoca-eleitores-para-cadastramento-biometrico","status":"publish","type":"post","link":"https:\/\/noticiasemdestaque.com\/cd\/?p=971","title":{"rendered":"Justi\u00e7a Eleitoral da Para\u00edba convoca eleitores para cadastramento biom\u00e9trico"},"content":{"rendered":"<figure id=\"attachment_972\" aria-describedby=\"caption-attachment-972\" style=\"width: 300px\" class=\"wp-caption alignleft\"><a href=\"http:\/\/caririemdestaque.com\/cd\/wp-content\/uploads\/2017\/06\/0_tre_placa_de_rua_foto-walla_santos_3.jpg\"><img fetchpriority=\"high\" decoding=\"async\" class=\"wp-image-972 size-medium\" src=\"http:\/\/caririemdestaque.com\/cd\/wp-content\/uploads\/2017\/06\/0_tre_placa_de_rua_foto-walla_santos_3-300x200.jpg\" alt=\"\" width=\"300\" height=\"200\" srcset=\"https:\/\/noticiasemdestaque.com\/cd\/wp-content\/uploads\/2017\/06\/0_tre_placa_de_rua_foto-walla_santos_3-300x200.jpg 300w, https:\/\/noticiasemdestaque.com\/cd\/wp-content\/uploads\/2017\/06\/0_tre_placa_de_rua_foto-walla_santos_3-768x513.jpg 768w, https:\/\/noticiasemdestaque.com\/cd\/wp-content\/uploads\/2017\/06\/0_tre_placa_de_rua_foto-walla_santos_3-480x320.jpg 480w, https:\/\/noticiasemdestaque.com\/cd\/wp-content\/uploads\/2017\/06\/0_tre_placa_de_rua_foto-walla_santos_3.jpg 876w\" sizes=\"(max-width: 300px) 100vw, 300px\" \/><\/a><figcaption id=\"caption-attachment-972\" class=\"wp-caption-text\">Tribunal Regional Eleitoral (Foto: Walla Santos)<\/figcaption><\/figure>\n<p>O Tribunal Regional Eleitoral da Para\u00edba emitiu, na manh\u00e3 desta ter\u00e7a-feira (27), uma nota convocando os eleitores paraibanos que ainda n\u00e3o realizarem o cadastro biom\u00e9trico a a comparecerem ao Cart\u00f3rio Eleitoral para efetivar a atualiza\u00e7\u00e3o do cadastro eleitoral.<\/p>\n<p>Confira, abaixo, a nota na \u00edntegra:<\/p>\n<p>&#8220;NOTA OFICIAL DA JUSTI\u00c7A ELEITORAL<\/p>\n<p>O Tribunal Regional Eleitoral da Para\u00edba convoca todos os eleitores do Estado que ainda n\u00e3o fizeram a sua biometria para comparecerem ao Cart\u00f3rio Eleitoral ou posto de atendimento mais pr\u00f3ximo de sua resid\u00eancia portando o seu t\u00edtulo de eleitor, comprovante de resid\u00eancia dos \u00faltimos tr\u00eas meses e documento de identifica\u00e7\u00e3o originais para atualiza\u00e7\u00e3o do seu cadastro eleitoral.<\/p>\n<p>O n\u00e3o comparecimento implicar\u00e1 o cancelamento do t\u00edtulo de eleitor e san\u00e7\u00f5es legais previstas no Art. 7\u00ba do C\u00f3digo Eleitoral Brasileiro, entre as quais o bloqueio no recebimento de vencimentos, remunera\u00e7\u00e3o, sal\u00e1rio ou proventos de fun\u00e7\u00e3o ou emprego p\u00fablico, impossibilidade de renova\u00e7\u00e3o de matr\u00edcula em institui\u00e7\u00f5es p\u00fablicas de ensino, obten\u00e7\u00e3o de passaporte ou carteira de identidade e outras san\u00e7\u00f5es.<\/p>\n<p>Consulte o endere\u00e7o do local de atendimento de sua cidade no site do TRE-PB: www.tre-pb.jus.br.<\/p>\n<p>Evite filas, n\u00e3o deixe para \u00faltima hora.<\/p>\n<p>A Justi\u00e7a Eleitoral agradece&#8221;.<\/p>\n<p>&nbsp;<\/p>\n<p>A Justi\u00e7a Eleitoral da Para\u00edba lembra, ainda, que a partir das Elei\u00e7\u00f5es 2018 todos os eleitores paraibanos ser\u00e3o identificados por meio da impress\u00e3o digital, na urna. O que ser\u00e1 poss\u00edvel devido ao processo de revis\u00e3o de eleitorado atualmente em andamento em 36 zonas eleitorais, cujo prazo encerra-se em mar\u00e7o de 2018, com expectativa de atingir um eleitorado de aproximadamente 1.030.201 eleitores.<\/p>\n<p>O cadastramento biom\u00e9trico \u00e9 realizado de forma gratuita e o eleitor deve apresentar os seguintes documentos:<\/p>\n<p>* Comprovante de domic\u00edlio (original) do munic\u00edpio respectivo: conta de \u00e1gua, luz, telefone, cart\u00e3o de cr\u00e9dito, contrato de aluguel, dentre outros poss\u00edveis a crit\u00e9rio do juiz eleitoral.<\/p>\n<p>* Documento de identifica\u00e7\u00e3o oficial (original): carteira de identidade (RG); certid\u00e3o de nascimento ou casamento; carteira emitida pelos \u00f3rg\u00e3os criados por lei federal, ou controladores do exerc\u00edcio profissional ou carteira de trabalh0o e previd\u00eancia social (CTPS).<\/p>\n<p>* Os homens que j\u00e1 possuem 18 anos ou que o completar\u00e3o at\u00e9 o final de 2017 e que forem tirar o t\u00edtulo pela primeira vez dever\u00e3o apresentar o certificado de apresenta\u00e7\u00e3o ao servi\u00e7o militar.<\/p>\n<p>* T\u00edtulo de eleitor, se houver.<\/p>\n","protected":false},"excerpt":{"rendered":"<p>O Tribunal Regional Eleitoral da Para\u00edba emitiu, na manh\u00e3 desta ter\u00e7a-feira (27), uma nota convocando os eleitores paraibanos que ainda n\u00e3o realizarem o cadastro biom\u00e9trico a a comparecerem ao Cart\u00f3rio Eleitoral para efetivar a atualiza\u00e7\u00e3o do cadastro eleitoral. Confira, abaixo, a nota na \u00edntegra: &#8220;NOTA OFICIAL DA JUSTI\u00c7A ELEITORAL O Tribunal Regional Eleitoral da Para\u00edba convoca todos os eleitores do Estado que ainda n\u00e3o fizeram a sua biometria para comparecerem ao Cart\u00f3rio Eleitoral ou posto de atendimento mais pr\u00f3ximo de sua resid\u00eancia portando o seu t\u00edtulo de eleitor, comprovante de resid\u00eancia dos \u00faltimos tr\u00eas meses e documento de identifica\u00e7\u00e3o originais para atualiza\u00e7\u00e3o do seu cadastro eleitoral. O n\u00e3o comparecimento implicar\u00e1 o cancelamento do t\u00edtulo de eleitor e san\u00e7\u00f5es legais previstas no Art. 7\u00ba do C\u00f3digo Eleitoral Brasileiro, entre as quais o bloqueio no recebimento de vencimentos, remunera\u00e7\u00e3o, sal\u00e1rio ou proventos de fun\u00e7\u00e3o ou emprego p\u00fablico, impossibilidade de renova\u00e7\u00e3o de matr\u00edcula em institui\u00e7\u00f5es p\u00fablicas de ensino, obten\u00e7\u00e3o de passaporte ou carteira de identidade e outras san\u00e7\u00f5es. Consulte o endere\u00e7o do local de atendimento de sua cidade no site do TRE-PB: www.tre-pb.jus.br. Evite filas, n\u00e3o deixe para \u00faltima hora. A Justi\u00e7a Eleitoral agradece&#8221;. &nbsp; A Justi\u00e7a Eleitoral da Para\u00edba lembra, ainda, que a partir das Elei\u00e7\u00f5es 2018 todos os eleitores paraibanos ser\u00e3o identificados por meio da impress\u00e3o digital, na urna. O que ser\u00e1 poss\u00edvel devido ao processo de revis\u00e3o de eleitorado atualmente em andamento em 36 zonas eleitorais, cujo prazo encerra-se em mar\u00e7o de 2018, com expectativa de atingir um eleitorado de aproximadamente 1.030.201 eleitores. O cadastramento biom\u00e9trico \u00e9 realizado de forma gratuita e o eleitor deve apresentar os seguintes documentos: * Comprovante de domic\u00edlio (original) do munic\u00edpio respectivo: conta de \u00e1gua, luz, telefone, cart\u00e3o de cr\u00e9dito, contrato de aluguel, dentre outros poss\u00edveis a crit\u00e9rio do juiz eleitoral. * Documento de identifica\u00e7\u00e3o oficial (original): carteira de identidade (RG); certid\u00e3o de nascimento ou casamento; carteira emitida pelos \u00f3rg\u00e3os criados por lei federal, ou controladores do exerc\u00edcio profissional ou carteira de trabalh0o e previd\u00eancia social (CTPS). * Os homens que j\u00e1 possuem 18 anos ou que o completar\u00e3o at\u00e9 o final de 2017 e que forem tirar o t\u00edtulo pela primeira vez dever\u00e3o apresentar o certificado de apresenta\u00e7\u00e3o ao servi\u00e7o militar. * T\u00edtulo de eleitor, se houver.<\/p>\n","protected":false},"author":2,"featured_media":972,"comment_status":"closed","ping_status":"open","sticky":false,"template":"","format":"standard","meta":{"_eb_attr":"","_jetpack_memberships_contains_paid_content":false,"footnotes":""},"categories":[4],"tags":[],"class_list":["post-971","post","type-post","status-publish","format-standard","has-post-thumbnail","hentry","category-politica"],"yoast_head":"<!-- This site is optimized with the Yoast SEO plugin v26.5 - https:\/\/yoast.com\/wordpress\/plugins\/seo\/ -->\n<title>Justi\u00e7a Eleitoral da Para\u00edba convoca eleitores para cadastramento biom\u00e9trico - Not&iacute;cias em Destaque<\/title>\n<meta name=\"robots\" content=\"index, follow, max-snippet:-1, max-image-preview:large, max-video-preview:-1\" \/>\n<link rel=\"canonical\" href=\"https:\/\/noticiasemdestaque.com\/cd\/?p=971\" \/>\n<meta property=\"og:locale\" content=\"pt_BR\" \/>\n<meta property=\"og:type\" content=\"article\" \/>\n<meta property=\"og:title\" content=\"Justi\u00e7a Eleitoral da Para\u00edba convoca eleitores para cadastramento biom\u00e9trico - Not&iacute;cias em Destaque\" \/>\n<meta property=\"og:description\" content=\"O Tribunal Regional Eleitoral da Para\u00edba emitiu, na manh\u00e3 desta ter\u00e7a-feira (27), uma nota convocando os eleitores paraibanos que ainda n\u00e3o realizarem o cadastro biom\u00e9trico a a comparecerem ao Cart\u00f3rio Eleitoral para efetivar a atualiza\u00e7\u00e3o do cadastro eleitoral. Confira, abaixo, a nota na \u00edntegra: &#8220;NOTA OFICIAL DA JUSTI\u00c7A ELEITORAL O Tribunal Regional Eleitoral da Para\u00edba convoca todos os eleitores do Estado que ainda n\u00e3o fizeram a sua biometria para comparecerem ao Cart\u00f3rio Eleitoral ou posto de atendimento mais pr\u00f3ximo de sua resid\u00eancia portando o seu t\u00edtulo de eleitor, comprovante de resid\u00eancia dos \u00faltimos tr\u00eas meses e documento de identifica\u00e7\u00e3o originais para atualiza\u00e7\u00e3o do seu cadastro eleitoral. O n\u00e3o comparecimento implicar\u00e1 o cancelamento do t\u00edtulo de eleitor e san\u00e7\u00f5es legais previstas no Art. 7\u00ba do C\u00f3digo Eleitoral Brasileiro, entre as quais o bloqueio no recebimento de vencimentos, remunera\u00e7\u00e3o, sal\u00e1rio ou proventos de fun\u00e7\u00e3o ou emprego p\u00fablico, impossibilidade de renova\u00e7\u00e3o de matr\u00edcula em institui\u00e7\u00f5es p\u00fablicas de ensino, obten\u00e7\u00e3o de passaporte ou carteira de identidade e outras san\u00e7\u00f5es. Consulte o endere\u00e7o do local de atendimento de sua cidade no site do TRE-PB: www.tre-pb.jus.br. Evite filas, n\u00e3o deixe para \u00faltima hora. A Justi\u00e7a Eleitoral agradece&#8221;. &nbsp; A Justi\u00e7a Eleitoral da Para\u00edba lembra, ainda, que a partir das Elei\u00e7\u00f5es 2018 todos os eleitores paraibanos ser\u00e3o identificados por meio da impress\u00e3o digital, na urna. O que ser\u00e1 poss\u00edvel devido ao processo de revis\u00e3o de eleitorado atualmente em andamento em 36 zonas eleitorais, cujo prazo encerra-se em mar\u00e7o de 2018, com expectativa de atingir um eleitorado de aproximadamente 1.030.201 eleitores. O cadastramento biom\u00e9trico \u00e9 realizado de forma gratuita e o eleitor deve apresentar os seguintes documentos: * Comprovante de domic\u00edlio (original) do munic\u00edpio respectivo: conta de \u00e1gua, luz, telefone, cart\u00e3o de cr\u00e9dito, contrato de aluguel, dentre outros poss\u00edveis a crit\u00e9rio do juiz eleitoral. * Documento de identifica\u00e7\u00e3o oficial (original): carteira de identidade (RG); certid\u00e3o de nascimento ou casamento; carteira emitida pelos \u00f3rg\u00e3os criados por lei federal, ou controladores do exerc\u00edcio profissional ou carteira de trabalh0o e previd\u00eancia social (CTPS). * Os homens que j\u00e1 possuem 18 anos ou que o completar\u00e3o at\u00e9 o final de 2017 e que forem tirar o t\u00edtulo pela primeira vez dever\u00e3o apresentar o certificado de apresenta\u00e7\u00e3o ao servi\u00e7o militar. * T\u00edtulo de eleitor, se houver.\" \/>\n<meta property=\"og:url\" content=\"https:\/\/noticiasemdestaque.com\/cd\/?p=971\" \/>\n<meta property=\"og:site_name\" content=\"Not&iacute;cias em Destaque\" \/>\n<meta property=\"article:published_time\" content=\"2017-06-27T20:14:41+00:00\" \/>\n<meta property=\"article:modified_time\" content=\"2017-06-27T20:54:56+00:00\" \/>\n<meta property=\"og:image\" content=\"https:\/\/noticiasemdestaque.com\/cd\/wp-content\/uploads\/2017\/06\/0_tre_placa_de_rua_foto-walla_santos_3.jpg\" \/>\n\t<meta property=\"og:image:width\" content=\"876\" \/>\n\t<meta property=\"og:image:height\" content=\"585\" \/>\n\t<meta property=\"og:image:type\" content=\"image\/jpeg\" \/>\n<meta name=\"author\" content=\"Not\u00edcias em Destaque\" \/>\n<meta name=\"twitter:card\" content=\"summary_large_image\" \/>\n<meta name=\"twitter:label1\" content=\"Escrito por\" \/>\n\t<meta name=\"twitter:data1\" content=\"Not\u00edcias em Destaque\" \/>\n\t<meta name=\"twitter:label2\" content=\"Est. tempo de leitura\" \/>\n\t<meta name=\"twitter:data2\" content=\"2 minutos\" \/>\n<script type=\"application\/ld+json\" class=\"yoast-schema-graph\">{\"@context\":\"https:\/\/schema.org\",\"@graph\":[{\"@type\":\"Article\",\"@id\":\"https:\/\/noticiasemdestaque.com\/cd\/?p=971#article\",\"isPartOf\":{\"@id\":\"https:\/\/noticiasemdestaque.com\/cd\/?p=971\"},\"author\":{\"name\":\"Not\u00edcias em Destaque\",\"@id\":\"https:\/\/noticiasemdestaque.com\/cd\/#\/schema\/person\/45ca272b3e1246ef14ebb78a48dbb218\"},\"headline\":\"Justi\u00e7a Eleitoral da Para\u00edba convoca eleitores para cadastramento biom\u00e9trico\",\"datePublished\":\"2017-06-27T20:14:41+00:00\",\"dateModified\":\"2017-06-27T20:54:56+00:00\",\"mainEntityOfPage\":{\"@id\":\"https:\/\/noticiasemdestaque.com\/cd\/?p=971\"},\"wordCount\":449,\"publisher\":{\"@id\":\"https:\/\/noticiasemdestaque.com\/cd\/#organization\"},\"image\":{\"@id\":\"https:\/\/noticiasemdestaque.com\/cd\/?p=971#primaryimage\"},\"thumbnailUrl\":\"https:\/\/noticiasemdestaque.com\/cd\/wp-content\/uploads\/2017\/06\/0_tre_placa_de_rua_foto-walla_santos_3.jpg\",\"articleSection\":[\"Pol\u00edtica\"],\"inLanguage\":\"pt-BR\"},{\"@type\":\"WebPage\",\"@id\":\"https:\/\/noticiasemdestaque.com\/cd\/?p=971\",\"url\":\"https:\/\/noticiasemdestaque.com\/cd\/?p=971\",\"name\":\"Justi\u00e7a Eleitoral da Para\u00edba convoca eleitores para cadastramento biom\u00e9trico - Not&iacute;cias em Destaque\",\"isPartOf\":{\"@id\":\"https:\/\/noticiasemdestaque.com\/cd\/#website\"},\"primaryImageOfPage\":{\"@id\":\"https:\/\/noticiasemdestaque.com\/cd\/?p=971#primaryimage\"},\"image\":{\"@id\":\"https:\/\/noticiasemdestaque.com\/cd\/?p=971#primaryimage\"},\"thumbnailUrl\":\"https:\/\/noticiasemdestaque.com\/cd\/wp-content\/uploads\/2017\/06\/0_tre_placa_de_rua_foto-walla_santos_3.jpg\",\"datePublished\":\"2017-06-27T20:14:41+00:00\",\"dateModified\":\"2017-06-27T20:54:56+00:00\",\"breadcrumb\":{\"@id\":\"https:\/\/noticiasemdestaque.com\/cd\/?p=971#breadcrumb\"},\"inLanguage\":\"pt-BR\",\"potentialAction\":[{\"@type\":\"ReadAction\",\"target\":[\"https:\/\/noticiasemdestaque.com\/cd\/?p=971\"]}]},{\"@type\":\"ImageObject\",\"inLanguage\":\"pt-BR\",\"@id\":\"https:\/\/noticiasemdestaque.com\/cd\/?p=971#primaryimage\",\"url\":\"https:\/\/noticiasemdestaque.com\/cd\/wp-content\/uploads\/2017\/06\/0_tre_placa_de_rua_foto-walla_santos_3.jpg\",\"contentUrl\":\"https:\/\/noticiasemdestaque.com\/cd\/wp-content\/uploads\/2017\/06\/0_tre_placa_de_rua_foto-walla_santos_3.jpg\",\"width\":876,\"height\":585},{\"@type\":\"BreadcrumbList\",\"@id\":\"https:\/\/noticiasemdestaque.com\/cd\/?p=971#breadcrumb\",\"itemListElement\":[{\"@type\":\"ListItem\",\"position\":1,\"name\":\"In\u00edcio\",\"item\":\"https:\/\/noticiasemdestaque.com\/cd\/\"},{\"@type\":\"ListItem\",\"position\":2,\"name\":\"Justi\u00e7a Eleitoral da Para\u00edba convoca eleitores para cadastramento biom\u00e9trico\"}]},{\"@type\":\"WebSite\",\"@id\":\"https:\/\/noticiasemdestaque.com\/cd\/#website\",\"url\":\"https:\/\/noticiasemdestaque.com\/cd\/\",\"name\":\"Not&iacute;cias em Destaque\",\"description\":\"\",\"publisher\":{\"@id\":\"https:\/\/noticiasemdestaque.com\/cd\/#organization\"},\"potentialAction\":[{\"@type\":\"SearchAction\",\"target\":{\"@type\":\"EntryPoint\",\"urlTemplate\":\"https:\/\/noticiasemdestaque.com\/cd\/?s={search_term_string}\"},\"query-input\":{\"@type\":\"PropertyValueSpecification\",\"valueRequired\":true,\"valueName\":\"search_term_string\"}}],\"inLanguage\":\"pt-BR\"},{\"@type\":\"Organization\",\"@id\":\"https:\/\/noticiasemdestaque.com\/cd\/#organization\",\"name\":\"Not\u00edcias em Destaque\",\"url\":\"https:\/\/noticiasemdestaque.com\/cd\/\",\"logo\":{\"@type\":\"ImageObject\",\"inLanguage\":\"pt-BR\",\"@id\":\"https:\/\/noticiasemdestaque.com\/cd\/#\/schema\/logo\/image\/\",\"url\":\"https:\/\/noticiasemdestaque.com\/cd\/wp-content\/uploads\/2022\/05\/imagem-base-noticiasemdestaque.png\",\"contentUrl\":\"https:\/\/noticiasemdestaque.com\/cd\/wp-content\/uploads\/2022\/05\/imagem-base-noticiasemdestaque.png\",\"width\":1200,\"height\":630,\"caption\":\"Not\u00edcias em Destaque\"},\"image\":{\"@id\":\"https:\/\/noticiasemdestaque.com\/cd\/#\/schema\/logo\/image\/\"}},{\"@type\":\"Person\",\"@id\":\"https:\/\/noticiasemdestaque.com\/cd\/#\/schema\/person\/45ca272b3e1246ef14ebb78a48dbb218\",\"name\":\"Not\u00edcias em Destaque\",\"url\":\"https:\/\/noticiasemdestaque.com\/cd\/?author=2\"}]}<\/script>\n<!-- \/ Yoast SEO plugin. -->","yoast_head_json":{"title":"Justi\u00e7a Eleitoral da Para\u00edba convoca eleitores para cadastramento biom\u00e9trico - Not&iacute;cias em Destaque","robots":{"index":"index","follow":"follow","max-snippet":"max-snippet:-1","max-image-preview":"max-image-preview:large","max-video-preview":"max-video-preview:-1"},"canonical":"https:\/\/noticiasemdestaque.com\/cd\/?p=971","og_locale":"pt_BR","og_type":"article","og_title":"Justi\u00e7a Eleitoral da Para\u00edba convoca eleitores para cadastramento biom\u00e9trico - Not&iacute;cias em Destaque","og_description":"O Tribunal Regional Eleitoral da Para\u00edba emitiu, na manh\u00e3 desta ter\u00e7a-feira (27), uma nota convocando os eleitores paraibanos que ainda n\u00e3o realizarem o cadastro biom\u00e9trico a a comparecerem ao Cart\u00f3rio Eleitoral para efetivar a atualiza\u00e7\u00e3o do cadastro eleitoral. Confira, abaixo, a nota na \u00edntegra: &#8220;NOTA OFICIAL DA JUSTI\u00c7A ELEITORAL O Tribunal Regional Eleitoral da Para\u00edba convoca todos os eleitores do Estado que ainda n\u00e3o fizeram a sua biometria para comparecerem ao Cart\u00f3rio Eleitoral ou posto de atendimento mais pr\u00f3ximo de sua resid\u00eancia portando o seu t\u00edtulo de eleitor, comprovante de resid\u00eancia dos \u00faltimos tr\u00eas meses e documento de identifica\u00e7\u00e3o originais para atualiza\u00e7\u00e3o do seu cadastro eleitoral. O n\u00e3o comparecimento implicar\u00e1 o cancelamento do t\u00edtulo de eleitor e san\u00e7\u00f5es legais previstas no Art. 7\u00ba do C\u00f3digo Eleitoral Brasileiro, entre as quais o bloqueio no recebimento de vencimentos, remunera\u00e7\u00e3o, sal\u00e1rio ou proventos de fun\u00e7\u00e3o ou emprego p\u00fablico, impossibilidade de renova\u00e7\u00e3o de matr\u00edcula em institui\u00e7\u00f5es p\u00fablicas de ensino, obten\u00e7\u00e3o de passaporte ou carteira de identidade e outras san\u00e7\u00f5es. Consulte o endere\u00e7o do local de atendimento de sua cidade no site do TRE-PB: www.tre-pb.jus.br. Evite filas, n\u00e3o deixe para \u00faltima hora. A Justi\u00e7a Eleitoral agradece&#8221;. &nbsp; A Justi\u00e7a Eleitoral da Para\u00edba lembra, ainda, que a partir das Elei\u00e7\u00f5es 2018 todos os eleitores paraibanos ser\u00e3o identificados por meio da impress\u00e3o digital, na urna. O que ser\u00e1 poss\u00edvel devido ao processo de revis\u00e3o de eleitorado atualmente em andamento em 36 zonas eleitorais, cujo prazo encerra-se em mar\u00e7o de 2018, com expectativa de atingir um eleitorado de aproximadamente 1.030.201 eleitores. O cadastramento biom\u00e9trico \u00e9 realizado de forma gratuita e o eleitor deve apresentar os seguintes documentos: * Comprovante de domic\u00edlio (original) do munic\u00edpio respectivo: conta de \u00e1gua, luz, telefone, cart\u00e3o de cr\u00e9dito, contrato de aluguel, dentre outros poss\u00edveis a crit\u00e9rio do juiz eleitoral. * Documento de identifica\u00e7\u00e3o oficial (original): carteira de identidade (RG); certid\u00e3o de nascimento ou casamento; carteira emitida pelos \u00f3rg\u00e3os criados por lei federal, ou controladores do exerc\u00edcio profissional ou carteira de trabalh0o e previd\u00eancia social (CTPS). * Os homens que j\u00e1 possuem 18 anos ou que o completar\u00e3o at\u00e9 o final de 2017 e que forem tirar o t\u00edtulo pela primeira vez dever\u00e3o apresentar o certificado de apresenta\u00e7\u00e3o ao servi\u00e7o militar. * T\u00edtulo de eleitor, se houver.","og_url":"https:\/\/noticiasemdestaque.com\/cd\/?p=971","og_site_name":"Not&iacute;cias em Destaque","article_published_time":"2017-06-27T20:14:41+00:00","article_modified_time":"2017-06-27T20:54:56+00:00","og_image":[{"width":876,"height":585,"url":"https:\/\/noticiasemdestaque.com\/cd\/wp-content\/uploads\/2017\/06\/0_tre_placa_de_rua_foto-walla_santos_3.jpg","type":"image\/jpeg"}],"author":"Not\u00edcias em Destaque","twitter_card":"summary_large_image","twitter_misc":{"Escrito por":"Not\u00edcias em Destaque","Est. tempo de leitura":"2 minutos"},"schema":{"@context":"https:\/\/schema.org","@graph":[{"@type":"Article","@id":"https:\/\/noticiasemdestaque.com\/cd\/?p=971#article","isPartOf":{"@id":"https:\/\/noticiasemdestaque.com\/cd\/?p=971"},"author":{"name":"Not\u00edcias em Destaque","@id":"https:\/\/noticiasemdestaque.com\/cd\/#\/schema\/person\/45ca272b3e1246ef14ebb78a48dbb218"},"headline":"Justi\u00e7a Eleitoral da Para\u00edba convoca eleitores para cadastramento biom\u00e9trico","datePublished":"2017-06-27T20:14:41+00:00","dateModified":"2017-06-27T20:54:56+00:00","mainEntityOfPage":{"@id":"https:\/\/noticiasemdestaque.com\/cd\/?p=971"},"wordCount":449,"publisher":{"@id":"https:\/\/noticiasemdestaque.com\/cd\/#organization"},"image":{"@id":"https:\/\/noticiasemdestaque.com\/cd\/?p=971#primaryimage"},"thumbnailUrl":"https:\/\/noticiasemdestaque.com\/cd\/wp-content\/uploads\/2017\/06\/0_tre_placa_de_rua_foto-walla_santos_3.jpg","articleSection":["Pol\u00edtica"],"inLanguage":"pt-BR"},{"@type":"WebPage","@id":"https:\/\/noticiasemdestaque.com\/cd\/?p=971","url":"https:\/\/noticiasemdestaque.com\/cd\/?p=971","name":"Justi\u00e7a Eleitoral da Para\u00edba convoca eleitores para cadastramento biom\u00e9trico - Not&iacute;cias em Destaque","isPartOf":{"@id":"https:\/\/noticiasemdestaque.com\/cd\/#website"},"primaryImageOfPage":{"@id":"https:\/\/noticiasemdestaque.com\/cd\/?p=971#primaryimage"},"image":{"@id":"https:\/\/noticiasemdestaque.com\/cd\/?p=971#primaryimage"},"thumbnailUrl":"https:\/\/noticiasemdestaque.com\/cd\/wp-content\/uploads\/2017\/06\/0_tre_placa_de_rua_foto-walla_santos_3.jpg","datePublished":"2017-06-27T20:14:41+00:00","dateModified":"2017-06-27T20:54:56+00:00","breadcrumb":{"@id":"https:\/\/noticiasemdestaque.com\/cd\/?p=971#breadcrumb"},"inLanguage":"pt-BR","potentialAction":[{"@type":"ReadAction","target":["https:\/\/noticiasemdestaque.com\/cd\/?p=971"]}]},{"@type":"ImageObject","inLanguage":"pt-BR","@id":"https:\/\/noticiasemdestaque.com\/cd\/?p=971#primaryimage","url":"https:\/\/noticiasemdestaque.com\/cd\/wp-content\/uploads\/2017\/06\/0_tre_placa_de_rua_foto-walla_santos_3.jpg","contentUrl":"https:\/\/noticiasemdestaque.com\/cd\/wp-content\/uploads\/2017\/06\/0_tre_placa_de_rua_foto-walla_santos_3.jpg","width":876,"height":585},{"@type":"BreadcrumbList","@id":"https:\/\/noticiasemdestaque.com\/cd\/?p=971#breadcrumb","itemListElement":[{"@type":"ListItem","position":1,"name":"In\u00edcio","item":"https:\/\/noticiasemdestaque.com\/cd\/"},{"@type":"ListItem","position":2,"name":"Justi\u00e7a Eleitoral da Para\u00edba convoca eleitores para cadastramento biom\u00e9trico"}]},{"@type":"WebSite","@id":"https:\/\/noticiasemdestaque.com\/cd\/#website","url":"https:\/\/noticiasemdestaque.com\/cd\/","name":"Not&iacute;cias em Destaque","description":"","publisher":{"@id":"https:\/\/noticiasemdestaque.com\/cd\/#organization"},"potentialAction":[{"@type":"SearchAction","target":{"@type":"EntryPoint","urlTemplate":"https:\/\/noticiasemdestaque.com\/cd\/?s={search_term_string}"},"query-input":{"@type":"PropertyValueSpecification","valueRequired":true,"valueName":"search_term_string"}}],"inLanguage":"pt-BR"},{"@type":"Organization","@id":"https:\/\/noticiasemdestaque.com\/cd\/#organization","name":"Not\u00edcias em Destaque","url":"https:\/\/noticiasemdestaque.com\/cd\/","logo":{"@type":"ImageObject","inLanguage":"pt-BR","@id":"https:\/\/noticiasemdestaque.com\/cd\/#\/schema\/logo\/image\/","url":"https:\/\/noticiasemdestaque.com\/cd\/wp-content\/uploads\/2022\/05\/imagem-base-noticiasemdestaque.png","contentUrl":"https:\/\/noticiasemdestaque.com\/cd\/wp-content\/uploads\/2022\/05\/imagem-base-noticiasemdestaque.png","width":1200,"height":630,"caption":"Not\u00edcias em Destaque"},"image":{"@id":"https:\/\/noticiasemdestaque.com\/cd\/#\/schema\/logo\/image\/"}},{"@type":"Person","@id":"https:\/\/noticiasemdestaque.com\/cd\/#\/schema\/person\/45ca272b3e1246ef14ebb78a48dbb218","name":"Not\u00edcias em Destaque","url":"https:\/\/noticiasemdestaque.com\/cd\/?author=2"}]}},"jetpack_featured_media_url":"https:\/\/noticiasemdestaque.com\/cd\/wp-content\/uploads\/2017\/06\/0_tre_placa_de_rua_foto-walla_santos_3.jpg","jetpack_sharing_enabled":true,"_links":{"self":[{"href":"https:\/\/noticiasemdestaque.com\/cd\/index.php?rest_route=\/wp\/v2\/posts\/971","targetHints":{"allow":["GET"]}}],"collection":[{"href":"https:\/\/noticiasemdestaque.com\/cd\/index.php?rest_route=\/wp\/v2\/posts"}],"about":[{"href":"https:\/\/noticiasemdestaque.com\/cd\/index.php?rest_route=\/wp\/v2\/types\/post"}],"author":[{"embeddable":true,"href":"https:\/\/noticiasemdestaque.com\/cd\/index.php?rest_route=\/wp\/v2\/users\/2"}],"replies":[{"embeddable":true,"href":"https:\/\/noticiasemdestaque.com\/cd\/index.php?rest_route=%2Fwp%2Fv2%2Fcomments&post=971"}],"version-history":[{"count":1,"href":"https:\/\/noticiasemdestaque.com\/cd\/index.php?rest_route=\/wp\/v2\/posts\/971\/revisions"}],"predecessor-version":[{"id":973,"href":"https:\/\/noticiasemdestaque.com\/cd\/index.php?rest_route=\/wp\/v2\/posts\/971\/revisions\/973"}],"wp:featuredmedia":[{"embeddable":true,"href":"https:\/\/noticiasemdestaque.com\/cd\/index.php?rest_route=\/wp\/v2\/media\/972"}],"wp:attachment":[{"href":"https:\/\/noticiasemdestaque.com\/cd\/index.php?rest_route=%2Fwp%2Fv2%2Fmedia&parent=971"}],"wp:term":[{"taxonomy":"category","embeddable":true,"href":"https:\/\/noticiasemdestaque.com\/cd\/index.php?rest_route=%2Fwp%2Fv2%2Fcategories&post=971"},{"taxonomy":"post_tag","embeddable":true,"href":"https:\/\/noticiasemdestaque.com\/cd\/index.php?rest_route=%2Fwp%2Fv2%2Ftags&post=971"}],"curies":[{"name":"wp","href":"https:\/\/api.w.org\/{rel}","templated":true}]}}