{"id":9609,"date":"2018-04-26T10:39:33","date_gmt":"2018-04-26T13:39:33","guid":{"rendered":"http:\/\/caririemdestaque.com\/cd\/?p=9609"},"modified":"2018-04-26T10:39:33","modified_gmt":"2018-04-26T13:39:33","slug":"pai-deixa-chave-na-ignicao-e-crianca-morre-apos-carro-bater-em-muro","status":"publish","type":"post","link":"https:\/\/noticiasemdestaque.com\/cd\/?p=9609","title":{"rendered":"Pai deixa chave na igni\u00e7\u00e3o e crian\u00e7a morre ap\u00f3s carro bater em muro"},"content":{"rendered":"<p><a href=\"http:\/\/caririemdestaque.com\/cd\/wp-content\/uploads\/2018\/04\/t.jpg\"><img fetchpriority=\"high\" decoding=\"async\" class=\"alignnone wp-image-9610 size-full\" src=\"http:\/\/caririemdestaque.com\/cd\/wp-content\/uploads\/2018\/04\/t.jpg\" alt=\"\" width=\"800\" height=\"440\" srcset=\"https:\/\/noticiasemdestaque.com\/cd\/wp-content\/uploads\/2018\/04\/t.jpg 800w, https:\/\/noticiasemdestaque.com\/cd\/wp-content\/uploads\/2018\/04\/t-300x165.jpg 300w, https:\/\/noticiasemdestaque.com\/cd\/wp-content\/uploads\/2018\/04\/t-768x422.jpg 768w\" sizes=\"(max-width: 800px) 100vw, 800px\" \/><\/a><\/p>\n<p>Um menino de quatro anos morreu, na manh\u00e3 desta quinta-feira (26), no Hospital de Trauma Senador Humberto Lucena, em Jo\u00e3o Pessoa, devido a les\u00f5es causadas em um acidente de carro no in\u00edcio da noite dessa quarta (25), em Guarabira, no Agreste.<\/p>\n<p>Segundo apura\u00e7\u00e3o da R\u00e1dio Guarabira FM, da Rede Correio , o pai da crian\u00e7a a levou para o local onde trabalha e a deixou sozinha no ve\u00edculo particular, enquanto ele guardava o caminh\u00e3o da empresa. O homem, por\u00e9m, esqueceu a chave na igni\u00e7\u00e3o. No per\u00edodo em que esteve sozinha, a crian\u00e7a mexeu na chave e o ve\u00edculo partiu sem controle. O carro acabou colidindo de frente com o muro da empresa.<\/p>\n<p>A crian\u00e7a foi socorrida inicialmente para a Unidade de Pronto Atendimento (UPA) de Guarabira, mas precisou ser entubada e transferida para um centro de sa\u00fade mais avan\u00e7ado. A assessoria de comunica\u00e7\u00e3o do Hospital de Emerg\u00eancia e Trauma da Capital confirmou que a crian\u00e7a n\u00e3o resistiu aos ferimentos e morreu na manh\u00e3 desta quinta.<\/p>\n<p>O Portal Correio tentou contato com a Pol\u00edcia Civil para saber como o caso ser\u00e1 tratado, mas as liga\u00e7\u00f5es n\u00e3o foram atendidas.<\/p>\n<p><strong><em>Cariri em Destaque<\/em><\/strong><\/p>\n<p>Com EBC<\/p>\n","protected":false},"excerpt":{"rendered":"<p>Um menino de quatro anos morreu, na manh\u00e3 desta quinta-feira (26), no Hospital de Trauma Senador Humberto Lucena, em Jo\u00e3o Pessoa, devido a les\u00f5es causadas em um acidente de carro no in\u00edcio da noite dessa quarta (25), em Guarabira, no Agreste. Segundo apura\u00e7\u00e3o da R\u00e1dio Guarabira FM, da Rede Correio , o pai da crian\u00e7a a levou para o local onde trabalha e a deixou sozinha no ve\u00edculo particular, enquanto ele guardava o caminh\u00e3o da empresa. O homem, por\u00e9m, esqueceu a chave na igni\u00e7\u00e3o. No per\u00edodo em que esteve sozinha, a crian\u00e7a mexeu na chave e o ve\u00edculo partiu sem controle. O carro acabou colidindo de frente com o muro da empresa. A crian\u00e7a foi socorrida inicialmente para a Unidade de Pronto Atendimento (UPA) de Guarabira, mas precisou ser entubada e transferida para um centro de sa\u00fade mais avan\u00e7ado. A assessoria de comunica\u00e7\u00e3o do Hospital de Emerg\u00eancia e Trauma da Capital confirmou que a crian\u00e7a n\u00e3o resistiu aos ferimentos e morreu na manh\u00e3 desta quinta. O Portal Correio tentou contato com a Pol\u00edcia Civil para saber como o caso ser\u00e1 tratado, mas as liga\u00e7\u00f5es n\u00e3o foram atendidas. Cariri em Destaque Com EBC<\/p>\n","protected":false},"author":2,"featured_media":9610,"comment_status":"closed","ping_status":"open","sticky":false,"template":"","format":"standard","meta":{"_eb_attr":"","_jetpack_memberships_contains_paid_content":false,"footnotes":""},"categories":[1],"tags":[],"class_list":["post-9609","post","type-post","status-publish","format-standard","has-post-thumbnail","hentry","category-uncategorized"],"yoast_head":"<!-- This site is optimized with the Yoast SEO plugin v26.5 - https:\/\/yoast.com\/wordpress\/plugins\/seo\/ -->\n<title>Pai deixa chave na igni\u00e7\u00e3o e crian\u00e7a morre ap\u00f3s carro bater em muro - Not&iacute;cias em Destaque<\/title>\n<meta name=\"robots\" content=\"index, follow, max-snippet:-1, max-image-preview:large, max-video-preview:-1\" \/>\n<link rel=\"canonical\" href=\"https:\/\/noticiasemdestaque.com\/cd\/?p=9609\" \/>\n<meta property=\"og:locale\" content=\"pt_BR\" \/>\n<meta property=\"og:type\" content=\"article\" \/>\n<meta property=\"og:title\" content=\"Pai deixa chave na igni\u00e7\u00e3o e crian\u00e7a morre ap\u00f3s carro bater em muro - Not&iacute;cias em Destaque\" \/>\n<meta property=\"og:description\" content=\"Um menino de quatro anos morreu, na manh\u00e3 desta quinta-feira (26), no Hospital de Trauma Senador Humberto Lucena, em Jo\u00e3o Pessoa, devido a les\u00f5es causadas em um acidente de carro no in\u00edcio da noite dessa quarta (25), em Guarabira, no Agreste. Segundo apura\u00e7\u00e3o da R\u00e1dio Guarabira FM, da Rede Correio , o pai da crian\u00e7a a levou para o local onde trabalha e a deixou sozinha no ve\u00edculo particular, enquanto ele guardava o caminh\u00e3o da empresa. O homem, por\u00e9m, esqueceu a chave na igni\u00e7\u00e3o. No per\u00edodo em que esteve sozinha, a crian\u00e7a mexeu na chave e o ve\u00edculo partiu sem controle. O carro acabou colidindo de frente com o muro da empresa. A crian\u00e7a foi socorrida inicialmente para a Unidade de Pronto Atendimento (UPA) de Guarabira, mas precisou ser entubada e transferida para um centro de sa\u00fade mais avan\u00e7ado. A assessoria de comunica\u00e7\u00e3o do Hospital de Emerg\u00eancia e Trauma da Capital confirmou que a crian\u00e7a n\u00e3o resistiu aos ferimentos e morreu na manh\u00e3 desta quinta. O Portal Correio tentou contato com a Pol\u00edcia Civil para saber como o caso ser\u00e1 tratado, mas as liga\u00e7\u00f5es n\u00e3o foram atendidas. Cariri em Destaque Com EBC\" \/>\n<meta property=\"og:url\" content=\"https:\/\/noticiasemdestaque.com\/cd\/?p=9609\" \/>\n<meta property=\"og:site_name\" content=\"Not&iacute;cias em Destaque\" \/>\n<meta property=\"article:published_time\" content=\"2018-04-26T13:39:33+00:00\" \/>\n<meta property=\"og:image\" content=\"https:\/\/noticiasemdestaque.com\/cd\/wp-content\/uploads\/2018\/04\/t.jpg\" \/>\n\t<meta property=\"og:image:width\" content=\"800\" \/>\n\t<meta property=\"og:image:height\" content=\"440\" \/>\n\t<meta property=\"og:image:type\" content=\"image\/jpeg\" \/>\n<meta name=\"author\" content=\"Not\u00edcias em Destaque\" \/>\n<meta name=\"twitter:card\" content=\"summary_large_image\" \/>\n<meta name=\"twitter:label1\" content=\"Escrito por\" \/>\n\t<meta name=\"twitter:data1\" content=\"Not\u00edcias em Destaque\" \/>\n\t<meta name=\"twitter:label2\" content=\"Est. tempo de leitura\" \/>\n\t<meta name=\"twitter:data2\" content=\"1 minuto\" \/>\n<script type=\"application\/ld+json\" class=\"yoast-schema-graph\">{\"@context\":\"https:\/\/schema.org\",\"@graph\":[{\"@type\":\"Article\",\"@id\":\"https:\/\/noticiasemdestaque.com\/cd\/?p=9609#article\",\"isPartOf\":{\"@id\":\"https:\/\/noticiasemdestaque.com\/cd\/?p=9609\"},\"author\":{\"name\":\"Not\u00edcias em Destaque\",\"@id\":\"https:\/\/noticiasemdestaque.com\/cd\/#\/schema\/person\/47f7d4f55eec17c6b2ca036c5500f6ce\"},\"headline\":\"Pai deixa chave na igni\u00e7\u00e3o e crian\u00e7a morre ap\u00f3s carro bater em muro\",\"datePublished\":\"2018-04-26T13:39:33+00:00\",\"mainEntityOfPage\":{\"@id\":\"https:\/\/noticiasemdestaque.com\/cd\/?p=9609\"},\"wordCount\":228,\"publisher\":{\"@id\":\"https:\/\/noticiasemdestaque.com\/cd\/#organization\"},\"image\":{\"@id\":\"https:\/\/noticiasemdestaque.com\/cd\/?p=9609#primaryimage\"},\"thumbnailUrl\":\"https:\/\/noticiasemdestaque.com\/cd\/wp-content\/uploads\/2018\/04\/t.jpg\",\"articleSection\":[\"Uncategorized\"],\"inLanguage\":\"pt-BR\"},{\"@type\":\"WebPage\",\"@id\":\"https:\/\/noticiasemdestaque.com\/cd\/?p=9609\",\"url\":\"https:\/\/noticiasemdestaque.com\/cd\/?p=9609\",\"name\":\"Pai deixa chave na igni\u00e7\u00e3o e crian\u00e7a morre ap\u00f3s carro bater em muro - Not&iacute;cias em Destaque\",\"isPartOf\":{\"@id\":\"https:\/\/noticiasemdestaque.com\/cd\/#website\"},\"primaryImageOfPage\":{\"@id\":\"https:\/\/noticiasemdestaque.com\/cd\/?p=9609#primaryimage\"},\"image\":{\"@id\":\"https:\/\/noticiasemdestaque.com\/cd\/?p=9609#primaryimage\"},\"thumbnailUrl\":\"https:\/\/noticiasemdestaque.com\/cd\/wp-content\/uploads\/2018\/04\/t.jpg\",\"datePublished\":\"2018-04-26T13:39:33+00:00\",\"breadcrumb\":{\"@id\":\"https:\/\/noticiasemdestaque.com\/cd\/?p=9609#breadcrumb\"},\"inLanguage\":\"pt-BR\",\"potentialAction\":[{\"@type\":\"ReadAction\",\"target\":[\"https:\/\/noticiasemdestaque.com\/cd\/?p=9609\"]}]},{\"@type\":\"ImageObject\",\"inLanguage\":\"pt-BR\",\"@id\":\"https:\/\/noticiasemdestaque.com\/cd\/?p=9609#primaryimage\",\"url\":\"https:\/\/noticiasemdestaque.com\/cd\/wp-content\/uploads\/2018\/04\/t.jpg\",\"contentUrl\":\"https:\/\/noticiasemdestaque.com\/cd\/wp-content\/uploads\/2018\/04\/t.jpg\",\"width\":800,\"height\":440},{\"@type\":\"BreadcrumbList\",\"@id\":\"https:\/\/noticiasemdestaque.com\/cd\/?p=9609#breadcrumb\",\"itemListElement\":[{\"@type\":\"ListItem\",\"position\":1,\"name\":\"In\u00edcio\",\"item\":\"https:\/\/noticiasemdestaque.com\/cd\/\"},{\"@type\":\"ListItem\",\"position\":2,\"name\":\"Pai deixa chave na igni\u00e7\u00e3o e crian\u00e7a morre ap\u00f3s carro bater em muro\"}]},{\"@type\":\"WebSite\",\"@id\":\"https:\/\/noticiasemdestaque.com\/cd\/#website\",\"url\":\"https:\/\/noticiasemdestaque.com\/cd\/\",\"name\":\"Not&iacute;cias em Destaque\",\"description\":\"\",\"publisher\":{\"@id\":\"https:\/\/noticiasemdestaque.com\/cd\/#organization\"},\"potentialAction\":[{\"@type\":\"SearchAction\",\"target\":{\"@type\":\"EntryPoint\",\"urlTemplate\":\"https:\/\/noticiasemdestaque.com\/cd\/?s={search_term_string}\"},\"query-input\":{\"@type\":\"PropertyValueSpecification\",\"valueRequired\":true,\"valueName\":\"search_term_string\"}}],\"inLanguage\":\"pt-BR\"},{\"@type\":\"Organization\",\"@id\":\"https:\/\/noticiasemdestaque.com\/cd\/#organization\",\"name\":\"Not\u00edcias em Destaque\",\"url\":\"https:\/\/noticiasemdestaque.com\/cd\/\",\"logo\":{\"@type\":\"ImageObject\",\"inLanguage\":\"pt-BR\",\"@id\":\"https:\/\/noticiasemdestaque.com\/cd\/#\/schema\/logo\/image\/\",\"url\":\"https:\/\/noticiasemdestaque.com\/cd\/wp-content\/uploads\/2022\/05\/imagem-base-noticiasemdestaque.png\",\"contentUrl\":\"https:\/\/noticiasemdestaque.com\/cd\/wp-content\/uploads\/2022\/05\/imagem-base-noticiasemdestaque.png\",\"width\":1200,\"height\":630,\"caption\":\"Not\u00edcias em Destaque\"},\"image\":{\"@id\":\"https:\/\/noticiasemdestaque.com\/cd\/#\/schema\/logo\/image\/\"}},{\"@type\":\"Person\",\"@id\":\"https:\/\/noticiasemdestaque.com\/cd\/#\/schema\/person\/47f7d4f55eec17c6b2ca036c5500f6ce\",\"name\":\"Not\u00edcias em Destaque\",\"url\":\"https:\/\/noticiasemdestaque.com\/cd\/?author=2\"}]}<\/script>\n<!-- \/ Yoast SEO plugin. -->","yoast_head_json":{"title":"Pai deixa chave na igni\u00e7\u00e3o e crian\u00e7a morre ap\u00f3s carro bater em muro - Not&iacute;cias em Destaque","robots":{"index":"index","follow":"follow","max-snippet":"max-snippet:-1","max-image-preview":"max-image-preview:large","max-video-preview":"max-video-preview:-1"},"canonical":"https:\/\/noticiasemdestaque.com\/cd\/?p=9609","og_locale":"pt_BR","og_type":"article","og_title":"Pai deixa chave na igni\u00e7\u00e3o e crian\u00e7a morre ap\u00f3s carro bater em muro - Not&iacute;cias em Destaque","og_description":"Um menino de quatro anos morreu, na manh\u00e3 desta quinta-feira (26), no Hospital de Trauma Senador Humberto Lucena, em Jo\u00e3o Pessoa, devido a les\u00f5es causadas em um acidente de carro no in\u00edcio da noite dessa quarta (25), em Guarabira, no Agreste. Segundo apura\u00e7\u00e3o da R\u00e1dio Guarabira FM, da Rede Correio , o pai da crian\u00e7a a levou para o local onde trabalha e a deixou sozinha no ve\u00edculo particular, enquanto ele guardava o caminh\u00e3o da empresa. O homem, por\u00e9m, esqueceu a chave na igni\u00e7\u00e3o. No per\u00edodo em que esteve sozinha, a crian\u00e7a mexeu na chave e o ve\u00edculo partiu sem controle. O carro acabou colidindo de frente com o muro da empresa. A crian\u00e7a foi socorrida inicialmente para a Unidade de Pronto Atendimento (UPA) de Guarabira, mas precisou ser entubada e transferida para um centro de sa\u00fade mais avan\u00e7ado. A assessoria de comunica\u00e7\u00e3o do Hospital de Emerg\u00eancia e Trauma da Capital confirmou que a crian\u00e7a n\u00e3o resistiu aos ferimentos e morreu na manh\u00e3 desta quinta. O Portal Correio tentou contato com a Pol\u00edcia Civil para saber como o caso ser\u00e1 tratado, mas as liga\u00e7\u00f5es n\u00e3o foram atendidas. Cariri em Destaque Com EBC","og_url":"https:\/\/noticiasemdestaque.com\/cd\/?p=9609","og_site_name":"Not&iacute;cias em Destaque","article_published_time":"2018-04-26T13:39:33+00:00","og_image":[{"width":800,"height":440,"url":"https:\/\/noticiasemdestaque.com\/cd\/wp-content\/uploads\/2018\/04\/t.jpg","type":"image\/jpeg"}],"author":"Not\u00edcias em Destaque","twitter_card":"summary_large_image","twitter_misc":{"Escrito por":"Not\u00edcias em Destaque","Est. tempo de leitura":"1 minuto"},"schema":{"@context":"https:\/\/schema.org","@graph":[{"@type":"Article","@id":"https:\/\/noticiasemdestaque.com\/cd\/?p=9609#article","isPartOf":{"@id":"https:\/\/noticiasemdestaque.com\/cd\/?p=9609"},"author":{"name":"Not\u00edcias em Destaque","@id":"https:\/\/noticiasemdestaque.com\/cd\/#\/schema\/person\/47f7d4f55eec17c6b2ca036c5500f6ce"},"headline":"Pai deixa chave na igni\u00e7\u00e3o e crian\u00e7a morre ap\u00f3s carro bater em muro","datePublished":"2018-04-26T13:39:33+00:00","mainEntityOfPage":{"@id":"https:\/\/noticiasemdestaque.com\/cd\/?p=9609"},"wordCount":228,"publisher":{"@id":"https:\/\/noticiasemdestaque.com\/cd\/#organization"},"image":{"@id":"https:\/\/noticiasemdestaque.com\/cd\/?p=9609#primaryimage"},"thumbnailUrl":"https:\/\/noticiasemdestaque.com\/cd\/wp-content\/uploads\/2018\/04\/t.jpg","articleSection":["Uncategorized"],"inLanguage":"pt-BR"},{"@type":"WebPage","@id":"https:\/\/noticiasemdestaque.com\/cd\/?p=9609","url":"https:\/\/noticiasemdestaque.com\/cd\/?p=9609","name":"Pai deixa chave na igni\u00e7\u00e3o e crian\u00e7a morre ap\u00f3s carro bater em muro - Not&iacute;cias em Destaque","isPartOf":{"@id":"https:\/\/noticiasemdestaque.com\/cd\/#website"},"primaryImageOfPage":{"@id":"https:\/\/noticiasemdestaque.com\/cd\/?p=9609#primaryimage"},"image":{"@id":"https:\/\/noticiasemdestaque.com\/cd\/?p=9609#primaryimage"},"thumbnailUrl":"https:\/\/noticiasemdestaque.com\/cd\/wp-content\/uploads\/2018\/04\/t.jpg","datePublished":"2018-04-26T13:39:33+00:00","breadcrumb":{"@id":"https:\/\/noticiasemdestaque.com\/cd\/?p=9609#breadcrumb"},"inLanguage":"pt-BR","potentialAction":[{"@type":"ReadAction","target":["https:\/\/noticiasemdestaque.com\/cd\/?p=9609"]}]},{"@type":"ImageObject","inLanguage":"pt-BR","@id":"https:\/\/noticiasemdestaque.com\/cd\/?p=9609#primaryimage","url":"https:\/\/noticiasemdestaque.com\/cd\/wp-content\/uploads\/2018\/04\/t.jpg","contentUrl":"https:\/\/noticiasemdestaque.com\/cd\/wp-content\/uploads\/2018\/04\/t.jpg","width":800,"height":440},{"@type":"BreadcrumbList","@id":"https:\/\/noticiasemdestaque.com\/cd\/?p=9609#breadcrumb","itemListElement":[{"@type":"ListItem","position":1,"name":"In\u00edcio","item":"https:\/\/noticiasemdestaque.com\/cd\/"},{"@type":"ListItem","position":2,"name":"Pai deixa chave na igni\u00e7\u00e3o e crian\u00e7a morre ap\u00f3s carro bater em muro"}]},{"@type":"WebSite","@id":"https:\/\/noticiasemdestaque.com\/cd\/#website","url":"https:\/\/noticiasemdestaque.com\/cd\/","name":"Not&iacute;cias em Destaque","description":"","publisher":{"@id":"https:\/\/noticiasemdestaque.com\/cd\/#organization"},"potentialAction":[{"@type":"SearchAction","target":{"@type":"EntryPoint","urlTemplate":"https:\/\/noticiasemdestaque.com\/cd\/?s={search_term_string}"},"query-input":{"@type":"PropertyValueSpecification","valueRequired":true,"valueName":"search_term_string"}}],"inLanguage":"pt-BR"},{"@type":"Organization","@id":"https:\/\/noticiasemdestaque.com\/cd\/#organization","name":"Not\u00edcias em Destaque","url":"https:\/\/noticiasemdestaque.com\/cd\/","logo":{"@type":"ImageObject","inLanguage":"pt-BR","@id":"https:\/\/noticiasemdestaque.com\/cd\/#\/schema\/logo\/image\/","url":"https:\/\/noticiasemdestaque.com\/cd\/wp-content\/uploads\/2022\/05\/imagem-base-noticiasemdestaque.png","contentUrl":"https:\/\/noticiasemdestaque.com\/cd\/wp-content\/uploads\/2022\/05\/imagem-base-noticiasemdestaque.png","width":1200,"height":630,"caption":"Not\u00edcias em Destaque"},"image":{"@id":"https:\/\/noticiasemdestaque.com\/cd\/#\/schema\/logo\/image\/"}},{"@type":"Person","@id":"https:\/\/noticiasemdestaque.com\/cd\/#\/schema\/person\/47f7d4f55eec17c6b2ca036c5500f6ce","name":"Not\u00edcias em Destaque","url":"https:\/\/noticiasemdestaque.com\/cd\/?author=2"}]}},"jetpack_featured_media_url":"https:\/\/noticiasemdestaque.com\/cd\/wp-content\/uploads\/2018\/04\/t.jpg","jetpack_sharing_enabled":true,"_links":{"self":[{"href":"https:\/\/noticiasemdestaque.com\/cd\/index.php?rest_route=\/wp\/v2\/posts\/9609","targetHints":{"allow":["GET"]}}],"collection":[{"href":"https:\/\/noticiasemdestaque.com\/cd\/index.php?rest_route=\/wp\/v2\/posts"}],"about":[{"href":"https:\/\/noticiasemdestaque.com\/cd\/index.php?rest_route=\/wp\/v2\/types\/post"}],"author":[{"embeddable":true,"href":"https:\/\/noticiasemdestaque.com\/cd\/index.php?rest_route=\/wp\/v2\/users\/2"}],"replies":[{"embeddable":true,"href":"https:\/\/noticiasemdestaque.com\/cd\/index.php?rest_route=%2Fwp%2Fv2%2Fcomments&post=9609"}],"version-history":[{"count":1,"href":"https:\/\/noticiasemdestaque.com\/cd\/index.php?rest_route=\/wp\/v2\/posts\/9609\/revisions"}],"predecessor-version":[{"id":9611,"href":"https:\/\/noticiasemdestaque.com\/cd\/index.php?rest_route=\/wp\/v2\/posts\/9609\/revisions\/9611"}],"wp:featuredmedia":[{"embeddable":true,"href":"https:\/\/noticiasemdestaque.com\/cd\/index.php?rest_route=\/wp\/v2\/media\/9610"}],"wp:attachment":[{"href":"https:\/\/noticiasemdestaque.com\/cd\/index.php?rest_route=%2Fwp%2Fv2%2Fmedia&parent=9609"}],"wp:term":[{"taxonomy":"category","embeddable":true,"href":"https:\/\/noticiasemdestaque.com\/cd\/index.php?rest_route=%2Fwp%2Fv2%2Fcategories&post=9609"},{"taxonomy":"post_tag","embeddable":true,"href":"https:\/\/noticiasemdestaque.com\/cd\/index.php?rest_route=%2Fwp%2Fv2%2Ftags&post=9609"}],"curies":[{"name":"wp","href":"https:\/\/api.w.org\/{rel}","templated":true}]}}