{"id":951,"date":"2017-06-27T16:52:01","date_gmt":"2017-06-27T19:52:01","guid":{"rendered":"http:\/\/caririemdestaque.com\/cd\/?p=951"},"modified":"2017-06-27T16:52:01","modified_gmt":"2017-06-27T19:52:01","slug":"secretaria-de-assistencia-social-de-serra-branca-oferta-20-vagas-para-curso-profissionalizante-de-vendedor","status":"publish","type":"post","link":"https:\/\/noticiasemdestaque.com\/cd\/?p=951","title":{"rendered":"Secretaria de Assist\u00eancia Social de Serra Branca oferta 20 vagas para curso profissionalizante de vendedor"},"content":{"rendered":"<p><a href=\"http:\/\/caririemdestaque.com\/cd\/wp-content\/uploads\/2017\/06\/curso-vendedor-senac-gratuito-2.jpg\"><img fetchpriority=\"high\" decoding=\"async\" class=\"size-medium wp-image-953 alignleft\" src=\"http:\/\/caririemdestaque.com\/cd\/wp-content\/uploads\/2017\/06\/curso-vendedor-senac-gratuito-2-300x171.jpg\" alt=\"\" width=\"300\" height=\"171\" srcset=\"https:\/\/noticiasemdestaque.com\/cd\/wp-content\/uploads\/2017\/06\/curso-vendedor-senac-gratuito-2-300x171.jpg 300w, https:\/\/noticiasemdestaque.com\/cd\/wp-content\/uploads\/2017\/06\/curso-vendedor-senac-gratuito-2.jpg 425w\" sizes=\"(max-width: 300px) 100vw, 300px\" \/><\/a>A prefeitura municipal de Serra Branca, atrav\u00e9s da Secretaria de Assist\u00eancia Social, e o SENAC est\u00e3o ofertando 20 vagas para o curso profissionalizante de vendedor.<\/p>\n<p>As inscri\u00e7\u00f5es ser\u00e3o realizadas no dia 5 de julho, \u00e0s 8h00, na secret\u00e1ria de Assist\u00eancia Social, localizada na Rua Jos\u00e9 Morais de Silva, 06 \u2013 Centro de Serra Branca.<\/p>\n<p>Para realizar as inscri\u00e7\u00f5es os interessados devem se dirigir a secretaria com os seguintes documentos: C\u00f3pias do RG, CPF, comprovante de resid\u00eancia e comprovante de escolaridade.<\/p>\n<p>Os requisitos para realizar a inscri\u00e7\u00e3o \u00e9 ser maior de 15 anos e a escolaridade m\u00ednima \u00e9 Ensino fundamental incompleto.<\/p>\n<p>O curso est\u00e1 programado para ser iniciado no dia 8 de agosto, no per\u00edodo da noite, e tem uma carga hor\u00e1ria de 160 horas.<\/p>\n<p>Cariri em Destaque<\/p>\n<p>Fonte: de olho no cariri<\/p>\n","protected":false},"excerpt":{"rendered":"<p>A prefeitura municipal de Serra Branca, atrav\u00e9s da Secretaria de Assist\u00eancia Social, e o SENAC est\u00e3o ofertando 20 vagas para o curso profissionalizante de vendedor. As inscri\u00e7\u00f5es ser\u00e3o realizadas no dia 5 de julho, \u00e0s 8h00, na secret\u00e1ria de Assist\u00eancia Social, localizada na Rua Jos\u00e9 Morais de Silva, 06 \u2013 Centro de Serra Branca. Para realizar as inscri\u00e7\u00f5es os interessados devem se dirigir a secretaria com os seguintes documentos: C\u00f3pias do RG, CPF, comprovante de resid\u00eancia e comprovante de escolaridade. Os requisitos para realizar a inscri\u00e7\u00e3o \u00e9 ser maior de 15 anos e a escolaridade m\u00ednima \u00e9 Ensino fundamental incompleto. O curso est\u00e1 programado para ser iniciado no dia 8 de agosto, no per\u00edodo da noite, e tem uma carga hor\u00e1ria de 160 horas. Cariri em Destaque Fonte: de olho no cariri<\/p>\n","protected":false},"author":2,"featured_media":953,"comment_status":"closed","ping_status":"open","sticky":false,"template":"","format":"standard","meta":{"_eb_attr":"","_jetpack_memberships_contains_paid_content":false,"footnotes":""},"categories":[3],"tags":[],"class_list":["post-951","post","type-post","status-publish","format-standard","has-post-thumbnail","hentry","category-cidades"],"yoast_head":"<!-- This site is optimized with the Yoast SEO plugin v26.5 - https:\/\/yoast.com\/wordpress\/plugins\/seo\/ -->\n<title>Secretaria de Assist\u00eancia Social de Serra Branca oferta 20 vagas para curso profissionalizante de vendedor - Not&iacute;cias em Destaque<\/title>\n<meta name=\"robots\" content=\"index, follow, max-snippet:-1, max-image-preview:large, max-video-preview:-1\" \/>\n<link rel=\"canonical\" href=\"https:\/\/noticiasemdestaque.com\/cd\/?p=951\" \/>\n<meta property=\"og:locale\" content=\"pt_BR\" \/>\n<meta property=\"og:type\" content=\"article\" \/>\n<meta property=\"og:title\" content=\"Secretaria de Assist\u00eancia Social de Serra Branca oferta 20 vagas para curso profissionalizante de vendedor - Not&iacute;cias em Destaque\" \/>\n<meta property=\"og:description\" content=\"A prefeitura municipal de Serra Branca, atrav\u00e9s da Secretaria de Assist\u00eancia Social, e o SENAC est\u00e3o ofertando 20 vagas para o curso profissionalizante de vendedor. As inscri\u00e7\u00f5es ser\u00e3o realizadas no dia 5 de julho, \u00e0s 8h00, na secret\u00e1ria de Assist\u00eancia Social, localizada na Rua Jos\u00e9 Morais de Silva, 06 \u2013 Centro de Serra Branca. Para realizar as inscri\u00e7\u00f5es os interessados devem se dirigir a secretaria com os seguintes documentos: C\u00f3pias do RG, CPF, comprovante de resid\u00eancia e comprovante de escolaridade. Os requisitos para realizar a inscri\u00e7\u00e3o \u00e9 ser maior de 15 anos e a escolaridade m\u00ednima \u00e9 Ensino fundamental incompleto. O curso est\u00e1 programado para ser iniciado no dia 8 de agosto, no per\u00edodo da noite, e tem uma carga hor\u00e1ria de 160 horas. Cariri em Destaque Fonte: de olho no cariri\" \/>\n<meta property=\"og:url\" content=\"https:\/\/noticiasemdestaque.com\/cd\/?p=951\" \/>\n<meta property=\"og:site_name\" content=\"Not&iacute;cias em Destaque\" \/>\n<meta property=\"article:published_time\" content=\"2017-06-27T19:52:01+00:00\" \/>\n<meta property=\"og:image\" content=\"https:\/\/noticiasemdestaque.com\/cd\/wp-content\/uploads\/2017\/06\/curso-vendedor-senac-gratuito-2.jpg\" \/>\n\t<meta property=\"og:image:width\" content=\"425\" \/>\n\t<meta property=\"og:image:height\" content=\"242\" \/>\n\t<meta property=\"og:image:type\" content=\"image\/jpeg\" \/>\n<meta name=\"author\" content=\"Not\u00edcias em Destaque\" \/>\n<meta name=\"twitter:card\" content=\"summary_large_image\" \/>\n<meta name=\"twitter:label1\" content=\"Escrito por\" \/>\n\t<meta name=\"twitter:data1\" content=\"Not\u00edcias em Destaque\" \/>\n\t<meta name=\"twitter:label2\" content=\"Est. tempo de leitura\" \/>\n\t<meta name=\"twitter:data2\" content=\"1 minuto\" \/>\n<script type=\"application\/ld+json\" class=\"yoast-schema-graph\">{\"@context\":\"https:\/\/schema.org\",\"@graph\":[{\"@type\":\"Article\",\"@id\":\"https:\/\/noticiasemdestaque.com\/cd\/?p=951#article\",\"isPartOf\":{\"@id\":\"https:\/\/noticiasemdestaque.com\/cd\/?p=951\"},\"author\":{\"name\":\"Not\u00edcias em Destaque\",\"@id\":\"https:\/\/noticiasemdestaque.com\/cd\/#\/schema\/person\/45ca272b3e1246ef14ebb78a48dbb218\"},\"headline\":\"Secretaria de Assist\u00eancia Social de Serra Branca oferta 20 vagas para curso profissionalizante de vendedor\",\"datePublished\":\"2017-06-27T19:52:01+00:00\",\"mainEntityOfPage\":{\"@id\":\"https:\/\/noticiasemdestaque.com\/cd\/?p=951\"},\"wordCount\":152,\"publisher\":{\"@id\":\"https:\/\/noticiasemdestaque.com\/cd\/#organization\"},\"image\":{\"@id\":\"https:\/\/noticiasemdestaque.com\/cd\/?p=951#primaryimage\"},\"thumbnailUrl\":\"https:\/\/noticiasemdestaque.com\/cd\/wp-content\/uploads\/2017\/06\/curso-vendedor-senac-gratuito-2.jpg\",\"articleSection\":[\"Cidades\"],\"inLanguage\":\"pt-BR\"},{\"@type\":\"WebPage\",\"@id\":\"https:\/\/noticiasemdestaque.com\/cd\/?p=951\",\"url\":\"https:\/\/noticiasemdestaque.com\/cd\/?p=951\",\"name\":\"Secretaria de Assist\u00eancia Social de Serra Branca oferta 20 vagas para curso profissionalizante de vendedor - Not&iacute;cias em Destaque\",\"isPartOf\":{\"@id\":\"https:\/\/noticiasemdestaque.com\/cd\/#website\"},\"primaryImageOfPage\":{\"@id\":\"https:\/\/noticiasemdestaque.com\/cd\/?p=951#primaryimage\"},\"image\":{\"@id\":\"https:\/\/noticiasemdestaque.com\/cd\/?p=951#primaryimage\"},\"thumbnailUrl\":\"https:\/\/noticiasemdestaque.com\/cd\/wp-content\/uploads\/2017\/06\/curso-vendedor-senac-gratuito-2.jpg\",\"datePublished\":\"2017-06-27T19:52:01+00:00\",\"breadcrumb\":{\"@id\":\"https:\/\/noticiasemdestaque.com\/cd\/?p=951#breadcrumb\"},\"inLanguage\":\"pt-BR\",\"potentialAction\":[{\"@type\":\"ReadAction\",\"target\":[\"https:\/\/noticiasemdestaque.com\/cd\/?p=951\"]}]},{\"@type\":\"ImageObject\",\"inLanguage\":\"pt-BR\",\"@id\":\"https:\/\/noticiasemdestaque.com\/cd\/?p=951#primaryimage\",\"url\":\"https:\/\/noticiasemdestaque.com\/cd\/wp-content\/uploads\/2017\/06\/curso-vendedor-senac-gratuito-2.jpg\",\"contentUrl\":\"https:\/\/noticiasemdestaque.com\/cd\/wp-content\/uploads\/2017\/06\/curso-vendedor-senac-gratuito-2.jpg\",\"width\":425,\"height\":242},{\"@type\":\"BreadcrumbList\",\"@id\":\"https:\/\/noticiasemdestaque.com\/cd\/?p=951#breadcrumb\",\"itemListElement\":[{\"@type\":\"ListItem\",\"position\":1,\"name\":\"In\u00edcio\",\"item\":\"https:\/\/noticiasemdestaque.com\/cd\/\"},{\"@type\":\"ListItem\",\"position\":2,\"name\":\"Secretaria de Assist\u00eancia Social de Serra Branca oferta 20 vagas para curso profissionalizante de vendedor\"}]},{\"@type\":\"WebSite\",\"@id\":\"https:\/\/noticiasemdestaque.com\/cd\/#website\",\"url\":\"https:\/\/noticiasemdestaque.com\/cd\/\",\"name\":\"Not&iacute;cias em Destaque\",\"description\":\"\",\"publisher\":{\"@id\":\"https:\/\/noticiasemdestaque.com\/cd\/#organization\"},\"potentialAction\":[{\"@type\":\"SearchAction\",\"target\":{\"@type\":\"EntryPoint\",\"urlTemplate\":\"https:\/\/noticiasemdestaque.com\/cd\/?s={search_term_string}\"},\"query-input\":{\"@type\":\"PropertyValueSpecification\",\"valueRequired\":true,\"valueName\":\"search_term_string\"}}],\"inLanguage\":\"pt-BR\"},{\"@type\":\"Organization\",\"@id\":\"https:\/\/noticiasemdestaque.com\/cd\/#organization\",\"name\":\"Not\u00edcias em Destaque\",\"url\":\"https:\/\/noticiasemdestaque.com\/cd\/\",\"logo\":{\"@type\":\"ImageObject\",\"inLanguage\":\"pt-BR\",\"@id\":\"https:\/\/noticiasemdestaque.com\/cd\/#\/schema\/logo\/image\/\",\"url\":\"https:\/\/noticiasemdestaque.com\/cd\/wp-content\/uploads\/2022\/05\/imagem-base-noticiasemdestaque.png\",\"contentUrl\":\"https:\/\/noticiasemdestaque.com\/cd\/wp-content\/uploads\/2022\/05\/imagem-base-noticiasemdestaque.png\",\"width\":1200,\"height\":630,\"caption\":\"Not\u00edcias em Destaque\"},\"image\":{\"@id\":\"https:\/\/noticiasemdestaque.com\/cd\/#\/schema\/logo\/image\/\"}},{\"@type\":\"Person\",\"@id\":\"https:\/\/noticiasemdestaque.com\/cd\/#\/schema\/person\/45ca272b3e1246ef14ebb78a48dbb218\",\"name\":\"Not\u00edcias em Destaque\",\"url\":\"https:\/\/noticiasemdestaque.com\/cd\/?author=2\"}]}<\/script>\n<!-- \/ Yoast SEO plugin. -->","yoast_head_json":{"title":"Secretaria de Assist\u00eancia Social de Serra Branca oferta 20 vagas para curso profissionalizante de vendedor - Not&iacute;cias em Destaque","robots":{"index":"index","follow":"follow","max-snippet":"max-snippet:-1","max-image-preview":"max-image-preview:large","max-video-preview":"max-video-preview:-1"},"canonical":"https:\/\/noticiasemdestaque.com\/cd\/?p=951","og_locale":"pt_BR","og_type":"article","og_title":"Secretaria de Assist\u00eancia Social de Serra Branca oferta 20 vagas para curso profissionalizante de vendedor - Not&iacute;cias em Destaque","og_description":"A prefeitura municipal de Serra Branca, atrav\u00e9s da Secretaria de Assist\u00eancia Social, e o SENAC est\u00e3o ofertando 20 vagas para o curso profissionalizante de vendedor. As inscri\u00e7\u00f5es ser\u00e3o realizadas no dia 5 de julho, \u00e0s 8h00, na secret\u00e1ria de Assist\u00eancia Social, localizada na Rua Jos\u00e9 Morais de Silva, 06 \u2013 Centro de Serra Branca. Para realizar as inscri\u00e7\u00f5es os interessados devem se dirigir a secretaria com os seguintes documentos: C\u00f3pias do RG, CPF, comprovante de resid\u00eancia e comprovante de escolaridade. Os requisitos para realizar a inscri\u00e7\u00e3o \u00e9 ser maior de 15 anos e a escolaridade m\u00ednima \u00e9 Ensino fundamental incompleto. O curso est\u00e1 programado para ser iniciado no dia 8 de agosto, no per\u00edodo da noite, e tem uma carga hor\u00e1ria de 160 horas. Cariri em Destaque Fonte: de olho no cariri","og_url":"https:\/\/noticiasemdestaque.com\/cd\/?p=951","og_site_name":"Not&iacute;cias em Destaque","article_published_time":"2017-06-27T19:52:01+00:00","og_image":[{"width":425,"height":242,"url":"https:\/\/noticiasemdestaque.com\/cd\/wp-content\/uploads\/2017\/06\/curso-vendedor-senac-gratuito-2.jpg","type":"image\/jpeg"}],"author":"Not\u00edcias em Destaque","twitter_card":"summary_large_image","twitter_misc":{"Escrito por":"Not\u00edcias em Destaque","Est. tempo de leitura":"1 minuto"},"schema":{"@context":"https:\/\/schema.org","@graph":[{"@type":"Article","@id":"https:\/\/noticiasemdestaque.com\/cd\/?p=951#article","isPartOf":{"@id":"https:\/\/noticiasemdestaque.com\/cd\/?p=951"},"author":{"name":"Not\u00edcias em Destaque","@id":"https:\/\/noticiasemdestaque.com\/cd\/#\/schema\/person\/45ca272b3e1246ef14ebb78a48dbb218"},"headline":"Secretaria de Assist\u00eancia Social de Serra Branca oferta 20 vagas para curso profissionalizante de vendedor","datePublished":"2017-06-27T19:52:01+00:00","mainEntityOfPage":{"@id":"https:\/\/noticiasemdestaque.com\/cd\/?p=951"},"wordCount":152,"publisher":{"@id":"https:\/\/noticiasemdestaque.com\/cd\/#organization"},"image":{"@id":"https:\/\/noticiasemdestaque.com\/cd\/?p=951#primaryimage"},"thumbnailUrl":"https:\/\/noticiasemdestaque.com\/cd\/wp-content\/uploads\/2017\/06\/curso-vendedor-senac-gratuito-2.jpg","articleSection":["Cidades"],"inLanguage":"pt-BR"},{"@type":"WebPage","@id":"https:\/\/noticiasemdestaque.com\/cd\/?p=951","url":"https:\/\/noticiasemdestaque.com\/cd\/?p=951","name":"Secretaria de Assist\u00eancia Social de Serra Branca oferta 20 vagas para curso profissionalizante de vendedor - Not&iacute;cias em Destaque","isPartOf":{"@id":"https:\/\/noticiasemdestaque.com\/cd\/#website"},"primaryImageOfPage":{"@id":"https:\/\/noticiasemdestaque.com\/cd\/?p=951#primaryimage"},"image":{"@id":"https:\/\/noticiasemdestaque.com\/cd\/?p=951#primaryimage"},"thumbnailUrl":"https:\/\/noticiasemdestaque.com\/cd\/wp-content\/uploads\/2017\/06\/curso-vendedor-senac-gratuito-2.jpg","datePublished":"2017-06-27T19:52:01+00:00","breadcrumb":{"@id":"https:\/\/noticiasemdestaque.com\/cd\/?p=951#breadcrumb"},"inLanguage":"pt-BR","potentialAction":[{"@type":"ReadAction","target":["https:\/\/noticiasemdestaque.com\/cd\/?p=951"]}]},{"@type":"ImageObject","inLanguage":"pt-BR","@id":"https:\/\/noticiasemdestaque.com\/cd\/?p=951#primaryimage","url":"https:\/\/noticiasemdestaque.com\/cd\/wp-content\/uploads\/2017\/06\/curso-vendedor-senac-gratuito-2.jpg","contentUrl":"https:\/\/noticiasemdestaque.com\/cd\/wp-content\/uploads\/2017\/06\/curso-vendedor-senac-gratuito-2.jpg","width":425,"height":242},{"@type":"BreadcrumbList","@id":"https:\/\/noticiasemdestaque.com\/cd\/?p=951#breadcrumb","itemListElement":[{"@type":"ListItem","position":1,"name":"In\u00edcio","item":"https:\/\/noticiasemdestaque.com\/cd\/"},{"@type":"ListItem","position":2,"name":"Secretaria de Assist\u00eancia Social de Serra Branca oferta 20 vagas para curso profissionalizante de vendedor"}]},{"@type":"WebSite","@id":"https:\/\/noticiasemdestaque.com\/cd\/#website","url":"https:\/\/noticiasemdestaque.com\/cd\/","name":"Not&iacute;cias em Destaque","description":"","publisher":{"@id":"https:\/\/noticiasemdestaque.com\/cd\/#organization"},"potentialAction":[{"@type":"SearchAction","target":{"@type":"EntryPoint","urlTemplate":"https:\/\/noticiasemdestaque.com\/cd\/?s={search_term_string}"},"query-input":{"@type":"PropertyValueSpecification","valueRequired":true,"valueName":"search_term_string"}}],"inLanguage":"pt-BR"},{"@type":"Organization","@id":"https:\/\/noticiasemdestaque.com\/cd\/#organization","name":"Not\u00edcias em Destaque","url":"https:\/\/noticiasemdestaque.com\/cd\/","logo":{"@type":"ImageObject","inLanguage":"pt-BR","@id":"https:\/\/noticiasemdestaque.com\/cd\/#\/schema\/logo\/image\/","url":"https:\/\/noticiasemdestaque.com\/cd\/wp-content\/uploads\/2022\/05\/imagem-base-noticiasemdestaque.png","contentUrl":"https:\/\/noticiasemdestaque.com\/cd\/wp-content\/uploads\/2022\/05\/imagem-base-noticiasemdestaque.png","width":1200,"height":630,"caption":"Not\u00edcias em Destaque"},"image":{"@id":"https:\/\/noticiasemdestaque.com\/cd\/#\/schema\/logo\/image\/"}},{"@type":"Person","@id":"https:\/\/noticiasemdestaque.com\/cd\/#\/schema\/person\/45ca272b3e1246ef14ebb78a48dbb218","name":"Not\u00edcias em Destaque","url":"https:\/\/noticiasemdestaque.com\/cd\/?author=2"}]}},"jetpack_featured_media_url":"https:\/\/noticiasemdestaque.com\/cd\/wp-content\/uploads\/2017\/06\/curso-vendedor-senac-gratuito-2.jpg","jetpack_sharing_enabled":true,"_links":{"self":[{"href":"https:\/\/noticiasemdestaque.com\/cd\/index.php?rest_route=\/wp\/v2\/posts\/951","targetHints":{"allow":["GET"]}}],"collection":[{"href":"https:\/\/noticiasemdestaque.com\/cd\/index.php?rest_route=\/wp\/v2\/posts"}],"about":[{"href":"https:\/\/noticiasemdestaque.com\/cd\/index.php?rest_route=\/wp\/v2\/types\/post"}],"author":[{"embeddable":true,"href":"https:\/\/noticiasemdestaque.com\/cd\/index.php?rest_route=\/wp\/v2\/users\/2"}],"replies":[{"embeddable":true,"href":"https:\/\/noticiasemdestaque.com\/cd\/index.php?rest_route=%2Fwp%2Fv2%2Fcomments&post=951"}],"version-history":[{"count":3,"href":"https:\/\/noticiasemdestaque.com\/cd\/index.php?rest_route=\/wp\/v2\/posts\/951\/revisions"}],"predecessor-version":[{"id":955,"href":"https:\/\/noticiasemdestaque.com\/cd\/index.php?rest_route=\/wp\/v2\/posts\/951\/revisions\/955"}],"wp:featuredmedia":[{"embeddable":true,"href":"https:\/\/noticiasemdestaque.com\/cd\/index.php?rest_route=\/wp\/v2\/media\/953"}],"wp:attachment":[{"href":"https:\/\/noticiasemdestaque.com\/cd\/index.php?rest_route=%2Fwp%2Fv2%2Fmedia&parent=951"}],"wp:term":[{"taxonomy":"category","embeddable":true,"href":"https:\/\/noticiasemdestaque.com\/cd\/index.php?rest_route=%2Fwp%2Fv2%2Fcategories&post=951"},{"taxonomy":"post_tag","embeddable":true,"href":"https:\/\/noticiasemdestaque.com\/cd\/index.php?rest_route=%2Fwp%2Fv2%2Ftags&post=951"}],"curies":[{"name":"wp","href":"https:\/\/api.w.org\/{rel}","templated":true}]}}