{"id":946,"date":"2017-06-26T14:01:38","date_gmt":"2017-06-26T17:01:38","guid":{"rendered":"http:\/\/caririemdestaque.com\/cd\/?p=946"},"modified":"2017-06-26T14:04:57","modified_gmt":"2017-06-26T17:04:57","slug":"divulgado-gabarito-oficial-do-processo-seletivo-publico-para-acs-de-sume","status":"publish","type":"post","link":"https:\/\/noticiasemdestaque.com\/cd\/?p=946","title":{"rendered":"Divulgado Gabarito Oficial do Processo Seletivo P\u00fablico para ACS de Sum\u00e9"},"content":{"rendered":"<p>A Prefeitura de Sum\u00e9, atrav\u00e9s da Comiss\u00e3o organizadora do Processo Seletivo P\u00fablico para a contrata\u00e7\u00e3o de Agentes Comunit\u00e1rios de Sa\u00fade no munic\u00edpio, divulgou na tarde desta quarta-feira, o gabarito oficial das provas do concurso, que foram realizadas no domingo, 25 de junho.<\/p>\n<p>Os candidatos que discordarem do gabarito e pretenderem entrar com recurso contra o mesmo, tem o prazo de dois dias subsequentes \u00e0 data da divulga\u00e7\u00e3o do gabarito.<\/p>\n<p>O recurso dever\u00e1 ser encaminhado ao Presidente da Comiss\u00e3o Organizadora do Processo Seletivo P\u00fablico, devidamente fundamentado. Os recursos de mais de uma quest\u00e3o dever\u00e3o ser feitos em folhas separadas.<\/p>\n<p>Mais informa\u00e7\u00f5es sobre os recursos, conferir no item 13 do Edital de abertura.<\/p>\n<p>Confira o Gabarito:<\/p>\n<p><img fetchpriority=\"high\" decoding=\"async\" class=\"wp-image-947 aligncenter\" src=\"http:\/\/caririemdestaque.com\/cd\/wp-content\/uploads\/2017\/06\/gabarito-300x222.png\" alt=\"\" width=\"677\" height=\"501\" srcset=\"https:\/\/noticiasemdestaque.com\/cd\/wp-content\/uploads\/2017\/06\/gabarito-300x222.png 300w, https:\/\/noticiasemdestaque.com\/cd\/wp-content\/uploads\/2017\/06\/gabarito.png 668w\" sizes=\"(max-width: 677px) 100vw, 677px\" \/><em><strong>Prefeitura de Sum\u00e9<\/strong><\/em><\/p>\n","protected":false},"excerpt":{"rendered":"<p>A Prefeitura de Sum\u00e9, atrav\u00e9s da Comiss\u00e3o organizadora do Processo Seletivo P\u00fablico para a contrata\u00e7\u00e3o de Agentes Comunit\u00e1rios de Sa\u00fade no munic\u00edpio, divulgou na tarde desta quarta-feira, o gabarito oficial das provas do concurso, que foram realizadas no domingo, 25 de junho. Os candidatos que discordarem do gabarito e pretenderem entrar com recurso contra o mesmo, tem o prazo de dois dias subsequentes \u00e0 data da divulga\u00e7\u00e3o do gabarito. O recurso dever\u00e1 ser encaminhado ao Presidente da Comiss\u00e3o Organizadora do Processo Seletivo P\u00fablico, devidamente fundamentado. Os recursos de mais de uma quest\u00e3o dever\u00e3o ser feitos em folhas separadas. Mais informa\u00e7\u00f5es sobre os recursos, conferir no item 13 do Edital de abertura. Confira o Gabarito: Prefeitura de Sum\u00e9<\/p>\n","protected":false},"author":2,"featured_media":948,"comment_status":"closed","ping_status":"open","sticky":false,"template":"","format":"standard","meta":{"_eb_attr":"","_jetpack_memberships_contains_paid_content":false,"footnotes":""},"categories":[8],"tags":[],"class_list":["post-946","post","type-post","status-publish","format-standard","has-post-thumbnail","hentry","category-saude"],"yoast_head":"<!-- This site is optimized with the Yoast SEO plugin v26.5 - https:\/\/yoast.com\/wordpress\/plugins\/seo\/ -->\n<title>Divulgado Gabarito Oficial do Processo Seletivo P\u00fablico para ACS de Sum\u00e9 - Not&iacute;cias em Destaque<\/title>\n<meta name=\"robots\" content=\"index, follow, max-snippet:-1, max-image-preview:large, max-video-preview:-1\" \/>\n<link rel=\"canonical\" href=\"https:\/\/noticiasemdestaque.com\/cd\/?p=946\" \/>\n<meta property=\"og:locale\" content=\"pt_BR\" \/>\n<meta property=\"og:type\" content=\"article\" \/>\n<meta property=\"og:title\" content=\"Divulgado Gabarito Oficial do Processo Seletivo P\u00fablico para ACS de Sum\u00e9 - Not&iacute;cias em Destaque\" \/>\n<meta property=\"og:description\" content=\"A Prefeitura de Sum\u00e9, atrav\u00e9s da Comiss\u00e3o organizadora do Processo Seletivo P\u00fablico para a contrata\u00e7\u00e3o de Agentes Comunit\u00e1rios de Sa\u00fade no munic\u00edpio, divulgou na tarde desta quarta-feira, o gabarito oficial das provas do concurso, que foram realizadas no domingo, 25 de junho. Os candidatos que discordarem do gabarito e pretenderem entrar com recurso contra o mesmo, tem o prazo de dois dias subsequentes \u00e0 data da divulga\u00e7\u00e3o do gabarito. O recurso dever\u00e1 ser encaminhado ao Presidente da Comiss\u00e3o Organizadora do Processo Seletivo P\u00fablico, devidamente fundamentado. Os recursos de mais de uma quest\u00e3o dever\u00e3o ser feitos em folhas separadas. Mais informa\u00e7\u00f5es sobre os recursos, conferir no item 13 do Edital de abertura. Confira o Gabarito: Prefeitura de Sum\u00e9\" \/>\n<meta property=\"og:url\" content=\"https:\/\/noticiasemdestaque.com\/cd\/?p=946\" \/>\n<meta property=\"og:site_name\" content=\"Not&iacute;cias em Destaque\" \/>\n<meta property=\"article:published_time\" content=\"2017-06-26T17:01:38+00:00\" \/>\n<meta property=\"article:modified_time\" content=\"2017-06-26T17:04:57+00:00\" \/>\n<meta property=\"og:image\" content=\"https:\/\/noticiasemdestaque.com\/cd\/wp-content\/uploads\/2017\/06\/gabarito.jpeg\" \/>\n\t<meta property=\"og:image:width\" content=\"1198\" \/>\n\t<meta property=\"og:image:height\" content=\"783\" \/>\n\t<meta property=\"og:image:type\" content=\"image\/jpeg\" \/>\n<meta name=\"author\" content=\"Not\u00edcias em Destaque\" \/>\n<meta name=\"twitter:card\" content=\"summary_large_image\" \/>\n<meta name=\"twitter:label1\" content=\"Escrito por\" \/>\n\t<meta name=\"twitter:data1\" content=\"Not\u00edcias em Destaque\" \/>\n\t<meta name=\"twitter:label2\" content=\"Est. tempo de leitura\" \/>\n\t<meta name=\"twitter:data2\" content=\"1 minuto\" \/>\n<script type=\"application\/ld+json\" class=\"yoast-schema-graph\">{\"@context\":\"https:\/\/schema.org\",\"@graph\":[{\"@type\":\"Article\",\"@id\":\"https:\/\/noticiasemdestaque.com\/cd\/?p=946#article\",\"isPartOf\":{\"@id\":\"https:\/\/noticiasemdestaque.com\/cd\/?p=946\"},\"author\":{\"name\":\"Not\u00edcias em Destaque\",\"@id\":\"https:\/\/noticiasemdestaque.com\/cd\/#\/schema\/person\/47f7d4f55eec17c6b2ca036c5500f6ce\"},\"headline\":\"Divulgado Gabarito Oficial do Processo Seletivo P\u00fablico para ACS de Sum\u00e9\",\"datePublished\":\"2017-06-26T17:01:38+00:00\",\"dateModified\":\"2017-06-26T17:04:57+00:00\",\"mainEntityOfPage\":{\"@id\":\"https:\/\/noticiasemdestaque.com\/cd\/?p=946\"},\"wordCount\":139,\"publisher\":{\"@id\":\"https:\/\/noticiasemdestaque.com\/cd\/#organization\"},\"image\":{\"@id\":\"https:\/\/noticiasemdestaque.com\/cd\/?p=946#primaryimage\"},\"thumbnailUrl\":\"https:\/\/noticiasemdestaque.com\/cd\/wp-content\/uploads\/2017\/06\/gabarito.jpeg\",\"articleSection\":[\"Sa\u00fade\"],\"inLanguage\":\"pt-BR\"},{\"@type\":\"WebPage\",\"@id\":\"https:\/\/noticiasemdestaque.com\/cd\/?p=946\",\"url\":\"https:\/\/noticiasemdestaque.com\/cd\/?p=946\",\"name\":\"Divulgado Gabarito Oficial do Processo Seletivo P\u00fablico para ACS de Sum\u00e9 - Not&iacute;cias em Destaque\",\"isPartOf\":{\"@id\":\"https:\/\/noticiasemdestaque.com\/cd\/#website\"},\"primaryImageOfPage\":{\"@id\":\"https:\/\/noticiasemdestaque.com\/cd\/?p=946#primaryimage\"},\"image\":{\"@id\":\"https:\/\/noticiasemdestaque.com\/cd\/?p=946#primaryimage\"},\"thumbnailUrl\":\"https:\/\/noticiasemdestaque.com\/cd\/wp-content\/uploads\/2017\/06\/gabarito.jpeg\",\"datePublished\":\"2017-06-26T17:01:38+00:00\",\"dateModified\":\"2017-06-26T17:04:57+00:00\",\"breadcrumb\":{\"@id\":\"https:\/\/noticiasemdestaque.com\/cd\/?p=946#breadcrumb\"},\"inLanguage\":\"pt-BR\",\"potentialAction\":[{\"@type\":\"ReadAction\",\"target\":[\"https:\/\/noticiasemdestaque.com\/cd\/?p=946\"]}]},{\"@type\":\"ImageObject\",\"inLanguage\":\"pt-BR\",\"@id\":\"https:\/\/noticiasemdestaque.com\/cd\/?p=946#primaryimage\",\"url\":\"https:\/\/noticiasemdestaque.com\/cd\/wp-content\/uploads\/2017\/06\/gabarito.jpeg\",\"contentUrl\":\"https:\/\/noticiasemdestaque.com\/cd\/wp-content\/uploads\/2017\/06\/gabarito.jpeg\",\"width\":1198,\"height\":783},{\"@type\":\"BreadcrumbList\",\"@id\":\"https:\/\/noticiasemdestaque.com\/cd\/?p=946#breadcrumb\",\"itemListElement\":[{\"@type\":\"ListItem\",\"position\":1,\"name\":\"In\u00edcio\",\"item\":\"https:\/\/noticiasemdestaque.com\/cd\/\"},{\"@type\":\"ListItem\",\"position\":2,\"name\":\"Divulgado Gabarito Oficial do Processo Seletivo P\u00fablico para ACS de Sum\u00e9\"}]},{\"@type\":\"WebSite\",\"@id\":\"https:\/\/noticiasemdestaque.com\/cd\/#website\",\"url\":\"https:\/\/noticiasemdestaque.com\/cd\/\",\"name\":\"Not&iacute;cias em Destaque\",\"description\":\"\",\"publisher\":{\"@id\":\"https:\/\/noticiasemdestaque.com\/cd\/#organization\"},\"potentialAction\":[{\"@type\":\"SearchAction\",\"target\":{\"@type\":\"EntryPoint\",\"urlTemplate\":\"https:\/\/noticiasemdestaque.com\/cd\/?s={search_term_string}\"},\"query-input\":{\"@type\":\"PropertyValueSpecification\",\"valueRequired\":true,\"valueName\":\"search_term_string\"}}],\"inLanguage\":\"pt-BR\"},{\"@type\":\"Organization\",\"@id\":\"https:\/\/noticiasemdestaque.com\/cd\/#organization\",\"name\":\"Not\u00edcias em Destaque\",\"url\":\"https:\/\/noticiasemdestaque.com\/cd\/\",\"logo\":{\"@type\":\"ImageObject\",\"inLanguage\":\"pt-BR\",\"@id\":\"https:\/\/noticiasemdestaque.com\/cd\/#\/schema\/logo\/image\/\",\"url\":\"https:\/\/noticiasemdestaque.com\/cd\/wp-content\/uploads\/2022\/05\/imagem-base-noticiasemdestaque.png\",\"contentUrl\":\"https:\/\/noticiasemdestaque.com\/cd\/wp-content\/uploads\/2022\/05\/imagem-base-noticiasemdestaque.png\",\"width\":1200,\"height\":630,\"caption\":\"Not\u00edcias em Destaque\"},\"image\":{\"@id\":\"https:\/\/noticiasemdestaque.com\/cd\/#\/schema\/logo\/image\/\"}},{\"@type\":\"Person\",\"@id\":\"https:\/\/noticiasemdestaque.com\/cd\/#\/schema\/person\/47f7d4f55eec17c6b2ca036c5500f6ce\",\"name\":\"Not\u00edcias em Destaque\",\"url\":\"https:\/\/noticiasemdestaque.com\/cd\/?author=2\"}]}<\/script>\n<!-- \/ Yoast SEO plugin. -->","yoast_head_json":{"title":"Divulgado Gabarito Oficial do Processo Seletivo P\u00fablico para ACS de Sum\u00e9 - Not&iacute;cias em Destaque","robots":{"index":"index","follow":"follow","max-snippet":"max-snippet:-1","max-image-preview":"max-image-preview:large","max-video-preview":"max-video-preview:-1"},"canonical":"https:\/\/noticiasemdestaque.com\/cd\/?p=946","og_locale":"pt_BR","og_type":"article","og_title":"Divulgado Gabarito Oficial do Processo Seletivo P\u00fablico para ACS de Sum\u00e9 - Not&iacute;cias em Destaque","og_description":"A Prefeitura de Sum\u00e9, atrav\u00e9s da Comiss\u00e3o organizadora do Processo Seletivo P\u00fablico para a contrata\u00e7\u00e3o de Agentes Comunit\u00e1rios de Sa\u00fade no munic\u00edpio, divulgou na tarde desta quarta-feira, o gabarito oficial das provas do concurso, que foram realizadas no domingo, 25 de junho. Os candidatos que discordarem do gabarito e pretenderem entrar com recurso contra o mesmo, tem o prazo de dois dias subsequentes \u00e0 data da divulga\u00e7\u00e3o do gabarito. O recurso dever\u00e1 ser encaminhado ao Presidente da Comiss\u00e3o Organizadora do Processo Seletivo P\u00fablico, devidamente fundamentado. Os recursos de mais de uma quest\u00e3o dever\u00e3o ser feitos em folhas separadas. Mais informa\u00e7\u00f5es sobre os recursos, conferir no item 13 do Edital de abertura. Confira o Gabarito: Prefeitura de Sum\u00e9","og_url":"https:\/\/noticiasemdestaque.com\/cd\/?p=946","og_site_name":"Not&iacute;cias em Destaque","article_published_time":"2017-06-26T17:01:38+00:00","article_modified_time":"2017-06-26T17:04:57+00:00","og_image":[{"width":1198,"height":783,"url":"https:\/\/noticiasemdestaque.com\/cd\/wp-content\/uploads\/2017\/06\/gabarito.jpeg","type":"image\/jpeg"}],"author":"Not\u00edcias em Destaque","twitter_card":"summary_large_image","twitter_misc":{"Escrito por":"Not\u00edcias em Destaque","Est. tempo de leitura":"1 minuto"},"schema":{"@context":"https:\/\/schema.org","@graph":[{"@type":"Article","@id":"https:\/\/noticiasemdestaque.com\/cd\/?p=946#article","isPartOf":{"@id":"https:\/\/noticiasemdestaque.com\/cd\/?p=946"},"author":{"name":"Not\u00edcias em Destaque","@id":"https:\/\/noticiasemdestaque.com\/cd\/#\/schema\/person\/47f7d4f55eec17c6b2ca036c5500f6ce"},"headline":"Divulgado Gabarito Oficial do Processo Seletivo P\u00fablico para ACS de Sum\u00e9","datePublished":"2017-06-26T17:01:38+00:00","dateModified":"2017-06-26T17:04:57+00:00","mainEntityOfPage":{"@id":"https:\/\/noticiasemdestaque.com\/cd\/?p=946"},"wordCount":139,"publisher":{"@id":"https:\/\/noticiasemdestaque.com\/cd\/#organization"},"image":{"@id":"https:\/\/noticiasemdestaque.com\/cd\/?p=946#primaryimage"},"thumbnailUrl":"https:\/\/noticiasemdestaque.com\/cd\/wp-content\/uploads\/2017\/06\/gabarito.jpeg","articleSection":["Sa\u00fade"],"inLanguage":"pt-BR"},{"@type":"WebPage","@id":"https:\/\/noticiasemdestaque.com\/cd\/?p=946","url":"https:\/\/noticiasemdestaque.com\/cd\/?p=946","name":"Divulgado Gabarito Oficial do Processo Seletivo P\u00fablico para ACS de Sum\u00e9 - Not&iacute;cias em Destaque","isPartOf":{"@id":"https:\/\/noticiasemdestaque.com\/cd\/#website"},"primaryImageOfPage":{"@id":"https:\/\/noticiasemdestaque.com\/cd\/?p=946#primaryimage"},"image":{"@id":"https:\/\/noticiasemdestaque.com\/cd\/?p=946#primaryimage"},"thumbnailUrl":"https:\/\/noticiasemdestaque.com\/cd\/wp-content\/uploads\/2017\/06\/gabarito.jpeg","datePublished":"2017-06-26T17:01:38+00:00","dateModified":"2017-06-26T17:04:57+00:00","breadcrumb":{"@id":"https:\/\/noticiasemdestaque.com\/cd\/?p=946#breadcrumb"},"inLanguage":"pt-BR","potentialAction":[{"@type":"ReadAction","target":["https:\/\/noticiasemdestaque.com\/cd\/?p=946"]}]},{"@type":"ImageObject","inLanguage":"pt-BR","@id":"https:\/\/noticiasemdestaque.com\/cd\/?p=946#primaryimage","url":"https:\/\/noticiasemdestaque.com\/cd\/wp-content\/uploads\/2017\/06\/gabarito.jpeg","contentUrl":"https:\/\/noticiasemdestaque.com\/cd\/wp-content\/uploads\/2017\/06\/gabarito.jpeg","width":1198,"height":783},{"@type":"BreadcrumbList","@id":"https:\/\/noticiasemdestaque.com\/cd\/?p=946#breadcrumb","itemListElement":[{"@type":"ListItem","position":1,"name":"In\u00edcio","item":"https:\/\/noticiasemdestaque.com\/cd\/"},{"@type":"ListItem","position":2,"name":"Divulgado Gabarito Oficial do Processo Seletivo P\u00fablico para ACS de Sum\u00e9"}]},{"@type":"WebSite","@id":"https:\/\/noticiasemdestaque.com\/cd\/#website","url":"https:\/\/noticiasemdestaque.com\/cd\/","name":"Not&iacute;cias em Destaque","description":"","publisher":{"@id":"https:\/\/noticiasemdestaque.com\/cd\/#organization"},"potentialAction":[{"@type":"SearchAction","target":{"@type":"EntryPoint","urlTemplate":"https:\/\/noticiasemdestaque.com\/cd\/?s={search_term_string}"},"query-input":{"@type":"PropertyValueSpecification","valueRequired":true,"valueName":"search_term_string"}}],"inLanguage":"pt-BR"},{"@type":"Organization","@id":"https:\/\/noticiasemdestaque.com\/cd\/#organization","name":"Not\u00edcias em Destaque","url":"https:\/\/noticiasemdestaque.com\/cd\/","logo":{"@type":"ImageObject","inLanguage":"pt-BR","@id":"https:\/\/noticiasemdestaque.com\/cd\/#\/schema\/logo\/image\/","url":"https:\/\/noticiasemdestaque.com\/cd\/wp-content\/uploads\/2022\/05\/imagem-base-noticiasemdestaque.png","contentUrl":"https:\/\/noticiasemdestaque.com\/cd\/wp-content\/uploads\/2022\/05\/imagem-base-noticiasemdestaque.png","width":1200,"height":630,"caption":"Not\u00edcias em Destaque"},"image":{"@id":"https:\/\/noticiasemdestaque.com\/cd\/#\/schema\/logo\/image\/"}},{"@type":"Person","@id":"https:\/\/noticiasemdestaque.com\/cd\/#\/schema\/person\/47f7d4f55eec17c6b2ca036c5500f6ce","name":"Not\u00edcias em Destaque","url":"https:\/\/noticiasemdestaque.com\/cd\/?author=2"}]}},"jetpack_featured_media_url":"https:\/\/noticiasemdestaque.com\/cd\/wp-content\/uploads\/2017\/06\/gabarito.jpeg","jetpack_sharing_enabled":true,"_links":{"self":[{"href":"https:\/\/noticiasemdestaque.com\/cd\/index.php?rest_route=\/wp\/v2\/posts\/946","targetHints":{"allow":["GET"]}}],"collection":[{"href":"https:\/\/noticiasemdestaque.com\/cd\/index.php?rest_route=\/wp\/v2\/posts"}],"about":[{"href":"https:\/\/noticiasemdestaque.com\/cd\/index.php?rest_route=\/wp\/v2\/types\/post"}],"author":[{"embeddable":true,"href":"https:\/\/noticiasemdestaque.com\/cd\/index.php?rest_route=\/wp\/v2\/users\/2"}],"replies":[{"embeddable":true,"href":"https:\/\/noticiasemdestaque.com\/cd\/index.php?rest_route=%2Fwp%2Fv2%2Fcomments&post=946"}],"version-history":[{"count":1,"href":"https:\/\/noticiasemdestaque.com\/cd\/index.php?rest_route=\/wp\/v2\/posts\/946\/revisions"}],"predecessor-version":[{"id":949,"href":"https:\/\/noticiasemdestaque.com\/cd\/index.php?rest_route=\/wp\/v2\/posts\/946\/revisions\/949"}],"wp:featuredmedia":[{"embeddable":true,"href":"https:\/\/noticiasemdestaque.com\/cd\/index.php?rest_route=\/wp\/v2\/media\/948"}],"wp:attachment":[{"href":"https:\/\/noticiasemdestaque.com\/cd\/index.php?rest_route=%2Fwp%2Fv2%2Fmedia&parent=946"}],"wp:term":[{"taxonomy":"category","embeddable":true,"href":"https:\/\/noticiasemdestaque.com\/cd\/index.php?rest_route=%2Fwp%2Fv2%2Fcategories&post=946"},{"taxonomy":"post_tag","embeddable":true,"href":"https:\/\/noticiasemdestaque.com\/cd\/index.php?rest_route=%2Fwp%2Fv2%2Ftags&post=946"}],"curies":[{"name":"wp","href":"https:\/\/api.w.org\/{rel}","templated":true}]}}