{"id":943,"date":"2017-06-26T13:31:44","date_gmt":"2017-06-26T16:31:44","guid":{"rendered":"http:\/\/caririemdestaque.com\/cd\/?p=943"},"modified":"2017-06-26T13:31:44","modified_gmt":"2017-06-26T16:31:44","slug":"a-partir-desta-segunda-caravana-do-coracao-realiza-atendimentos-em-13-cidades-paraibanas","status":"publish","type":"post","link":"https:\/\/noticiasemdestaque.com\/cd\/?p=943","title":{"rendered":"A partir desta segunda: Caravana do Cora\u00e7\u00e3o realiza atendimentos em 13 cidades paraibanas"},"content":{"rendered":"<p><a href=\"http:\/\/caririemdestaque.com\/cd\/wp-content\/uploads\/2017\/06\/RicardoPuppe_Caravana_Cora\u00e7\u00e3o_PrincesaIsabel-3.jpg\"><img fetchpriority=\"high\" decoding=\"async\" class=\"size-medium wp-image-944 alignleft\" src=\"http:\/\/caririemdestaque.com\/cd\/wp-content\/uploads\/2017\/06\/RicardoPuppe_Caravana_Cora\u00e7\u00e3o_PrincesaIsabel-3-300x200.jpg\" alt=\"\" width=\"300\" height=\"200\" srcset=\"https:\/\/noticiasemdestaque.com\/cd\/wp-content\/uploads\/2017\/06\/RicardoPuppe_Caravana_Cora\u00e7\u00e3o_PrincesaIsabel-3-300x200.jpg 300w, https:\/\/noticiasemdestaque.com\/cd\/wp-content\/uploads\/2017\/06\/RicardoPuppe_Caravana_Cora\u00e7\u00e3o_PrincesaIsabel-3-768x512.jpg 768w, https:\/\/noticiasemdestaque.com\/cd\/wp-content\/uploads\/2017\/06\/RicardoPuppe_Caravana_Cora\u00e7\u00e3o_PrincesaIsabel-3-1024x683.jpg 1024w, https:\/\/noticiasemdestaque.com\/cd\/wp-content\/uploads\/2017\/06\/RicardoPuppe_Caravana_Cora\u00e7\u00e3o_PrincesaIsabel-3-480x320.jpg 480w, https:\/\/noticiasemdestaque.com\/cd\/wp-content\/uploads\/2017\/06\/RicardoPuppe_Caravana_Cora\u00e7\u00e3o_PrincesaIsabel-3.jpg 1600w\" sizes=\"(max-width: 300px) 100vw, 300px\" \/><\/a>O Governo da Para\u00edba, por meio da Secretaria de Estado da Sa\u00fade (SES) e da Rede de Cardiologia Pedi\u00e1trica da Para\u00edba (RCP), em parceria com a ONG pernambucana C\u00edrculo do Cora\u00e7\u00e3o, iniciou a 5\u00aa Caravana do Cora\u00e7\u00e3o. Na tarde desse domingo (25), foi feita a recep\u00e7\u00e3o dos volunt\u00e1rios, no audit\u00f3rio do Conselho Regional de Medicina (CRM), na Capital, com as presen\u00e7as da vice-governadora, L\u00edgia Feliciano; das secret\u00e1rias de Estado da Sa\u00fade, Cl\u00e1udia Veras e Maura Sobreira (executiva); do deputado federal, Dami\u00e3o Feliciano e da deputada estadual, Estela Bezerra.<\/p>\n<p>A presidente da ONG C\u00edrculo do Cora\u00e7\u00e3o, Sandra Mattos, deu as \u00faltimas orienta\u00e7\u00f5es para a equipe que este ano \u00e9 composta por quase 100 pessoas. \u201cEsta ser\u00e1 a maior caravana. Este ano, al\u00e9m das crian\u00e7as com cardiopatias cong\u00eanitas e daquelas com microcefalia que est\u00e3o sem acompanhamento, o atendimento ser\u00e1 ampliado para as gestantes. Em cada cidade, ser\u00e3o 100 mulheres, 100 crian\u00e7as e 200 profissionais que ser\u00e3o capacitados nos cursos oferecidos pela Caravana\u201d, explicou.<\/p>\n<p>Logo ap\u00f3s o alinhamento da log\u00edstica, a equipe seguiu viagem, em dois \u00f4nibus, para Cajazeiras, onde as atividades acontecem nesta segunda-feira (26). Esta edi\u00e7\u00e3o ser\u00e1 realizada at\u00e9 o dia 8 de julho, em 13 munic\u00edpios. Logo ap\u00f3s Cajazeiras, segue para Sousa, Catol\u00e9 do Rocha, Pombal, Patos, Itaporanga, Princesa Isabel, Monteiro, Esperan\u00e7a, Picu\u00ed, Guarabira, Itabaiana e Mamanguape.<\/p>\n<p>A equipe multiprofissional, formada por m\u00e9dicos, enfermeiros, psic\u00f3logos, assistentes sociais, professores e estudantes universit\u00e1rios passa a contar com obstetras, que far\u00e3o o monitoramento e acompanhamento, de forma mais efetiva, da gestante de alto risco, com o objetivo de diminuir a mortalidade materna na Para\u00edba.<\/p>\n<p>Claudia Veras ressaltou a import\u00e2ncia da parceria do Governo do Estado com a ONG pernambucana. \u201cO resultado dessa parceria, que vem desde 2011, s\u00f3 nos engrandece e \u00e9 uma prova de que o SUS pode dar certo. Este ser\u00e1 um legado que este governo deixar\u00e1, pois tem como base fazer a diferen\u00e7a na vida da popula\u00e7\u00e3o por onde passa\u201d, ressaltou.<\/p>\n<p>A vice-governadora L\u00edgia Feliciano vai acompanhar a equipe em algumas cidades e falou da import\u00e2ncia do trabalho. \u201cDesejo que essa caravana seja coberta de \u00eaxito e cumpra seu prop\u00f3sito de mudar a vida de cada pessoa atendida por voc\u00eas\u201d, enfatizou.<\/p>\n<p>O m\u00e9dico Roberto Magliano, presidente da Sociedade Paraibana de Ginecologia e Obstetr\u00edcia, ser\u00e1 um dos integrantes da equipe. \u201cEste trabalho ser\u00e1 fundamental para se ter um diagn\u00f3stico da mortalidade materna, pois \u00e9 muito importante ir at\u00e9 os locais para intervir de maneira mais sistem\u00e1tica para que haja uma maior integra\u00e7\u00e3o com a Aten\u00e7\u00e3o B\u00e1sica, envolvendo todos os profissionais destes munic\u00edpios numa verdadeira opera\u00e7\u00e3o de guerra para evitar que as mulheres morram\u201d, sugeriu<\/p>\n<p>Victor de Fran\u00e7a, de 22 anos, \u00e9 um dos volunt\u00e1rios da Caravana. Ele \u00e9 estudante de medicina e integra o grupo pela primeira vez. \u201cMe amina muito a proposta de ajudar sem querer nada em troca. Daqui a dois anos, estarei me formando e \u00e9 muito importante aplicar a teoria que aprendemos em sala de aula num projeto t\u00e3o importante como esse\u201d, disse.<\/p>\n<p>A assistente social Maria Jos\u00e9 Souza, que integra a equipe desde a primeira edi\u00e7\u00e3o, \u00e9 uma grande entusiasta do projeto. \u201cPor onde a Caravana do Cora\u00e7\u00e3o passa, leva esperan\u00e7a para as pessoas\u201d, resumiu.<\/p>\n<p><strong>Programa\u00e7\u00e3o:<\/strong><\/p>\n<p>26\/06\u00a0 &#8211;\u00a0 Cajazeiras<\/p>\n<p>27\/06\u00a0 &#8211;\u00a0 Sousa<\/p>\n<p>28\/06\u00a0 &#8211;\u00a0 Catol\u00e9 do Rocha<\/p>\n<p>29\/06\u00a0 &#8211;\u00a0 Pombal<\/p>\n<p>30\/06\u00a0 &#8211;\u00a0 Patos<\/p>\n<p>01\/07\u00a0 &#8211;\u00a0 Itaporanga<\/p>\n<p>02\/07\u00a0 &#8211;\u00a0 Princesa Isabel<\/p>\n<p>03\/07\u00a0 &#8211;\u00a0 Monteiro<\/p>\n<p>04\/07\u00a0 &#8211;\u00a0 Esperan\u00e7a<\/p>\n<p>05\/07\u00a0 &#8211;\u00a0 Picu\u00ed<\/p>\n<p>06\/07\u00a0 &#8211;\u00a0 Guarabira<\/p>\n<p>07\/07\u00a0 &#8211;\u00a0 Itabaiana<\/p>\n<p>08\/07\u00a0 &#8211;\u00a0 Mamanguape<\/p>\n<p><em><strong>Cariri em Destaque<\/strong><\/em><\/p>\n<p>Com Secom<\/p>\n","protected":false},"excerpt":{"rendered":"<p>O Governo da Para\u00edba, por meio da Secretaria de Estado da Sa\u00fade (SES) e da Rede de Cardiologia Pedi\u00e1trica da Para\u00edba (RCP), em parceria com a ONG pernambucana C\u00edrculo do Cora\u00e7\u00e3o, iniciou a 5\u00aa Caravana do Cora\u00e7\u00e3o. Na tarde desse domingo (25), foi feita a recep\u00e7\u00e3o dos volunt\u00e1rios, no audit\u00f3rio do Conselho Regional de Medicina (CRM), na Capital, com as presen\u00e7as da vice-governadora, L\u00edgia Feliciano; das secret\u00e1rias de Estado da Sa\u00fade, Cl\u00e1udia Veras e Maura Sobreira (executiva); do deputado federal, Dami\u00e3o Feliciano e da deputada estadual, Estela Bezerra. A presidente da ONG C\u00edrculo do Cora\u00e7\u00e3o, Sandra Mattos, deu as \u00faltimas orienta\u00e7\u00f5es para a equipe que este ano \u00e9 composta por quase 100 pessoas. \u201cEsta ser\u00e1 a maior caravana. Este ano, al\u00e9m das crian\u00e7as com cardiopatias cong\u00eanitas e daquelas com microcefalia que est\u00e3o sem acompanhamento, o atendimento ser\u00e1 ampliado para as gestantes. Em cada cidade, ser\u00e3o 100 mulheres, 100 crian\u00e7as e 200 profissionais que ser\u00e3o capacitados nos cursos oferecidos pela Caravana\u201d, explicou. Logo ap\u00f3s o alinhamento da log\u00edstica, a equipe seguiu viagem, em dois \u00f4nibus, para Cajazeiras, onde as atividades acontecem nesta segunda-feira (26). Esta edi\u00e7\u00e3o ser\u00e1 realizada at\u00e9 o dia 8 de julho, em 13 munic\u00edpios. Logo ap\u00f3s Cajazeiras, segue para Sousa, Catol\u00e9 do Rocha, Pombal, Patos, Itaporanga, Princesa Isabel, Monteiro, Esperan\u00e7a, Picu\u00ed, Guarabira, Itabaiana e Mamanguape. A equipe multiprofissional, formada por m\u00e9dicos, enfermeiros, psic\u00f3logos, assistentes sociais, professores e estudantes universit\u00e1rios passa a contar com obstetras, que far\u00e3o o monitoramento e acompanhamento, de forma mais efetiva, da gestante de alto risco, com o objetivo de diminuir a mortalidade materna na Para\u00edba. Claudia Veras ressaltou a import\u00e2ncia da parceria do Governo do Estado com a ONG pernambucana. \u201cO resultado dessa parceria, que vem desde 2011, s\u00f3 nos engrandece e \u00e9 uma prova de que o SUS pode dar certo. Este ser\u00e1 um legado que este governo deixar\u00e1, pois tem como base fazer a diferen\u00e7a na vida da popula\u00e7\u00e3o por onde passa\u201d, ressaltou. A vice-governadora L\u00edgia Feliciano vai acompanhar a equipe em algumas cidades e falou da import\u00e2ncia do trabalho. \u201cDesejo que essa caravana seja coberta de \u00eaxito e cumpra seu prop\u00f3sito de mudar a vida de cada pessoa atendida por voc\u00eas\u201d, enfatizou. O m\u00e9dico Roberto Magliano, presidente da Sociedade Paraibana de Ginecologia e Obstetr\u00edcia, ser\u00e1 um dos integrantes da equipe. \u201cEste trabalho ser\u00e1 fundamental para se ter um diagn\u00f3stico da mortalidade materna, pois \u00e9 muito importante ir at\u00e9 os locais para intervir de maneira mais sistem\u00e1tica para que haja uma maior integra\u00e7\u00e3o com a Aten\u00e7\u00e3o B\u00e1sica, envolvendo todos os profissionais destes munic\u00edpios numa verdadeira opera\u00e7\u00e3o de guerra para evitar que as mulheres morram\u201d, sugeriu Victor de Fran\u00e7a, de 22 anos, \u00e9 um dos volunt\u00e1rios da Caravana. Ele \u00e9 estudante de medicina e integra o grupo pela primeira vez. \u201cMe amina muito a proposta de ajudar sem querer nada em troca. Daqui a dois anos, estarei me formando e \u00e9 muito importante aplicar a teoria que aprendemos em sala de aula num projeto t\u00e3o importante como esse\u201d, disse. A assistente social Maria Jos\u00e9 Souza, que integra a equipe desde a primeira edi\u00e7\u00e3o, \u00e9 uma grande entusiasta do projeto. \u201cPor onde a Caravana do Cora\u00e7\u00e3o passa, leva esperan\u00e7a para as pessoas\u201d, resumiu. Programa\u00e7\u00e3o: 26\/06\u00a0 &#8211;\u00a0 Cajazeiras 27\/06\u00a0 &#8211;\u00a0 Sousa 28\/06\u00a0 &#8211;\u00a0 Catol\u00e9 do Rocha 29\/06\u00a0 &#8211;\u00a0 Pombal 30\/06\u00a0 &#8211;\u00a0 Patos 01\/07\u00a0 &#8211;\u00a0 Itaporanga 02\/07\u00a0 &#8211;\u00a0 Princesa Isabel 03\/07\u00a0 &#8211;\u00a0 Monteiro 04\/07\u00a0 &#8211;\u00a0 Esperan\u00e7a 05\/07\u00a0 &#8211;\u00a0 Picu\u00ed 06\/07\u00a0 &#8211;\u00a0 Guarabira 07\/07\u00a0 &#8211;\u00a0 Itabaiana 08\/07\u00a0 &#8211;\u00a0 Mamanguape Cariri em Destaque Com Secom<\/p>\n","protected":false},"author":2,"featured_media":944,"comment_status":"closed","ping_status":"open","sticky":false,"template":"","format":"standard","meta":{"_eb_attr":"","_jetpack_memberships_contains_paid_content":false,"footnotes":""},"categories":[3],"tags":[],"class_list":["post-943","post","type-post","status-publish","format-standard","has-post-thumbnail","hentry","category-cidades"],"yoast_head":"<!-- This site is optimized with the Yoast SEO plugin v26.5 - https:\/\/yoast.com\/wordpress\/plugins\/seo\/ -->\n<title>A partir desta segunda: Caravana do Cora\u00e7\u00e3o realiza atendimentos em 13 cidades paraibanas - Not&iacute;cias em Destaque<\/title>\n<meta name=\"robots\" content=\"index, follow, max-snippet:-1, max-image-preview:large, max-video-preview:-1\" \/>\n<link rel=\"canonical\" href=\"https:\/\/noticiasemdestaque.com\/cd\/?p=943\" \/>\n<meta property=\"og:locale\" content=\"pt_BR\" \/>\n<meta property=\"og:type\" content=\"article\" \/>\n<meta property=\"og:title\" content=\"A partir desta segunda: Caravana do Cora\u00e7\u00e3o realiza atendimentos em 13 cidades paraibanas - Not&iacute;cias em Destaque\" \/>\n<meta property=\"og:description\" content=\"O Governo da Para\u00edba, por meio da Secretaria de Estado da Sa\u00fade (SES) e da Rede de Cardiologia Pedi\u00e1trica da Para\u00edba (RCP), em parceria com a ONG pernambucana C\u00edrculo do Cora\u00e7\u00e3o, iniciou a 5\u00aa Caravana do Cora\u00e7\u00e3o. Na tarde desse domingo (25), foi feita a recep\u00e7\u00e3o dos volunt\u00e1rios, no audit\u00f3rio do Conselho Regional de Medicina (CRM), na Capital, com as presen\u00e7as da vice-governadora, L\u00edgia Feliciano; das secret\u00e1rias de Estado da Sa\u00fade, Cl\u00e1udia Veras e Maura Sobreira (executiva); do deputado federal, Dami\u00e3o Feliciano e da deputada estadual, Estela Bezerra. A presidente da ONG C\u00edrculo do Cora\u00e7\u00e3o, Sandra Mattos, deu as \u00faltimas orienta\u00e7\u00f5es para a equipe que este ano \u00e9 composta por quase 100 pessoas. \u201cEsta ser\u00e1 a maior caravana. Este ano, al\u00e9m das crian\u00e7as com cardiopatias cong\u00eanitas e daquelas com microcefalia que est\u00e3o sem acompanhamento, o atendimento ser\u00e1 ampliado para as gestantes. Em cada cidade, ser\u00e3o 100 mulheres, 100 crian\u00e7as e 200 profissionais que ser\u00e3o capacitados nos cursos oferecidos pela Caravana\u201d, explicou. Logo ap\u00f3s o alinhamento da log\u00edstica, a equipe seguiu viagem, em dois \u00f4nibus, para Cajazeiras, onde as atividades acontecem nesta segunda-feira (26). Esta edi\u00e7\u00e3o ser\u00e1 realizada at\u00e9 o dia 8 de julho, em 13 munic\u00edpios. Logo ap\u00f3s Cajazeiras, segue para Sousa, Catol\u00e9 do Rocha, Pombal, Patos, Itaporanga, Princesa Isabel, Monteiro, Esperan\u00e7a, Picu\u00ed, Guarabira, Itabaiana e Mamanguape. A equipe multiprofissional, formada por m\u00e9dicos, enfermeiros, psic\u00f3logos, assistentes sociais, professores e estudantes universit\u00e1rios passa a contar com obstetras, que far\u00e3o o monitoramento e acompanhamento, de forma mais efetiva, da gestante de alto risco, com o objetivo de diminuir a mortalidade materna na Para\u00edba. Claudia Veras ressaltou a import\u00e2ncia da parceria do Governo do Estado com a ONG pernambucana. \u201cO resultado dessa parceria, que vem desde 2011, s\u00f3 nos engrandece e \u00e9 uma prova de que o SUS pode dar certo. Este ser\u00e1 um legado que este governo deixar\u00e1, pois tem como base fazer a diferen\u00e7a na vida da popula\u00e7\u00e3o por onde passa\u201d, ressaltou. A vice-governadora L\u00edgia Feliciano vai acompanhar a equipe em algumas cidades e falou da import\u00e2ncia do trabalho. \u201cDesejo que essa caravana seja coberta de \u00eaxito e cumpra seu prop\u00f3sito de mudar a vida de cada pessoa atendida por voc\u00eas\u201d, enfatizou. O m\u00e9dico Roberto Magliano, presidente da Sociedade Paraibana de Ginecologia e Obstetr\u00edcia, ser\u00e1 um dos integrantes da equipe. \u201cEste trabalho ser\u00e1 fundamental para se ter um diagn\u00f3stico da mortalidade materna, pois \u00e9 muito importante ir at\u00e9 os locais para intervir de maneira mais sistem\u00e1tica para que haja uma maior integra\u00e7\u00e3o com a Aten\u00e7\u00e3o B\u00e1sica, envolvendo todos os profissionais destes munic\u00edpios numa verdadeira opera\u00e7\u00e3o de guerra para evitar que as mulheres morram\u201d, sugeriu Victor de Fran\u00e7a, de 22 anos, \u00e9 um dos volunt\u00e1rios da Caravana. Ele \u00e9 estudante de medicina e integra o grupo pela primeira vez. \u201cMe amina muito a proposta de ajudar sem querer nada em troca. Daqui a dois anos, estarei me formando e \u00e9 muito importante aplicar a teoria que aprendemos em sala de aula num projeto t\u00e3o importante como esse\u201d, disse. A assistente social Maria Jos\u00e9 Souza, que integra a equipe desde a primeira edi\u00e7\u00e3o, \u00e9 uma grande entusiasta do projeto. \u201cPor onde a Caravana do Cora\u00e7\u00e3o passa, leva esperan\u00e7a para as pessoas\u201d, resumiu. Programa\u00e7\u00e3o: 26\/06\u00a0 &#8211;\u00a0 Cajazeiras 27\/06\u00a0 &#8211;\u00a0 Sousa 28\/06\u00a0 &#8211;\u00a0 Catol\u00e9 do Rocha 29\/06\u00a0 &#8211;\u00a0 Pombal 30\/06\u00a0 &#8211;\u00a0 Patos 01\/07\u00a0 &#8211;\u00a0 Itaporanga 02\/07\u00a0 &#8211;\u00a0 Princesa Isabel 03\/07\u00a0 &#8211;\u00a0 Monteiro 04\/07\u00a0 &#8211;\u00a0 Esperan\u00e7a 05\/07\u00a0 &#8211;\u00a0 Picu\u00ed 06\/07\u00a0 &#8211;\u00a0 Guarabira 07\/07\u00a0 &#8211;\u00a0 Itabaiana 08\/07\u00a0 &#8211;\u00a0 Mamanguape Cariri em Destaque Com Secom\" \/>\n<meta property=\"og:url\" content=\"https:\/\/noticiasemdestaque.com\/cd\/?p=943\" \/>\n<meta property=\"og:site_name\" content=\"Not&iacute;cias em Destaque\" \/>\n<meta property=\"article:published_time\" content=\"2017-06-26T16:31:44+00:00\" \/>\n<meta property=\"og:image\" content=\"https:\/\/noticiasemdestaque.com\/cd\/wp-content\/uploads\/2017\/06\/RicardoPuppe_Caravana_Cora\u00e7\u00e3o_PrincesaIsabel-3.jpg\" \/>\n\t<meta property=\"og:image:width\" content=\"1600\" \/>\n\t<meta property=\"og:image:height\" content=\"1067\" \/>\n\t<meta property=\"og:image:type\" content=\"image\/jpeg\" \/>\n<meta name=\"author\" content=\"Not\u00edcias em Destaque\" \/>\n<meta name=\"twitter:card\" content=\"summary_large_image\" \/>\n<meta name=\"twitter:label1\" content=\"Escrito por\" \/>\n\t<meta name=\"twitter:data1\" content=\"Not\u00edcias em Destaque\" \/>\n\t<meta name=\"twitter:label2\" content=\"Est. tempo de leitura\" \/>\n\t<meta name=\"twitter:data2\" content=\"3 minutos\" \/>\n<script type=\"application\/ld+json\" class=\"yoast-schema-graph\">{\"@context\":\"https:\/\/schema.org\",\"@graph\":[{\"@type\":\"Article\",\"@id\":\"https:\/\/noticiasemdestaque.com\/cd\/?p=943#article\",\"isPartOf\":{\"@id\":\"https:\/\/noticiasemdestaque.com\/cd\/?p=943\"},\"author\":{\"name\":\"Not\u00edcias em Destaque\",\"@id\":\"https:\/\/noticiasemdestaque.com\/cd\/#\/schema\/person\/4a81fb71f77579d059c3045891fa1786\"},\"headline\":\"A partir desta segunda: Caravana do Cora\u00e7\u00e3o realiza atendimentos em 13 cidades paraibanas\",\"datePublished\":\"2017-06-26T16:31:44+00:00\",\"mainEntityOfPage\":{\"@id\":\"https:\/\/noticiasemdestaque.com\/cd\/?p=943\"},\"wordCount\":620,\"publisher\":{\"@id\":\"https:\/\/noticiasemdestaque.com\/cd\/#organization\"},\"image\":{\"@id\":\"https:\/\/noticiasemdestaque.com\/cd\/?p=943#primaryimage\"},\"thumbnailUrl\":\"https:\/\/noticiasemdestaque.com\/cd\/wp-content\/uploads\/2017\/06\/RicardoPuppe_Caravana_Cora\u00e7\u00e3o_PrincesaIsabel-3.jpg\",\"articleSection\":[\"Cidades\"],\"inLanguage\":\"pt-BR\"},{\"@type\":\"WebPage\",\"@id\":\"https:\/\/noticiasemdestaque.com\/cd\/?p=943\",\"url\":\"https:\/\/noticiasemdestaque.com\/cd\/?p=943\",\"name\":\"A partir desta segunda: Caravana do Cora\u00e7\u00e3o realiza atendimentos em 13 cidades paraibanas - Not&iacute;cias em Destaque\",\"isPartOf\":{\"@id\":\"https:\/\/noticiasemdestaque.com\/cd\/#website\"},\"primaryImageOfPage\":{\"@id\":\"https:\/\/noticiasemdestaque.com\/cd\/?p=943#primaryimage\"},\"image\":{\"@id\":\"https:\/\/noticiasemdestaque.com\/cd\/?p=943#primaryimage\"},\"thumbnailUrl\":\"https:\/\/noticiasemdestaque.com\/cd\/wp-content\/uploads\/2017\/06\/RicardoPuppe_Caravana_Cora\u00e7\u00e3o_PrincesaIsabel-3.jpg\",\"datePublished\":\"2017-06-26T16:31:44+00:00\",\"breadcrumb\":{\"@id\":\"https:\/\/noticiasemdestaque.com\/cd\/?p=943#breadcrumb\"},\"inLanguage\":\"pt-BR\",\"potentialAction\":[{\"@type\":\"ReadAction\",\"target\":[\"https:\/\/noticiasemdestaque.com\/cd\/?p=943\"]}]},{\"@type\":\"ImageObject\",\"inLanguage\":\"pt-BR\",\"@id\":\"https:\/\/noticiasemdestaque.com\/cd\/?p=943#primaryimage\",\"url\":\"https:\/\/noticiasemdestaque.com\/cd\/wp-content\/uploads\/2017\/06\/RicardoPuppe_Caravana_Cora\u00e7\u00e3o_PrincesaIsabel-3.jpg\",\"contentUrl\":\"https:\/\/noticiasemdestaque.com\/cd\/wp-content\/uploads\/2017\/06\/RicardoPuppe_Caravana_Cora\u00e7\u00e3o_PrincesaIsabel-3.jpg\",\"width\":1600,\"height\":1067},{\"@type\":\"BreadcrumbList\",\"@id\":\"https:\/\/noticiasemdestaque.com\/cd\/?p=943#breadcrumb\",\"itemListElement\":[{\"@type\":\"ListItem\",\"position\":1,\"name\":\"In\u00edcio\",\"item\":\"https:\/\/noticiasemdestaque.com\/cd\/\"},{\"@type\":\"ListItem\",\"position\":2,\"name\":\"A partir desta segunda: Caravana do Cora\u00e7\u00e3o realiza atendimentos em 13 cidades paraibanas\"}]},{\"@type\":\"WebSite\",\"@id\":\"https:\/\/noticiasemdestaque.com\/cd\/#website\",\"url\":\"https:\/\/noticiasemdestaque.com\/cd\/\",\"name\":\"Not&iacute;cias em Destaque\",\"description\":\"\",\"publisher\":{\"@id\":\"https:\/\/noticiasemdestaque.com\/cd\/#organization\"},\"potentialAction\":[{\"@type\":\"SearchAction\",\"target\":{\"@type\":\"EntryPoint\",\"urlTemplate\":\"https:\/\/noticiasemdestaque.com\/cd\/?s={search_term_string}\"},\"query-input\":{\"@type\":\"PropertyValueSpecification\",\"valueRequired\":true,\"valueName\":\"search_term_string\"}}],\"inLanguage\":\"pt-BR\"},{\"@type\":\"Organization\",\"@id\":\"https:\/\/noticiasemdestaque.com\/cd\/#organization\",\"name\":\"Not\u00edcias em Destaque\",\"url\":\"https:\/\/noticiasemdestaque.com\/cd\/\",\"logo\":{\"@type\":\"ImageObject\",\"inLanguage\":\"pt-BR\",\"@id\":\"https:\/\/noticiasemdestaque.com\/cd\/#\/schema\/logo\/image\/\",\"url\":\"https:\/\/noticiasemdestaque.com\/cd\/wp-content\/uploads\/2022\/05\/imagem-base-noticiasemdestaque.png\",\"contentUrl\":\"https:\/\/noticiasemdestaque.com\/cd\/wp-content\/uploads\/2022\/05\/imagem-base-noticiasemdestaque.png\",\"width\":1200,\"height\":630,\"caption\":\"Not\u00edcias em Destaque\"},\"image\":{\"@id\":\"https:\/\/noticiasemdestaque.com\/cd\/#\/schema\/logo\/image\/\"}},{\"@type\":\"Person\",\"@id\":\"https:\/\/noticiasemdestaque.com\/cd\/#\/schema\/person\/4a81fb71f77579d059c3045891fa1786\",\"name\":\"Not\u00edcias em Destaque\",\"url\":\"https:\/\/noticiasemdestaque.com\/cd\/?author=2\"}]}<\/script>\n<!-- \/ Yoast SEO plugin. -->","yoast_head_json":{"title":"A partir desta segunda: Caravana do Cora\u00e7\u00e3o realiza atendimentos em 13 cidades paraibanas - Not&iacute;cias em Destaque","robots":{"index":"index","follow":"follow","max-snippet":"max-snippet:-1","max-image-preview":"max-image-preview:large","max-video-preview":"max-video-preview:-1"},"canonical":"https:\/\/noticiasemdestaque.com\/cd\/?p=943","og_locale":"pt_BR","og_type":"article","og_title":"A partir desta segunda: Caravana do Cora\u00e7\u00e3o realiza atendimentos em 13 cidades paraibanas - Not&iacute;cias em Destaque","og_description":"O Governo da Para\u00edba, por meio da Secretaria de Estado da Sa\u00fade (SES) e da Rede de Cardiologia Pedi\u00e1trica da Para\u00edba (RCP), em parceria com a ONG pernambucana C\u00edrculo do Cora\u00e7\u00e3o, iniciou a 5\u00aa Caravana do Cora\u00e7\u00e3o. Na tarde desse domingo (25), foi feita a recep\u00e7\u00e3o dos volunt\u00e1rios, no audit\u00f3rio do Conselho Regional de Medicina (CRM), na Capital, com as presen\u00e7as da vice-governadora, L\u00edgia Feliciano; das secret\u00e1rias de Estado da Sa\u00fade, Cl\u00e1udia Veras e Maura Sobreira (executiva); do deputado federal, Dami\u00e3o Feliciano e da deputada estadual, Estela Bezerra. A presidente da ONG C\u00edrculo do Cora\u00e7\u00e3o, Sandra Mattos, deu as \u00faltimas orienta\u00e7\u00f5es para a equipe que este ano \u00e9 composta por quase 100 pessoas. \u201cEsta ser\u00e1 a maior caravana. Este ano, al\u00e9m das crian\u00e7as com cardiopatias cong\u00eanitas e daquelas com microcefalia que est\u00e3o sem acompanhamento, o atendimento ser\u00e1 ampliado para as gestantes. Em cada cidade, ser\u00e3o 100 mulheres, 100 crian\u00e7as e 200 profissionais que ser\u00e3o capacitados nos cursos oferecidos pela Caravana\u201d, explicou. Logo ap\u00f3s o alinhamento da log\u00edstica, a equipe seguiu viagem, em dois \u00f4nibus, para Cajazeiras, onde as atividades acontecem nesta segunda-feira (26). Esta edi\u00e7\u00e3o ser\u00e1 realizada at\u00e9 o dia 8 de julho, em 13 munic\u00edpios. Logo ap\u00f3s Cajazeiras, segue para Sousa, Catol\u00e9 do Rocha, Pombal, Patos, Itaporanga, Princesa Isabel, Monteiro, Esperan\u00e7a, Picu\u00ed, Guarabira, Itabaiana e Mamanguape. A equipe multiprofissional, formada por m\u00e9dicos, enfermeiros, psic\u00f3logos, assistentes sociais, professores e estudantes universit\u00e1rios passa a contar com obstetras, que far\u00e3o o monitoramento e acompanhamento, de forma mais efetiva, da gestante de alto risco, com o objetivo de diminuir a mortalidade materna na Para\u00edba. Claudia Veras ressaltou a import\u00e2ncia da parceria do Governo do Estado com a ONG pernambucana. \u201cO resultado dessa parceria, que vem desde 2011, s\u00f3 nos engrandece e \u00e9 uma prova de que o SUS pode dar certo. Este ser\u00e1 um legado que este governo deixar\u00e1, pois tem como base fazer a diferen\u00e7a na vida da popula\u00e7\u00e3o por onde passa\u201d, ressaltou. A vice-governadora L\u00edgia Feliciano vai acompanhar a equipe em algumas cidades e falou da import\u00e2ncia do trabalho. \u201cDesejo que essa caravana seja coberta de \u00eaxito e cumpra seu prop\u00f3sito de mudar a vida de cada pessoa atendida por voc\u00eas\u201d, enfatizou. O m\u00e9dico Roberto Magliano, presidente da Sociedade Paraibana de Ginecologia e Obstetr\u00edcia, ser\u00e1 um dos integrantes da equipe. \u201cEste trabalho ser\u00e1 fundamental para se ter um diagn\u00f3stico da mortalidade materna, pois \u00e9 muito importante ir at\u00e9 os locais para intervir de maneira mais sistem\u00e1tica para que haja uma maior integra\u00e7\u00e3o com a Aten\u00e7\u00e3o B\u00e1sica, envolvendo todos os profissionais destes munic\u00edpios numa verdadeira opera\u00e7\u00e3o de guerra para evitar que as mulheres morram\u201d, sugeriu Victor de Fran\u00e7a, de 22 anos, \u00e9 um dos volunt\u00e1rios da Caravana. Ele \u00e9 estudante de medicina e integra o grupo pela primeira vez. \u201cMe amina muito a proposta de ajudar sem querer nada em troca. Daqui a dois anos, estarei me formando e \u00e9 muito importante aplicar a teoria que aprendemos em sala de aula num projeto t\u00e3o importante como esse\u201d, disse. A assistente social Maria Jos\u00e9 Souza, que integra a equipe desde a primeira edi\u00e7\u00e3o, \u00e9 uma grande entusiasta do projeto. \u201cPor onde a Caravana do Cora\u00e7\u00e3o passa, leva esperan\u00e7a para as pessoas\u201d, resumiu. Programa\u00e7\u00e3o: 26\/06\u00a0 &#8211;\u00a0 Cajazeiras 27\/06\u00a0 &#8211;\u00a0 Sousa 28\/06\u00a0 &#8211;\u00a0 Catol\u00e9 do Rocha 29\/06\u00a0 &#8211;\u00a0 Pombal 30\/06\u00a0 &#8211;\u00a0 Patos 01\/07\u00a0 &#8211;\u00a0 Itaporanga 02\/07\u00a0 &#8211;\u00a0 Princesa Isabel 03\/07\u00a0 &#8211;\u00a0 Monteiro 04\/07\u00a0 &#8211;\u00a0 Esperan\u00e7a 05\/07\u00a0 &#8211;\u00a0 Picu\u00ed 06\/07\u00a0 &#8211;\u00a0 Guarabira 07\/07\u00a0 &#8211;\u00a0 Itabaiana 08\/07\u00a0 &#8211;\u00a0 Mamanguape Cariri em Destaque Com Secom","og_url":"https:\/\/noticiasemdestaque.com\/cd\/?p=943","og_site_name":"Not&iacute;cias em Destaque","article_published_time":"2017-06-26T16:31:44+00:00","og_image":[{"width":1600,"height":1067,"url":"https:\/\/noticiasemdestaque.com\/cd\/wp-content\/uploads\/2017\/06\/RicardoPuppe_Caravana_Cora\u00e7\u00e3o_PrincesaIsabel-3.jpg","type":"image\/jpeg"}],"author":"Not\u00edcias em Destaque","twitter_card":"summary_large_image","twitter_misc":{"Escrito por":"Not\u00edcias em Destaque","Est. tempo de leitura":"3 minutos"},"schema":{"@context":"https:\/\/schema.org","@graph":[{"@type":"Article","@id":"https:\/\/noticiasemdestaque.com\/cd\/?p=943#article","isPartOf":{"@id":"https:\/\/noticiasemdestaque.com\/cd\/?p=943"},"author":{"name":"Not\u00edcias em Destaque","@id":"https:\/\/noticiasemdestaque.com\/cd\/#\/schema\/person\/4a81fb71f77579d059c3045891fa1786"},"headline":"A partir desta segunda: Caravana do Cora\u00e7\u00e3o realiza atendimentos em 13 cidades paraibanas","datePublished":"2017-06-26T16:31:44+00:00","mainEntityOfPage":{"@id":"https:\/\/noticiasemdestaque.com\/cd\/?p=943"},"wordCount":620,"publisher":{"@id":"https:\/\/noticiasemdestaque.com\/cd\/#organization"},"image":{"@id":"https:\/\/noticiasemdestaque.com\/cd\/?p=943#primaryimage"},"thumbnailUrl":"https:\/\/noticiasemdestaque.com\/cd\/wp-content\/uploads\/2017\/06\/RicardoPuppe_Caravana_Cora\u00e7\u00e3o_PrincesaIsabel-3.jpg","articleSection":["Cidades"],"inLanguage":"pt-BR"},{"@type":"WebPage","@id":"https:\/\/noticiasemdestaque.com\/cd\/?p=943","url":"https:\/\/noticiasemdestaque.com\/cd\/?p=943","name":"A partir desta segunda: Caravana do Cora\u00e7\u00e3o realiza atendimentos em 13 cidades paraibanas - Not&iacute;cias em Destaque","isPartOf":{"@id":"https:\/\/noticiasemdestaque.com\/cd\/#website"},"primaryImageOfPage":{"@id":"https:\/\/noticiasemdestaque.com\/cd\/?p=943#primaryimage"},"image":{"@id":"https:\/\/noticiasemdestaque.com\/cd\/?p=943#primaryimage"},"thumbnailUrl":"https:\/\/noticiasemdestaque.com\/cd\/wp-content\/uploads\/2017\/06\/RicardoPuppe_Caravana_Cora\u00e7\u00e3o_PrincesaIsabel-3.jpg","datePublished":"2017-06-26T16:31:44+00:00","breadcrumb":{"@id":"https:\/\/noticiasemdestaque.com\/cd\/?p=943#breadcrumb"},"inLanguage":"pt-BR","potentialAction":[{"@type":"ReadAction","target":["https:\/\/noticiasemdestaque.com\/cd\/?p=943"]}]},{"@type":"ImageObject","inLanguage":"pt-BR","@id":"https:\/\/noticiasemdestaque.com\/cd\/?p=943#primaryimage","url":"https:\/\/noticiasemdestaque.com\/cd\/wp-content\/uploads\/2017\/06\/RicardoPuppe_Caravana_Cora\u00e7\u00e3o_PrincesaIsabel-3.jpg","contentUrl":"https:\/\/noticiasemdestaque.com\/cd\/wp-content\/uploads\/2017\/06\/RicardoPuppe_Caravana_Cora\u00e7\u00e3o_PrincesaIsabel-3.jpg","width":1600,"height":1067},{"@type":"BreadcrumbList","@id":"https:\/\/noticiasemdestaque.com\/cd\/?p=943#breadcrumb","itemListElement":[{"@type":"ListItem","position":1,"name":"In\u00edcio","item":"https:\/\/noticiasemdestaque.com\/cd\/"},{"@type":"ListItem","position":2,"name":"A partir desta segunda: Caravana do Cora\u00e7\u00e3o realiza atendimentos em 13 cidades paraibanas"}]},{"@type":"WebSite","@id":"https:\/\/noticiasemdestaque.com\/cd\/#website","url":"https:\/\/noticiasemdestaque.com\/cd\/","name":"Not&iacute;cias em Destaque","description":"","publisher":{"@id":"https:\/\/noticiasemdestaque.com\/cd\/#organization"},"potentialAction":[{"@type":"SearchAction","target":{"@type":"EntryPoint","urlTemplate":"https:\/\/noticiasemdestaque.com\/cd\/?s={search_term_string}"},"query-input":{"@type":"PropertyValueSpecification","valueRequired":true,"valueName":"search_term_string"}}],"inLanguage":"pt-BR"},{"@type":"Organization","@id":"https:\/\/noticiasemdestaque.com\/cd\/#organization","name":"Not\u00edcias em Destaque","url":"https:\/\/noticiasemdestaque.com\/cd\/","logo":{"@type":"ImageObject","inLanguage":"pt-BR","@id":"https:\/\/noticiasemdestaque.com\/cd\/#\/schema\/logo\/image\/","url":"https:\/\/noticiasemdestaque.com\/cd\/wp-content\/uploads\/2022\/05\/imagem-base-noticiasemdestaque.png","contentUrl":"https:\/\/noticiasemdestaque.com\/cd\/wp-content\/uploads\/2022\/05\/imagem-base-noticiasemdestaque.png","width":1200,"height":630,"caption":"Not\u00edcias em Destaque"},"image":{"@id":"https:\/\/noticiasemdestaque.com\/cd\/#\/schema\/logo\/image\/"}},{"@type":"Person","@id":"https:\/\/noticiasemdestaque.com\/cd\/#\/schema\/person\/4a81fb71f77579d059c3045891fa1786","name":"Not\u00edcias em Destaque","url":"https:\/\/noticiasemdestaque.com\/cd\/?author=2"}]}},"jetpack_featured_media_url":"https:\/\/noticiasemdestaque.com\/cd\/wp-content\/uploads\/2017\/06\/RicardoPuppe_Caravana_Cora\u00e7\u00e3o_PrincesaIsabel-3.jpg","jetpack_sharing_enabled":true,"_links":{"self":[{"href":"https:\/\/noticiasemdestaque.com\/cd\/index.php?rest_route=\/wp\/v2\/posts\/943","targetHints":{"allow":["GET"]}}],"collection":[{"href":"https:\/\/noticiasemdestaque.com\/cd\/index.php?rest_route=\/wp\/v2\/posts"}],"about":[{"href":"https:\/\/noticiasemdestaque.com\/cd\/index.php?rest_route=\/wp\/v2\/types\/post"}],"author":[{"embeddable":true,"href":"https:\/\/noticiasemdestaque.com\/cd\/index.php?rest_route=\/wp\/v2\/users\/2"}],"replies":[{"embeddable":true,"href":"https:\/\/noticiasemdestaque.com\/cd\/index.php?rest_route=%2Fwp%2Fv2%2Fcomments&post=943"}],"version-history":[{"count":1,"href":"https:\/\/noticiasemdestaque.com\/cd\/index.php?rest_route=\/wp\/v2\/posts\/943\/revisions"}],"predecessor-version":[{"id":945,"href":"https:\/\/noticiasemdestaque.com\/cd\/index.php?rest_route=\/wp\/v2\/posts\/943\/revisions\/945"}],"wp:featuredmedia":[{"embeddable":true,"href":"https:\/\/noticiasemdestaque.com\/cd\/index.php?rest_route=\/wp\/v2\/media\/944"}],"wp:attachment":[{"href":"https:\/\/noticiasemdestaque.com\/cd\/index.php?rest_route=%2Fwp%2Fv2%2Fmedia&parent=943"}],"wp:term":[{"taxonomy":"category","embeddable":true,"href":"https:\/\/noticiasemdestaque.com\/cd\/index.php?rest_route=%2Fwp%2Fv2%2Fcategories&post=943"},{"taxonomy":"post_tag","embeddable":true,"href":"https:\/\/noticiasemdestaque.com\/cd\/index.php?rest_route=%2Fwp%2Fv2%2Ftags&post=943"}],"curies":[{"name":"wp","href":"https:\/\/api.w.org\/{rel}","templated":true}]}}