{"id":94,"date":"2017-05-27T17:28:47","date_gmt":"2017-05-27T20:28:47","guid":{"rendered":"http:\/\/caririemdestaque.com\/cd\/?p=94"},"modified":"2017-06-06T08:48:19","modified_gmt":"2017-06-06T11:48:19","slug":"governo-recua-e-revoga-trecho-de-decreto-que-ampliava-ensino-a-distancia-na-educacao-fundamental","status":"publish","type":"post","link":"https:\/\/noticiasemdestaque.com\/cd\/?p=94","title":{"rendered":"Governo recua e revoga trecho de decreto que ampliava ensino a dist\u00e2ncia na educa\u00e7\u00e3o fundamental"},"content":{"rendered":"<div class=\"mc-column content-text active-extra-styles active-capital-letter\" data-block-type=\"unstyled\" data-block-weight=\"66\">\n<p class=\"content-text__container theme-color-primary-first-letter\" data-track-category=\"Link no Texto\"><a href=\"http:\/\/caririemdestaque.com\/cd\/wp-content\/uploads\/2017\/05\/saladeaula-300x168.jpg\"><img fetchpriority=\"high\" decoding=\"async\" class=\"size-medium wp-image-95 aligncenter\" src=\"http:\/\/caririemdestaque.com\/cd\/wp-content\/uploads\/2017\/05\/saladeaula-300x168-300x168.jpg\" alt=\"\" width=\"300\" height=\"168\" \/><\/a>No mesmo dia em que\u00a0autorizou que alunos do ensino fundamental que ficassem sem aula por falta de professor conclu\u00edssem as disciplinas por meio de ensino a dist\u00e2ncia, o governo federal recuou e decidiu revogar trecho do decreto presidencial que facilitou a oferta desses cursos em \u201csitua\u00e7\u00f5es emergenciais\u201d. Um novo decreto ser\u00e1 publicado na edi\u00e7\u00e3o desta segunda-feira (29) do \u201cDi\u00e1rio Oficial da Uni\u00e3o\u201d retificando o anterior.<\/p>\n<\/div>\n<div class=\"mc-column content-text active-extra-styles \" data-block-type=\"unstyled\" data-block-weight=\"60\">\n<p class=\"content-text__container \" data-track-category=\"Link no Texto\">Por meio de nota, a Secretaria de Educa\u00e7\u00e3o B\u00e1sica do Minist\u00e9rio da Educa\u00e7\u00e3o informou que houve um \u201cerro material\u201d na reda\u00e7\u00e3o do artigo 9\u00ba do decreto 9.057, que havia sido assinado pelo presidente Michel Temer na \u00faltima quinta (25). O decreto que havia ampliado o acesso aos cursos de EaD foi publicado na edi\u00e7\u00e3o desta sexta (26) do<a href=\"http:\/\/g1.globo.com\/educacao\/noticia\/mec-facilita-abertura-de-cursos-superiores-a-distancia-e-preve-uso-na-educacao-basica.ghtml\"> \u201cDi\u00e1rio Oficial\u201d<\/a>.<\/p>\n<\/div>\n<div class=\"mc-column content-text active-extra-styles \" data-block-type=\"unstyled\" data-block-weight=\"20\">\n<p class=\"content-text__container \" data-track-category=\"Link no Texto\">Entre outros pontos, o ato presidencial permitia cursos a dist\u00e2ncia para educa\u00e7\u00e3o b\u00e1sica (fundamental, m\u00e9dio e profissional) em situa\u00e7\u00f5es especiais.<\/p>\n<\/div>\n<div class=\"mc-column content-text active-extra-styles \" data-block-type=\"unstyled\" data-block-weight=\"46\">\n<p class=\"content-text__container \" data-track-category=\"Link no Texto\">No caso espec\u00edfico da educa\u00e7\u00e3o fundamental, o governo havia permitido no artigo 9\u00ba do decreto desta semana permitir que os estudantes matriculados nas s\u00e9ries finais do ensino fundamental que estivessem privados da oferta de disciplinas obrigat\u00f3rias do curr\u00edculo escolar cursassem as disciplinas por meio do EaD.<\/p>\n<\/div>\n<div class=\"mc-column content-text active-extra-styles \" data-block-type=\"unstyled\" data-block-weight=\"27\">\n<p class=\"content-text__container \" data-track-category=\"Link no Texto\">Na pr\u00e1tica, o governo havia dado aval para que os alunos que ficassem sem aula por falta de professor se matriculassem em cursos de ensino a dist\u00e2ncia.<\/p>\n<\/div>\n<div class=\"mc-column content-text active-extra-styles \" data-block-type=\"unstyled\" data-block-weight=\"30\">\n<p class=\"content-text__container \" data-track-category=\"Link no Texto\">Segundo a assessoria da pasta, o decreto assinado por Temer revoga outro, de 2005, que tamb\u00e9m permitia a amplia\u00e7\u00e3o de oferta de novos cursos nos ensino fundamental, m\u00e9dio e superior.<\/p>\n<\/div>\n<div class=\"mc-column content-text active-extra-styles \" data-block-type=\"unstyled\" data-block-weight=\"75\">\n<p class=\"content-text__container \" data-track-category=\"Link no Texto\">\u201cA Secretaria de Educa\u00e7\u00e3o B\u00e1sica do MEC informa que houve um erro material na reda\u00e7\u00e3o do Art. 9\u00ba do Decreto 9.057 de 25 de maio de 2017. Diante disso, a retifica\u00e7\u00e3o ser\u00e1 enviada para publica\u00e7\u00e3o na pr\u00f3xima segunda-feira (29\/05), restabelecendo os termos do Decreto 5.622 de 19 de dezembro de 2005 de acordo com o \u00a7 4\u00ba do art. 32 da Lei n\u00ba 9.394 (LDB) de 1996\u201d, diz a nota divulgada pelo Minist\u00e9rio da Educa\u00e7\u00e3o.<\/p>\n<\/div>\n<div class=\"mc-column content-text active-extra-styles \" data-block-type=\"unstyled\" data-block-weight=\"32\">\n<p class=\"content-text__container \" data-track-category=\"Link no Texto\">Diante da avalia\u00e7\u00e3o de que ocorreu um erro no artigo 9\u00ba, o governo decidiu revogar este dispositivo. Com isso, ressaltou a assessoria do MEC, ficam mantido os termos do decreto de 2005.<\/p>\n<\/div>\n<div class=\"mc-column content-text active-extra-styles \" data-block-type=\"unstyled\" data-block-weight=\"19\">\n<p class=\"content-text__container \" data-track-category=\"Link no Texto\">A legisla\u00e7\u00e3o anterior j\u00e1 permitia o acesso dos estudantes do ensino fundamentgal aos cursos de EaD nas seguintes situa\u00e7\u00f5es:<\/p>\n<p class=\"content-text__container \" data-track-category=\"Link no Texto\">estejam impedidos, por motivo de sa\u00fade, de acompanhar o ensino presencial<\/p>\n<\/div>\n<div class=\"mc-column content-text active-extra-styles\" data-block-type=\"raw\" data-block-weight=\"46\">\n<ul class=\"content-unordered-list\">\n<li>se encontram no exterior<\/li>\n<li>vivam em localidades que n\u00e3o possuam rede regular de atendimento presencial<\/li>\n<li>s\u00e3o transferidos compulsoriamente para regi\u00f5es de dif\u00edcil acesso (inclu\u00eddas as miss\u00f5es localizadas em regi\u00f5es de fronteira)<\/li>\n<li>estejam privados de liberdade<\/li>\n<\/ul>\n<\/div>\n<div class=\"mc-column content-text active-extra-styles \" data-block-type=\"unstyled\" data-block-weight=\"40\">\n<p class=\"content-text__container \" data-track-category=\"Link no Texto\">O trecho que havia sido inclu\u00eddo nesta semana e que agora foi revogado ampliava essa possibilidade especial tamb\u00e9m aos estudantes que \u201cestejam matriculados nas s\u00e9ries finais do ensino fundamental regular e privados da oferta de disciplinas obrigat\u00f3rias do curr\u00edculo escolar\u201d.<\/p>\n<\/div>\n<p>G1<\/p>\n","protected":false},"excerpt":{"rendered":"<p>No mesmo dia em que\u00a0autorizou que alunos do ensino fundamental que ficassem sem aula por falta de professor conclu\u00edssem as disciplinas por meio de ensino a dist\u00e2ncia, o governo federal recuou e decidiu revogar trecho do decreto presidencial que facilitou a oferta desses cursos em \u201csitua\u00e7\u00f5es emergenciais\u201d. Um novo decreto ser\u00e1 publicado na edi\u00e7\u00e3o desta segunda-feira (29) do \u201cDi\u00e1rio Oficial da Uni\u00e3o\u201d retificando o anterior. Por meio de nota, a Secretaria de Educa\u00e7\u00e3o B\u00e1sica do Minist\u00e9rio da Educa\u00e7\u00e3o informou que houve um \u201cerro material\u201d na reda\u00e7\u00e3o do artigo 9\u00ba do decreto 9.057, que havia sido assinado pelo presidente Michel Temer na \u00faltima quinta (25). O decreto que havia ampliado o acesso aos cursos de EaD foi publicado na edi\u00e7\u00e3o desta sexta (26) do \u201cDi\u00e1rio Oficial\u201d. Entre outros pontos, o ato presidencial permitia cursos a dist\u00e2ncia para educa\u00e7\u00e3o b\u00e1sica (fundamental, m\u00e9dio e profissional) em situa\u00e7\u00f5es especiais. No caso espec\u00edfico da educa\u00e7\u00e3o fundamental, o governo havia permitido no artigo 9\u00ba do decreto desta semana permitir que os estudantes matriculados nas s\u00e9ries finais do ensino fundamental que estivessem privados da oferta de disciplinas obrigat\u00f3rias do curr\u00edculo escolar cursassem as disciplinas por meio do EaD. Na pr\u00e1tica, o governo havia dado aval para que os alunos que ficassem sem aula por falta de professor se matriculassem em cursos de ensino a dist\u00e2ncia. Segundo a assessoria da pasta, o decreto assinado por Temer revoga outro, de 2005, que tamb\u00e9m permitia a amplia\u00e7\u00e3o de oferta de novos cursos nos ensino fundamental, m\u00e9dio e superior. \u201cA Secretaria de Educa\u00e7\u00e3o B\u00e1sica do MEC informa que houve um erro material na reda\u00e7\u00e3o do Art. 9\u00ba do Decreto 9.057 de 25 de maio de 2017. Diante disso, a retifica\u00e7\u00e3o ser\u00e1 enviada para publica\u00e7\u00e3o na pr\u00f3xima segunda-feira (29\/05), restabelecendo os termos do Decreto 5.622 de 19 de dezembro de 2005 de acordo com o \u00a7 4\u00ba do art. 32 da Lei n\u00ba 9.394 (LDB) de 1996\u201d, diz a nota divulgada pelo Minist\u00e9rio da Educa\u00e7\u00e3o. Diante da avalia\u00e7\u00e3o de que ocorreu um erro no artigo 9\u00ba, o governo decidiu revogar este dispositivo. Com isso, ressaltou a assessoria do MEC, ficam mantido os termos do decreto de 2005. A legisla\u00e7\u00e3o anterior j\u00e1 permitia o acesso dos estudantes do ensino fundamentgal aos cursos de EaD nas seguintes situa\u00e7\u00f5es: estejam impedidos, por motivo de sa\u00fade, de acompanhar o ensino presencial se encontram no exterior vivam em localidades que n\u00e3o possuam rede regular de atendimento presencial s\u00e3o transferidos compulsoriamente para regi\u00f5es de dif\u00edcil acesso (inclu\u00eddas as miss\u00f5es localizadas em regi\u00f5es de fronteira) estejam privados de liberdade O trecho que havia sido inclu\u00eddo nesta semana e que agora foi revogado ampliava essa possibilidade especial tamb\u00e9m aos estudantes que \u201cestejam matriculados nas s\u00e9ries finais do ensino fundamental regular e privados da oferta de disciplinas obrigat\u00f3rias do curr\u00edculo escolar\u201d. G1<\/p>\n","protected":false},"author":2,"featured_media":95,"comment_status":"closed","ping_status":"closed","sticky":false,"template":"","format":"standard","meta":{"_eb_attr":"","_jetpack_memberships_contains_paid_content":false,"footnotes":""},"categories":[6],"tags":[],"class_list":["post-94","post","type-post","status-publish","format-standard","has-post-thumbnail","hentry","category-educacao"],"yoast_head":"<!-- This site is optimized with the Yoast SEO plugin v26.5 - https:\/\/yoast.com\/wordpress\/plugins\/seo\/ -->\n<title>Governo recua e revoga trecho de decreto que ampliava ensino a dist\u00e2ncia na educa\u00e7\u00e3o fundamental - Not&iacute;cias em Destaque<\/title>\n<meta name=\"robots\" content=\"index, follow, max-snippet:-1, max-image-preview:large, max-video-preview:-1\" \/>\n<link rel=\"canonical\" href=\"https:\/\/noticiasemdestaque.com\/cd\/?p=94\" \/>\n<meta property=\"og:locale\" content=\"pt_BR\" \/>\n<meta property=\"og:type\" content=\"article\" \/>\n<meta property=\"og:title\" content=\"Governo recua e revoga trecho de decreto que ampliava ensino a dist\u00e2ncia na educa\u00e7\u00e3o fundamental - Not&iacute;cias em Destaque\" \/>\n<meta property=\"og:description\" content=\"No mesmo dia em que\u00a0autorizou que alunos do ensino fundamental que ficassem sem aula por falta de professor conclu\u00edssem as disciplinas por meio de ensino a dist\u00e2ncia, o governo federal recuou e decidiu revogar trecho do decreto presidencial que facilitou a oferta desses cursos em \u201csitua\u00e7\u00f5es emergenciais\u201d. Um novo decreto ser\u00e1 publicado na edi\u00e7\u00e3o desta segunda-feira (29) do \u201cDi\u00e1rio Oficial da Uni\u00e3o\u201d retificando o anterior. Por meio de nota, a Secretaria de Educa\u00e7\u00e3o B\u00e1sica do Minist\u00e9rio da Educa\u00e7\u00e3o informou que houve um \u201cerro material\u201d na reda\u00e7\u00e3o do artigo 9\u00ba do decreto 9.057, que havia sido assinado pelo presidente Michel Temer na \u00faltima quinta (25). O decreto que havia ampliado o acesso aos cursos de EaD foi publicado na edi\u00e7\u00e3o desta sexta (26) do \u201cDi\u00e1rio Oficial\u201d. Entre outros pontos, o ato presidencial permitia cursos a dist\u00e2ncia para educa\u00e7\u00e3o b\u00e1sica (fundamental, m\u00e9dio e profissional) em situa\u00e7\u00f5es especiais. No caso espec\u00edfico da educa\u00e7\u00e3o fundamental, o governo havia permitido no artigo 9\u00ba do decreto desta semana permitir que os estudantes matriculados nas s\u00e9ries finais do ensino fundamental que estivessem privados da oferta de disciplinas obrigat\u00f3rias do curr\u00edculo escolar cursassem as disciplinas por meio do EaD. Na pr\u00e1tica, o governo havia dado aval para que os alunos que ficassem sem aula por falta de professor se matriculassem em cursos de ensino a dist\u00e2ncia. Segundo a assessoria da pasta, o decreto assinado por Temer revoga outro, de 2005, que tamb\u00e9m permitia a amplia\u00e7\u00e3o de oferta de novos cursos nos ensino fundamental, m\u00e9dio e superior. \u201cA Secretaria de Educa\u00e7\u00e3o B\u00e1sica do MEC informa que houve um erro material na reda\u00e7\u00e3o do Art. 9\u00ba do Decreto 9.057 de 25 de maio de 2017. Diante disso, a retifica\u00e7\u00e3o ser\u00e1 enviada para publica\u00e7\u00e3o na pr\u00f3xima segunda-feira (29\/05), restabelecendo os termos do Decreto 5.622 de 19 de dezembro de 2005 de acordo com o \u00a7 4\u00ba do art. 32 da Lei n\u00ba 9.394 (LDB) de 1996\u201d, diz a nota divulgada pelo Minist\u00e9rio da Educa\u00e7\u00e3o. Diante da avalia\u00e7\u00e3o de que ocorreu um erro no artigo 9\u00ba, o governo decidiu revogar este dispositivo. Com isso, ressaltou a assessoria do MEC, ficam mantido os termos do decreto de 2005. A legisla\u00e7\u00e3o anterior j\u00e1 permitia o acesso dos estudantes do ensino fundamentgal aos cursos de EaD nas seguintes situa\u00e7\u00f5es: estejam impedidos, por motivo de sa\u00fade, de acompanhar o ensino presencial se encontram no exterior vivam em localidades que n\u00e3o possuam rede regular de atendimento presencial s\u00e3o transferidos compulsoriamente para regi\u00f5es de dif\u00edcil acesso (inclu\u00eddas as miss\u00f5es localizadas em regi\u00f5es de fronteira) estejam privados de liberdade O trecho que havia sido inclu\u00eddo nesta semana e que agora foi revogado ampliava essa possibilidade especial tamb\u00e9m aos estudantes que \u201cestejam matriculados nas s\u00e9ries finais do ensino fundamental regular e privados da oferta de disciplinas obrigat\u00f3rias do curr\u00edculo escolar\u201d. G1\" \/>\n<meta property=\"og:url\" content=\"https:\/\/noticiasemdestaque.com\/cd\/?p=94\" \/>\n<meta property=\"og:site_name\" content=\"Not&iacute;cias em Destaque\" \/>\n<meta property=\"article:published_time\" content=\"2017-05-27T20:28:47+00:00\" \/>\n<meta property=\"article:modified_time\" content=\"2017-06-06T11:48:19+00:00\" \/>\n<meta property=\"og:image\" content=\"https:\/\/noticiasemdestaque.com\/cd\/wp-content\/uploads\/2017\/05\/saladeaula-300x168.jpg\" \/>\n\t<meta property=\"og:image:width\" content=\"300\" \/>\n\t<meta property=\"og:image:height\" content=\"168\" \/>\n\t<meta property=\"og:image:type\" content=\"image\/jpeg\" \/>\n<meta name=\"author\" content=\"Not\u00edcias em Destaque\" \/>\n<meta name=\"twitter:card\" content=\"summary_large_image\" \/>\n<meta name=\"twitter:label1\" content=\"Escrito por\" \/>\n\t<meta name=\"twitter:data1\" content=\"Not\u00edcias em Destaque\" \/>\n\t<meta name=\"twitter:label2\" content=\"Est. tempo de leitura\" \/>\n\t<meta name=\"twitter:data2\" content=\"2 minutos\" \/>\n<script type=\"application\/ld+json\" class=\"yoast-schema-graph\">{\"@context\":\"https:\/\/schema.org\",\"@graph\":[{\"@type\":\"Article\",\"@id\":\"https:\/\/noticiasemdestaque.com\/cd\/?p=94#article\",\"isPartOf\":{\"@id\":\"https:\/\/noticiasemdestaque.com\/cd\/?p=94\"},\"author\":{\"name\":\"Not\u00edcias em Destaque\",\"@id\":\"https:\/\/noticiasemdestaque.com\/cd\/#\/schema\/person\/47f7d4f55eec17c6b2ca036c5500f6ce\"},\"headline\":\"Governo recua e revoga trecho de decreto que ampliava ensino a dist\u00e2ncia na educa\u00e7\u00e3o fundamental\",\"datePublished\":\"2017-05-27T20:28:47+00:00\",\"dateModified\":\"2017-06-06T11:48:19+00:00\",\"mainEntityOfPage\":{\"@id\":\"https:\/\/noticiasemdestaque.com\/cd\/?p=94\"},\"wordCount\":509,\"publisher\":{\"@id\":\"https:\/\/noticiasemdestaque.com\/cd\/#organization\"},\"image\":{\"@id\":\"https:\/\/noticiasemdestaque.com\/cd\/?p=94#primaryimage\"},\"thumbnailUrl\":\"https:\/\/noticiasemdestaque.com\/cd\/wp-content\/uploads\/2017\/05\/saladeaula-300x168.jpg\",\"articleSection\":[\"Educa\u00e7\u00e3o\"],\"inLanguage\":\"pt-BR\"},{\"@type\":\"WebPage\",\"@id\":\"https:\/\/noticiasemdestaque.com\/cd\/?p=94\",\"url\":\"https:\/\/noticiasemdestaque.com\/cd\/?p=94\",\"name\":\"Governo recua e revoga trecho de decreto que ampliava ensino a dist\u00e2ncia na educa\u00e7\u00e3o fundamental - Not&iacute;cias em Destaque\",\"isPartOf\":{\"@id\":\"https:\/\/noticiasemdestaque.com\/cd\/#website\"},\"primaryImageOfPage\":{\"@id\":\"https:\/\/noticiasemdestaque.com\/cd\/?p=94#primaryimage\"},\"image\":{\"@id\":\"https:\/\/noticiasemdestaque.com\/cd\/?p=94#primaryimage\"},\"thumbnailUrl\":\"https:\/\/noticiasemdestaque.com\/cd\/wp-content\/uploads\/2017\/05\/saladeaula-300x168.jpg\",\"datePublished\":\"2017-05-27T20:28:47+00:00\",\"dateModified\":\"2017-06-06T11:48:19+00:00\",\"breadcrumb\":{\"@id\":\"https:\/\/noticiasemdestaque.com\/cd\/?p=94#breadcrumb\"},\"inLanguage\":\"pt-BR\",\"potentialAction\":[{\"@type\":\"ReadAction\",\"target\":[\"https:\/\/noticiasemdestaque.com\/cd\/?p=94\"]}]},{\"@type\":\"ImageObject\",\"inLanguage\":\"pt-BR\",\"@id\":\"https:\/\/noticiasemdestaque.com\/cd\/?p=94#primaryimage\",\"url\":\"https:\/\/noticiasemdestaque.com\/cd\/wp-content\/uploads\/2017\/05\/saladeaula-300x168.jpg\",\"contentUrl\":\"https:\/\/noticiasemdestaque.com\/cd\/wp-content\/uploads\/2017\/05\/saladeaula-300x168.jpg\",\"width\":300,\"height\":168},{\"@type\":\"BreadcrumbList\",\"@id\":\"https:\/\/noticiasemdestaque.com\/cd\/?p=94#breadcrumb\",\"itemListElement\":[{\"@type\":\"ListItem\",\"position\":1,\"name\":\"In\u00edcio\",\"item\":\"https:\/\/noticiasemdestaque.com\/cd\/\"},{\"@type\":\"ListItem\",\"position\":2,\"name\":\"Governo recua e revoga trecho de decreto que ampliava ensino a dist\u00e2ncia na educa\u00e7\u00e3o fundamental\"}]},{\"@type\":\"WebSite\",\"@id\":\"https:\/\/noticiasemdestaque.com\/cd\/#website\",\"url\":\"https:\/\/noticiasemdestaque.com\/cd\/\",\"name\":\"Not&iacute;cias em Destaque\",\"description\":\"\",\"publisher\":{\"@id\":\"https:\/\/noticiasemdestaque.com\/cd\/#organization\"},\"potentialAction\":[{\"@type\":\"SearchAction\",\"target\":{\"@type\":\"EntryPoint\",\"urlTemplate\":\"https:\/\/noticiasemdestaque.com\/cd\/?s={search_term_string}\"},\"query-input\":{\"@type\":\"PropertyValueSpecification\",\"valueRequired\":true,\"valueName\":\"search_term_string\"}}],\"inLanguage\":\"pt-BR\"},{\"@type\":\"Organization\",\"@id\":\"https:\/\/noticiasemdestaque.com\/cd\/#organization\",\"name\":\"Not\u00edcias em Destaque\",\"url\":\"https:\/\/noticiasemdestaque.com\/cd\/\",\"logo\":{\"@type\":\"ImageObject\",\"inLanguage\":\"pt-BR\",\"@id\":\"https:\/\/noticiasemdestaque.com\/cd\/#\/schema\/logo\/image\/\",\"url\":\"https:\/\/noticiasemdestaque.com\/cd\/wp-content\/uploads\/2022\/05\/imagem-base-noticiasemdestaque.png\",\"contentUrl\":\"https:\/\/noticiasemdestaque.com\/cd\/wp-content\/uploads\/2022\/05\/imagem-base-noticiasemdestaque.png\",\"width\":1200,\"height\":630,\"caption\":\"Not\u00edcias em Destaque\"},\"image\":{\"@id\":\"https:\/\/noticiasemdestaque.com\/cd\/#\/schema\/logo\/image\/\"}},{\"@type\":\"Person\",\"@id\":\"https:\/\/noticiasemdestaque.com\/cd\/#\/schema\/person\/47f7d4f55eec17c6b2ca036c5500f6ce\",\"name\":\"Not\u00edcias em Destaque\",\"url\":\"https:\/\/noticiasemdestaque.com\/cd\/?author=2\"}]}<\/script>\n<!-- \/ Yoast SEO plugin. -->","yoast_head_json":{"title":"Governo recua e revoga trecho de decreto que ampliava ensino a dist\u00e2ncia na educa\u00e7\u00e3o fundamental - Not&iacute;cias em Destaque","robots":{"index":"index","follow":"follow","max-snippet":"max-snippet:-1","max-image-preview":"max-image-preview:large","max-video-preview":"max-video-preview:-1"},"canonical":"https:\/\/noticiasemdestaque.com\/cd\/?p=94","og_locale":"pt_BR","og_type":"article","og_title":"Governo recua e revoga trecho de decreto que ampliava ensino a dist\u00e2ncia na educa\u00e7\u00e3o fundamental - Not&iacute;cias em Destaque","og_description":"No mesmo dia em que\u00a0autorizou que alunos do ensino fundamental que ficassem sem aula por falta de professor conclu\u00edssem as disciplinas por meio de ensino a dist\u00e2ncia, o governo federal recuou e decidiu revogar trecho do decreto presidencial que facilitou a oferta desses cursos em \u201csitua\u00e7\u00f5es emergenciais\u201d. Um novo decreto ser\u00e1 publicado na edi\u00e7\u00e3o desta segunda-feira (29) do \u201cDi\u00e1rio Oficial da Uni\u00e3o\u201d retificando o anterior. Por meio de nota, a Secretaria de Educa\u00e7\u00e3o B\u00e1sica do Minist\u00e9rio da Educa\u00e7\u00e3o informou que houve um \u201cerro material\u201d na reda\u00e7\u00e3o do artigo 9\u00ba do decreto 9.057, que havia sido assinado pelo presidente Michel Temer na \u00faltima quinta (25). O decreto que havia ampliado o acesso aos cursos de EaD foi publicado na edi\u00e7\u00e3o desta sexta (26) do \u201cDi\u00e1rio Oficial\u201d. Entre outros pontos, o ato presidencial permitia cursos a dist\u00e2ncia para educa\u00e7\u00e3o b\u00e1sica (fundamental, m\u00e9dio e profissional) em situa\u00e7\u00f5es especiais. No caso espec\u00edfico da educa\u00e7\u00e3o fundamental, o governo havia permitido no artigo 9\u00ba do decreto desta semana permitir que os estudantes matriculados nas s\u00e9ries finais do ensino fundamental que estivessem privados da oferta de disciplinas obrigat\u00f3rias do curr\u00edculo escolar cursassem as disciplinas por meio do EaD. Na pr\u00e1tica, o governo havia dado aval para que os alunos que ficassem sem aula por falta de professor se matriculassem em cursos de ensino a dist\u00e2ncia. Segundo a assessoria da pasta, o decreto assinado por Temer revoga outro, de 2005, que tamb\u00e9m permitia a amplia\u00e7\u00e3o de oferta de novos cursos nos ensino fundamental, m\u00e9dio e superior. \u201cA Secretaria de Educa\u00e7\u00e3o B\u00e1sica do MEC informa que houve um erro material na reda\u00e7\u00e3o do Art. 9\u00ba do Decreto 9.057 de 25 de maio de 2017. Diante disso, a retifica\u00e7\u00e3o ser\u00e1 enviada para publica\u00e7\u00e3o na pr\u00f3xima segunda-feira (29\/05), restabelecendo os termos do Decreto 5.622 de 19 de dezembro de 2005 de acordo com o \u00a7 4\u00ba do art. 32 da Lei n\u00ba 9.394 (LDB) de 1996\u201d, diz a nota divulgada pelo Minist\u00e9rio da Educa\u00e7\u00e3o. Diante da avalia\u00e7\u00e3o de que ocorreu um erro no artigo 9\u00ba, o governo decidiu revogar este dispositivo. Com isso, ressaltou a assessoria do MEC, ficam mantido os termos do decreto de 2005. A legisla\u00e7\u00e3o anterior j\u00e1 permitia o acesso dos estudantes do ensino fundamentgal aos cursos de EaD nas seguintes situa\u00e7\u00f5es: estejam impedidos, por motivo de sa\u00fade, de acompanhar o ensino presencial se encontram no exterior vivam em localidades que n\u00e3o possuam rede regular de atendimento presencial s\u00e3o transferidos compulsoriamente para regi\u00f5es de dif\u00edcil acesso (inclu\u00eddas as miss\u00f5es localizadas em regi\u00f5es de fronteira) estejam privados de liberdade O trecho que havia sido inclu\u00eddo nesta semana e que agora foi revogado ampliava essa possibilidade especial tamb\u00e9m aos estudantes que \u201cestejam matriculados nas s\u00e9ries finais do ensino fundamental regular e privados da oferta de disciplinas obrigat\u00f3rias do curr\u00edculo escolar\u201d. G1","og_url":"https:\/\/noticiasemdestaque.com\/cd\/?p=94","og_site_name":"Not&iacute;cias em Destaque","article_published_time":"2017-05-27T20:28:47+00:00","article_modified_time":"2017-06-06T11:48:19+00:00","og_image":[{"width":300,"height":168,"url":"https:\/\/noticiasemdestaque.com\/cd\/wp-content\/uploads\/2017\/05\/saladeaula-300x168.jpg","type":"image\/jpeg"}],"author":"Not\u00edcias em Destaque","twitter_card":"summary_large_image","twitter_misc":{"Escrito por":"Not\u00edcias em Destaque","Est. tempo de leitura":"2 minutos"},"schema":{"@context":"https:\/\/schema.org","@graph":[{"@type":"Article","@id":"https:\/\/noticiasemdestaque.com\/cd\/?p=94#article","isPartOf":{"@id":"https:\/\/noticiasemdestaque.com\/cd\/?p=94"},"author":{"name":"Not\u00edcias em Destaque","@id":"https:\/\/noticiasemdestaque.com\/cd\/#\/schema\/person\/47f7d4f55eec17c6b2ca036c5500f6ce"},"headline":"Governo recua e revoga trecho de decreto que ampliava ensino a dist\u00e2ncia na educa\u00e7\u00e3o fundamental","datePublished":"2017-05-27T20:28:47+00:00","dateModified":"2017-06-06T11:48:19+00:00","mainEntityOfPage":{"@id":"https:\/\/noticiasemdestaque.com\/cd\/?p=94"},"wordCount":509,"publisher":{"@id":"https:\/\/noticiasemdestaque.com\/cd\/#organization"},"image":{"@id":"https:\/\/noticiasemdestaque.com\/cd\/?p=94#primaryimage"},"thumbnailUrl":"https:\/\/noticiasemdestaque.com\/cd\/wp-content\/uploads\/2017\/05\/saladeaula-300x168.jpg","articleSection":["Educa\u00e7\u00e3o"],"inLanguage":"pt-BR"},{"@type":"WebPage","@id":"https:\/\/noticiasemdestaque.com\/cd\/?p=94","url":"https:\/\/noticiasemdestaque.com\/cd\/?p=94","name":"Governo recua e revoga trecho de decreto que ampliava ensino a dist\u00e2ncia na educa\u00e7\u00e3o fundamental - Not&iacute;cias em Destaque","isPartOf":{"@id":"https:\/\/noticiasemdestaque.com\/cd\/#website"},"primaryImageOfPage":{"@id":"https:\/\/noticiasemdestaque.com\/cd\/?p=94#primaryimage"},"image":{"@id":"https:\/\/noticiasemdestaque.com\/cd\/?p=94#primaryimage"},"thumbnailUrl":"https:\/\/noticiasemdestaque.com\/cd\/wp-content\/uploads\/2017\/05\/saladeaula-300x168.jpg","datePublished":"2017-05-27T20:28:47+00:00","dateModified":"2017-06-06T11:48:19+00:00","breadcrumb":{"@id":"https:\/\/noticiasemdestaque.com\/cd\/?p=94#breadcrumb"},"inLanguage":"pt-BR","potentialAction":[{"@type":"ReadAction","target":["https:\/\/noticiasemdestaque.com\/cd\/?p=94"]}]},{"@type":"ImageObject","inLanguage":"pt-BR","@id":"https:\/\/noticiasemdestaque.com\/cd\/?p=94#primaryimage","url":"https:\/\/noticiasemdestaque.com\/cd\/wp-content\/uploads\/2017\/05\/saladeaula-300x168.jpg","contentUrl":"https:\/\/noticiasemdestaque.com\/cd\/wp-content\/uploads\/2017\/05\/saladeaula-300x168.jpg","width":300,"height":168},{"@type":"BreadcrumbList","@id":"https:\/\/noticiasemdestaque.com\/cd\/?p=94#breadcrumb","itemListElement":[{"@type":"ListItem","position":1,"name":"In\u00edcio","item":"https:\/\/noticiasemdestaque.com\/cd\/"},{"@type":"ListItem","position":2,"name":"Governo recua e revoga trecho de decreto que ampliava ensino a dist\u00e2ncia na educa\u00e7\u00e3o fundamental"}]},{"@type":"WebSite","@id":"https:\/\/noticiasemdestaque.com\/cd\/#website","url":"https:\/\/noticiasemdestaque.com\/cd\/","name":"Not&iacute;cias em Destaque","description":"","publisher":{"@id":"https:\/\/noticiasemdestaque.com\/cd\/#organization"},"potentialAction":[{"@type":"SearchAction","target":{"@type":"EntryPoint","urlTemplate":"https:\/\/noticiasemdestaque.com\/cd\/?s={search_term_string}"},"query-input":{"@type":"PropertyValueSpecification","valueRequired":true,"valueName":"search_term_string"}}],"inLanguage":"pt-BR"},{"@type":"Organization","@id":"https:\/\/noticiasemdestaque.com\/cd\/#organization","name":"Not\u00edcias em Destaque","url":"https:\/\/noticiasemdestaque.com\/cd\/","logo":{"@type":"ImageObject","inLanguage":"pt-BR","@id":"https:\/\/noticiasemdestaque.com\/cd\/#\/schema\/logo\/image\/","url":"https:\/\/noticiasemdestaque.com\/cd\/wp-content\/uploads\/2022\/05\/imagem-base-noticiasemdestaque.png","contentUrl":"https:\/\/noticiasemdestaque.com\/cd\/wp-content\/uploads\/2022\/05\/imagem-base-noticiasemdestaque.png","width":1200,"height":630,"caption":"Not\u00edcias em Destaque"},"image":{"@id":"https:\/\/noticiasemdestaque.com\/cd\/#\/schema\/logo\/image\/"}},{"@type":"Person","@id":"https:\/\/noticiasemdestaque.com\/cd\/#\/schema\/person\/47f7d4f55eec17c6b2ca036c5500f6ce","name":"Not\u00edcias em Destaque","url":"https:\/\/noticiasemdestaque.com\/cd\/?author=2"}]}},"jetpack_featured_media_url":"https:\/\/noticiasemdestaque.com\/cd\/wp-content\/uploads\/2017\/05\/saladeaula-300x168.jpg","jetpack_sharing_enabled":true,"_links":{"self":[{"href":"https:\/\/noticiasemdestaque.com\/cd\/index.php?rest_route=\/wp\/v2\/posts\/94","targetHints":{"allow":["GET"]}}],"collection":[{"href":"https:\/\/noticiasemdestaque.com\/cd\/index.php?rest_route=\/wp\/v2\/posts"}],"about":[{"href":"https:\/\/noticiasemdestaque.com\/cd\/index.php?rest_route=\/wp\/v2\/types\/post"}],"author":[{"embeddable":true,"href":"https:\/\/noticiasemdestaque.com\/cd\/index.php?rest_route=\/wp\/v2\/users\/2"}],"replies":[{"embeddable":true,"href":"https:\/\/noticiasemdestaque.com\/cd\/index.php?rest_route=%2Fwp%2Fv2%2Fcomments&post=94"}],"version-history":[{"count":2,"href":"https:\/\/noticiasemdestaque.com\/cd\/index.php?rest_route=\/wp\/v2\/posts\/94\/revisions"}],"predecessor-version":[{"id":97,"href":"https:\/\/noticiasemdestaque.com\/cd\/index.php?rest_route=\/wp\/v2\/posts\/94\/revisions\/97"}],"wp:featuredmedia":[{"embeddable":true,"href":"https:\/\/noticiasemdestaque.com\/cd\/index.php?rest_route=\/wp\/v2\/media\/95"}],"wp:attachment":[{"href":"https:\/\/noticiasemdestaque.com\/cd\/index.php?rest_route=%2Fwp%2Fv2%2Fmedia&parent=94"}],"wp:term":[{"taxonomy":"category","embeddable":true,"href":"https:\/\/noticiasemdestaque.com\/cd\/index.php?rest_route=%2Fwp%2Fv2%2Fcategories&post=94"},{"taxonomy":"post_tag","embeddable":true,"href":"https:\/\/noticiasemdestaque.com\/cd\/index.php?rest_route=%2Fwp%2Fv2%2Ftags&post=94"}],"curies":[{"name":"wp","href":"https:\/\/api.w.org\/{rel}","templated":true}]}}