{"id":9331,"date":"2018-04-17T07:57:05","date_gmt":"2018-04-17T10:57:05","guid":{"rendered":"http:\/\/caririemdestaque.com\/cd\/?p=9331"},"modified":"2018-04-17T07:57:37","modified_gmt":"2018-04-17T10:57:37","slug":"cancer-e-a-principal-causa-de-morte-em-15-municipios-paraibanos-dois-sao-do-cariri","status":"publish","type":"post","link":"https:\/\/noticiasemdestaque.com\/cd\/?p=9331","title":{"rendered":"C\u00e2ncer \u00e9 a principal causa de morte em 15 munic\u00edpios paraibanos; dois s\u00e3o do Cariri"},"content":{"rendered":"<p><a href=\"http:\/\/caririemdestaque.com\/cd\/wp-content\/uploads\/2017\/07\/cura_cancer_de_mama_nexcare.jpg\"><img fetchpriority=\"high\" decoding=\"async\" class=\"alignnone wp-image-2220 size-full\" src=\"http:\/\/caririemdestaque.com\/cd\/wp-content\/uploads\/2017\/07\/cura_cancer_de_mama_nexcare.jpg\" alt=\"\" width=\"1412\" height=\"999\" srcset=\"https:\/\/noticiasemdestaque.com\/cd\/wp-content\/uploads\/2017\/07\/cura_cancer_de_mama_nexcare.jpg 1412w, https:\/\/noticiasemdestaque.com\/cd\/wp-content\/uploads\/2017\/07\/cura_cancer_de_mama_nexcare-300x212.jpg 300w, https:\/\/noticiasemdestaque.com\/cd\/wp-content\/uploads\/2017\/07\/cura_cancer_de_mama_nexcare-768x543.jpg 768w, https:\/\/noticiasemdestaque.com\/cd\/wp-content\/uploads\/2017\/07\/cura_cancer_de_mama_nexcare-1024x724.jpg 1024w\" sizes=\"(max-width: 1412px) 100vw, 1412px\" \/><\/a>Em 15 dos 223 munic\u00edpios paraibanos o c\u00e2ncer j\u00e1 \u00e9 a principal causa de morte. No munic\u00edpio de Serra Grande, por exemplo, localizado no Sert\u00e3o da Para\u00edba, o c\u00e2ncer \u00e9 a causa de 45% das mortes registradas. O estudo, realizado pelo Observat\u00f3rio de Oncologia, foi realizado com base nos n\u00fameros oficiais mais recentes do Sistema de Informa\u00e7\u00f5es de Mortalidade (SIM), os de 2015.<\/p>\n<p>Os munic\u00edpios em que o c\u00e2ncer j\u00e1 \u00e9 a principal causa de morte na Para\u00edba s\u00e3o Po\u00e7o de Jos\u00e9 de Moura ( 31% das mortes por c\u00e2ncer), Mariz\u00f3polis (19%), Vieir\u00f3polis (28%), S\u00e3o Francisco (29%), S\u00e3o Sebasti\u00e3o do Umbuzeiro \u2013 Cariri- (33%), S\u00e3o Jos\u00e9 de Espinharas (33%), Mato Grosso (33%), Nova Palmeira (22%), Serra Grande (45%), Sossego (25%), Carrapateira (31%), Lastro (23%), Areia de Bara\u00fanas (43%), Coremas (23%), S\u00e3o Jo\u00e3o do Cariri (28%).<\/p>\n<p>De acordo com a an\u00e1lise do movimento Todos Juntos Contra o C\u00e2ncer ( TJCC), em parceria com o Conselho Federal de Medicina (CFM), a doen\u00e7a avan\u00e7a a cada ano e, com a manuten\u00e7\u00e3o dessa trajet\u00f3ria, em pouco mais de uma d\u00e9cada as neoplasias ser\u00e3o as respons\u00e1veis pela maioria \u00f3bitos no Brasil.<\/p>\n<p>\u201cO aumento da mortalidade pela doen\u00e7a aqui est\u00e1 relacionado, tamb\u00e9m, \u00e0s dificuldade enfrentadas pelo paciente para o diagn\u00f3stico e para o acesso ao tratamento. Diversos tipos de c\u00e2ncer s\u00e3o preven\u00edveis\u00a0 e outros t\u00eam seu risco de morte significativamente reduzido quando diagnosticado precocemente. Nosso objetivo \u00e9 alertar e engajar os m\u00faltiplos atores a somarem esfor\u00e7os no combate ao c\u00e2ncer\u201d, destacou a coordenadora do movimento e presidente e da Associa\u00e7\u00e3o Brasileira de Linfoma e Leucemia ( ABRALE), Merula Steagall.<\/p>\n<p>No Brasil, os resultados encontrados foram de que em 5163 dos 5.570 munic\u00edpios brasileiros o c\u00e2ncer j\u00e1 \u00e9 a principal causa de morte. O Rio Grande do Sul \u00e9 o Estado com o maior n\u00famero de munic\u00edpios (140) onde o c\u00e2ncer \u00e9 a primeira causa de morte. Enquanto em todo o Pa\u00eds as mortes pro c\u00e2ncer representam 16,6% do total, no territ\u00f3rio ga\u00facho esse \u00edndice chega a 33,6 %. Um dos fatores que pode explicar a alta incid\u00eancia de c\u00e2ncer na regi\u00e3o s\u00e3o as caracter\u00edsticas gen\u00e9ticas da popula\u00e7\u00e3o, que pode apresentar a alta incid\u00eancia de c\u00e2ncer na regi\u00e3o s\u00e3o as caracter\u00edsticas gen\u00e9ticas da popula\u00e7\u00e3o, que pode apresentar maior predisposi\u00e7\u00e3o para desenvolver o c\u00e2ncer de pele ( melanoma), por exemplo.<\/p>\n<p>Fonte: Jornal da Para\u00edba<\/p>\n","protected":false},"excerpt":{"rendered":"<p>Em 15 dos 223 munic\u00edpios paraibanos o c\u00e2ncer j\u00e1 \u00e9 a principal causa de morte. No munic\u00edpio de Serra Grande, por exemplo, localizado no Sert\u00e3o da Para\u00edba, o c\u00e2ncer \u00e9 a causa de 45% das mortes registradas. O estudo, realizado pelo Observat\u00f3rio de Oncologia, foi realizado com base nos n\u00fameros oficiais mais recentes do Sistema de Informa\u00e7\u00f5es de Mortalidade (SIM), os de 2015. Os munic\u00edpios em que o c\u00e2ncer j\u00e1 \u00e9 a principal causa de morte na Para\u00edba s\u00e3o Po\u00e7o de Jos\u00e9 de Moura ( 31% das mortes por c\u00e2ncer), Mariz\u00f3polis (19%), Vieir\u00f3polis (28%), S\u00e3o Francisco (29%), S\u00e3o Sebasti\u00e3o do Umbuzeiro \u2013 Cariri- (33%), S\u00e3o Jos\u00e9 de Espinharas (33%), Mato Grosso (33%), Nova Palmeira (22%), Serra Grande (45%), Sossego (25%), Carrapateira (31%), Lastro (23%), Areia de Bara\u00fanas (43%), Coremas (23%), S\u00e3o Jo\u00e3o do Cariri (28%). De acordo com a an\u00e1lise do movimento Todos Juntos Contra o C\u00e2ncer ( TJCC), em parceria com o Conselho Federal de Medicina (CFM), a doen\u00e7a avan\u00e7a a cada ano e, com a manuten\u00e7\u00e3o dessa trajet\u00f3ria, em pouco mais de uma d\u00e9cada as neoplasias ser\u00e3o as respons\u00e1veis pela maioria \u00f3bitos no Brasil. \u201cO aumento da mortalidade pela doen\u00e7a aqui est\u00e1 relacionado, tamb\u00e9m, \u00e0s dificuldade enfrentadas pelo paciente para o diagn\u00f3stico e para o acesso ao tratamento. Diversos tipos de c\u00e2ncer s\u00e3o preven\u00edveis\u00a0 e outros t\u00eam seu risco de morte significativamente reduzido quando diagnosticado precocemente. Nosso objetivo \u00e9 alertar e engajar os m\u00faltiplos atores a somarem esfor\u00e7os no combate ao c\u00e2ncer\u201d, destacou a coordenadora do movimento e presidente e da Associa\u00e7\u00e3o Brasileira de Linfoma e Leucemia ( ABRALE), Merula Steagall. No Brasil, os resultados encontrados foram de que em 5163 dos 5.570 munic\u00edpios brasileiros o c\u00e2ncer j\u00e1 \u00e9 a principal causa de morte. O Rio Grande do Sul \u00e9 o Estado com o maior n\u00famero de munic\u00edpios (140) onde o c\u00e2ncer \u00e9 a primeira causa de morte. Enquanto em todo o Pa\u00eds as mortes pro c\u00e2ncer representam 16,6% do total, no territ\u00f3rio ga\u00facho esse \u00edndice chega a 33,6 %. Um dos fatores que pode explicar a alta incid\u00eancia de c\u00e2ncer na regi\u00e3o s\u00e3o as caracter\u00edsticas gen\u00e9ticas da popula\u00e7\u00e3o, que pode apresentar a alta incid\u00eancia de c\u00e2ncer na regi\u00e3o s\u00e3o as caracter\u00edsticas gen\u00e9ticas da popula\u00e7\u00e3o, que pode apresentar maior predisposi\u00e7\u00e3o para desenvolver o c\u00e2ncer de pele ( melanoma), por exemplo. Fonte: Jornal da Para\u00edba<\/p>\n","protected":false},"author":2,"featured_media":2220,"comment_status":"closed","ping_status":"open","sticky":false,"template":"","format":"standard","meta":{"_eb_attr":"","_jetpack_memberships_contains_paid_content":false,"footnotes":""},"categories":[8],"tags":[],"class_list":["post-9331","post","type-post","status-publish","format-standard","has-post-thumbnail","hentry","category-saude"],"yoast_head":"<!-- This site is optimized with the Yoast SEO plugin v26.5 - https:\/\/yoast.com\/wordpress\/plugins\/seo\/ -->\n<title>C\u00e2ncer \u00e9 a principal causa de morte em 15 munic\u00edpios paraibanos; dois s\u00e3o do Cariri - Not&iacute;cias em Destaque<\/title>\n<meta name=\"robots\" content=\"index, follow, max-snippet:-1, max-image-preview:large, max-video-preview:-1\" \/>\n<link rel=\"canonical\" href=\"https:\/\/noticiasemdestaque.com\/cd\/?p=9331\" \/>\n<meta property=\"og:locale\" content=\"pt_BR\" \/>\n<meta property=\"og:type\" content=\"article\" \/>\n<meta property=\"og:title\" content=\"C\u00e2ncer \u00e9 a principal causa de morte em 15 munic\u00edpios paraibanos; dois s\u00e3o do Cariri - Not&iacute;cias em Destaque\" \/>\n<meta property=\"og:description\" content=\"Em 15 dos 223 munic\u00edpios paraibanos o c\u00e2ncer j\u00e1 \u00e9 a principal causa de morte. No munic\u00edpio de Serra Grande, por exemplo, localizado no Sert\u00e3o da Para\u00edba, o c\u00e2ncer \u00e9 a causa de 45% das mortes registradas. O estudo, realizado pelo Observat\u00f3rio de Oncologia, foi realizado com base nos n\u00fameros oficiais mais recentes do Sistema de Informa\u00e7\u00f5es de Mortalidade (SIM), os de 2015. Os munic\u00edpios em que o c\u00e2ncer j\u00e1 \u00e9 a principal causa de morte na Para\u00edba s\u00e3o Po\u00e7o de Jos\u00e9 de Moura ( 31% das mortes por c\u00e2ncer), Mariz\u00f3polis (19%), Vieir\u00f3polis (28%), S\u00e3o Francisco (29%), S\u00e3o Sebasti\u00e3o do Umbuzeiro \u2013 Cariri- (33%), S\u00e3o Jos\u00e9 de Espinharas (33%), Mato Grosso (33%), Nova Palmeira (22%), Serra Grande (45%), Sossego (25%), Carrapateira (31%), Lastro (23%), Areia de Bara\u00fanas (43%), Coremas (23%), S\u00e3o Jo\u00e3o do Cariri (28%). De acordo com a an\u00e1lise do movimento Todos Juntos Contra o C\u00e2ncer ( TJCC), em parceria com o Conselho Federal de Medicina (CFM), a doen\u00e7a avan\u00e7a a cada ano e, com a manuten\u00e7\u00e3o dessa trajet\u00f3ria, em pouco mais de uma d\u00e9cada as neoplasias ser\u00e3o as respons\u00e1veis pela maioria \u00f3bitos no Brasil. \u201cO aumento da mortalidade pela doen\u00e7a aqui est\u00e1 relacionado, tamb\u00e9m, \u00e0s dificuldade enfrentadas pelo paciente para o diagn\u00f3stico e para o acesso ao tratamento. Diversos tipos de c\u00e2ncer s\u00e3o preven\u00edveis\u00a0 e outros t\u00eam seu risco de morte significativamente reduzido quando diagnosticado precocemente. Nosso objetivo \u00e9 alertar e engajar os m\u00faltiplos atores a somarem esfor\u00e7os no combate ao c\u00e2ncer\u201d, destacou a coordenadora do movimento e presidente e da Associa\u00e7\u00e3o Brasileira de Linfoma e Leucemia ( ABRALE), Merula Steagall. No Brasil, os resultados encontrados foram de que em 5163 dos 5.570 munic\u00edpios brasileiros o c\u00e2ncer j\u00e1 \u00e9 a principal causa de morte. O Rio Grande do Sul \u00e9 o Estado com o maior n\u00famero de munic\u00edpios (140) onde o c\u00e2ncer \u00e9 a primeira causa de morte. Enquanto em todo o Pa\u00eds as mortes pro c\u00e2ncer representam 16,6% do total, no territ\u00f3rio ga\u00facho esse \u00edndice chega a 33,6 %. Um dos fatores que pode explicar a alta incid\u00eancia de c\u00e2ncer na regi\u00e3o s\u00e3o as caracter\u00edsticas gen\u00e9ticas da popula\u00e7\u00e3o, que pode apresentar a alta incid\u00eancia de c\u00e2ncer na regi\u00e3o s\u00e3o as caracter\u00edsticas gen\u00e9ticas da popula\u00e7\u00e3o, que pode apresentar maior predisposi\u00e7\u00e3o para desenvolver o c\u00e2ncer de pele ( melanoma), por exemplo. Fonte: Jornal da Para\u00edba\" \/>\n<meta property=\"og:url\" content=\"https:\/\/noticiasemdestaque.com\/cd\/?p=9331\" \/>\n<meta property=\"og:site_name\" content=\"Not&iacute;cias em Destaque\" \/>\n<meta property=\"article:published_time\" content=\"2018-04-17T10:57:05+00:00\" \/>\n<meta property=\"article:modified_time\" content=\"2018-04-17T10:57:37+00:00\" \/>\n<meta property=\"og:image\" content=\"https:\/\/noticiasemdestaque.com\/cd\/wp-content\/uploads\/2017\/07\/cura_cancer_de_mama_nexcare.jpg\" \/>\n\t<meta property=\"og:image:width\" content=\"1412\" \/>\n\t<meta property=\"og:image:height\" content=\"999\" \/>\n\t<meta property=\"og:image:type\" content=\"image\/jpeg\" \/>\n<meta name=\"author\" content=\"Not\u00edcias em Destaque\" \/>\n<meta name=\"twitter:card\" content=\"summary_large_image\" \/>\n<meta name=\"twitter:label1\" content=\"Escrito por\" \/>\n\t<meta name=\"twitter:data1\" content=\"Not\u00edcias em Destaque\" \/>\n\t<meta name=\"twitter:label2\" content=\"Est. tempo de leitura\" \/>\n\t<meta name=\"twitter:data2\" content=\"2 minutos\" \/>\n<script type=\"application\/ld+json\" class=\"yoast-schema-graph\">{\"@context\":\"https:\/\/schema.org\",\"@graph\":[{\"@type\":\"Article\",\"@id\":\"https:\/\/noticiasemdestaque.com\/cd\/?p=9331#article\",\"isPartOf\":{\"@id\":\"https:\/\/noticiasemdestaque.com\/cd\/?p=9331\"},\"author\":{\"name\":\"Not\u00edcias em Destaque\",\"@id\":\"https:\/\/noticiasemdestaque.com\/cd\/#\/schema\/person\/4a81fb71f77579d059c3045891fa1786\"},\"headline\":\"C\u00e2ncer \u00e9 a principal causa de morte em 15 munic\u00edpios paraibanos; dois s\u00e3o do Cariri\",\"datePublished\":\"2018-04-17T10:57:05+00:00\",\"dateModified\":\"2018-04-17T10:57:37+00:00\",\"mainEntityOfPage\":{\"@id\":\"https:\/\/noticiasemdestaque.com\/cd\/?p=9331\"},\"wordCount\":435,\"publisher\":{\"@id\":\"https:\/\/noticiasemdestaque.com\/cd\/#organization\"},\"image\":{\"@id\":\"https:\/\/noticiasemdestaque.com\/cd\/?p=9331#primaryimage\"},\"thumbnailUrl\":\"https:\/\/noticiasemdestaque.com\/cd\/wp-content\/uploads\/2017\/07\/cura_cancer_de_mama_nexcare.jpg\",\"articleSection\":[\"Sa\u00fade\"],\"inLanguage\":\"pt-BR\"},{\"@type\":\"WebPage\",\"@id\":\"https:\/\/noticiasemdestaque.com\/cd\/?p=9331\",\"url\":\"https:\/\/noticiasemdestaque.com\/cd\/?p=9331\",\"name\":\"C\u00e2ncer \u00e9 a principal causa de morte em 15 munic\u00edpios paraibanos; dois s\u00e3o do Cariri - Not&iacute;cias em Destaque\",\"isPartOf\":{\"@id\":\"https:\/\/noticiasemdestaque.com\/cd\/#website\"},\"primaryImageOfPage\":{\"@id\":\"https:\/\/noticiasemdestaque.com\/cd\/?p=9331#primaryimage\"},\"image\":{\"@id\":\"https:\/\/noticiasemdestaque.com\/cd\/?p=9331#primaryimage\"},\"thumbnailUrl\":\"https:\/\/noticiasemdestaque.com\/cd\/wp-content\/uploads\/2017\/07\/cura_cancer_de_mama_nexcare.jpg\",\"datePublished\":\"2018-04-17T10:57:05+00:00\",\"dateModified\":\"2018-04-17T10:57:37+00:00\",\"breadcrumb\":{\"@id\":\"https:\/\/noticiasemdestaque.com\/cd\/?p=9331#breadcrumb\"},\"inLanguage\":\"pt-BR\",\"potentialAction\":[{\"@type\":\"ReadAction\",\"target\":[\"https:\/\/noticiasemdestaque.com\/cd\/?p=9331\"]}]},{\"@type\":\"ImageObject\",\"inLanguage\":\"pt-BR\",\"@id\":\"https:\/\/noticiasemdestaque.com\/cd\/?p=9331#primaryimage\",\"url\":\"https:\/\/noticiasemdestaque.com\/cd\/wp-content\/uploads\/2017\/07\/cura_cancer_de_mama_nexcare.jpg\",\"contentUrl\":\"https:\/\/noticiasemdestaque.com\/cd\/wp-content\/uploads\/2017\/07\/cura_cancer_de_mama_nexcare.jpg\",\"width\":1412,\"height\":999},{\"@type\":\"BreadcrumbList\",\"@id\":\"https:\/\/noticiasemdestaque.com\/cd\/?p=9331#breadcrumb\",\"itemListElement\":[{\"@type\":\"ListItem\",\"position\":1,\"name\":\"In\u00edcio\",\"item\":\"https:\/\/noticiasemdestaque.com\/cd\/\"},{\"@type\":\"ListItem\",\"position\":2,\"name\":\"C\u00e2ncer \u00e9 a principal causa de morte em 15 munic\u00edpios paraibanos; dois s\u00e3o do Cariri\"}]},{\"@type\":\"WebSite\",\"@id\":\"https:\/\/noticiasemdestaque.com\/cd\/#website\",\"url\":\"https:\/\/noticiasemdestaque.com\/cd\/\",\"name\":\"Not&iacute;cias em Destaque\",\"description\":\"\",\"publisher\":{\"@id\":\"https:\/\/noticiasemdestaque.com\/cd\/#organization\"},\"potentialAction\":[{\"@type\":\"SearchAction\",\"target\":{\"@type\":\"EntryPoint\",\"urlTemplate\":\"https:\/\/noticiasemdestaque.com\/cd\/?s={search_term_string}\"},\"query-input\":{\"@type\":\"PropertyValueSpecification\",\"valueRequired\":true,\"valueName\":\"search_term_string\"}}],\"inLanguage\":\"pt-BR\"},{\"@type\":\"Organization\",\"@id\":\"https:\/\/noticiasemdestaque.com\/cd\/#organization\",\"name\":\"Not\u00edcias em Destaque\",\"url\":\"https:\/\/noticiasemdestaque.com\/cd\/\",\"logo\":{\"@type\":\"ImageObject\",\"inLanguage\":\"pt-BR\",\"@id\":\"https:\/\/noticiasemdestaque.com\/cd\/#\/schema\/logo\/image\/\",\"url\":\"https:\/\/noticiasemdestaque.com\/cd\/wp-content\/uploads\/2022\/05\/imagem-base-noticiasemdestaque.png\",\"contentUrl\":\"https:\/\/noticiasemdestaque.com\/cd\/wp-content\/uploads\/2022\/05\/imagem-base-noticiasemdestaque.png\",\"width\":1200,\"height\":630,\"caption\":\"Not\u00edcias em Destaque\"},\"image\":{\"@id\":\"https:\/\/noticiasemdestaque.com\/cd\/#\/schema\/logo\/image\/\"}},{\"@type\":\"Person\",\"@id\":\"https:\/\/noticiasemdestaque.com\/cd\/#\/schema\/person\/4a81fb71f77579d059c3045891fa1786\",\"name\":\"Not\u00edcias em Destaque\",\"url\":\"https:\/\/noticiasemdestaque.com\/cd\/?author=2\"}]}<\/script>\n<!-- \/ Yoast SEO plugin. -->","yoast_head_json":{"title":"C\u00e2ncer \u00e9 a principal causa de morte em 15 munic\u00edpios paraibanos; dois s\u00e3o do Cariri - Not&iacute;cias em Destaque","robots":{"index":"index","follow":"follow","max-snippet":"max-snippet:-1","max-image-preview":"max-image-preview:large","max-video-preview":"max-video-preview:-1"},"canonical":"https:\/\/noticiasemdestaque.com\/cd\/?p=9331","og_locale":"pt_BR","og_type":"article","og_title":"C\u00e2ncer \u00e9 a principal causa de morte em 15 munic\u00edpios paraibanos; dois s\u00e3o do Cariri - Not&iacute;cias em Destaque","og_description":"Em 15 dos 223 munic\u00edpios paraibanos o c\u00e2ncer j\u00e1 \u00e9 a principal causa de morte. No munic\u00edpio de Serra Grande, por exemplo, localizado no Sert\u00e3o da Para\u00edba, o c\u00e2ncer \u00e9 a causa de 45% das mortes registradas. O estudo, realizado pelo Observat\u00f3rio de Oncologia, foi realizado com base nos n\u00fameros oficiais mais recentes do Sistema de Informa\u00e7\u00f5es de Mortalidade (SIM), os de 2015. Os munic\u00edpios em que o c\u00e2ncer j\u00e1 \u00e9 a principal causa de morte na Para\u00edba s\u00e3o Po\u00e7o de Jos\u00e9 de Moura ( 31% das mortes por c\u00e2ncer), Mariz\u00f3polis (19%), Vieir\u00f3polis (28%), S\u00e3o Francisco (29%), S\u00e3o Sebasti\u00e3o do Umbuzeiro \u2013 Cariri- (33%), S\u00e3o Jos\u00e9 de Espinharas (33%), Mato Grosso (33%), Nova Palmeira (22%), Serra Grande (45%), Sossego (25%), Carrapateira (31%), Lastro (23%), Areia de Bara\u00fanas (43%), Coremas (23%), S\u00e3o Jo\u00e3o do Cariri (28%). De acordo com a an\u00e1lise do movimento Todos Juntos Contra o C\u00e2ncer ( TJCC), em parceria com o Conselho Federal de Medicina (CFM), a doen\u00e7a avan\u00e7a a cada ano e, com a manuten\u00e7\u00e3o dessa trajet\u00f3ria, em pouco mais de uma d\u00e9cada as neoplasias ser\u00e3o as respons\u00e1veis pela maioria \u00f3bitos no Brasil. \u201cO aumento da mortalidade pela doen\u00e7a aqui est\u00e1 relacionado, tamb\u00e9m, \u00e0s dificuldade enfrentadas pelo paciente para o diagn\u00f3stico e para o acesso ao tratamento. Diversos tipos de c\u00e2ncer s\u00e3o preven\u00edveis\u00a0 e outros t\u00eam seu risco de morte significativamente reduzido quando diagnosticado precocemente. Nosso objetivo \u00e9 alertar e engajar os m\u00faltiplos atores a somarem esfor\u00e7os no combate ao c\u00e2ncer\u201d, destacou a coordenadora do movimento e presidente e da Associa\u00e7\u00e3o Brasileira de Linfoma e Leucemia ( ABRALE), Merula Steagall. No Brasil, os resultados encontrados foram de que em 5163 dos 5.570 munic\u00edpios brasileiros o c\u00e2ncer j\u00e1 \u00e9 a principal causa de morte. O Rio Grande do Sul \u00e9 o Estado com o maior n\u00famero de munic\u00edpios (140) onde o c\u00e2ncer \u00e9 a primeira causa de morte. Enquanto em todo o Pa\u00eds as mortes pro c\u00e2ncer representam 16,6% do total, no territ\u00f3rio ga\u00facho esse \u00edndice chega a 33,6 %. Um dos fatores que pode explicar a alta incid\u00eancia de c\u00e2ncer na regi\u00e3o s\u00e3o as caracter\u00edsticas gen\u00e9ticas da popula\u00e7\u00e3o, que pode apresentar a alta incid\u00eancia de c\u00e2ncer na regi\u00e3o s\u00e3o as caracter\u00edsticas gen\u00e9ticas da popula\u00e7\u00e3o, que pode apresentar maior predisposi\u00e7\u00e3o para desenvolver o c\u00e2ncer de pele ( melanoma), por exemplo. Fonte: Jornal da Para\u00edba","og_url":"https:\/\/noticiasemdestaque.com\/cd\/?p=9331","og_site_name":"Not&iacute;cias em Destaque","article_published_time":"2018-04-17T10:57:05+00:00","article_modified_time":"2018-04-17T10:57:37+00:00","og_image":[{"width":1412,"height":999,"url":"https:\/\/noticiasemdestaque.com\/cd\/wp-content\/uploads\/2017\/07\/cura_cancer_de_mama_nexcare.jpg","type":"image\/jpeg"}],"author":"Not\u00edcias em Destaque","twitter_card":"summary_large_image","twitter_misc":{"Escrito por":"Not\u00edcias em Destaque","Est. tempo de leitura":"2 minutos"},"schema":{"@context":"https:\/\/schema.org","@graph":[{"@type":"Article","@id":"https:\/\/noticiasemdestaque.com\/cd\/?p=9331#article","isPartOf":{"@id":"https:\/\/noticiasemdestaque.com\/cd\/?p=9331"},"author":{"name":"Not\u00edcias em Destaque","@id":"https:\/\/noticiasemdestaque.com\/cd\/#\/schema\/person\/4a81fb71f77579d059c3045891fa1786"},"headline":"C\u00e2ncer \u00e9 a principal causa de morte em 15 munic\u00edpios paraibanos; dois s\u00e3o do Cariri","datePublished":"2018-04-17T10:57:05+00:00","dateModified":"2018-04-17T10:57:37+00:00","mainEntityOfPage":{"@id":"https:\/\/noticiasemdestaque.com\/cd\/?p=9331"},"wordCount":435,"publisher":{"@id":"https:\/\/noticiasemdestaque.com\/cd\/#organization"},"image":{"@id":"https:\/\/noticiasemdestaque.com\/cd\/?p=9331#primaryimage"},"thumbnailUrl":"https:\/\/noticiasemdestaque.com\/cd\/wp-content\/uploads\/2017\/07\/cura_cancer_de_mama_nexcare.jpg","articleSection":["Sa\u00fade"],"inLanguage":"pt-BR"},{"@type":"WebPage","@id":"https:\/\/noticiasemdestaque.com\/cd\/?p=9331","url":"https:\/\/noticiasemdestaque.com\/cd\/?p=9331","name":"C\u00e2ncer \u00e9 a principal causa de morte em 15 munic\u00edpios paraibanos; dois s\u00e3o do Cariri - Not&iacute;cias em Destaque","isPartOf":{"@id":"https:\/\/noticiasemdestaque.com\/cd\/#website"},"primaryImageOfPage":{"@id":"https:\/\/noticiasemdestaque.com\/cd\/?p=9331#primaryimage"},"image":{"@id":"https:\/\/noticiasemdestaque.com\/cd\/?p=9331#primaryimage"},"thumbnailUrl":"https:\/\/noticiasemdestaque.com\/cd\/wp-content\/uploads\/2017\/07\/cura_cancer_de_mama_nexcare.jpg","datePublished":"2018-04-17T10:57:05+00:00","dateModified":"2018-04-17T10:57:37+00:00","breadcrumb":{"@id":"https:\/\/noticiasemdestaque.com\/cd\/?p=9331#breadcrumb"},"inLanguage":"pt-BR","potentialAction":[{"@type":"ReadAction","target":["https:\/\/noticiasemdestaque.com\/cd\/?p=9331"]}]},{"@type":"ImageObject","inLanguage":"pt-BR","@id":"https:\/\/noticiasemdestaque.com\/cd\/?p=9331#primaryimage","url":"https:\/\/noticiasemdestaque.com\/cd\/wp-content\/uploads\/2017\/07\/cura_cancer_de_mama_nexcare.jpg","contentUrl":"https:\/\/noticiasemdestaque.com\/cd\/wp-content\/uploads\/2017\/07\/cura_cancer_de_mama_nexcare.jpg","width":1412,"height":999},{"@type":"BreadcrumbList","@id":"https:\/\/noticiasemdestaque.com\/cd\/?p=9331#breadcrumb","itemListElement":[{"@type":"ListItem","position":1,"name":"In\u00edcio","item":"https:\/\/noticiasemdestaque.com\/cd\/"},{"@type":"ListItem","position":2,"name":"C\u00e2ncer \u00e9 a principal causa de morte em 15 munic\u00edpios paraibanos; dois s\u00e3o do Cariri"}]},{"@type":"WebSite","@id":"https:\/\/noticiasemdestaque.com\/cd\/#website","url":"https:\/\/noticiasemdestaque.com\/cd\/","name":"Not&iacute;cias em Destaque","description":"","publisher":{"@id":"https:\/\/noticiasemdestaque.com\/cd\/#organization"},"potentialAction":[{"@type":"SearchAction","target":{"@type":"EntryPoint","urlTemplate":"https:\/\/noticiasemdestaque.com\/cd\/?s={search_term_string}"},"query-input":{"@type":"PropertyValueSpecification","valueRequired":true,"valueName":"search_term_string"}}],"inLanguage":"pt-BR"},{"@type":"Organization","@id":"https:\/\/noticiasemdestaque.com\/cd\/#organization","name":"Not\u00edcias em Destaque","url":"https:\/\/noticiasemdestaque.com\/cd\/","logo":{"@type":"ImageObject","inLanguage":"pt-BR","@id":"https:\/\/noticiasemdestaque.com\/cd\/#\/schema\/logo\/image\/","url":"https:\/\/noticiasemdestaque.com\/cd\/wp-content\/uploads\/2022\/05\/imagem-base-noticiasemdestaque.png","contentUrl":"https:\/\/noticiasemdestaque.com\/cd\/wp-content\/uploads\/2022\/05\/imagem-base-noticiasemdestaque.png","width":1200,"height":630,"caption":"Not\u00edcias em Destaque"},"image":{"@id":"https:\/\/noticiasemdestaque.com\/cd\/#\/schema\/logo\/image\/"}},{"@type":"Person","@id":"https:\/\/noticiasemdestaque.com\/cd\/#\/schema\/person\/4a81fb71f77579d059c3045891fa1786","name":"Not\u00edcias em Destaque","url":"https:\/\/noticiasemdestaque.com\/cd\/?author=2"}]}},"jetpack_featured_media_url":"https:\/\/noticiasemdestaque.com\/cd\/wp-content\/uploads\/2017\/07\/cura_cancer_de_mama_nexcare.jpg","jetpack_sharing_enabled":true,"_links":{"self":[{"href":"https:\/\/noticiasemdestaque.com\/cd\/index.php?rest_route=\/wp\/v2\/posts\/9331","targetHints":{"allow":["GET"]}}],"collection":[{"href":"https:\/\/noticiasemdestaque.com\/cd\/index.php?rest_route=\/wp\/v2\/posts"}],"about":[{"href":"https:\/\/noticiasemdestaque.com\/cd\/index.php?rest_route=\/wp\/v2\/types\/post"}],"author":[{"embeddable":true,"href":"https:\/\/noticiasemdestaque.com\/cd\/index.php?rest_route=\/wp\/v2\/users\/2"}],"replies":[{"embeddable":true,"href":"https:\/\/noticiasemdestaque.com\/cd\/index.php?rest_route=%2Fwp%2Fv2%2Fcomments&post=9331"}],"version-history":[{"count":2,"href":"https:\/\/noticiasemdestaque.com\/cd\/index.php?rest_route=\/wp\/v2\/posts\/9331\/revisions"}],"predecessor-version":[{"id":9335,"href":"https:\/\/noticiasemdestaque.com\/cd\/index.php?rest_route=\/wp\/v2\/posts\/9331\/revisions\/9335"}],"wp:featuredmedia":[{"embeddable":true,"href":"https:\/\/noticiasemdestaque.com\/cd\/index.php?rest_route=\/wp\/v2\/media\/2220"}],"wp:attachment":[{"href":"https:\/\/noticiasemdestaque.com\/cd\/index.php?rest_route=%2Fwp%2Fv2%2Fmedia&parent=9331"}],"wp:term":[{"taxonomy":"category","embeddable":true,"href":"https:\/\/noticiasemdestaque.com\/cd\/index.php?rest_route=%2Fwp%2Fv2%2Fcategories&post=9331"},{"taxonomy":"post_tag","embeddable":true,"href":"https:\/\/noticiasemdestaque.com\/cd\/index.php?rest_route=%2Fwp%2Fv2%2Ftags&post=9331"}],"curies":[{"name":"wp","href":"https:\/\/api.w.org\/{rel}","templated":true}]}}