{"id":9281,"date":"2018-04-15T09:58:49","date_gmt":"2018-04-15T12:58:49","guid":{"rendered":"http:\/\/caririemdestaque.com\/cd\/?p=9281"},"modified":"2018-04-15T09:58:49","modified_gmt":"2018-04-15T12:58:49","slug":"divulgado-resultado-dos-processos-seletivos-do-projovem-com-vagas-para-o-cariri","status":"publish","type":"post","link":"https:\/\/noticiasemdestaque.com\/cd\/?p=9281","title":{"rendered":"Divulgado resultado dos processos seletivos do Projovem com vagas para o Cariri"},"content":{"rendered":"<p><img fetchpriority=\"high\" decoding=\"async\" class=\"size-full wp-image-11109 aligncenter\" src=\"http:\/\/www.vitrinedocariri.com.br\/wp-content\/uploads\/2018\/04\/projovem-2018.jpg\" alt=\"\" width=\"600\" height=\"303\" \/><\/p>\n<p>Foi divulgado, no Di\u00e1rio Oficial do Estado desta sexta-feira (13), o resultado dos processos seletivos para o Programa Nacional de Inclus\u00e3o de Jovens (Projovem), nas edi\u00e7\u00f5es Urbana e Campo. Foram oferecidas 242 vagas em dois editais, sendo 167 para o Projovem Urbano, e 75 para o Projovem Campo.<\/p>\n<p><a href=\"http:\/\/static.paraiba.pb.gov.br\/2018\/04\/Diario-Oficial-13-04-2018-PORTAL.pdf\">Clique aqui para conferir o resultado.\u00a0<\/a><\/p>\n<p>No Projovem Urbano, as vagas ser\u00e3o distribu\u00eddas dentre as cidades de Jo\u00e3o Pessoa, Bayeux, Cabedelo, Rio Tinto,\u00a0<strong>Boqueir\u00e3o<\/strong>,\u00a0<strong>Umbuzeiro<\/strong>, Campina Grande,\u00a0<strong>Cabaceiras<\/strong>, Picu\u00ed, Cuit\u00e9, Itaporanga, Ibiara, Juru, Princesa Isabel, Uira\u00fana, S\u00e3o Jos\u00e9 de Piranhas e Cajazeiras. Os sal\u00e1rios variam entre R$ 1.700 e R$ 1.950.<\/p>\n<p>J\u00e1 no Projovem Campo, os selecionados v\u00e3o trabalhar em polos nas cidades de Santa Rita, Sap\u00e9, Bananeiras, Cacimba de Dentro, Bel\u00e9m, Ara\u00e7agi, Arara, Queimadas, Esperan\u00e7a, Patos, Santa Terezinha, S\u00e3o Mamede, Peras de Fogo, Juripiranga e Salgado de S\u00e3o F\u00e9lix. Os sal\u00e1rios variam de R$ 1 mil a R$ 1.700.<\/p>\n","protected":false},"excerpt":{"rendered":"<p>Foi divulgado, no Di\u00e1rio Oficial do Estado desta sexta-feira (13), o resultado dos processos seletivos para o Programa Nacional de Inclus\u00e3o de Jovens (Projovem), nas edi\u00e7\u00f5es Urbana e Campo. Foram oferecidas 242 vagas em dois editais, sendo 167 para o Projovem Urbano, e 75 para o Projovem Campo. Clique aqui para conferir o resultado.\u00a0 No Projovem Urbano, as vagas ser\u00e3o distribu\u00eddas dentre as cidades de Jo\u00e3o Pessoa, Bayeux, Cabedelo, Rio Tinto,\u00a0Boqueir\u00e3o,\u00a0Umbuzeiro, Campina Grande,\u00a0Cabaceiras, Picu\u00ed, Cuit\u00e9, Itaporanga, Ibiara, Juru, Princesa Isabel, Uira\u00fana, S\u00e3o Jos\u00e9 de Piranhas e Cajazeiras. Os sal\u00e1rios variam entre R$ 1.700 e R$ 1.950. J\u00e1 no Projovem Campo, os selecionados v\u00e3o trabalhar em polos nas cidades de Santa Rita, Sap\u00e9, Bananeiras, Cacimba de Dentro, Bel\u00e9m, Ara\u00e7agi, Arara, Queimadas, Esperan\u00e7a, Patos, Santa Terezinha, S\u00e3o Mamede, Peras de Fogo, Juripiranga e Salgado de S\u00e3o F\u00e9lix. Os sal\u00e1rios variam de R$ 1 mil a R$ 1.700.<\/p>\n","protected":false},"author":2,"featured_media":9282,"comment_status":"closed","ping_status":"open","sticky":false,"template":"","format":"standard","meta":{"_eb_attr":"","_jetpack_memberships_contains_paid_content":false,"footnotes":""},"categories":[6],"tags":[],"class_list":["post-9281","post","type-post","status-publish","format-standard","has-post-thumbnail","hentry","category-educacao"],"yoast_head":"<!-- This site is optimized with the Yoast SEO plugin v26.5 - https:\/\/yoast.com\/wordpress\/plugins\/seo\/ -->\n<title>Divulgado resultado dos processos seletivos do Projovem com vagas para o Cariri - Not&iacute;cias em Destaque<\/title>\n<meta name=\"robots\" content=\"index, follow, max-snippet:-1, max-image-preview:large, max-video-preview:-1\" \/>\n<link rel=\"canonical\" href=\"https:\/\/noticiasemdestaque.com\/cd\/?p=9281\" \/>\n<meta property=\"og:locale\" content=\"pt_BR\" \/>\n<meta property=\"og:type\" content=\"article\" \/>\n<meta property=\"og:title\" content=\"Divulgado resultado dos processos seletivos do Projovem com vagas para o Cariri - Not&iacute;cias em Destaque\" \/>\n<meta property=\"og:description\" content=\"Foi divulgado, no Di\u00e1rio Oficial do Estado desta sexta-feira (13), o resultado dos processos seletivos para o Programa Nacional de Inclus\u00e3o de Jovens (Projovem), nas edi\u00e7\u00f5es Urbana e Campo. Foram oferecidas 242 vagas em dois editais, sendo 167 para o Projovem Urbano, e 75 para o Projovem Campo. Clique aqui para conferir o resultado.\u00a0 No Projovem Urbano, as vagas ser\u00e3o distribu\u00eddas dentre as cidades de Jo\u00e3o Pessoa, Bayeux, Cabedelo, Rio Tinto,\u00a0Boqueir\u00e3o,\u00a0Umbuzeiro, Campina Grande,\u00a0Cabaceiras, Picu\u00ed, Cuit\u00e9, Itaporanga, Ibiara, Juru, Princesa Isabel, Uira\u00fana, S\u00e3o Jos\u00e9 de Piranhas e Cajazeiras. Os sal\u00e1rios variam entre R$ 1.700 e R$ 1.950. J\u00e1 no Projovem Campo, os selecionados v\u00e3o trabalhar em polos nas cidades de Santa Rita, Sap\u00e9, Bananeiras, Cacimba de Dentro, Bel\u00e9m, Ara\u00e7agi, Arara, Queimadas, Esperan\u00e7a, Patos, Santa Terezinha, S\u00e3o Mamede, Peras de Fogo, Juripiranga e Salgado de S\u00e3o F\u00e9lix. Os sal\u00e1rios variam de R$ 1 mil a R$ 1.700.\" \/>\n<meta property=\"og:url\" content=\"https:\/\/noticiasemdestaque.com\/cd\/?p=9281\" \/>\n<meta property=\"og:site_name\" content=\"Not&iacute;cias em Destaque\" \/>\n<meta property=\"article:published_time\" content=\"2018-04-15T12:58:49+00:00\" \/>\n<meta property=\"og:image\" content=\"https:\/\/noticiasemdestaque.com\/cd\/wp-content\/uploads\/2018\/04\/projovem-2018.jpg\" \/>\n\t<meta property=\"og:image:width\" content=\"600\" \/>\n\t<meta property=\"og:image:height\" content=\"303\" \/>\n\t<meta property=\"og:image:type\" content=\"image\/jpeg\" \/>\n<meta name=\"author\" content=\"Not\u00edcias em Destaque\" \/>\n<meta name=\"twitter:card\" content=\"summary_large_image\" \/>\n<meta name=\"twitter:label1\" content=\"Escrito por\" \/>\n\t<meta name=\"twitter:data1\" content=\"Not\u00edcias em Destaque\" \/>\n\t<meta name=\"twitter:label2\" content=\"Est. tempo de leitura\" \/>\n\t<meta name=\"twitter:data2\" content=\"1 minuto\" \/>\n<script type=\"application\/ld+json\" class=\"yoast-schema-graph\">{\"@context\":\"https:\/\/schema.org\",\"@graph\":[{\"@type\":\"Article\",\"@id\":\"https:\/\/noticiasemdestaque.com\/cd\/?p=9281#article\",\"isPartOf\":{\"@id\":\"https:\/\/noticiasemdestaque.com\/cd\/?p=9281\"},\"author\":{\"name\":\"Not\u00edcias em Destaque\",\"@id\":\"https:\/\/noticiasemdestaque.com\/cd\/#\/schema\/person\/21320b03a7e8bb90128938dafc9b908a\"},\"headline\":\"Divulgado resultado dos processos seletivos do Projovem com vagas para o Cariri\",\"datePublished\":\"2018-04-15T12:58:49+00:00\",\"mainEntityOfPage\":{\"@id\":\"https:\/\/noticiasemdestaque.com\/cd\/?p=9281\"},\"wordCount\":170,\"publisher\":{\"@id\":\"https:\/\/noticiasemdestaque.com\/cd\/#organization\"},\"image\":{\"@id\":\"https:\/\/noticiasemdestaque.com\/cd\/?p=9281#primaryimage\"},\"thumbnailUrl\":\"https:\/\/noticiasemdestaque.com\/cd\/wp-content\/uploads\/2018\/04\/projovem-2018.jpg\",\"articleSection\":[\"Educa\u00e7\u00e3o\"],\"inLanguage\":\"pt-BR\"},{\"@type\":\"WebPage\",\"@id\":\"https:\/\/noticiasemdestaque.com\/cd\/?p=9281\",\"url\":\"https:\/\/noticiasemdestaque.com\/cd\/?p=9281\",\"name\":\"Divulgado resultado dos processos seletivos do Projovem com vagas para o Cariri - Not&iacute;cias em Destaque\",\"isPartOf\":{\"@id\":\"https:\/\/noticiasemdestaque.com\/cd\/#website\"},\"primaryImageOfPage\":{\"@id\":\"https:\/\/noticiasemdestaque.com\/cd\/?p=9281#primaryimage\"},\"image\":{\"@id\":\"https:\/\/noticiasemdestaque.com\/cd\/?p=9281#primaryimage\"},\"thumbnailUrl\":\"https:\/\/noticiasemdestaque.com\/cd\/wp-content\/uploads\/2018\/04\/projovem-2018.jpg\",\"datePublished\":\"2018-04-15T12:58:49+00:00\",\"breadcrumb\":{\"@id\":\"https:\/\/noticiasemdestaque.com\/cd\/?p=9281#breadcrumb\"},\"inLanguage\":\"pt-BR\",\"potentialAction\":[{\"@type\":\"ReadAction\",\"target\":[\"https:\/\/noticiasemdestaque.com\/cd\/?p=9281\"]}]},{\"@type\":\"ImageObject\",\"inLanguage\":\"pt-BR\",\"@id\":\"https:\/\/noticiasemdestaque.com\/cd\/?p=9281#primaryimage\",\"url\":\"https:\/\/noticiasemdestaque.com\/cd\/wp-content\/uploads\/2018\/04\/projovem-2018.jpg\",\"contentUrl\":\"https:\/\/noticiasemdestaque.com\/cd\/wp-content\/uploads\/2018\/04\/projovem-2018.jpg\",\"width\":600,\"height\":303},{\"@type\":\"BreadcrumbList\",\"@id\":\"https:\/\/noticiasemdestaque.com\/cd\/?p=9281#breadcrumb\",\"itemListElement\":[{\"@type\":\"ListItem\",\"position\":1,\"name\":\"In\u00edcio\",\"item\":\"https:\/\/noticiasemdestaque.com\/cd\/\"},{\"@type\":\"ListItem\",\"position\":2,\"name\":\"Divulgado resultado dos processos seletivos do Projovem com vagas para o Cariri\"}]},{\"@type\":\"WebSite\",\"@id\":\"https:\/\/noticiasemdestaque.com\/cd\/#website\",\"url\":\"https:\/\/noticiasemdestaque.com\/cd\/\",\"name\":\"Not&iacute;cias em Destaque\",\"description\":\"\",\"publisher\":{\"@id\":\"https:\/\/noticiasemdestaque.com\/cd\/#organization\"},\"potentialAction\":[{\"@type\":\"SearchAction\",\"target\":{\"@type\":\"EntryPoint\",\"urlTemplate\":\"https:\/\/noticiasemdestaque.com\/cd\/?s={search_term_string}\"},\"query-input\":{\"@type\":\"PropertyValueSpecification\",\"valueRequired\":true,\"valueName\":\"search_term_string\"}}],\"inLanguage\":\"pt-BR\"},{\"@type\":\"Organization\",\"@id\":\"https:\/\/noticiasemdestaque.com\/cd\/#organization\",\"name\":\"Not\u00edcias em Destaque\",\"url\":\"https:\/\/noticiasemdestaque.com\/cd\/\",\"logo\":{\"@type\":\"ImageObject\",\"inLanguage\":\"pt-BR\",\"@id\":\"https:\/\/noticiasemdestaque.com\/cd\/#\/schema\/logo\/image\/\",\"url\":\"https:\/\/noticiasemdestaque.com\/cd\/wp-content\/uploads\/2022\/05\/imagem-base-noticiasemdestaque.png\",\"contentUrl\":\"https:\/\/noticiasemdestaque.com\/cd\/wp-content\/uploads\/2022\/05\/imagem-base-noticiasemdestaque.png\",\"width\":1200,\"height\":630,\"caption\":\"Not\u00edcias em Destaque\"},\"image\":{\"@id\":\"https:\/\/noticiasemdestaque.com\/cd\/#\/schema\/logo\/image\/\"}},{\"@type\":\"Person\",\"@id\":\"https:\/\/noticiasemdestaque.com\/cd\/#\/schema\/person\/21320b03a7e8bb90128938dafc9b908a\",\"name\":\"Not\u00edcias em Destaque\",\"url\":\"https:\/\/noticiasemdestaque.com\/cd\/?author=2\"}]}<\/script>\n<!-- \/ Yoast SEO plugin. -->","yoast_head_json":{"title":"Divulgado resultado dos processos seletivos do Projovem com vagas para o Cariri - Not&iacute;cias em Destaque","robots":{"index":"index","follow":"follow","max-snippet":"max-snippet:-1","max-image-preview":"max-image-preview:large","max-video-preview":"max-video-preview:-1"},"canonical":"https:\/\/noticiasemdestaque.com\/cd\/?p=9281","og_locale":"pt_BR","og_type":"article","og_title":"Divulgado resultado dos processos seletivos do Projovem com vagas para o Cariri - Not&iacute;cias em Destaque","og_description":"Foi divulgado, no Di\u00e1rio Oficial do Estado desta sexta-feira (13), o resultado dos processos seletivos para o Programa Nacional de Inclus\u00e3o de Jovens (Projovem), nas edi\u00e7\u00f5es Urbana e Campo. Foram oferecidas 242 vagas em dois editais, sendo 167 para o Projovem Urbano, e 75 para o Projovem Campo. Clique aqui para conferir o resultado.\u00a0 No Projovem Urbano, as vagas ser\u00e3o distribu\u00eddas dentre as cidades de Jo\u00e3o Pessoa, Bayeux, Cabedelo, Rio Tinto,\u00a0Boqueir\u00e3o,\u00a0Umbuzeiro, Campina Grande,\u00a0Cabaceiras, Picu\u00ed, Cuit\u00e9, Itaporanga, Ibiara, Juru, Princesa Isabel, Uira\u00fana, S\u00e3o Jos\u00e9 de Piranhas e Cajazeiras. Os sal\u00e1rios variam entre R$ 1.700 e R$ 1.950. J\u00e1 no Projovem Campo, os selecionados v\u00e3o trabalhar em polos nas cidades de Santa Rita, Sap\u00e9, Bananeiras, Cacimba de Dentro, Bel\u00e9m, Ara\u00e7agi, Arara, Queimadas, Esperan\u00e7a, Patos, Santa Terezinha, S\u00e3o Mamede, Peras de Fogo, Juripiranga e Salgado de S\u00e3o F\u00e9lix. Os sal\u00e1rios variam de R$ 1 mil a R$ 1.700.","og_url":"https:\/\/noticiasemdestaque.com\/cd\/?p=9281","og_site_name":"Not&iacute;cias em Destaque","article_published_time":"2018-04-15T12:58:49+00:00","og_image":[{"width":600,"height":303,"url":"https:\/\/noticiasemdestaque.com\/cd\/wp-content\/uploads\/2018\/04\/projovem-2018.jpg","type":"image\/jpeg"}],"author":"Not\u00edcias em Destaque","twitter_card":"summary_large_image","twitter_misc":{"Escrito por":"Not\u00edcias em Destaque","Est. tempo de leitura":"1 minuto"},"schema":{"@context":"https:\/\/schema.org","@graph":[{"@type":"Article","@id":"https:\/\/noticiasemdestaque.com\/cd\/?p=9281#article","isPartOf":{"@id":"https:\/\/noticiasemdestaque.com\/cd\/?p=9281"},"author":{"name":"Not\u00edcias em Destaque","@id":"https:\/\/noticiasemdestaque.com\/cd\/#\/schema\/person\/21320b03a7e8bb90128938dafc9b908a"},"headline":"Divulgado resultado dos processos seletivos do Projovem com vagas para o Cariri","datePublished":"2018-04-15T12:58:49+00:00","mainEntityOfPage":{"@id":"https:\/\/noticiasemdestaque.com\/cd\/?p=9281"},"wordCount":170,"publisher":{"@id":"https:\/\/noticiasemdestaque.com\/cd\/#organization"},"image":{"@id":"https:\/\/noticiasemdestaque.com\/cd\/?p=9281#primaryimage"},"thumbnailUrl":"https:\/\/noticiasemdestaque.com\/cd\/wp-content\/uploads\/2018\/04\/projovem-2018.jpg","articleSection":["Educa\u00e7\u00e3o"],"inLanguage":"pt-BR"},{"@type":"WebPage","@id":"https:\/\/noticiasemdestaque.com\/cd\/?p=9281","url":"https:\/\/noticiasemdestaque.com\/cd\/?p=9281","name":"Divulgado resultado dos processos seletivos do Projovem com vagas para o Cariri - Not&iacute;cias em Destaque","isPartOf":{"@id":"https:\/\/noticiasemdestaque.com\/cd\/#website"},"primaryImageOfPage":{"@id":"https:\/\/noticiasemdestaque.com\/cd\/?p=9281#primaryimage"},"image":{"@id":"https:\/\/noticiasemdestaque.com\/cd\/?p=9281#primaryimage"},"thumbnailUrl":"https:\/\/noticiasemdestaque.com\/cd\/wp-content\/uploads\/2018\/04\/projovem-2018.jpg","datePublished":"2018-04-15T12:58:49+00:00","breadcrumb":{"@id":"https:\/\/noticiasemdestaque.com\/cd\/?p=9281#breadcrumb"},"inLanguage":"pt-BR","potentialAction":[{"@type":"ReadAction","target":["https:\/\/noticiasemdestaque.com\/cd\/?p=9281"]}]},{"@type":"ImageObject","inLanguage":"pt-BR","@id":"https:\/\/noticiasemdestaque.com\/cd\/?p=9281#primaryimage","url":"https:\/\/noticiasemdestaque.com\/cd\/wp-content\/uploads\/2018\/04\/projovem-2018.jpg","contentUrl":"https:\/\/noticiasemdestaque.com\/cd\/wp-content\/uploads\/2018\/04\/projovem-2018.jpg","width":600,"height":303},{"@type":"BreadcrumbList","@id":"https:\/\/noticiasemdestaque.com\/cd\/?p=9281#breadcrumb","itemListElement":[{"@type":"ListItem","position":1,"name":"In\u00edcio","item":"https:\/\/noticiasemdestaque.com\/cd\/"},{"@type":"ListItem","position":2,"name":"Divulgado resultado dos processos seletivos do Projovem com vagas para o Cariri"}]},{"@type":"WebSite","@id":"https:\/\/noticiasemdestaque.com\/cd\/#website","url":"https:\/\/noticiasemdestaque.com\/cd\/","name":"Not&iacute;cias em Destaque","description":"","publisher":{"@id":"https:\/\/noticiasemdestaque.com\/cd\/#organization"},"potentialAction":[{"@type":"SearchAction","target":{"@type":"EntryPoint","urlTemplate":"https:\/\/noticiasemdestaque.com\/cd\/?s={search_term_string}"},"query-input":{"@type":"PropertyValueSpecification","valueRequired":true,"valueName":"search_term_string"}}],"inLanguage":"pt-BR"},{"@type":"Organization","@id":"https:\/\/noticiasemdestaque.com\/cd\/#organization","name":"Not\u00edcias em Destaque","url":"https:\/\/noticiasemdestaque.com\/cd\/","logo":{"@type":"ImageObject","inLanguage":"pt-BR","@id":"https:\/\/noticiasemdestaque.com\/cd\/#\/schema\/logo\/image\/","url":"https:\/\/noticiasemdestaque.com\/cd\/wp-content\/uploads\/2022\/05\/imagem-base-noticiasemdestaque.png","contentUrl":"https:\/\/noticiasemdestaque.com\/cd\/wp-content\/uploads\/2022\/05\/imagem-base-noticiasemdestaque.png","width":1200,"height":630,"caption":"Not\u00edcias em Destaque"},"image":{"@id":"https:\/\/noticiasemdestaque.com\/cd\/#\/schema\/logo\/image\/"}},{"@type":"Person","@id":"https:\/\/noticiasemdestaque.com\/cd\/#\/schema\/person\/21320b03a7e8bb90128938dafc9b908a","name":"Not\u00edcias em Destaque","url":"https:\/\/noticiasemdestaque.com\/cd\/?author=2"}]}},"jetpack_featured_media_url":"https:\/\/noticiasemdestaque.com\/cd\/wp-content\/uploads\/2018\/04\/projovem-2018.jpg","jetpack_sharing_enabled":true,"_links":{"self":[{"href":"https:\/\/noticiasemdestaque.com\/cd\/index.php?rest_route=\/wp\/v2\/posts\/9281","targetHints":{"allow":["GET"]}}],"collection":[{"href":"https:\/\/noticiasemdestaque.com\/cd\/index.php?rest_route=\/wp\/v2\/posts"}],"about":[{"href":"https:\/\/noticiasemdestaque.com\/cd\/index.php?rest_route=\/wp\/v2\/types\/post"}],"author":[{"embeddable":true,"href":"https:\/\/noticiasemdestaque.com\/cd\/index.php?rest_route=\/wp\/v2\/users\/2"}],"replies":[{"embeddable":true,"href":"https:\/\/noticiasemdestaque.com\/cd\/index.php?rest_route=%2Fwp%2Fv2%2Fcomments&post=9281"}],"version-history":[{"count":1,"href":"https:\/\/noticiasemdestaque.com\/cd\/index.php?rest_route=\/wp\/v2\/posts\/9281\/revisions"}],"predecessor-version":[{"id":9283,"href":"https:\/\/noticiasemdestaque.com\/cd\/index.php?rest_route=\/wp\/v2\/posts\/9281\/revisions\/9283"}],"wp:featuredmedia":[{"embeddable":true,"href":"https:\/\/noticiasemdestaque.com\/cd\/index.php?rest_route=\/wp\/v2\/media\/9282"}],"wp:attachment":[{"href":"https:\/\/noticiasemdestaque.com\/cd\/index.php?rest_route=%2Fwp%2Fv2%2Fmedia&parent=9281"}],"wp:term":[{"taxonomy":"category","embeddable":true,"href":"https:\/\/noticiasemdestaque.com\/cd\/index.php?rest_route=%2Fwp%2Fv2%2Fcategories&post=9281"},{"taxonomy":"post_tag","embeddable":true,"href":"https:\/\/noticiasemdestaque.com\/cd\/index.php?rest_route=%2Fwp%2Fv2%2Ftags&post=9281"}],"curies":[{"name":"wp","href":"https:\/\/api.w.org\/{rel}","templated":true}]}}