{"id":927,"date":"2017-06-26T13:06:52","date_gmt":"2017-06-26T16:06:52","guid":{"rendered":"http:\/\/caririemdestaque.com\/cd\/?p=927"},"modified":"2017-06-26T13:06:52","modified_gmt":"2017-06-26T16:06:52","slug":"a-caravana-do-coracao-vai-cumprir-seu-proposito-de-mudar-a-vida-de-cada-pessoa-atendida-disse-ligia-feliciano","status":"publish","type":"post","link":"https:\/\/noticiasemdestaque.com\/cd\/?p=927","title":{"rendered":"\u201cA Caravana do Cora\u00e7\u00e3o vai cumprir seu prop\u00f3sito de mudar a vida de cada pessoa atendida\u201d, disse L\u00edgia Feliciano"},"content":{"rendered":"<p><a href=\"http:\/\/caririemdestaque.com\/cd\/wp-content\/uploads\/2017\/06\/unnamed-7.jpg\"><img fetchpriority=\"high\" decoding=\"async\" class=\"size-medium wp-image-928 alignleft\" src=\"http:\/\/caririemdestaque.com\/cd\/wp-content\/uploads\/2017\/06\/unnamed-7-300x200.jpg\" alt=\"\" width=\"300\" height=\"200\" srcset=\"https:\/\/noticiasemdestaque.com\/cd\/wp-content\/uploads\/2017\/06\/unnamed-7-300x200.jpg 300w, https:\/\/noticiasemdestaque.com\/cd\/wp-content\/uploads\/2017\/06\/unnamed-7-768x512.jpg 768w, https:\/\/noticiasemdestaque.com\/cd\/wp-content\/uploads\/2017\/06\/unnamed-7-480x320.jpg 480w, https:\/\/noticiasemdestaque.com\/cd\/wp-content\/uploads\/2017\/06\/unnamed-7.jpg 884w\" sizes=\"(max-width: 300px) 100vw, 300px\" \/><\/a>A vice-governadora da Para\u00edba, L\u00edgia Feliciano, participou ontem da recep\u00e7\u00e3o feita aos profissionais de sa\u00fade e volunt\u00e1rios que v\u00e3o participar da 5\u00aa Caravana do Cora\u00e7\u00e3o. O evento foi no audit\u00f3rio do Conselho Regional de Medicina (CRM), na Capital. A Caravana do Cora\u00e7\u00e3o \u00e9 uma parceria do Governo da Para\u00edba com a Rede de Cardiologia Pedi\u00e1trica da Para\u00edba (RCP), e a ONG pernambucana C\u00edrculo do Cora\u00e7\u00e3o.<\/p>\n<p>Nesta segunda-feira a equipe estar\u00e1 em Cajazeiras fazendo atendimentos a crian\u00e7as com problemas do cora\u00e7\u00e3o e com microcefalia que est\u00e3o sem acompanhamento. Este ano a novidade \u00e9 que o atendimento ser\u00e1 ampliado para as gestantes.<\/p>\n<p>L\u00edgia Feliciano, que \u00e9 m\u00e9dica, disse que vai acompanhar a equipe em algumas cidades e falou da import\u00e2ncia do trabalho. \u201cDesejo que essa Caravana seja coberta de \u00eaxito e cumpra seu prop\u00f3sito de mudar a vida de cada pessoa atendida por voc\u00eas\u201d, enfatizou.<\/p>\n<p>Esta edi\u00e7\u00e3o ser\u00e1 realizada at\u00e9 o dia 8 de julho, em 13 munic\u00edpios. Logo ap\u00f3s Cajazeiras, segue para Sousa, Catol\u00e9 do Rocha, Pombal, Patos, Itaporanga, Princesa Isabel, Monteiro, Esperan\u00e7a, Picu\u00ed, Guarabira, Itabaiana e Mamanguape.<\/p>\n<p><em><strong>Cariri em Destaque\u00a0<\/strong><\/em><\/p>\n<p>Com Ascom<\/p>\n","protected":false},"excerpt":{"rendered":"<p>A vice-governadora da Para\u00edba, L\u00edgia Feliciano, participou ontem da recep\u00e7\u00e3o feita aos profissionais de sa\u00fade e volunt\u00e1rios que v\u00e3o participar da 5\u00aa Caravana do Cora\u00e7\u00e3o. O evento foi no audit\u00f3rio do Conselho Regional de Medicina (CRM), na Capital. A Caravana do Cora\u00e7\u00e3o \u00e9 uma parceria do Governo da Para\u00edba com a Rede de Cardiologia Pedi\u00e1trica da Para\u00edba (RCP), e a ONG pernambucana C\u00edrculo do Cora\u00e7\u00e3o. Nesta segunda-feira a equipe estar\u00e1 em Cajazeiras fazendo atendimentos a crian\u00e7as com problemas do cora\u00e7\u00e3o e com microcefalia que est\u00e3o sem acompanhamento. Este ano a novidade \u00e9 que o atendimento ser\u00e1 ampliado para as gestantes. L\u00edgia Feliciano, que \u00e9 m\u00e9dica, disse que vai acompanhar a equipe em algumas cidades e falou da import\u00e2ncia do trabalho. \u201cDesejo que essa Caravana seja coberta de \u00eaxito e cumpra seu prop\u00f3sito de mudar a vida de cada pessoa atendida por voc\u00eas\u201d, enfatizou. Esta edi\u00e7\u00e3o ser\u00e1 realizada at\u00e9 o dia 8 de julho, em 13 munic\u00edpios. Logo ap\u00f3s Cajazeiras, segue para Sousa, Catol\u00e9 do Rocha, Pombal, Patos, Itaporanga, Princesa Isabel, Monteiro, Esperan\u00e7a, Picu\u00ed, Guarabira, Itabaiana e Mamanguape. Cariri em Destaque\u00a0 Com Ascom<\/p>\n","protected":false},"author":2,"featured_media":928,"comment_status":"closed","ping_status":"open","sticky":false,"template":"","format":"standard","meta":{"_eb_attr":"","_jetpack_memberships_contains_paid_content":false,"footnotes":""},"categories":[4],"tags":[],"class_list":["post-927","post","type-post","status-publish","format-standard","has-post-thumbnail","hentry","category-politica"],"yoast_head":"<!-- This site is optimized with the Yoast SEO plugin v26.5 - https:\/\/yoast.com\/wordpress\/plugins\/seo\/ -->\n<title>\u201cA Caravana do Cora\u00e7\u00e3o vai cumprir seu prop\u00f3sito de mudar a vida de cada pessoa atendida\u201d, disse L\u00edgia Feliciano - Not&iacute;cias em Destaque<\/title>\n<meta name=\"robots\" content=\"index, follow, max-snippet:-1, max-image-preview:large, max-video-preview:-1\" \/>\n<link rel=\"canonical\" href=\"https:\/\/noticiasemdestaque.com\/cd\/?p=927\" \/>\n<meta property=\"og:locale\" content=\"pt_BR\" \/>\n<meta property=\"og:type\" content=\"article\" \/>\n<meta property=\"og:title\" content=\"\u201cA Caravana do Cora\u00e7\u00e3o vai cumprir seu prop\u00f3sito de mudar a vida de cada pessoa atendida\u201d, disse L\u00edgia Feliciano - Not&iacute;cias em Destaque\" \/>\n<meta property=\"og:description\" content=\"A vice-governadora da Para\u00edba, L\u00edgia Feliciano, participou ontem da recep\u00e7\u00e3o feita aos profissionais de sa\u00fade e volunt\u00e1rios que v\u00e3o participar da 5\u00aa Caravana do Cora\u00e7\u00e3o. O evento foi no audit\u00f3rio do Conselho Regional de Medicina (CRM), na Capital. A Caravana do Cora\u00e7\u00e3o \u00e9 uma parceria do Governo da Para\u00edba com a Rede de Cardiologia Pedi\u00e1trica da Para\u00edba (RCP), e a ONG pernambucana C\u00edrculo do Cora\u00e7\u00e3o. Nesta segunda-feira a equipe estar\u00e1 em Cajazeiras fazendo atendimentos a crian\u00e7as com problemas do cora\u00e7\u00e3o e com microcefalia que est\u00e3o sem acompanhamento. Este ano a novidade \u00e9 que o atendimento ser\u00e1 ampliado para as gestantes. L\u00edgia Feliciano, que \u00e9 m\u00e9dica, disse que vai acompanhar a equipe em algumas cidades e falou da import\u00e2ncia do trabalho. \u201cDesejo que essa Caravana seja coberta de \u00eaxito e cumpra seu prop\u00f3sito de mudar a vida de cada pessoa atendida por voc\u00eas\u201d, enfatizou. Esta edi\u00e7\u00e3o ser\u00e1 realizada at\u00e9 o dia 8 de julho, em 13 munic\u00edpios. Logo ap\u00f3s Cajazeiras, segue para Sousa, Catol\u00e9 do Rocha, Pombal, Patos, Itaporanga, Princesa Isabel, Monteiro, Esperan\u00e7a, Picu\u00ed, Guarabira, Itabaiana e Mamanguape. Cariri em Destaque\u00a0 Com Ascom\" \/>\n<meta property=\"og:url\" content=\"https:\/\/noticiasemdestaque.com\/cd\/?p=927\" \/>\n<meta property=\"og:site_name\" content=\"Not&iacute;cias em Destaque\" \/>\n<meta property=\"article:published_time\" content=\"2017-06-26T16:06:52+00:00\" \/>\n<meta property=\"og:image\" content=\"https:\/\/noticiasemdestaque.com\/cd\/wp-content\/uploads\/2017\/06\/unnamed-7.jpg\" \/>\n\t<meta property=\"og:image:width\" content=\"884\" \/>\n\t<meta property=\"og:image:height\" content=\"589\" \/>\n\t<meta property=\"og:image:type\" content=\"image\/jpeg\" \/>\n<meta name=\"author\" content=\"Not\u00edcias em Destaque\" \/>\n<meta name=\"twitter:card\" content=\"summary_large_image\" \/>\n<meta name=\"twitter:label1\" content=\"Escrito por\" \/>\n\t<meta name=\"twitter:data1\" content=\"Not\u00edcias em Destaque\" \/>\n\t<meta name=\"twitter:label2\" content=\"Est. tempo de leitura\" \/>\n\t<meta name=\"twitter:data2\" content=\"1 minuto\" \/>\n<script type=\"application\/ld+json\" class=\"yoast-schema-graph\">{\"@context\":\"https:\/\/schema.org\",\"@graph\":[{\"@type\":\"Article\",\"@id\":\"https:\/\/noticiasemdestaque.com\/cd\/?p=927#article\",\"isPartOf\":{\"@id\":\"https:\/\/noticiasemdestaque.com\/cd\/?p=927\"},\"author\":{\"name\":\"Not\u00edcias em Destaque\",\"@id\":\"https:\/\/noticiasemdestaque.com\/cd\/#\/schema\/person\/4a81fb71f77579d059c3045891fa1786\"},\"headline\":\"\u201cA Caravana do Cora\u00e7\u00e3o vai cumprir seu prop\u00f3sito de mudar a vida de cada pessoa atendida\u201d, disse L\u00edgia Feliciano\",\"datePublished\":\"2017-06-26T16:06:52+00:00\",\"mainEntityOfPage\":{\"@id\":\"https:\/\/noticiasemdestaque.com\/cd\/?p=927\"},\"wordCount\":224,\"publisher\":{\"@id\":\"https:\/\/noticiasemdestaque.com\/cd\/#organization\"},\"image\":{\"@id\":\"https:\/\/noticiasemdestaque.com\/cd\/?p=927#primaryimage\"},\"thumbnailUrl\":\"https:\/\/noticiasemdestaque.com\/cd\/wp-content\/uploads\/2017\/06\/unnamed-7.jpg\",\"articleSection\":[\"Pol\u00edtica\"],\"inLanguage\":\"pt-BR\"},{\"@type\":\"WebPage\",\"@id\":\"https:\/\/noticiasemdestaque.com\/cd\/?p=927\",\"url\":\"https:\/\/noticiasemdestaque.com\/cd\/?p=927\",\"name\":\"\u201cA Caravana do Cora\u00e7\u00e3o vai cumprir seu prop\u00f3sito de mudar a vida de cada pessoa atendida\u201d, disse L\u00edgia Feliciano - Not&iacute;cias em Destaque\",\"isPartOf\":{\"@id\":\"https:\/\/noticiasemdestaque.com\/cd\/#website\"},\"primaryImageOfPage\":{\"@id\":\"https:\/\/noticiasemdestaque.com\/cd\/?p=927#primaryimage\"},\"image\":{\"@id\":\"https:\/\/noticiasemdestaque.com\/cd\/?p=927#primaryimage\"},\"thumbnailUrl\":\"https:\/\/noticiasemdestaque.com\/cd\/wp-content\/uploads\/2017\/06\/unnamed-7.jpg\",\"datePublished\":\"2017-06-26T16:06:52+00:00\",\"breadcrumb\":{\"@id\":\"https:\/\/noticiasemdestaque.com\/cd\/?p=927#breadcrumb\"},\"inLanguage\":\"pt-BR\",\"potentialAction\":[{\"@type\":\"ReadAction\",\"target\":[\"https:\/\/noticiasemdestaque.com\/cd\/?p=927\"]}]},{\"@type\":\"ImageObject\",\"inLanguage\":\"pt-BR\",\"@id\":\"https:\/\/noticiasemdestaque.com\/cd\/?p=927#primaryimage\",\"url\":\"https:\/\/noticiasemdestaque.com\/cd\/wp-content\/uploads\/2017\/06\/unnamed-7.jpg\",\"contentUrl\":\"https:\/\/noticiasemdestaque.com\/cd\/wp-content\/uploads\/2017\/06\/unnamed-7.jpg\",\"width\":884,\"height\":589},{\"@type\":\"BreadcrumbList\",\"@id\":\"https:\/\/noticiasemdestaque.com\/cd\/?p=927#breadcrumb\",\"itemListElement\":[{\"@type\":\"ListItem\",\"position\":1,\"name\":\"In\u00edcio\",\"item\":\"https:\/\/noticiasemdestaque.com\/cd\/\"},{\"@type\":\"ListItem\",\"position\":2,\"name\":\"\u201cA Caravana do Cora\u00e7\u00e3o vai cumprir seu prop\u00f3sito de mudar a vida de cada pessoa atendida\u201d, disse L\u00edgia Feliciano\"}]},{\"@type\":\"WebSite\",\"@id\":\"https:\/\/noticiasemdestaque.com\/cd\/#website\",\"url\":\"https:\/\/noticiasemdestaque.com\/cd\/\",\"name\":\"Not&iacute;cias em Destaque\",\"description\":\"\",\"publisher\":{\"@id\":\"https:\/\/noticiasemdestaque.com\/cd\/#organization\"},\"potentialAction\":[{\"@type\":\"SearchAction\",\"target\":{\"@type\":\"EntryPoint\",\"urlTemplate\":\"https:\/\/noticiasemdestaque.com\/cd\/?s={search_term_string}\"},\"query-input\":{\"@type\":\"PropertyValueSpecification\",\"valueRequired\":true,\"valueName\":\"search_term_string\"}}],\"inLanguage\":\"pt-BR\"},{\"@type\":\"Organization\",\"@id\":\"https:\/\/noticiasemdestaque.com\/cd\/#organization\",\"name\":\"Not\u00edcias em Destaque\",\"url\":\"https:\/\/noticiasemdestaque.com\/cd\/\",\"logo\":{\"@type\":\"ImageObject\",\"inLanguage\":\"pt-BR\",\"@id\":\"https:\/\/noticiasemdestaque.com\/cd\/#\/schema\/logo\/image\/\",\"url\":\"https:\/\/noticiasemdestaque.com\/cd\/wp-content\/uploads\/2022\/05\/imagem-base-noticiasemdestaque.png\",\"contentUrl\":\"https:\/\/noticiasemdestaque.com\/cd\/wp-content\/uploads\/2022\/05\/imagem-base-noticiasemdestaque.png\",\"width\":1200,\"height\":630,\"caption\":\"Not\u00edcias em Destaque\"},\"image\":{\"@id\":\"https:\/\/noticiasemdestaque.com\/cd\/#\/schema\/logo\/image\/\"}},{\"@type\":\"Person\",\"@id\":\"https:\/\/noticiasemdestaque.com\/cd\/#\/schema\/person\/4a81fb71f77579d059c3045891fa1786\",\"name\":\"Not\u00edcias em Destaque\",\"url\":\"https:\/\/noticiasemdestaque.com\/cd\/?author=2\"}]}<\/script>\n<!-- \/ Yoast SEO plugin. -->","yoast_head_json":{"title":"\u201cA Caravana do Cora\u00e7\u00e3o vai cumprir seu prop\u00f3sito de mudar a vida de cada pessoa atendida\u201d, disse L\u00edgia Feliciano - Not&iacute;cias em Destaque","robots":{"index":"index","follow":"follow","max-snippet":"max-snippet:-1","max-image-preview":"max-image-preview:large","max-video-preview":"max-video-preview:-1"},"canonical":"https:\/\/noticiasemdestaque.com\/cd\/?p=927","og_locale":"pt_BR","og_type":"article","og_title":"\u201cA Caravana do Cora\u00e7\u00e3o vai cumprir seu prop\u00f3sito de mudar a vida de cada pessoa atendida\u201d, disse L\u00edgia Feliciano - Not&iacute;cias em Destaque","og_description":"A vice-governadora da Para\u00edba, L\u00edgia Feliciano, participou ontem da recep\u00e7\u00e3o feita aos profissionais de sa\u00fade e volunt\u00e1rios que v\u00e3o participar da 5\u00aa Caravana do Cora\u00e7\u00e3o. O evento foi no audit\u00f3rio do Conselho Regional de Medicina (CRM), na Capital. A Caravana do Cora\u00e7\u00e3o \u00e9 uma parceria do Governo da Para\u00edba com a Rede de Cardiologia Pedi\u00e1trica da Para\u00edba (RCP), e a ONG pernambucana C\u00edrculo do Cora\u00e7\u00e3o. Nesta segunda-feira a equipe estar\u00e1 em Cajazeiras fazendo atendimentos a crian\u00e7as com problemas do cora\u00e7\u00e3o e com microcefalia que est\u00e3o sem acompanhamento. Este ano a novidade \u00e9 que o atendimento ser\u00e1 ampliado para as gestantes. L\u00edgia Feliciano, que \u00e9 m\u00e9dica, disse que vai acompanhar a equipe em algumas cidades e falou da import\u00e2ncia do trabalho. \u201cDesejo que essa Caravana seja coberta de \u00eaxito e cumpra seu prop\u00f3sito de mudar a vida de cada pessoa atendida por voc\u00eas\u201d, enfatizou. Esta edi\u00e7\u00e3o ser\u00e1 realizada at\u00e9 o dia 8 de julho, em 13 munic\u00edpios. Logo ap\u00f3s Cajazeiras, segue para Sousa, Catol\u00e9 do Rocha, Pombal, Patos, Itaporanga, Princesa Isabel, Monteiro, Esperan\u00e7a, Picu\u00ed, Guarabira, Itabaiana e Mamanguape. Cariri em Destaque\u00a0 Com Ascom","og_url":"https:\/\/noticiasemdestaque.com\/cd\/?p=927","og_site_name":"Not&iacute;cias em Destaque","article_published_time":"2017-06-26T16:06:52+00:00","og_image":[{"width":884,"height":589,"url":"https:\/\/noticiasemdestaque.com\/cd\/wp-content\/uploads\/2017\/06\/unnamed-7.jpg","type":"image\/jpeg"}],"author":"Not\u00edcias em Destaque","twitter_card":"summary_large_image","twitter_misc":{"Escrito por":"Not\u00edcias em Destaque","Est. tempo de leitura":"1 minuto"},"schema":{"@context":"https:\/\/schema.org","@graph":[{"@type":"Article","@id":"https:\/\/noticiasemdestaque.com\/cd\/?p=927#article","isPartOf":{"@id":"https:\/\/noticiasemdestaque.com\/cd\/?p=927"},"author":{"name":"Not\u00edcias em Destaque","@id":"https:\/\/noticiasemdestaque.com\/cd\/#\/schema\/person\/4a81fb71f77579d059c3045891fa1786"},"headline":"\u201cA Caravana do Cora\u00e7\u00e3o vai cumprir seu prop\u00f3sito de mudar a vida de cada pessoa atendida\u201d, disse L\u00edgia Feliciano","datePublished":"2017-06-26T16:06:52+00:00","mainEntityOfPage":{"@id":"https:\/\/noticiasemdestaque.com\/cd\/?p=927"},"wordCount":224,"publisher":{"@id":"https:\/\/noticiasemdestaque.com\/cd\/#organization"},"image":{"@id":"https:\/\/noticiasemdestaque.com\/cd\/?p=927#primaryimage"},"thumbnailUrl":"https:\/\/noticiasemdestaque.com\/cd\/wp-content\/uploads\/2017\/06\/unnamed-7.jpg","articleSection":["Pol\u00edtica"],"inLanguage":"pt-BR"},{"@type":"WebPage","@id":"https:\/\/noticiasemdestaque.com\/cd\/?p=927","url":"https:\/\/noticiasemdestaque.com\/cd\/?p=927","name":"\u201cA Caravana do Cora\u00e7\u00e3o vai cumprir seu prop\u00f3sito de mudar a vida de cada pessoa atendida\u201d, disse L\u00edgia Feliciano - Not&iacute;cias em Destaque","isPartOf":{"@id":"https:\/\/noticiasemdestaque.com\/cd\/#website"},"primaryImageOfPage":{"@id":"https:\/\/noticiasemdestaque.com\/cd\/?p=927#primaryimage"},"image":{"@id":"https:\/\/noticiasemdestaque.com\/cd\/?p=927#primaryimage"},"thumbnailUrl":"https:\/\/noticiasemdestaque.com\/cd\/wp-content\/uploads\/2017\/06\/unnamed-7.jpg","datePublished":"2017-06-26T16:06:52+00:00","breadcrumb":{"@id":"https:\/\/noticiasemdestaque.com\/cd\/?p=927#breadcrumb"},"inLanguage":"pt-BR","potentialAction":[{"@type":"ReadAction","target":["https:\/\/noticiasemdestaque.com\/cd\/?p=927"]}]},{"@type":"ImageObject","inLanguage":"pt-BR","@id":"https:\/\/noticiasemdestaque.com\/cd\/?p=927#primaryimage","url":"https:\/\/noticiasemdestaque.com\/cd\/wp-content\/uploads\/2017\/06\/unnamed-7.jpg","contentUrl":"https:\/\/noticiasemdestaque.com\/cd\/wp-content\/uploads\/2017\/06\/unnamed-7.jpg","width":884,"height":589},{"@type":"BreadcrumbList","@id":"https:\/\/noticiasemdestaque.com\/cd\/?p=927#breadcrumb","itemListElement":[{"@type":"ListItem","position":1,"name":"In\u00edcio","item":"https:\/\/noticiasemdestaque.com\/cd\/"},{"@type":"ListItem","position":2,"name":"\u201cA Caravana do Cora\u00e7\u00e3o vai cumprir seu prop\u00f3sito de mudar a vida de cada pessoa atendida\u201d, disse L\u00edgia Feliciano"}]},{"@type":"WebSite","@id":"https:\/\/noticiasemdestaque.com\/cd\/#website","url":"https:\/\/noticiasemdestaque.com\/cd\/","name":"Not&iacute;cias em Destaque","description":"","publisher":{"@id":"https:\/\/noticiasemdestaque.com\/cd\/#organization"},"potentialAction":[{"@type":"SearchAction","target":{"@type":"EntryPoint","urlTemplate":"https:\/\/noticiasemdestaque.com\/cd\/?s={search_term_string}"},"query-input":{"@type":"PropertyValueSpecification","valueRequired":true,"valueName":"search_term_string"}}],"inLanguage":"pt-BR"},{"@type":"Organization","@id":"https:\/\/noticiasemdestaque.com\/cd\/#organization","name":"Not\u00edcias em Destaque","url":"https:\/\/noticiasemdestaque.com\/cd\/","logo":{"@type":"ImageObject","inLanguage":"pt-BR","@id":"https:\/\/noticiasemdestaque.com\/cd\/#\/schema\/logo\/image\/","url":"https:\/\/noticiasemdestaque.com\/cd\/wp-content\/uploads\/2022\/05\/imagem-base-noticiasemdestaque.png","contentUrl":"https:\/\/noticiasemdestaque.com\/cd\/wp-content\/uploads\/2022\/05\/imagem-base-noticiasemdestaque.png","width":1200,"height":630,"caption":"Not\u00edcias em Destaque"},"image":{"@id":"https:\/\/noticiasemdestaque.com\/cd\/#\/schema\/logo\/image\/"}},{"@type":"Person","@id":"https:\/\/noticiasemdestaque.com\/cd\/#\/schema\/person\/4a81fb71f77579d059c3045891fa1786","name":"Not\u00edcias em Destaque","url":"https:\/\/noticiasemdestaque.com\/cd\/?author=2"}]}},"jetpack_featured_media_url":"https:\/\/noticiasemdestaque.com\/cd\/wp-content\/uploads\/2017\/06\/unnamed-7.jpg","jetpack_sharing_enabled":true,"_links":{"self":[{"href":"https:\/\/noticiasemdestaque.com\/cd\/index.php?rest_route=\/wp\/v2\/posts\/927","targetHints":{"allow":["GET"]}}],"collection":[{"href":"https:\/\/noticiasemdestaque.com\/cd\/index.php?rest_route=\/wp\/v2\/posts"}],"about":[{"href":"https:\/\/noticiasemdestaque.com\/cd\/index.php?rest_route=\/wp\/v2\/types\/post"}],"author":[{"embeddable":true,"href":"https:\/\/noticiasemdestaque.com\/cd\/index.php?rest_route=\/wp\/v2\/users\/2"}],"replies":[{"embeddable":true,"href":"https:\/\/noticiasemdestaque.com\/cd\/index.php?rest_route=%2Fwp%2Fv2%2Fcomments&post=927"}],"version-history":[{"count":1,"href":"https:\/\/noticiasemdestaque.com\/cd\/index.php?rest_route=\/wp\/v2\/posts\/927\/revisions"}],"predecessor-version":[{"id":929,"href":"https:\/\/noticiasemdestaque.com\/cd\/index.php?rest_route=\/wp\/v2\/posts\/927\/revisions\/929"}],"wp:featuredmedia":[{"embeddable":true,"href":"https:\/\/noticiasemdestaque.com\/cd\/index.php?rest_route=\/wp\/v2\/media\/928"}],"wp:attachment":[{"href":"https:\/\/noticiasemdestaque.com\/cd\/index.php?rest_route=%2Fwp%2Fv2%2Fmedia&parent=927"}],"wp:term":[{"taxonomy":"category","embeddable":true,"href":"https:\/\/noticiasemdestaque.com\/cd\/index.php?rest_route=%2Fwp%2Fv2%2Fcategories&post=927"},{"taxonomy":"post_tag","embeddable":true,"href":"https:\/\/noticiasemdestaque.com\/cd\/index.php?rest_route=%2Fwp%2Fv2%2Ftags&post=927"}],"curies":[{"name":"wp","href":"https:\/\/api.w.org\/{rel}","templated":true}]}}