{"id":9260,"date":"2018-04-14T14:10:24","date_gmt":"2018-04-14T17:10:24","guid":{"rendered":"http:\/\/caririemdestaque.com\/cd\/?p=9260"},"modified":"2018-04-14T17:48:39","modified_gmt":"2018-04-14T20:48:39","slug":"homem-e-assassinado-dentro","status":"publish","type":"post","link":"https:\/\/noticiasemdestaque.com\/cd\/?p=9260","title":{"rendered":"Homem \u00e9 assassinado dentro de casa"},"content":{"rendered":"<p><a href=\"http:\/\/caririemdestaque.com\/cd\/wp-content\/uploads\/2018\/04\/HOmem-morto-S\u00e3o-Bento-696x505.jpg\"><img fetchpriority=\"high\" decoding=\"async\" class=\"aligncenter wp-image-9261 size-full\" src=\"http:\/\/caririemdestaque.com\/cd\/wp-content\/uploads\/2018\/04\/HOmem-morto-S\u00e3o-Bento-696x505.jpg\" alt=\"\" width=\"696\" height=\"505\" srcset=\"https:\/\/noticiasemdestaque.com\/cd\/wp-content\/uploads\/2018\/04\/HOmem-morto-S\u00e3o-Bento-696x505.jpg 696w, https:\/\/noticiasemdestaque.com\/cd\/wp-content\/uploads\/2018\/04\/HOmem-morto-S\u00e3o-Bento-696x505-300x218.jpg 300w\" sizes=\"(max-width: 696px) 100vw, 696px\" \/><\/a><\/p>\n<p>A cidade de S\u00e3o Bento, no Sert\u00e3o paraibano, est\u00e1 curiosa e amedrontada por causa de um homic\u00eddio. Um homem identificado por\u00a0Clevin Ara\u00fajo, 35 anos, natural de Caic\u00f3 (RN), foi assassinado \u00e0s 11h deste s\u00e1bado (14). Ele foi morto a tiros dentro de sua casa, no bairro S\u00e3o Bernardo.<\/p>\n<p>Antes da Pol\u00edcia Militar ter reunido todas as informa\u00e7\u00f5es sobre a ocorr\u00eancia, uma foto da v\u00edtima ensanguentada, no ch\u00e3o da sala, circulou pelo WhatsApp .<\/p>\n<p><strong><em>Cariri em Destaque<\/em><\/strong><\/p>\n<p><em>Sert\u00e3o em foco<\/em><\/p>\n","protected":false},"excerpt":{"rendered":"<p>A cidade de S\u00e3o Bento, no Sert\u00e3o paraibano, est\u00e1 curiosa e amedrontada por causa de um homic\u00eddio. Um homem identificado por\u00a0Clevin Ara\u00fajo, 35 anos, natural de Caic\u00f3 (RN), foi assassinado \u00e0s 11h deste s\u00e1bado (14). Ele foi morto a tiros dentro de sua casa, no bairro S\u00e3o Bernardo. Antes da Pol\u00edcia Militar ter reunido todas as informa\u00e7\u00f5es sobre a ocorr\u00eancia, uma foto da v\u00edtima ensanguentada, no ch\u00e3o da sala, circulou pelo WhatsApp . Cariri em Destaque Sert\u00e3o em foco<\/p>\n","protected":false},"author":2,"featured_media":9261,"comment_status":"closed","ping_status":"open","sticky":false,"template":"","format":"standard","meta":{"_eb_attr":"","_jetpack_memberships_contains_paid_content":false,"footnotes":""},"categories":[1],"tags":[],"class_list":["post-9260","post","type-post","status-publish","format-standard","has-post-thumbnail","hentry","category-uncategorized"],"yoast_head":"<!-- This site is optimized with the Yoast SEO plugin v26.5 - https:\/\/yoast.com\/wordpress\/plugins\/seo\/ -->\n<title>Homem \u00e9 assassinado dentro de casa - Not&iacute;cias em Destaque<\/title>\n<meta name=\"robots\" content=\"index, follow, max-snippet:-1, max-image-preview:large, max-video-preview:-1\" \/>\n<link rel=\"canonical\" href=\"https:\/\/noticiasemdestaque.com\/cd\/?p=9260\" \/>\n<meta property=\"og:locale\" content=\"pt_BR\" \/>\n<meta property=\"og:type\" content=\"article\" \/>\n<meta property=\"og:title\" content=\"Homem \u00e9 assassinado dentro de casa - Not&iacute;cias em Destaque\" \/>\n<meta property=\"og:description\" content=\"A cidade de S\u00e3o Bento, no Sert\u00e3o paraibano, est\u00e1 curiosa e amedrontada por causa de um homic\u00eddio. Um homem identificado por\u00a0Clevin Ara\u00fajo, 35 anos, natural de Caic\u00f3 (RN), foi assassinado \u00e0s 11h deste s\u00e1bado (14). Ele foi morto a tiros dentro de sua casa, no bairro S\u00e3o Bernardo. Antes da Pol\u00edcia Militar ter reunido todas as informa\u00e7\u00f5es sobre a ocorr\u00eancia, uma foto da v\u00edtima ensanguentada, no ch\u00e3o da sala, circulou pelo WhatsApp . Cariri em Destaque Sert\u00e3o em foco\" \/>\n<meta property=\"og:url\" content=\"https:\/\/noticiasemdestaque.com\/cd\/?p=9260\" \/>\n<meta property=\"og:site_name\" content=\"Not&iacute;cias em Destaque\" \/>\n<meta property=\"article:published_time\" content=\"2018-04-14T17:10:24+00:00\" \/>\n<meta property=\"article:modified_time\" content=\"2018-04-14T20:48:39+00:00\" \/>\n<meta property=\"og:image\" content=\"https:\/\/noticiasemdestaque.com\/cd\/wp-content\/uploads\/2018\/04\/HOmem-morto-S\u00e3o-Bento-696x505.jpg\" \/>\n\t<meta property=\"og:image:width\" content=\"696\" \/>\n\t<meta property=\"og:image:height\" content=\"505\" \/>\n\t<meta property=\"og:image:type\" content=\"image\/jpeg\" \/>\n<meta name=\"author\" content=\"Not\u00edcias em Destaque\" \/>\n<meta name=\"twitter:card\" content=\"summary_large_image\" \/>\n<meta name=\"twitter:label1\" content=\"Escrito por\" \/>\n\t<meta name=\"twitter:data1\" content=\"Not\u00edcias em Destaque\" \/>\n<script type=\"application\/ld+json\" class=\"yoast-schema-graph\">{\"@context\":\"https:\/\/schema.org\",\"@graph\":[{\"@type\":\"Article\",\"@id\":\"https:\/\/noticiasemdestaque.com\/cd\/?p=9260#article\",\"isPartOf\":{\"@id\":\"https:\/\/noticiasemdestaque.com\/cd\/?p=9260\"},\"author\":{\"name\":\"Not\u00edcias em Destaque\",\"@id\":\"https:\/\/noticiasemdestaque.com\/cd\/#\/schema\/person\/21320b03a7e8bb90128938dafc9b908a\"},\"headline\":\"Homem \u00e9 assassinado dentro de casa\",\"datePublished\":\"2018-04-14T17:10:24+00:00\",\"dateModified\":\"2018-04-14T20:48:39+00:00\",\"mainEntityOfPage\":{\"@id\":\"https:\/\/noticiasemdestaque.com\/cd\/?p=9260\"},\"wordCount\":94,\"publisher\":{\"@id\":\"https:\/\/noticiasemdestaque.com\/cd\/#organization\"},\"image\":{\"@id\":\"https:\/\/noticiasemdestaque.com\/cd\/?p=9260#primaryimage\"},\"thumbnailUrl\":\"https:\/\/noticiasemdestaque.com\/cd\/wp-content\/uploads\/2018\/04\/HOmem-morto-S\u00e3o-Bento-696x505.jpg\",\"articleSection\":[\"Uncategorized\"],\"inLanguage\":\"pt-BR\"},{\"@type\":\"WebPage\",\"@id\":\"https:\/\/noticiasemdestaque.com\/cd\/?p=9260\",\"url\":\"https:\/\/noticiasemdestaque.com\/cd\/?p=9260\",\"name\":\"Homem \u00e9 assassinado dentro de casa - Not&iacute;cias em Destaque\",\"isPartOf\":{\"@id\":\"https:\/\/noticiasemdestaque.com\/cd\/#website\"},\"primaryImageOfPage\":{\"@id\":\"https:\/\/noticiasemdestaque.com\/cd\/?p=9260#primaryimage\"},\"image\":{\"@id\":\"https:\/\/noticiasemdestaque.com\/cd\/?p=9260#primaryimage\"},\"thumbnailUrl\":\"https:\/\/noticiasemdestaque.com\/cd\/wp-content\/uploads\/2018\/04\/HOmem-morto-S\u00e3o-Bento-696x505.jpg\",\"datePublished\":\"2018-04-14T17:10:24+00:00\",\"dateModified\":\"2018-04-14T20:48:39+00:00\",\"breadcrumb\":{\"@id\":\"https:\/\/noticiasemdestaque.com\/cd\/?p=9260#breadcrumb\"},\"inLanguage\":\"pt-BR\",\"potentialAction\":[{\"@type\":\"ReadAction\",\"target\":[\"https:\/\/noticiasemdestaque.com\/cd\/?p=9260\"]}]},{\"@type\":\"ImageObject\",\"inLanguage\":\"pt-BR\",\"@id\":\"https:\/\/noticiasemdestaque.com\/cd\/?p=9260#primaryimage\",\"url\":\"https:\/\/noticiasemdestaque.com\/cd\/wp-content\/uploads\/2018\/04\/HOmem-morto-S\u00e3o-Bento-696x505.jpg\",\"contentUrl\":\"https:\/\/noticiasemdestaque.com\/cd\/wp-content\/uploads\/2018\/04\/HOmem-morto-S\u00e3o-Bento-696x505.jpg\",\"width\":696,\"height\":505},{\"@type\":\"BreadcrumbList\",\"@id\":\"https:\/\/noticiasemdestaque.com\/cd\/?p=9260#breadcrumb\",\"itemListElement\":[{\"@type\":\"ListItem\",\"position\":1,\"name\":\"In\u00edcio\",\"item\":\"https:\/\/noticiasemdestaque.com\/cd\/\"},{\"@type\":\"ListItem\",\"position\":2,\"name\":\"Homem \u00e9 assassinado dentro de casa\"}]},{\"@type\":\"WebSite\",\"@id\":\"https:\/\/noticiasemdestaque.com\/cd\/#website\",\"url\":\"https:\/\/noticiasemdestaque.com\/cd\/\",\"name\":\"Not&iacute;cias em Destaque\",\"description\":\"\",\"publisher\":{\"@id\":\"https:\/\/noticiasemdestaque.com\/cd\/#organization\"},\"potentialAction\":[{\"@type\":\"SearchAction\",\"target\":{\"@type\":\"EntryPoint\",\"urlTemplate\":\"https:\/\/noticiasemdestaque.com\/cd\/?s={search_term_string}\"},\"query-input\":{\"@type\":\"PropertyValueSpecification\",\"valueRequired\":true,\"valueName\":\"search_term_string\"}}],\"inLanguage\":\"pt-BR\"},{\"@type\":\"Organization\",\"@id\":\"https:\/\/noticiasemdestaque.com\/cd\/#organization\",\"name\":\"Not\u00edcias em Destaque\",\"url\":\"https:\/\/noticiasemdestaque.com\/cd\/\",\"logo\":{\"@type\":\"ImageObject\",\"inLanguage\":\"pt-BR\",\"@id\":\"https:\/\/noticiasemdestaque.com\/cd\/#\/schema\/logo\/image\/\",\"url\":\"https:\/\/noticiasemdestaque.com\/cd\/wp-content\/uploads\/2022\/05\/imagem-base-noticiasemdestaque.png\",\"contentUrl\":\"https:\/\/noticiasemdestaque.com\/cd\/wp-content\/uploads\/2022\/05\/imagem-base-noticiasemdestaque.png\",\"width\":1200,\"height\":630,\"caption\":\"Not\u00edcias em Destaque\"},\"image\":{\"@id\":\"https:\/\/noticiasemdestaque.com\/cd\/#\/schema\/logo\/image\/\"}},{\"@type\":\"Person\",\"@id\":\"https:\/\/noticiasemdestaque.com\/cd\/#\/schema\/person\/21320b03a7e8bb90128938dafc9b908a\",\"name\":\"Not\u00edcias em Destaque\",\"url\":\"https:\/\/noticiasemdestaque.com\/cd\/?author=2\"}]}<\/script>\n<!-- \/ Yoast SEO plugin. -->","yoast_head_json":{"title":"Homem \u00e9 assassinado dentro de casa - Not&iacute;cias em Destaque","robots":{"index":"index","follow":"follow","max-snippet":"max-snippet:-1","max-image-preview":"max-image-preview:large","max-video-preview":"max-video-preview:-1"},"canonical":"https:\/\/noticiasemdestaque.com\/cd\/?p=9260","og_locale":"pt_BR","og_type":"article","og_title":"Homem \u00e9 assassinado dentro de casa - Not&iacute;cias em Destaque","og_description":"A cidade de S\u00e3o Bento, no Sert\u00e3o paraibano, est\u00e1 curiosa e amedrontada por causa de um homic\u00eddio. Um homem identificado por\u00a0Clevin Ara\u00fajo, 35 anos, natural de Caic\u00f3 (RN), foi assassinado \u00e0s 11h deste s\u00e1bado (14). Ele foi morto a tiros dentro de sua casa, no bairro S\u00e3o Bernardo. Antes da Pol\u00edcia Militar ter reunido todas as informa\u00e7\u00f5es sobre a ocorr\u00eancia, uma foto da v\u00edtima ensanguentada, no ch\u00e3o da sala, circulou pelo WhatsApp . Cariri em Destaque Sert\u00e3o em foco","og_url":"https:\/\/noticiasemdestaque.com\/cd\/?p=9260","og_site_name":"Not&iacute;cias em Destaque","article_published_time":"2018-04-14T17:10:24+00:00","article_modified_time":"2018-04-14T20:48:39+00:00","og_image":[{"width":696,"height":505,"url":"https:\/\/noticiasemdestaque.com\/cd\/wp-content\/uploads\/2018\/04\/HOmem-morto-S\u00e3o-Bento-696x505.jpg","type":"image\/jpeg"}],"author":"Not\u00edcias em Destaque","twitter_card":"summary_large_image","twitter_misc":{"Escrito por":"Not\u00edcias em Destaque"},"schema":{"@context":"https:\/\/schema.org","@graph":[{"@type":"Article","@id":"https:\/\/noticiasemdestaque.com\/cd\/?p=9260#article","isPartOf":{"@id":"https:\/\/noticiasemdestaque.com\/cd\/?p=9260"},"author":{"name":"Not\u00edcias em Destaque","@id":"https:\/\/noticiasemdestaque.com\/cd\/#\/schema\/person\/21320b03a7e8bb90128938dafc9b908a"},"headline":"Homem \u00e9 assassinado dentro de casa","datePublished":"2018-04-14T17:10:24+00:00","dateModified":"2018-04-14T20:48:39+00:00","mainEntityOfPage":{"@id":"https:\/\/noticiasemdestaque.com\/cd\/?p=9260"},"wordCount":94,"publisher":{"@id":"https:\/\/noticiasemdestaque.com\/cd\/#organization"},"image":{"@id":"https:\/\/noticiasemdestaque.com\/cd\/?p=9260#primaryimage"},"thumbnailUrl":"https:\/\/noticiasemdestaque.com\/cd\/wp-content\/uploads\/2018\/04\/HOmem-morto-S\u00e3o-Bento-696x505.jpg","articleSection":["Uncategorized"],"inLanguage":"pt-BR"},{"@type":"WebPage","@id":"https:\/\/noticiasemdestaque.com\/cd\/?p=9260","url":"https:\/\/noticiasemdestaque.com\/cd\/?p=9260","name":"Homem \u00e9 assassinado dentro de casa - Not&iacute;cias em Destaque","isPartOf":{"@id":"https:\/\/noticiasemdestaque.com\/cd\/#website"},"primaryImageOfPage":{"@id":"https:\/\/noticiasemdestaque.com\/cd\/?p=9260#primaryimage"},"image":{"@id":"https:\/\/noticiasemdestaque.com\/cd\/?p=9260#primaryimage"},"thumbnailUrl":"https:\/\/noticiasemdestaque.com\/cd\/wp-content\/uploads\/2018\/04\/HOmem-morto-S\u00e3o-Bento-696x505.jpg","datePublished":"2018-04-14T17:10:24+00:00","dateModified":"2018-04-14T20:48:39+00:00","breadcrumb":{"@id":"https:\/\/noticiasemdestaque.com\/cd\/?p=9260#breadcrumb"},"inLanguage":"pt-BR","potentialAction":[{"@type":"ReadAction","target":["https:\/\/noticiasemdestaque.com\/cd\/?p=9260"]}]},{"@type":"ImageObject","inLanguage":"pt-BR","@id":"https:\/\/noticiasemdestaque.com\/cd\/?p=9260#primaryimage","url":"https:\/\/noticiasemdestaque.com\/cd\/wp-content\/uploads\/2018\/04\/HOmem-morto-S\u00e3o-Bento-696x505.jpg","contentUrl":"https:\/\/noticiasemdestaque.com\/cd\/wp-content\/uploads\/2018\/04\/HOmem-morto-S\u00e3o-Bento-696x505.jpg","width":696,"height":505},{"@type":"BreadcrumbList","@id":"https:\/\/noticiasemdestaque.com\/cd\/?p=9260#breadcrumb","itemListElement":[{"@type":"ListItem","position":1,"name":"In\u00edcio","item":"https:\/\/noticiasemdestaque.com\/cd\/"},{"@type":"ListItem","position":2,"name":"Homem \u00e9 assassinado dentro de casa"}]},{"@type":"WebSite","@id":"https:\/\/noticiasemdestaque.com\/cd\/#website","url":"https:\/\/noticiasemdestaque.com\/cd\/","name":"Not&iacute;cias em Destaque","description":"","publisher":{"@id":"https:\/\/noticiasemdestaque.com\/cd\/#organization"},"potentialAction":[{"@type":"SearchAction","target":{"@type":"EntryPoint","urlTemplate":"https:\/\/noticiasemdestaque.com\/cd\/?s={search_term_string}"},"query-input":{"@type":"PropertyValueSpecification","valueRequired":true,"valueName":"search_term_string"}}],"inLanguage":"pt-BR"},{"@type":"Organization","@id":"https:\/\/noticiasemdestaque.com\/cd\/#organization","name":"Not\u00edcias em Destaque","url":"https:\/\/noticiasemdestaque.com\/cd\/","logo":{"@type":"ImageObject","inLanguage":"pt-BR","@id":"https:\/\/noticiasemdestaque.com\/cd\/#\/schema\/logo\/image\/","url":"https:\/\/noticiasemdestaque.com\/cd\/wp-content\/uploads\/2022\/05\/imagem-base-noticiasemdestaque.png","contentUrl":"https:\/\/noticiasemdestaque.com\/cd\/wp-content\/uploads\/2022\/05\/imagem-base-noticiasemdestaque.png","width":1200,"height":630,"caption":"Not\u00edcias em Destaque"},"image":{"@id":"https:\/\/noticiasemdestaque.com\/cd\/#\/schema\/logo\/image\/"}},{"@type":"Person","@id":"https:\/\/noticiasemdestaque.com\/cd\/#\/schema\/person\/21320b03a7e8bb90128938dafc9b908a","name":"Not\u00edcias em Destaque","url":"https:\/\/noticiasemdestaque.com\/cd\/?author=2"}]}},"jetpack_featured_media_url":"https:\/\/noticiasemdestaque.com\/cd\/wp-content\/uploads\/2018\/04\/HOmem-morto-S\u00e3o-Bento-696x505.jpg","jetpack_sharing_enabled":true,"_links":{"self":[{"href":"https:\/\/noticiasemdestaque.com\/cd\/index.php?rest_route=\/wp\/v2\/posts\/9260","targetHints":{"allow":["GET"]}}],"collection":[{"href":"https:\/\/noticiasemdestaque.com\/cd\/index.php?rest_route=\/wp\/v2\/posts"}],"about":[{"href":"https:\/\/noticiasemdestaque.com\/cd\/index.php?rest_route=\/wp\/v2\/types\/post"}],"author":[{"embeddable":true,"href":"https:\/\/noticiasemdestaque.com\/cd\/index.php?rest_route=\/wp\/v2\/users\/2"}],"replies":[{"embeddable":true,"href":"https:\/\/noticiasemdestaque.com\/cd\/index.php?rest_route=%2Fwp%2Fv2%2Fcomments&post=9260"}],"version-history":[{"count":4,"href":"https:\/\/noticiasemdestaque.com\/cd\/index.php?rest_route=\/wp\/v2\/posts\/9260\/revisions"}],"predecessor-version":[{"id":9279,"href":"https:\/\/noticiasemdestaque.com\/cd\/index.php?rest_route=\/wp\/v2\/posts\/9260\/revisions\/9279"}],"wp:featuredmedia":[{"embeddable":true,"href":"https:\/\/noticiasemdestaque.com\/cd\/index.php?rest_route=\/wp\/v2\/media\/9261"}],"wp:attachment":[{"href":"https:\/\/noticiasemdestaque.com\/cd\/index.php?rest_route=%2Fwp%2Fv2%2Fmedia&parent=9260"}],"wp:term":[{"taxonomy":"category","embeddable":true,"href":"https:\/\/noticiasemdestaque.com\/cd\/index.php?rest_route=%2Fwp%2Fv2%2Fcategories&post=9260"},{"taxonomy":"post_tag","embeddable":true,"href":"https:\/\/noticiasemdestaque.com\/cd\/index.php?rest_route=%2Fwp%2Fv2%2Ftags&post=9260"}],"curies":[{"name":"wp","href":"https:\/\/api.w.org\/{rel}","templated":true}]}}