{"id":9237,"date":"2018-04-15T09:38:45","date_gmt":"2018-04-15T12:38:45","guid":{"rendered":"http:\/\/caririemdestaque.com\/cd\/?p=9237"},"modified":"2018-04-15T10:02:29","modified_gmt":"2018-04-15T13:02:29","slug":"candidatos-ao-enem-tem-ate-domingo-para-pedir-isencao-da-taxa-de-inscricao","status":"publish","type":"post","link":"https:\/\/noticiasemdestaque.com\/cd\/?p=9237","title":{"rendered":"Termina amanh\u00e3 prazo para pedir isen\u00e7\u00e3o na taxa de inscri\u00e7\u00e3o do Enem"},"content":{"rendered":"<p><a href=\"http:\/\/caririemdestaque.com\/cd\/wp-content\/uploads\/2017\/11\/Guia-do-Participante-Enem-2017.jpg\"><img fetchpriority=\"high\" decoding=\"async\" class=\"size-medium wp-image-5721 aligncenter\" src=\"http:\/\/caririemdestaque.com\/cd\/wp-content\/uploads\/2017\/11\/Guia-do-Participante-Enem-2017-300x170.jpg\" alt=\"\" width=\"300\" height=\"170\" srcset=\"https:\/\/noticiasemdestaque.com\/cd\/wp-content\/uploads\/2017\/11\/Guia-do-Participante-Enem-2017-300x170.jpg 300w, https:\/\/noticiasemdestaque.com\/cd\/wp-content\/uploads\/2017\/11\/Guia-do-Participante-Enem-2017.jpg 500w\" sizes=\"(max-width: 300px) 100vw, 300px\" \/><\/a><br \/>\nTermina neste domingo (15) o prazo para os candidatos ao Exame Nacional do Ensino M\u00e9dio (Enem) pedirem a isen\u00e7\u00e3o da taxa de inscri\u00e7\u00e3o da prova. O Instituto Nacional de Estudos e Pesquisas Educacionais An\u00edsio Teixeira (Inep) espera que cerca de 4 milh\u00f5es de pessoas pe\u00e7am a isen\u00e7\u00e3o da taxa neste ano.<\/p>\n<p>Em 2018, o Enem completa 20 anos e pela primeira vez o pedido de isen\u00e7\u00e3o da taxa \u00e9 feito antes do per\u00edodo de inscri\u00e7\u00e3o. Tamb\u00e9m pela primeira vez, os candidatos que tiveram a isen\u00e7\u00e3o no ano passado e faltaram aos dois dias de prova ter\u00e3o que justificar a aus\u00eancia para ter a gratuidade novamente.<\/p>\n<p>Se a solicita\u00e7\u00e3o de isen\u00e7\u00e3o for negada, ainda \u00e9 poss\u00edvel recorrer da decis\u00e3o, na P\u00e1gina do Participante, entre os dias 23 e 29 de abril. A aprova\u00e7\u00e3o da isen\u00e7\u00e3o da taxa de inscri\u00e7\u00e3o n\u00e3o significa que o participante j\u00e1 est\u00e1 inscrito no Enem 2018. As inscri\u00e7\u00f5es dever\u00e3o ser feitas das 10h do dia 7 de maio \u00e0s 23h59 de 18 de maio deste ano, pelo site do Enem.<\/p>\n<p><strong>Quem tem direito \u00e0 isen\u00e7\u00e3o<\/strong><\/p>\n<p>&#8211; Quem est\u00e1 cursando a \u00faltima s\u00e9rie do ensino m\u00e9dio neste ano em escola da rede p\u00fablica<\/p>\n<p>&#8211; Quem cursou todo o ensino m\u00e9dio em escola da rede p\u00fablica, ou como bolsista integral na rede privada, e tenha renda per capita igual ou inferior a um sal\u00e1rio m\u00ednimo e meio<\/p>\n<p>&#8211; Quem declarar situa\u00e7\u00e3o de vulnerabilidade socioecon\u00f4mica, por ser membro de fam\u00edlia de baixa renda, e que esteja inscrito no Cadastro \u00danico para Programas Sociais do Governo Federal (Cad\u00danico)<\/p>\n<p>&#8211; Quem fez o Exame Nacional para Certifica\u00e7\u00e3o de Compet\u00eancias de Jovens e Adultos (Encceja) do ano passado, que tenha atingido a nota m\u00ednima<\/p>\n","protected":false},"excerpt":{"rendered":"<p>Termina neste domingo (15) o prazo para os candidatos ao Exame Nacional do Ensino M\u00e9dio (Enem) pedirem a isen\u00e7\u00e3o da taxa de inscri\u00e7\u00e3o da prova. O Instituto Nacional de Estudos e Pesquisas Educacionais An\u00edsio Teixeira (Inep) espera que cerca de 4 milh\u00f5es de pessoas pe\u00e7am a isen\u00e7\u00e3o da taxa neste ano. Em 2018, o Enem completa 20 anos e pela primeira vez o pedido de isen\u00e7\u00e3o da taxa \u00e9 feito antes do per\u00edodo de inscri\u00e7\u00e3o. Tamb\u00e9m pela primeira vez, os candidatos que tiveram a isen\u00e7\u00e3o no ano passado e faltaram aos dois dias de prova ter\u00e3o que justificar a aus\u00eancia para ter a gratuidade novamente. Se a solicita\u00e7\u00e3o de isen\u00e7\u00e3o for negada, ainda \u00e9 poss\u00edvel recorrer da decis\u00e3o, na P\u00e1gina do Participante, entre os dias 23 e 29 de abril. A aprova\u00e7\u00e3o da isen\u00e7\u00e3o da taxa de inscri\u00e7\u00e3o n\u00e3o significa que o participante j\u00e1 est\u00e1 inscrito no Enem 2018. As inscri\u00e7\u00f5es dever\u00e3o ser feitas das 10h do dia 7 de maio \u00e0s 23h59 de 18 de maio deste ano, pelo site do Enem. Quem tem direito \u00e0 isen\u00e7\u00e3o &#8211; Quem est\u00e1 cursando a \u00faltima s\u00e9rie do ensino m\u00e9dio neste ano em escola da rede p\u00fablica &#8211; Quem cursou todo o ensino m\u00e9dio em escola da rede p\u00fablica, ou como bolsista integral na rede privada, e tenha renda per capita igual ou inferior a um sal\u00e1rio m\u00ednimo e meio &#8211; Quem declarar situa\u00e7\u00e3o de vulnerabilidade socioecon\u00f4mica, por ser membro de fam\u00edlia de baixa renda, e que esteja inscrito no Cadastro \u00danico para Programas Sociais do Governo Federal (Cad\u00danico) &#8211; Quem fez o Exame Nacional para Certifica\u00e7\u00e3o de Compet\u00eancias de Jovens e Adultos (Encceja) do ano passado, que tenha atingido a nota m\u00ednima<\/p>\n","protected":false},"author":2,"featured_media":5115,"comment_status":"closed","ping_status":"open","sticky":false,"template":"","format":"standard","meta":{"_eb_attr":"","_jetpack_memberships_contains_paid_content":false,"footnotes":""},"categories":[6],"tags":[],"class_list":["post-9237","post","type-post","status-publish","format-standard","has-post-thumbnail","hentry","category-educacao"],"yoast_head":"<!-- This site is optimized with the Yoast SEO plugin v26.5 - https:\/\/yoast.com\/wordpress\/plugins\/seo\/ -->\n<title>Termina amanh\u00e3 prazo para pedir isen\u00e7\u00e3o na taxa de inscri\u00e7\u00e3o do Enem - Not&iacute;cias em Destaque<\/title>\n<meta name=\"robots\" content=\"index, follow, max-snippet:-1, max-image-preview:large, max-video-preview:-1\" \/>\n<link rel=\"canonical\" href=\"https:\/\/noticiasemdestaque.com\/cd\/?p=9237\" \/>\n<meta property=\"og:locale\" content=\"pt_BR\" \/>\n<meta property=\"og:type\" content=\"article\" \/>\n<meta property=\"og:title\" content=\"Termina amanh\u00e3 prazo para pedir isen\u00e7\u00e3o na taxa de inscri\u00e7\u00e3o do Enem - Not&iacute;cias em Destaque\" \/>\n<meta property=\"og:description\" content=\"Termina neste domingo (15) o prazo para os candidatos ao Exame Nacional do Ensino M\u00e9dio (Enem) pedirem a isen\u00e7\u00e3o da taxa de inscri\u00e7\u00e3o da prova. O Instituto Nacional de Estudos e Pesquisas Educacionais An\u00edsio Teixeira (Inep) espera que cerca de 4 milh\u00f5es de pessoas pe\u00e7am a isen\u00e7\u00e3o da taxa neste ano. Em 2018, o Enem completa 20 anos e pela primeira vez o pedido de isen\u00e7\u00e3o da taxa \u00e9 feito antes do per\u00edodo de inscri\u00e7\u00e3o. Tamb\u00e9m pela primeira vez, os candidatos que tiveram a isen\u00e7\u00e3o no ano passado e faltaram aos dois dias de prova ter\u00e3o que justificar a aus\u00eancia para ter a gratuidade novamente. Se a solicita\u00e7\u00e3o de isen\u00e7\u00e3o for negada, ainda \u00e9 poss\u00edvel recorrer da decis\u00e3o, na P\u00e1gina do Participante, entre os dias 23 e 29 de abril. A aprova\u00e7\u00e3o da isen\u00e7\u00e3o da taxa de inscri\u00e7\u00e3o n\u00e3o significa que o participante j\u00e1 est\u00e1 inscrito no Enem 2018. As inscri\u00e7\u00f5es dever\u00e3o ser feitas das 10h do dia 7 de maio \u00e0s 23h59 de 18 de maio deste ano, pelo site do Enem. Quem tem direito \u00e0 isen\u00e7\u00e3o &#8211; Quem est\u00e1 cursando a \u00faltima s\u00e9rie do ensino m\u00e9dio neste ano em escola da rede p\u00fablica &#8211; Quem cursou todo o ensino m\u00e9dio em escola da rede p\u00fablica, ou como bolsista integral na rede privada, e tenha renda per capita igual ou inferior a um sal\u00e1rio m\u00ednimo e meio &#8211; Quem declarar situa\u00e7\u00e3o de vulnerabilidade socioecon\u00f4mica, por ser membro de fam\u00edlia de baixa renda, e que esteja inscrito no Cadastro \u00danico para Programas Sociais do Governo Federal (Cad\u00danico) &#8211; Quem fez o Exame Nacional para Certifica\u00e7\u00e3o de Compet\u00eancias de Jovens e Adultos (Encceja) do ano passado, que tenha atingido a nota m\u00ednima\" \/>\n<meta property=\"og:url\" content=\"https:\/\/noticiasemdestaque.com\/cd\/?p=9237\" \/>\n<meta property=\"og:site_name\" content=\"Not&iacute;cias em Destaque\" \/>\n<meta property=\"article:published_time\" content=\"2018-04-15T12:38:45+00:00\" \/>\n<meta property=\"article:modified_time\" content=\"2018-04-15T13:02:29+00:00\" \/>\n<meta property=\"og:image\" content=\"https:\/\/noticiasemdestaque.com\/cd\/wp-content\/uploads\/2017\/10\/enem1-300x225.jpg\" \/>\n\t<meta property=\"og:image:width\" content=\"300\" \/>\n\t<meta property=\"og:image:height\" content=\"225\" \/>\n\t<meta property=\"og:image:type\" content=\"image\/jpeg\" \/>\n<meta name=\"author\" content=\"Not\u00edcias em Destaque\" \/>\n<meta name=\"twitter:card\" content=\"summary_large_image\" \/>\n<meta name=\"twitter:label1\" content=\"Escrito por\" \/>\n\t<meta name=\"twitter:data1\" content=\"Not\u00edcias em Destaque\" \/>\n\t<meta name=\"twitter:label2\" content=\"Est. tempo de leitura\" \/>\n\t<meta name=\"twitter:data2\" content=\"2 minutos\" \/>\n<script type=\"application\/ld+json\" class=\"yoast-schema-graph\">{\"@context\":\"https:\/\/schema.org\",\"@graph\":[{\"@type\":\"Article\",\"@id\":\"https:\/\/noticiasemdestaque.com\/cd\/?p=9237#article\",\"isPartOf\":{\"@id\":\"https:\/\/noticiasemdestaque.com\/cd\/?p=9237\"},\"author\":{\"name\":\"Not\u00edcias em Destaque\",\"@id\":\"https:\/\/noticiasemdestaque.com\/cd\/#\/schema\/person\/4a81fb71f77579d059c3045891fa1786\"},\"headline\":\"Termina amanh\u00e3 prazo para pedir isen\u00e7\u00e3o na taxa de inscri\u00e7\u00e3o do Enem\",\"datePublished\":\"2018-04-15T12:38:45+00:00\",\"dateModified\":\"2018-04-15T13:02:29+00:00\",\"mainEntityOfPage\":{\"@id\":\"https:\/\/noticiasemdestaque.com\/cd\/?p=9237\"},\"wordCount\":323,\"publisher\":{\"@id\":\"https:\/\/noticiasemdestaque.com\/cd\/#organization\"},\"image\":{\"@id\":\"https:\/\/noticiasemdestaque.com\/cd\/?p=9237#primaryimage\"},\"thumbnailUrl\":\"https:\/\/noticiasemdestaque.com\/cd\/wp-content\/uploads\/2017\/10\/enem1-300x225.jpg\",\"articleSection\":[\"Educa\u00e7\u00e3o\"],\"inLanguage\":\"pt-BR\"},{\"@type\":\"WebPage\",\"@id\":\"https:\/\/noticiasemdestaque.com\/cd\/?p=9237\",\"url\":\"https:\/\/noticiasemdestaque.com\/cd\/?p=9237\",\"name\":\"Termina amanh\u00e3 prazo para pedir isen\u00e7\u00e3o na taxa de inscri\u00e7\u00e3o do Enem - Not&iacute;cias em Destaque\",\"isPartOf\":{\"@id\":\"https:\/\/noticiasemdestaque.com\/cd\/#website\"},\"primaryImageOfPage\":{\"@id\":\"https:\/\/noticiasemdestaque.com\/cd\/?p=9237#primaryimage\"},\"image\":{\"@id\":\"https:\/\/noticiasemdestaque.com\/cd\/?p=9237#primaryimage\"},\"thumbnailUrl\":\"https:\/\/noticiasemdestaque.com\/cd\/wp-content\/uploads\/2017\/10\/enem1-300x225.jpg\",\"datePublished\":\"2018-04-15T12:38:45+00:00\",\"dateModified\":\"2018-04-15T13:02:29+00:00\",\"breadcrumb\":{\"@id\":\"https:\/\/noticiasemdestaque.com\/cd\/?p=9237#breadcrumb\"},\"inLanguage\":\"pt-BR\",\"potentialAction\":[{\"@type\":\"ReadAction\",\"target\":[\"https:\/\/noticiasemdestaque.com\/cd\/?p=9237\"]}]},{\"@type\":\"ImageObject\",\"inLanguage\":\"pt-BR\",\"@id\":\"https:\/\/noticiasemdestaque.com\/cd\/?p=9237#primaryimage\",\"url\":\"https:\/\/noticiasemdestaque.com\/cd\/wp-content\/uploads\/2017\/10\/enem1-300x225.jpg\",\"contentUrl\":\"https:\/\/noticiasemdestaque.com\/cd\/wp-content\/uploads\/2017\/10\/enem1-300x225.jpg\",\"width\":300,\"height\":225,\"caption\":\"Tomaz Silva\/Ag\u00eancia Brasil Imagem ilustrativa\"},{\"@type\":\"BreadcrumbList\",\"@id\":\"https:\/\/noticiasemdestaque.com\/cd\/?p=9237#breadcrumb\",\"itemListElement\":[{\"@type\":\"ListItem\",\"position\":1,\"name\":\"In\u00edcio\",\"item\":\"https:\/\/noticiasemdestaque.com\/cd\/\"},{\"@type\":\"ListItem\",\"position\":2,\"name\":\"Termina amanh\u00e3 prazo para pedir isen\u00e7\u00e3o na taxa de inscri\u00e7\u00e3o do Enem\"}]},{\"@type\":\"WebSite\",\"@id\":\"https:\/\/noticiasemdestaque.com\/cd\/#website\",\"url\":\"https:\/\/noticiasemdestaque.com\/cd\/\",\"name\":\"Not&iacute;cias em Destaque\",\"description\":\"\",\"publisher\":{\"@id\":\"https:\/\/noticiasemdestaque.com\/cd\/#organization\"},\"potentialAction\":[{\"@type\":\"SearchAction\",\"target\":{\"@type\":\"EntryPoint\",\"urlTemplate\":\"https:\/\/noticiasemdestaque.com\/cd\/?s={search_term_string}\"},\"query-input\":{\"@type\":\"PropertyValueSpecification\",\"valueRequired\":true,\"valueName\":\"search_term_string\"}}],\"inLanguage\":\"pt-BR\"},{\"@type\":\"Organization\",\"@id\":\"https:\/\/noticiasemdestaque.com\/cd\/#organization\",\"name\":\"Not\u00edcias em Destaque\",\"url\":\"https:\/\/noticiasemdestaque.com\/cd\/\",\"logo\":{\"@type\":\"ImageObject\",\"inLanguage\":\"pt-BR\",\"@id\":\"https:\/\/noticiasemdestaque.com\/cd\/#\/schema\/logo\/image\/\",\"url\":\"https:\/\/noticiasemdestaque.com\/cd\/wp-content\/uploads\/2022\/05\/imagem-base-noticiasemdestaque.png\",\"contentUrl\":\"https:\/\/noticiasemdestaque.com\/cd\/wp-content\/uploads\/2022\/05\/imagem-base-noticiasemdestaque.png\",\"width\":1200,\"height\":630,\"caption\":\"Not\u00edcias em Destaque\"},\"image\":{\"@id\":\"https:\/\/noticiasemdestaque.com\/cd\/#\/schema\/logo\/image\/\"}},{\"@type\":\"Person\",\"@id\":\"https:\/\/noticiasemdestaque.com\/cd\/#\/schema\/person\/4a81fb71f77579d059c3045891fa1786\",\"name\":\"Not\u00edcias em Destaque\",\"url\":\"https:\/\/noticiasemdestaque.com\/cd\/?author=2\"}]}<\/script>\n<!-- \/ Yoast SEO plugin. -->","yoast_head_json":{"title":"Termina amanh\u00e3 prazo para pedir isen\u00e7\u00e3o na taxa de inscri\u00e7\u00e3o do Enem - Not&iacute;cias em Destaque","robots":{"index":"index","follow":"follow","max-snippet":"max-snippet:-1","max-image-preview":"max-image-preview:large","max-video-preview":"max-video-preview:-1"},"canonical":"https:\/\/noticiasemdestaque.com\/cd\/?p=9237","og_locale":"pt_BR","og_type":"article","og_title":"Termina amanh\u00e3 prazo para pedir isen\u00e7\u00e3o na taxa de inscri\u00e7\u00e3o do Enem - Not&iacute;cias em Destaque","og_description":"Termina neste domingo (15) o prazo para os candidatos ao Exame Nacional do Ensino M\u00e9dio (Enem) pedirem a isen\u00e7\u00e3o da taxa de inscri\u00e7\u00e3o da prova. O Instituto Nacional de Estudos e Pesquisas Educacionais An\u00edsio Teixeira (Inep) espera que cerca de 4 milh\u00f5es de pessoas pe\u00e7am a isen\u00e7\u00e3o da taxa neste ano. Em 2018, o Enem completa 20 anos e pela primeira vez o pedido de isen\u00e7\u00e3o da taxa \u00e9 feito antes do per\u00edodo de inscri\u00e7\u00e3o. Tamb\u00e9m pela primeira vez, os candidatos que tiveram a isen\u00e7\u00e3o no ano passado e faltaram aos dois dias de prova ter\u00e3o que justificar a aus\u00eancia para ter a gratuidade novamente. Se a solicita\u00e7\u00e3o de isen\u00e7\u00e3o for negada, ainda \u00e9 poss\u00edvel recorrer da decis\u00e3o, na P\u00e1gina do Participante, entre os dias 23 e 29 de abril. A aprova\u00e7\u00e3o da isen\u00e7\u00e3o da taxa de inscri\u00e7\u00e3o n\u00e3o significa que o participante j\u00e1 est\u00e1 inscrito no Enem 2018. As inscri\u00e7\u00f5es dever\u00e3o ser feitas das 10h do dia 7 de maio \u00e0s 23h59 de 18 de maio deste ano, pelo site do Enem. Quem tem direito \u00e0 isen\u00e7\u00e3o &#8211; Quem est\u00e1 cursando a \u00faltima s\u00e9rie do ensino m\u00e9dio neste ano em escola da rede p\u00fablica &#8211; Quem cursou todo o ensino m\u00e9dio em escola da rede p\u00fablica, ou como bolsista integral na rede privada, e tenha renda per capita igual ou inferior a um sal\u00e1rio m\u00ednimo e meio &#8211; Quem declarar situa\u00e7\u00e3o de vulnerabilidade socioecon\u00f4mica, por ser membro de fam\u00edlia de baixa renda, e que esteja inscrito no Cadastro \u00danico para Programas Sociais do Governo Federal (Cad\u00danico) &#8211; Quem fez o Exame Nacional para Certifica\u00e7\u00e3o de Compet\u00eancias de Jovens e Adultos (Encceja) do ano passado, que tenha atingido a nota m\u00ednima","og_url":"https:\/\/noticiasemdestaque.com\/cd\/?p=9237","og_site_name":"Not&iacute;cias em Destaque","article_published_time":"2018-04-15T12:38:45+00:00","article_modified_time":"2018-04-15T13:02:29+00:00","og_image":[{"width":300,"height":225,"url":"https:\/\/noticiasemdestaque.com\/cd\/wp-content\/uploads\/2017\/10\/enem1-300x225.jpg","type":"image\/jpeg"}],"author":"Not\u00edcias em Destaque","twitter_card":"summary_large_image","twitter_misc":{"Escrito por":"Not\u00edcias em Destaque","Est. tempo de leitura":"2 minutos"},"schema":{"@context":"https:\/\/schema.org","@graph":[{"@type":"Article","@id":"https:\/\/noticiasemdestaque.com\/cd\/?p=9237#article","isPartOf":{"@id":"https:\/\/noticiasemdestaque.com\/cd\/?p=9237"},"author":{"name":"Not\u00edcias em Destaque","@id":"https:\/\/noticiasemdestaque.com\/cd\/#\/schema\/person\/4a81fb71f77579d059c3045891fa1786"},"headline":"Termina amanh\u00e3 prazo para pedir isen\u00e7\u00e3o na taxa de inscri\u00e7\u00e3o do Enem","datePublished":"2018-04-15T12:38:45+00:00","dateModified":"2018-04-15T13:02:29+00:00","mainEntityOfPage":{"@id":"https:\/\/noticiasemdestaque.com\/cd\/?p=9237"},"wordCount":323,"publisher":{"@id":"https:\/\/noticiasemdestaque.com\/cd\/#organization"},"image":{"@id":"https:\/\/noticiasemdestaque.com\/cd\/?p=9237#primaryimage"},"thumbnailUrl":"https:\/\/noticiasemdestaque.com\/cd\/wp-content\/uploads\/2017\/10\/enem1-300x225.jpg","articleSection":["Educa\u00e7\u00e3o"],"inLanguage":"pt-BR"},{"@type":"WebPage","@id":"https:\/\/noticiasemdestaque.com\/cd\/?p=9237","url":"https:\/\/noticiasemdestaque.com\/cd\/?p=9237","name":"Termina amanh\u00e3 prazo para pedir isen\u00e7\u00e3o na taxa de inscri\u00e7\u00e3o do Enem - Not&iacute;cias em Destaque","isPartOf":{"@id":"https:\/\/noticiasemdestaque.com\/cd\/#website"},"primaryImageOfPage":{"@id":"https:\/\/noticiasemdestaque.com\/cd\/?p=9237#primaryimage"},"image":{"@id":"https:\/\/noticiasemdestaque.com\/cd\/?p=9237#primaryimage"},"thumbnailUrl":"https:\/\/noticiasemdestaque.com\/cd\/wp-content\/uploads\/2017\/10\/enem1-300x225.jpg","datePublished":"2018-04-15T12:38:45+00:00","dateModified":"2018-04-15T13:02:29+00:00","breadcrumb":{"@id":"https:\/\/noticiasemdestaque.com\/cd\/?p=9237#breadcrumb"},"inLanguage":"pt-BR","potentialAction":[{"@type":"ReadAction","target":["https:\/\/noticiasemdestaque.com\/cd\/?p=9237"]}]},{"@type":"ImageObject","inLanguage":"pt-BR","@id":"https:\/\/noticiasemdestaque.com\/cd\/?p=9237#primaryimage","url":"https:\/\/noticiasemdestaque.com\/cd\/wp-content\/uploads\/2017\/10\/enem1-300x225.jpg","contentUrl":"https:\/\/noticiasemdestaque.com\/cd\/wp-content\/uploads\/2017\/10\/enem1-300x225.jpg","width":300,"height":225,"caption":"Tomaz Silva\/Ag\u00eancia Brasil Imagem ilustrativa"},{"@type":"BreadcrumbList","@id":"https:\/\/noticiasemdestaque.com\/cd\/?p=9237#breadcrumb","itemListElement":[{"@type":"ListItem","position":1,"name":"In\u00edcio","item":"https:\/\/noticiasemdestaque.com\/cd\/"},{"@type":"ListItem","position":2,"name":"Termina amanh\u00e3 prazo para pedir isen\u00e7\u00e3o na taxa de inscri\u00e7\u00e3o do Enem"}]},{"@type":"WebSite","@id":"https:\/\/noticiasemdestaque.com\/cd\/#website","url":"https:\/\/noticiasemdestaque.com\/cd\/","name":"Not&iacute;cias em Destaque","description":"","publisher":{"@id":"https:\/\/noticiasemdestaque.com\/cd\/#organization"},"potentialAction":[{"@type":"SearchAction","target":{"@type":"EntryPoint","urlTemplate":"https:\/\/noticiasemdestaque.com\/cd\/?s={search_term_string}"},"query-input":{"@type":"PropertyValueSpecification","valueRequired":true,"valueName":"search_term_string"}}],"inLanguage":"pt-BR"},{"@type":"Organization","@id":"https:\/\/noticiasemdestaque.com\/cd\/#organization","name":"Not\u00edcias em Destaque","url":"https:\/\/noticiasemdestaque.com\/cd\/","logo":{"@type":"ImageObject","inLanguage":"pt-BR","@id":"https:\/\/noticiasemdestaque.com\/cd\/#\/schema\/logo\/image\/","url":"https:\/\/noticiasemdestaque.com\/cd\/wp-content\/uploads\/2022\/05\/imagem-base-noticiasemdestaque.png","contentUrl":"https:\/\/noticiasemdestaque.com\/cd\/wp-content\/uploads\/2022\/05\/imagem-base-noticiasemdestaque.png","width":1200,"height":630,"caption":"Not\u00edcias em Destaque"},"image":{"@id":"https:\/\/noticiasemdestaque.com\/cd\/#\/schema\/logo\/image\/"}},{"@type":"Person","@id":"https:\/\/noticiasemdestaque.com\/cd\/#\/schema\/person\/4a81fb71f77579d059c3045891fa1786","name":"Not\u00edcias em Destaque","url":"https:\/\/noticiasemdestaque.com\/cd\/?author=2"}]}},"jetpack_featured_media_url":"https:\/\/noticiasemdestaque.com\/cd\/wp-content\/uploads\/2017\/10\/enem1-300x225.jpg","jetpack_sharing_enabled":true,"_links":{"self":[{"href":"https:\/\/noticiasemdestaque.com\/cd\/index.php?rest_route=\/wp\/v2\/posts\/9237","targetHints":{"allow":["GET"]}}],"collection":[{"href":"https:\/\/noticiasemdestaque.com\/cd\/index.php?rest_route=\/wp\/v2\/posts"}],"about":[{"href":"https:\/\/noticiasemdestaque.com\/cd\/index.php?rest_route=\/wp\/v2\/types\/post"}],"author":[{"embeddable":true,"href":"https:\/\/noticiasemdestaque.com\/cd\/index.php?rest_route=\/wp\/v2\/users\/2"}],"replies":[{"embeddable":true,"href":"https:\/\/noticiasemdestaque.com\/cd\/index.php?rest_route=%2Fwp%2Fv2%2Fcomments&post=9237"}],"version-history":[{"count":2,"href":"https:\/\/noticiasemdestaque.com\/cd\/index.php?rest_route=\/wp\/v2\/posts\/9237\/revisions"}],"predecessor-version":[{"id":9266,"href":"https:\/\/noticiasemdestaque.com\/cd\/index.php?rest_route=\/wp\/v2\/posts\/9237\/revisions\/9266"}],"wp:featuredmedia":[{"embeddable":true,"href":"https:\/\/noticiasemdestaque.com\/cd\/index.php?rest_route=\/wp\/v2\/media\/5115"}],"wp:attachment":[{"href":"https:\/\/noticiasemdestaque.com\/cd\/index.php?rest_route=%2Fwp%2Fv2%2Fmedia&parent=9237"}],"wp:term":[{"taxonomy":"category","embeddable":true,"href":"https:\/\/noticiasemdestaque.com\/cd\/index.php?rest_route=%2Fwp%2Fv2%2Fcategories&post=9237"},{"taxonomy":"post_tag","embeddable":true,"href":"https:\/\/noticiasemdestaque.com\/cd\/index.php?rest_route=%2Fwp%2Fv2%2Ftags&post=9237"}],"curies":[{"name":"wp","href":"https:\/\/api.w.org\/{rel}","templated":true}]}}