{"id":9199,"date":"2018-04-12T12:30:47","date_gmt":"2018-04-12T15:30:47","guid":{"rendered":"http:\/\/caririemdestaque.com\/cd\/?p=9199"},"modified":"2018-04-12T12:52:03","modified_gmt":"2018-04-12T15:52:03","slug":"inscricoes-para-cursos-de-informatica-aplicada-serao-realizadas-nesta-quinta-feira-cdsa-em-sume","status":"publish","type":"post","link":"https:\/\/noticiasemdestaque.com\/cd\/?p=9199","title":{"rendered":"Inscri\u00e7\u00f5es para cursos de inform\u00e1tica aplicada ser\u00e3o realizadas nesta quinta-feira CDSA no em Sum\u00e9"},"content":{"rendered":"<p><a href=\"http:\/\/caririemdestaque.com\/cd\/wp-content\/uploads\/2017\/10\/ufcgcdsa-500x3122-1.jpg\"><img fetchpriority=\"high\" decoding=\"async\" class=\"size-medium wp-image-5336 aligncenter\" src=\"http:\/\/caririemdestaque.com\/cd\/wp-content\/uploads\/2017\/10\/ufcgcdsa-500x3122-1-300x187.jpg\" alt=\"\" width=\"300\" height=\"187\" srcset=\"https:\/\/noticiasemdestaque.com\/cd\/wp-content\/uploads\/2017\/10\/ufcgcdsa-500x3122-1-300x187.jpg 300w, https:\/\/noticiasemdestaque.com\/cd\/wp-content\/uploads\/2017\/10\/ufcgcdsa-500x3122-1.jpg 500w\" sizes=\"(max-width: 300px) 100vw, 300px\" \/><\/a><\/p>\n<p>O Projeto Informa\u00e7\u00e3o e Cidadania Digital (INCID) do Centro de Desenvolvimento Sustent\u00e1vel do Semi\u00e1rido da UFCG, comunica \u00e0 comunidade do Cariri, que as inscri\u00e7\u00f5es para os cursos de inform\u00e1tica aplicada ocorrer\u00e3o exclusivamente nesta quinta-feira 12 de abril, \u00e0s 19h30min, no audit\u00f3rio da institui\u00e7\u00e3o.<\/p>\n<p>Na oportunidade, ser\u00e3o apresentados os hor\u00e1rios de turmas, bem como, os monitores e a respectiva programa\u00e7\u00e3o de atividades. O curso \u00e9 gratuito e soma carga hor\u00e1ria de 45h, com direito \u00e0 certifica\u00e7\u00e3o.<\/p>\n<p>Ser\u00e3o abertas turmas de segunda a s\u00e1bado, com dura\u00e7\u00e3o de 2h semanais, contemplando as seguintes modalidades: \u201cInform\u00e1tica para iniciantes\u201d \u2013 jovens e adultos; \u201cInform\u00e1tica avan\u00e7ada\u201d- jovens e adultos; \u201cInform\u00e1tica para idosos\u201d \u2013 cibermaturidade; \u201cInform\u00e1tica para surdos\u201d \u2013 com ajuda de int\u00e9rprete de Libras e; \u201cInform\u00e1tica para comunidade do campo\u201d \u2013 agricultores, quilombolas, assentados, empregado rural, ciganos ou pescador artesanal.<\/p>\n<p>Assimp CDSA\/UFCG<\/p>\n","protected":false},"excerpt":{"rendered":"<p>O Projeto Informa\u00e7\u00e3o e Cidadania Digital (INCID) do Centro de Desenvolvimento Sustent\u00e1vel do Semi\u00e1rido da UFCG, comunica \u00e0 comunidade do Cariri, que as inscri\u00e7\u00f5es para os cursos de inform\u00e1tica aplicada ocorrer\u00e3o exclusivamente nesta quinta-feira 12 de abril, \u00e0s 19h30min, no audit\u00f3rio da institui\u00e7\u00e3o. Na oportunidade, ser\u00e3o apresentados os hor\u00e1rios de turmas, bem como, os monitores e a respectiva programa\u00e7\u00e3o de atividades. O curso \u00e9 gratuito e soma carga hor\u00e1ria de 45h, com direito \u00e0 certifica\u00e7\u00e3o. Ser\u00e3o abertas turmas de segunda a s\u00e1bado, com dura\u00e7\u00e3o de 2h semanais, contemplando as seguintes modalidades: \u201cInform\u00e1tica para iniciantes\u201d \u2013 jovens e adultos; \u201cInform\u00e1tica avan\u00e7ada\u201d- jovens e adultos; \u201cInform\u00e1tica para idosos\u201d \u2013 cibermaturidade; \u201cInform\u00e1tica para surdos\u201d \u2013 com ajuda de int\u00e9rprete de Libras e; \u201cInform\u00e1tica para comunidade do campo\u201d \u2013 agricultores, quilombolas, assentados, empregado rural, ciganos ou pescador artesanal. Assimp CDSA\/UFCG<\/p>\n","protected":false},"author":2,"featured_media":5336,"comment_status":"closed","ping_status":"open","sticky":false,"template":"","format":"standard","meta":{"_eb_attr":"","_jetpack_memberships_contains_paid_content":false,"footnotes":""},"categories":[6],"tags":[],"class_list":["post-9199","post","type-post","status-publish","format-standard","has-post-thumbnail","hentry","category-educacao"],"yoast_head":"<!-- This site is optimized with the Yoast SEO plugin v26.5 - https:\/\/yoast.com\/wordpress\/plugins\/seo\/ -->\n<title>Inscri\u00e7\u00f5es para cursos de inform\u00e1tica aplicada ser\u00e3o realizadas nesta quinta-feira CDSA no em Sum\u00e9 - Not&iacute;cias em Destaque<\/title>\n<meta name=\"robots\" content=\"index, follow, max-snippet:-1, max-image-preview:large, max-video-preview:-1\" \/>\n<link rel=\"canonical\" href=\"https:\/\/noticiasemdestaque.com\/cd\/?p=9199\" \/>\n<meta property=\"og:locale\" content=\"pt_BR\" \/>\n<meta property=\"og:type\" content=\"article\" \/>\n<meta property=\"og:title\" content=\"Inscri\u00e7\u00f5es para cursos de inform\u00e1tica aplicada ser\u00e3o realizadas nesta quinta-feira CDSA no em Sum\u00e9 - Not&iacute;cias em Destaque\" \/>\n<meta property=\"og:description\" content=\"O Projeto Informa\u00e7\u00e3o e Cidadania Digital (INCID) do Centro de Desenvolvimento Sustent\u00e1vel do Semi\u00e1rido da UFCG, comunica \u00e0 comunidade do Cariri, que as inscri\u00e7\u00f5es para os cursos de inform\u00e1tica aplicada ocorrer\u00e3o exclusivamente nesta quinta-feira 12 de abril, \u00e0s 19h30min, no audit\u00f3rio da institui\u00e7\u00e3o. Na oportunidade, ser\u00e3o apresentados os hor\u00e1rios de turmas, bem como, os monitores e a respectiva programa\u00e7\u00e3o de atividades. O curso \u00e9 gratuito e soma carga hor\u00e1ria de 45h, com direito \u00e0 certifica\u00e7\u00e3o. Ser\u00e3o abertas turmas de segunda a s\u00e1bado, com dura\u00e7\u00e3o de 2h semanais, contemplando as seguintes modalidades: \u201cInform\u00e1tica para iniciantes\u201d \u2013 jovens e adultos; \u201cInform\u00e1tica avan\u00e7ada\u201d- jovens e adultos; \u201cInform\u00e1tica para idosos\u201d \u2013 cibermaturidade; \u201cInform\u00e1tica para surdos\u201d \u2013 com ajuda de int\u00e9rprete de Libras e; \u201cInform\u00e1tica para comunidade do campo\u201d \u2013 agricultores, quilombolas, assentados, empregado rural, ciganos ou pescador artesanal. Assimp CDSA\/UFCG\" \/>\n<meta property=\"og:url\" content=\"https:\/\/noticiasemdestaque.com\/cd\/?p=9199\" \/>\n<meta property=\"og:site_name\" content=\"Not&iacute;cias em Destaque\" \/>\n<meta property=\"article:published_time\" content=\"2018-04-12T15:30:47+00:00\" \/>\n<meta property=\"article:modified_time\" content=\"2018-04-12T15:52:03+00:00\" \/>\n<meta property=\"og:image\" content=\"https:\/\/noticiasemdestaque.com\/cd\/wp-content\/uploads\/2017\/10\/ufcgcdsa-500x3122-1.jpg\" \/>\n\t<meta property=\"og:image:width\" content=\"500\" \/>\n\t<meta property=\"og:image:height\" content=\"312\" \/>\n\t<meta property=\"og:image:type\" content=\"image\/jpeg\" \/>\n<meta name=\"author\" content=\"Not\u00edcias em Destaque\" \/>\n<meta name=\"twitter:card\" content=\"summary_large_image\" \/>\n<meta name=\"twitter:label1\" content=\"Escrito por\" \/>\n\t<meta name=\"twitter:data1\" content=\"Not\u00edcias em Destaque\" \/>\n\t<meta name=\"twitter:label2\" content=\"Est. tempo de leitura\" \/>\n\t<meta name=\"twitter:data2\" content=\"1 minuto\" \/>\n<script type=\"application\/ld+json\" class=\"yoast-schema-graph\">{\"@context\":\"https:\/\/schema.org\",\"@graph\":[{\"@type\":\"Article\",\"@id\":\"https:\/\/noticiasemdestaque.com\/cd\/?p=9199#article\",\"isPartOf\":{\"@id\":\"https:\/\/noticiasemdestaque.com\/cd\/?p=9199\"},\"author\":{\"name\":\"Not\u00edcias em Destaque\",\"@id\":\"https:\/\/noticiasemdestaque.com\/cd\/#\/schema\/person\/21320b03a7e8bb90128938dafc9b908a\"},\"headline\":\"Inscri\u00e7\u00f5es para cursos de inform\u00e1tica aplicada ser\u00e3o realizadas nesta quinta-feira CDSA no em Sum\u00e9\",\"datePublished\":\"2018-04-12T15:30:47+00:00\",\"dateModified\":\"2018-04-12T15:52:03+00:00\",\"mainEntityOfPage\":{\"@id\":\"https:\/\/noticiasemdestaque.com\/cd\/?p=9199\"},\"wordCount\":171,\"publisher\":{\"@id\":\"https:\/\/noticiasemdestaque.com\/cd\/#organization\"},\"image\":{\"@id\":\"https:\/\/noticiasemdestaque.com\/cd\/?p=9199#primaryimage\"},\"thumbnailUrl\":\"https:\/\/noticiasemdestaque.com\/cd\/wp-content\/uploads\/2017\/10\/ufcgcdsa-500x3122-1.jpg\",\"articleSection\":[\"Educa\u00e7\u00e3o\"],\"inLanguage\":\"pt-BR\"},{\"@type\":\"WebPage\",\"@id\":\"https:\/\/noticiasemdestaque.com\/cd\/?p=9199\",\"url\":\"https:\/\/noticiasemdestaque.com\/cd\/?p=9199\",\"name\":\"Inscri\u00e7\u00f5es para cursos de inform\u00e1tica aplicada ser\u00e3o realizadas nesta quinta-feira CDSA no em Sum\u00e9 - Not&iacute;cias em Destaque\",\"isPartOf\":{\"@id\":\"https:\/\/noticiasemdestaque.com\/cd\/#website\"},\"primaryImageOfPage\":{\"@id\":\"https:\/\/noticiasemdestaque.com\/cd\/?p=9199#primaryimage\"},\"image\":{\"@id\":\"https:\/\/noticiasemdestaque.com\/cd\/?p=9199#primaryimage\"},\"thumbnailUrl\":\"https:\/\/noticiasemdestaque.com\/cd\/wp-content\/uploads\/2017\/10\/ufcgcdsa-500x3122-1.jpg\",\"datePublished\":\"2018-04-12T15:30:47+00:00\",\"dateModified\":\"2018-04-12T15:52:03+00:00\",\"breadcrumb\":{\"@id\":\"https:\/\/noticiasemdestaque.com\/cd\/?p=9199#breadcrumb\"},\"inLanguage\":\"pt-BR\",\"potentialAction\":[{\"@type\":\"ReadAction\",\"target\":[\"https:\/\/noticiasemdestaque.com\/cd\/?p=9199\"]}]},{\"@type\":\"ImageObject\",\"inLanguage\":\"pt-BR\",\"@id\":\"https:\/\/noticiasemdestaque.com\/cd\/?p=9199#primaryimage\",\"url\":\"https:\/\/noticiasemdestaque.com\/cd\/wp-content\/uploads\/2017\/10\/ufcgcdsa-500x3122-1.jpg\",\"contentUrl\":\"https:\/\/noticiasemdestaque.com\/cd\/wp-content\/uploads\/2017\/10\/ufcgcdsa-500x3122-1.jpg\",\"width\":500,\"height\":312},{\"@type\":\"BreadcrumbList\",\"@id\":\"https:\/\/noticiasemdestaque.com\/cd\/?p=9199#breadcrumb\",\"itemListElement\":[{\"@type\":\"ListItem\",\"position\":1,\"name\":\"In\u00edcio\",\"item\":\"https:\/\/noticiasemdestaque.com\/cd\/\"},{\"@type\":\"ListItem\",\"position\":2,\"name\":\"Inscri\u00e7\u00f5es para cursos de inform\u00e1tica aplicada ser\u00e3o realizadas nesta quinta-feira CDSA no em Sum\u00e9\"}]},{\"@type\":\"WebSite\",\"@id\":\"https:\/\/noticiasemdestaque.com\/cd\/#website\",\"url\":\"https:\/\/noticiasemdestaque.com\/cd\/\",\"name\":\"Not&iacute;cias em Destaque\",\"description\":\"\",\"publisher\":{\"@id\":\"https:\/\/noticiasemdestaque.com\/cd\/#organization\"},\"potentialAction\":[{\"@type\":\"SearchAction\",\"target\":{\"@type\":\"EntryPoint\",\"urlTemplate\":\"https:\/\/noticiasemdestaque.com\/cd\/?s={search_term_string}\"},\"query-input\":{\"@type\":\"PropertyValueSpecification\",\"valueRequired\":true,\"valueName\":\"search_term_string\"}}],\"inLanguage\":\"pt-BR\"},{\"@type\":\"Organization\",\"@id\":\"https:\/\/noticiasemdestaque.com\/cd\/#organization\",\"name\":\"Not\u00edcias em Destaque\",\"url\":\"https:\/\/noticiasemdestaque.com\/cd\/\",\"logo\":{\"@type\":\"ImageObject\",\"inLanguage\":\"pt-BR\",\"@id\":\"https:\/\/noticiasemdestaque.com\/cd\/#\/schema\/logo\/image\/\",\"url\":\"https:\/\/noticiasemdestaque.com\/cd\/wp-content\/uploads\/2022\/05\/imagem-base-noticiasemdestaque.png\",\"contentUrl\":\"https:\/\/noticiasemdestaque.com\/cd\/wp-content\/uploads\/2022\/05\/imagem-base-noticiasemdestaque.png\",\"width\":1200,\"height\":630,\"caption\":\"Not\u00edcias em Destaque\"},\"image\":{\"@id\":\"https:\/\/noticiasemdestaque.com\/cd\/#\/schema\/logo\/image\/\"}},{\"@type\":\"Person\",\"@id\":\"https:\/\/noticiasemdestaque.com\/cd\/#\/schema\/person\/21320b03a7e8bb90128938dafc9b908a\",\"name\":\"Not\u00edcias em Destaque\",\"url\":\"https:\/\/noticiasemdestaque.com\/cd\/?author=2\"}]}<\/script>\n<!-- \/ Yoast SEO plugin. -->","yoast_head_json":{"title":"Inscri\u00e7\u00f5es para cursos de inform\u00e1tica aplicada ser\u00e3o realizadas nesta quinta-feira CDSA no em Sum\u00e9 - Not&iacute;cias em Destaque","robots":{"index":"index","follow":"follow","max-snippet":"max-snippet:-1","max-image-preview":"max-image-preview:large","max-video-preview":"max-video-preview:-1"},"canonical":"https:\/\/noticiasemdestaque.com\/cd\/?p=9199","og_locale":"pt_BR","og_type":"article","og_title":"Inscri\u00e7\u00f5es para cursos de inform\u00e1tica aplicada ser\u00e3o realizadas nesta quinta-feira CDSA no em Sum\u00e9 - Not&iacute;cias em Destaque","og_description":"O Projeto Informa\u00e7\u00e3o e Cidadania Digital (INCID) do Centro de Desenvolvimento Sustent\u00e1vel do Semi\u00e1rido da UFCG, comunica \u00e0 comunidade do Cariri, que as inscri\u00e7\u00f5es para os cursos de inform\u00e1tica aplicada ocorrer\u00e3o exclusivamente nesta quinta-feira 12 de abril, \u00e0s 19h30min, no audit\u00f3rio da institui\u00e7\u00e3o. Na oportunidade, ser\u00e3o apresentados os hor\u00e1rios de turmas, bem como, os monitores e a respectiva programa\u00e7\u00e3o de atividades. O curso \u00e9 gratuito e soma carga hor\u00e1ria de 45h, com direito \u00e0 certifica\u00e7\u00e3o. Ser\u00e3o abertas turmas de segunda a s\u00e1bado, com dura\u00e7\u00e3o de 2h semanais, contemplando as seguintes modalidades: \u201cInform\u00e1tica para iniciantes\u201d \u2013 jovens e adultos; \u201cInform\u00e1tica avan\u00e7ada\u201d- jovens e adultos; \u201cInform\u00e1tica para idosos\u201d \u2013 cibermaturidade; \u201cInform\u00e1tica para surdos\u201d \u2013 com ajuda de int\u00e9rprete de Libras e; \u201cInform\u00e1tica para comunidade do campo\u201d \u2013 agricultores, quilombolas, assentados, empregado rural, ciganos ou pescador artesanal. Assimp CDSA\/UFCG","og_url":"https:\/\/noticiasemdestaque.com\/cd\/?p=9199","og_site_name":"Not&iacute;cias em Destaque","article_published_time":"2018-04-12T15:30:47+00:00","article_modified_time":"2018-04-12T15:52:03+00:00","og_image":[{"width":500,"height":312,"url":"https:\/\/noticiasemdestaque.com\/cd\/wp-content\/uploads\/2017\/10\/ufcgcdsa-500x3122-1.jpg","type":"image\/jpeg"}],"author":"Not\u00edcias em Destaque","twitter_card":"summary_large_image","twitter_misc":{"Escrito por":"Not\u00edcias em Destaque","Est. tempo de leitura":"1 minuto"},"schema":{"@context":"https:\/\/schema.org","@graph":[{"@type":"Article","@id":"https:\/\/noticiasemdestaque.com\/cd\/?p=9199#article","isPartOf":{"@id":"https:\/\/noticiasemdestaque.com\/cd\/?p=9199"},"author":{"name":"Not\u00edcias em Destaque","@id":"https:\/\/noticiasemdestaque.com\/cd\/#\/schema\/person\/21320b03a7e8bb90128938dafc9b908a"},"headline":"Inscri\u00e7\u00f5es para cursos de inform\u00e1tica aplicada ser\u00e3o realizadas nesta quinta-feira CDSA no em Sum\u00e9","datePublished":"2018-04-12T15:30:47+00:00","dateModified":"2018-04-12T15:52:03+00:00","mainEntityOfPage":{"@id":"https:\/\/noticiasemdestaque.com\/cd\/?p=9199"},"wordCount":171,"publisher":{"@id":"https:\/\/noticiasemdestaque.com\/cd\/#organization"},"image":{"@id":"https:\/\/noticiasemdestaque.com\/cd\/?p=9199#primaryimage"},"thumbnailUrl":"https:\/\/noticiasemdestaque.com\/cd\/wp-content\/uploads\/2017\/10\/ufcgcdsa-500x3122-1.jpg","articleSection":["Educa\u00e7\u00e3o"],"inLanguage":"pt-BR"},{"@type":"WebPage","@id":"https:\/\/noticiasemdestaque.com\/cd\/?p=9199","url":"https:\/\/noticiasemdestaque.com\/cd\/?p=9199","name":"Inscri\u00e7\u00f5es para cursos de inform\u00e1tica aplicada ser\u00e3o realizadas nesta quinta-feira CDSA no em Sum\u00e9 - Not&iacute;cias em Destaque","isPartOf":{"@id":"https:\/\/noticiasemdestaque.com\/cd\/#website"},"primaryImageOfPage":{"@id":"https:\/\/noticiasemdestaque.com\/cd\/?p=9199#primaryimage"},"image":{"@id":"https:\/\/noticiasemdestaque.com\/cd\/?p=9199#primaryimage"},"thumbnailUrl":"https:\/\/noticiasemdestaque.com\/cd\/wp-content\/uploads\/2017\/10\/ufcgcdsa-500x3122-1.jpg","datePublished":"2018-04-12T15:30:47+00:00","dateModified":"2018-04-12T15:52:03+00:00","breadcrumb":{"@id":"https:\/\/noticiasemdestaque.com\/cd\/?p=9199#breadcrumb"},"inLanguage":"pt-BR","potentialAction":[{"@type":"ReadAction","target":["https:\/\/noticiasemdestaque.com\/cd\/?p=9199"]}]},{"@type":"ImageObject","inLanguage":"pt-BR","@id":"https:\/\/noticiasemdestaque.com\/cd\/?p=9199#primaryimage","url":"https:\/\/noticiasemdestaque.com\/cd\/wp-content\/uploads\/2017\/10\/ufcgcdsa-500x3122-1.jpg","contentUrl":"https:\/\/noticiasemdestaque.com\/cd\/wp-content\/uploads\/2017\/10\/ufcgcdsa-500x3122-1.jpg","width":500,"height":312},{"@type":"BreadcrumbList","@id":"https:\/\/noticiasemdestaque.com\/cd\/?p=9199#breadcrumb","itemListElement":[{"@type":"ListItem","position":1,"name":"In\u00edcio","item":"https:\/\/noticiasemdestaque.com\/cd\/"},{"@type":"ListItem","position":2,"name":"Inscri\u00e7\u00f5es para cursos de inform\u00e1tica aplicada ser\u00e3o realizadas nesta quinta-feira CDSA no em Sum\u00e9"}]},{"@type":"WebSite","@id":"https:\/\/noticiasemdestaque.com\/cd\/#website","url":"https:\/\/noticiasemdestaque.com\/cd\/","name":"Not&iacute;cias em Destaque","description":"","publisher":{"@id":"https:\/\/noticiasemdestaque.com\/cd\/#organization"},"potentialAction":[{"@type":"SearchAction","target":{"@type":"EntryPoint","urlTemplate":"https:\/\/noticiasemdestaque.com\/cd\/?s={search_term_string}"},"query-input":{"@type":"PropertyValueSpecification","valueRequired":true,"valueName":"search_term_string"}}],"inLanguage":"pt-BR"},{"@type":"Organization","@id":"https:\/\/noticiasemdestaque.com\/cd\/#organization","name":"Not\u00edcias em Destaque","url":"https:\/\/noticiasemdestaque.com\/cd\/","logo":{"@type":"ImageObject","inLanguage":"pt-BR","@id":"https:\/\/noticiasemdestaque.com\/cd\/#\/schema\/logo\/image\/","url":"https:\/\/noticiasemdestaque.com\/cd\/wp-content\/uploads\/2022\/05\/imagem-base-noticiasemdestaque.png","contentUrl":"https:\/\/noticiasemdestaque.com\/cd\/wp-content\/uploads\/2022\/05\/imagem-base-noticiasemdestaque.png","width":1200,"height":630,"caption":"Not\u00edcias em Destaque"},"image":{"@id":"https:\/\/noticiasemdestaque.com\/cd\/#\/schema\/logo\/image\/"}},{"@type":"Person","@id":"https:\/\/noticiasemdestaque.com\/cd\/#\/schema\/person\/21320b03a7e8bb90128938dafc9b908a","name":"Not\u00edcias em Destaque","url":"https:\/\/noticiasemdestaque.com\/cd\/?author=2"}]}},"jetpack_featured_media_url":"https:\/\/noticiasemdestaque.com\/cd\/wp-content\/uploads\/2017\/10\/ufcgcdsa-500x3122-1.jpg","jetpack_sharing_enabled":true,"_links":{"self":[{"href":"https:\/\/noticiasemdestaque.com\/cd\/index.php?rest_route=\/wp\/v2\/posts\/9199","targetHints":{"allow":["GET"]}}],"collection":[{"href":"https:\/\/noticiasemdestaque.com\/cd\/index.php?rest_route=\/wp\/v2\/posts"}],"about":[{"href":"https:\/\/noticiasemdestaque.com\/cd\/index.php?rest_route=\/wp\/v2\/types\/post"}],"author":[{"embeddable":true,"href":"https:\/\/noticiasemdestaque.com\/cd\/index.php?rest_route=\/wp\/v2\/users\/2"}],"replies":[{"embeddable":true,"href":"https:\/\/noticiasemdestaque.com\/cd\/index.php?rest_route=%2Fwp%2Fv2%2Fcomments&post=9199"}],"version-history":[{"count":2,"href":"https:\/\/noticiasemdestaque.com\/cd\/index.php?rest_route=\/wp\/v2\/posts\/9199\/revisions"}],"predecessor-version":[{"id":9204,"href":"https:\/\/noticiasemdestaque.com\/cd\/index.php?rest_route=\/wp\/v2\/posts\/9199\/revisions\/9204"}],"wp:featuredmedia":[{"embeddable":true,"href":"https:\/\/noticiasemdestaque.com\/cd\/index.php?rest_route=\/wp\/v2\/media\/5336"}],"wp:attachment":[{"href":"https:\/\/noticiasemdestaque.com\/cd\/index.php?rest_route=%2Fwp%2Fv2%2Fmedia&parent=9199"}],"wp:term":[{"taxonomy":"category","embeddable":true,"href":"https:\/\/noticiasemdestaque.com\/cd\/index.php?rest_route=%2Fwp%2Fv2%2Fcategories&post=9199"},{"taxonomy":"post_tag","embeddable":true,"href":"https:\/\/noticiasemdestaque.com\/cd\/index.php?rest_route=%2Fwp%2Fv2%2Ftags&post=9199"}],"curies":[{"name":"wp","href":"https:\/\/api.w.org\/{rel}","templated":true}]}}