{"id":915,"date":"2017-06-26T00:14:03","date_gmt":"2017-06-26T03:14:03","guid":{"rendered":"http:\/\/caririemdestaque.com\/cd\/?p=915"},"modified":"2017-06-26T00:14:03","modified_gmt":"2017-06-26T03:14:03","slug":"convocacao-de-candidatos-que-ficaram-na-lista-de-espera-do-sisu-comeca-nesta-segunda-feira","status":"publish","type":"post","link":"https:\/\/noticiasemdestaque.com\/cd\/?p=915","title":{"rendered":"Convoca\u00e7\u00e3o de candidatos que ficaram na lista de espera do Sisu come\u00e7a nesta segunda-feira"},"content":{"rendered":"<p><a href=\"http:\/\/caririemdestaque.com\/cd\/wp-content\/uploads\/2017\/06\/Chamada-Regular-Resultado-Sisu-2016.jpg\"><img decoding=\"async\" class=\"size-medium wp-image-917 alignleft\" src=\"http:\/\/caririemdestaque.com\/cd\/wp-content\/uploads\/2017\/06\/Chamada-Regular-Resultado-Sisu-2016-300x147.jpg\" alt=\"\" width=\"300\" height=\"147\" srcset=\"https:\/\/noticiasemdestaque.com\/cd\/wp-content\/uploads\/2017\/06\/Chamada-Regular-Resultado-Sisu-2016-300x147.jpg 300w, https:\/\/noticiasemdestaque.com\/cd\/wp-content\/uploads\/2017\/06\/Chamada-Regular-Resultado-Sisu-2016-480x237.jpg 480w, https:\/\/noticiasemdestaque.com\/cd\/wp-content\/uploads\/2017\/06\/Chamada-Regular-Resultado-Sisu-2016.jpg 484w\" sizes=\"(max-width: 300px) 100vw, 300px\" \/><\/a>A partir desta segunda-feira (26), os candidatos que ficaram na lista de espera da segunda edi\u00e7\u00e3o de 2017 do Sistema de Sele\u00e7\u00e3o Unificada (Sisu) v\u00e3o come\u00e7ar a ser convocados. O chamamento dos estudantes para a matr\u00edcula ser\u00e1 feito pelas institui\u00e7\u00f5es de ensino, mas os candidatos devem acompanhar as convoca\u00e7\u00f5es da lista de espera na institui\u00e7\u00e3o pela qual tenha manifestado interesse.<\/p>\n<p>A lista de espera do Sisu foi aberta aos candidatos que n\u00e3o foram selecionados na chamada regular ou que foram aprovados somente para a segunda op\u00e7\u00e3o de curso, tendo ou n\u00e3o feito a matr\u00edcula. A lista \u00e9 restrita \u00e0 primeira op\u00e7\u00e3o de vaga do candidato.<\/p>\n<p>O Sisu \u00e9 o sistema informatizado gerenciado pelo Minist\u00e9rio da Educa\u00e7\u00e3o que oferece vagas no ensino superior p\u00fablico com base na nota do Exame Nacional do Ensino M\u00e9dio (Enem). Nesse processo seletivo, foram ofertadas 51.913 vagas em 1.462 cursos de 63 institui\u00e7\u00f5es de ensino, entre universidades federais e estaduais, institutos federais e institui\u00e7\u00f5es estaduais.<\/p>\n<p><em><strong>Cariri em Destaque<\/strong><\/em><\/p>\n<p>Com Ag\u00eancia Brasil<\/p>\n","protected":false},"excerpt":{"rendered":"<p>A partir desta segunda-feira (26), os candidatos que ficaram na lista de espera da segunda edi\u00e7\u00e3o de 2017 do Sistema de Sele\u00e7\u00e3o Unificada (Sisu) v\u00e3o come\u00e7ar a ser convocados. O chamamento dos estudantes para a matr\u00edcula ser\u00e1 feito pelas institui\u00e7\u00f5es de ensino, mas os candidatos devem acompanhar as convoca\u00e7\u00f5es da lista de espera na institui\u00e7\u00e3o pela qual tenha manifestado interesse. A lista de espera do Sisu foi aberta aos candidatos que n\u00e3o foram selecionados na chamada regular ou que foram aprovados somente para a segunda op\u00e7\u00e3o de curso, tendo ou n\u00e3o feito a matr\u00edcula. A lista \u00e9 restrita \u00e0 primeira op\u00e7\u00e3o de vaga do candidato. O Sisu \u00e9 o sistema informatizado gerenciado pelo Minist\u00e9rio da Educa\u00e7\u00e3o que oferece vagas no ensino superior p\u00fablico com base na nota do Exame Nacional do Ensino M\u00e9dio (Enem). Nesse processo seletivo, foram ofertadas 51.913 vagas em 1.462 cursos de 63 institui\u00e7\u00f5es de ensino, entre universidades federais e estaduais, institutos federais e institui\u00e7\u00f5es estaduais. Cariri em Destaque Com Ag\u00eancia Brasil<\/p>\n","protected":false},"author":2,"featured_media":917,"comment_status":"closed","ping_status":"open","sticky":false,"template":"","format":"standard","meta":{"_eb_attr":"","_jetpack_memberships_contains_paid_content":false,"footnotes":""},"categories":[6],"tags":[],"class_list":["post-915","post","type-post","status-publish","format-standard","has-post-thumbnail","hentry","category-educacao"],"yoast_head":"<!-- This site is optimized with the Yoast SEO plugin v26.5 - https:\/\/yoast.com\/wordpress\/plugins\/seo\/ -->\n<title>Convoca\u00e7\u00e3o de candidatos que ficaram na lista de espera do Sisu come\u00e7a nesta segunda-feira - Not&iacute;cias em Destaque<\/title>\n<meta name=\"robots\" content=\"index, follow, max-snippet:-1, max-image-preview:large, max-video-preview:-1\" \/>\n<link rel=\"canonical\" href=\"https:\/\/noticiasemdestaque.com\/cd\/?p=915\" \/>\n<meta property=\"og:locale\" content=\"pt_BR\" \/>\n<meta property=\"og:type\" content=\"article\" \/>\n<meta property=\"og:title\" content=\"Convoca\u00e7\u00e3o de candidatos que ficaram na lista de espera do Sisu come\u00e7a nesta segunda-feira - Not&iacute;cias em Destaque\" \/>\n<meta property=\"og:description\" content=\"A partir desta segunda-feira (26), os candidatos que ficaram na lista de espera da segunda edi\u00e7\u00e3o de 2017 do Sistema de Sele\u00e7\u00e3o Unificada (Sisu) v\u00e3o come\u00e7ar a ser convocados. O chamamento dos estudantes para a matr\u00edcula ser\u00e1 feito pelas institui\u00e7\u00f5es de ensino, mas os candidatos devem acompanhar as convoca\u00e7\u00f5es da lista de espera na institui\u00e7\u00e3o pela qual tenha manifestado interesse. A lista de espera do Sisu foi aberta aos candidatos que n\u00e3o foram selecionados na chamada regular ou que foram aprovados somente para a segunda op\u00e7\u00e3o de curso, tendo ou n\u00e3o feito a matr\u00edcula. A lista \u00e9 restrita \u00e0 primeira op\u00e7\u00e3o de vaga do candidato. O Sisu \u00e9 o sistema informatizado gerenciado pelo Minist\u00e9rio da Educa\u00e7\u00e3o que oferece vagas no ensino superior p\u00fablico com base na nota do Exame Nacional do Ensino M\u00e9dio (Enem). Nesse processo seletivo, foram ofertadas 51.913 vagas em 1.462 cursos de 63 institui\u00e7\u00f5es de ensino, entre universidades federais e estaduais, institutos federais e institui\u00e7\u00f5es estaduais. Cariri em Destaque Com Ag\u00eancia Brasil\" \/>\n<meta property=\"og:url\" content=\"https:\/\/noticiasemdestaque.com\/cd\/?p=915\" \/>\n<meta property=\"og:site_name\" content=\"Not&iacute;cias em Destaque\" \/>\n<meta property=\"article:published_time\" content=\"2017-06-26T03:14:03+00:00\" \/>\n<meta property=\"og:image\" content=\"https:\/\/noticiasemdestaque.com\/cd\/wp-content\/uploads\/2017\/06\/Chamada-Regular-Resultado-Sisu-2016.jpg\" \/>\n\t<meta property=\"og:image:width\" content=\"484\" \/>\n\t<meta property=\"og:image:height\" content=\"237\" \/>\n\t<meta property=\"og:image:type\" content=\"image\/jpeg\" \/>\n<meta name=\"author\" content=\"Not\u00edcias em Destaque\" \/>\n<meta name=\"twitter:card\" content=\"summary_large_image\" \/>\n<meta name=\"twitter:label1\" content=\"Escrito por\" \/>\n\t<meta name=\"twitter:data1\" content=\"Not\u00edcias em Destaque\" \/>\n\t<meta name=\"twitter:label2\" content=\"Est. tempo de leitura\" \/>\n\t<meta name=\"twitter:data2\" content=\"1 minuto\" \/>\n<script type=\"application\/ld+json\" class=\"yoast-schema-graph\">{\"@context\":\"https:\/\/schema.org\",\"@graph\":[{\"@type\":\"Article\",\"@id\":\"https:\/\/noticiasemdestaque.com\/cd\/?p=915#article\",\"isPartOf\":{\"@id\":\"https:\/\/noticiasemdestaque.com\/cd\/?p=915\"},\"author\":{\"name\":\"Not\u00edcias em Destaque\",\"@id\":\"https:\/\/noticiasemdestaque.com\/cd\/#\/schema\/person\/4a81fb71f77579d059c3045891fa1786\"},\"headline\":\"Convoca\u00e7\u00e3o de candidatos que ficaram na lista de espera do Sisu come\u00e7a nesta segunda-feira\",\"datePublished\":\"2017-06-26T03:14:03+00:00\",\"mainEntityOfPage\":{\"@id\":\"https:\/\/noticiasemdestaque.com\/cd\/?p=915\"},\"wordCount\":193,\"publisher\":{\"@id\":\"https:\/\/noticiasemdestaque.com\/cd\/#organization\"},\"image\":{\"@id\":\"https:\/\/noticiasemdestaque.com\/cd\/?p=915#primaryimage\"},\"thumbnailUrl\":\"https:\/\/noticiasemdestaque.com\/cd\/wp-content\/uploads\/2017\/06\/Chamada-Regular-Resultado-Sisu-2016.jpg\",\"articleSection\":[\"Educa\u00e7\u00e3o\"],\"inLanguage\":\"pt-BR\"},{\"@type\":\"WebPage\",\"@id\":\"https:\/\/noticiasemdestaque.com\/cd\/?p=915\",\"url\":\"https:\/\/noticiasemdestaque.com\/cd\/?p=915\",\"name\":\"Convoca\u00e7\u00e3o de candidatos que ficaram na lista de espera do Sisu come\u00e7a nesta segunda-feira - Not&iacute;cias em Destaque\",\"isPartOf\":{\"@id\":\"https:\/\/noticiasemdestaque.com\/cd\/#website\"},\"primaryImageOfPage\":{\"@id\":\"https:\/\/noticiasemdestaque.com\/cd\/?p=915#primaryimage\"},\"image\":{\"@id\":\"https:\/\/noticiasemdestaque.com\/cd\/?p=915#primaryimage\"},\"thumbnailUrl\":\"https:\/\/noticiasemdestaque.com\/cd\/wp-content\/uploads\/2017\/06\/Chamada-Regular-Resultado-Sisu-2016.jpg\",\"datePublished\":\"2017-06-26T03:14:03+00:00\",\"breadcrumb\":{\"@id\":\"https:\/\/noticiasemdestaque.com\/cd\/?p=915#breadcrumb\"},\"inLanguage\":\"pt-BR\",\"potentialAction\":[{\"@type\":\"ReadAction\",\"target\":[\"https:\/\/noticiasemdestaque.com\/cd\/?p=915\"]}]},{\"@type\":\"ImageObject\",\"inLanguage\":\"pt-BR\",\"@id\":\"https:\/\/noticiasemdestaque.com\/cd\/?p=915#primaryimage\",\"url\":\"https:\/\/noticiasemdestaque.com\/cd\/wp-content\/uploads\/2017\/06\/Chamada-Regular-Resultado-Sisu-2016.jpg\",\"contentUrl\":\"https:\/\/noticiasemdestaque.com\/cd\/wp-content\/uploads\/2017\/06\/Chamada-Regular-Resultado-Sisu-2016.jpg\",\"width\":484,\"height\":237},{\"@type\":\"BreadcrumbList\",\"@id\":\"https:\/\/noticiasemdestaque.com\/cd\/?p=915#breadcrumb\",\"itemListElement\":[{\"@type\":\"ListItem\",\"position\":1,\"name\":\"In\u00edcio\",\"item\":\"https:\/\/noticiasemdestaque.com\/cd\/\"},{\"@type\":\"ListItem\",\"position\":2,\"name\":\"Convoca\u00e7\u00e3o de candidatos que ficaram na lista de espera do Sisu come\u00e7a nesta segunda-feira\"}]},{\"@type\":\"WebSite\",\"@id\":\"https:\/\/noticiasemdestaque.com\/cd\/#website\",\"url\":\"https:\/\/noticiasemdestaque.com\/cd\/\",\"name\":\"Not&iacute;cias em Destaque\",\"description\":\"\",\"publisher\":{\"@id\":\"https:\/\/noticiasemdestaque.com\/cd\/#organization\"},\"potentialAction\":[{\"@type\":\"SearchAction\",\"target\":{\"@type\":\"EntryPoint\",\"urlTemplate\":\"https:\/\/noticiasemdestaque.com\/cd\/?s={search_term_string}\"},\"query-input\":{\"@type\":\"PropertyValueSpecification\",\"valueRequired\":true,\"valueName\":\"search_term_string\"}}],\"inLanguage\":\"pt-BR\"},{\"@type\":\"Organization\",\"@id\":\"https:\/\/noticiasemdestaque.com\/cd\/#organization\",\"name\":\"Not\u00edcias em Destaque\",\"url\":\"https:\/\/noticiasemdestaque.com\/cd\/\",\"logo\":{\"@type\":\"ImageObject\",\"inLanguage\":\"pt-BR\",\"@id\":\"https:\/\/noticiasemdestaque.com\/cd\/#\/schema\/logo\/image\/\",\"url\":\"https:\/\/noticiasemdestaque.com\/cd\/wp-content\/uploads\/2022\/05\/imagem-base-noticiasemdestaque.png\",\"contentUrl\":\"https:\/\/noticiasemdestaque.com\/cd\/wp-content\/uploads\/2022\/05\/imagem-base-noticiasemdestaque.png\",\"width\":1200,\"height\":630,\"caption\":\"Not\u00edcias em Destaque\"},\"image\":{\"@id\":\"https:\/\/noticiasemdestaque.com\/cd\/#\/schema\/logo\/image\/\"}},{\"@type\":\"Person\",\"@id\":\"https:\/\/noticiasemdestaque.com\/cd\/#\/schema\/person\/4a81fb71f77579d059c3045891fa1786\",\"name\":\"Not\u00edcias em Destaque\",\"url\":\"https:\/\/noticiasemdestaque.com\/cd\/?author=2\"}]}<\/script>\n<!-- \/ Yoast SEO plugin. -->","yoast_head_json":{"title":"Convoca\u00e7\u00e3o de candidatos que ficaram na lista de espera do Sisu come\u00e7a nesta segunda-feira - Not&iacute;cias em Destaque","robots":{"index":"index","follow":"follow","max-snippet":"max-snippet:-1","max-image-preview":"max-image-preview:large","max-video-preview":"max-video-preview:-1"},"canonical":"https:\/\/noticiasemdestaque.com\/cd\/?p=915","og_locale":"pt_BR","og_type":"article","og_title":"Convoca\u00e7\u00e3o de candidatos que ficaram na lista de espera do Sisu come\u00e7a nesta segunda-feira - Not&iacute;cias em Destaque","og_description":"A partir desta segunda-feira (26), os candidatos que ficaram na lista de espera da segunda edi\u00e7\u00e3o de 2017 do Sistema de Sele\u00e7\u00e3o Unificada (Sisu) v\u00e3o come\u00e7ar a ser convocados. O chamamento dos estudantes para a matr\u00edcula ser\u00e1 feito pelas institui\u00e7\u00f5es de ensino, mas os candidatos devem acompanhar as convoca\u00e7\u00f5es da lista de espera na institui\u00e7\u00e3o pela qual tenha manifestado interesse. A lista de espera do Sisu foi aberta aos candidatos que n\u00e3o foram selecionados na chamada regular ou que foram aprovados somente para a segunda op\u00e7\u00e3o de curso, tendo ou n\u00e3o feito a matr\u00edcula. A lista \u00e9 restrita \u00e0 primeira op\u00e7\u00e3o de vaga do candidato. O Sisu \u00e9 o sistema informatizado gerenciado pelo Minist\u00e9rio da Educa\u00e7\u00e3o que oferece vagas no ensino superior p\u00fablico com base na nota do Exame Nacional do Ensino M\u00e9dio (Enem). Nesse processo seletivo, foram ofertadas 51.913 vagas em 1.462 cursos de 63 institui\u00e7\u00f5es de ensino, entre universidades federais e estaduais, institutos federais e institui\u00e7\u00f5es estaduais. Cariri em Destaque Com Ag\u00eancia Brasil","og_url":"https:\/\/noticiasemdestaque.com\/cd\/?p=915","og_site_name":"Not&iacute;cias em Destaque","article_published_time":"2017-06-26T03:14:03+00:00","og_image":[{"width":484,"height":237,"url":"https:\/\/noticiasemdestaque.com\/cd\/wp-content\/uploads\/2017\/06\/Chamada-Regular-Resultado-Sisu-2016.jpg","type":"image\/jpeg"}],"author":"Not\u00edcias em Destaque","twitter_card":"summary_large_image","twitter_misc":{"Escrito por":"Not\u00edcias em Destaque","Est. tempo de leitura":"1 minuto"},"schema":{"@context":"https:\/\/schema.org","@graph":[{"@type":"Article","@id":"https:\/\/noticiasemdestaque.com\/cd\/?p=915#article","isPartOf":{"@id":"https:\/\/noticiasemdestaque.com\/cd\/?p=915"},"author":{"name":"Not\u00edcias em Destaque","@id":"https:\/\/noticiasemdestaque.com\/cd\/#\/schema\/person\/4a81fb71f77579d059c3045891fa1786"},"headline":"Convoca\u00e7\u00e3o de candidatos que ficaram na lista de espera do Sisu come\u00e7a nesta segunda-feira","datePublished":"2017-06-26T03:14:03+00:00","mainEntityOfPage":{"@id":"https:\/\/noticiasemdestaque.com\/cd\/?p=915"},"wordCount":193,"publisher":{"@id":"https:\/\/noticiasemdestaque.com\/cd\/#organization"},"image":{"@id":"https:\/\/noticiasemdestaque.com\/cd\/?p=915#primaryimage"},"thumbnailUrl":"https:\/\/noticiasemdestaque.com\/cd\/wp-content\/uploads\/2017\/06\/Chamada-Regular-Resultado-Sisu-2016.jpg","articleSection":["Educa\u00e7\u00e3o"],"inLanguage":"pt-BR"},{"@type":"WebPage","@id":"https:\/\/noticiasemdestaque.com\/cd\/?p=915","url":"https:\/\/noticiasemdestaque.com\/cd\/?p=915","name":"Convoca\u00e7\u00e3o de candidatos que ficaram na lista de espera do Sisu come\u00e7a nesta segunda-feira - Not&iacute;cias em Destaque","isPartOf":{"@id":"https:\/\/noticiasemdestaque.com\/cd\/#website"},"primaryImageOfPage":{"@id":"https:\/\/noticiasemdestaque.com\/cd\/?p=915#primaryimage"},"image":{"@id":"https:\/\/noticiasemdestaque.com\/cd\/?p=915#primaryimage"},"thumbnailUrl":"https:\/\/noticiasemdestaque.com\/cd\/wp-content\/uploads\/2017\/06\/Chamada-Regular-Resultado-Sisu-2016.jpg","datePublished":"2017-06-26T03:14:03+00:00","breadcrumb":{"@id":"https:\/\/noticiasemdestaque.com\/cd\/?p=915#breadcrumb"},"inLanguage":"pt-BR","potentialAction":[{"@type":"ReadAction","target":["https:\/\/noticiasemdestaque.com\/cd\/?p=915"]}]},{"@type":"ImageObject","inLanguage":"pt-BR","@id":"https:\/\/noticiasemdestaque.com\/cd\/?p=915#primaryimage","url":"https:\/\/noticiasemdestaque.com\/cd\/wp-content\/uploads\/2017\/06\/Chamada-Regular-Resultado-Sisu-2016.jpg","contentUrl":"https:\/\/noticiasemdestaque.com\/cd\/wp-content\/uploads\/2017\/06\/Chamada-Regular-Resultado-Sisu-2016.jpg","width":484,"height":237},{"@type":"BreadcrumbList","@id":"https:\/\/noticiasemdestaque.com\/cd\/?p=915#breadcrumb","itemListElement":[{"@type":"ListItem","position":1,"name":"In\u00edcio","item":"https:\/\/noticiasemdestaque.com\/cd\/"},{"@type":"ListItem","position":2,"name":"Convoca\u00e7\u00e3o de candidatos que ficaram na lista de espera do Sisu come\u00e7a nesta segunda-feira"}]},{"@type":"WebSite","@id":"https:\/\/noticiasemdestaque.com\/cd\/#website","url":"https:\/\/noticiasemdestaque.com\/cd\/","name":"Not&iacute;cias em Destaque","description":"","publisher":{"@id":"https:\/\/noticiasemdestaque.com\/cd\/#organization"},"potentialAction":[{"@type":"SearchAction","target":{"@type":"EntryPoint","urlTemplate":"https:\/\/noticiasemdestaque.com\/cd\/?s={search_term_string}"},"query-input":{"@type":"PropertyValueSpecification","valueRequired":true,"valueName":"search_term_string"}}],"inLanguage":"pt-BR"},{"@type":"Organization","@id":"https:\/\/noticiasemdestaque.com\/cd\/#organization","name":"Not\u00edcias em Destaque","url":"https:\/\/noticiasemdestaque.com\/cd\/","logo":{"@type":"ImageObject","inLanguage":"pt-BR","@id":"https:\/\/noticiasemdestaque.com\/cd\/#\/schema\/logo\/image\/","url":"https:\/\/noticiasemdestaque.com\/cd\/wp-content\/uploads\/2022\/05\/imagem-base-noticiasemdestaque.png","contentUrl":"https:\/\/noticiasemdestaque.com\/cd\/wp-content\/uploads\/2022\/05\/imagem-base-noticiasemdestaque.png","width":1200,"height":630,"caption":"Not\u00edcias em Destaque"},"image":{"@id":"https:\/\/noticiasemdestaque.com\/cd\/#\/schema\/logo\/image\/"}},{"@type":"Person","@id":"https:\/\/noticiasemdestaque.com\/cd\/#\/schema\/person\/4a81fb71f77579d059c3045891fa1786","name":"Not\u00edcias em Destaque","url":"https:\/\/noticiasemdestaque.com\/cd\/?author=2"}]}},"jetpack_featured_media_url":"https:\/\/noticiasemdestaque.com\/cd\/wp-content\/uploads\/2017\/06\/Chamada-Regular-Resultado-Sisu-2016.jpg","jetpack_sharing_enabled":true,"_links":{"self":[{"href":"https:\/\/noticiasemdestaque.com\/cd\/index.php?rest_route=\/wp\/v2\/posts\/915","targetHints":{"allow":["GET"]}}],"collection":[{"href":"https:\/\/noticiasemdestaque.com\/cd\/index.php?rest_route=\/wp\/v2\/posts"}],"about":[{"href":"https:\/\/noticiasemdestaque.com\/cd\/index.php?rest_route=\/wp\/v2\/types\/post"}],"author":[{"embeddable":true,"href":"https:\/\/noticiasemdestaque.com\/cd\/index.php?rest_route=\/wp\/v2\/users\/2"}],"replies":[{"embeddable":true,"href":"https:\/\/noticiasemdestaque.com\/cd\/index.php?rest_route=%2Fwp%2Fv2%2Fcomments&post=915"}],"version-history":[{"count":1,"href":"https:\/\/noticiasemdestaque.com\/cd\/index.php?rest_route=\/wp\/v2\/posts\/915\/revisions"}],"predecessor-version":[{"id":918,"href":"https:\/\/noticiasemdestaque.com\/cd\/index.php?rest_route=\/wp\/v2\/posts\/915\/revisions\/918"}],"wp:featuredmedia":[{"embeddable":true,"href":"https:\/\/noticiasemdestaque.com\/cd\/index.php?rest_route=\/wp\/v2\/media\/917"}],"wp:attachment":[{"href":"https:\/\/noticiasemdestaque.com\/cd\/index.php?rest_route=%2Fwp%2Fv2%2Fmedia&parent=915"}],"wp:term":[{"taxonomy":"category","embeddable":true,"href":"https:\/\/noticiasemdestaque.com\/cd\/index.php?rest_route=%2Fwp%2Fv2%2Fcategories&post=915"},{"taxonomy":"post_tag","embeddable":true,"href":"https:\/\/noticiasemdestaque.com\/cd\/index.php?rest_route=%2Fwp%2Fv2%2Ftags&post=915"}],"curies":[{"name":"wp","href":"https:\/\/api.w.org\/{rel}","templated":true}]}}