{"id":8948,"date":"2018-04-03T13:28:36","date_gmt":"2018-04-03T16:28:36","guid":{"rendered":"http:\/\/caririemdestaque.com\/cd\/?p=8948"},"modified":"2018-04-03T13:28:36","modified_gmt":"2018-04-03T16:28:36","slug":"pf-encontra-quase-r-100-mil-na-casa-do-presidente-da-camara-dos-vereadores","status":"publish","type":"post","link":"https:\/\/noticiasemdestaque.com\/cd\/?p=8948","title":{"rendered":"PF encontra quase R$ 100 mil na casa do presidente da C\u00e2mara dos vereadores"},"content":{"rendered":"<p><a href=\"http:\/\/caririemdestaque.com\/cd\/wp-content\/uploads\/2018\/04\/03-04-2018.144049_DESTAQUE.jpg\"><img fetchpriority=\"high\" decoding=\"async\" class=\"size-medium wp-image-8949 alignleft\" src=\"http:\/\/caririemdestaque.com\/cd\/wp-content\/uploads\/2018\/04\/03-04-2018.144049_DESTAQUE-300x189.jpg\" alt=\"\" width=\"300\" height=\"189\" srcset=\"https:\/\/noticiasemdestaque.com\/cd\/wp-content\/uploads\/2018\/04\/03-04-2018.144049_DESTAQUE-300x189.jpg 300w, https:\/\/noticiasemdestaque.com\/cd\/wp-content\/uploads\/2018\/04\/03-04-2018.144049_DESTAQUE.jpg 380w\" sizes=\"(max-width: 300px) 100vw, 300px\" \/><\/a>A Policia Federal encontrou na casa do presidente da C\u00e2mara dos vereadores de Cabedelo, L\u00facio Jos\u00e9 (PRP), a quantia de R$ 93 mil reais.\u00a0 O v\u00eddeo divulgado mostra o momento em que os policiais fazem a contagem do dinheiro durante a opera\u00e7\u00e3o Xeque-Mate que foi deflagrada nesta ter\u00e7a-feira (3).<\/p>\n<p><strong>ENTENDA:<\/strong><\/p>\n<p>Foram cinco vereadores da cidade de Cabedelo que foram presos (coercitivamente) no in\u00edcio da manh\u00e3 desta ter\u00e7a-feira (3), na Opera\u00e7\u00e3o Xeque-Mate da Pol\u00edcia Federal. Os nomes dos parlamentares presos foram: L\u00facio Jos\u00e9, T\u00e9rcio Dorneles, Jaqueline, J\u00fanior Datelle e Ant\u00f4nio do Vale, foram conduzidos coercitivamente para a sede da Pol\u00edcia Federal para prestar esclarecimentos.Outros cinco vereadores est\u00e3o sendo afastados por conta da Opera\u00e7\u00e3o Xeque-Mate.<\/p>\n<p><strong><em>Cariri em Destaque<\/em><\/strong><\/p>\n<p>Pol\u00eamica PB<\/p>\n","protected":false},"excerpt":{"rendered":"<p>A Policia Federal encontrou na casa do presidente da C\u00e2mara dos vereadores de Cabedelo, L\u00facio Jos\u00e9 (PRP), a quantia de R$ 93 mil reais.\u00a0 O v\u00eddeo divulgado mostra o momento em que os policiais fazem a contagem do dinheiro durante a opera\u00e7\u00e3o Xeque-Mate que foi deflagrada nesta ter\u00e7a-feira (3). ENTENDA: Foram cinco vereadores da cidade de Cabedelo que foram presos (coercitivamente) no in\u00edcio da manh\u00e3 desta ter\u00e7a-feira (3), na Opera\u00e7\u00e3o Xeque-Mate da Pol\u00edcia Federal. Os nomes dos parlamentares presos foram: L\u00facio Jos\u00e9, T\u00e9rcio Dorneles, Jaqueline, J\u00fanior Datelle e Ant\u00f4nio do Vale, foram conduzidos coercitivamente para a sede da Pol\u00edcia Federal para prestar esclarecimentos.Outros cinco vereadores est\u00e3o sendo afastados por conta da Opera\u00e7\u00e3o Xeque-Mate. Cariri em Destaque Pol\u00eamica PB<\/p>\n","protected":false},"author":2,"featured_media":8949,"comment_status":"closed","ping_status":"open","sticky":false,"template":"","format":"standard","meta":{"_eb_attr":"","_jetpack_memberships_contains_paid_content":false,"footnotes":""},"categories":[4],"tags":[],"class_list":["post-8948","post","type-post","status-publish","format-standard","has-post-thumbnail","hentry","category-politica"],"yoast_head":"<!-- This site is optimized with the Yoast SEO plugin v26.5 - https:\/\/yoast.com\/wordpress\/plugins\/seo\/ -->\n<title>PF encontra quase R$ 100 mil na casa do presidente da C\u00e2mara dos vereadores - Not&iacute;cias em Destaque<\/title>\n<meta name=\"robots\" content=\"index, follow, max-snippet:-1, max-image-preview:large, max-video-preview:-1\" \/>\n<link rel=\"canonical\" href=\"https:\/\/noticiasemdestaque.com\/cd\/?p=8948\" \/>\n<meta property=\"og:locale\" content=\"pt_BR\" \/>\n<meta property=\"og:type\" content=\"article\" \/>\n<meta property=\"og:title\" content=\"PF encontra quase R$ 100 mil na casa do presidente da C\u00e2mara dos vereadores - Not&iacute;cias em Destaque\" \/>\n<meta property=\"og:description\" content=\"A Policia Federal encontrou na casa do presidente da C\u00e2mara dos vereadores de Cabedelo, L\u00facio Jos\u00e9 (PRP), a quantia de R$ 93 mil reais.\u00a0 O v\u00eddeo divulgado mostra o momento em que os policiais fazem a contagem do dinheiro durante a opera\u00e7\u00e3o Xeque-Mate que foi deflagrada nesta ter\u00e7a-feira (3). ENTENDA: Foram cinco vereadores da cidade de Cabedelo que foram presos (coercitivamente) no in\u00edcio da manh\u00e3 desta ter\u00e7a-feira (3), na Opera\u00e7\u00e3o Xeque-Mate da Pol\u00edcia Federal. Os nomes dos parlamentares presos foram: L\u00facio Jos\u00e9, T\u00e9rcio Dorneles, Jaqueline, J\u00fanior Datelle e Ant\u00f4nio do Vale, foram conduzidos coercitivamente para a sede da Pol\u00edcia Federal para prestar esclarecimentos.Outros cinco vereadores est\u00e3o sendo afastados por conta da Opera\u00e7\u00e3o Xeque-Mate. Cariri em Destaque Pol\u00eamica PB\" \/>\n<meta property=\"og:url\" content=\"https:\/\/noticiasemdestaque.com\/cd\/?p=8948\" \/>\n<meta property=\"og:site_name\" content=\"Not&iacute;cias em Destaque\" \/>\n<meta property=\"article:published_time\" content=\"2018-04-03T16:28:36+00:00\" \/>\n<meta property=\"og:image\" content=\"https:\/\/noticiasemdestaque.com\/cd\/wp-content\/uploads\/2018\/04\/03-04-2018.144049_DESTAQUE.jpg\" \/>\n\t<meta property=\"og:image:width\" content=\"380\" \/>\n\t<meta property=\"og:image:height\" content=\"240\" \/>\n\t<meta property=\"og:image:type\" content=\"image\/jpeg\" \/>\n<meta name=\"author\" content=\"Not\u00edcias em Destaque\" \/>\n<meta name=\"twitter:card\" content=\"summary_large_image\" \/>\n<meta name=\"twitter:label1\" content=\"Escrito por\" \/>\n\t<meta name=\"twitter:data1\" content=\"Not\u00edcias em Destaque\" \/>\n\t<meta name=\"twitter:label2\" content=\"Est. tempo de leitura\" \/>\n\t<meta name=\"twitter:data2\" content=\"1 minuto\" \/>\n<script type=\"application\/ld+json\" class=\"yoast-schema-graph\">{\"@context\":\"https:\/\/schema.org\",\"@graph\":[{\"@type\":\"Article\",\"@id\":\"https:\/\/noticiasemdestaque.com\/cd\/?p=8948#article\",\"isPartOf\":{\"@id\":\"https:\/\/noticiasemdestaque.com\/cd\/?p=8948\"},\"author\":{\"name\":\"Not\u00edcias em Destaque\",\"@id\":\"https:\/\/noticiasemdestaque.com\/cd\/#\/schema\/person\/21320b03a7e8bb90128938dafc9b908a\"},\"headline\":\"PF encontra quase R$ 100 mil na casa do presidente da C\u00e2mara dos vereadores\",\"datePublished\":\"2018-04-03T16:28:36+00:00\",\"mainEntityOfPage\":{\"@id\":\"https:\/\/noticiasemdestaque.com\/cd\/?p=8948\"},\"wordCount\":147,\"publisher\":{\"@id\":\"https:\/\/noticiasemdestaque.com\/cd\/#organization\"},\"image\":{\"@id\":\"https:\/\/noticiasemdestaque.com\/cd\/?p=8948#primaryimage\"},\"thumbnailUrl\":\"https:\/\/noticiasemdestaque.com\/cd\/wp-content\/uploads\/2018\/04\/03-04-2018.144049_DESTAQUE.jpg\",\"articleSection\":[\"Pol\u00edtica\"],\"inLanguage\":\"pt-BR\"},{\"@type\":\"WebPage\",\"@id\":\"https:\/\/noticiasemdestaque.com\/cd\/?p=8948\",\"url\":\"https:\/\/noticiasemdestaque.com\/cd\/?p=8948\",\"name\":\"PF encontra quase R$ 100 mil na casa do presidente da C\u00e2mara dos vereadores - Not&iacute;cias em Destaque\",\"isPartOf\":{\"@id\":\"https:\/\/noticiasemdestaque.com\/cd\/#website\"},\"primaryImageOfPage\":{\"@id\":\"https:\/\/noticiasemdestaque.com\/cd\/?p=8948#primaryimage\"},\"image\":{\"@id\":\"https:\/\/noticiasemdestaque.com\/cd\/?p=8948#primaryimage\"},\"thumbnailUrl\":\"https:\/\/noticiasemdestaque.com\/cd\/wp-content\/uploads\/2018\/04\/03-04-2018.144049_DESTAQUE.jpg\",\"datePublished\":\"2018-04-03T16:28:36+00:00\",\"breadcrumb\":{\"@id\":\"https:\/\/noticiasemdestaque.com\/cd\/?p=8948#breadcrumb\"},\"inLanguage\":\"pt-BR\",\"potentialAction\":[{\"@type\":\"ReadAction\",\"target\":[\"https:\/\/noticiasemdestaque.com\/cd\/?p=8948\"]}]},{\"@type\":\"ImageObject\",\"inLanguage\":\"pt-BR\",\"@id\":\"https:\/\/noticiasemdestaque.com\/cd\/?p=8948#primaryimage\",\"url\":\"https:\/\/noticiasemdestaque.com\/cd\/wp-content\/uploads\/2018\/04\/03-04-2018.144049_DESTAQUE.jpg\",\"contentUrl\":\"https:\/\/noticiasemdestaque.com\/cd\/wp-content\/uploads\/2018\/04\/03-04-2018.144049_DESTAQUE.jpg\",\"width\":380,\"height\":240},{\"@type\":\"BreadcrumbList\",\"@id\":\"https:\/\/noticiasemdestaque.com\/cd\/?p=8948#breadcrumb\",\"itemListElement\":[{\"@type\":\"ListItem\",\"position\":1,\"name\":\"In\u00edcio\",\"item\":\"https:\/\/noticiasemdestaque.com\/cd\/\"},{\"@type\":\"ListItem\",\"position\":2,\"name\":\"PF encontra quase R$ 100 mil na casa do presidente da C\u00e2mara dos vereadores\"}]},{\"@type\":\"WebSite\",\"@id\":\"https:\/\/noticiasemdestaque.com\/cd\/#website\",\"url\":\"https:\/\/noticiasemdestaque.com\/cd\/\",\"name\":\"Not&iacute;cias em Destaque\",\"description\":\"\",\"publisher\":{\"@id\":\"https:\/\/noticiasemdestaque.com\/cd\/#organization\"},\"potentialAction\":[{\"@type\":\"SearchAction\",\"target\":{\"@type\":\"EntryPoint\",\"urlTemplate\":\"https:\/\/noticiasemdestaque.com\/cd\/?s={search_term_string}\"},\"query-input\":{\"@type\":\"PropertyValueSpecification\",\"valueRequired\":true,\"valueName\":\"search_term_string\"}}],\"inLanguage\":\"pt-BR\"},{\"@type\":\"Organization\",\"@id\":\"https:\/\/noticiasemdestaque.com\/cd\/#organization\",\"name\":\"Not\u00edcias em Destaque\",\"url\":\"https:\/\/noticiasemdestaque.com\/cd\/\",\"logo\":{\"@type\":\"ImageObject\",\"inLanguage\":\"pt-BR\",\"@id\":\"https:\/\/noticiasemdestaque.com\/cd\/#\/schema\/logo\/image\/\",\"url\":\"https:\/\/noticiasemdestaque.com\/cd\/wp-content\/uploads\/2022\/05\/imagem-base-noticiasemdestaque.png\",\"contentUrl\":\"https:\/\/noticiasemdestaque.com\/cd\/wp-content\/uploads\/2022\/05\/imagem-base-noticiasemdestaque.png\",\"width\":1200,\"height\":630,\"caption\":\"Not\u00edcias em Destaque\"},\"image\":{\"@id\":\"https:\/\/noticiasemdestaque.com\/cd\/#\/schema\/logo\/image\/\"}},{\"@type\":\"Person\",\"@id\":\"https:\/\/noticiasemdestaque.com\/cd\/#\/schema\/person\/21320b03a7e8bb90128938dafc9b908a\",\"name\":\"Not\u00edcias em Destaque\",\"url\":\"https:\/\/noticiasemdestaque.com\/cd\/?author=2\"}]}<\/script>\n<!-- \/ Yoast SEO plugin. -->","yoast_head_json":{"title":"PF encontra quase R$ 100 mil na casa do presidente da C\u00e2mara dos vereadores - Not&iacute;cias em Destaque","robots":{"index":"index","follow":"follow","max-snippet":"max-snippet:-1","max-image-preview":"max-image-preview:large","max-video-preview":"max-video-preview:-1"},"canonical":"https:\/\/noticiasemdestaque.com\/cd\/?p=8948","og_locale":"pt_BR","og_type":"article","og_title":"PF encontra quase R$ 100 mil na casa do presidente da C\u00e2mara dos vereadores - Not&iacute;cias em Destaque","og_description":"A Policia Federal encontrou na casa do presidente da C\u00e2mara dos vereadores de Cabedelo, L\u00facio Jos\u00e9 (PRP), a quantia de R$ 93 mil reais.\u00a0 O v\u00eddeo divulgado mostra o momento em que os policiais fazem a contagem do dinheiro durante a opera\u00e7\u00e3o Xeque-Mate que foi deflagrada nesta ter\u00e7a-feira (3). ENTENDA: Foram cinco vereadores da cidade de Cabedelo que foram presos (coercitivamente) no in\u00edcio da manh\u00e3 desta ter\u00e7a-feira (3), na Opera\u00e7\u00e3o Xeque-Mate da Pol\u00edcia Federal. Os nomes dos parlamentares presos foram: L\u00facio Jos\u00e9, T\u00e9rcio Dorneles, Jaqueline, J\u00fanior Datelle e Ant\u00f4nio do Vale, foram conduzidos coercitivamente para a sede da Pol\u00edcia Federal para prestar esclarecimentos.Outros cinco vereadores est\u00e3o sendo afastados por conta da Opera\u00e7\u00e3o Xeque-Mate. Cariri em Destaque Pol\u00eamica PB","og_url":"https:\/\/noticiasemdestaque.com\/cd\/?p=8948","og_site_name":"Not&iacute;cias em Destaque","article_published_time":"2018-04-03T16:28:36+00:00","og_image":[{"width":380,"height":240,"url":"https:\/\/noticiasemdestaque.com\/cd\/wp-content\/uploads\/2018\/04\/03-04-2018.144049_DESTAQUE.jpg","type":"image\/jpeg"}],"author":"Not\u00edcias em Destaque","twitter_card":"summary_large_image","twitter_misc":{"Escrito por":"Not\u00edcias em Destaque","Est. tempo de leitura":"1 minuto"},"schema":{"@context":"https:\/\/schema.org","@graph":[{"@type":"Article","@id":"https:\/\/noticiasemdestaque.com\/cd\/?p=8948#article","isPartOf":{"@id":"https:\/\/noticiasemdestaque.com\/cd\/?p=8948"},"author":{"name":"Not\u00edcias em Destaque","@id":"https:\/\/noticiasemdestaque.com\/cd\/#\/schema\/person\/21320b03a7e8bb90128938dafc9b908a"},"headline":"PF encontra quase R$ 100 mil na casa do presidente da C\u00e2mara dos vereadores","datePublished":"2018-04-03T16:28:36+00:00","mainEntityOfPage":{"@id":"https:\/\/noticiasemdestaque.com\/cd\/?p=8948"},"wordCount":147,"publisher":{"@id":"https:\/\/noticiasemdestaque.com\/cd\/#organization"},"image":{"@id":"https:\/\/noticiasemdestaque.com\/cd\/?p=8948#primaryimage"},"thumbnailUrl":"https:\/\/noticiasemdestaque.com\/cd\/wp-content\/uploads\/2018\/04\/03-04-2018.144049_DESTAQUE.jpg","articleSection":["Pol\u00edtica"],"inLanguage":"pt-BR"},{"@type":"WebPage","@id":"https:\/\/noticiasemdestaque.com\/cd\/?p=8948","url":"https:\/\/noticiasemdestaque.com\/cd\/?p=8948","name":"PF encontra quase R$ 100 mil na casa do presidente da C\u00e2mara dos vereadores - Not&iacute;cias em Destaque","isPartOf":{"@id":"https:\/\/noticiasemdestaque.com\/cd\/#website"},"primaryImageOfPage":{"@id":"https:\/\/noticiasemdestaque.com\/cd\/?p=8948#primaryimage"},"image":{"@id":"https:\/\/noticiasemdestaque.com\/cd\/?p=8948#primaryimage"},"thumbnailUrl":"https:\/\/noticiasemdestaque.com\/cd\/wp-content\/uploads\/2018\/04\/03-04-2018.144049_DESTAQUE.jpg","datePublished":"2018-04-03T16:28:36+00:00","breadcrumb":{"@id":"https:\/\/noticiasemdestaque.com\/cd\/?p=8948#breadcrumb"},"inLanguage":"pt-BR","potentialAction":[{"@type":"ReadAction","target":["https:\/\/noticiasemdestaque.com\/cd\/?p=8948"]}]},{"@type":"ImageObject","inLanguage":"pt-BR","@id":"https:\/\/noticiasemdestaque.com\/cd\/?p=8948#primaryimage","url":"https:\/\/noticiasemdestaque.com\/cd\/wp-content\/uploads\/2018\/04\/03-04-2018.144049_DESTAQUE.jpg","contentUrl":"https:\/\/noticiasemdestaque.com\/cd\/wp-content\/uploads\/2018\/04\/03-04-2018.144049_DESTAQUE.jpg","width":380,"height":240},{"@type":"BreadcrumbList","@id":"https:\/\/noticiasemdestaque.com\/cd\/?p=8948#breadcrumb","itemListElement":[{"@type":"ListItem","position":1,"name":"In\u00edcio","item":"https:\/\/noticiasemdestaque.com\/cd\/"},{"@type":"ListItem","position":2,"name":"PF encontra quase R$ 100 mil na casa do presidente da C\u00e2mara dos vereadores"}]},{"@type":"WebSite","@id":"https:\/\/noticiasemdestaque.com\/cd\/#website","url":"https:\/\/noticiasemdestaque.com\/cd\/","name":"Not&iacute;cias em Destaque","description":"","publisher":{"@id":"https:\/\/noticiasemdestaque.com\/cd\/#organization"},"potentialAction":[{"@type":"SearchAction","target":{"@type":"EntryPoint","urlTemplate":"https:\/\/noticiasemdestaque.com\/cd\/?s={search_term_string}"},"query-input":{"@type":"PropertyValueSpecification","valueRequired":true,"valueName":"search_term_string"}}],"inLanguage":"pt-BR"},{"@type":"Organization","@id":"https:\/\/noticiasemdestaque.com\/cd\/#organization","name":"Not\u00edcias em Destaque","url":"https:\/\/noticiasemdestaque.com\/cd\/","logo":{"@type":"ImageObject","inLanguage":"pt-BR","@id":"https:\/\/noticiasemdestaque.com\/cd\/#\/schema\/logo\/image\/","url":"https:\/\/noticiasemdestaque.com\/cd\/wp-content\/uploads\/2022\/05\/imagem-base-noticiasemdestaque.png","contentUrl":"https:\/\/noticiasemdestaque.com\/cd\/wp-content\/uploads\/2022\/05\/imagem-base-noticiasemdestaque.png","width":1200,"height":630,"caption":"Not\u00edcias em Destaque"},"image":{"@id":"https:\/\/noticiasemdestaque.com\/cd\/#\/schema\/logo\/image\/"}},{"@type":"Person","@id":"https:\/\/noticiasemdestaque.com\/cd\/#\/schema\/person\/21320b03a7e8bb90128938dafc9b908a","name":"Not\u00edcias em Destaque","url":"https:\/\/noticiasemdestaque.com\/cd\/?author=2"}]}},"jetpack_featured_media_url":"https:\/\/noticiasemdestaque.com\/cd\/wp-content\/uploads\/2018\/04\/03-04-2018.144049_DESTAQUE.jpg","jetpack_sharing_enabled":true,"_links":{"self":[{"href":"https:\/\/noticiasemdestaque.com\/cd\/index.php?rest_route=\/wp\/v2\/posts\/8948","targetHints":{"allow":["GET"]}}],"collection":[{"href":"https:\/\/noticiasemdestaque.com\/cd\/index.php?rest_route=\/wp\/v2\/posts"}],"about":[{"href":"https:\/\/noticiasemdestaque.com\/cd\/index.php?rest_route=\/wp\/v2\/types\/post"}],"author":[{"embeddable":true,"href":"https:\/\/noticiasemdestaque.com\/cd\/index.php?rest_route=\/wp\/v2\/users\/2"}],"replies":[{"embeddable":true,"href":"https:\/\/noticiasemdestaque.com\/cd\/index.php?rest_route=%2Fwp%2Fv2%2Fcomments&post=8948"}],"version-history":[{"count":1,"href":"https:\/\/noticiasemdestaque.com\/cd\/index.php?rest_route=\/wp\/v2\/posts\/8948\/revisions"}],"predecessor-version":[{"id":8950,"href":"https:\/\/noticiasemdestaque.com\/cd\/index.php?rest_route=\/wp\/v2\/posts\/8948\/revisions\/8950"}],"wp:featuredmedia":[{"embeddable":true,"href":"https:\/\/noticiasemdestaque.com\/cd\/index.php?rest_route=\/wp\/v2\/media\/8949"}],"wp:attachment":[{"href":"https:\/\/noticiasemdestaque.com\/cd\/index.php?rest_route=%2Fwp%2Fv2%2Fmedia&parent=8948"}],"wp:term":[{"taxonomy":"category","embeddable":true,"href":"https:\/\/noticiasemdestaque.com\/cd\/index.php?rest_route=%2Fwp%2Fv2%2Fcategories&post=8948"},{"taxonomy":"post_tag","embeddable":true,"href":"https:\/\/noticiasemdestaque.com\/cd\/index.php?rest_route=%2Fwp%2Fv2%2Ftags&post=8948"}],"curies":[{"name":"wp","href":"https:\/\/api.w.org\/{rel}","templated":true}]}}