{"id":8739,"date":"2018-03-24T13:35:46","date_gmt":"2018-03-24T16:35:46","guid":{"rendered":"http:\/\/caririemdestaque.com\/cd\/?p=8739"},"modified":"2018-03-24T13:35:46","modified_gmt":"2018-03-24T16:35:46","slug":"saude-de-sume-vacina-adolescentes-contra-hpv-e-meningite","status":"publish","type":"post","link":"https:\/\/noticiasemdestaque.com\/cd\/?p=8739","title":{"rendered":"Sa\u00fade de Sum\u00e9 vacina adolescentes contra HPV e Meningite"},"content":{"rendered":"<figure id=\"attachment_8700\" aria-describedby=\"caption-attachment-8700\" style=\"width: 300px\" class=\"wp-caption alignleft\"><a href=\"http:\/\/caririemdestaque.com\/cd\/wp-content\/uploads\/2018\/03\/RicardoPuppe_Dia-D-Vacina\u00e7\u00e3o_-34211-696x464.jpg\"><img fetchpriority=\"high\" decoding=\"async\" class=\"size-medium wp-image-8700\" src=\"http:\/\/caririemdestaque.com\/cd\/wp-content\/uploads\/2018\/03\/RicardoPuppe_Dia-D-Vacina\u00e7\u00e3o_-34211-696x464-300x200.jpg\" alt=\"\" width=\"300\" height=\"200\" srcset=\"https:\/\/noticiasemdestaque.com\/cd\/wp-content\/uploads\/2018\/03\/RicardoPuppe_Dia-D-Vacina\u00e7\u00e3o_-34211-696x464-300x200.jpg 300w, https:\/\/noticiasemdestaque.com\/cd\/wp-content\/uploads\/2018\/03\/RicardoPuppe_Dia-D-Vacina\u00e7\u00e3o_-34211-696x464-480x320.jpg 480w, https:\/\/noticiasemdestaque.com\/cd\/wp-content\/uploads\/2018\/03\/RicardoPuppe_Dia-D-Vacina\u00e7\u00e3o_-34211-696x464.jpg 696w\" sizes=\"(max-width: 300px) 100vw, 300px\" \/><\/a><figcaption id=\"caption-attachment-8700\" class=\"wp-caption-text\">Imagem Ilustrativa (Foto: Divulga\u00e7\u00e3o)<\/figcaption><\/figure>\n<p>As Secretarias de Sa\u00fade e de Educa\u00e7\u00e3o de Sum\u00e9 est\u00e3o realizando nas escolas a campanha de vacina\u00e7\u00e3o contra HPV e Meningite.<\/p>\n<p>A campanha vai at\u00e9 o dia 28 de mar\u00e7o nas escolas e o calend\u00e1rio de vacina\u00e7\u00e3o est\u00e1 distribu\u00eddo da seguinte forma:<\/p>\n<p>\u2013 Contra o HPV para meninas de 9 a 14 anos de idade;<\/p>\n<p>\u2013 Contra o HPV para meninos de 11 a 14 anos de idade;<\/p>\n<p>\u2013 Contra a Meningite para ambos os sexos de 11 a 14 anos de idade.<\/p>\n<p>O Dia D da vacina\u00e7\u00e3o ser\u00e1 na pr\u00f3xima ter\u00e7a-feira, 27.<\/p>\n<p>De acordo com a coordenadora de Vigil\u00e2ncia Epidemiol\u00f3gica, Warla Bruna, as vacinas continuar\u00e3o sendo aplicadas durante todo o ano, na Sala de Vacina\u00e7\u00e3o da Secretaria Municipal de Sa\u00fade.<\/p>\n<p>\u00c9 importante que os pais ou respons\u00e1veis vacinem seus filhos para a preven\u00e7\u00e3o dos c\u00e2nceres do colo do \u00fatero, p\u00eanis, verrugas genitais, boca e orofaringe.<\/p>\n<p>Durante a campanha tamb\u00e9m est\u00e3o sendo avaliadas a situa\u00e7\u00e3o vacinal do adolescente referentes a outras vacinas recomendadas para esse p\u00fablico.<\/p>\n<p>Ascom PMS<\/p>\n","protected":false},"excerpt":{"rendered":"<p>As Secretarias de Sa\u00fade e de Educa\u00e7\u00e3o de Sum\u00e9 est\u00e3o realizando nas escolas a campanha de vacina\u00e7\u00e3o contra HPV e Meningite. A campanha vai at\u00e9 o dia 28 de mar\u00e7o nas escolas e o calend\u00e1rio de vacina\u00e7\u00e3o est\u00e1 distribu\u00eddo da seguinte forma: \u2013 Contra o HPV para meninas de 9 a 14 anos de idade; \u2013 Contra o HPV para meninos de 11 a 14 anos de idade; \u2013 Contra a Meningite para ambos os sexos de 11 a 14 anos de idade. O Dia D da vacina\u00e7\u00e3o ser\u00e1 na pr\u00f3xima ter\u00e7a-feira, 27. De acordo com a coordenadora de Vigil\u00e2ncia Epidemiol\u00f3gica, Warla Bruna, as vacinas continuar\u00e3o sendo aplicadas durante todo o ano, na Sala de Vacina\u00e7\u00e3o da Secretaria Municipal de Sa\u00fade. \u00c9 importante que os pais ou respons\u00e1veis vacinem seus filhos para a preven\u00e7\u00e3o dos c\u00e2nceres do colo do \u00fatero, p\u00eanis, verrugas genitais, boca e orofaringe. Durante a campanha tamb\u00e9m est\u00e3o sendo avaliadas a situa\u00e7\u00e3o vacinal do adolescente referentes a outras vacinas recomendadas para esse p\u00fablico. Ascom PMS<\/p>\n","protected":false},"author":2,"featured_media":8700,"comment_status":"closed","ping_status":"open","sticky":false,"template":"","format":"standard","meta":{"_eb_attr":"","_jetpack_memberships_contains_paid_content":false,"footnotes":""},"categories":[8],"tags":[],"class_list":["post-8739","post","type-post","status-publish","format-standard","has-post-thumbnail","hentry","category-saude"],"yoast_head":"<!-- This site is optimized with the Yoast SEO plugin v26.5 - https:\/\/yoast.com\/wordpress\/plugins\/seo\/ -->\n<title>Sa\u00fade de Sum\u00e9 vacina adolescentes contra HPV e Meningite - Not&iacute;cias em Destaque<\/title>\n<meta name=\"robots\" content=\"index, follow, max-snippet:-1, max-image-preview:large, max-video-preview:-1\" \/>\n<link rel=\"canonical\" href=\"https:\/\/noticiasemdestaque.com\/cd\/?p=8739\" \/>\n<meta property=\"og:locale\" content=\"pt_BR\" \/>\n<meta property=\"og:type\" content=\"article\" \/>\n<meta property=\"og:title\" content=\"Sa\u00fade de Sum\u00e9 vacina adolescentes contra HPV e Meningite - Not&iacute;cias em Destaque\" \/>\n<meta property=\"og:description\" content=\"As Secretarias de Sa\u00fade e de Educa\u00e7\u00e3o de Sum\u00e9 est\u00e3o realizando nas escolas a campanha de vacina\u00e7\u00e3o contra HPV e Meningite. A campanha vai at\u00e9 o dia 28 de mar\u00e7o nas escolas e o calend\u00e1rio de vacina\u00e7\u00e3o est\u00e1 distribu\u00eddo da seguinte forma: \u2013 Contra o HPV para meninas de 9 a 14 anos de idade; \u2013 Contra o HPV para meninos de 11 a 14 anos de idade; \u2013 Contra a Meningite para ambos os sexos de 11 a 14 anos de idade. O Dia D da vacina\u00e7\u00e3o ser\u00e1 na pr\u00f3xima ter\u00e7a-feira, 27. De acordo com a coordenadora de Vigil\u00e2ncia Epidemiol\u00f3gica, Warla Bruna, as vacinas continuar\u00e3o sendo aplicadas durante todo o ano, na Sala de Vacina\u00e7\u00e3o da Secretaria Municipal de Sa\u00fade. \u00c9 importante que os pais ou respons\u00e1veis vacinem seus filhos para a preven\u00e7\u00e3o dos c\u00e2nceres do colo do \u00fatero, p\u00eanis, verrugas genitais, boca e orofaringe. Durante a campanha tamb\u00e9m est\u00e3o sendo avaliadas a situa\u00e7\u00e3o vacinal do adolescente referentes a outras vacinas recomendadas para esse p\u00fablico. Ascom PMS\" \/>\n<meta property=\"og:url\" content=\"https:\/\/noticiasemdestaque.com\/cd\/?p=8739\" \/>\n<meta property=\"og:site_name\" content=\"Not&iacute;cias em Destaque\" \/>\n<meta property=\"article:published_time\" content=\"2018-03-24T16:35:46+00:00\" \/>\n<meta property=\"og:image\" content=\"https:\/\/noticiasemdestaque.com\/cd\/wp-content\/uploads\/2018\/03\/RicardoPuppe_Dia-D-Vacina\u00e7\u00e3o_-34211-696x464.jpg\" \/>\n\t<meta property=\"og:image:width\" content=\"696\" \/>\n\t<meta property=\"og:image:height\" content=\"464\" \/>\n\t<meta property=\"og:image:type\" content=\"image\/jpeg\" \/>\n<meta name=\"author\" content=\"Not\u00edcias em Destaque\" \/>\n<meta name=\"twitter:card\" content=\"summary_large_image\" \/>\n<meta name=\"twitter:label1\" content=\"Escrito por\" \/>\n\t<meta name=\"twitter:data1\" content=\"Not\u00edcias em Destaque\" \/>\n\t<meta name=\"twitter:label2\" content=\"Est. tempo de leitura\" \/>\n\t<meta name=\"twitter:data2\" content=\"1 minuto\" \/>\n<script type=\"application\/ld+json\" class=\"yoast-schema-graph\">{\"@context\":\"https:\/\/schema.org\",\"@graph\":[{\"@type\":\"Article\",\"@id\":\"https:\/\/noticiasemdestaque.com\/cd\/?p=8739#article\",\"isPartOf\":{\"@id\":\"https:\/\/noticiasemdestaque.com\/cd\/?p=8739\"},\"author\":{\"name\":\"Not\u00edcias em Destaque\",\"@id\":\"https:\/\/noticiasemdestaque.com\/cd\/#\/schema\/person\/4a81fb71f77579d059c3045891fa1786\"},\"headline\":\"Sa\u00fade de Sum\u00e9 vacina adolescentes contra HPV e Meningite\",\"datePublished\":\"2018-03-24T16:35:46+00:00\",\"mainEntityOfPage\":{\"@id\":\"https:\/\/noticiasemdestaque.com\/cd\/?p=8739\"},\"wordCount\":202,\"publisher\":{\"@id\":\"https:\/\/noticiasemdestaque.com\/cd\/#organization\"},\"image\":{\"@id\":\"https:\/\/noticiasemdestaque.com\/cd\/?p=8739#primaryimage\"},\"thumbnailUrl\":\"https:\/\/noticiasemdestaque.com\/cd\/wp-content\/uploads\/2018\/03\/RicardoPuppe_Dia-D-Vacina\u00e7\u00e3o_-34211-696x464.jpg\",\"articleSection\":[\"Sa\u00fade\"],\"inLanguage\":\"pt-BR\"},{\"@type\":\"WebPage\",\"@id\":\"https:\/\/noticiasemdestaque.com\/cd\/?p=8739\",\"url\":\"https:\/\/noticiasemdestaque.com\/cd\/?p=8739\",\"name\":\"Sa\u00fade de Sum\u00e9 vacina adolescentes contra HPV e Meningite - Not&iacute;cias em Destaque\",\"isPartOf\":{\"@id\":\"https:\/\/noticiasemdestaque.com\/cd\/#website\"},\"primaryImageOfPage\":{\"@id\":\"https:\/\/noticiasemdestaque.com\/cd\/?p=8739#primaryimage\"},\"image\":{\"@id\":\"https:\/\/noticiasemdestaque.com\/cd\/?p=8739#primaryimage\"},\"thumbnailUrl\":\"https:\/\/noticiasemdestaque.com\/cd\/wp-content\/uploads\/2018\/03\/RicardoPuppe_Dia-D-Vacina\u00e7\u00e3o_-34211-696x464.jpg\",\"datePublished\":\"2018-03-24T16:35:46+00:00\",\"breadcrumb\":{\"@id\":\"https:\/\/noticiasemdestaque.com\/cd\/?p=8739#breadcrumb\"},\"inLanguage\":\"pt-BR\",\"potentialAction\":[{\"@type\":\"ReadAction\",\"target\":[\"https:\/\/noticiasemdestaque.com\/cd\/?p=8739\"]}]},{\"@type\":\"ImageObject\",\"inLanguage\":\"pt-BR\",\"@id\":\"https:\/\/noticiasemdestaque.com\/cd\/?p=8739#primaryimage\",\"url\":\"https:\/\/noticiasemdestaque.com\/cd\/wp-content\/uploads\/2018\/03\/RicardoPuppe_Dia-D-Vacina\u00e7\u00e3o_-34211-696x464.jpg\",\"contentUrl\":\"https:\/\/noticiasemdestaque.com\/cd\/wp-content\/uploads\/2018\/03\/RicardoPuppe_Dia-D-Vacina\u00e7\u00e3o_-34211-696x464.jpg\",\"width\":696,\"height\":464,\"caption\":\"Imagem Ilustrativa (Foto: Divulga\u00e7\u00e3o)\"},{\"@type\":\"BreadcrumbList\",\"@id\":\"https:\/\/noticiasemdestaque.com\/cd\/?p=8739#breadcrumb\",\"itemListElement\":[{\"@type\":\"ListItem\",\"position\":1,\"name\":\"In\u00edcio\",\"item\":\"https:\/\/noticiasemdestaque.com\/cd\/\"},{\"@type\":\"ListItem\",\"position\":2,\"name\":\"Sa\u00fade de Sum\u00e9 vacina adolescentes contra HPV e Meningite\"}]},{\"@type\":\"WebSite\",\"@id\":\"https:\/\/noticiasemdestaque.com\/cd\/#website\",\"url\":\"https:\/\/noticiasemdestaque.com\/cd\/\",\"name\":\"Not&iacute;cias em Destaque\",\"description\":\"\",\"publisher\":{\"@id\":\"https:\/\/noticiasemdestaque.com\/cd\/#organization\"},\"potentialAction\":[{\"@type\":\"SearchAction\",\"target\":{\"@type\":\"EntryPoint\",\"urlTemplate\":\"https:\/\/noticiasemdestaque.com\/cd\/?s={search_term_string}\"},\"query-input\":{\"@type\":\"PropertyValueSpecification\",\"valueRequired\":true,\"valueName\":\"search_term_string\"}}],\"inLanguage\":\"pt-BR\"},{\"@type\":\"Organization\",\"@id\":\"https:\/\/noticiasemdestaque.com\/cd\/#organization\",\"name\":\"Not\u00edcias em Destaque\",\"url\":\"https:\/\/noticiasemdestaque.com\/cd\/\",\"logo\":{\"@type\":\"ImageObject\",\"inLanguage\":\"pt-BR\",\"@id\":\"https:\/\/noticiasemdestaque.com\/cd\/#\/schema\/logo\/image\/\",\"url\":\"https:\/\/noticiasemdestaque.com\/cd\/wp-content\/uploads\/2022\/05\/imagem-base-noticiasemdestaque.png\",\"contentUrl\":\"https:\/\/noticiasemdestaque.com\/cd\/wp-content\/uploads\/2022\/05\/imagem-base-noticiasemdestaque.png\",\"width\":1200,\"height\":630,\"caption\":\"Not\u00edcias em Destaque\"},\"image\":{\"@id\":\"https:\/\/noticiasemdestaque.com\/cd\/#\/schema\/logo\/image\/\"}},{\"@type\":\"Person\",\"@id\":\"https:\/\/noticiasemdestaque.com\/cd\/#\/schema\/person\/4a81fb71f77579d059c3045891fa1786\",\"name\":\"Not\u00edcias em Destaque\",\"url\":\"https:\/\/noticiasemdestaque.com\/cd\/?author=2\"}]}<\/script>\n<!-- \/ Yoast SEO plugin. -->","yoast_head_json":{"title":"Sa\u00fade de Sum\u00e9 vacina adolescentes contra HPV e Meningite - Not&iacute;cias em Destaque","robots":{"index":"index","follow":"follow","max-snippet":"max-snippet:-1","max-image-preview":"max-image-preview:large","max-video-preview":"max-video-preview:-1"},"canonical":"https:\/\/noticiasemdestaque.com\/cd\/?p=8739","og_locale":"pt_BR","og_type":"article","og_title":"Sa\u00fade de Sum\u00e9 vacina adolescentes contra HPV e Meningite - Not&iacute;cias em Destaque","og_description":"As Secretarias de Sa\u00fade e de Educa\u00e7\u00e3o de Sum\u00e9 est\u00e3o realizando nas escolas a campanha de vacina\u00e7\u00e3o contra HPV e Meningite. A campanha vai at\u00e9 o dia 28 de mar\u00e7o nas escolas e o calend\u00e1rio de vacina\u00e7\u00e3o est\u00e1 distribu\u00eddo da seguinte forma: \u2013 Contra o HPV para meninas de 9 a 14 anos de idade; \u2013 Contra o HPV para meninos de 11 a 14 anos de idade; \u2013 Contra a Meningite para ambos os sexos de 11 a 14 anos de idade. O Dia D da vacina\u00e7\u00e3o ser\u00e1 na pr\u00f3xima ter\u00e7a-feira, 27. De acordo com a coordenadora de Vigil\u00e2ncia Epidemiol\u00f3gica, Warla Bruna, as vacinas continuar\u00e3o sendo aplicadas durante todo o ano, na Sala de Vacina\u00e7\u00e3o da Secretaria Municipal de Sa\u00fade. \u00c9 importante que os pais ou respons\u00e1veis vacinem seus filhos para a preven\u00e7\u00e3o dos c\u00e2nceres do colo do \u00fatero, p\u00eanis, verrugas genitais, boca e orofaringe. Durante a campanha tamb\u00e9m est\u00e3o sendo avaliadas a situa\u00e7\u00e3o vacinal do adolescente referentes a outras vacinas recomendadas para esse p\u00fablico. Ascom PMS","og_url":"https:\/\/noticiasemdestaque.com\/cd\/?p=8739","og_site_name":"Not&iacute;cias em Destaque","article_published_time":"2018-03-24T16:35:46+00:00","og_image":[{"width":696,"height":464,"url":"https:\/\/noticiasemdestaque.com\/cd\/wp-content\/uploads\/2018\/03\/RicardoPuppe_Dia-D-Vacina\u00e7\u00e3o_-34211-696x464.jpg","type":"image\/jpeg"}],"author":"Not\u00edcias em Destaque","twitter_card":"summary_large_image","twitter_misc":{"Escrito por":"Not\u00edcias em Destaque","Est. tempo de leitura":"1 minuto"},"schema":{"@context":"https:\/\/schema.org","@graph":[{"@type":"Article","@id":"https:\/\/noticiasemdestaque.com\/cd\/?p=8739#article","isPartOf":{"@id":"https:\/\/noticiasemdestaque.com\/cd\/?p=8739"},"author":{"name":"Not\u00edcias em Destaque","@id":"https:\/\/noticiasemdestaque.com\/cd\/#\/schema\/person\/4a81fb71f77579d059c3045891fa1786"},"headline":"Sa\u00fade de Sum\u00e9 vacina adolescentes contra HPV e Meningite","datePublished":"2018-03-24T16:35:46+00:00","mainEntityOfPage":{"@id":"https:\/\/noticiasemdestaque.com\/cd\/?p=8739"},"wordCount":202,"publisher":{"@id":"https:\/\/noticiasemdestaque.com\/cd\/#organization"},"image":{"@id":"https:\/\/noticiasemdestaque.com\/cd\/?p=8739#primaryimage"},"thumbnailUrl":"https:\/\/noticiasemdestaque.com\/cd\/wp-content\/uploads\/2018\/03\/RicardoPuppe_Dia-D-Vacina\u00e7\u00e3o_-34211-696x464.jpg","articleSection":["Sa\u00fade"],"inLanguage":"pt-BR"},{"@type":"WebPage","@id":"https:\/\/noticiasemdestaque.com\/cd\/?p=8739","url":"https:\/\/noticiasemdestaque.com\/cd\/?p=8739","name":"Sa\u00fade de Sum\u00e9 vacina adolescentes contra HPV e Meningite - Not&iacute;cias em Destaque","isPartOf":{"@id":"https:\/\/noticiasemdestaque.com\/cd\/#website"},"primaryImageOfPage":{"@id":"https:\/\/noticiasemdestaque.com\/cd\/?p=8739#primaryimage"},"image":{"@id":"https:\/\/noticiasemdestaque.com\/cd\/?p=8739#primaryimage"},"thumbnailUrl":"https:\/\/noticiasemdestaque.com\/cd\/wp-content\/uploads\/2018\/03\/RicardoPuppe_Dia-D-Vacina\u00e7\u00e3o_-34211-696x464.jpg","datePublished":"2018-03-24T16:35:46+00:00","breadcrumb":{"@id":"https:\/\/noticiasemdestaque.com\/cd\/?p=8739#breadcrumb"},"inLanguage":"pt-BR","potentialAction":[{"@type":"ReadAction","target":["https:\/\/noticiasemdestaque.com\/cd\/?p=8739"]}]},{"@type":"ImageObject","inLanguage":"pt-BR","@id":"https:\/\/noticiasemdestaque.com\/cd\/?p=8739#primaryimage","url":"https:\/\/noticiasemdestaque.com\/cd\/wp-content\/uploads\/2018\/03\/RicardoPuppe_Dia-D-Vacina\u00e7\u00e3o_-34211-696x464.jpg","contentUrl":"https:\/\/noticiasemdestaque.com\/cd\/wp-content\/uploads\/2018\/03\/RicardoPuppe_Dia-D-Vacina\u00e7\u00e3o_-34211-696x464.jpg","width":696,"height":464,"caption":"Imagem Ilustrativa (Foto: Divulga\u00e7\u00e3o)"},{"@type":"BreadcrumbList","@id":"https:\/\/noticiasemdestaque.com\/cd\/?p=8739#breadcrumb","itemListElement":[{"@type":"ListItem","position":1,"name":"In\u00edcio","item":"https:\/\/noticiasemdestaque.com\/cd\/"},{"@type":"ListItem","position":2,"name":"Sa\u00fade de Sum\u00e9 vacina adolescentes contra HPV e Meningite"}]},{"@type":"WebSite","@id":"https:\/\/noticiasemdestaque.com\/cd\/#website","url":"https:\/\/noticiasemdestaque.com\/cd\/","name":"Not&iacute;cias em Destaque","description":"","publisher":{"@id":"https:\/\/noticiasemdestaque.com\/cd\/#organization"},"potentialAction":[{"@type":"SearchAction","target":{"@type":"EntryPoint","urlTemplate":"https:\/\/noticiasemdestaque.com\/cd\/?s={search_term_string}"},"query-input":{"@type":"PropertyValueSpecification","valueRequired":true,"valueName":"search_term_string"}}],"inLanguage":"pt-BR"},{"@type":"Organization","@id":"https:\/\/noticiasemdestaque.com\/cd\/#organization","name":"Not\u00edcias em Destaque","url":"https:\/\/noticiasemdestaque.com\/cd\/","logo":{"@type":"ImageObject","inLanguage":"pt-BR","@id":"https:\/\/noticiasemdestaque.com\/cd\/#\/schema\/logo\/image\/","url":"https:\/\/noticiasemdestaque.com\/cd\/wp-content\/uploads\/2022\/05\/imagem-base-noticiasemdestaque.png","contentUrl":"https:\/\/noticiasemdestaque.com\/cd\/wp-content\/uploads\/2022\/05\/imagem-base-noticiasemdestaque.png","width":1200,"height":630,"caption":"Not\u00edcias em Destaque"},"image":{"@id":"https:\/\/noticiasemdestaque.com\/cd\/#\/schema\/logo\/image\/"}},{"@type":"Person","@id":"https:\/\/noticiasemdestaque.com\/cd\/#\/schema\/person\/4a81fb71f77579d059c3045891fa1786","name":"Not\u00edcias em Destaque","url":"https:\/\/noticiasemdestaque.com\/cd\/?author=2"}]}},"jetpack_featured_media_url":"https:\/\/noticiasemdestaque.com\/cd\/wp-content\/uploads\/2018\/03\/RicardoPuppe_Dia-D-Vacina\u00e7\u00e3o_-34211-696x464.jpg","jetpack_sharing_enabled":true,"_links":{"self":[{"href":"https:\/\/noticiasemdestaque.com\/cd\/index.php?rest_route=\/wp\/v2\/posts\/8739","targetHints":{"allow":["GET"]}}],"collection":[{"href":"https:\/\/noticiasemdestaque.com\/cd\/index.php?rest_route=\/wp\/v2\/posts"}],"about":[{"href":"https:\/\/noticiasemdestaque.com\/cd\/index.php?rest_route=\/wp\/v2\/types\/post"}],"author":[{"embeddable":true,"href":"https:\/\/noticiasemdestaque.com\/cd\/index.php?rest_route=\/wp\/v2\/users\/2"}],"replies":[{"embeddable":true,"href":"https:\/\/noticiasemdestaque.com\/cd\/index.php?rest_route=%2Fwp%2Fv2%2Fcomments&post=8739"}],"version-history":[{"count":1,"href":"https:\/\/noticiasemdestaque.com\/cd\/index.php?rest_route=\/wp\/v2\/posts\/8739\/revisions"}],"predecessor-version":[{"id":8740,"href":"https:\/\/noticiasemdestaque.com\/cd\/index.php?rest_route=\/wp\/v2\/posts\/8739\/revisions\/8740"}],"wp:featuredmedia":[{"embeddable":true,"href":"https:\/\/noticiasemdestaque.com\/cd\/index.php?rest_route=\/wp\/v2\/media\/8700"}],"wp:attachment":[{"href":"https:\/\/noticiasemdestaque.com\/cd\/index.php?rest_route=%2Fwp%2Fv2%2Fmedia&parent=8739"}],"wp:term":[{"taxonomy":"category","embeddable":true,"href":"https:\/\/noticiasemdestaque.com\/cd\/index.php?rest_route=%2Fwp%2Fv2%2Fcategories&post=8739"},{"taxonomy":"post_tag","embeddable":true,"href":"https:\/\/noticiasemdestaque.com\/cd\/index.php?rest_route=%2Fwp%2Fv2%2Ftags&post=8739"}],"curies":[{"name":"wp","href":"https:\/\/api.w.org\/{rel}","templated":true}]}}