{"id":8718,"date":"2018-03-23T07:10:28","date_gmt":"2018-03-23T10:10:28","guid":{"rendered":"http:\/\/caririemdestaque.com\/cd\/?p=8718"},"modified":"2018-03-23T07:10:28","modified_gmt":"2018-03-23T10:10:28","slug":"governo-divulga-resultado-dos-estudantes-classificados-na-primeira-etapa-do-programa-gira-mundo","status":"publish","type":"post","link":"https:\/\/noticiasemdestaque.com\/cd\/?p=8718","title":{"rendered":"Governo divulga resultado dos estudantes classificados na primeira etapa do programa Gira Mundo"},"content":{"rendered":"<p><a href=\"http:\/\/caririemdestaque.com\/cd\/wp-content\/uploads\/2018\/03\/1370400105613-intercambio.jpg\"><img decoding=\"async\" class=\" wp-image-8720 alignleft\" src=\"http:\/\/caririemdestaque.com\/cd\/wp-content\/uploads\/2018\/03\/1370400105613-intercambio-300x246.jpg\" alt=\"\" width=\"226\" height=\"185\" srcset=\"https:\/\/noticiasemdestaque.com\/cd\/wp-content\/uploads\/2018\/03\/1370400105613-intercambio-300x246.jpg 300w, https:\/\/noticiasemdestaque.com\/cd\/wp-content\/uploads\/2018\/03\/1370400105613-intercambio.jpg 600w\" sizes=\"(max-width: 226px) 100vw, 226px\" \/><\/a>O Governo do Estado, por meio da Secretaria de Estado da Educa\u00e7\u00e3o (SEE), divulgou nesta quinta-feira (22) o resultado dos estudantes classificados na primeira etapa do programa Gira Mundo e que est\u00e3o aptos a participar do curso preparat\u00f3rio.<\/p>\n<p>O programa recebeu 3.100 inscri\u00e7\u00f5es de estudantes de todas as regi\u00f5es da Para\u00edba. Destes, 2.500 participar\u00e3o do curso preparat\u00f3rio, que acontecer\u00e1 aos s\u00e1bados, nos polos regionais, e ser\u00e1 ministrado por 85 professores tutores da Rede Estadual de Ensino. Todo o material para o curso foi elaborado em parceria com o Centro de L\u00ednguas do Estado e com a Universidade Estadual da Para\u00edba (UEPB).<\/p>\n<p>Ap\u00f3s participarem do curso preparat\u00f3rio, os estudantes ser\u00e3o submetidos a uma prova de profici\u00eancia na l\u00edngua do pa\u00eds de destino da inscri\u00e7\u00e3o. A aula inaugural do curso acontecer\u00e1 neste s\u00e1bado em todas as Ger\u00eancias Regionais de Educa\u00e7\u00e3o (GRE) da Para\u00edba.<\/p>\n<p>Os classificados, bem como os locais das aulas, podem ser acessados no endere\u00e7o eletr\u00f4nico:\u00a0<a href=\"http:\/\/paraiba.pb.gov.br\/educacao\/giramundo\">paraiba.pb.gov.br\/educacao\/giramundo<\/a><\/p>\n<p>Confira o edital:<\/p>\n<p><a href=\"http:\/\/static.paraiba.pb.gov.br\/2018\/03\/Inscri%C3%A7%C3%B5es-Homologadas-Argentina.pdf\">Inscri\u00e7\u00f5es Homologadas \u2013 Argentina<\/a><\/p>\n<p><a href=\"http:\/\/static.paraiba.pb.gov.br\/2018\/03\/Inscri%C3%A7%C3%B5es-n%C3%A3o-Homologadas.pdf\">Inscri\u00e7\u00f5es n\u00e3o Homologadas<\/a><\/p>\n<p><a href=\"http:\/\/static.paraiba.pb.gov.br\/2018\/03\/Inscri%C3%A7%C3%B5es-Homologadas-Espanha.pdf\">Inscri\u00e7\u00f5es Homologadas \u2013 Espanha<\/a><\/p>\n<p><a href=\"http:\/\/static.paraiba.pb.gov.br\/2018\/03\/Inscri%C3%A7%C3%B5es-Homologadas-Canad%C3%A1.pdf\">Inscri\u00e7\u00f5es Homologadas \u2013 Canad\u00e1<\/a><\/p>\n<p><a href=\"http:\/\/static.paraiba.pb.gov.br\/2018\/03\/Inscri%C3%A7%C3%B5es-Homologadas-Argentina.pdf\">Inscri\u00e7\u00f5es Homologadas \u2013 Argentina<\/a><\/p>\n<p><a href=\"http:\/\/static.paraiba.pb.gov.br\/2018\/03\/Inscri%C3%A7%C3%B5es-Homologadas-Portugal.pdf\">Inscri\u00e7\u00f5es Homologadas \u2013 Portugal<\/a><\/p>\n<p><a href=\"http:\/\/static.paraiba.pb.gov.br\/2018\/03\/Convoca%C3%A7%C3%A3o-CURSO-PREPARAT%C3%93RIO-DE-IDIOMAS-PROGRAMA-GIRA-MUNDO.pdf\">Convoca\u00e7\u00e3o -CURSO PREPARAT\u00d3RIO DE IDIOMAS PROGRAMA GIRA MUNDO<\/a><\/p>\n","protected":false},"excerpt":{"rendered":"<p>O Governo do Estado, por meio da Secretaria de Estado da Educa\u00e7\u00e3o (SEE), divulgou nesta quinta-feira (22) o resultado dos estudantes classificados na primeira etapa do programa Gira Mundo e que est\u00e3o aptos a participar do curso preparat\u00f3rio. O programa recebeu 3.100 inscri\u00e7\u00f5es de estudantes de todas as regi\u00f5es da Para\u00edba. Destes, 2.500 participar\u00e3o do curso preparat\u00f3rio, que acontecer\u00e1 aos s\u00e1bados, nos polos regionais, e ser\u00e1 ministrado por 85 professores tutores da Rede Estadual de Ensino. Todo o material para o curso foi elaborado em parceria com o Centro de L\u00ednguas do Estado e com a Universidade Estadual da Para\u00edba (UEPB). Ap\u00f3s participarem do curso preparat\u00f3rio, os estudantes ser\u00e3o submetidos a uma prova de profici\u00eancia na l\u00edngua do pa\u00eds de destino da inscri\u00e7\u00e3o. A aula inaugural do curso acontecer\u00e1 neste s\u00e1bado em todas as Ger\u00eancias Regionais de Educa\u00e7\u00e3o (GRE) da Para\u00edba. Os classificados, bem como os locais das aulas, podem ser acessados no endere\u00e7o eletr\u00f4nico:\u00a0paraiba.pb.gov.br\/educacao\/giramundo Confira o edital: Inscri\u00e7\u00f5es Homologadas \u2013 Argentina Inscri\u00e7\u00f5es n\u00e3o Homologadas Inscri\u00e7\u00f5es Homologadas \u2013 Espanha Inscri\u00e7\u00f5es Homologadas \u2013 Canad\u00e1 Inscri\u00e7\u00f5es Homologadas \u2013 Argentina Inscri\u00e7\u00f5es Homologadas \u2013 Portugal Convoca\u00e7\u00e3o -CURSO PREPARAT\u00d3RIO DE IDIOMAS PROGRAMA GIRA MUNDO<\/p>\n","protected":false},"author":2,"featured_media":8720,"comment_status":"closed","ping_status":"open","sticky":false,"template":"","format":"standard","meta":{"_eb_attr":"","_jetpack_memberships_contains_paid_content":false,"footnotes":""},"categories":[6],"tags":[],"class_list":["post-8718","post","type-post","status-publish","format-standard","has-post-thumbnail","hentry","category-educacao"],"yoast_head":"<!-- This site is optimized with the Yoast SEO plugin v26.5 - https:\/\/yoast.com\/wordpress\/plugins\/seo\/ -->\n<title>Governo divulga resultado dos estudantes classificados na primeira etapa do programa Gira Mundo - Not&iacute;cias em Destaque<\/title>\n<meta name=\"robots\" content=\"index, follow, max-snippet:-1, max-image-preview:large, max-video-preview:-1\" \/>\n<link rel=\"canonical\" href=\"https:\/\/noticiasemdestaque.com\/cd\/?p=8718\" \/>\n<meta property=\"og:locale\" content=\"pt_BR\" \/>\n<meta property=\"og:type\" content=\"article\" \/>\n<meta property=\"og:title\" content=\"Governo divulga resultado dos estudantes classificados na primeira etapa do programa Gira Mundo - Not&iacute;cias em Destaque\" \/>\n<meta property=\"og:description\" content=\"O Governo do Estado, por meio da Secretaria de Estado da Educa\u00e7\u00e3o (SEE), divulgou nesta quinta-feira (22) o resultado dos estudantes classificados na primeira etapa do programa Gira Mundo e que est\u00e3o aptos a participar do curso preparat\u00f3rio. O programa recebeu 3.100 inscri\u00e7\u00f5es de estudantes de todas as regi\u00f5es da Para\u00edba. Destes, 2.500 participar\u00e3o do curso preparat\u00f3rio, que acontecer\u00e1 aos s\u00e1bados, nos polos regionais, e ser\u00e1 ministrado por 85 professores tutores da Rede Estadual de Ensino. Todo o material para o curso foi elaborado em parceria com o Centro de L\u00ednguas do Estado e com a Universidade Estadual da Para\u00edba (UEPB). Ap\u00f3s participarem do curso preparat\u00f3rio, os estudantes ser\u00e3o submetidos a uma prova de profici\u00eancia na l\u00edngua do pa\u00eds de destino da inscri\u00e7\u00e3o. A aula inaugural do curso acontecer\u00e1 neste s\u00e1bado em todas as Ger\u00eancias Regionais de Educa\u00e7\u00e3o (GRE) da Para\u00edba. Os classificados, bem como os locais das aulas, podem ser acessados no endere\u00e7o eletr\u00f4nico:\u00a0paraiba.pb.gov.br\/educacao\/giramundo Confira o edital: Inscri\u00e7\u00f5es Homologadas \u2013 Argentina Inscri\u00e7\u00f5es n\u00e3o Homologadas Inscri\u00e7\u00f5es Homologadas \u2013 Espanha Inscri\u00e7\u00f5es Homologadas \u2013 Canad\u00e1 Inscri\u00e7\u00f5es Homologadas \u2013 Argentina Inscri\u00e7\u00f5es Homologadas \u2013 Portugal Convoca\u00e7\u00e3o -CURSO PREPARAT\u00d3RIO DE IDIOMAS PROGRAMA GIRA MUNDO\" \/>\n<meta property=\"og:url\" content=\"https:\/\/noticiasemdestaque.com\/cd\/?p=8718\" \/>\n<meta property=\"og:site_name\" content=\"Not&iacute;cias em Destaque\" \/>\n<meta property=\"article:published_time\" content=\"2018-03-23T10:10:28+00:00\" \/>\n<meta property=\"og:image\" content=\"https:\/\/noticiasemdestaque.com\/cd\/wp-content\/uploads\/2018\/03\/1370400105613-intercambio.jpg\" \/>\n\t<meta property=\"og:image:width\" content=\"600\" \/>\n\t<meta property=\"og:image:height\" content=\"491\" \/>\n\t<meta property=\"og:image:type\" content=\"image\/jpeg\" \/>\n<meta name=\"author\" content=\"Not\u00edcias em Destaque\" \/>\n<meta name=\"twitter:card\" content=\"summary_large_image\" \/>\n<meta name=\"twitter:label1\" content=\"Escrito por\" \/>\n\t<meta name=\"twitter:data1\" content=\"Not\u00edcias em Destaque\" \/>\n\t<meta name=\"twitter:label2\" content=\"Est. tempo de leitura\" \/>\n\t<meta name=\"twitter:data2\" content=\"1 minuto\" \/>\n<script type=\"application\/ld+json\" class=\"yoast-schema-graph\">{\"@context\":\"https:\/\/schema.org\",\"@graph\":[{\"@type\":\"Article\",\"@id\":\"https:\/\/noticiasemdestaque.com\/cd\/?p=8718#article\",\"isPartOf\":{\"@id\":\"https:\/\/noticiasemdestaque.com\/cd\/?p=8718\"},\"author\":{\"name\":\"Not\u00edcias em Destaque\",\"@id\":\"https:\/\/noticiasemdestaque.com\/cd\/#\/schema\/person\/6ae9188aebb8de746b8e0d472d029646\"},\"headline\":\"Governo divulga resultado dos estudantes classificados na primeira etapa do programa Gira Mundo\",\"datePublished\":\"2018-03-23T10:10:28+00:00\",\"mainEntityOfPage\":{\"@id\":\"https:\/\/noticiasemdestaque.com\/cd\/?p=8718\"},\"wordCount\":232,\"publisher\":{\"@id\":\"https:\/\/noticiasemdestaque.com\/cd\/#organization\"},\"image\":{\"@id\":\"https:\/\/noticiasemdestaque.com\/cd\/?p=8718#primaryimage\"},\"thumbnailUrl\":\"https:\/\/noticiasemdestaque.com\/cd\/wp-content\/uploads\/2018\/03\/1370400105613-intercambio.jpg\",\"articleSection\":[\"Educa\u00e7\u00e3o\"],\"inLanguage\":\"pt-BR\"},{\"@type\":\"WebPage\",\"@id\":\"https:\/\/noticiasemdestaque.com\/cd\/?p=8718\",\"url\":\"https:\/\/noticiasemdestaque.com\/cd\/?p=8718\",\"name\":\"Governo divulga resultado dos estudantes classificados na primeira etapa do programa Gira Mundo - Not&iacute;cias em Destaque\",\"isPartOf\":{\"@id\":\"https:\/\/noticiasemdestaque.com\/cd\/#website\"},\"primaryImageOfPage\":{\"@id\":\"https:\/\/noticiasemdestaque.com\/cd\/?p=8718#primaryimage\"},\"image\":{\"@id\":\"https:\/\/noticiasemdestaque.com\/cd\/?p=8718#primaryimage\"},\"thumbnailUrl\":\"https:\/\/noticiasemdestaque.com\/cd\/wp-content\/uploads\/2018\/03\/1370400105613-intercambio.jpg\",\"datePublished\":\"2018-03-23T10:10:28+00:00\",\"breadcrumb\":{\"@id\":\"https:\/\/noticiasemdestaque.com\/cd\/?p=8718#breadcrumb\"},\"inLanguage\":\"pt-BR\",\"potentialAction\":[{\"@type\":\"ReadAction\",\"target\":[\"https:\/\/noticiasemdestaque.com\/cd\/?p=8718\"]}]},{\"@type\":\"ImageObject\",\"inLanguage\":\"pt-BR\",\"@id\":\"https:\/\/noticiasemdestaque.com\/cd\/?p=8718#primaryimage\",\"url\":\"https:\/\/noticiasemdestaque.com\/cd\/wp-content\/uploads\/2018\/03\/1370400105613-intercambio.jpg\",\"contentUrl\":\"https:\/\/noticiasemdestaque.com\/cd\/wp-content\/uploads\/2018\/03\/1370400105613-intercambio.jpg\",\"width\":600,\"height\":491},{\"@type\":\"BreadcrumbList\",\"@id\":\"https:\/\/noticiasemdestaque.com\/cd\/?p=8718#breadcrumb\",\"itemListElement\":[{\"@type\":\"ListItem\",\"position\":1,\"name\":\"In\u00edcio\",\"item\":\"https:\/\/noticiasemdestaque.com\/cd\/\"},{\"@type\":\"ListItem\",\"position\":2,\"name\":\"Governo divulga resultado dos estudantes classificados na primeira etapa do programa Gira Mundo\"}]},{\"@type\":\"WebSite\",\"@id\":\"https:\/\/noticiasemdestaque.com\/cd\/#website\",\"url\":\"https:\/\/noticiasemdestaque.com\/cd\/\",\"name\":\"Not&iacute;cias em Destaque\",\"description\":\"\",\"publisher\":{\"@id\":\"https:\/\/noticiasemdestaque.com\/cd\/#organization\"},\"potentialAction\":[{\"@type\":\"SearchAction\",\"target\":{\"@type\":\"EntryPoint\",\"urlTemplate\":\"https:\/\/noticiasemdestaque.com\/cd\/?s={search_term_string}\"},\"query-input\":{\"@type\":\"PropertyValueSpecification\",\"valueRequired\":true,\"valueName\":\"search_term_string\"}}],\"inLanguage\":\"pt-BR\"},{\"@type\":\"Organization\",\"@id\":\"https:\/\/noticiasemdestaque.com\/cd\/#organization\",\"name\":\"Not\u00edcias em Destaque\",\"url\":\"https:\/\/noticiasemdestaque.com\/cd\/\",\"logo\":{\"@type\":\"ImageObject\",\"inLanguage\":\"pt-BR\",\"@id\":\"https:\/\/noticiasemdestaque.com\/cd\/#\/schema\/logo\/image\/\",\"url\":\"https:\/\/noticiasemdestaque.com\/cd\/wp-content\/uploads\/2022\/05\/imagem-base-noticiasemdestaque.png\",\"contentUrl\":\"https:\/\/noticiasemdestaque.com\/cd\/wp-content\/uploads\/2022\/05\/imagem-base-noticiasemdestaque.png\",\"width\":1200,\"height\":630,\"caption\":\"Not\u00edcias em Destaque\"},\"image\":{\"@id\":\"https:\/\/noticiasemdestaque.com\/cd\/#\/schema\/logo\/image\/\"}},{\"@type\":\"Person\",\"@id\":\"https:\/\/noticiasemdestaque.com\/cd\/#\/schema\/person\/6ae9188aebb8de746b8e0d472d029646\",\"name\":\"Not\u00edcias em Destaque\",\"url\":\"https:\/\/noticiasemdestaque.com\/cd\/?author=2\"}]}<\/script>\n<!-- \/ Yoast SEO plugin. -->","yoast_head_json":{"title":"Governo divulga resultado dos estudantes classificados na primeira etapa do programa Gira Mundo - Not&iacute;cias em Destaque","robots":{"index":"index","follow":"follow","max-snippet":"max-snippet:-1","max-image-preview":"max-image-preview:large","max-video-preview":"max-video-preview:-1"},"canonical":"https:\/\/noticiasemdestaque.com\/cd\/?p=8718","og_locale":"pt_BR","og_type":"article","og_title":"Governo divulga resultado dos estudantes classificados na primeira etapa do programa Gira Mundo - Not&iacute;cias em Destaque","og_description":"O Governo do Estado, por meio da Secretaria de Estado da Educa\u00e7\u00e3o (SEE), divulgou nesta quinta-feira (22) o resultado dos estudantes classificados na primeira etapa do programa Gira Mundo e que est\u00e3o aptos a participar do curso preparat\u00f3rio. O programa recebeu 3.100 inscri\u00e7\u00f5es de estudantes de todas as regi\u00f5es da Para\u00edba. Destes, 2.500 participar\u00e3o do curso preparat\u00f3rio, que acontecer\u00e1 aos s\u00e1bados, nos polos regionais, e ser\u00e1 ministrado por 85 professores tutores da Rede Estadual de Ensino. Todo o material para o curso foi elaborado em parceria com o Centro de L\u00ednguas do Estado e com a Universidade Estadual da Para\u00edba (UEPB). Ap\u00f3s participarem do curso preparat\u00f3rio, os estudantes ser\u00e3o submetidos a uma prova de profici\u00eancia na l\u00edngua do pa\u00eds de destino da inscri\u00e7\u00e3o. A aula inaugural do curso acontecer\u00e1 neste s\u00e1bado em todas as Ger\u00eancias Regionais de Educa\u00e7\u00e3o (GRE) da Para\u00edba. Os classificados, bem como os locais das aulas, podem ser acessados no endere\u00e7o eletr\u00f4nico:\u00a0paraiba.pb.gov.br\/educacao\/giramundo Confira o edital: Inscri\u00e7\u00f5es Homologadas \u2013 Argentina Inscri\u00e7\u00f5es n\u00e3o Homologadas Inscri\u00e7\u00f5es Homologadas \u2013 Espanha Inscri\u00e7\u00f5es Homologadas \u2013 Canad\u00e1 Inscri\u00e7\u00f5es Homologadas \u2013 Argentina Inscri\u00e7\u00f5es Homologadas \u2013 Portugal Convoca\u00e7\u00e3o -CURSO PREPARAT\u00d3RIO DE IDIOMAS PROGRAMA GIRA MUNDO","og_url":"https:\/\/noticiasemdestaque.com\/cd\/?p=8718","og_site_name":"Not&iacute;cias em Destaque","article_published_time":"2018-03-23T10:10:28+00:00","og_image":[{"width":600,"height":491,"url":"https:\/\/noticiasemdestaque.com\/cd\/wp-content\/uploads\/2018\/03\/1370400105613-intercambio.jpg","type":"image\/jpeg"}],"author":"Not\u00edcias em Destaque","twitter_card":"summary_large_image","twitter_misc":{"Escrito por":"Not\u00edcias em Destaque","Est. tempo de leitura":"1 minuto"},"schema":{"@context":"https:\/\/schema.org","@graph":[{"@type":"Article","@id":"https:\/\/noticiasemdestaque.com\/cd\/?p=8718#article","isPartOf":{"@id":"https:\/\/noticiasemdestaque.com\/cd\/?p=8718"},"author":{"name":"Not\u00edcias em Destaque","@id":"https:\/\/noticiasemdestaque.com\/cd\/#\/schema\/person\/6ae9188aebb8de746b8e0d472d029646"},"headline":"Governo divulga resultado dos estudantes classificados na primeira etapa do programa Gira Mundo","datePublished":"2018-03-23T10:10:28+00:00","mainEntityOfPage":{"@id":"https:\/\/noticiasemdestaque.com\/cd\/?p=8718"},"wordCount":232,"publisher":{"@id":"https:\/\/noticiasemdestaque.com\/cd\/#organization"},"image":{"@id":"https:\/\/noticiasemdestaque.com\/cd\/?p=8718#primaryimage"},"thumbnailUrl":"https:\/\/noticiasemdestaque.com\/cd\/wp-content\/uploads\/2018\/03\/1370400105613-intercambio.jpg","articleSection":["Educa\u00e7\u00e3o"],"inLanguage":"pt-BR"},{"@type":"WebPage","@id":"https:\/\/noticiasemdestaque.com\/cd\/?p=8718","url":"https:\/\/noticiasemdestaque.com\/cd\/?p=8718","name":"Governo divulga resultado dos estudantes classificados na primeira etapa do programa Gira Mundo - Not&iacute;cias em Destaque","isPartOf":{"@id":"https:\/\/noticiasemdestaque.com\/cd\/#website"},"primaryImageOfPage":{"@id":"https:\/\/noticiasemdestaque.com\/cd\/?p=8718#primaryimage"},"image":{"@id":"https:\/\/noticiasemdestaque.com\/cd\/?p=8718#primaryimage"},"thumbnailUrl":"https:\/\/noticiasemdestaque.com\/cd\/wp-content\/uploads\/2018\/03\/1370400105613-intercambio.jpg","datePublished":"2018-03-23T10:10:28+00:00","breadcrumb":{"@id":"https:\/\/noticiasemdestaque.com\/cd\/?p=8718#breadcrumb"},"inLanguage":"pt-BR","potentialAction":[{"@type":"ReadAction","target":["https:\/\/noticiasemdestaque.com\/cd\/?p=8718"]}]},{"@type":"ImageObject","inLanguage":"pt-BR","@id":"https:\/\/noticiasemdestaque.com\/cd\/?p=8718#primaryimage","url":"https:\/\/noticiasemdestaque.com\/cd\/wp-content\/uploads\/2018\/03\/1370400105613-intercambio.jpg","contentUrl":"https:\/\/noticiasemdestaque.com\/cd\/wp-content\/uploads\/2018\/03\/1370400105613-intercambio.jpg","width":600,"height":491},{"@type":"BreadcrumbList","@id":"https:\/\/noticiasemdestaque.com\/cd\/?p=8718#breadcrumb","itemListElement":[{"@type":"ListItem","position":1,"name":"In\u00edcio","item":"https:\/\/noticiasemdestaque.com\/cd\/"},{"@type":"ListItem","position":2,"name":"Governo divulga resultado dos estudantes classificados na primeira etapa do programa Gira Mundo"}]},{"@type":"WebSite","@id":"https:\/\/noticiasemdestaque.com\/cd\/#website","url":"https:\/\/noticiasemdestaque.com\/cd\/","name":"Not&iacute;cias em Destaque","description":"","publisher":{"@id":"https:\/\/noticiasemdestaque.com\/cd\/#organization"},"potentialAction":[{"@type":"SearchAction","target":{"@type":"EntryPoint","urlTemplate":"https:\/\/noticiasemdestaque.com\/cd\/?s={search_term_string}"},"query-input":{"@type":"PropertyValueSpecification","valueRequired":true,"valueName":"search_term_string"}}],"inLanguage":"pt-BR"},{"@type":"Organization","@id":"https:\/\/noticiasemdestaque.com\/cd\/#organization","name":"Not\u00edcias em Destaque","url":"https:\/\/noticiasemdestaque.com\/cd\/","logo":{"@type":"ImageObject","inLanguage":"pt-BR","@id":"https:\/\/noticiasemdestaque.com\/cd\/#\/schema\/logo\/image\/","url":"https:\/\/noticiasemdestaque.com\/cd\/wp-content\/uploads\/2022\/05\/imagem-base-noticiasemdestaque.png","contentUrl":"https:\/\/noticiasemdestaque.com\/cd\/wp-content\/uploads\/2022\/05\/imagem-base-noticiasemdestaque.png","width":1200,"height":630,"caption":"Not\u00edcias em Destaque"},"image":{"@id":"https:\/\/noticiasemdestaque.com\/cd\/#\/schema\/logo\/image\/"}},{"@type":"Person","@id":"https:\/\/noticiasemdestaque.com\/cd\/#\/schema\/person\/6ae9188aebb8de746b8e0d472d029646","name":"Not\u00edcias em Destaque","url":"https:\/\/noticiasemdestaque.com\/cd\/?author=2"}]}},"jetpack_featured_media_url":"https:\/\/noticiasemdestaque.com\/cd\/wp-content\/uploads\/2018\/03\/1370400105613-intercambio.jpg","jetpack_sharing_enabled":true,"_links":{"self":[{"href":"https:\/\/noticiasemdestaque.com\/cd\/index.php?rest_route=\/wp\/v2\/posts\/8718","targetHints":{"allow":["GET"]}}],"collection":[{"href":"https:\/\/noticiasemdestaque.com\/cd\/index.php?rest_route=\/wp\/v2\/posts"}],"about":[{"href":"https:\/\/noticiasemdestaque.com\/cd\/index.php?rest_route=\/wp\/v2\/types\/post"}],"author":[{"embeddable":true,"href":"https:\/\/noticiasemdestaque.com\/cd\/index.php?rest_route=\/wp\/v2\/users\/2"}],"replies":[{"embeddable":true,"href":"https:\/\/noticiasemdestaque.com\/cd\/index.php?rest_route=%2Fwp%2Fv2%2Fcomments&post=8718"}],"version-history":[{"count":1,"href":"https:\/\/noticiasemdestaque.com\/cd\/index.php?rest_route=\/wp\/v2\/posts\/8718\/revisions"}],"predecessor-version":[{"id":8721,"href":"https:\/\/noticiasemdestaque.com\/cd\/index.php?rest_route=\/wp\/v2\/posts\/8718\/revisions\/8721"}],"wp:featuredmedia":[{"embeddable":true,"href":"https:\/\/noticiasemdestaque.com\/cd\/index.php?rest_route=\/wp\/v2\/media\/8720"}],"wp:attachment":[{"href":"https:\/\/noticiasemdestaque.com\/cd\/index.php?rest_route=%2Fwp%2Fv2%2Fmedia&parent=8718"}],"wp:term":[{"taxonomy":"category","embeddable":true,"href":"https:\/\/noticiasemdestaque.com\/cd\/index.php?rest_route=%2Fwp%2Fv2%2Fcategories&post=8718"},{"taxonomy":"post_tag","embeddable":true,"href":"https:\/\/noticiasemdestaque.com\/cd\/index.php?rest_route=%2Fwp%2Fv2%2Ftags&post=8718"}],"curies":[{"name":"wp","href":"https:\/\/api.w.org\/{rel}","templated":true}]}}