{"id":8715,"date":"2018-03-23T06:56:05","date_gmt":"2018-03-23T09:56:05","guid":{"rendered":"http:\/\/caririemdestaque.com\/cd\/?p=8715"},"modified":"2018-03-23T06:56:05","modified_gmt":"2018-03-23T09:56:05","slug":"implantacao-de-placas-do-mercosul-no-brasil-e-suspensa-por-60-dias","status":"publish","type":"post","link":"https:\/\/noticiasemdestaque.com\/cd\/?p=8715","title":{"rendered":"Implanta\u00e7\u00e3o de placas do Mercosul no Brasil \u00e9 suspensa por 60 dias"},"content":{"rendered":"<div class=\"noticiacorpo\">\n<div><a href=\"http:\/\/caririemdestaque.com\/cd\/wp-content\/uploads\/2018\/03\/placa-nova.jpg\"><img fetchpriority=\"high\" decoding=\"async\" class=\"size-medium wp-image-8716 alignleft\" src=\"http:\/\/caririemdestaque.com\/cd\/wp-content\/uploads\/2018\/03\/placa-nova-300x200.jpg\" alt=\"\" width=\"300\" height=\"200\" srcset=\"https:\/\/noticiasemdestaque.com\/cd\/wp-content\/uploads\/2018\/03\/placa-nova-300x200.jpg 300w, https:\/\/noticiasemdestaque.com\/cd\/wp-content\/uploads\/2018\/03\/placa-nova-480x320.jpg 480w, https:\/\/noticiasemdestaque.com\/cd\/wp-content\/uploads\/2018\/03\/placa-nova.jpg 692w\" sizes=\"(max-width: 300px) 100vw, 300px\" \/><\/a>O Conselho Nacional de Tr\u00e2nsito, Contran, suspendeu por 60 dias o in\u00edcio da implanta\u00e7\u00e3o do novo padr\u00e3o de placas de ve\u00edculos do padr\u00e3o Mercosul. A decis\u00e3o deve ser publicada no Di\u00e1rio Oficial desta sexta-feira.<\/div>\n<div><\/div>\n<div>As placas do padr\u00e3o Mercosul foram anunciadas em dezembro de 2014. Elas j\u00e1 s\u00e3o usadas na Argentina, e deveriam ter entrado em vigor por aqui em janeiro de 2016. No entanto, o governo adiou duas vezes.<\/div>\n<p>O prazo mais recente para o in\u00edcio da implanta\u00e7\u00e3o das placas era 1\u00ba de setembro, conforme resolu\u00e7\u00e3o publicada em 8 de mar\u00e7o.<\/p>\n<div>\n<p>Motivo da suspens\u00e3o<\/p>\n<p>De acordo com o diretor do Denatran, Maur\u00edcio Alves, a medida foi tomada atendendo a pedido das empresas que estampam as placas. &#8220;Resolvemos criar um grupo de trabalho especificamente para analisar as reinvindica\u00e7\u00f5es e dar a seguran\u00e7a jur\u00eddica para que a categoria continue&#8221;, disse.<\/p>\n<p>De acordo com o \u00f3rg\u00e3o este grupo ir\u00e1 estudar as regras da resolu\u00e7\u00e3o. Caso o grupo chegue a uma conclus\u00e3o antes dos 60 dias, o prazo pode ser antecipado. Por outro lado, pode ser que a suspens\u00e3o seja prorrogada por mais 60 dias.<\/p>\n<p>O que muda no visual da placa?<\/p>\n<p>1- Mais letras e menos n\u00fameros<\/p>\n<p>Em vez de 3 letras e 4 n\u00fameros, como \u00e9 hoje, as novas placas ter\u00e3o 4 letras e 3 n\u00fameros, e poder\u00e3o estar embaralhados, assim como na Europa;<\/p>\n<p>2- Cores nas letras e n\u00fameros<\/p>\n<p>Ao contr\u00e1rio do que acontece atualmente, em que a cor de fundo da placa muda conforme o tipo de ve\u00edculo (comercial, diplom\u00e1tico, etc), nas novas placas a cor do fundo ser\u00e1 sempre branca. As cores estar\u00e3o nas letras e nos n\u00fameros.<\/p>\n<p>Para ve\u00edculos de passeio, cor preta, para ve\u00edculos comerciais, vermelha, carros oficiais, azul, em teste, verde, diplom\u00e1ticos, dourado e de colecionadores, prateado &#8211; ou seja, \u00e9 o fim da famosa placa preta.<\/p>\n<p>3- Estado e cidade com nome e bras\u00e3o<\/p>\n<p>O nome do pa\u00eds estar\u00e1 na parte superior da patente, sobre uma barra azul. Nome da cidade e do estado estar\u00e3o na lateral direita, acompanhados dos respectivos bras\u00f5es;<\/p>\n<p>4- Tamanho<\/p>\n<p>A placa ter\u00e1 as mesmas medidas das j\u00e1 utilizadas no Brasil (40 cm de comprimento por 13 cm de largura);<\/p>\n<p>5- Contra falsifica\u00e7\u00f5es<\/p>\n<p>Marcas d&#8217;\u00e1gua com o nome do pa\u00eds e do Mercosul estar\u00e3o grafadas na diagonal ao longo das placas, com o objetivo de dificultar falsifica\u00e7\u00f5es. No Brasil, a placa ter\u00e1 uma tira hologr\u00e1fica do lado esquerdo e um c\u00f3digo bidimensional que conter\u00e1 a identifica\u00e7\u00e3o do fabricante, a data de fabrica\u00e7\u00e3o e o n\u00famero serial da placa. A tira \u00e9 uma maneira de evitar falsifica\u00e7\u00e3o.<\/p>\n<\/div>\n<\/div>\n<p class=\"noticia_fonte\">Fonte: G1<\/p>\n","protected":false},"excerpt":{"rendered":"<p>O Conselho Nacional de Tr\u00e2nsito, Contran, suspendeu por 60 dias o in\u00edcio da implanta\u00e7\u00e3o do novo padr\u00e3o de placas de ve\u00edculos do padr\u00e3o Mercosul. A decis\u00e3o deve ser publicada no Di\u00e1rio Oficial desta sexta-feira. As placas do padr\u00e3o Mercosul foram anunciadas em dezembro de 2014. Elas j\u00e1 s\u00e3o usadas na Argentina, e deveriam ter entrado em vigor por aqui em janeiro de 2016. No entanto, o governo adiou duas vezes. O prazo mais recente para o in\u00edcio da implanta\u00e7\u00e3o das placas era 1\u00ba de setembro, conforme resolu\u00e7\u00e3o publicada em 8 de mar\u00e7o. Motivo da suspens\u00e3o De acordo com o diretor do Denatran, Maur\u00edcio Alves, a medida foi tomada atendendo a pedido das empresas que estampam as placas. &#8220;Resolvemos criar um grupo de trabalho especificamente para analisar as reinvindica\u00e7\u00f5es e dar a seguran\u00e7a jur\u00eddica para que a categoria continue&#8221;, disse. De acordo com o \u00f3rg\u00e3o este grupo ir\u00e1 estudar as regras da resolu\u00e7\u00e3o. Caso o grupo chegue a uma conclus\u00e3o antes dos 60 dias, o prazo pode ser antecipado. Por outro lado, pode ser que a suspens\u00e3o seja prorrogada por mais 60 dias. O que muda no visual da placa? 1- Mais letras e menos n\u00fameros Em vez de 3 letras e 4 n\u00fameros, como \u00e9 hoje, as novas placas ter\u00e3o 4 letras e 3 n\u00fameros, e poder\u00e3o estar embaralhados, assim como na Europa; 2- Cores nas letras e n\u00fameros Ao contr\u00e1rio do que acontece atualmente, em que a cor de fundo da placa muda conforme o tipo de ve\u00edculo (comercial, diplom\u00e1tico, etc), nas novas placas a cor do fundo ser\u00e1 sempre branca. As cores estar\u00e3o nas letras e nos n\u00fameros. Para ve\u00edculos de passeio, cor preta, para ve\u00edculos comerciais, vermelha, carros oficiais, azul, em teste, verde, diplom\u00e1ticos, dourado e de colecionadores, prateado &#8211; ou seja, \u00e9 o fim da famosa placa preta. 3- Estado e cidade com nome e bras\u00e3o O nome do pa\u00eds estar\u00e1 na parte superior da patente, sobre uma barra azul. Nome da cidade e do estado estar\u00e3o na lateral direita, acompanhados dos respectivos bras\u00f5es; 4- Tamanho A placa ter\u00e1 as mesmas medidas das j\u00e1 utilizadas no Brasil (40 cm de comprimento por 13 cm de largura); 5- Contra falsifica\u00e7\u00f5es Marcas d&#8217;\u00e1gua com o nome do pa\u00eds e do Mercosul estar\u00e3o grafadas na diagonal ao longo das placas, com o objetivo de dificultar falsifica\u00e7\u00f5es. No Brasil, a placa ter\u00e1 uma tira hologr\u00e1fica do lado esquerdo e um c\u00f3digo bidimensional que conter\u00e1 a identifica\u00e7\u00e3o do fabricante, a data de fabrica\u00e7\u00e3o e o n\u00famero serial da placa. A tira \u00e9 uma maneira de evitar falsifica\u00e7\u00e3o. Fonte: G1<\/p>\n","protected":false},"author":2,"featured_media":8716,"comment_status":"closed","ping_status":"open","sticky":false,"template":"","format":"standard","meta":{"_eb_attr":"","_jetpack_memberships_contains_paid_content":false,"footnotes":""},"categories":[11],"tags":[],"class_list":["post-8715","post","type-post","status-publish","format-standard","has-post-thumbnail","hentry","category-economia"],"yoast_head":"<!-- This site is optimized with the Yoast SEO plugin v26.5 - https:\/\/yoast.com\/wordpress\/plugins\/seo\/ -->\n<title>Implanta\u00e7\u00e3o de placas do Mercosul no Brasil \u00e9 suspensa por 60 dias - Not&iacute;cias em Destaque<\/title>\n<meta name=\"robots\" content=\"index, follow, max-snippet:-1, max-image-preview:large, max-video-preview:-1\" \/>\n<link rel=\"canonical\" href=\"https:\/\/noticiasemdestaque.com\/cd\/?p=8715\" \/>\n<meta property=\"og:locale\" content=\"pt_BR\" \/>\n<meta property=\"og:type\" content=\"article\" \/>\n<meta property=\"og:title\" content=\"Implanta\u00e7\u00e3o de placas do Mercosul no Brasil \u00e9 suspensa por 60 dias - Not&iacute;cias em Destaque\" \/>\n<meta property=\"og:description\" content=\"O Conselho Nacional de Tr\u00e2nsito, Contran, suspendeu por 60 dias o in\u00edcio da implanta\u00e7\u00e3o do novo padr\u00e3o de placas de ve\u00edculos do padr\u00e3o Mercosul. A decis\u00e3o deve ser publicada no Di\u00e1rio Oficial desta sexta-feira. As placas do padr\u00e3o Mercosul foram anunciadas em dezembro de 2014. Elas j\u00e1 s\u00e3o usadas na Argentina, e deveriam ter entrado em vigor por aqui em janeiro de 2016. No entanto, o governo adiou duas vezes. O prazo mais recente para o in\u00edcio da implanta\u00e7\u00e3o das placas era 1\u00ba de setembro, conforme resolu\u00e7\u00e3o publicada em 8 de mar\u00e7o. Motivo da suspens\u00e3o De acordo com o diretor do Denatran, Maur\u00edcio Alves, a medida foi tomada atendendo a pedido das empresas que estampam as placas. &#8220;Resolvemos criar um grupo de trabalho especificamente para analisar as reinvindica\u00e7\u00f5es e dar a seguran\u00e7a jur\u00eddica para que a categoria continue&#8221;, disse. De acordo com o \u00f3rg\u00e3o este grupo ir\u00e1 estudar as regras da resolu\u00e7\u00e3o. Caso o grupo chegue a uma conclus\u00e3o antes dos 60 dias, o prazo pode ser antecipado. Por outro lado, pode ser que a suspens\u00e3o seja prorrogada por mais 60 dias. O que muda no visual da placa? 1- Mais letras e menos n\u00fameros Em vez de 3 letras e 4 n\u00fameros, como \u00e9 hoje, as novas placas ter\u00e3o 4 letras e 3 n\u00fameros, e poder\u00e3o estar embaralhados, assim como na Europa; 2- Cores nas letras e n\u00fameros Ao contr\u00e1rio do que acontece atualmente, em que a cor de fundo da placa muda conforme o tipo de ve\u00edculo (comercial, diplom\u00e1tico, etc), nas novas placas a cor do fundo ser\u00e1 sempre branca. As cores estar\u00e3o nas letras e nos n\u00fameros. Para ve\u00edculos de passeio, cor preta, para ve\u00edculos comerciais, vermelha, carros oficiais, azul, em teste, verde, diplom\u00e1ticos, dourado e de colecionadores, prateado &#8211; ou seja, \u00e9 o fim da famosa placa preta. 3- Estado e cidade com nome e bras\u00e3o O nome do pa\u00eds estar\u00e1 na parte superior da patente, sobre uma barra azul. Nome da cidade e do estado estar\u00e3o na lateral direita, acompanhados dos respectivos bras\u00f5es; 4- Tamanho A placa ter\u00e1 as mesmas medidas das j\u00e1 utilizadas no Brasil (40 cm de comprimento por 13 cm de largura); 5- Contra falsifica\u00e7\u00f5es Marcas d&#8217;\u00e1gua com o nome do pa\u00eds e do Mercosul estar\u00e3o grafadas na diagonal ao longo das placas, com o objetivo de dificultar falsifica\u00e7\u00f5es. No Brasil, a placa ter\u00e1 uma tira hologr\u00e1fica do lado esquerdo e um c\u00f3digo bidimensional que conter\u00e1 a identifica\u00e7\u00e3o do fabricante, a data de fabrica\u00e7\u00e3o e o n\u00famero serial da placa. A tira \u00e9 uma maneira de evitar falsifica\u00e7\u00e3o. Fonte: G1\" \/>\n<meta property=\"og:url\" content=\"https:\/\/noticiasemdestaque.com\/cd\/?p=8715\" \/>\n<meta property=\"og:site_name\" content=\"Not&iacute;cias em Destaque\" \/>\n<meta property=\"article:published_time\" content=\"2018-03-23T09:56:05+00:00\" \/>\n<meta property=\"og:image\" content=\"https:\/\/noticiasemdestaque.com\/cd\/wp-content\/uploads\/2018\/03\/placa-nova.jpg\" \/>\n\t<meta property=\"og:image:width\" content=\"692\" \/>\n\t<meta property=\"og:image:height\" content=\"461\" \/>\n\t<meta property=\"og:image:type\" content=\"image\/jpeg\" \/>\n<meta name=\"author\" content=\"Not\u00edcias em Destaque\" \/>\n<meta name=\"twitter:card\" content=\"summary_large_image\" \/>\n<meta name=\"twitter:label1\" content=\"Escrito por\" \/>\n\t<meta name=\"twitter:data1\" content=\"Not\u00edcias em Destaque\" \/>\n\t<meta name=\"twitter:label2\" content=\"Est. tempo de leitura\" \/>\n\t<meta name=\"twitter:data2\" content=\"2 minutos\" \/>\n<script type=\"application\/ld+json\" class=\"yoast-schema-graph\">{\"@context\":\"https:\/\/schema.org\",\"@graph\":[{\"@type\":\"Article\",\"@id\":\"https:\/\/noticiasemdestaque.com\/cd\/?p=8715#article\",\"isPartOf\":{\"@id\":\"https:\/\/noticiasemdestaque.com\/cd\/?p=8715\"},\"author\":{\"name\":\"Not\u00edcias em Destaque\",\"@id\":\"https:\/\/noticiasemdestaque.com\/cd\/#\/schema\/person\/6ae9188aebb8de746b8e0d472d029646\"},\"headline\":\"Implanta\u00e7\u00e3o de placas do Mercosul no Brasil \u00e9 suspensa por 60 dias\",\"datePublished\":\"2018-03-23T09:56:05+00:00\",\"mainEntityOfPage\":{\"@id\":\"https:\/\/noticiasemdestaque.com\/cd\/?p=8715\"},\"wordCount\":475,\"publisher\":{\"@id\":\"https:\/\/noticiasemdestaque.com\/cd\/#organization\"},\"image\":{\"@id\":\"https:\/\/noticiasemdestaque.com\/cd\/?p=8715#primaryimage\"},\"thumbnailUrl\":\"https:\/\/noticiasemdestaque.com\/cd\/wp-content\/uploads\/2018\/03\/placa-nova.jpg\",\"articleSection\":[\"Economia\"],\"inLanguage\":\"pt-BR\"},{\"@type\":\"WebPage\",\"@id\":\"https:\/\/noticiasemdestaque.com\/cd\/?p=8715\",\"url\":\"https:\/\/noticiasemdestaque.com\/cd\/?p=8715\",\"name\":\"Implanta\u00e7\u00e3o de placas do Mercosul no Brasil \u00e9 suspensa por 60 dias - Not&iacute;cias em Destaque\",\"isPartOf\":{\"@id\":\"https:\/\/noticiasemdestaque.com\/cd\/#website\"},\"primaryImageOfPage\":{\"@id\":\"https:\/\/noticiasemdestaque.com\/cd\/?p=8715#primaryimage\"},\"image\":{\"@id\":\"https:\/\/noticiasemdestaque.com\/cd\/?p=8715#primaryimage\"},\"thumbnailUrl\":\"https:\/\/noticiasemdestaque.com\/cd\/wp-content\/uploads\/2018\/03\/placa-nova.jpg\",\"datePublished\":\"2018-03-23T09:56:05+00:00\",\"breadcrumb\":{\"@id\":\"https:\/\/noticiasemdestaque.com\/cd\/?p=8715#breadcrumb\"},\"inLanguage\":\"pt-BR\",\"potentialAction\":[{\"@type\":\"ReadAction\",\"target\":[\"https:\/\/noticiasemdestaque.com\/cd\/?p=8715\"]}]},{\"@type\":\"ImageObject\",\"inLanguage\":\"pt-BR\",\"@id\":\"https:\/\/noticiasemdestaque.com\/cd\/?p=8715#primaryimage\",\"url\":\"https:\/\/noticiasemdestaque.com\/cd\/wp-content\/uploads\/2018\/03\/placa-nova.jpg\",\"contentUrl\":\"https:\/\/noticiasemdestaque.com\/cd\/wp-content\/uploads\/2018\/03\/placa-nova.jpg\",\"width\":692,\"height\":461},{\"@type\":\"BreadcrumbList\",\"@id\":\"https:\/\/noticiasemdestaque.com\/cd\/?p=8715#breadcrumb\",\"itemListElement\":[{\"@type\":\"ListItem\",\"position\":1,\"name\":\"In\u00edcio\",\"item\":\"https:\/\/noticiasemdestaque.com\/cd\/\"},{\"@type\":\"ListItem\",\"position\":2,\"name\":\"Implanta\u00e7\u00e3o de placas do Mercosul no Brasil \u00e9 suspensa por 60 dias\"}]},{\"@type\":\"WebSite\",\"@id\":\"https:\/\/noticiasemdestaque.com\/cd\/#website\",\"url\":\"https:\/\/noticiasemdestaque.com\/cd\/\",\"name\":\"Not&iacute;cias em Destaque\",\"description\":\"\",\"publisher\":{\"@id\":\"https:\/\/noticiasemdestaque.com\/cd\/#organization\"},\"potentialAction\":[{\"@type\":\"SearchAction\",\"target\":{\"@type\":\"EntryPoint\",\"urlTemplate\":\"https:\/\/noticiasemdestaque.com\/cd\/?s={search_term_string}\"},\"query-input\":{\"@type\":\"PropertyValueSpecification\",\"valueRequired\":true,\"valueName\":\"search_term_string\"}}],\"inLanguage\":\"pt-BR\"},{\"@type\":\"Organization\",\"@id\":\"https:\/\/noticiasemdestaque.com\/cd\/#organization\",\"name\":\"Not\u00edcias em Destaque\",\"url\":\"https:\/\/noticiasemdestaque.com\/cd\/\",\"logo\":{\"@type\":\"ImageObject\",\"inLanguage\":\"pt-BR\",\"@id\":\"https:\/\/noticiasemdestaque.com\/cd\/#\/schema\/logo\/image\/\",\"url\":\"https:\/\/noticiasemdestaque.com\/cd\/wp-content\/uploads\/2022\/05\/imagem-base-noticiasemdestaque.png\",\"contentUrl\":\"https:\/\/noticiasemdestaque.com\/cd\/wp-content\/uploads\/2022\/05\/imagem-base-noticiasemdestaque.png\",\"width\":1200,\"height\":630,\"caption\":\"Not\u00edcias em Destaque\"},\"image\":{\"@id\":\"https:\/\/noticiasemdestaque.com\/cd\/#\/schema\/logo\/image\/\"}},{\"@type\":\"Person\",\"@id\":\"https:\/\/noticiasemdestaque.com\/cd\/#\/schema\/person\/6ae9188aebb8de746b8e0d472d029646\",\"name\":\"Not\u00edcias em Destaque\",\"url\":\"https:\/\/noticiasemdestaque.com\/cd\/?author=2\"}]}<\/script>\n<!-- \/ Yoast SEO plugin. -->","yoast_head_json":{"title":"Implanta\u00e7\u00e3o de placas do Mercosul no Brasil \u00e9 suspensa por 60 dias - Not&iacute;cias em Destaque","robots":{"index":"index","follow":"follow","max-snippet":"max-snippet:-1","max-image-preview":"max-image-preview:large","max-video-preview":"max-video-preview:-1"},"canonical":"https:\/\/noticiasemdestaque.com\/cd\/?p=8715","og_locale":"pt_BR","og_type":"article","og_title":"Implanta\u00e7\u00e3o de placas do Mercosul no Brasil \u00e9 suspensa por 60 dias - Not&iacute;cias em Destaque","og_description":"O Conselho Nacional de Tr\u00e2nsito, Contran, suspendeu por 60 dias o in\u00edcio da implanta\u00e7\u00e3o do novo padr\u00e3o de placas de ve\u00edculos do padr\u00e3o Mercosul. A decis\u00e3o deve ser publicada no Di\u00e1rio Oficial desta sexta-feira. As placas do padr\u00e3o Mercosul foram anunciadas em dezembro de 2014. Elas j\u00e1 s\u00e3o usadas na Argentina, e deveriam ter entrado em vigor por aqui em janeiro de 2016. No entanto, o governo adiou duas vezes. O prazo mais recente para o in\u00edcio da implanta\u00e7\u00e3o das placas era 1\u00ba de setembro, conforme resolu\u00e7\u00e3o publicada em 8 de mar\u00e7o. Motivo da suspens\u00e3o De acordo com o diretor do Denatran, Maur\u00edcio Alves, a medida foi tomada atendendo a pedido das empresas que estampam as placas. &#8220;Resolvemos criar um grupo de trabalho especificamente para analisar as reinvindica\u00e7\u00f5es e dar a seguran\u00e7a jur\u00eddica para que a categoria continue&#8221;, disse. De acordo com o \u00f3rg\u00e3o este grupo ir\u00e1 estudar as regras da resolu\u00e7\u00e3o. Caso o grupo chegue a uma conclus\u00e3o antes dos 60 dias, o prazo pode ser antecipado. Por outro lado, pode ser que a suspens\u00e3o seja prorrogada por mais 60 dias. O que muda no visual da placa? 1- Mais letras e menos n\u00fameros Em vez de 3 letras e 4 n\u00fameros, como \u00e9 hoje, as novas placas ter\u00e3o 4 letras e 3 n\u00fameros, e poder\u00e3o estar embaralhados, assim como na Europa; 2- Cores nas letras e n\u00fameros Ao contr\u00e1rio do que acontece atualmente, em que a cor de fundo da placa muda conforme o tipo de ve\u00edculo (comercial, diplom\u00e1tico, etc), nas novas placas a cor do fundo ser\u00e1 sempre branca. As cores estar\u00e3o nas letras e nos n\u00fameros. Para ve\u00edculos de passeio, cor preta, para ve\u00edculos comerciais, vermelha, carros oficiais, azul, em teste, verde, diplom\u00e1ticos, dourado e de colecionadores, prateado &#8211; ou seja, \u00e9 o fim da famosa placa preta. 3- Estado e cidade com nome e bras\u00e3o O nome do pa\u00eds estar\u00e1 na parte superior da patente, sobre uma barra azul. Nome da cidade e do estado estar\u00e3o na lateral direita, acompanhados dos respectivos bras\u00f5es; 4- Tamanho A placa ter\u00e1 as mesmas medidas das j\u00e1 utilizadas no Brasil (40 cm de comprimento por 13 cm de largura); 5- Contra falsifica\u00e7\u00f5es Marcas d&#8217;\u00e1gua com o nome do pa\u00eds e do Mercosul estar\u00e3o grafadas na diagonal ao longo das placas, com o objetivo de dificultar falsifica\u00e7\u00f5es. No Brasil, a placa ter\u00e1 uma tira hologr\u00e1fica do lado esquerdo e um c\u00f3digo bidimensional que conter\u00e1 a identifica\u00e7\u00e3o do fabricante, a data de fabrica\u00e7\u00e3o e o n\u00famero serial da placa. A tira \u00e9 uma maneira de evitar falsifica\u00e7\u00e3o. Fonte: G1","og_url":"https:\/\/noticiasemdestaque.com\/cd\/?p=8715","og_site_name":"Not&iacute;cias em Destaque","article_published_time":"2018-03-23T09:56:05+00:00","og_image":[{"width":692,"height":461,"url":"https:\/\/noticiasemdestaque.com\/cd\/wp-content\/uploads\/2018\/03\/placa-nova.jpg","type":"image\/jpeg"}],"author":"Not\u00edcias em Destaque","twitter_card":"summary_large_image","twitter_misc":{"Escrito por":"Not\u00edcias em Destaque","Est. tempo de leitura":"2 minutos"},"schema":{"@context":"https:\/\/schema.org","@graph":[{"@type":"Article","@id":"https:\/\/noticiasemdestaque.com\/cd\/?p=8715#article","isPartOf":{"@id":"https:\/\/noticiasemdestaque.com\/cd\/?p=8715"},"author":{"name":"Not\u00edcias em Destaque","@id":"https:\/\/noticiasemdestaque.com\/cd\/#\/schema\/person\/6ae9188aebb8de746b8e0d472d029646"},"headline":"Implanta\u00e7\u00e3o de placas do Mercosul no Brasil \u00e9 suspensa por 60 dias","datePublished":"2018-03-23T09:56:05+00:00","mainEntityOfPage":{"@id":"https:\/\/noticiasemdestaque.com\/cd\/?p=8715"},"wordCount":475,"publisher":{"@id":"https:\/\/noticiasemdestaque.com\/cd\/#organization"},"image":{"@id":"https:\/\/noticiasemdestaque.com\/cd\/?p=8715#primaryimage"},"thumbnailUrl":"https:\/\/noticiasemdestaque.com\/cd\/wp-content\/uploads\/2018\/03\/placa-nova.jpg","articleSection":["Economia"],"inLanguage":"pt-BR"},{"@type":"WebPage","@id":"https:\/\/noticiasemdestaque.com\/cd\/?p=8715","url":"https:\/\/noticiasemdestaque.com\/cd\/?p=8715","name":"Implanta\u00e7\u00e3o de placas do Mercosul no Brasil \u00e9 suspensa por 60 dias - Not&iacute;cias em Destaque","isPartOf":{"@id":"https:\/\/noticiasemdestaque.com\/cd\/#website"},"primaryImageOfPage":{"@id":"https:\/\/noticiasemdestaque.com\/cd\/?p=8715#primaryimage"},"image":{"@id":"https:\/\/noticiasemdestaque.com\/cd\/?p=8715#primaryimage"},"thumbnailUrl":"https:\/\/noticiasemdestaque.com\/cd\/wp-content\/uploads\/2018\/03\/placa-nova.jpg","datePublished":"2018-03-23T09:56:05+00:00","breadcrumb":{"@id":"https:\/\/noticiasemdestaque.com\/cd\/?p=8715#breadcrumb"},"inLanguage":"pt-BR","potentialAction":[{"@type":"ReadAction","target":["https:\/\/noticiasemdestaque.com\/cd\/?p=8715"]}]},{"@type":"ImageObject","inLanguage":"pt-BR","@id":"https:\/\/noticiasemdestaque.com\/cd\/?p=8715#primaryimage","url":"https:\/\/noticiasemdestaque.com\/cd\/wp-content\/uploads\/2018\/03\/placa-nova.jpg","contentUrl":"https:\/\/noticiasemdestaque.com\/cd\/wp-content\/uploads\/2018\/03\/placa-nova.jpg","width":692,"height":461},{"@type":"BreadcrumbList","@id":"https:\/\/noticiasemdestaque.com\/cd\/?p=8715#breadcrumb","itemListElement":[{"@type":"ListItem","position":1,"name":"In\u00edcio","item":"https:\/\/noticiasemdestaque.com\/cd\/"},{"@type":"ListItem","position":2,"name":"Implanta\u00e7\u00e3o de placas do Mercosul no Brasil \u00e9 suspensa por 60 dias"}]},{"@type":"WebSite","@id":"https:\/\/noticiasemdestaque.com\/cd\/#website","url":"https:\/\/noticiasemdestaque.com\/cd\/","name":"Not&iacute;cias em Destaque","description":"","publisher":{"@id":"https:\/\/noticiasemdestaque.com\/cd\/#organization"},"potentialAction":[{"@type":"SearchAction","target":{"@type":"EntryPoint","urlTemplate":"https:\/\/noticiasemdestaque.com\/cd\/?s={search_term_string}"},"query-input":{"@type":"PropertyValueSpecification","valueRequired":true,"valueName":"search_term_string"}}],"inLanguage":"pt-BR"},{"@type":"Organization","@id":"https:\/\/noticiasemdestaque.com\/cd\/#organization","name":"Not\u00edcias em Destaque","url":"https:\/\/noticiasemdestaque.com\/cd\/","logo":{"@type":"ImageObject","inLanguage":"pt-BR","@id":"https:\/\/noticiasemdestaque.com\/cd\/#\/schema\/logo\/image\/","url":"https:\/\/noticiasemdestaque.com\/cd\/wp-content\/uploads\/2022\/05\/imagem-base-noticiasemdestaque.png","contentUrl":"https:\/\/noticiasemdestaque.com\/cd\/wp-content\/uploads\/2022\/05\/imagem-base-noticiasemdestaque.png","width":1200,"height":630,"caption":"Not\u00edcias em Destaque"},"image":{"@id":"https:\/\/noticiasemdestaque.com\/cd\/#\/schema\/logo\/image\/"}},{"@type":"Person","@id":"https:\/\/noticiasemdestaque.com\/cd\/#\/schema\/person\/6ae9188aebb8de746b8e0d472d029646","name":"Not\u00edcias em Destaque","url":"https:\/\/noticiasemdestaque.com\/cd\/?author=2"}]}},"jetpack_featured_media_url":"https:\/\/noticiasemdestaque.com\/cd\/wp-content\/uploads\/2018\/03\/placa-nova.jpg","jetpack_sharing_enabled":true,"_links":{"self":[{"href":"https:\/\/noticiasemdestaque.com\/cd\/index.php?rest_route=\/wp\/v2\/posts\/8715","targetHints":{"allow":["GET"]}}],"collection":[{"href":"https:\/\/noticiasemdestaque.com\/cd\/index.php?rest_route=\/wp\/v2\/posts"}],"about":[{"href":"https:\/\/noticiasemdestaque.com\/cd\/index.php?rest_route=\/wp\/v2\/types\/post"}],"author":[{"embeddable":true,"href":"https:\/\/noticiasemdestaque.com\/cd\/index.php?rest_route=\/wp\/v2\/users\/2"}],"replies":[{"embeddable":true,"href":"https:\/\/noticiasemdestaque.com\/cd\/index.php?rest_route=%2Fwp%2Fv2%2Fcomments&post=8715"}],"version-history":[{"count":1,"href":"https:\/\/noticiasemdestaque.com\/cd\/index.php?rest_route=\/wp\/v2\/posts\/8715\/revisions"}],"predecessor-version":[{"id":8717,"href":"https:\/\/noticiasemdestaque.com\/cd\/index.php?rest_route=\/wp\/v2\/posts\/8715\/revisions\/8717"}],"wp:featuredmedia":[{"embeddable":true,"href":"https:\/\/noticiasemdestaque.com\/cd\/index.php?rest_route=\/wp\/v2\/media\/8716"}],"wp:attachment":[{"href":"https:\/\/noticiasemdestaque.com\/cd\/index.php?rest_route=%2Fwp%2Fv2%2Fmedia&parent=8715"}],"wp:term":[{"taxonomy":"category","embeddable":true,"href":"https:\/\/noticiasemdestaque.com\/cd\/index.php?rest_route=%2Fwp%2Fv2%2Fcategories&post=8715"},{"taxonomy":"post_tag","embeddable":true,"href":"https:\/\/noticiasemdestaque.com\/cd\/index.php?rest_route=%2Fwp%2Fv2%2Ftags&post=8715"}],"curies":[{"name":"wp","href":"https:\/\/api.w.org\/{rel}","templated":true}]}}