{"id":8712,"date":"2018-03-23T06:53:26","date_gmt":"2018-03-23T09:53:26","guid":{"rendered":"http:\/\/caririemdestaque.com\/cd\/?p=8712"},"modified":"2018-03-23T06:53:26","modified_gmt":"2018-03-23T09:53:26","slug":"stf-decide-que-lula-nao-pode-ser-preso-ate-julgamento-de-habeas-corpus","status":"publish","type":"post","link":"https:\/\/noticiasemdestaque.com\/cd\/?p=8712","title":{"rendered":"STF decide que Lula n\u00e3o pode ser preso at\u00e9 julgamento de habeas corpus"},"content":{"rendered":"<p><a href=\"http:\/\/caririemdestaque.com\/cd\/wp-content\/uploads\/2017\/10\/ibope-mostra-lideranca-de-lula-em-todos-os-cenarios.jpg\"><img decoding=\"async\" class=\" wp-image-5589 alignleft\" src=\"http:\/\/caririemdestaque.com\/cd\/wp-content\/uploads\/2017\/10\/ibope-mostra-lideranca-de-lula-em-todos-os-cenarios-300x225.jpg\" alt=\"\" width=\"236\" height=\"177\" srcset=\"https:\/\/noticiasemdestaque.com\/cd\/wp-content\/uploads\/2017\/10\/ibope-mostra-lideranca-de-lula-em-todos-os-cenarios-300x225.jpg 300w, https:\/\/noticiasemdestaque.com\/cd\/wp-content\/uploads\/2017\/10\/ibope-mostra-lideranca-de-lula-em-todos-os-cenarios-768x575.jpg 768w, https:\/\/noticiasemdestaque.com\/cd\/wp-content\/uploads\/2017\/10\/ibope-mostra-lideranca-de-lula-em-todos-os-cenarios-640x480.jpg 640w, https:\/\/noticiasemdestaque.com\/cd\/wp-content\/uploads\/2017\/10\/ibope-mostra-lideranca-de-lula-em-todos-os-cenarios.jpg 940w\" sizes=\"(max-width: 236px) 100vw, 236px\" \/><\/a>A maioria dos ministros\u00a0 do Supremo Tribunal Federal (STF) decidiu h\u00e1 pouco conceder\u00a0uma liminar\u00a0ao ex-presidente Luiz In\u00e1cio Lula da Silva que impede a pris\u00e3o dele at\u00e9 o julgamento do m\u00e9rito do habeas corpus preventivo apresentado pelo ex-presidente \u00e0 Corte. A decis\u00e3o vale at\u00e9 o dia 4 de abril, quando a Corte deve voltar a julgar o habeas corpus apresentado por Lula.<\/p>\n<p>A conclus\u00e3o do julgamento foi adiada porque os ministros julgaram uma preliminar da a\u00e7\u00e3o, fato que tomou todo o tempo da sess\u00e3o.<\/p>\n<p>A decis\u00e3o que concedeu a liminar ao ex-presidente foi tomada porque os ministros entenderam que, por n\u00e3o poderem concluir o julgamento nesta quinta-feira, Lula sairia prejudicado com a situa\u00e7\u00e3o. O pedido liminar foi solicitado pela defesa do ex-presidente diante do adiamento do julgamento.<\/p>\n<p>Votaram a favor da liminar Rosa Weber, Dias Toffoli, Ricardo Lewandowski, Gilmar Mendes, Marco Aur\u00e9lio e Celso de Mello. Os ministros Edson Fachin (relator), Alexandre de Moraes, Lu\u00eds Roberto Barroso, Luiz Fux e a presidente, C\u00e1rmen L\u00facia, se manifestaram contra.<\/p>\n<p>Durante o julgamento, Barroso entendeu que n\u00e3o poderia ser atendido o pedido. \u201cConsidero irrelevante o fato de se tratar de um ex-presidente da Rep\u00fablica. Acho que ele tem que ser tratado como qualquer brasileiro, h\u00e1 uma jurisprud\u00eancia em vigor e n\u00e3o vejo nenhuma raz\u00e3o para concess\u00e3o de liminar\u201d, disse Barroso.<\/p>\n<p>O ministro Gilmar Mendes acompanhou a diverg\u00eancia. \u201c\u00c9 dif\u00edcil me imputar simpatia pelo PT, como todo mundo sabe. Cito Ruy Barbosa: \u2018Se a lei cessa de proteger os nossos advers\u00e1rios, cessa virtualmente de nos proteger\u201d, argumentou.<\/p>\n<p><strong>TRF4<\/strong><\/p>\n<p>Essa decis\u00e3o do Supremo n\u00e3o impede o julgamento do \u00faltimo recurso de Lula no Tribunal Regional Federal da 4\u00aa Regi\u00e3o (TRF4), previsto para a pr\u00f3xima segunda-feira (26). \u00c9 o \u00faltimo recurso de Lula contra a condena\u00e7\u00e3o a 12 anos e um m\u00eas de pris\u00e3o na a\u00e7\u00e3o penal do triplex do Guaruj\u00e1 (SP), no \u00e2mbito da Opera\u00e7\u00e3o Lava Jato.<\/p>\n<p>Ap\u00f3s a an\u00e1lise do \u00faltimo recurso, a pris\u00e3o dele pode ser determinada com base na decis\u00e3o do STF que autorizou, em 2016, a deten\u00e7\u00e3o de condenados pela segunda inst\u00e2ncia da Justi\u00e7a.<\/p>\n<p><em><strong>Cariri em Destaque\u00a0<\/strong><\/em><\/p>\n<p>Com EBC<\/p>\n<p>&nbsp;<\/p>\n","protected":false},"excerpt":{"rendered":"<p>A maioria dos ministros\u00a0 do Supremo Tribunal Federal (STF) decidiu h\u00e1 pouco conceder\u00a0uma liminar\u00a0ao ex-presidente Luiz In\u00e1cio Lula da Silva que impede a pris\u00e3o dele at\u00e9 o julgamento do m\u00e9rito do habeas corpus preventivo apresentado pelo ex-presidente \u00e0 Corte. A decis\u00e3o vale at\u00e9 o dia 4 de abril, quando a Corte deve voltar a julgar o habeas corpus apresentado por Lula. A conclus\u00e3o do julgamento foi adiada porque os ministros julgaram uma preliminar da a\u00e7\u00e3o, fato que tomou todo o tempo da sess\u00e3o. A decis\u00e3o que concedeu a liminar ao ex-presidente foi tomada porque os ministros entenderam que, por n\u00e3o poderem concluir o julgamento nesta quinta-feira, Lula sairia prejudicado com a situa\u00e7\u00e3o. O pedido liminar foi solicitado pela defesa do ex-presidente diante do adiamento do julgamento. Votaram a favor da liminar Rosa Weber, Dias Toffoli, Ricardo Lewandowski, Gilmar Mendes, Marco Aur\u00e9lio e Celso de Mello. Os ministros Edson Fachin (relator), Alexandre de Moraes, Lu\u00eds Roberto Barroso, Luiz Fux e a presidente, C\u00e1rmen L\u00facia, se manifestaram contra. Durante o julgamento, Barroso entendeu que n\u00e3o poderia ser atendido o pedido. \u201cConsidero irrelevante o fato de se tratar de um ex-presidente da Rep\u00fablica. Acho que ele tem que ser tratado como qualquer brasileiro, h\u00e1 uma jurisprud\u00eancia em vigor e n\u00e3o vejo nenhuma raz\u00e3o para concess\u00e3o de liminar\u201d, disse Barroso. O ministro Gilmar Mendes acompanhou a diverg\u00eancia. \u201c\u00c9 dif\u00edcil me imputar simpatia pelo PT, como todo mundo sabe. Cito Ruy Barbosa: \u2018Se a lei cessa de proteger os nossos advers\u00e1rios, cessa virtualmente de nos proteger\u201d, argumentou. TRF4 Essa decis\u00e3o do Supremo n\u00e3o impede o julgamento do \u00faltimo recurso de Lula no Tribunal Regional Federal da 4\u00aa Regi\u00e3o (TRF4), previsto para a pr\u00f3xima segunda-feira (26). \u00c9 o \u00faltimo recurso de Lula contra a condena\u00e7\u00e3o a 12 anos e um m\u00eas de pris\u00e3o na a\u00e7\u00e3o penal do triplex do Guaruj\u00e1 (SP), no \u00e2mbito da Opera\u00e7\u00e3o Lava Jato. Ap\u00f3s a an\u00e1lise do \u00faltimo recurso, a pris\u00e3o dele pode ser determinada com base na decis\u00e3o do STF que autorizou, em 2016, a deten\u00e7\u00e3o de condenados pela segunda inst\u00e2ncia da Justi\u00e7a. Cariri em Destaque\u00a0 Com EBC &nbsp;<\/p>\n","protected":false},"author":2,"featured_media":1685,"comment_status":"closed","ping_status":"open","sticky":false,"template":"","format":"standard","meta":{"_eb_attr":"","_jetpack_memberships_contains_paid_content":false,"footnotes":""},"categories":[4],"tags":[],"class_list":["post-8712","post","type-post","status-publish","format-standard","has-post-thumbnail","hentry","category-politica"],"yoast_head":"<!-- This site is optimized with the Yoast SEO plugin v26.5 - https:\/\/yoast.com\/wordpress\/plugins\/seo\/ -->\n<title>STF decide que Lula n\u00e3o pode ser preso at\u00e9 julgamento de habeas corpus - Not&iacute;cias em Destaque<\/title>\n<meta name=\"robots\" content=\"index, follow, max-snippet:-1, max-image-preview:large, max-video-preview:-1\" \/>\n<link rel=\"canonical\" href=\"https:\/\/noticiasemdestaque.com\/cd\/?p=8712\" \/>\n<meta property=\"og:locale\" content=\"pt_BR\" \/>\n<meta property=\"og:type\" content=\"article\" \/>\n<meta property=\"og:title\" content=\"STF decide que Lula n\u00e3o pode ser preso at\u00e9 julgamento de habeas corpus - Not&iacute;cias em Destaque\" \/>\n<meta property=\"og:description\" content=\"A maioria dos ministros\u00a0 do Supremo Tribunal Federal (STF) decidiu h\u00e1 pouco conceder\u00a0uma liminar\u00a0ao ex-presidente Luiz In\u00e1cio Lula da Silva que impede a pris\u00e3o dele at\u00e9 o julgamento do m\u00e9rito do habeas corpus preventivo apresentado pelo ex-presidente \u00e0 Corte. A decis\u00e3o vale at\u00e9 o dia 4 de abril, quando a Corte deve voltar a julgar o habeas corpus apresentado por Lula. A conclus\u00e3o do julgamento foi adiada porque os ministros julgaram uma preliminar da a\u00e7\u00e3o, fato que tomou todo o tempo da sess\u00e3o. A decis\u00e3o que concedeu a liminar ao ex-presidente foi tomada porque os ministros entenderam que, por n\u00e3o poderem concluir o julgamento nesta quinta-feira, Lula sairia prejudicado com a situa\u00e7\u00e3o. O pedido liminar foi solicitado pela defesa do ex-presidente diante do adiamento do julgamento. Votaram a favor da liminar Rosa Weber, Dias Toffoli, Ricardo Lewandowski, Gilmar Mendes, Marco Aur\u00e9lio e Celso de Mello. Os ministros Edson Fachin (relator), Alexandre de Moraes, Lu\u00eds Roberto Barroso, Luiz Fux e a presidente, C\u00e1rmen L\u00facia, se manifestaram contra. Durante o julgamento, Barroso entendeu que n\u00e3o poderia ser atendido o pedido. \u201cConsidero irrelevante o fato de se tratar de um ex-presidente da Rep\u00fablica. Acho que ele tem que ser tratado como qualquer brasileiro, h\u00e1 uma jurisprud\u00eancia em vigor e n\u00e3o vejo nenhuma raz\u00e3o para concess\u00e3o de liminar\u201d, disse Barroso. O ministro Gilmar Mendes acompanhou a diverg\u00eancia. \u201c\u00c9 dif\u00edcil me imputar simpatia pelo PT, como todo mundo sabe. Cito Ruy Barbosa: \u2018Se a lei cessa de proteger os nossos advers\u00e1rios, cessa virtualmente de nos proteger\u201d, argumentou. TRF4 Essa decis\u00e3o do Supremo n\u00e3o impede o julgamento do \u00faltimo recurso de Lula no Tribunal Regional Federal da 4\u00aa Regi\u00e3o (TRF4), previsto para a pr\u00f3xima segunda-feira (26). \u00c9 o \u00faltimo recurso de Lula contra a condena\u00e7\u00e3o a 12 anos e um m\u00eas de pris\u00e3o na a\u00e7\u00e3o penal do triplex do Guaruj\u00e1 (SP), no \u00e2mbito da Opera\u00e7\u00e3o Lava Jato. Ap\u00f3s a an\u00e1lise do \u00faltimo recurso, a pris\u00e3o dele pode ser determinada com base na decis\u00e3o do STF que autorizou, em 2016, a deten\u00e7\u00e3o de condenados pela segunda inst\u00e2ncia da Justi\u00e7a. Cariri em Destaque\u00a0 Com EBC &nbsp;\" \/>\n<meta property=\"og:url\" content=\"https:\/\/noticiasemdestaque.com\/cd\/?p=8712\" \/>\n<meta property=\"og:site_name\" content=\"Not&iacute;cias em Destaque\" \/>\n<meta property=\"article:published_time\" content=\"2018-03-23T09:53:26+00:00\" \/>\n<meta property=\"og:image\" content=\"https:\/\/noticiasemdestaque.com\/cd\/wp-content\/uploads\/2017\/07\/lula-e-o-povo.jpg\" \/>\n\t<meta property=\"og:image:width\" content=\"640\" \/>\n\t<meta property=\"og:image:height\" content=\"427\" \/>\n\t<meta property=\"og:image:type\" content=\"image\/jpeg\" \/>\n<meta name=\"author\" content=\"Not\u00edcias em Destaque\" \/>\n<meta name=\"twitter:card\" content=\"summary_large_image\" \/>\n<meta name=\"twitter:label1\" content=\"Escrito por\" \/>\n\t<meta name=\"twitter:data1\" content=\"Not\u00edcias em Destaque\" \/>\n\t<meta name=\"twitter:label2\" content=\"Est. tempo de leitura\" \/>\n\t<meta name=\"twitter:data2\" content=\"2 minutos\" \/>\n<script type=\"application\/ld+json\" class=\"yoast-schema-graph\">{\"@context\":\"https:\/\/schema.org\",\"@graph\":[{\"@type\":\"Article\",\"@id\":\"https:\/\/noticiasemdestaque.com\/cd\/?p=8712#article\",\"isPartOf\":{\"@id\":\"https:\/\/noticiasemdestaque.com\/cd\/?p=8712\"},\"author\":{\"name\":\"Not\u00edcias em Destaque\",\"@id\":\"https:\/\/noticiasemdestaque.com\/cd\/#\/schema\/person\/6ae9188aebb8de746b8e0d472d029646\"},\"headline\":\"STF decide que Lula n\u00e3o pode ser preso at\u00e9 julgamento de habeas corpus\",\"datePublished\":\"2018-03-23T09:53:26+00:00\",\"mainEntityOfPage\":{\"@id\":\"https:\/\/noticiasemdestaque.com\/cd\/?p=8712\"},\"wordCount\":395,\"publisher\":{\"@id\":\"https:\/\/noticiasemdestaque.com\/cd\/#organization\"},\"image\":{\"@id\":\"https:\/\/noticiasemdestaque.com\/cd\/?p=8712#primaryimage\"},\"thumbnailUrl\":\"https:\/\/noticiasemdestaque.com\/cd\/wp-content\/uploads\/2017\/07\/lula-e-o-povo.jpg\",\"articleSection\":[\"Pol\u00edtica\"],\"inLanguage\":\"pt-BR\"},{\"@type\":\"WebPage\",\"@id\":\"https:\/\/noticiasemdestaque.com\/cd\/?p=8712\",\"url\":\"https:\/\/noticiasemdestaque.com\/cd\/?p=8712\",\"name\":\"STF decide que Lula n\u00e3o pode ser preso at\u00e9 julgamento de habeas corpus - Not&iacute;cias em Destaque\",\"isPartOf\":{\"@id\":\"https:\/\/noticiasemdestaque.com\/cd\/#website\"},\"primaryImageOfPage\":{\"@id\":\"https:\/\/noticiasemdestaque.com\/cd\/?p=8712#primaryimage\"},\"image\":{\"@id\":\"https:\/\/noticiasemdestaque.com\/cd\/?p=8712#primaryimage\"},\"thumbnailUrl\":\"https:\/\/noticiasemdestaque.com\/cd\/wp-content\/uploads\/2017\/07\/lula-e-o-povo.jpg\",\"datePublished\":\"2018-03-23T09:53:26+00:00\",\"breadcrumb\":{\"@id\":\"https:\/\/noticiasemdestaque.com\/cd\/?p=8712#breadcrumb\"},\"inLanguage\":\"pt-BR\",\"potentialAction\":[{\"@type\":\"ReadAction\",\"target\":[\"https:\/\/noticiasemdestaque.com\/cd\/?p=8712\"]}]},{\"@type\":\"ImageObject\",\"inLanguage\":\"pt-BR\",\"@id\":\"https:\/\/noticiasemdestaque.com\/cd\/?p=8712#primaryimage\",\"url\":\"https:\/\/noticiasemdestaque.com\/cd\/wp-content\/uploads\/2017\/07\/lula-e-o-povo.jpg\",\"contentUrl\":\"https:\/\/noticiasemdestaque.com\/cd\/wp-content\/uploads\/2017\/07\/lula-e-o-povo.jpg\",\"width\":640,\"height\":427},{\"@type\":\"BreadcrumbList\",\"@id\":\"https:\/\/noticiasemdestaque.com\/cd\/?p=8712#breadcrumb\",\"itemListElement\":[{\"@type\":\"ListItem\",\"position\":1,\"name\":\"In\u00edcio\",\"item\":\"https:\/\/noticiasemdestaque.com\/cd\/\"},{\"@type\":\"ListItem\",\"position\":2,\"name\":\"STF decide que Lula n\u00e3o pode ser preso at\u00e9 julgamento de habeas corpus\"}]},{\"@type\":\"WebSite\",\"@id\":\"https:\/\/noticiasemdestaque.com\/cd\/#website\",\"url\":\"https:\/\/noticiasemdestaque.com\/cd\/\",\"name\":\"Not&iacute;cias em Destaque\",\"description\":\"\",\"publisher\":{\"@id\":\"https:\/\/noticiasemdestaque.com\/cd\/#organization\"},\"potentialAction\":[{\"@type\":\"SearchAction\",\"target\":{\"@type\":\"EntryPoint\",\"urlTemplate\":\"https:\/\/noticiasemdestaque.com\/cd\/?s={search_term_string}\"},\"query-input\":{\"@type\":\"PropertyValueSpecification\",\"valueRequired\":true,\"valueName\":\"search_term_string\"}}],\"inLanguage\":\"pt-BR\"},{\"@type\":\"Organization\",\"@id\":\"https:\/\/noticiasemdestaque.com\/cd\/#organization\",\"name\":\"Not\u00edcias em Destaque\",\"url\":\"https:\/\/noticiasemdestaque.com\/cd\/\",\"logo\":{\"@type\":\"ImageObject\",\"inLanguage\":\"pt-BR\",\"@id\":\"https:\/\/noticiasemdestaque.com\/cd\/#\/schema\/logo\/image\/\",\"url\":\"https:\/\/noticiasemdestaque.com\/cd\/wp-content\/uploads\/2022\/05\/imagem-base-noticiasemdestaque.png\",\"contentUrl\":\"https:\/\/noticiasemdestaque.com\/cd\/wp-content\/uploads\/2022\/05\/imagem-base-noticiasemdestaque.png\",\"width\":1200,\"height\":630,\"caption\":\"Not\u00edcias em Destaque\"},\"image\":{\"@id\":\"https:\/\/noticiasemdestaque.com\/cd\/#\/schema\/logo\/image\/\"}},{\"@type\":\"Person\",\"@id\":\"https:\/\/noticiasemdestaque.com\/cd\/#\/schema\/person\/6ae9188aebb8de746b8e0d472d029646\",\"name\":\"Not\u00edcias em Destaque\",\"url\":\"https:\/\/noticiasemdestaque.com\/cd\/?author=2\"}]}<\/script>\n<!-- \/ Yoast SEO plugin. -->","yoast_head_json":{"title":"STF decide que Lula n\u00e3o pode ser preso at\u00e9 julgamento de habeas corpus - Not&iacute;cias em Destaque","robots":{"index":"index","follow":"follow","max-snippet":"max-snippet:-1","max-image-preview":"max-image-preview:large","max-video-preview":"max-video-preview:-1"},"canonical":"https:\/\/noticiasemdestaque.com\/cd\/?p=8712","og_locale":"pt_BR","og_type":"article","og_title":"STF decide que Lula n\u00e3o pode ser preso at\u00e9 julgamento de habeas corpus - Not&iacute;cias em Destaque","og_description":"A maioria dos ministros\u00a0 do Supremo Tribunal Federal (STF) decidiu h\u00e1 pouco conceder\u00a0uma liminar\u00a0ao ex-presidente Luiz In\u00e1cio Lula da Silva que impede a pris\u00e3o dele at\u00e9 o julgamento do m\u00e9rito do habeas corpus preventivo apresentado pelo ex-presidente \u00e0 Corte. A decis\u00e3o vale at\u00e9 o dia 4 de abril, quando a Corte deve voltar a julgar o habeas corpus apresentado por Lula. A conclus\u00e3o do julgamento foi adiada porque os ministros julgaram uma preliminar da a\u00e7\u00e3o, fato que tomou todo o tempo da sess\u00e3o. A decis\u00e3o que concedeu a liminar ao ex-presidente foi tomada porque os ministros entenderam que, por n\u00e3o poderem concluir o julgamento nesta quinta-feira, Lula sairia prejudicado com a situa\u00e7\u00e3o. O pedido liminar foi solicitado pela defesa do ex-presidente diante do adiamento do julgamento. Votaram a favor da liminar Rosa Weber, Dias Toffoli, Ricardo Lewandowski, Gilmar Mendes, Marco Aur\u00e9lio e Celso de Mello. Os ministros Edson Fachin (relator), Alexandre de Moraes, Lu\u00eds Roberto Barroso, Luiz Fux e a presidente, C\u00e1rmen L\u00facia, se manifestaram contra. Durante o julgamento, Barroso entendeu que n\u00e3o poderia ser atendido o pedido. \u201cConsidero irrelevante o fato de se tratar de um ex-presidente da Rep\u00fablica. Acho que ele tem que ser tratado como qualquer brasileiro, h\u00e1 uma jurisprud\u00eancia em vigor e n\u00e3o vejo nenhuma raz\u00e3o para concess\u00e3o de liminar\u201d, disse Barroso. O ministro Gilmar Mendes acompanhou a diverg\u00eancia. \u201c\u00c9 dif\u00edcil me imputar simpatia pelo PT, como todo mundo sabe. Cito Ruy Barbosa: \u2018Se a lei cessa de proteger os nossos advers\u00e1rios, cessa virtualmente de nos proteger\u201d, argumentou. TRF4 Essa decis\u00e3o do Supremo n\u00e3o impede o julgamento do \u00faltimo recurso de Lula no Tribunal Regional Federal da 4\u00aa Regi\u00e3o (TRF4), previsto para a pr\u00f3xima segunda-feira (26). \u00c9 o \u00faltimo recurso de Lula contra a condena\u00e7\u00e3o a 12 anos e um m\u00eas de pris\u00e3o na a\u00e7\u00e3o penal do triplex do Guaruj\u00e1 (SP), no \u00e2mbito da Opera\u00e7\u00e3o Lava Jato. Ap\u00f3s a an\u00e1lise do \u00faltimo recurso, a pris\u00e3o dele pode ser determinada com base na decis\u00e3o do STF que autorizou, em 2016, a deten\u00e7\u00e3o de condenados pela segunda inst\u00e2ncia da Justi\u00e7a. Cariri em Destaque\u00a0 Com EBC &nbsp;","og_url":"https:\/\/noticiasemdestaque.com\/cd\/?p=8712","og_site_name":"Not&iacute;cias em Destaque","article_published_time":"2018-03-23T09:53:26+00:00","og_image":[{"width":640,"height":427,"url":"https:\/\/noticiasemdestaque.com\/cd\/wp-content\/uploads\/2017\/07\/lula-e-o-povo.jpg","type":"image\/jpeg"}],"author":"Not\u00edcias em Destaque","twitter_card":"summary_large_image","twitter_misc":{"Escrito por":"Not\u00edcias em Destaque","Est. tempo de leitura":"2 minutos"},"schema":{"@context":"https:\/\/schema.org","@graph":[{"@type":"Article","@id":"https:\/\/noticiasemdestaque.com\/cd\/?p=8712#article","isPartOf":{"@id":"https:\/\/noticiasemdestaque.com\/cd\/?p=8712"},"author":{"name":"Not\u00edcias em Destaque","@id":"https:\/\/noticiasemdestaque.com\/cd\/#\/schema\/person\/6ae9188aebb8de746b8e0d472d029646"},"headline":"STF decide que Lula n\u00e3o pode ser preso at\u00e9 julgamento de habeas corpus","datePublished":"2018-03-23T09:53:26+00:00","mainEntityOfPage":{"@id":"https:\/\/noticiasemdestaque.com\/cd\/?p=8712"},"wordCount":395,"publisher":{"@id":"https:\/\/noticiasemdestaque.com\/cd\/#organization"},"image":{"@id":"https:\/\/noticiasemdestaque.com\/cd\/?p=8712#primaryimage"},"thumbnailUrl":"https:\/\/noticiasemdestaque.com\/cd\/wp-content\/uploads\/2017\/07\/lula-e-o-povo.jpg","articleSection":["Pol\u00edtica"],"inLanguage":"pt-BR"},{"@type":"WebPage","@id":"https:\/\/noticiasemdestaque.com\/cd\/?p=8712","url":"https:\/\/noticiasemdestaque.com\/cd\/?p=8712","name":"STF decide que Lula n\u00e3o pode ser preso at\u00e9 julgamento de habeas corpus - Not&iacute;cias em Destaque","isPartOf":{"@id":"https:\/\/noticiasemdestaque.com\/cd\/#website"},"primaryImageOfPage":{"@id":"https:\/\/noticiasemdestaque.com\/cd\/?p=8712#primaryimage"},"image":{"@id":"https:\/\/noticiasemdestaque.com\/cd\/?p=8712#primaryimage"},"thumbnailUrl":"https:\/\/noticiasemdestaque.com\/cd\/wp-content\/uploads\/2017\/07\/lula-e-o-povo.jpg","datePublished":"2018-03-23T09:53:26+00:00","breadcrumb":{"@id":"https:\/\/noticiasemdestaque.com\/cd\/?p=8712#breadcrumb"},"inLanguage":"pt-BR","potentialAction":[{"@type":"ReadAction","target":["https:\/\/noticiasemdestaque.com\/cd\/?p=8712"]}]},{"@type":"ImageObject","inLanguage":"pt-BR","@id":"https:\/\/noticiasemdestaque.com\/cd\/?p=8712#primaryimage","url":"https:\/\/noticiasemdestaque.com\/cd\/wp-content\/uploads\/2017\/07\/lula-e-o-povo.jpg","contentUrl":"https:\/\/noticiasemdestaque.com\/cd\/wp-content\/uploads\/2017\/07\/lula-e-o-povo.jpg","width":640,"height":427},{"@type":"BreadcrumbList","@id":"https:\/\/noticiasemdestaque.com\/cd\/?p=8712#breadcrumb","itemListElement":[{"@type":"ListItem","position":1,"name":"In\u00edcio","item":"https:\/\/noticiasemdestaque.com\/cd\/"},{"@type":"ListItem","position":2,"name":"STF decide que Lula n\u00e3o pode ser preso at\u00e9 julgamento de habeas corpus"}]},{"@type":"WebSite","@id":"https:\/\/noticiasemdestaque.com\/cd\/#website","url":"https:\/\/noticiasemdestaque.com\/cd\/","name":"Not&iacute;cias em Destaque","description":"","publisher":{"@id":"https:\/\/noticiasemdestaque.com\/cd\/#organization"},"potentialAction":[{"@type":"SearchAction","target":{"@type":"EntryPoint","urlTemplate":"https:\/\/noticiasemdestaque.com\/cd\/?s={search_term_string}"},"query-input":{"@type":"PropertyValueSpecification","valueRequired":true,"valueName":"search_term_string"}}],"inLanguage":"pt-BR"},{"@type":"Organization","@id":"https:\/\/noticiasemdestaque.com\/cd\/#organization","name":"Not\u00edcias em Destaque","url":"https:\/\/noticiasemdestaque.com\/cd\/","logo":{"@type":"ImageObject","inLanguage":"pt-BR","@id":"https:\/\/noticiasemdestaque.com\/cd\/#\/schema\/logo\/image\/","url":"https:\/\/noticiasemdestaque.com\/cd\/wp-content\/uploads\/2022\/05\/imagem-base-noticiasemdestaque.png","contentUrl":"https:\/\/noticiasemdestaque.com\/cd\/wp-content\/uploads\/2022\/05\/imagem-base-noticiasemdestaque.png","width":1200,"height":630,"caption":"Not\u00edcias em Destaque"},"image":{"@id":"https:\/\/noticiasemdestaque.com\/cd\/#\/schema\/logo\/image\/"}},{"@type":"Person","@id":"https:\/\/noticiasemdestaque.com\/cd\/#\/schema\/person\/6ae9188aebb8de746b8e0d472d029646","name":"Not\u00edcias em Destaque","url":"https:\/\/noticiasemdestaque.com\/cd\/?author=2"}]}},"jetpack_featured_media_url":"https:\/\/noticiasemdestaque.com\/cd\/wp-content\/uploads\/2017\/07\/lula-e-o-povo.jpg","jetpack_sharing_enabled":true,"_links":{"self":[{"href":"https:\/\/noticiasemdestaque.com\/cd\/index.php?rest_route=\/wp\/v2\/posts\/8712","targetHints":{"allow":["GET"]}}],"collection":[{"href":"https:\/\/noticiasemdestaque.com\/cd\/index.php?rest_route=\/wp\/v2\/posts"}],"about":[{"href":"https:\/\/noticiasemdestaque.com\/cd\/index.php?rest_route=\/wp\/v2\/types\/post"}],"author":[{"embeddable":true,"href":"https:\/\/noticiasemdestaque.com\/cd\/index.php?rest_route=\/wp\/v2\/users\/2"}],"replies":[{"embeddable":true,"href":"https:\/\/noticiasemdestaque.com\/cd\/index.php?rest_route=%2Fwp%2Fv2%2Fcomments&post=8712"}],"version-history":[{"count":1,"href":"https:\/\/noticiasemdestaque.com\/cd\/index.php?rest_route=\/wp\/v2\/posts\/8712\/revisions"}],"predecessor-version":[{"id":8714,"href":"https:\/\/noticiasemdestaque.com\/cd\/index.php?rest_route=\/wp\/v2\/posts\/8712\/revisions\/8714"}],"wp:featuredmedia":[{"embeddable":true,"href":"https:\/\/noticiasemdestaque.com\/cd\/index.php?rest_route=\/wp\/v2\/media\/1685"}],"wp:attachment":[{"href":"https:\/\/noticiasemdestaque.com\/cd\/index.php?rest_route=%2Fwp%2Fv2%2Fmedia&parent=8712"}],"wp:term":[{"taxonomy":"category","embeddable":true,"href":"https:\/\/noticiasemdestaque.com\/cd\/index.php?rest_route=%2Fwp%2Fv2%2Fcategories&post=8712"},{"taxonomy":"post_tag","embeddable":true,"href":"https:\/\/noticiasemdestaque.com\/cd\/index.php?rest_route=%2Fwp%2Fv2%2Ftags&post=8712"}],"curies":[{"name":"wp","href":"https:\/\/api.w.org\/{rel}","templated":true}]}}