{"id":8433,"date":"2018-03-09T06:53:53","date_gmt":"2018-03-09T09:53:53","guid":{"rendered":"http:\/\/caririemdestaque.com\/cd\/?p=8433"},"modified":"2018-03-09T06:53:53","modified_gmt":"2018-03-09T09:53:53","slug":"novas-eleicoes-podem-ser-convocadas-apos-cassacao-diz-stf","status":"publish","type":"post","link":"https:\/\/noticiasemdestaque.com\/cd\/?p=8433","title":{"rendered":"Novas elei\u00e7\u00f5es podem ser convocadas ap\u00f3s cassa\u00e7\u00e3o, diz STF"},"content":{"rendered":"<p><img fetchpriority=\"high\" decoding=\"async\" class=\"size-medium wp-image-4376 alignleft\" src=\"http:\/\/95fmsume.com.br\/95\/wp-content\/uploads\/2018\/03\/stf-300x200-300x200.jpg\" alt=\"\" width=\"300\" height=\"200\" \/>Por unanimidade, o Supremo Tribunal Federal (STF) decidiu\u00a0nesta quinta-feira (8) que novas elei\u00e7\u00f5es podem convocadas quando um pol\u00edtico eleito tiver o mandato cassado pelo Tribunal Superior Eleitoral (TSE). Ap\u00f3s dois dias de julgamento, a Corte entendeu que a regra da reforma eleitoral de 2015 que condicionou a perda do mandato ao tr\u00e2nsito em julgado do processo \u00e9 inconstitucional.<\/p>\n<p>Votaram pela proced\u00eancia da a\u00e7\u00e3o da PGR os ministros Lu\u00eds Roberto Barroso (relator), Alexandre de Moraes, Edson Fachin, Rosa Weber, Luiz Fux, Ricardo Lewandowski, Celso de Mello, Marco Aur\u00e9lio e C\u00e1rmen L\u00facia.<\/p>\n<p>A norma foi questionada no Supremo pela Procuradoria-Geral da Rep\u00fablica (PGR). Caso a regra fosse mantida, permitiria o atraso do cumprimento da decis\u00e3o que determinou a cassa\u00e7\u00e3o do pol\u00edtico, que poderia permancer no cargo, at\u00e9 que eventual recurso contra decis\u00e3o fosse julgado pelo STF, \u00faltima inst\u00e2ncia da Justi\u00e7a.<\/p>\n<p>Fonte: Ag\u00eancia Brasil<\/p>\n","protected":false},"excerpt":{"rendered":"<p>Por unanimidade, o Supremo Tribunal Federal (STF) decidiu\u00a0nesta quinta-feira (8) que novas elei\u00e7\u00f5es podem convocadas quando um pol\u00edtico eleito tiver o mandato cassado pelo Tribunal Superior Eleitoral (TSE). Ap\u00f3s dois dias de julgamento, a Corte entendeu que a regra da reforma eleitoral de 2015 que condicionou a perda do mandato ao tr\u00e2nsito em julgado do processo \u00e9 inconstitucional. Votaram pela proced\u00eancia da a\u00e7\u00e3o da PGR os ministros Lu\u00eds Roberto Barroso (relator), Alexandre de Moraes, Edson Fachin, Rosa Weber, Luiz Fux, Ricardo Lewandowski, Celso de Mello, Marco Aur\u00e9lio e C\u00e1rmen L\u00facia. A norma foi questionada no Supremo pela Procuradoria-Geral da Rep\u00fablica (PGR). Caso a regra fosse mantida, permitiria o atraso do cumprimento da decis\u00e3o que determinou a cassa\u00e7\u00e3o do pol\u00edtico, que poderia permancer no cargo, at\u00e9 que eventual recurso contra decis\u00e3o fosse julgado pelo STF, \u00faltima inst\u00e2ncia da Justi\u00e7a. Fonte: Ag\u00eancia Brasil<\/p>\n","protected":false},"author":2,"featured_media":8434,"comment_status":"closed","ping_status":"open","sticky":false,"template":"","format":"standard","meta":{"_eb_attr":"","_jetpack_memberships_contains_paid_content":false,"footnotes":""},"categories":[4],"tags":[],"class_list":["post-8433","post","type-post","status-publish","format-standard","has-post-thumbnail","hentry","category-politica"],"yoast_head":"<!-- This site is optimized with the Yoast SEO plugin v26.5 - https:\/\/yoast.com\/wordpress\/plugins\/seo\/ -->\n<title>Novas elei\u00e7\u00f5es podem ser convocadas ap\u00f3s cassa\u00e7\u00e3o, diz STF - Not&iacute;cias em Destaque<\/title>\n<meta name=\"robots\" content=\"index, follow, max-snippet:-1, max-image-preview:large, max-video-preview:-1\" \/>\n<link rel=\"canonical\" href=\"https:\/\/noticiasemdestaque.com\/cd\/?p=8433\" \/>\n<meta property=\"og:locale\" content=\"pt_BR\" \/>\n<meta property=\"og:type\" content=\"article\" \/>\n<meta property=\"og:title\" content=\"Novas elei\u00e7\u00f5es podem ser convocadas ap\u00f3s cassa\u00e7\u00e3o, diz STF - Not&iacute;cias em Destaque\" \/>\n<meta property=\"og:description\" content=\"Por unanimidade, o Supremo Tribunal Federal (STF) decidiu\u00a0nesta quinta-feira (8) que novas elei\u00e7\u00f5es podem convocadas quando um pol\u00edtico eleito tiver o mandato cassado pelo Tribunal Superior Eleitoral (TSE). Ap\u00f3s dois dias de julgamento, a Corte entendeu que a regra da reforma eleitoral de 2015 que condicionou a perda do mandato ao tr\u00e2nsito em julgado do processo \u00e9 inconstitucional. Votaram pela proced\u00eancia da a\u00e7\u00e3o da PGR os ministros Lu\u00eds Roberto Barroso (relator), Alexandre de Moraes, Edson Fachin, Rosa Weber, Luiz Fux, Ricardo Lewandowski, Celso de Mello, Marco Aur\u00e9lio e C\u00e1rmen L\u00facia. A norma foi questionada no Supremo pela Procuradoria-Geral da Rep\u00fablica (PGR). Caso a regra fosse mantida, permitiria o atraso do cumprimento da decis\u00e3o que determinou a cassa\u00e7\u00e3o do pol\u00edtico, que poderia permancer no cargo, at\u00e9 que eventual recurso contra decis\u00e3o fosse julgado pelo STF, \u00faltima inst\u00e2ncia da Justi\u00e7a. Fonte: Ag\u00eancia Brasil\" \/>\n<meta property=\"og:url\" content=\"https:\/\/noticiasemdestaque.com\/cd\/?p=8433\" \/>\n<meta property=\"og:site_name\" content=\"Not&iacute;cias em Destaque\" \/>\n<meta property=\"article:published_time\" content=\"2018-03-09T09:53:53+00:00\" \/>\n<meta property=\"og:image\" content=\"https:\/\/noticiasemdestaque.com\/cd\/wp-content\/uploads\/2018\/03\/stf-300x200.jpg\" \/>\n\t<meta property=\"og:image:width\" content=\"300\" \/>\n\t<meta property=\"og:image:height\" content=\"200\" \/>\n\t<meta property=\"og:image:type\" content=\"image\/jpeg\" \/>\n<meta name=\"author\" content=\"Not\u00edcias em Destaque\" \/>\n<meta name=\"twitter:card\" content=\"summary_large_image\" \/>\n<meta name=\"twitter:label1\" content=\"Escrito por\" \/>\n\t<meta name=\"twitter:data1\" content=\"Not\u00edcias em Destaque\" \/>\n\t<meta name=\"twitter:label2\" content=\"Est. tempo de leitura\" \/>\n\t<meta name=\"twitter:data2\" content=\"1 minuto\" \/>\n<script type=\"application\/ld+json\" class=\"yoast-schema-graph\">{\"@context\":\"https:\/\/schema.org\",\"@graph\":[{\"@type\":\"Article\",\"@id\":\"https:\/\/noticiasemdestaque.com\/cd\/?p=8433#article\",\"isPartOf\":{\"@id\":\"https:\/\/noticiasemdestaque.com\/cd\/?p=8433\"},\"author\":{\"name\":\"Not\u00edcias em Destaque\",\"@id\":\"https:\/\/noticiasemdestaque.com\/cd\/#\/schema\/person\/21320b03a7e8bb90128938dafc9b908a\"},\"headline\":\"Novas elei\u00e7\u00f5es podem ser convocadas ap\u00f3s cassa\u00e7\u00e3o, diz STF\",\"datePublished\":\"2018-03-09T09:53:53+00:00\",\"mainEntityOfPage\":{\"@id\":\"https:\/\/noticiasemdestaque.com\/cd\/?p=8433\"},\"wordCount\":169,\"publisher\":{\"@id\":\"https:\/\/noticiasemdestaque.com\/cd\/#organization\"},\"image\":{\"@id\":\"https:\/\/noticiasemdestaque.com\/cd\/?p=8433#primaryimage\"},\"thumbnailUrl\":\"https:\/\/noticiasemdestaque.com\/cd\/wp-content\/uploads\/2018\/03\/stf-300x200.jpg\",\"articleSection\":[\"Pol\u00edtica\"],\"inLanguage\":\"pt-BR\"},{\"@type\":\"WebPage\",\"@id\":\"https:\/\/noticiasemdestaque.com\/cd\/?p=8433\",\"url\":\"https:\/\/noticiasemdestaque.com\/cd\/?p=8433\",\"name\":\"Novas elei\u00e7\u00f5es podem ser convocadas ap\u00f3s cassa\u00e7\u00e3o, diz STF - Not&iacute;cias em Destaque\",\"isPartOf\":{\"@id\":\"https:\/\/noticiasemdestaque.com\/cd\/#website\"},\"primaryImageOfPage\":{\"@id\":\"https:\/\/noticiasemdestaque.com\/cd\/?p=8433#primaryimage\"},\"image\":{\"@id\":\"https:\/\/noticiasemdestaque.com\/cd\/?p=8433#primaryimage\"},\"thumbnailUrl\":\"https:\/\/noticiasemdestaque.com\/cd\/wp-content\/uploads\/2018\/03\/stf-300x200.jpg\",\"datePublished\":\"2018-03-09T09:53:53+00:00\",\"breadcrumb\":{\"@id\":\"https:\/\/noticiasemdestaque.com\/cd\/?p=8433#breadcrumb\"},\"inLanguage\":\"pt-BR\",\"potentialAction\":[{\"@type\":\"ReadAction\",\"target\":[\"https:\/\/noticiasemdestaque.com\/cd\/?p=8433\"]}]},{\"@type\":\"ImageObject\",\"inLanguage\":\"pt-BR\",\"@id\":\"https:\/\/noticiasemdestaque.com\/cd\/?p=8433#primaryimage\",\"url\":\"https:\/\/noticiasemdestaque.com\/cd\/wp-content\/uploads\/2018\/03\/stf-300x200.jpg\",\"contentUrl\":\"https:\/\/noticiasemdestaque.com\/cd\/wp-content\/uploads\/2018\/03\/stf-300x200.jpg\",\"width\":300,\"height\":200},{\"@type\":\"BreadcrumbList\",\"@id\":\"https:\/\/noticiasemdestaque.com\/cd\/?p=8433#breadcrumb\",\"itemListElement\":[{\"@type\":\"ListItem\",\"position\":1,\"name\":\"In\u00edcio\",\"item\":\"https:\/\/noticiasemdestaque.com\/cd\/\"},{\"@type\":\"ListItem\",\"position\":2,\"name\":\"Novas elei\u00e7\u00f5es podem ser convocadas ap\u00f3s cassa\u00e7\u00e3o, diz STF\"}]},{\"@type\":\"WebSite\",\"@id\":\"https:\/\/noticiasemdestaque.com\/cd\/#website\",\"url\":\"https:\/\/noticiasemdestaque.com\/cd\/\",\"name\":\"Not&iacute;cias em Destaque\",\"description\":\"\",\"publisher\":{\"@id\":\"https:\/\/noticiasemdestaque.com\/cd\/#organization\"},\"potentialAction\":[{\"@type\":\"SearchAction\",\"target\":{\"@type\":\"EntryPoint\",\"urlTemplate\":\"https:\/\/noticiasemdestaque.com\/cd\/?s={search_term_string}\"},\"query-input\":{\"@type\":\"PropertyValueSpecification\",\"valueRequired\":true,\"valueName\":\"search_term_string\"}}],\"inLanguage\":\"pt-BR\"},{\"@type\":\"Organization\",\"@id\":\"https:\/\/noticiasemdestaque.com\/cd\/#organization\",\"name\":\"Not\u00edcias em Destaque\",\"url\":\"https:\/\/noticiasemdestaque.com\/cd\/\",\"logo\":{\"@type\":\"ImageObject\",\"inLanguage\":\"pt-BR\",\"@id\":\"https:\/\/noticiasemdestaque.com\/cd\/#\/schema\/logo\/image\/\",\"url\":\"https:\/\/noticiasemdestaque.com\/cd\/wp-content\/uploads\/2022\/05\/imagem-base-noticiasemdestaque.png\",\"contentUrl\":\"https:\/\/noticiasemdestaque.com\/cd\/wp-content\/uploads\/2022\/05\/imagem-base-noticiasemdestaque.png\",\"width\":1200,\"height\":630,\"caption\":\"Not\u00edcias em Destaque\"},\"image\":{\"@id\":\"https:\/\/noticiasemdestaque.com\/cd\/#\/schema\/logo\/image\/\"}},{\"@type\":\"Person\",\"@id\":\"https:\/\/noticiasemdestaque.com\/cd\/#\/schema\/person\/21320b03a7e8bb90128938dafc9b908a\",\"name\":\"Not\u00edcias em Destaque\",\"url\":\"https:\/\/noticiasemdestaque.com\/cd\/?author=2\"}]}<\/script>\n<!-- \/ Yoast SEO plugin. -->","yoast_head_json":{"title":"Novas elei\u00e7\u00f5es podem ser convocadas ap\u00f3s cassa\u00e7\u00e3o, diz STF - Not&iacute;cias em Destaque","robots":{"index":"index","follow":"follow","max-snippet":"max-snippet:-1","max-image-preview":"max-image-preview:large","max-video-preview":"max-video-preview:-1"},"canonical":"https:\/\/noticiasemdestaque.com\/cd\/?p=8433","og_locale":"pt_BR","og_type":"article","og_title":"Novas elei\u00e7\u00f5es podem ser convocadas ap\u00f3s cassa\u00e7\u00e3o, diz STF - Not&iacute;cias em Destaque","og_description":"Por unanimidade, o Supremo Tribunal Federal (STF) decidiu\u00a0nesta quinta-feira (8) que novas elei\u00e7\u00f5es podem convocadas quando um pol\u00edtico eleito tiver o mandato cassado pelo Tribunal Superior Eleitoral (TSE). Ap\u00f3s dois dias de julgamento, a Corte entendeu que a regra da reforma eleitoral de 2015 que condicionou a perda do mandato ao tr\u00e2nsito em julgado do processo \u00e9 inconstitucional. Votaram pela proced\u00eancia da a\u00e7\u00e3o da PGR os ministros Lu\u00eds Roberto Barroso (relator), Alexandre de Moraes, Edson Fachin, Rosa Weber, Luiz Fux, Ricardo Lewandowski, Celso de Mello, Marco Aur\u00e9lio e C\u00e1rmen L\u00facia. A norma foi questionada no Supremo pela Procuradoria-Geral da Rep\u00fablica (PGR). Caso a regra fosse mantida, permitiria o atraso do cumprimento da decis\u00e3o que determinou a cassa\u00e7\u00e3o do pol\u00edtico, que poderia permancer no cargo, at\u00e9 que eventual recurso contra decis\u00e3o fosse julgado pelo STF, \u00faltima inst\u00e2ncia da Justi\u00e7a. Fonte: Ag\u00eancia Brasil","og_url":"https:\/\/noticiasemdestaque.com\/cd\/?p=8433","og_site_name":"Not&iacute;cias em Destaque","article_published_time":"2018-03-09T09:53:53+00:00","og_image":[{"width":300,"height":200,"url":"https:\/\/noticiasemdestaque.com\/cd\/wp-content\/uploads\/2018\/03\/stf-300x200.jpg","type":"image\/jpeg"}],"author":"Not\u00edcias em Destaque","twitter_card":"summary_large_image","twitter_misc":{"Escrito por":"Not\u00edcias em Destaque","Est. tempo de leitura":"1 minuto"},"schema":{"@context":"https:\/\/schema.org","@graph":[{"@type":"Article","@id":"https:\/\/noticiasemdestaque.com\/cd\/?p=8433#article","isPartOf":{"@id":"https:\/\/noticiasemdestaque.com\/cd\/?p=8433"},"author":{"name":"Not\u00edcias em Destaque","@id":"https:\/\/noticiasemdestaque.com\/cd\/#\/schema\/person\/21320b03a7e8bb90128938dafc9b908a"},"headline":"Novas elei\u00e7\u00f5es podem ser convocadas ap\u00f3s cassa\u00e7\u00e3o, diz STF","datePublished":"2018-03-09T09:53:53+00:00","mainEntityOfPage":{"@id":"https:\/\/noticiasemdestaque.com\/cd\/?p=8433"},"wordCount":169,"publisher":{"@id":"https:\/\/noticiasemdestaque.com\/cd\/#organization"},"image":{"@id":"https:\/\/noticiasemdestaque.com\/cd\/?p=8433#primaryimage"},"thumbnailUrl":"https:\/\/noticiasemdestaque.com\/cd\/wp-content\/uploads\/2018\/03\/stf-300x200.jpg","articleSection":["Pol\u00edtica"],"inLanguage":"pt-BR"},{"@type":"WebPage","@id":"https:\/\/noticiasemdestaque.com\/cd\/?p=8433","url":"https:\/\/noticiasemdestaque.com\/cd\/?p=8433","name":"Novas elei\u00e7\u00f5es podem ser convocadas ap\u00f3s cassa\u00e7\u00e3o, diz STF - Not&iacute;cias em Destaque","isPartOf":{"@id":"https:\/\/noticiasemdestaque.com\/cd\/#website"},"primaryImageOfPage":{"@id":"https:\/\/noticiasemdestaque.com\/cd\/?p=8433#primaryimage"},"image":{"@id":"https:\/\/noticiasemdestaque.com\/cd\/?p=8433#primaryimage"},"thumbnailUrl":"https:\/\/noticiasemdestaque.com\/cd\/wp-content\/uploads\/2018\/03\/stf-300x200.jpg","datePublished":"2018-03-09T09:53:53+00:00","breadcrumb":{"@id":"https:\/\/noticiasemdestaque.com\/cd\/?p=8433#breadcrumb"},"inLanguage":"pt-BR","potentialAction":[{"@type":"ReadAction","target":["https:\/\/noticiasemdestaque.com\/cd\/?p=8433"]}]},{"@type":"ImageObject","inLanguage":"pt-BR","@id":"https:\/\/noticiasemdestaque.com\/cd\/?p=8433#primaryimage","url":"https:\/\/noticiasemdestaque.com\/cd\/wp-content\/uploads\/2018\/03\/stf-300x200.jpg","contentUrl":"https:\/\/noticiasemdestaque.com\/cd\/wp-content\/uploads\/2018\/03\/stf-300x200.jpg","width":300,"height":200},{"@type":"BreadcrumbList","@id":"https:\/\/noticiasemdestaque.com\/cd\/?p=8433#breadcrumb","itemListElement":[{"@type":"ListItem","position":1,"name":"In\u00edcio","item":"https:\/\/noticiasemdestaque.com\/cd\/"},{"@type":"ListItem","position":2,"name":"Novas elei\u00e7\u00f5es podem ser convocadas ap\u00f3s cassa\u00e7\u00e3o, diz STF"}]},{"@type":"WebSite","@id":"https:\/\/noticiasemdestaque.com\/cd\/#website","url":"https:\/\/noticiasemdestaque.com\/cd\/","name":"Not&iacute;cias em Destaque","description":"","publisher":{"@id":"https:\/\/noticiasemdestaque.com\/cd\/#organization"},"potentialAction":[{"@type":"SearchAction","target":{"@type":"EntryPoint","urlTemplate":"https:\/\/noticiasemdestaque.com\/cd\/?s={search_term_string}"},"query-input":{"@type":"PropertyValueSpecification","valueRequired":true,"valueName":"search_term_string"}}],"inLanguage":"pt-BR"},{"@type":"Organization","@id":"https:\/\/noticiasemdestaque.com\/cd\/#organization","name":"Not\u00edcias em Destaque","url":"https:\/\/noticiasemdestaque.com\/cd\/","logo":{"@type":"ImageObject","inLanguage":"pt-BR","@id":"https:\/\/noticiasemdestaque.com\/cd\/#\/schema\/logo\/image\/","url":"https:\/\/noticiasemdestaque.com\/cd\/wp-content\/uploads\/2022\/05\/imagem-base-noticiasemdestaque.png","contentUrl":"https:\/\/noticiasemdestaque.com\/cd\/wp-content\/uploads\/2022\/05\/imagem-base-noticiasemdestaque.png","width":1200,"height":630,"caption":"Not\u00edcias em Destaque"},"image":{"@id":"https:\/\/noticiasemdestaque.com\/cd\/#\/schema\/logo\/image\/"}},{"@type":"Person","@id":"https:\/\/noticiasemdestaque.com\/cd\/#\/schema\/person\/21320b03a7e8bb90128938dafc9b908a","name":"Not\u00edcias em Destaque","url":"https:\/\/noticiasemdestaque.com\/cd\/?author=2"}]}},"jetpack_featured_media_url":"https:\/\/noticiasemdestaque.com\/cd\/wp-content\/uploads\/2018\/03\/stf-300x200.jpg","jetpack_sharing_enabled":true,"_links":{"self":[{"href":"https:\/\/noticiasemdestaque.com\/cd\/index.php?rest_route=\/wp\/v2\/posts\/8433","targetHints":{"allow":["GET"]}}],"collection":[{"href":"https:\/\/noticiasemdestaque.com\/cd\/index.php?rest_route=\/wp\/v2\/posts"}],"about":[{"href":"https:\/\/noticiasemdestaque.com\/cd\/index.php?rest_route=\/wp\/v2\/types\/post"}],"author":[{"embeddable":true,"href":"https:\/\/noticiasemdestaque.com\/cd\/index.php?rest_route=\/wp\/v2\/users\/2"}],"replies":[{"embeddable":true,"href":"https:\/\/noticiasemdestaque.com\/cd\/index.php?rest_route=%2Fwp%2Fv2%2Fcomments&post=8433"}],"version-history":[{"count":1,"href":"https:\/\/noticiasemdestaque.com\/cd\/index.php?rest_route=\/wp\/v2\/posts\/8433\/revisions"}],"predecessor-version":[{"id":8435,"href":"https:\/\/noticiasemdestaque.com\/cd\/index.php?rest_route=\/wp\/v2\/posts\/8433\/revisions\/8435"}],"wp:featuredmedia":[{"embeddable":true,"href":"https:\/\/noticiasemdestaque.com\/cd\/index.php?rest_route=\/wp\/v2\/media\/8434"}],"wp:attachment":[{"href":"https:\/\/noticiasemdestaque.com\/cd\/index.php?rest_route=%2Fwp%2Fv2%2Fmedia&parent=8433"}],"wp:term":[{"taxonomy":"category","embeddable":true,"href":"https:\/\/noticiasemdestaque.com\/cd\/index.php?rest_route=%2Fwp%2Fv2%2Fcategories&post=8433"},{"taxonomy":"post_tag","embeddable":true,"href":"https:\/\/noticiasemdestaque.com\/cd\/index.php?rest_route=%2Fwp%2Fv2%2Ftags&post=8433"}],"curies":[{"name":"wp","href":"https:\/\/api.w.org\/{rel}","templated":true}]}}