{"id":8379,"date":"2018-03-07T06:54:32","date_gmt":"2018-03-07T09:54:32","guid":{"rendered":"http:\/\/caririemdestaque.com\/cd\/?p=8379"},"modified":"2018-03-07T06:54:32","modified_gmt":"2018-03-07T09:54:32","slug":"oposicao-denuncia-ao-mpf-ma-gestao-da-prefeitura-de-serra-branca-em-relacao-ao-ipserb-e-pede-esclarecimentos-sobre-recursos-do-pmaq","status":"publish","type":"post","link":"https:\/\/noticiasemdestaque.com\/cd\/?p=8379","title":{"rendered":"Oposi\u00e7\u00e3o denuncia ao MPF m\u00e1 gest\u00e3o da Prefeitura de Serra Branca em rela\u00e7\u00e3o ao IPSERB e pede esclarecimentos sobre recursos do PMAQ"},"content":{"rendered":"<p><a href=\"http:\/\/caririemdestaque.com\/cd\/wp-content\/uploads\/2018\/02\/GG.jpg\"><img fetchpriority=\"high\" decoding=\"async\" class=\"size-medium wp-image-7984 alignleft\" src=\"http:\/\/caririemdestaque.com\/cd\/wp-content\/uploads\/2018\/02\/GG-300x200.jpg\" alt=\"\" width=\"300\" height=\"200\" srcset=\"https:\/\/noticiasemdestaque.com\/cd\/wp-content\/uploads\/2018\/02\/GG-300x200.jpg 300w, https:\/\/noticiasemdestaque.com\/cd\/wp-content\/uploads\/2018\/02\/GG-768x512.jpg 768w, https:\/\/noticiasemdestaque.com\/cd\/wp-content\/uploads\/2018\/02\/GG-1024x683.jpg 1024w, https:\/\/noticiasemdestaque.com\/cd\/wp-content\/uploads\/2018\/02\/GG-480x320.jpg 480w\" sizes=\"(max-width: 300px) 100vw, 300px\" \/><\/a>O vereador e l\u00edder da oposi\u00e7\u00e3o em Serra Branca, Guilherme Gaud\u00eancio (PSB), reafirmou com base em relat\u00f3rio preliminar do TCE a m\u00e1 gest\u00e3o do prefeito Souzinha em rela\u00e7\u00e3o ao Instituto de Previd\u00eancia de Serra Branca no primeiro ano de seu governo. Guilherme teve acesso ao relat\u00f3rio preliminar das contas do prefeito Souzinha no ano de 2017 emitido pelo pr\u00f3prio Tribunal de Contas do Estado.<\/p>\n<p>Segundo o \u00f3rg\u00e3o, a gest\u00e3o apresentou cerca de 13 falhas e apesar de algumas delas serem pass\u00edveis de corre\u00e7\u00e3o, o vereador chama aten\u00e7\u00e3o para alguns dados preocupantes e que agravam a situa\u00e7\u00e3o do munic\u00edpio. Segundo o parlamentar, a Prefeitura de Serra Branca aumentou em quase 2 milh\u00f5es de reais a d\u00edvida do munic\u00edpio com o j\u00e1 falido IPSERB e gastou bem acima do percentual permitido com folha de pagamento.<\/p>\n<p>\u201cUma coisa est\u00e1 bem associado a outra. O prefeito preferiu fazer o munic\u00edpio um cabide de empregos e largou os aposentados \u00e0 pr\u00f3pria sorte\u201d, disparou Guilherme.<\/p>\n<p>Guilherme afirmou que al\u00e9m da apura\u00e7\u00e3o do TCE, levou junto aos vereadores Renan Mamed e Macilon Rafael a den\u00fancia ao conhecimento do Minist\u00e9rio P\u00fablico Federal, assim como pediu ao promotor que solicite informa\u00e7\u00f5es de como foi gasto o recurso do PMAQ no ano de 2017, uma vez que a secret\u00e1ria est\u00e1 omitindo informa\u00e7\u00f5es \u00e0 C\u00e2mara de Vereadores.<\/p>\n<p>Fonte: De Olho no Cariri<\/p>\n","protected":false},"excerpt":{"rendered":"<p>O vereador e l\u00edder da oposi\u00e7\u00e3o em Serra Branca, Guilherme Gaud\u00eancio (PSB), reafirmou com base em relat\u00f3rio preliminar do TCE a m\u00e1 gest\u00e3o do prefeito Souzinha em rela\u00e7\u00e3o ao Instituto de Previd\u00eancia de Serra Branca no primeiro ano de seu governo. Guilherme teve acesso ao relat\u00f3rio preliminar das contas do prefeito Souzinha no ano de 2017 emitido pelo pr\u00f3prio Tribunal de Contas do Estado. Segundo o \u00f3rg\u00e3o, a gest\u00e3o apresentou cerca de 13 falhas e apesar de algumas delas serem pass\u00edveis de corre\u00e7\u00e3o, o vereador chama aten\u00e7\u00e3o para alguns dados preocupantes e que agravam a situa\u00e7\u00e3o do munic\u00edpio. Segundo o parlamentar, a Prefeitura de Serra Branca aumentou em quase 2 milh\u00f5es de reais a d\u00edvida do munic\u00edpio com o j\u00e1 falido IPSERB e gastou bem acima do percentual permitido com folha de pagamento. \u201cUma coisa est\u00e1 bem associado a outra. O prefeito preferiu fazer o munic\u00edpio um cabide de empregos e largou os aposentados \u00e0 pr\u00f3pria sorte\u201d, disparou Guilherme. Guilherme afirmou que al\u00e9m da apura\u00e7\u00e3o do TCE, levou junto aos vereadores Renan Mamed e Macilon Rafael a den\u00fancia ao conhecimento do Minist\u00e9rio P\u00fablico Federal, assim como pediu ao promotor que solicite informa\u00e7\u00f5es de como foi gasto o recurso do PMAQ no ano de 2017, uma vez que a secret\u00e1ria est\u00e1 omitindo informa\u00e7\u00f5es \u00e0 C\u00e2mara de Vereadores. Fonte: De Olho no Cariri<\/p>\n","protected":false},"author":2,"featured_media":5593,"comment_status":"closed","ping_status":"open","sticky":false,"template":"","format":"standard","meta":{"_eb_attr":"","_jetpack_memberships_contains_paid_content":false,"footnotes":""},"categories":[4],"tags":[],"class_list":["post-8379","post","type-post","status-publish","format-standard","has-post-thumbnail","hentry","category-politica"],"yoast_head":"<!-- This site is optimized with the Yoast SEO plugin v26.5 - https:\/\/yoast.com\/wordpress\/plugins\/seo\/ -->\n<title>Oposi\u00e7\u00e3o denuncia ao MPF m\u00e1 gest\u00e3o da Prefeitura de Serra Branca em rela\u00e7\u00e3o ao IPSERB e pede esclarecimentos sobre recursos do PMAQ - Not&iacute;cias em Destaque<\/title>\n<meta name=\"robots\" content=\"index, follow, max-snippet:-1, max-image-preview:large, max-video-preview:-1\" \/>\n<link rel=\"canonical\" href=\"https:\/\/noticiasemdestaque.com\/cd\/?p=8379\" \/>\n<meta property=\"og:locale\" content=\"pt_BR\" \/>\n<meta property=\"og:type\" content=\"article\" \/>\n<meta property=\"og:title\" content=\"Oposi\u00e7\u00e3o denuncia ao MPF m\u00e1 gest\u00e3o da Prefeitura de Serra Branca em rela\u00e7\u00e3o ao IPSERB e pede esclarecimentos sobre recursos do PMAQ - Not&iacute;cias em Destaque\" \/>\n<meta property=\"og:description\" content=\"O vereador e l\u00edder da oposi\u00e7\u00e3o em Serra Branca, Guilherme Gaud\u00eancio (PSB), reafirmou com base em relat\u00f3rio preliminar do TCE a m\u00e1 gest\u00e3o do prefeito Souzinha em rela\u00e7\u00e3o ao Instituto de Previd\u00eancia de Serra Branca no primeiro ano de seu governo. Guilherme teve acesso ao relat\u00f3rio preliminar das contas do prefeito Souzinha no ano de 2017 emitido pelo pr\u00f3prio Tribunal de Contas do Estado. Segundo o \u00f3rg\u00e3o, a gest\u00e3o apresentou cerca de 13 falhas e apesar de algumas delas serem pass\u00edveis de corre\u00e7\u00e3o, o vereador chama aten\u00e7\u00e3o para alguns dados preocupantes e que agravam a situa\u00e7\u00e3o do munic\u00edpio. Segundo o parlamentar, a Prefeitura de Serra Branca aumentou em quase 2 milh\u00f5es de reais a d\u00edvida do munic\u00edpio com o j\u00e1 falido IPSERB e gastou bem acima do percentual permitido com folha de pagamento. \u201cUma coisa est\u00e1 bem associado a outra. O prefeito preferiu fazer o munic\u00edpio um cabide de empregos e largou os aposentados \u00e0 pr\u00f3pria sorte\u201d, disparou Guilherme. Guilherme afirmou que al\u00e9m da apura\u00e7\u00e3o do TCE, levou junto aos vereadores Renan Mamed e Macilon Rafael a den\u00fancia ao conhecimento do Minist\u00e9rio P\u00fablico Federal, assim como pediu ao promotor que solicite informa\u00e7\u00f5es de como foi gasto o recurso do PMAQ no ano de 2017, uma vez que a secret\u00e1ria est\u00e1 omitindo informa\u00e7\u00f5es \u00e0 C\u00e2mara de Vereadores. Fonte: De Olho no Cariri\" \/>\n<meta property=\"og:url\" content=\"https:\/\/noticiasemdestaque.com\/cd\/?p=8379\" \/>\n<meta property=\"og:site_name\" content=\"Not&iacute;cias em Destaque\" \/>\n<meta property=\"article:published_time\" content=\"2018-03-07T09:54:32+00:00\" \/>\n<meta property=\"og:image\" content=\"https:\/\/noticiasemdestaque.com\/cd\/wp-content\/uploads\/2017\/10\/FOTO-GG-WANDRI-TADEUS-CARIRI-EM-DESTAQUE.jpg\" \/>\n\t<meta property=\"og:image:width\" content=\"960\" \/>\n\t<meta property=\"og:image:height\" content=\"536\" \/>\n\t<meta property=\"og:image:type\" content=\"image\/jpeg\" \/>\n<meta name=\"author\" content=\"Not\u00edcias em Destaque\" \/>\n<meta name=\"twitter:card\" content=\"summary_large_image\" \/>\n<meta name=\"twitter:label1\" content=\"Escrito por\" \/>\n\t<meta name=\"twitter:data1\" content=\"Not\u00edcias em Destaque\" \/>\n\t<meta name=\"twitter:label2\" content=\"Est. tempo de leitura\" \/>\n\t<meta name=\"twitter:data2\" content=\"1 minuto\" \/>\n<script type=\"application\/ld+json\" class=\"yoast-schema-graph\">{\"@context\":\"https:\/\/schema.org\",\"@graph\":[{\"@type\":\"Article\",\"@id\":\"https:\/\/noticiasemdestaque.com\/cd\/?p=8379#article\",\"isPartOf\":{\"@id\":\"https:\/\/noticiasemdestaque.com\/cd\/?p=8379\"},\"author\":{\"name\":\"Not\u00edcias em Destaque\",\"@id\":\"https:\/\/noticiasemdestaque.com\/cd\/#\/schema\/person\/47f7d4f55eec17c6b2ca036c5500f6ce\"},\"headline\":\"Oposi\u00e7\u00e3o denuncia ao MPF m\u00e1 gest\u00e3o da Prefeitura de Serra Branca em rela\u00e7\u00e3o ao IPSERB e pede esclarecimentos sobre recursos do PMAQ\",\"datePublished\":\"2018-03-07T09:54:32+00:00\",\"mainEntityOfPage\":{\"@id\":\"https:\/\/noticiasemdestaque.com\/cd\/?p=8379\"},\"wordCount\":270,\"publisher\":{\"@id\":\"https:\/\/noticiasemdestaque.com\/cd\/#organization\"},\"image\":{\"@id\":\"https:\/\/noticiasemdestaque.com\/cd\/?p=8379#primaryimage\"},\"thumbnailUrl\":\"https:\/\/noticiasemdestaque.com\/cd\/wp-content\/uploads\/2017\/10\/FOTO-GG-WANDRI-TADEUS-CARIRI-EM-DESTAQUE.jpg\",\"articleSection\":[\"Pol\u00edtica\"],\"inLanguage\":\"pt-BR\"},{\"@type\":\"WebPage\",\"@id\":\"https:\/\/noticiasemdestaque.com\/cd\/?p=8379\",\"url\":\"https:\/\/noticiasemdestaque.com\/cd\/?p=8379\",\"name\":\"Oposi\u00e7\u00e3o denuncia ao MPF m\u00e1 gest\u00e3o da Prefeitura de Serra Branca em rela\u00e7\u00e3o ao IPSERB e pede esclarecimentos sobre recursos do PMAQ - Not&iacute;cias em Destaque\",\"isPartOf\":{\"@id\":\"https:\/\/noticiasemdestaque.com\/cd\/#website\"},\"primaryImageOfPage\":{\"@id\":\"https:\/\/noticiasemdestaque.com\/cd\/?p=8379#primaryimage\"},\"image\":{\"@id\":\"https:\/\/noticiasemdestaque.com\/cd\/?p=8379#primaryimage\"},\"thumbnailUrl\":\"https:\/\/noticiasemdestaque.com\/cd\/wp-content\/uploads\/2017\/10\/FOTO-GG-WANDRI-TADEUS-CARIRI-EM-DESTAQUE.jpg\",\"datePublished\":\"2018-03-07T09:54:32+00:00\",\"breadcrumb\":{\"@id\":\"https:\/\/noticiasemdestaque.com\/cd\/?p=8379#breadcrumb\"},\"inLanguage\":\"pt-BR\",\"potentialAction\":[{\"@type\":\"ReadAction\",\"target\":[\"https:\/\/noticiasemdestaque.com\/cd\/?p=8379\"]}]},{\"@type\":\"ImageObject\",\"inLanguage\":\"pt-BR\",\"@id\":\"https:\/\/noticiasemdestaque.com\/cd\/?p=8379#primaryimage\",\"url\":\"https:\/\/noticiasemdestaque.com\/cd\/wp-content\/uploads\/2017\/10\/FOTO-GG-WANDRI-TADEUS-CARIRI-EM-DESTAQUE.jpg\",\"contentUrl\":\"https:\/\/noticiasemdestaque.com\/cd\/wp-content\/uploads\/2017\/10\/FOTO-GG-WANDRI-TADEUS-CARIRI-EM-DESTAQUE.jpg\",\"width\":960,\"height\":536,\"caption\":\"FOTO-GG-WANDRI-TADEUS-CARIRI-EM-DESTAQUE\"},{\"@type\":\"BreadcrumbList\",\"@id\":\"https:\/\/noticiasemdestaque.com\/cd\/?p=8379#breadcrumb\",\"itemListElement\":[{\"@type\":\"ListItem\",\"position\":1,\"name\":\"In\u00edcio\",\"item\":\"https:\/\/noticiasemdestaque.com\/cd\/\"},{\"@type\":\"ListItem\",\"position\":2,\"name\":\"Oposi\u00e7\u00e3o denuncia ao MPF m\u00e1 gest\u00e3o da Prefeitura de Serra Branca em rela\u00e7\u00e3o ao IPSERB e pede esclarecimentos sobre recursos do PMAQ\"}]},{\"@type\":\"WebSite\",\"@id\":\"https:\/\/noticiasemdestaque.com\/cd\/#website\",\"url\":\"https:\/\/noticiasemdestaque.com\/cd\/\",\"name\":\"Not&iacute;cias em Destaque\",\"description\":\"\",\"publisher\":{\"@id\":\"https:\/\/noticiasemdestaque.com\/cd\/#organization\"},\"potentialAction\":[{\"@type\":\"SearchAction\",\"target\":{\"@type\":\"EntryPoint\",\"urlTemplate\":\"https:\/\/noticiasemdestaque.com\/cd\/?s={search_term_string}\"},\"query-input\":{\"@type\":\"PropertyValueSpecification\",\"valueRequired\":true,\"valueName\":\"search_term_string\"}}],\"inLanguage\":\"pt-BR\"},{\"@type\":\"Organization\",\"@id\":\"https:\/\/noticiasemdestaque.com\/cd\/#organization\",\"name\":\"Not\u00edcias em Destaque\",\"url\":\"https:\/\/noticiasemdestaque.com\/cd\/\",\"logo\":{\"@type\":\"ImageObject\",\"inLanguage\":\"pt-BR\",\"@id\":\"https:\/\/noticiasemdestaque.com\/cd\/#\/schema\/logo\/image\/\",\"url\":\"https:\/\/noticiasemdestaque.com\/cd\/wp-content\/uploads\/2022\/05\/imagem-base-noticiasemdestaque.png\",\"contentUrl\":\"https:\/\/noticiasemdestaque.com\/cd\/wp-content\/uploads\/2022\/05\/imagem-base-noticiasemdestaque.png\",\"width\":1200,\"height\":630,\"caption\":\"Not\u00edcias em Destaque\"},\"image\":{\"@id\":\"https:\/\/noticiasemdestaque.com\/cd\/#\/schema\/logo\/image\/\"}},{\"@type\":\"Person\",\"@id\":\"https:\/\/noticiasemdestaque.com\/cd\/#\/schema\/person\/47f7d4f55eec17c6b2ca036c5500f6ce\",\"name\":\"Not\u00edcias em Destaque\",\"url\":\"https:\/\/noticiasemdestaque.com\/cd\/?author=2\"}]}<\/script>\n<!-- \/ Yoast SEO plugin. -->","yoast_head_json":{"title":"Oposi\u00e7\u00e3o denuncia ao MPF m\u00e1 gest\u00e3o da Prefeitura de Serra Branca em rela\u00e7\u00e3o ao IPSERB e pede esclarecimentos sobre recursos do PMAQ - Not&iacute;cias em Destaque","robots":{"index":"index","follow":"follow","max-snippet":"max-snippet:-1","max-image-preview":"max-image-preview:large","max-video-preview":"max-video-preview:-1"},"canonical":"https:\/\/noticiasemdestaque.com\/cd\/?p=8379","og_locale":"pt_BR","og_type":"article","og_title":"Oposi\u00e7\u00e3o denuncia ao MPF m\u00e1 gest\u00e3o da Prefeitura de Serra Branca em rela\u00e7\u00e3o ao IPSERB e pede esclarecimentos sobre recursos do PMAQ - Not&iacute;cias em Destaque","og_description":"O vereador e l\u00edder da oposi\u00e7\u00e3o em Serra Branca, Guilherme Gaud\u00eancio (PSB), reafirmou com base em relat\u00f3rio preliminar do TCE a m\u00e1 gest\u00e3o do prefeito Souzinha em rela\u00e7\u00e3o ao Instituto de Previd\u00eancia de Serra Branca no primeiro ano de seu governo. Guilherme teve acesso ao relat\u00f3rio preliminar das contas do prefeito Souzinha no ano de 2017 emitido pelo pr\u00f3prio Tribunal de Contas do Estado. Segundo o \u00f3rg\u00e3o, a gest\u00e3o apresentou cerca de 13 falhas e apesar de algumas delas serem pass\u00edveis de corre\u00e7\u00e3o, o vereador chama aten\u00e7\u00e3o para alguns dados preocupantes e que agravam a situa\u00e7\u00e3o do munic\u00edpio. Segundo o parlamentar, a Prefeitura de Serra Branca aumentou em quase 2 milh\u00f5es de reais a d\u00edvida do munic\u00edpio com o j\u00e1 falido IPSERB e gastou bem acima do percentual permitido com folha de pagamento. \u201cUma coisa est\u00e1 bem associado a outra. O prefeito preferiu fazer o munic\u00edpio um cabide de empregos e largou os aposentados \u00e0 pr\u00f3pria sorte\u201d, disparou Guilherme. Guilherme afirmou que al\u00e9m da apura\u00e7\u00e3o do TCE, levou junto aos vereadores Renan Mamed e Macilon Rafael a den\u00fancia ao conhecimento do Minist\u00e9rio P\u00fablico Federal, assim como pediu ao promotor que solicite informa\u00e7\u00f5es de como foi gasto o recurso do PMAQ no ano de 2017, uma vez que a secret\u00e1ria est\u00e1 omitindo informa\u00e7\u00f5es \u00e0 C\u00e2mara de Vereadores. Fonte: De Olho no Cariri","og_url":"https:\/\/noticiasemdestaque.com\/cd\/?p=8379","og_site_name":"Not&iacute;cias em Destaque","article_published_time":"2018-03-07T09:54:32+00:00","og_image":[{"width":960,"height":536,"url":"https:\/\/noticiasemdestaque.com\/cd\/wp-content\/uploads\/2017\/10\/FOTO-GG-WANDRI-TADEUS-CARIRI-EM-DESTAQUE.jpg","type":"image\/jpeg"}],"author":"Not\u00edcias em Destaque","twitter_card":"summary_large_image","twitter_misc":{"Escrito por":"Not\u00edcias em Destaque","Est. tempo de leitura":"1 minuto"},"schema":{"@context":"https:\/\/schema.org","@graph":[{"@type":"Article","@id":"https:\/\/noticiasemdestaque.com\/cd\/?p=8379#article","isPartOf":{"@id":"https:\/\/noticiasemdestaque.com\/cd\/?p=8379"},"author":{"name":"Not\u00edcias em Destaque","@id":"https:\/\/noticiasemdestaque.com\/cd\/#\/schema\/person\/47f7d4f55eec17c6b2ca036c5500f6ce"},"headline":"Oposi\u00e7\u00e3o denuncia ao MPF m\u00e1 gest\u00e3o da Prefeitura de Serra Branca em rela\u00e7\u00e3o ao IPSERB e pede esclarecimentos sobre recursos do PMAQ","datePublished":"2018-03-07T09:54:32+00:00","mainEntityOfPage":{"@id":"https:\/\/noticiasemdestaque.com\/cd\/?p=8379"},"wordCount":270,"publisher":{"@id":"https:\/\/noticiasemdestaque.com\/cd\/#organization"},"image":{"@id":"https:\/\/noticiasemdestaque.com\/cd\/?p=8379#primaryimage"},"thumbnailUrl":"https:\/\/noticiasemdestaque.com\/cd\/wp-content\/uploads\/2017\/10\/FOTO-GG-WANDRI-TADEUS-CARIRI-EM-DESTAQUE.jpg","articleSection":["Pol\u00edtica"],"inLanguage":"pt-BR"},{"@type":"WebPage","@id":"https:\/\/noticiasemdestaque.com\/cd\/?p=8379","url":"https:\/\/noticiasemdestaque.com\/cd\/?p=8379","name":"Oposi\u00e7\u00e3o denuncia ao MPF m\u00e1 gest\u00e3o da Prefeitura de Serra Branca em rela\u00e7\u00e3o ao IPSERB e pede esclarecimentos sobre recursos do PMAQ - Not&iacute;cias em Destaque","isPartOf":{"@id":"https:\/\/noticiasemdestaque.com\/cd\/#website"},"primaryImageOfPage":{"@id":"https:\/\/noticiasemdestaque.com\/cd\/?p=8379#primaryimage"},"image":{"@id":"https:\/\/noticiasemdestaque.com\/cd\/?p=8379#primaryimage"},"thumbnailUrl":"https:\/\/noticiasemdestaque.com\/cd\/wp-content\/uploads\/2017\/10\/FOTO-GG-WANDRI-TADEUS-CARIRI-EM-DESTAQUE.jpg","datePublished":"2018-03-07T09:54:32+00:00","breadcrumb":{"@id":"https:\/\/noticiasemdestaque.com\/cd\/?p=8379#breadcrumb"},"inLanguage":"pt-BR","potentialAction":[{"@type":"ReadAction","target":["https:\/\/noticiasemdestaque.com\/cd\/?p=8379"]}]},{"@type":"ImageObject","inLanguage":"pt-BR","@id":"https:\/\/noticiasemdestaque.com\/cd\/?p=8379#primaryimage","url":"https:\/\/noticiasemdestaque.com\/cd\/wp-content\/uploads\/2017\/10\/FOTO-GG-WANDRI-TADEUS-CARIRI-EM-DESTAQUE.jpg","contentUrl":"https:\/\/noticiasemdestaque.com\/cd\/wp-content\/uploads\/2017\/10\/FOTO-GG-WANDRI-TADEUS-CARIRI-EM-DESTAQUE.jpg","width":960,"height":536,"caption":"FOTO-GG-WANDRI-TADEUS-CARIRI-EM-DESTAQUE"},{"@type":"BreadcrumbList","@id":"https:\/\/noticiasemdestaque.com\/cd\/?p=8379#breadcrumb","itemListElement":[{"@type":"ListItem","position":1,"name":"In\u00edcio","item":"https:\/\/noticiasemdestaque.com\/cd\/"},{"@type":"ListItem","position":2,"name":"Oposi\u00e7\u00e3o denuncia ao MPF m\u00e1 gest\u00e3o da Prefeitura de Serra Branca em rela\u00e7\u00e3o ao IPSERB e pede esclarecimentos sobre recursos do PMAQ"}]},{"@type":"WebSite","@id":"https:\/\/noticiasemdestaque.com\/cd\/#website","url":"https:\/\/noticiasemdestaque.com\/cd\/","name":"Not&iacute;cias em Destaque","description":"","publisher":{"@id":"https:\/\/noticiasemdestaque.com\/cd\/#organization"},"potentialAction":[{"@type":"SearchAction","target":{"@type":"EntryPoint","urlTemplate":"https:\/\/noticiasemdestaque.com\/cd\/?s={search_term_string}"},"query-input":{"@type":"PropertyValueSpecification","valueRequired":true,"valueName":"search_term_string"}}],"inLanguage":"pt-BR"},{"@type":"Organization","@id":"https:\/\/noticiasemdestaque.com\/cd\/#organization","name":"Not\u00edcias em Destaque","url":"https:\/\/noticiasemdestaque.com\/cd\/","logo":{"@type":"ImageObject","inLanguage":"pt-BR","@id":"https:\/\/noticiasemdestaque.com\/cd\/#\/schema\/logo\/image\/","url":"https:\/\/noticiasemdestaque.com\/cd\/wp-content\/uploads\/2022\/05\/imagem-base-noticiasemdestaque.png","contentUrl":"https:\/\/noticiasemdestaque.com\/cd\/wp-content\/uploads\/2022\/05\/imagem-base-noticiasemdestaque.png","width":1200,"height":630,"caption":"Not\u00edcias em Destaque"},"image":{"@id":"https:\/\/noticiasemdestaque.com\/cd\/#\/schema\/logo\/image\/"}},{"@type":"Person","@id":"https:\/\/noticiasemdestaque.com\/cd\/#\/schema\/person\/47f7d4f55eec17c6b2ca036c5500f6ce","name":"Not\u00edcias em Destaque","url":"https:\/\/noticiasemdestaque.com\/cd\/?author=2"}]}},"jetpack_featured_media_url":"https:\/\/noticiasemdestaque.com\/cd\/wp-content\/uploads\/2017\/10\/FOTO-GG-WANDRI-TADEUS-CARIRI-EM-DESTAQUE.jpg","jetpack_sharing_enabled":true,"_links":{"self":[{"href":"https:\/\/noticiasemdestaque.com\/cd\/index.php?rest_route=\/wp\/v2\/posts\/8379","targetHints":{"allow":["GET"]}}],"collection":[{"href":"https:\/\/noticiasemdestaque.com\/cd\/index.php?rest_route=\/wp\/v2\/posts"}],"about":[{"href":"https:\/\/noticiasemdestaque.com\/cd\/index.php?rest_route=\/wp\/v2\/types\/post"}],"author":[{"embeddable":true,"href":"https:\/\/noticiasemdestaque.com\/cd\/index.php?rest_route=\/wp\/v2\/users\/2"}],"replies":[{"embeddable":true,"href":"https:\/\/noticiasemdestaque.com\/cd\/index.php?rest_route=%2Fwp%2Fv2%2Fcomments&post=8379"}],"version-history":[{"count":1,"href":"https:\/\/noticiasemdestaque.com\/cd\/index.php?rest_route=\/wp\/v2\/posts\/8379\/revisions"}],"predecessor-version":[{"id":8380,"href":"https:\/\/noticiasemdestaque.com\/cd\/index.php?rest_route=\/wp\/v2\/posts\/8379\/revisions\/8380"}],"wp:featuredmedia":[{"embeddable":true,"href":"https:\/\/noticiasemdestaque.com\/cd\/index.php?rest_route=\/wp\/v2\/media\/5593"}],"wp:attachment":[{"href":"https:\/\/noticiasemdestaque.com\/cd\/index.php?rest_route=%2Fwp%2Fv2%2Fmedia&parent=8379"}],"wp:term":[{"taxonomy":"category","embeddable":true,"href":"https:\/\/noticiasemdestaque.com\/cd\/index.php?rest_route=%2Fwp%2Fv2%2Fcategories&post=8379"},{"taxonomy":"post_tag","embeddable":true,"href":"https:\/\/noticiasemdestaque.com\/cd\/index.php?rest_route=%2Fwp%2Fv2%2Ftags&post=8379"}],"curies":[{"name":"wp","href":"https:\/\/api.w.org\/{rel}","templated":true}]}}