{"id":8376,"date":"2018-03-07T06:09:58","date_gmt":"2018-03-07T09:09:58","guid":{"rendered":"http:\/\/caririemdestaque.com\/cd\/?p=8376"},"modified":"2018-03-07T06:09:58","modified_gmt":"2018-03-07T09:09:58","slug":"em-serra-branca-acontece-plenaria-preparatoria-municipal-para-ode","status":"publish","type":"post","link":"https:\/\/noticiasemdestaque.com\/cd\/?p=8376","title":{"rendered":"Em Serra Branca: acontece plen\u00e1ria preparat\u00f3ria municipal para ODE"},"content":{"rendered":"<p><a href=\"http:\/\/caririemdestaque.com\/cd\/wp-content\/uploads\/2018\/03\/logomarca-oramento-democrtico-estadual-2015.jpg\"><img fetchpriority=\"high\" decoding=\"async\" class=\"size-medium wp-image-8377 alignleft\" src=\"http:\/\/caririemdestaque.com\/cd\/wp-content\/uploads\/2018\/03\/logomarca-oramento-democrtico-estadual-2015-300x225.jpg\" alt=\"\" width=\"300\" height=\"225\" srcset=\"https:\/\/noticiasemdestaque.com\/cd\/wp-content\/uploads\/2018\/03\/logomarca-oramento-democrtico-estadual-2015-300x225.jpg 300w, https:\/\/noticiasemdestaque.com\/cd\/wp-content\/uploads\/2018\/03\/logomarca-oramento-democrtico-estadual-2015-768x575.jpg 768w, https:\/\/noticiasemdestaque.com\/cd\/wp-content\/uploads\/2018\/03\/logomarca-oramento-democrtico-estadual-2015-640x480.jpg 640w, https:\/\/noticiasemdestaque.com\/cd\/wp-content\/uploads\/2018\/03\/logomarca-oramento-democrtico-estadual-2015.jpg 1004w\" sizes=\"(max-width: 300px) 100vw, 300px\" \/><\/a>Na semana que acontece a plen\u00e1ria do or\u00e7amento democr\u00e1tico (OD) estadual da Para\u00edba, cada munic\u00edpio se re\u00fane para eleger as tr\u00eas principais demandas a serem apresentadas neste s\u00e1bado (10\/03), na Escola Estadual Cidad\u00e3 Integral Professor Jos\u00e9 Gon\u00e7alves de Queiroz, \u00e0s 16H.<\/p>\n<p>E nesta quinta-feira, tem uma reuni\u00e3o, \u00e0s 19h na C\u00e2mara Municipal de Serra Branca com objetivo de pautar as reivindica\u00e7\u00f5es do munic\u00edpio.<\/p>\n<p>O Or\u00e7amento Democr\u00e1tico (OD) \u00e9 o instrumento no qual os\/as cidad\u00e3os\/\u00e3s s\u00e3o convidados\/as a participar das decis\u00f5es do governo estadual sobre a melhor forma de aplica\u00e7\u00e3o do dinheiro p\u00fablico em suas obras e servi\u00e7os.<\/p>\n<p>A audi\u00eancia do Or\u00e7amento Democr\u00e1tico \u00e9 um momento de di\u00e1logo direto e aberto, entre a popula\u00e7\u00e3o de uma determinada regi\u00e3o e o Governo do Estado, com o objetivo de dialogar sobre obras, a\u00e7\u00f5es e servi\u00e7os referenciados para cada comunidade. S\u00e3o nas audi\u00eancias que se elegem at\u00e9 tr\u00eas prioridades, indicadas pela pr\u00f3pria popula\u00e7\u00e3o, para os direcionamentos de investimentos do governo no ano subsequente.<\/p>\n<p>Os munic\u00edpios que fazem parte da Microrregi\u00e3o de Sum\u00e9, \u00a0s\u00e3o: Amparo, Camala\u00fa, Cara\u00fabas, Congo, Coxixola, Gurj\u00e3o, Monteiro, Ouro Velho, Parari, Prata, Santo Andr\u00e9, S\u00e3o Jo\u00e3o do Cariri, S\u00e3o Jo\u00e3o do Tigre, S\u00e3o Jos\u00e9 dos Cordeiros, S\u00e3o Sebasti\u00e3o do Umbuzeiro, Serra Branca, Sum\u00e9 e Zabel\u00ea.<\/p>\n<p><em><strong>Cariri em Destaque\u00a0<\/strong><\/em><\/p>\n<p>&nbsp;<\/p>\n","protected":false},"excerpt":{"rendered":"<p>Na semana que acontece a plen\u00e1ria do or\u00e7amento democr\u00e1tico (OD) estadual da Para\u00edba, cada munic\u00edpio se re\u00fane para eleger as tr\u00eas principais demandas a serem apresentadas neste s\u00e1bado (10\/03), na Escola Estadual Cidad\u00e3 Integral Professor Jos\u00e9 Gon\u00e7alves de Queiroz, \u00e0s 16H. E nesta quinta-feira, tem uma reuni\u00e3o, \u00e0s 19h na C\u00e2mara Municipal de Serra Branca com objetivo de pautar as reivindica\u00e7\u00f5es do munic\u00edpio. O Or\u00e7amento Democr\u00e1tico (OD) \u00e9 o instrumento no qual os\/as cidad\u00e3os\/\u00e3s s\u00e3o convidados\/as a participar das decis\u00f5es do governo estadual sobre a melhor forma de aplica\u00e7\u00e3o do dinheiro p\u00fablico em suas obras e servi\u00e7os. A audi\u00eancia do Or\u00e7amento Democr\u00e1tico \u00e9 um momento de di\u00e1logo direto e aberto, entre a popula\u00e7\u00e3o de uma determinada regi\u00e3o e o Governo do Estado, com o objetivo de dialogar sobre obras, a\u00e7\u00f5es e servi\u00e7os referenciados para cada comunidade. S\u00e3o nas audi\u00eancias que se elegem at\u00e9 tr\u00eas prioridades, indicadas pela pr\u00f3pria popula\u00e7\u00e3o, para os direcionamentos de investimentos do governo no ano subsequente. Os munic\u00edpios que fazem parte da Microrregi\u00e3o de Sum\u00e9, \u00a0s\u00e3o: Amparo, Camala\u00fa, Cara\u00fabas, Congo, Coxixola, Gurj\u00e3o, Monteiro, Ouro Velho, Parari, Prata, Santo Andr\u00e9, S\u00e3o Jo\u00e3o do Cariri, S\u00e3o Jo\u00e3o do Tigre, S\u00e3o Jos\u00e9 dos Cordeiros, S\u00e3o Sebasti\u00e3o do Umbuzeiro, Serra Branca, Sum\u00e9 e Zabel\u00ea. Cariri em Destaque\u00a0 &nbsp;<\/p>\n","protected":false},"author":2,"featured_media":8377,"comment_status":"closed","ping_status":"open","sticky":false,"template":"","format":"standard","meta":{"_eb_attr":"","_jetpack_memberships_contains_paid_content":false,"footnotes":""},"categories":[3],"tags":[],"class_list":["post-8376","post","type-post","status-publish","format-standard","has-post-thumbnail","hentry","category-cidades"],"yoast_head":"<!-- This site is optimized with the Yoast SEO plugin v26.5 - https:\/\/yoast.com\/wordpress\/plugins\/seo\/ -->\n<title>Em Serra Branca: acontece plen\u00e1ria preparat\u00f3ria municipal para ODE - Not&iacute;cias em Destaque<\/title>\n<meta name=\"robots\" content=\"index, follow, max-snippet:-1, max-image-preview:large, max-video-preview:-1\" \/>\n<link rel=\"canonical\" href=\"https:\/\/noticiasemdestaque.com\/cd\/?p=8376\" \/>\n<meta property=\"og:locale\" content=\"pt_BR\" \/>\n<meta property=\"og:type\" content=\"article\" \/>\n<meta property=\"og:title\" content=\"Em Serra Branca: acontece plen\u00e1ria preparat\u00f3ria municipal para ODE - Not&iacute;cias em Destaque\" \/>\n<meta property=\"og:description\" content=\"Na semana que acontece a plen\u00e1ria do or\u00e7amento democr\u00e1tico (OD) estadual da Para\u00edba, cada munic\u00edpio se re\u00fane para eleger as tr\u00eas principais demandas a serem apresentadas neste s\u00e1bado (10\/03), na Escola Estadual Cidad\u00e3 Integral Professor Jos\u00e9 Gon\u00e7alves de Queiroz, \u00e0s 16H. E nesta quinta-feira, tem uma reuni\u00e3o, \u00e0s 19h na C\u00e2mara Municipal de Serra Branca com objetivo de pautar as reivindica\u00e7\u00f5es do munic\u00edpio. O Or\u00e7amento Democr\u00e1tico (OD) \u00e9 o instrumento no qual os\/as cidad\u00e3os\/\u00e3s s\u00e3o convidados\/as a participar das decis\u00f5es do governo estadual sobre a melhor forma de aplica\u00e7\u00e3o do dinheiro p\u00fablico em suas obras e servi\u00e7os. A audi\u00eancia do Or\u00e7amento Democr\u00e1tico \u00e9 um momento de di\u00e1logo direto e aberto, entre a popula\u00e7\u00e3o de uma determinada regi\u00e3o e o Governo do Estado, com o objetivo de dialogar sobre obras, a\u00e7\u00f5es e servi\u00e7os referenciados para cada comunidade. S\u00e3o nas audi\u00eancias que se elegem at\u00e9 tr\u00eas prioridades, indicadas pela pr\u00f3pria popula\u00e7\u00e3o, para os direcionamentos de investimentos do governo no ano subsequente. Os munic\u00edpios que fazem parte da Microrregi\u00e3o de Sum\u00e9, \u00a0s\u00e3o: Amparo, Camala\u00fa, Cara\u00fabas, Congo, Coxixola, Gurj\u00e3o, Monteiro, Ouro Velho, Parari, Prata, Santo Andr\u00e9, S\u00e3o Jo\u00e3o do Cariri, S\u00e3o Jo\u00e3o do Tigre, S\u00e3o Jos\u00e9 dos Cordeiros, S\u00e3o Sebasti\u00e3o do Umbuzeiro, Serra Branca, Sum\u00e9 e Zabel\u00ea. Cariri em Destaque\u00a0 &nbsp;\" \/>\n<meta property=\"og:url\" content=\"https:\/\/noticiasemdestaque.com\/cd\/?p=8376\" \/>\n<meta property=\"og:site_name\" content=\"Not&iacute;cias em Destaque\" \/>\n<meta property=\"article:published_time\" content=\"2018-03-07T09:09:58+00:00\" \/>\n<meta property=\"og:image\" content=\"https:\/\/noticiasemdestaque.com\/cd\/wp-content\/uploads\/2018\/03\/logomarca-oramento-democrtico-estadual-2015.jpg\" \/>\n\t<meta property=\"og:image:width\" content=\"1004\" \/>\n\t<meta property=\"og:image:height\" content=\"752\" \/>\n\t<meta property=\"og:image:type\" content=\"image\/jpeg\" \/>\n<meta name=\"author\" content=\"Not\u00edcias em Destaque\" \/>\n<meta name=\"twitter:card\" content=\"summary_large_image\" \/>\n<meta name=\"twitter:label1\" content=\"Escrito por\" \/>\n\t<meta name=\"twitter:data1\" content=\"Not\u00edcias em Destaque\" \/>\n\t<meta name=\"twitter:label2\" content=\"Est. tempo de leitura\" \/>\n\t<meta name=\"twitter:data2\" content=\"1 minuto\" \/>\n<script type=\"application\/ld+json\" class=\"yoast-schema-graph\">{\"@context\":\"https:\/\/schema.org\",\"@graph\":[{\"@type\":\"Article\",\"@id\":\"https:\/\/noticiasemdestaque.com\/cd\/?p=8376#article\",\"isPartOf\":{\"@id\":\"https:\/\/noticiasemdestaque.com\/cd\/?p=8376\"},\"author\":{\"name\":\"Not\u00edcias em Destaque\",\"@id\":\"https:\/\/noticiasemdestaque.com\/cd\/#\/schema\/person\/47f7d4f55eec17c6b2ca036c5500f6ce\"},\"headline\":\"Em Serra Branca: acontece plen\u00e1ria preparat\u00f3ria municipal para ODE\",\"datePublished\":\"2018-03-07T09:09:58+00:00\",\"mainEntityOfPage\":{\"@id\":\"https:\/\/noticiasemdestaque.com\/cd\/?p=8376\"},\"wordCount\":264,\"publisher\":{\"@id\":\"https:\/\/noticiasemdestaque.com\/cd\/#organization\"},\"image\":{\"@id\":\"https:\/\/noticiasemdestaque.com\/cd\/?p=8376#primaryimage\"},\"thumbnailUrl\":\"https:\/\/noticiasemdestaque.com\/cd\/wp-content\/uploads\/2018\/03\/logomarca-oramento-democrtico-estadual-2015.jpg\",\"articleSection\":[\"Cidades\"],\"inLanguage\":\"pt-BR\"},{\"@type\":\"WebPage\",\"@id\":\"https:\/\/noticiasemdestaque.com\/cd\/?p=8376\",\"url\":\"https:\/\/noticiasemdestaque.com\/cd\/?p=8376\",\"name\":\"Em Serra Branca: acontece plen\u00e1ria preparat\u00f3ria municipal para ODE - Not&iacute;cias em Destaque\",\"isPartOf\":{\"@id\":\"https:\/\/noticiasemdestaque.com\/cd\/#website\"},\"primaryImageOfPage\":{\"@id\":\"https:\/\/noticiasemdestaque.com\/cd\/?p=8376#primaryimage\"},\"image\":{\"@id\":\"https:\/\/noticiasemdestaque.com\/cd\/?p=8376#primaryimage\"},\"thumbnailUrl\":\"https:\/\/noticiasemdestaque.com\/cd\/wp-content\/uploads\/2018\/03\/logomarca-oramento-democrtico-estadual-2015.jpg\",\"datePublished\":\"2018-03-07T09:09:58+00:00\",\"breadcrumb\":{\"@id\":\"https:\/\/noticiasemdestaque.com\/cd\/?p=8376#breadcrumb\"},\"inLanguage\":\"pt-BR\",\"potentialAction\":[{\"@type\":\"ReadAction\",\"target\":[\"https:\/\/noticiasemdestaque.com\/cd\/?p=8376\"]}]},{\"@type\":\"ImageObject\",\"inLanguage\":\"pt-BR\",\"@id\":\"https:\/\/noticiasemdestaque.com\/cd\/?p=8376#primaryimage\",\"url\":\"https:\/\/noticiasemdestaque.com\/cd\/wp-content\/uploads\/2018\/03\/logomarca-oramento-democrtico-estadual-2015.jpg\",\"contentUrl\":\"https:\/\/noticiasemdestaque.com\/cd\/wp-content\/uploads\/2018\/03\/logomarca-oramento-democrtico-estadual-2015.jpg\",\"width\":1004,\"height\":752},{\"@type\":\"BreadcrumbList\",\"@id\":\"https:\/\/noticiasemdestaque.com\/cd\/?p=8376#breadcrumb\",\"itemListElement\":[{\"@type\":\"ListItem\",\"position\":1,\"name\":\"In\u00edcio\",\"item\":\"https:\/\/noticiasemdestaque.com\/cd\/\"},{\"@type\":\"ListItem\",\"position\":2,\"name\":\"Em Serra Branca: acontece plen\u00e1ria preparat\u00f3ria municipal para ODE\"}]},{\"@type\":\"WebSite\",\"@id\":\"https:\/\/noticiasemdestaque.com\/cd\/#website\",\"url\":\"https:\/\/noticiasemdestaque.com\/cd\/\",\"name\":\"Not&iacute;cias em Destaque\",\"description\":\"\",\"publisher\":{\"@id\":\"https:\/\/noticiasemdestaque.com\/cd\/#organization\"},\"potentialAction\":[{\"@type\":\"SearchAction\",\"target\":{\"@type\":\"EntryPoint\",\"urlTemplate\":\"https:\/\/noticiasemdestaque.com\/cd\/?s={search_term_string}\"},\"query-input\":{\"@type\":\"PropertyValueSpecification\",\"valueRequired\":true,\"valueName\":\"search_term_string\"}}],\"inLanguage\":\"pt-BR\"},{\"@type\":\"Organization\",\"@id\":\"https:\/\/noticiasemdestaque.com\/cd\/#organization\",\"name\":\"Not\u00edcias em Destaque\",\"url\":\"https:\/\/noticiasemdestaque.com\/cd\/\",\"logo\":{\"@type\":\"ImageObject\",\"inLanguage\":\"pt-BR\",\"@id\":\"https:\/\/noticiasemdestaque.com\/cd\/#\/schema\/logo\/image\/\",\"url\":\"https:\/\/noticiasemdestaque.com\/cd\/wp-content\/uploads\/2022\/05\/imagem-base-noticiasemdestaque.png\",\"contentUrl\":\"https:\/\/noticiasemdestaque.com\/cd\/wp-content\/uploads\/2022\/05\/imagem-base-noticiasemdestaque.png\",\"width\":1200,\"height\":630,\"caption\":\"Not\u00edcias em Destaque\"},\"image\":{\"@id\":\"https:\/\/noticiasemdestaque.com\/cd\/#\/schema\/logo\/image\/\"}},{\"@type\":\"Person\",\"@id\":\"https:\/\/noticiasemdestaque.com\/cd\/#\/schema\/person\/47f7d4f55eec17c6b2ca036c5500f6ce\",\"name\":\"Not\u00edcias em Destaque\",\"url\":\"https:\/\/noticiasemdestaque.com\/cd\/?author=2\"}]}<\/script>\n<!-- \/ Yoast SEO plugin. -->","yoast_head_json":{"title":"Em Serra Branca: acontece plen\u00e1ria preparat\u00f3ria municipal para ODE - Not&iacute;cias em Destaque","robots":{"index":"index","follow":"follow","max-snippet":"max-snippet:-1","max-image-preview":"max-image-preview:large","max-video-preview":"max-video-preview:-1"},"canonical":"https:\/\/noticiasemdestaque.com\/cd\/?p=8376","og_locale":"pt_BR","og_type":"article","og_title":"Em Serra Branca: acontece plen\u00e1ria preparat\u00f3ria municipal para ODE - Not&iacute;cias em Destaque","og_description":"Na semana que acontece a plen\u00e1ria do or\u00e7amento democr\u00e1tico (OD) estadual da Para\u00edba, cada munic\u00edpio se re\u00fane para eleger as tr\u00eas principais demandas a serem apresentadas neste s\u00e1bado (10\/03), na Escola Estadual Cidad\u00e3 Integral Professor Jos\u00e9 Gon\u00e7alves de Queiroz, \u00e0s 16H. E nesta quinta-feira, tem uma reuni\u00e3o, \u00e0s 19h na C\u00e2mara Municipal de Serra Branca com objetivo de pautar as reivindica\u00e7\u00f5es do munic\u00edpio. O Or\u00e7amento Democr\u00e1tico (OD) \u00e9 o instrumento no qual os\/as cidad\u00e3os\/\u00e3s s\u00e3o convidados\/as a participar das decis\u00f5es do governo estadual sobre a melhor forma de aplica\u00e7\u00e3o do dinheiro p\u00fablico em suas obras e servi\u00e7os. A audi\u00eancia do Or\u00e7amento Democr\u00e1tico \u00e9 um momento de di\u00e1logo direto e aberto, entre a popula\u00e7\u00e3o de uma determinada regi\u00e3o e o Governo do Estado, com o objetivo de dialogar sobre obras, a\u00e7\u00f5es e servi\u00e7os referenciados para cada comunidade. S\u00e3o nas audi\u00eancias que se elegem at\u00e9 tr\u00eas prioridades, indicadas pela pr\u00f3pria popula\u00e7\u00e3o, para os direcionamentos de investimentos do governo no ano subsequente. Os munic\u00edpios que fazem parte da Microrregi\u00e3o de Sum\u00e9, \u00a0s\u00e3o: Amparo, Camala\u00fa, Cara\u00fabas, Congo, Coxixola, Gurj\u00e3o, Monteiro, Ouro Velho, Parari, Prata, Santo Andr\u00e9, S\u00e3o Jo\u00e3o do Cariri, S\u00e3o Jo\u00e3o do Tigre, S\u00e3o Jos\u00e9 dos Cordeiros, S\u00e3o Sebasti\u00e3o do Umbuzeiro, Serra Branca, Sum\u00e9 e Zabel\u00ea. Cariri em Destaque\u00a0 &nbsp;","og_url":"https:\/\/noticiasemdestaque.com\/cd\/?p=8376","og_site_name":"Not&iacute;cias em Destaque","article_published_time":"2018-03-07T09:09:58+00:00","og_image":[{"width":1004,"height":752,"url":"https:\/\/noticiasemdestaque.com\/cd\/wp-content\/uploads\/2018\/03\/logomarca-oramento-democrtico-estadual-2015.jpg","type":"image\/jpeg"}],"author":"Not\u00edcias em Destaque","twitter_card":"summary_large_image","twitter_misc":{"Escrito por":"Not\u00edcias em Destaque","Est. tempo de leitura":"1 minuto"},"schema":{"@context":"https:\/\/schema.org","@graph":[{"@type":"Article","@id":"https:\/\/noticiasemdestaque.com\/cd\/?p=8376#article","isPartOf":{"@id":"https:\/\/noticiasemdestaque.com\/cd\/?p=8376"},"author":{"name":"Not\u00edcias em Destaque","@id":"https:\/\/noticiasemdestaque.com\/cd\/#\/schema\/person\/47f7d4f55eec17c6b2ca036c5500f6ce"},"headline":"Em Serra Branca: acontece plen\u00e1ria preparat\u00f3ria municipal para ODE","datePublished":"2018-03-07T09:09:58+00:00","mainEntityOfPage":{"@id":"https:\/\/noticiasemdestaque.com\/cd\/?p=8376"},"wordCount":264,"publisher":{"@id":"https:\/\/noticiasemdestaque.com\/cd\/#organization"},"image":{"@id":"https:\/\/noticiasemdestaque.com\/cd\/?p=8376#primaryimage"},"thumbnailUrl":"https:\/\/noticiasemdestaque.com\/cd\/wp-content\/uploads\/2018\/03\/logomarca-oramento-democrtico-estadual-2015.jpg","articleSection":["Cidades"],"inLanguage":"pt-BR"},{"@type":"WebPage","@id":"https:\/\/noticiasemdestaque.com\/cd\/?p=8376","url":"https:\/\/noticiasemdestaque.com\/cd\/?p=8376","name":"Em Serra Branca: acontece plen\u00e1ria preparat\u00f3ria municipal para ODE - Not&iacute;cias em Destaque","isPartOf":{"@id":"https:\/\/noticiasemdestaque.com\/cd\/#website"},"primaryImageOfPage":{"@id":"https:\/\/noticiasemdestaque.com\/cd\/?p=8376#primaryimage"},"image":{"@id":"https:\/\/noticiasemdestaque.com\/cd\/?p=8376#primaryimage"},"thumbnailUrl":"https:\/\/noticiasemdestaque.com\/cd\/wp-content\/uploads\/2018\/03\/logomarca-oramento-democrtico-estadual-2015.jpg","datePublished":"2018-03-07T09:09:58+00:00","breadcrumb":{"@id":"https:\/\/noticiasemdestaque.com\/cd\/?p=8376#breadcrumb"},"inLanguage":"pt-BR","potentialAction":[{"@type":"ReadAction","target":["https:\/\/noticiasemdestaque.com\/cd\/?p=8376"]}]},{"@type":"ImageObject","inLanguage":"pt-BR","@id":"https:\/\/noticiasemdestaque.com\/cd\/?p=8376#primaryimage","url":"https:\/\/noticiasemdestaque.com\/cd\/wp-content\/uploads\/2018\/03\/logomarca-oramento-democrtico-estadual-2015.jpg","contentUrl":"https:\/\/noticiasemdestaque.com\/cd\/wp-content\/uploads\/2018\/03\/logomarca-oramento-democrtico-estadual-2015.jpg","width":1004,"height":752},{"@type":"BreadcrumbList","@id":"https:\/\/noticiasemdestaque.com\/cd\/?p=8376#breadcrumb","itemListElement":[{"@type":"ListItem","position":1,"name":"In\u00edcio","item":"https:\/\/noticiasemdestaque.com\/cd\/"},{"@type":"ListItem","position":2,"name":"Em Serra Branca: acontece plen\u00e1ria preparat\u00f3ria municipal para ODE"}]},{"@type":"WebSite","@id":"https:\/\/noticiasemdestaque.com\/cd\/#website","url":"https:\/\/noticiasemdestaque.com\/cd\/","name":"Not&iacute;cias em Destaque","description":"","publisher":{"@id":"https:\/\/noticiasemdestaque.com\/cd\/#organization"},"potentialAction":[{"@type":"SearchAction","target":{"@type":"EntryPoint","urlTemplate":"https:\/\/noticiasemdestaque.com\/cd\/?s={search_term_string}"},"query-input":{"@type":"PropertyValueSpecification","valueRequired":true,"valueName":"search_term_string"}}],"inLanguage":"pt-BR"},{"@type":"Organization","@id":"https:\/\/noticiasemdestaque.com\/cd\/#organization","name":"Not\u00edcias em Destaque","url":"https:\/\/noticiasemdestaque.com\/cd\/","logo":{"@type":"ImageObject","inLanguage":"pt-BR","@id":"https:\/\/noticiasemdestaque.com\/cd\/#\/schema\/logo\/image\/","url":"https:\/\/noticiasemdestaque.com\/cd\/wp-content\/uploads\/2022\/05\/imagem-base-noticiasemdestaque.png","contentUrl":"https:\/\/noticiasemdestaque.com\/cd\/wp-content\/uploads\/2022\/05\/imagem-base-noticiasemdestaque.png","width":1200,"height":630,"caption":"Not\u00edcias em Destaque"},"image":{"@id":"https:\/\/noticiasemdestaque.com\/cd\/#\/schema\/logo\/image\/"}},{"@type":"Person","@id":"https:\/\/noticiasemdestaque.com\/cd\/#\/schema\/person\/47f7d4f55eec17c6b2ca036c5500f6ce","name":"Not\u00edcias em Destaque","url":"https:\/\/noticiasemdestaque.com\/cd\/?author=2"}]}},"jetpack_featured_media_url":"https:\/\/noticiasemdestaque.com\/cd\/wp-content\/uploads\/2018\/03\/logomarca-oramento-democrtico-estadual-2015.jpg","jetpack_sharing_enabled":true,"_links":{"self":[{"href":"https:\/\/noticiasemdestaque.com\/cd\/index.php?rest_route=\/wp\/v2\/posts\/8376","targetHints":{"allow":["GET"]}}],"collection":[{"href":"https:\/\/noticiasemdestaque.com\/cd\/index.php?rest_route=\/wp\/v2\/posts"}],"about":[{"href":"https:\/\/noticiasemdestaque.com\/cd\/index.php?rest_route=\/wp\/v2\/types\/post"}],"author":[{"embeddable":true,"href":"https:\/\/noticiasemdestaque.com\/cd\/index.php?rest_route=\/wp\/v2\/users\/2"}],"replies":[{"embeddable":true,"href":"https:\/\/noticiasemdestaque.com\/cd\/index.php?rest_route=%2Fwp%2Fv2%2Fcomments&post=8376"}],"version-history":[{"count":1,"href":"https:\/\/noticiasemdestaque.com\/cd\/index.php?rest_route=\/wp\/v2\/posts\/8376\/revisions"}],"predecessor-version":[{"id":8378,"href":"https:\/\/noticiasemdestaque.com\/cd\/index.php?rest_route=\/wp\/v2\/posts\/8376\/revisions\/8378"}],"wp:featuredmedia":[{"embeddable":true,"href":"https:\/\/noticiasemdestaque.com\/cd\/index.php?rest_route=\/wp\/v2\/media\/8377"}],"wp:attachment":[{"href":"https:\/\/noticiasemdestaque.com\/cd\/index.php?rest_route=%2Fwp%2Fv2%2Fmedia&parent=8376"}],"wp:term":[{"taxonomy":"category","embeddable":true,"href":"https:\/\/noticiasemdestaque.com\/cd\/index.php?rest_route=%2Fwp%2Fv2%2Fcategories&post=8376"},{"taxonomy":"post_tag","embeddable":true,"href":"https:\/\/noticiasemdestaque.com\/cd\/index.php?rest_route=%2Fwp%2Fv2%2Ftags&post=8376"}],"curies":[{"name":"wp","href":"https:\/\/api.w.org\/{rel}","templated":true}]}}