{"id":8367,"date":"2018-03-06T10:36:04","date_gmt":"2018-03-06T13:36:04","guid":{"rendered":"http:\/\/caririemdestaque.com\/cd\/?p=8367"},"modified":"2018-03-06T10:36:45","modified_gmt":"2018-03-06T13:36:45","slug":"candidatos-ao-fies-ja-podem-consultar-resultados-da-selecao","status":"publish","type":"post","link":"https:\/\/noticiasemdestaque.com\/cd\/?p=8367","title":{"rendered":"Candidatos ao Fies j\u00e1 podem consultar resultados da sele\u00e7\u00e3o"},"content":{"rendered":"<p><a href=\"http:\/\/caririemdestaque.com\/cd\/wp-content\/uploads\/2017\/07\/fies-2017.jpg\"><img fetchpriority=\"high\" decoding=\"async\" class=\"wp-image-2211 alignleft\" src=\"http:\/\/caririemdestaque.com\/cd\/wp-content\/uploads\/2017\/07\/fies-2017-300x200.jpg\" alt=\"\" width=\"275\" height=\"183\" srcset=\"https:\/\/noticiasemdestaque.com\/cd\/wp-content\/uploads\/2017\/07\/fies-2017-300x200.jpg 300w, https:\/\/noticiasemdestaque.com\/cd\/wp-content\/uploads\/2017\/07\/fies-2017-480x320.jpg 480w, https:\/\/noticiasemdestaque.com\/cd\/wp-content\/uploads\/2017\/07\/fies-2017.jpg 600w\" sizes=\"(max-width: 275px) 100vw, 275px\" \/><\/a><\/p>\n<p>O resultado da sele\u00e7\u00e3o do Fundo de Financiamento Estudantil (Fies) para o primeiro semestre de 2018 j\u00e1 est\u00e1 dispon\u00edvel. A lista de pr\u00e9-selecionados na chamada regular pode ser consultada no\u00a0<a href=\"http:\/\/fiesselecao.mec.gov.br\/\"><em>site<\/em>\u00a0do programa<\/a>.<\/p>\n<p>De hoje (6) at\u00e9 quarta-feira (8), os candidatos pr\u00e9-selecionados devem fazer a complementa\u00e7\u00e3o da inscri\u00e7\u00e3o. Os estudantes que n\u00e3o forem pr\u00e9-selecionados ser\u00e3o inclu\u00eddos na lista de espera e poder\u00e3o manifestar interesse at\u00e9 30 de mar\u00e7o. No caso dos estudantes inscritos pela modalidade P-Fies, a rela\u00e7\u00e3o de selecionados sair\u00e1 em 12 de mar\u00e7o.<\/p>\n<p>Para esta edi\u00e7\u00e3o, h\u00e1 155 mil vagas dispon\u00edveis, das 310 mil previstas para serem abertas pelo Fies em 2018. Dessas, 100 mil ter\u00e3o juro zero para os estudantes que comprovarem renda\u00a0<em>per capita<\/em>\u00a0mensal familiar de at\u00e9 tr\u00eas sal\u00e1rios m\u00ednimos. O programa oferece uma escala de financiamentos que varia conforme a renda familiar do candidato.<\/p>\n<p>A primeira contempla alunos com renda familiar bruta, por pessoa, de at\u00e9 tr\u00eas sal\u00e1rios m\u00ednimos, sem juro real (0%). A segunda \u00e9 destinada a alunos em cuja fam\u00edlia cada membro tenha renda de at\u00e9 cinco sal\u00e1rios m\u00ednimos nas regi\u00f5es Norte, Nordeste e Centro-Oeste. Estudantes com o mesmo teto de renda familiar das demais regi\u00f5es est\u00e3o inclu\u00eddos na terceira faixa. Nesses dois \u00faltimos casos, os juros ser\u00e3o calculados em valor pouco acima da infla\u00e7\u00e3o.<\/p>\n<p>O programa tamb\u00e9m passa a contar com a modalidade P-Fies, na qual o financiamento ser\u00e1 feito por um banco e os candidatos dever\u00e3o ter renda familiar mensal de tr\u00eas a cinco sal\u00e1rios m\u00ednimos. A data de divulga\u00e7\u00e3o dos selecionados nesta categoria ser\u00e1 no dia 12 de mar\u00e7o.<\/p>\n<p>Confira o calend\u00e1rio do processo:<\/p>\n<p><strong>de 6 a 8 de mar\u00e7o<\/strong><br \/>\nComplementa\u00e7\u00e3o da inscri\u00e7\u00e3o no Fies Sele\u00e7\u00e3o pelos candidatos pr\u00e9-selecionados na chamada \u00fanica na modalidade do Fies.<\/p>\n<p><strong>12 de mar\u00e7o<\/strong><br \/>\nResultado da pr\u00e9-sele\u00e7\u00e3o na modalidade do P-Fies, para renda familiar de at\u00e9 cinco sal\u00e1rios m\u00ednimos.<\/p>\n<p><strong>At\u00e9 30 de mar\u00e7o<\/strong><br \/>\nCandidatos participantes da Lista de Espera na modalidade do Fies que forem pr\u00e9-selecionados dever\u00e3o complementar sua inscri\u00e7\u00e3o no Fies Sele\u00e7\u00e3o. O prazo \u00e9 de tr\u00eas dias \u00fateis a contar da divulga\u00e7\u00e3o de sua pr\u00e9-sele\u00e7\u00e3o.<\/p>\n<p><em><strong>Cariri em Destaque\u00a0<\/strong><\/em><\/p>\n<p>Com EBC<\/p>\n<p>&nbsp;<\/p>\n","protected":false},"excerpt":{"rendered":"<p>O resultado da sele\u00e7\u00e3o do Fundo de Financiamento Estudantil (Fies) para o primeiro semestre de 2018 j\u00e1 est\u00e1 dispon\u00edvel. A lista de pr\u00e9-selecionados na chamada regular pode ser consultada no\u00a0site\u00a0do programa. De hoje (6) at\u00e9 quarta-feira (8), os candidatos pr\u00e9-selecionados devem fazer a complementa\u00e7\u00e3o da inscri\u00e7\u00e3o. Os estudantes que n\u00e3o forem pr\u00e9-selecionados ser\u00e3o inclu\u00eddos na lista de espera e poder\u00e3o manifestar interesse at\u00e9 30 de mar\u00e7o. No caso dos estudantes inscritos pela modalidade P-Fies, a rela\u00e7\u00e3o de selecionados sair\u00e1 em 12 de mar\u00e7o. Para esta edi\u00e7\u00e3o, h\u00e1 155 mil vagas dispon\u00edveis, das 310 mil previstas para serem abertas pelo Fies em 2018. Dessas, 100 mil ter\u00e3o juro zero para os estudantes que comprovarem renda\u00a0per capita\u00a0mensal familiar de at\u00e9 tr\u00eas sal\u00e1rios m\u00ednimos. O programa oferece uma escala de financiamentos que varia conforme a renda familiar do candidato. A primeira contempla alunos com renda familiar bruta, por pessoa, de at\u00e9 tr\u00eas sal\u00e1rios m\u00ednimos, sem juro real (0%). A segunda \u00e9 destinada a alunos em cuja fam\u00edlia cada membro tenha renda de at\u00e9 cinco sal\u00e1rios m\u00ednimos nas regi\u00f5es Norte, Nordeste e Centro-Oeste. Estudantes com o mesmo teto de renda familiar das demais regi\u00f5es est\u00e3o inclu\u00eddos na terceira faixa. Nesses dois \u00faltimos casos, os juros ser\u00e3o calculados em valor pouco acima da infla\u00e7\u00e3o. O programa tamb\u00e9m passa a contar com a modalidade P-Fies, na qual o financiamento ser\u00e1 feito por um banco e os candidatos dever\u00e3o ter renda familiar mensal de tr\u00eas a cinco sal\u00e1rios m\u00ednimos. A data de divulga\u00e7\u00e3o dos selecionados nesta categoria ser\u00e1 no dia 12 de mar\u00e7o. Confira o calend\u00e1rio do processo: de 6 a 8 de mar\u00e7o Complementa\u00e7\u00e3o da inscri\u00e7\u00e3o no Fies Sele\u00e7\u00e3o pelos candidatos pr\u00e9-selecionados na chamada \u00fanica na modalidade do Fies. 12 de mar\u00e7o Resultado da pr\u00e9-sele\u00e7\u00e3o na modalidade do P-Fies, para renda familiar de at\u00e9 cinco sal\u00e1rios m\u00ednimos. At\u00e9 30 de mar\u00e7o Candidatos participantes da Lista de Espera na modalidade do Fies que forem pr\u00e9-selecionados dever\u00e3o complementar sua inscri\u00e7\u00e3o no Fies Sele\u00e7\u00e3o. O prazo \u00e9 de tr\u00eas dias \u00fateis a contar da divulga\u00e7\u00e3o de sua pr\u00e9-sele\u00e7\u00e3o. Cariri em Destaque\u00a0 Com EBC &nbsp;<\/p>\n","protected":false},"author":2,"featured_media":558,"comment_status":"closed","ping_status":"open","sticky":false,"template":"","format":"standard","meta":{"_eb_attr":"","_jetpack_memberships_contains_paid_content":false,"footnotes":""},"categories":[6],"tags":[],"class_list":["post-8367","post","type-post","status-publish","format-standard","has-post-thumbnail","hentry","category-educacao"],"yoast_head":"<!-- This site is optimized with the Yoast SEO plugin v26.5 - https:\/\/yoast.com\/wordpress\/plugins\/seo\/ -->\n<title>Candidatos ao Fies j\u00e1 podem consultar resultados da sele\u00e7\u00e3o - Not&iacute;cias em Destaque<\/title>\n<meta name=\"robots\" content=\"index, follow, max-snippet:-1, max-image-preview:large, max-video-preview:-1\" \/>\n<link rel=\"canonical\" href=\"https:\/\/noticiasemdestaque.com\/cd\/?p=8367\" \/>\n<meta property=\"og:locale\" content=\"pt_BR\" \/>\n<meta property=\"og:type\" content=\"article\" \/>\n<meta property=\"og:title\" content=\"Candidatos ao Fies j\u00e1 podem consultar resultados da sele\u00e7\u00e3o - Not&iacute;cias em Destaque\" \/>\n<meta property=\"og:description\" content=\"O resultado da sele\u00e7\u00e3o do Fundo de Financiamento Estudantil (Fies) para o primeiro semestre de 2018 j\u00e1 est\u00e1 dispon\u00edvel. A lista de pr\u00e9-selecionados na chamada regular pode ser consultada no\u00a0site\u00a0do programa. De hoje (6) at\u00e9 quarta-feira (8), os candidatos pr\u00e9-selecionados devem fazer a complementa\u00e7\u00e3o da inscri\u00e7\u00e3o. Os estudantes que n\u00e3o forem pr\u00e9-selecionados ser\u00e3o inclu\u00eddos na lista de espera e poder\u00e3o manifestar interesse at\u00e9 30 de mar\u00e7o. No caso dos estudantes inscritos pela modalidade P-Fies, a rela\u00e7\u00e3o de selecionados sair\u00e1 em 12 de mar\u00e7o. Para esta edi\u00e7\u00e3o, h\u00e1 155 mil vagas dispon\u00edveis, das 310 mil previstas para serem abertas pelo Fies em 2018. Dessas, 100 mil ter\u00e3o juro zero para os estudantes que comprovarem renda\u00a0per capita\u00a0mensal familiar de at\u00e9 tr\u00eas sal\u00e1rios m\u00ednimos. O programa oferece uma escala de financiamentos que varia conforme a renda familiar do candidato. A primeira contempla alunos com renda familiar bruta, por pessoa, de at\u00e9 tr\u00eas sal\u00e1rios m\u00ednimos, sem juro real (0%). A segunda \u00e9 destinada a alunos em cuja fam\u00edlia cada membro tenha renda de at\u00e9 cinco sal\u00e1rios m\u00ednimos nas regi\u00f5es Norte, Nordeste e Centro-Oeste. Estudantes com o mesmo teto de renda familiar das demais regi\u00f5es est\u00e3o inclu\u00eddos na terceira faixa. Nesses dois \u00faltimos casos, os juros ser\u00e3o calculados em valor pouco acima da infla\u00e7\u00e3o. O programa tamb\u00e9m passa a contar com a modalidade P-Fies, na qual o financiamento ser\u00e1 feito por um banco e os candidatos dever\u00e3o ter renda familiar mensal de tr\u00eas a cinco sal\u00e1rios m\u00ednimos. A data de divulga\u00e7\u00e3o dos selecionados nesta categoria ser\u00e1 no dia 12 de mar\u00e7o. Confira o calend\u00e1rio do processo: de 6 a 8 de mar\u00e7o Complementa\u00e7\u00e3o da inscri\u00e7\u00e3o no Fies Sele\u00e7\u00e3o pelos candidatos pr\u00e9-selecionados na chamada \u00fanica na modalidade do Fies. 12 de mar\u00e7o Resultado da pr\u00e9-sele\u00e7\u00e3o na modalidade do P-Fies, para renda familiar de at\u00e9 cinco sal\u00e1rios m\u00ednimos. At\u00e9 30 de mar\u00e7o Candidatos participantes da Lista de Espera na modalidade do Fies que forem pr\u00e9-selecionados dever\u00e3o complementar sua inscri\u00e7\u00e3o no Fies Sele\u00e7\u00e3o. O prazo \u00e9 de tr\u00eas dias \u00fateis a contar da divulga\u00e7\u00e3o de sua pr\u00e9-sele\u00e7\u00e3o. Cariri em Destaque\u00a0 Com EBC &nbsp;\" \/>\n<meta property=\"og:url\" content=\"https:\/\/noticiasemdestaque.com\/cd\/?p=8367\" \/>\n<meta property=\"og:site_name\" content=\"Not&iacute;cias em Destaque\" \/>\n<meta property=\"article:published_time\" content=\"2018-03-06T13:36:04+00:00\" \/>\n<meta property=\"article:modified_time\" content=\"2018-03-06T13:36:45+00:00\" \/>\n<meta property=\"og:image\" content=\"https:\/\/noticiasemdestaque.com\/cd\/wp-content\/uploads\/2017\/06\/FIESS-1.jpeg\" \/>\n\t<meta property=\"og:image:width\" content=\"940\" \/>\n\t<meta property=\"og:image:height\" content=\"627\" \/>\n\t<meta property=\"og:image:type\" content=\"image\/jpeg\" \/>\n<meta name=\"author\" content=\"Not\u00edcias em Destaque\" \/>\n<meta name=\"twitter:card\" content=\"summary_large_image\" \/>\n<meta name=\"twitter:label1\" content=\"Escrito por\" \/>\n\t<meta name=\"twitter:data1\" content=\"Not\u00edcias em Destaque\" \/>\n\t<meta name=\"twitter:label2\" content=\"Est. tempo de leitura\" \/>\n\t<meta name=\"twitter:data2\" content=\"2 minutos\" \/>\n<script type=\"application\/ld+json\" class=\"yoast-schema-graph\">{\"@context\":\"https:\/\/schema.org\",\"@graph\":[{\"@type\":\"Article\",\"@id\":\"https:\/\/noticiasemdestaque.com\/cd\/?p=8367#article\",\"isPartOf\":{\"@id\":\"https:\/\/noticiasemdestaque.com\/cd\/?p=8367\"},\"author\":{\"name\":\"Not\u00edcias em Destaque\",\"@id\":\"https:\/\/noticiasemdestaque.com\/cd\/#\/schema\/person\/47f7d4f55eec17c6b2ca036c5500f6ce\"},\"headline\":\"Candidatos ao Fies j\u00e1 podem consultar resultados da sele\u00e7\u00e3o\",\"datePublished\":\"2018-03-06T13:36:04+00:00\",\"dateModified\":\"2018-03-06T13:36:45+00:00\",\"mainEntityOfPage\":{\"@id\":\"https:\/\/noticiasemdestaque.com\/cd\/?p=8367\"},\"wordCount\":401,\"publisher\":{\"@id\":\"https:\/\/noticiasemdestaque.com\/cd\/#organization\"},\"image\":{\"@id\":\"https:\/\/noticiasemdestaque.com\/cd\/?p=8367#primaryimage\"},\"thumbnailUrl\":\"https:\/\/noticiasemdestaque.com\/cd\/wp-content\/uploads\/2017\/06\/FIESS-1.jpeg\",\"articleSection\":[\"Educa\u00e7\u00e3o\"],\"inLanguage\":\"pt-BR\"},{\"@type\":\"WebPage\",\"@id\":\"https:\/\/noticiasemdestaque.com\/cd\/?p=8367\",\"url\":\"https:\/\/noticiasemdestaque.com\/cd\/?p=8367\",\"name\":\"Candidatos ao Fies j\u00e1 podem consultar resultados da sele\u00e7\u00e3o - Not&iacute;cias em Destaque\",\"isPartOf\":{\"@id\":\"https:\/\/noticiasemdestaque.com\/cd\/#website\"},\"primaryImageOfPage\":{\"@id\":\"https:\/\/noticiasemdestaque.com\/cd\/?p=8367#primaryimage\"},\"image\":{\"@id\":\"https:\/\/noticiasemdestaque.com\/cd\/?p=8367#primaryimage\"},\"thumbnailUrl\":\"https:\/\/noticiasemdestaque.com\/cd\/wp-content\/uploads\/2017\/06\/FIESS-1.jpeg\",\"datePublished\":\"2018-03-06T13:36:04+00:00\",\"dateModified\":\"2018-03-06T13:36:45+00:00\",\"breadcrumb\":{\"@id\":\"https:\/\/noticiasemdestaque.com\/cd\/?p=8367#breadcrumb\"},\"inLanguage\":\"pt-BR\",\"potentialAction\":[{\"@type\":\"ReadAction\",\"target\":[\"https:\/\/noticiasemdestaque.com\/cd\/?p=8367\"]}]},{\"@type\":\"ImageObject\",\"inLanguage\":\"pt-BR\",\"@id\":\"https:\/\/noticiasemdestaque.com\/cd\/?p=8367#primaryimage\",\"url\":\"https:\/\/noticiasemdestaque.com\/cd\/wp-content\/uploads\/2017\/06\/FIESS-1.jpeg\",\"contentUrl\":\"https:\/\/noticiasemdestaque.com\/cd\/wp-content\/uploads\/2017\/06\/FIESS-1.jpeg\",\"width\":940,\"height\":627},{\"@type\":\"BreadcrumbList\",\"@id\":\"https:\/\/noticiasemdestaque.com\/cd\/?p=8367#breadcrumb\",\"itemListElement\":[{\"@type\":\"ListItem\",\"position\":1,\"name\":\"In\u00edcio\",\"item\":\"https:\/\/noticiasemdestaque.com\/cd\/\"},{\"@type\":\"ListItem\",\"position\":2,\"name\":\"Candidatos ao Fies j\u00e1 podem consultar resultados da sele\u00e7\u00e3o\"}]},{\"@type\":\"WebSite\",\"@id\":\"https:\/\/noticiasemdestaque.com\/cd\/#website\",\"url\":\"https:\/\/noticiasemdestaque.com\/cd\/\",\"name\":\"Not&iacute;cias em Destaque\",\"description\":\"\",\"publisher\":{\"@id\":\"https:\/\/noticiasemdestaque.com\/cd\/#organization\"},\"potentialAction\":[{\"@type\":\"SearchAction\",\"target\":{\"@type\":\"EntryPoint\",\"urlTemplate\":\"https:\/\/noticiasemdestaque.com\/cd\/?s={search_term_string}\"},\"query-input\":{\"@type\":\"PropertyValueSpecification\",\"valueRequired\":true,\"valueName\":\"search_term_string\"}}],\"inLanguage\":\"pt-BR\"},{\"@type\":\"Organization\",\"@id\":\"https:\/\/noticiasemdestaque.com\/cd\/#organization\",\"name\":\"Not\u00edcias em Destaque\",\"url\":\"https:\/\/noticiasemdestaque.com\/cd\/\",\"logo\":{\"@type\":\"ImageObject\",\"inLanguage\":\"pt-BR\",\"@id\":\"https:\/\/noticiasemdestaque.com\/cd\/#\/schema\/logo\/image\/\",\"url\":\"https:\/\/noticiasemdestaque.com\/cd\/wp-content\/uploads\/2022\/05\/imagem-base-noticiasemdestaque.png\",\"contentUrl\":\"https:\/\/noticiasemdestaque.com\/cd\/wp-content\/uploads\/2022\/05\/imagem-base-noticiasemdestaque.png\",\"width\":1200,\"height\":630,\"caption\":\"Not\u00edcias em Destaque\"},\"image\":{\"@id\":\"https:\/\/noticiasemdestaque.com\/cd\/#\/schema\/logo\/image\/\"}},{\"@type\":\"Person\",\"@id\":\"https:\/\/noticiasemdestaque.com\/cd\/#\/schema\/person\/47f7d4f55eec17c6b2ca036c5500f6ce\",\"name\":\"Not\u00edcias em Destaque\",\"url\":\"https:\/\/noticiasemdestaque.com\/cd\/?author=2\"}]}<\/script>\n<!-- \/ Yoast SEO plugin. -->","yoast_head_json":{"title":"Candidatos ao Fies j\u00e1 podem consultar resultados da sele\u00e7\u00e3o - Not&iacute;cias em Destaque","robots":{"index":"index","follow":"follow","max-snippet":"max-snippet:-1","max-image-preview":"max-image-preview:large","max-video-preview":"max-video-preview:-1"},"canonical":"https:\/\/noticiasemdestaque.com\/cd\/?p=8367","og_locale":"pt_BR","og_type":"article","og_title":"Candidatos ao Fies j\u00e1 podem consultar resultados da sele\u00e7\u00e3o - Not&iacute;cias em Destaque","og_description":"O resultado da sele\u00e7\u00e3o do Fundo de Financiamento Estudantil (Fies) para o primeiro semestre de 2018 j\u00e1 est\u00e1 dispon\u00edvel. A lista de pr\u00e9-selecionados na chamada regular pode ser consultada no\u00a0site\u00a0do programa. De hoje (6) at\u00e9 quarta-feira (8), os candidatos pr\u00e9-selecionados devem fazer a complementa\u00e7\u00e3o da inscri\u00e7\u00e3o. Os estudantes que n\u00e3o forem pr\u00e9-selecionados ser\u00e3o inclu\u00eddos na lista de espera e poder\u00e3o manifestar interesse at\u00e9 30 de mar\u00e7o. No caso dos estudantes inscritos pela modalidade P-Fies, a rela\u00e7\u00e3o de selecionados sair\u00e1 em 12 de mar\u00e7o. Para esta edi\u00e7\u00e3o, h\u00e1 155 mil vagas dispon\u00edveis, das 310 mil previstas para serem abertas pelo Fies em 2018. Dessas, 100 mil ter\u00e3o juro zero para os estudantes que comprovarem renda\u00a0per capita\u00a0mensal familiar de at\u00e9 tr\u00eas sal\u00e1rios m\u00ednimos. O programa oferece uma escala de financiamentos que varia conforme a renda familiar do candidato. A primeira contempla alunos com renda familiar bruta, por pessoa, de at\u00e9 tr\u00eas sal\u00e1rios m\u00ednimos, sem juro real (0%). A segunda \u00e9 destinada a alunos em cuja fam\u00edlia cada membro tenha renda de at\u00e9 cinco sal\u00e1rios m\u00ednimos nas regi\u00f5es Norte, Nordeste e Centro-Oeste. Estudantes com o mesmo teto de renda familiar das demais regi\u00f5es est\u00e3o inclu\u00eddos na terceira faixa. Nesses dois \u00faltimos casos, os juros ser\u00e3o calculados em valor pouco acima da infla\u00e7\u00e3o. O programa tamb\u00e9m passa a contar com a modalidade P-Fies, na qual o financiamento ser\u00e1 feito por um banco e os candidatos dever\u00e3o ter renda familiar mensal de tr\u00eas a cinco sal\u00e1rios m\u00ednimos. A data de divulga\u00e7\u00e3o dos selecionados nesta categoria ser\u00e1 no dia 12 de mar\u00e7o. Confira o calend\u00e1rio do processo: de 6 a 8 de mar\u00e7o Complementa\u00e7\u00e3o da inscri\u00e7\u00e3o no Fies Sele\u00e7\u00e3o pelos candidatos pr\u00e9-selecionados na chamada \u00fanica na modalidade do Fies. 12 de mar\u00e7o Resultado da pr\u00e9-sele\u00e7\u00e3o na modalidade do P-Fies, para renda familiar de at\u00e9 cinco sal\u00e1rios m\u00ednimos. At\u00e9 30 de mar\u00e7o Candidatos participantes da Lista de Espera na modalidade do Fies que forem pr\u00e9-selecionados dever\u00e3o complementar sua inscri\u00e7\u00e3o no Fies Sele\u00e7\u00e3o. O prazo \u00e9 de tr\u00eas dias \u00fateis a contar da divulga\u00e7\u00e3o de sua pr\u00e9-sele\u00e7\u00e3o. Cariri em Destaque\u00a0 Com EBC &nbsp;","og_url":"https:\/\/noticiasemdestaque.com\/cd\/?p=8367","og_site_name":"Not&iacute;cias em Destaque","article_published_time":"2018-03-06T13:36:04+00:00","article_modified_time":"2018-03-06T13:36:45+00:00","og_image":[{"width":940,"height":627,"url":"https:\/\/noticiasemdestaque.com\/cd\/wp-content\/uploads\/2017\/06\/FIESS-1.jpeg","type":"image\/jpeg"}],"author":"Not\u00edcias em Destaque","twitter_card":"summary_large_image","twitter_misc":{"Escrito por":"Not\u00edcias em Destaque","Est. tempo de leitura":"2 minutos"},"schema":{"@context":"https:\/\/schema.org","@graph":[{"@type":"Article","@id":"https:\/\/noticiasemdestaque.com\/cd\/?p=8367#article","isPartOf":{"@id":"https:\/\/noticiasemdestaque.com\/cd\/?p=8367"},"author":{"name":"Not\u00edcias em Destaque","@id":"https:\/\/noticiasemdestaque.com\/cd\/#\/schema\/person\/47f7d4f55eec17c6b2ca036c5500f6ce"},"headline":"Candidatos ao Fies j\u00e1 podem consultar resultados da sele\u00e7\u00e3o","datePublished":"2018-03-06T13:36:04+00:00","dateModified":"2018-03-06T13:36:45+00:00","mainEntityOfPage":{"@id":"https:\/\/noticiasemdestaque.com\/cd\/?p=8367"},"wordCount":401,"publisher":{"@id":"https:\/\/noticiasemdestaque.com\/cd\/#organization"},"image":{"@id":"https:\/\/noticiasemdestaque.com\/cd\/?p=8367#primaryimage"},"thumbnailUrl":"https:\/\/noticiasemdestaque.com\/cd\/wp-content\/uploads\/2017\/06\/FIESS-1.jpeg","articleSection":["Educa\u00e7\u00e3o"],"inLanguage":"pt-BR"},{"@type":"WebPage","@id":"https:\/\/noticiasemdestaque.com\/cd\/?p=8367","url":"https:\/\/noticiasemdestaque.com\/cd\/?p=8367","name":"Candidatos ao Fies j\u00e1 podem consultar resultados da sele\u00e7\u00e3o - Not&iacute;cias em Destaque","isPartOf":{"@id":"https:\/\/noticiasemdestaque.com\/cd\/#website"},"primaryImageOfPage":{"@id":"https:\/\/noticiasemdestaque.com\/cd\/?p=8367#primaryimage"},"image":{"@id":"https:\/\/noticiasemdestaque.com\/cd\/?p=8367#primaryimage"},"thumbnailUrl":"https:\/\/noticiasemdestaque.com\/cd\/wp-content\/uploads\/2017\/06\/FIESS-1.jpeg","datePublished":"2018-03-06T13:36:04+00:00","dateModified":"2018-03-06T13:36:45+00:00","breadcrumb":{"@id":"https:\/\/noticiasemdestaque.com\/cd\/?p=8367#breadcrumb"},"inLanguage":"pt-BR","potentialAction":[{"@type":"ReadAction","target":["https:\/\/noticiasemdestaque.com\/cd\/?p=8367"]}]},{"@type":"ImageObject","inLanguage":"pt-BR","@id":"https:\/\/noticiasemdestaque.com\/cd\/?p=8367#primaryimage","url":"https:\/\/noticiasemdestaque.com\/cd\/wp-content\/uploads\/2017\/06\/FIESS-1.jpeg","contentUrl":"https:\/\/noticiasemdestaque.com\/cd\/wp-content\/uploads\/2017\/06\/FIESS-1.jpeg","width":940,"height":627},{"@type":"BreadcrumbList","@id":"https:\/\/noticiasemdestaque.com\/cd\/?p=8367#breadcrumb","itemListElement":[{"@type":"ListItem","position":1,"name":"In\u00edcio","item":"https:\/\/noticiasemdestaque.com\/cd\/"},{"@type":"ListItem","position":2,"name":"Candidatos ao Fies j\u00e1 podem consultar resultados da sele\u00e7\u00e3o"}]},{"@type":"WebSite","@id":"https:\/\/noticiasemdestaque.com\/cd\/#website","url":"https:\/\/noticiasemdestaque.com\/cd\/","name":"Not&iacute;cias em Destaque","description":"","publisher":{"@id":"https:\/\/noticiasemdestaque.com\/cd\/#organization"},"potentialAction":[{"@type":"SearchAction","target":{"@type":"EntryPoint","urlTemplate":"https:\/\/noticiasemdestaque.com\/cd\/?s={search_term_string}"},"query-input":{"@type":"PropertyValueSpecification","valueRequired":true,"valueName":"search_term_string"}}],"inLanguage":"pt-BR"},{"@type":"Organization","@id":"https:\/\/noticiasemdestaque.com\/cd\/#organization","name":"Not\u00edcias em Destaque","url":"https:\/\/noticiasemdestaque.com\/cd\/","logo":{"@type":"ImageObject","inLanguage":"pt-BR","@id":"https:\/\/noticiasemdestaque.com\/cd\/#\/schema\/logo\/image\/","url":"https:\/\/noticiasemdestaque.com\/cd\/wp-content\/uploads\/2022\/05\/imagem-base-noticiasemdestaque.png","contentUrl":"https:\/\/noticiasemdestaque.com\/cd\/wp-content\/uploads\/2022\/05\/imagem-base-noticiasemdestaque.png","width":1200,"height":630,"caption":"Not\u00edcias em Destaque"},"image":{"@id":"https:\/\/noticiasemdestaque.com\/cd\/#\/schema\/logo\/image\/"}},{"@type":"Person","@id":"https:\/\/noticiasemdestaque.com\/cd\/#\/schema\/person\/47f7d4f55eec17c6b2ca036c5500f6ce","name":"Not\u00edcias em Destaque","url":"https:\/\/noticiasemdestaque.com\/cd\/?author=2"}]}},"jetpack_featured_media_url":"https:\/\/noticiasemdestaque.com\/cd\/wp-content\/uploads\/2017\/06\/FIESS-1.jpeg","jetpack_sharing_enabled":true,"_links":{"self":[{"href":"https:\/\/noticiasemdestaque.com\/cd\/index.php?rest_route=\/wp\/v2\/posts\/8367","targetHints":{"allow":["GET"]}}],"collection":[{"href":"https:\/\/noticiasemdestaque.com\/cd\/index.php?rest_route=\/wp\/v2\/posts"}],"about":[{"href":"https:\/\/noticiasemdestaque.com\/cd\/index.php?rest_route=\/wp\/v2\/types\/post"}],"author":[{"embeddable":true,"href":"https:\/\/noticiasemdestaque.com\/cd\/index.php?rest_route=\/wp\/v2\/users\/2"}],"replies":[{"embeddable":true,"href":"https:\/\/noticiasemdestaque.com\/cd\/index.php?rest_route=%2Fwp%2Fv2%2Fcomments&post=8367"}],"version-history":[{"count":2,"href":"https:\/\/noticiasemdestaque.com\/cd\/index.php?rest_route=\/wp\/v2\/posts\/8367\/revisions"}],"predecessor-version":[{"id":8369,"href":"https:\/\/noticiasemdestaque.com\/cd\/index.php?rest_route=\/wp\/v2\/posts\/8367\/revisions\/8369"}],"wp:featuredmedia":[{"embeddable":true,"href":"https:\/\/noticiasemdestaque.com\/cd\/index.php?rest_route=\/wp\/v2\/media\/558"}],"wp:attachment":[{"href":"https:\/\/noticiasemdestaque.com\/cd\/index.php?rest_route=%2Fwp%2Fv2%2Fmedia&parent=8367"}],"wp:term":[{"taxonomy":"category","embeddable":true,"href":"https:\/\/noticiasemdestaque.com\/cd\/index.php?rest_route=%2Fwp%2Fv2%2Fcategories&post=8367"},{"taxonomy":"post_tag","embeddable":true,"href":"https:\/\/noticiasemdestaque.com\/cd\/index.php?rest_route=%2Fwp%2Fv2%2Ftags&post=8367"}],"curies":[{"name":"wp","href":"https:\/\/api.w.org\/{rel}","templated":true}]}}