{"id":8360,"date":"2018-03-06T08:34:05","date_gmt":"2018-03-06T11:34:05","guid":{"rendered":"http:\/\/caririemdestaque.com\/cd\/?p=8360"},"modified":"2018-03-06T08:34:05","modified_gmt":"2018-03-06T11:34:05","slug":"luiz-couto-e-escolhido-o-melhor-deputado-para-causas-socio-ambientais-na-pb","status":"publish","type":"post","link":"https:\/\/noticiasemdestaque.com\/cd\/?p=8360","title":{"rendered":"Luiz Couto \u00e9 escolhido o melhor deputado para causas s\u00f3cio-ambientais na PB"},"content":{"rendered":"<p><a href=\"http:\/\/caririemdestaque.com\/cd\/wp-content\/uploads\/2017\/09\/luiz-couto-300x171.jpg\"><img fetchpriority=\"high\" decoding=\"async\" class=\"size-medium wp-image-4025 alignleft\" src=\"http:\/\/caririemdestaque.com\/cd\/wp-content\/uploads\/2017\/09\/luiz-couto-300x171-300x171.jpg\" alt=\"\" width=\"300\" height=\"171\" \/><\/a>O deputado federal Luiz Couto (PT) foi escolhido como o melhor da bancada federal paraibana no que diz respeito a seu comportamento em vota\u00e7\u00f5es que dizem respeito \u00e0s causas socio-ambientais. A pontua\u00e7\u00e3o foi obtida atrav\u00e9s de uma ferramenta para medir o comportamento dos deputados federais eleitos em 2014 nesse setor. Quanto pior o impacto socioambiental dos projetos que o parlamentar votou ou prop\u00f4s, mais alta foi apontada sua temperatura. Podendo atingir n\u00edveis de febre. O impacto de cada projeto ou vota\u00e7\u00e3o foi avaliado por organiza\u00e7\u00f5es que defendem os interesses do meio ambiente, comunidades tradicionais e trabalhadores rurais.<\/p>\n<p>Luiz Couto ficou com 36,7 \u00baC, a melhor \u201ctemperatura\u201d aferida entre os deputados federais da Para\u00edba. Seu desempenho ainda inclui os fatos dele n\u00e3o ter recebido doa\u00e7\u00f5es de empresas flagradas com trabalho escravo ou de empresas autuadas pelo Ibama e tamb\u00e9m n\u00e3o possuir multas do Ibama e nem d\u00edvidas com o INSS, entre outros aspectos positivos de sua atua\u00e7\u00e3o.<\/p>\n<p>Para se ter uma ideia do que representa o bom \u00edndice de Couto, em cada 10 deputados federais brasileiros, 6 tiveram atua\u00e7\u00e3o desfavor\u00e1vel ao meio ambiente, ind\u00edgenas e trabalhadores rurais.<\/p>\n<p>Pelo menos 323 deputados federais, ou 63% da C\u00e2mara, t\u00eam atua\u00e7\u00e3o parlamentar desfavor\u00e1vel \u00e0 agenda socioambiental. Eles votam e elaboram projetos que t\u00eam impacto negativo para o meio ambiente, povos ind\u00edgenas e trabalhadores do campo.<\/p>\n<p>Os dados s\u00e3o resultado de levantamento que levou em conta 14 vota\u00e7\u00f5es nominais e 131 projetos de lei nessa \u00e1rea. Para medir se os projetos e proposi\u00e7\u00f5es teriam impacto negativo ou positivo, oito organiza\u00e7\u00f5es do setor socioambiental foram chamadas para fazer uma avalia\u00e7\u00e3o de m\u00e9rito desses projetos. O cruzamento de dados faz parte do \u201cRural\u00f4metro\u201d, ferramenta jornal\u00edstica para consulta sobre os deputados federais produzida pela ONG Rep\u00f3rter Brasil.<\/p>\n<p>Cada deputado foi pontuado dentro de uma escala equivalente ao que seria a temperatura corporal: de 36\u2070C a 42\u2070C. Quanto pior avaliado, mais alta a sua temperatura \u2013 podendo atingir n\u00edveis de febre.<\/p>\n<p>Fonte: WSCOM<\/p>\n","protected":false},"excerpt":{"rendered":"<p>O deputado federal Luiz Couto (PT) foi escolhido como o melhor da bancada federal paraibana no que diz respeito a seu comportamento em vota\u00e7\u00f5es que dizem respeito \u00e0s causas socio-ambientais. A pontua\u00e7\u00e3o foi obtida atrav\u00e9s de uma ferramenta para medir o comportamento dos deputados federais eleitos em 2014 nesse setor. Quanto pior o impacto socioambiental dos projetos que o parlamentar votou ou prop\u00f4s, mais alta foi apontada sua temperatura. Podendo atingir n\u00edveis de febre. O impacto de cada projeto ou vota\u00e7\u00e3o foi avaliado por organiza\u00e7\u00f5es que defendem os interesses do meio ambiente, comunidades tradicionais e trabalhadores rurais. Luiz Couto ficou com 36,7 \u00baC, a melhor \u201ctemperatura\u201d aferida entre os deputados federais da Para\u00edba. Seu desempenho ainda inclui os fatos dele n\u00e3o ter recebido doa\u00e7\u00f5es de empresas flagradas com trabalho escravo ou de empresas autuadas pelo Ibama e tamb\u00e9m n\u00e3o possuir multas do Ibama e nem d\u00edvidas com o INSS, entre outros aspectos positivos de sua atua\u00e7\u00e3o. Para se ter uma ideia do que representa o bom \u00edndice de Couto, em cada 10 deputados federais brasileiros, 6 tiveram atua\u00e7\u00e3o desfavor\u00e1vel ao meio ambiente, ind\u00edgenas e trabalhadores rurais. Pelo menos 323 deputados federais, ou 63% da C\u00e2mara, t\u00eam atua\u00e7\u00e3o parlamentar desfavor\u00e1vel \u00e0 agenda socioambiental. Eles votam e elaboram projetos que t\u00eam impacto negativo para o meio ambiente, povos ind\u00edgenas e trabalhadores do campo. Os dados s\u00e3o resultado de levantamento que levou em conta 14 vota\u00e7\u00f5es nominais e 131 projetos de lei nessa \u00e1rea. Para medir se os projetos e proposi\u00e7\u00f5es teriam impacto negativo ou positivo, oito organiza\u00e7\u00f5es do setor socioambiental foram chamadas para fazer uma avalia\u00e7\u00e3o de m\u00e9rito desses projetos. O cruzamento de dados faz parte do \u201cRural\u00f4metro\u201d, ferramenta jornal\u00edstica para consulta sobre os deputados federais produzida pela ONG Rep\u00f3rter Brasil. Cada deputado foi pontuado dentro de uma escala equivalente ao que seria a temperatura corporal: de 36\u2070C a 42\u2070C. Quanto pior avaliado, mais alta a sua temperatura \u2013 podendo atingir n\u00edveis de febre. Fonte: WSCOM<\/p>\n","protected":false},"author":2,"featured_media":4025,"comment_status":"closed","ping_status":"open","sticky":false,"template":"","format":"standard","meta":{"_eb_attr":"","_jetpack_memberships_contains_paid_content":false,"footnotes":""},"categories":[4],"tags":[],"class_list":["post-8360","post","type-post","status-publish","format-standard","has-post-thumbnail","hentry","category-politica"],"yoast_head":"<!-- This site is optimized with the Yoast SEO plugin v26.5 - https:\/\/yoast.com\/wordpress\/plugins\/seo\/ -->\n<title>Luiz Couto \u00e9 escolhido o melhor deputado para causas s\u00f3cio-ambientais na PB - Not&iacute;cias em Destaque<\/title>\n<meta name=\"robots\" content=\"index, follow, max-snippet:-1, max-image-preview:large, max-video-preview:-1\" \/>\n<link rel=\"canonical\" href=\"https:\/\/noticiasemdestaque.com\/cd\/?p=8360\" \/>\n<meta property=\"og:locale\" content=\"pt_BR\" \/>\n<meta property=\"og:type\" content=\"article\" \/>\n<meta property=\"og:title\" content=\"Luiz Couto \u00e9 escolhido o melhor deputado para causas s\u00f3cio-ambientais na PB - Not&iacute;cias em Destaque\" \/>\n<meta property=\"og:description\" content=\"O deputado federal Luiz Couto (PT) foi escolhido como o melhor da bancada federal paraibana no que diz respeito a seu comportamento em vota\u00e7\u00f5es que dizem respeito \u00e0s causas socio-ambientais. A pontua\u00e7\u00e3o foi obtida atrav\u00e9s de uma ferramenta para medir o comportamento dos deputados federais eleitos em 2014 nesse setor. Quanto pior o impacto socioambiental dos projetos que o parlamentar votou ou prop\u00f4s, mais alta foi apontada sua temperatura. Podendo atingir n\u00edveis de febre. O impacto de cada projeto ou vota\u00e7\u00e3o foi avaliado por organiza\u00e7\u00f5es que defendem os interesses do meio ambiente, comunidades tradicionais e trabalhadores rurais. Luiz Couto ficou com 36,7 \u00baC, a melhor \u201ctemperatura\u201d aferida entre os deputados federais da Para\u00edba. Seu desempenho ainda inclui os fatos dele n\u00e3o ter recebido doa\u00e7\u00f5es de empresas flagradas com trabalho escravo ou de empresas autuadas pelo Ibama e tamb\u00e9m n\u00e3o possuir multas do Ibama e nem d\u00edvidas com o INSS, entre outros aspectos positivos de sua atua\u00e7\u00e3o. Para se ter uma ideia do que representa o bom \u00edndice de Couto, em cada 10 deputados federais brasileiros, 6 tiveram atua\u00e7\u00e3o desfavor\u00e1vel ao meio ambiente, ind\u00edgenas e trabalhadores rurais. Pelo menos 323 deputados federais, ou 63% da C\u00e2mara, t\u00eam atua\u00e7\u00e3o parlamentar desfavor\u00e1vel \u00e0 agenda socioambiental. Eles votam e elaboram projetos que t\u00eam impacto negativo para o meio ambiente, povos ind\u00edgenas e trabalhadores do campo. Os dados s\u00e3o resultado de levantamento que levou em conta 14 vota\u00e7\u00f5es nominais e 131 projetos de lei nessa \u00e1rea. Para medir se os projetos e proposi\u00e7\u00f5es teriam impacto negativo ou positivo, oito organiza\u00e7\u00f5es do setor socioambiental foram chamadas para fazer uma avalia\u00e7\u00e3o de m\u00e9rito desses projetos. O cruzamento de dados faz parte do \u201cRural\u00f4metro\u201d, ferramenta jornal\u00edstica para consulta sobre os deputados federais produzida pela ONG Rep\u00f3rter Brasil. Cada deputado foi pontuado dentro de uma escala equivalente ao que seria a temperatura corporal: de 36\u2070C a 42\u2070C. Quanto pior avaliado, mais alta a sua temperatura \u2013 podendo atingir n\u00edveis de febre. Fonte: WSCOM\" \/>\n<meta property=\"og:url\" content=\"https:\/\/noticiasemdestaque.com\/cd\/?p=8360\" \/>\n<meta property=\"og:site_name\" content=\"Not&iacute;cias em Destaque\" \/>\n<meta property=\"article:published_time\" content=\"2018-03-06T11:34:05+00:00\" \/>\n<meta property=\"og:image\" content=\"https:\/\/noticiasemdestaque.com\/cd\/wp-content\/uploads\/2017\/09\/luiz-couto-300x171.jpg\" \/>\n\t<meta property=\"og:image:width\" content=\"300\" \/>\n\t<meta property=\"og:image:height\" content=\"171\" \/>\n\t<meta property=\"og:image:type\" content=\"image\/jpeg\" \/>\n<meta name=\"author\" content=\"Not\u00edcias em Destaque\" \/>\n<meta name=\"twitter:card\" content=\"summary_large_image\" \/>\n<meta name=\"twitter:label1\" content=\"Escrito por\" \/>\n\t<meta name=\"twitter:data1\" content=\"Not\u00edcias em Destaque\" \/>\n\t<meta name=\"twitter:label2\" content=\"Est. tempo de leitura\" \/>\n\t<meta name=\"twitter:data2\" content=\"2 minutos\" \/>\n<script type=\"application\/ld+json\" class=\"yoast-schema-graph\">{\"@context\":\"https:\/\/schema.org\",\"@graph\":[{\"@type\":\"Article\",\"@id\":\"https:\/\/noticiasemdestaque.com\/cd\/?p=8360#article\",\"isPartOf\":{\"@id\":\"https:\/\/noticiasemdestaque.com\/cd\/?p=8360\"},\"author\":{\"name\":\"Not\u00edcias em Destaque\",\"@id\":\"https:\/\/noticiasemdestaque.com\/cd\/#\/schema\/person\/21320b03a7e8bb90128938dafc9b908a\"},\"headline\":\"Luiz Couto \u00e9 escolhido o melhor deputado para causas s\u00f3cio-ambientais na PB\",\"datePublished\":\"2018-03-06T11:34:05+00:00\",\"mainEntityOfPage\":{\"@id\":\"https:\/\/noticiasemdestaque.com\/cd\/?p=8360\"},\"wordCount\":359,\"publisher\":{\"@id\":\"https:\/\/noticiasemdestaque.com\/cd\/#organization\"},\"image\":{\"@id\":\"https:\/\/noticiasemdestaque.com\/cd\/?p=8360#primaryimage\"},\"thumbnailUrl\":\"https:\/\/noticiasemdestaque.com\/cd\/wp-content\/uploads\/2017\/09\/luiz-couto-300x171.jpg\",\"articleSection\":[\"Pol\u00edtica\"],\"inLanguage\":\"pt-BR\"},{\"@type\":\"WebPage\",\"@id\":\"https:\/\/noticiasemdestaque.com\/cd\/?p=8360\",\"url\":\"https:\/\/noticiasemdestaque.com\/cd\/?p=8360\",\"name\":\"Luiz Couto \u00e9 escolhido o melhor deputado para causas s\u00f3cio-ambientais na PB - Not&iacute;cias em Destaque\",\"isPartOf\":{\"@id\":\"https:\/\/noticiasemdestaque.com\/cd\/#website\"},\"primaryImageOfPage\":{\"@id\":\"https:\/\/noticiasemdestaque.com\/cd\/?p=8360#primaryimage\"},\"image\":{\"@id\":\"https:\/\/noticiasemdestaque.com\/cd\/?p=8360#primaryimage\"},\"thumbnailUrl\":\"https:\/\/noticiasemdestaque.com\/cd\/wp-content\/uploads\/2017\/09\/luiz-couto-300x171.jpg\",\"datePublished\":\"2018-03-06T11:34:05+00:00\",\"breadcrumb\":{\"@id\":\"https:\/\/noticiasemdestaque.com\/cd\/?p=8360#breadcrumb\"},\"inLanguage\":\"pt-BR\",\"potentialAction\":[{\"@type\":\"ReadAction\",\"target\":[\"https:\/\/noticiasemdestaque.com\/cd\/?p=8360\"]}]},{\"@type\":\"ImageObject\",\"inLanguage\":\"pt-BR\",\"@id\":\"https:\/\/noticiasemdestaque.com\/cd\/?p=8360#primaryimage\",\"url\":\"https:\/\/noticiasemdestaque.com\/cd\/wp-content\/uploads\/2017\/09\/luiz-couto-300x171.jpg\",\"contentUrl\":\"https:\/\/noticiasemdestaque.com\/cd\/wp-content\/uploads\/2017\/09\/luiz-couto-300x171.jpg\",\"width\":300,\"height\":171},{\"@type\":\"BreadcrumbList\",\"@id\":\"https:\/\/noticiasemdestaque.com\/cd\/?p=8360#breadcrumb\",\"itemListElement\":[{\"@type\":\"ListItem\",\"position\":1,\"name\":\"In\u00edcio\",\"item\":\"https:\/\/noticiasemdestaque.com\/cd\/\"},{\"@type\":\"ListItem\",\"position\":2,\"name\":\"Luiz Couto \u00e9 escolhido o melhor deputado para causas s\u00f3cio-ambientais na PB\"}]},{\"@type\":\"WebSite\",\"@id\":\"https:\/\/noticiasemdestaque.com\/cd\/#website\",\"url\":\"https:\/\/noticiasemdestaque.com\/cd\/\",\"name\":\"Not&iacute;cias em Destaque\",\"description\":\"\",\"publisher\":{\"@id\":\"https:\/\/noticiasemdestaque.com\/cd\/#organization\"},\"potentialAction\":[{\"@type\":\"SearchAction\",\"target\":{\"@type\":\"EntryPoint\",\"urlTemplate\":\"https:\/\/noticiasemdestaque.com\/cd\/?s={search_term_string}\"},\"query-input\":{\"@type\":\"PropertyValueSpecification\",\"valueRequired\":true,\"valueName\":\"search_term_string\"}}],\"inLanguage\":\"pt-BR\"},{\"@type\":\"Organization\",\"@id\":\"https:\/\/noticiasemdestaque.com\/cd\/#organization\",\"name\":\"Not\u00edcias em Destaque\",\"url\":\"https:\/\/noticiasemdestaque.com\/cd\/\",\"logo\":{\"@type\":\"ImageObject\",\"inLanguage\":\"pt-BR\",\"@id\":\"https:\/\/noticiasemdestaque.com\/cd\/#\/schema\/logo\/image\/\",\"url\":\"https:\/\/noticiasemdestaque.com\/cd\/wp-content\/uploads\/2022\/05\/imagem-base-noticiasemdestaque.png\",\"contentUrl\":\"https:\/\/noticiasemdestaque.com\/cd\/wp-content\/uploads\/2022\/05\/imagem-base-noticiasemdestaque.png\",\"width\":1200,\"height\":630,\"caption\":\"Not\u00edcias em Destaque\"},\"image\":{\"@id\":\"https:\/\/noticiasemdestaque.com\/cd\/#\/schema\/logo\/image\/\"}},{\"@type\":\"Person\",\"@id\":\"https:\/\/noticiasemdestaque.com\/cd\/#\/schema\/person\/21320b03a7e8bb90128938dafc9b908a\",\"name\":\"Not\u00edcias em Destaque\",\"url\":\"https:\/\/noticiasemdestaque.com\/cd\/?author=2\"}]}<\/script>\n<!-- \/ Yoast SEO plugin. -->","yoast_head_json":{"title":"Luiz Couto \u00e9 escolhido o melhor deputado para causas s\u00f3cio-ambientais na PB - Not&iacute;cias em Destaque","robots":{"index":"index","follow":"follow","max-snippet":"max-snippet:-1","max-image-preview":"max-image-preview:large","max-video-preview":"max-video-preview:-1"},"canonical":"https:\/\/noticiasemdestaque.com\/cd\/?p=8360","og_locale":"pt_BR","og_type":"article","og_title":"Luiz Couto \u00e9 escolhido o melhor deputado para causas s\u00f3cio-ambientais na PB - Not&iacute;cias em Destaque","og_description":"O deputado federal Luiz Couto (PT) foi escolhido como o melhor da bancada federal paraibana no que diz respeito a seu comportamento em vota\u00e7\u00f5es que dizem respeito \u00e0s causas socio-ambientais. A pontua\u00e7\u00e3o foi obtida atrav\u00e9s de uma ferramenta para medir o comportamento dos deputados federais eleitos em 2014 nesse setor. Quanto pior o impacto socioambiental dos projetos que o parlamentar votou ou prop\u00f4s, mais alta foi apontada sua temperatura. Podendo atingir n\u00edveis de febre. O impacto de cada projeto ou vota\u00e7\u00e3o foi avaliado por organiza\u00e7\u00f5es que defendem os interesses do meio ambiente, comunidades tradicionais e trabalhadores rurais. Luiz Couto ficou com 36,7 \u00baC, a melhor \u201ctemperatura\u201d aferida entre os deputados federais da Para\u00edba. Seu desempenho ainda inclui os fatos dele n\u00e3o ter recebido doa\u00e7\u00f5es de empresas flagradas com trabalho escravo ou de empresas autuadas pelo Ibama e tamb\u00e9m n\u00e3o possuir multas do Ibama e nem d\u00edvidas com o INSS, entre outros aspectos positivos de sua atua\u00e7\u00e3o. Para se ter uma ideia do que representa o bom \u00edndice de Couto, em cada 10 deputados federais brasileiros, 6 tiveram atua\u00e7\u00e3o desfavor\u00e1vel ao meio ambiente, ind\u00edgenas e trabalhadores rurais. Pelo menos 323 deputados federais, ou 63% da C\u00e2mara, t\u00eam atua\u00e7\u00e3o parlamentar desfavor\u00e1vel \u00e0 agenda socioambiental. Eles votam e elaboram projetos que t\u00eam impacto negativo para o meio ambiente, povos ind\u00edgenas e trabalhadores do campo. Os dados s\u00e3o resultado de levantamento que levou em conta 14 vota\u00e7\u00f5es nominais e 131 projetos de lei nessa \u00e1rea. Para medir se os projetos e proposi\u00e7\u00f5es teriam impacto negativo ou positivo, oito organiza\u00e7\u00f5es do setor socioambiental foram chamadas para fazer uma avalia\u00e7\u00e3o de m\u00e9rito desses projetos. O cruzamento de dados faz parte do \u201cRural\u00f4metro\u201d, ferramenta jornal\u00edstica para consulta sobre os deputados federais produzida pela ONG Rep\u00f3rter Brasil. Cada deputado foi pontuado dentro de uma escala equivalente ao que seria a temperatura corporal: de 36\u2070C a 42\u2070C. Quanto pior avaliado, mais alta a sua temperatura \u2013 podendo atingir n\u00edveis de febre. Fonte: WSCOM","og_url":"https:\/\/noticiasemdestaque.com\/cd\/?p=8360","og_site_name":"Not&iacute;cias em Destaque","article_published_time":"2018-03-06T11:34:05+00:00","og_image":[{"width":300,"height":171,"url":"https:\/\/noticiasemdestaque.com\/cd\/wp-content\/uploads\/2017\/09\/luiz-couto-300x171.jpg","type":"image\/jpeg"}],"author":"Not\u00edcias em Destaque","twitter_card":"summary_large_image","twitter_misc":{"Escrito por":"Not\u00edcias em Destaque","Est. tempo de leitura":"2 minutos"},"schema":{"@context":"https:\/\/schema.org","@graph":[{"@type":"Article","@id":"https:\/\/noticiasemdestaque.com\/cd\/?p=8360#article","isPartOf":{"@id":"https:\/\/noticiasemdestaque.com\/cd\/?p=8360"},"author":{"name":"Not\u00edcias em Destaque","@id":"https:\/\/noticiasemdestaque.com\/cd\/#\/schema\/person\/21320b03a7e8bb90128938dafc9b908a"},"headline":"Luiz Couto \u00e9 escolhido o melhor deputado para causas s\u00f3cio-ambientais na PB","datePublished":"2018-03-06T11:34:05+00:00","mainEntityOfPage":{"@id":"https:\/\/noticiasemdestaque.com\/cd\/?p=8360"},"wordCount":359,"publisher":{"@id":"https:\/\/noticiasemdestaque.com\/cd\/#organization"},"image":{"@id":"https:\/\/noticiasemdestaque.com\/cd\/?p=8360#primaryimage"},"thumbnailUrl":"https:\/\/noticiasemdestaque.com\/cd\/wp-content\/uploads\/2017\/09\/luiz-couto-300x171.jpg","articleSection":["Pol\u00edtica"],"inLanguage":"pt-BR"},{"@type":"WebPage","@id":"https:\/\/noticiasemdestaque.com\/cd\/?p=8360","url":"https:\/\/noticiasemdestaque.com\/cd\/?p=8360","name":"Luiz Couto \u00e9 escolhido o melhor deputado para causas s\u00f3cio-ambientais na PB - Not&iacute;cias em Destaque","isPartOf":{"@id":"https:\/\/noticiasemdestaque.com\/cd\/#website"},"primaryImageOfPage":{"@id":"https:\/\/noticiasemdestaque.com\/cd\/?p=8360#primaryimage"},"image":{"@id":"https:\/\/noticiasemdestaque.com\/cd\/?p=8360#primaryimage"},"thumbnailUrl":"https:\/\/noticiasemdestaque.com\/cd\/wp-content\/uploads\/2017\/09\/luiz-couto-300x171.jpg","datePublished":"2018-03-06T11:34:05+00:00","breadcrumb":{"@id":"https:\/\/noticiasemdestaque.com\/cd\/?p=8360#breadcrumb"},"inLanguage":"pt-BR","potentialAction":[{"@type":"ReadAction","target":["https:\/\/noticiasemdestaque.com\/cd\/?p=8360"]}]},{"@type":"ImageObject","inLanguage":"pt-BR","@id":"https:\/\/noticiasemdestaque.com\/cd\/?p=8360#primaryimage","url":"https:\/\/noticiasemdestaque.com\/cd\/wp-content\/uploads\/2017\/09\/luiz-couto-300x171.jpg","contentUrl":"https:\/\/noticiasemdestaque.com\/cd\/wp-content\/uploads\/2017\/09\/luiz-couto-300x171.jpg","width":300,"height":171},{"@type":"BreadcrumbList","@id":"https:\/\/noticiasemdestaque.com\/cd\/?p=8360#breadcrumb","itemListElement":[{"@type":"ListItem","position":1,"name":"In\u00edcio","item":"https:\/\/noticiasemdestaque.com\/cd\/"},{"@type":"ListItem","position":2,"name":"Luiz Couto \u00e9 escolhido o melhor deputado para causas s\u00f3cio-ambientais na PB"}]},{"@type":"WebSite","@id":"https:\/\/noticiasemdestaque.com\/cd\/#website","url":"https:\/\/noticiasemdestaque.com\/cd\/","name":"Not&iacute;cias em Destaque","description":"","publisher":{"@id":"https:\/\/noticiasemdestaque.com\/cd\/#organization"},"potentialAction":[{"@type":"SearchAction","target":{"@type":"EntryPoint","urlTemplate":"https:\/\/noticiasemdestaque.com\/cd\/?s={search_term_string}"},"query-input":{"@type":"PropertyValueSpecification","valueRequired":true,"valueName":"search_term_string"}}],"inLanguage":"pt-BR"},{"@type":"Organization","@id":"https:\/\/noticiasemdestaque.com\/cd\/#organization","name":"Not\u00edcias em Destaque","url":"https:\/\/noticiasemdestaque.com\/cd\/","logo":{"@type":"ImageObject","inLanguage":"pt-BR","@id":"https:\/\/noticiasemdestaque.com\/cd\/#\/schema\/logo\/image\/","url":"https:\/\/noticiasemdestaque.com\/cd\/wp-content\/uploads\/2022\/05\/imagem-base-noticiasemdestaque.png","contentUrl":"https:\/\/noticiasemdestaque.com\/cd\/wp-content\/uploads\/2022\/05\/imagem-base-noticiasemdestaque.png","width":1200,"height":630,"caption":"Not\u00edcias em Destaque"},"image":{"@id":"https:\/\/noticiasemdestaque.com\/cd\/#\/schema\/logo\/image\/"}},{"@type":"Person","@id":"https:\/\/noticiasemdestaque.com\/cd\/#\/schema\/person\/21320b03a7e8bb90128938dafc9b908a","name":"Not\u00edcias em Destaque","url":"https:\/\/noticiasemdestaque.com\/cd\/?author=2"}]}},"jetpack_featured_media_url":"https:\/\/noticiasemdestaque.com\/cd\/wp-content\/uploads\/2017\/09\/luiz-couto-300x171.jpg","jetpack_sharing_enabled":true,"_links":{"self":[{"href":"https:\/\/noticiasemdestaque.com\/cd\/index.php?rest_route=\/wp\/v2\/posts\/8360","targetHints":{"allow":["GET"]}}],"collection":[{"href":"https:\/\/noticiasemdestaque.com\/cd\/index.php?rest_route=\/wp\/v2\/posts"}],"about":[{"href":"https:\/\/noticiasemdestaque.com\/cd\/index.php?rest_route=\/wp\/v2\/types\/post"}],"author":[{"embeddable":true,"href":"https:\/\/noticiasemdestaque.com\/cd\/index.php?rest_route=\/wp\/v2\/users\/2"}],"replies":[{"embeddable":true,"href":"https:\/\/noticiasemdestaque.com\/cd\/index.php?rest_route=%2Fwp%2Fv2%2Fcomments&post=8360"}],"version-history":[{"count":1,"href":"https:\/\/noticiasemdestaque.com\/cd\/index.php?rest_route=\/wp\/v2\/posts\/8360\/revisions"}],"predecessor-version":[{"id":8361,"href":"https:\/\/noticiasemdestaque.com\/cd\/index.php?rest_route=\/wp\/v2\/posts\/8360\/revisions\/8361"}],"wp:featuredmedia":[{"embeddable":true,"href":"https:\/\/noticiasemdestaque.com\/cd\/index.php?rest_route=\/wp\/v2\/media\/4025"}],"wp:attachment":[{"href":"https:\/\/noticiasemdestaque.com\/cd\/index.php?rest_route=%2Fwp%2Fv2%2Fmedia&parent=8360"}],"wp:term":[{"taxonomy":"category","embeddable":true,"href":"https:\/\/noticiasemdestaque.com\/cd\/index.php?rest_route=%2Fwp%2Fv2%2Fcategories&post=8360"},{"taxonomy":"post_tag","embeddable":true,"href":"https:\/\/noticiasemdestaque.com\/cd\/index.php?rest_route=%2Fwp%2Fv2%2Ftags&post=8360"}],"curies":[{"name":"wp","href":"https:\/\/api.w.org\/{rel}","templated":true}]}}