{"id":8357,"date":"2018-03-06T08:31:25","date_gmt":"2018-03-06T11:31:25","guid":{"rendered":"http:\/\/caririemdestaque.com\/cd\/?p=8357"},"modified":"2018-03-06T08:31:25","modified_gmt":"2018-03-06T11:31:25","slug":"ex-prefeita-do-conde-e-presa-por-suspeita-de-lavagem-de-dinheiro","status":"publish","type":"post","link":"https:\/\/noticiasemdestaque.com\/cd\/?p=8357","title":{"rendered":"Ex-prefeita do Conde \u00e9 presa por suspeita de lavagem de dinheiro"},"content":{"rendered":"<p><a href=\"http:\/\/caririemdestaque.com\/cd\/wp-content\/uploads\/2018\/03\/prefeita_do_conde-tatiana_correa.jpg\"><img fetchpriority=\"high\" decoding=\"async\" class=\"size-medium wp-image-8358 alignleft\" src=\"http:\/\/caririemdestaque.com\/cd\/wp-content\/uploads\/2018\/03\/prefeita_do_conde-tatiana_correa-300x200.jpg\" alt=\"\" width=\"300\" height=\"200\" srcset=\"https:\/\/noticiasemdestaque.com\/cd\/wp-content\/uploads\/2018\/03\/prefeita_do_conde-tatiana_correa-300x200.jpg 300w, https:\/\/noticiasemdestaque.com\/cd\/wp-content\/uploads\/2018\/03\/prefeita_do_conde-tatiana_correa-768x513.jpg 768w, https:\/\/noticiasemdestaque.com\/cd\/wp-content\/uploads\/2018\/03\/prefeita_do_conde-tatiana_correa-480x320.jpg 480w, https:\/\/noticiasemdestaque.com\/cd\/wp-content\/uploads\/2018\/03\/prefeita_do_conde-tatiana_correa.jpg 876w\" sizes=\"(max-width: 300px) 100vw, 300px\" \/><\/a>O Minist\u00e9rio P\u00fablico da Para\u00edba, atrav\u00e9s do do Grupo de Atua\u00e7\u00e3o Especial contra o Crime Organizado (Gaeco), em conjun\u00e7\u00e3o de esfor\u00e7os com o Grupo de Opera\u00e7\u00f5es Especiais da Pol\u00edcia Civil, desencadearam opera\u00e7\u00e3o conjunta nesta ter\u00e7a-feira (6), para combater lavagem de dinheiro praticada pela ex-prefeita Tatiana Lundgren Correa de Oliveira, e o ex-procurador Francisco Cavalcante Gomes, ambos do munic\u00edpio do Conde, bem assim por diversas fraudes praticadas contra o er\u00e1rio daquele munic\u00edpio.<\/p>\n<p>Segundo a investiga\u00e7\u00e3o do Grupo de Atua\u00e7\u00e3o Especial contra o Crime Organizado (Gaeco), os denunciados promoveram a desapropria\u00e7\u00e3o fraudulenta de terras, no valor de R$ 620 mil, valores estes que retornaram em benef\u00edcio destes atrav\u00e9s da utiliza\u00e7\u00e3o de terceiras pessoas.Foram cumpridos mandados de busca e apreens\u00e3o e pris\u00e3o preventiva em face de TATIANA LUNDGREN CORREA DE OLIVEIRA, ex-prefeita do Conde, e FRANCISCO CAVALCANTE GOMES , ex-procurador do munic\u00edpio do Conde. TATIANA LUNDGREN CORREA DE OLIVEIRA responder\u00e1 pelos art. 1\u00b0, incisos I, II, IV e V do Decreto-Lei n\u00b0 201\/67; arts. 312, 313-A e 347 do C\u00f3digo Penal e art. 1\u00b0 da Lei n\u00b0 9.613\/98, c\/c os arts. 29 e 69, todos do C\u00f3digo Penal e FRANCISCO CAVALCANTE GOMES pelos arts. 312, 313-A e 355 do C\u00f3digo Penal e art. 1\u00b0 da Lei n\u00b0 9.613\/98, c\/c os arts. 29 e 69, todos do C\u00f3digo Penal.<\/p>\n<p>Fonte: ClickPB<\/p>\n","protected":false},"excerpt":{"rendered":"<p>O Minist\u00e9rio P\u00fablico da Para\u00edba, atrav\u00e9s do do Grupo de Atua\u00e7\u00e3o Especial contra o Crime Organizado (Gaeco), em conjun\u00e7\u00e3o de esfor\u00e7os com o Grupo de Opera\u00e7\u00f5es Especiais da Pol\u00edcia Civil, desencadearam opera\u00e7\u00e3o conjunta nesta ter\u00e7a-feira (6), para combater lavagem de dinheiro praticada pela ex-prefeita Tatiana Lundgren Correa de Oliveira, e o ex-procurador Francisco Cavalcante Gomes, ambos do munic\u00edpio do Conde, bem assim por diversas fraudes praticadas contra o er\u00e1rio daquele munic\u00edpio. Segundo a investiga\u00e7\u00e3o do Grupo de Atua\u00e7\u00e3o Especial contra o Crime Organizado (Gaeco), os denunciados promoveram a desapropria\u00e7\u00e3o fraudulenta de terras, no valor de R$ 620 mil, valores estes que retornaram em benef\u00edcio destes atrav\u00e9s da utiliza\u00e7\u00e3o de terceiras pessoas.Foram cumpridos mandados de busca e apreens\u00e3o e pris\u00e3o preventiva em face de TATIANA LUNDGREN CORREA DE OLIVEIRA, ex-prefeita do Conde, e FRANCISCO CAVALCANTE GOMES , ex-procurador do munic\u00edpio do Conde. TATIANA LUNDGREN CORREA DE OLIVEIRA responder\u00e1 pelos art. 1\u00b0, incisos I, II, IV e V do Decreto-Lei n\u00b0 201\/67; arts. 312, 313-A e 347 do C\u00f3digo Penal e art. 1\u00b0 da Lei n\u00b0 9.613\/98, c\/c os arts. 29 e 69, todos do C\u00f3digo Penal e FRANCISCO CAVALCANTE GOMES pelos arts. 312, 313-A e 355 do C\u00f3digo Penal e art. 1\u00b0 da Lei n\u00b0 9.613\/98, c\/c os arts. 29 e 69, todos do C\u00f3digo Penal. Fonte: ClickPB<\/p>\n","protected":false},"author":2,"featured_media":8358,"comment_status":"closed","ping_status":"open","sticky":false,"template":"","format":"standard","meta":{"_eb_attr":"","_jetpack_memberships_contains_paid_content":false,"footnotes":""},"categories":[4],"tags":[],"class_list":["post-8357","post","type-post","status-publish","format-standard","has-post-thumbnail","hentry","category-politica"],"yoast_head":"<!-- This site is optimized with the Yoast SEO plugin v26.5 - https:\/\/yoast.com\/wordpress\/plugins\/seo\/ -->\n<title>Ex-prefeita do Conde \u00e9 presa por suspeita de lavagem de dinheiro - Not&iacute;cias em Destaque<\/title>\n<meta name=\"robots\" content=\"index, follow, max-snippet:-1, max-image-preview:large, max-video-preview:-1\" \/>\n<link rel=\"canonical\" href=\"https:\/\/noticiasemdestaque.com\/cd\/?p=8357\" \/>\n<meta property=\"og:locale\" content=\"pt_BR\" \/>\n<meta property=\"og:type\" content=\"article\" \/>\n<meta property=\"og:title\" content=\"Ex-prefeita do Conde \u00e9 presa por suspeita de lavagem de dinheiro - Not&iacute;cias em Destaque\" \/>\n<meta property=\"og:description\" content=\"O Minist\u00e9rio P\u00fablico da Para\u00edba, atrav\u00e9s do do Grupo de Atua\u00e7\u00e3o Especial contra o Crime Organizado (Gaeco), em conjun\u00e7\u00e3o de esfor\u00e7os com o Grupo de Opera\u00e7\u00f5es Especiais da Pol\u00edcia Civil, desencadearam opera\u00e7\u00e3o conjunta nesta ter\u00e7a-feira (6), para combater lavagem de dinheiro praticada pela ex-prefeita Tatiana Lundgren Correa de Oliveira, e o ex-procurador Francisco Cavalcante Gomes, ambos do munic\u00edpio do Conde, bem assim por diversas fraudes praticadas contra o er\u00e1rio daquele munic\u00edpio. Segundo a investiga\u00e7\u00e3o do Grupo de Atua\u00e7\u00e3o Especial contra o Crime Organizado (Gaeco), os denunciados promoveram a desapropria\u00e7\u00e3o fraudulenta de terras, no valor de R$ 620 mil, valores estes que retornaram em benef\u00edcio destes atrav\u00e9s da utiliza\u00e7\u00e3o de terceiras pessoas.Foram cumpridos mandados de busca e apreens\u00e3o e pris\u00e3o preventiva em face de TATIANA LUNDGREN CORREA DE OLIVEIRA, ex-prefeita do Conde, e FRANCISCO CAVALCANTE GOMES , ex-procurador do munic\u00edpio do Conde. TATIANA LUNDGREN CORREA DE OLIVEIRA responder\u00e1 pelos art. 1\u00b0, incisos I, II, IV e V do Decreto-Lei n\u00b0 201\/67; arts. 312, 313-A e 347 do C\u00f3digo Penal e art. 1\u00b0 da Lei n\u00b0 9.613\/98, c\/c os arts. 29 e 69, todos do C\u00f3digo Penal e FRANCISCO CAVALCANTE GOMES pelos arts. 312, 313-A e 355 do C\u00f3digo Penal e art. 1\u00b0 da Lei n\u00b0 9.613\/98, c\/c os arts. 29 e 69, todos do C\u00f3digo Penal. Fonte: ClickPB\" \/>\n<meta property=\"og:url\" content=\"https:\/\/noticiasemdestaque.com\/cd\/?p=8357\" \/>\n<meta property=\"og:site_name\" content=\"Not&iacute;cias em Destaque\" \/>\n<meta property=\"article:published_time\" content=\"2018-03-06T11:31:25+00:00\" \/>\n<meta property=\"og:image\" content=\"https:\/\/noticiasemdestaque.com\/cd\/wp-content\/uploads\/2018\/03\/prefeita_do_conde-tatiana_correa.jpg\" \/>\n\t<meta property=\"og:image:width\" content=\"876\" \/>\n\t<meta property=\"og:image:height\" content=\"585\" \/>\n\t<meta property=\"og:image:type\" content=\"image\/jpeg\" \/>\n<meta name=\"author\" content=\"Not\u00edcias em Destaque\" \/>\n<meta name=\"twitter:card\" content=\"summary_large_image\" \/>\n<meta name=\"twitter:label1\" content=\"Escrito por\" \/>\n\t<meta name=\"twitter:data1\" content=\"Not\u00edcias em Destaque\" \/>\n\t<meta name=\"twitter:label2\" content=\"Est. tempo de leitura\" \/>\n\t<meta name=\"twitter:data2\" content=\"1 minuto\" \/>\n<script type=\"application\/ld+json\" class=\"yoast-schema-graph\">{\"@context\":\"https:\/\/schema.org\",\"@graph\":[{\"@type\":\"Article\",\"@id\":\"https:\/\/noticiasemdestaque.com\/cd\/?p=8357#article\",\"isPartOf\":{\"@id\":\"https:\/\/noticiasemdestaque.com\/cd\/?p=8357\"},\"author\":{\"name\":\"Not\u00edcias em Destaque\",\"@id\":\"https:\/\/noticiasemdestaque.com\/cd\/#\/schema\/person\/21320b03a7e8bb90128938dafc9b908a\"},\"headline\":\"Ex-prefeita do Conde \u00e9 presa por suspeita de lavagem de dinheiro\",\"datePublished\":\"2018-03-06T11:31:25+00:00\",\"mainEntityOfPage\":{\"@id\":\"https:\/\/noticiasemdestaque.com\/cd\/?p=8357\"},\"wordCount\":240,\"publisher\":{\"@id\":\"https:\/\/noticiasemdestaque.com\/cd\/#organization\"},\"image\":{\"@id\":\"https:\/\/noticiasemdestaque.com\/cd\/?p=8357#primaryimage\"},\"thumbnailUrl\":\"https:\/\/noticiasemdestaque.com\/cd\/wp-content\/uploads\/2018\/03\/prefeita_do_conde-tatiana_correa.jpg\",\"articleSection\":[\"Pol\u00edtica\"],\"inLanguage\":\"pt-BR\"},{\"@type\":\"WebPage\",\"@id\":\"https:\/\/noticiasemdestaque.com\/cd\/?p=8357\",\"url\":\"https:\/\/noticiasemdestaque.com\/cd\/?p=8357\",\"name\":\"Ex-prefeita do Conde \u00e9 presa por suspeita de lavagem de dinheiro - Not&iacute;cias em Destaque\",\"isPartOf\":{\"@id\":\"https:\/\/noticiasemdestaque.com\/cd\/#website\"},\"primaryImageOfPage\":{\"@id\":\"https:\/\/noticiasemdestaque.com\/cd\/?p=8357#primaryimage\"},\"image\":{\"@id\":\"https:\/\/noticiasemdestaque.com\/cd\/?p=8357#primaryimage\"},\"thumbnailUrl\":\"https:\/\/noticiasemdestaque.com\/cd\/wp-content\/uploads\/2018\/03\/prefeita_do_conde-tatiana_correa.jpg\",\"datePublished\":\"2018-03-06T11:31:25+00:00\",\"breadcrumb\":{\"@id\":\"https:\/\/noticiasemdestaque.com\/cd\/?p=8357#breadcrumb\"},\"inLanguage\":\"pt-BR\",\"potentialAction\":[{\"@type\":\"ReadAction\",\"target\":[\"https:\/\/noticiasemdestaque.com\/cd\/?p=8357\"]}]},{\"@type\":\"ImageObject\",\"inLanguage\":\"pt-BR\",\"@id\":\"https:\/\/noticiasemdestaque.com\/cd\/?p=8357#primaryimage\",\"url\":\"https:\/\/noticiasemdestaque.com\/cd\/wp-content\/uploads\/2018\/03\/prefeita_do_conde-tatiana_correa.jpg\",\"contentUrl\":\"https:\/\/noticiasemdestaque.com\/cd\/wp-content\/uploads\/2018\/03\/prefeita_do_conde-tatiana_correa.jpg\",\"width\":876,\"height\":585},{\"@type\":\"BreadcrumbList\",\"@id\":\"https:\/\/noticiasemdestaque.com\/cd\/?p=8357#breadcrumb\",\"itemListElement\":[{\"@type\":\"ListItem\",\"position\":1,\"name\":\"In\u00edcio\",\"item\":\"https:\/\/noticiasemdestaque.com\/cd\/\"},{\"@type\":\"ListItem\",\"position\":2,\"name\":\"Ex-prefeita do Conde \u00e9 presa por suspeita de lavagem de dinheiro\"}]},{\"@type\":\"WebSite\",\"@id\":\"https:\/\/noticiasemdestaque.com\/cd\/#website\",\"url\":\"https:\/\/noticiasemdestaque.com\/cd\/\",\"name\":\"Not&iacute;cias em Destaque\",\"description\":\"\",\"publisher\":{\"@id\":\"https:\/\/noticiasemdestaque.com\/cd\/#organization\"},\"potentialAction\":[{\"@type\":\"SearchAction\",\"target\":{\"@type\":\"EntryPoint\",\"urlTemplate\":\"https:\/\/noticiasemdestaque.com\/cd\/?s={search_term_string}\"},\"query-input\":{\"@type\":\"PropertyValueSpecification\",\"valueRequired\":true,\"valueName\":\"search_term_string\"}}],\"inLanguage\":\"pt-BR\"},{\"@type\":\"Organization\",\"@id\":\"https:\/\/noticiasemdestaque.com\/cd\/#organization\",\"name\":\"Not\u00edcias em Destaque\",\"url\":\"https:\/\/noticiasemdestaque.com\/cd\/\",\"logo\":{\"@type\":\"ImageObject\",\"inLanguage\":\"pt-BR\",\"@id\":\"https:\/\/noticiasemdestaque.com\/cd\/#\/schema\/logo\/image\/\",\"url\":\"https:\/\/noticiasemdestaque.com\/cd\/wp-content\/uploads\/2022\/05\/imagem-base-noticiasemdestaque.png\",\"contentUrl\":\"https:\/\/noticiasemdestaque.com\/cd\/wp-content\/uploads\/2022\/05\/imagem-base-noticiasemdestaque.png\",\"width\":1200,\"height\":630,\"caption\":\"Not\u00edcias em Destaque\"},\"image\":{\"@id\":\"https:\/\/noticiasemdestaque.com\/cd\/#\/schema\/logo\/image\/\"}},{\"@type\":\"Person\",\"@id\":\"https:\/\/noticiasemdestaque.com\/cd\/#\/schema\/person\/21320b03a7e8bb90128938dafc9b908a\",\"name\":\"Not\u00edcias em Destaque\",\"url\":\"https:\/\/noticiasemdestaque.com\/cd\/?author=2\"}]}<\/script>\n<!-- \/ Yoast SEO plugin. -->","yoast_head_json":{"title":"Ex-prefeita do Conde \u00e9 presa por suspeita de lavagem de dinheiro - Not&iacute;cias em Destaque","robots":{"index":"index","follow":"follow","max-snippet":"max-snippet:-1","max-image-preview":"max-image-preview:large","max-video-preview":"max-video-preview:-1"},"canonical":"https:\/\/noticiasemdestaque.com\/cd\/?p=8357","og_locale":"pt_BR","og_type":"article","og_title":"Ex-prefeita do Conde \u00e9 presa por suspeita de lavagem de dinheiro - Not&iacute;cias em Destaque","og_description":"O Minist\u00e9rio P\u00fablico da Para\u00edba, atrav\u00e9s do do Grupo de Atua\u00e7\u00e3o Especial contra o Crime Organizado (Gaeco), em conjun\u00e7\u00e3o de esfor\u00e7os com o Grupo de Opera\u00e7\u00f5es Especiais da Pol\u00edcia Civil, desencadearam opera\u00e7\u00e3o conjunta nesta ter\u00e7a-feira (6), para combater lavagem de dinheiro praticada pela ex-prefeita Tatiana Lundgren Correa de Oliveira, e o ex-procurador Francisco Cavalcante Gomes, ambos do munic\u00edpio do Conde, bem assim por diversas fraudes praticadas contra o er\u00e1rio daquele munic\u00edpio. Segundo a investiga\u00e7\u00e3o do Grupo de Atua\u00e7\u00e3o Especial contra o Crime Organizado (Gaeco), os denunciados promoveram a desapropria\u00e7\u00e3o fraudulenta de terras, no valor de R$ 620 mil, valores estes que retornaram em benef\u00edcio destes atrav\u00e9s da utiliza\u00e7\u00e3o de terceiras pessoas.Foram cumpridos mandados de busca e apreens\u00e3o e pris\u00e3o preventiva em face de TATIANA LUNDGREN CORREA DE OLIVEIRA, ex-prefeita do Conde, e FRANCISCO CAVALCANTE GOMES , ex-procurador do munic\u00edpio do Conde. TATIANA LUNDGREN CORREA DE OLIVEIRA responder\u00e1 pelos art. 1\u00b0, incisos I, II, IV e V do Decreto-Lei n\u00b0 201\/67; arts. 312, 313-A e 347 do C\u00f3digo Penal e art. 1\u00b0 da Lei n\u00b0 9.613\/98, c\/c os arts. 29 e 69, todos do C\u00f3digo Penal e FRANCISCO CAVALCANTE GOMES pelos arts. 312, 313-A e 355 do C\u00f3digo Penal e art. 1\u00b0 da Lei n\u00b0 9.613\/98, c\/c os arts. 29 e 69, todos do C\u00f3digo Penal. Fonte: ClickPB","og_url":"https:\/\/noticiasemdestaque.com\/cd\/?p=8357","og_site_name":"Not&iacute;cias em Destaque","article_published_time":"2018-03-06T11:31:25+00:00","og_image":[{"width":876,"height":585,"url":"https:\/\/noticiasemdestaque.com\/cd\/wp-content\/uploads\/2018\/03\/prefeita_do_conde-tatiana_correa.jpg","type":"image\/jpeg"}],"author":"Not\u00edcias em Destaque","twitter_card":"summary_large_image","twitter_misc":{"Escrito por":"Not\u00edcias em Destaque","Est. tempo de leitura":"1 minuto"},"schema":{"@context":"https:\/\/schema.org","@graph":[{"@type":"Article","@id":"https:\/\/noticiasemdestaque.com\/cd\/?p=8357#article","isPartOf":{"@id":"https:\/\/noticiasemdestaque.com\/cd\/?p=8357"},"author":{"name":"Not\u00edcias em Destaque","@id":"https:\/\/noticiasemdestaque.com\/cd\/#\/schema\/person\/21320b03a7e8bb90128938dafc9b908a"},"headline":"Ex-prefeita do Conde \u00e9 presa por suspeita de lavagem de dinheiro","datePublished":"2018-03-06T11:31:25+00:00","mainEntityOfPage":{"@id":"https:\/\/noticiasemdestaque.com\/cd\/?p=8357"},"wordCount":240,"publisher":{"@id":"https:\/\/noticiasemdestaque.com\/cd\/#organization"},"image":{"@id":"https:\/\/noticiasemdestaque.com\/cd\/?p=8357#primaryimage"},"thumbnailUrl":"https:\/\/noticiasemdestaque.com\/cd\/wp-content\/uploads\/2018\/03\/prefeita_do_conde-tatiana_correa.jpg","articleSection":["Pol\u00edtica"],"inLanguage":"pt-BR"},{"@type":"WebPage","@id":"https:\/\/noticiasemdestaque.com\/cd\/?p=8357","url":"https:\/\/noticiasemdestaque.com\/cd\/?p=8357","name":"Ex-prefeita do Conde \u00e9 presa por suspeita de lavagem de dinheiro - Not&iacute;cias em Destaque","isPartOf":{"@id":"https:\/\/noticiasemdestaque.com\/cd\/#website"},"primaryImageOfPage":{"@id":"https:\/\/noticiasemdestaque.com\/cd\/?p=8357#primaryimage"},"image":{"@id":"https:\/\/noticiasemdestaque.com\/cd\/?p=8357#primaryimage"},"thumbnailUrl":"https:\/\/noticiasemdestaque.com\/cd\/wp-content\/uploads\/2018\/03\/prefeita_do_conde-tatiana_correa.jpg","datePublished":"2018-03-06T11:31:25+00:00","breadcrumb":{"@id":"https:\/\/noticiasemdestaque.com\/cd\/?p=8357#breadcrumb"},"inLanguage":"pt-BR","potentialAction":[{"@type":"ReadAction","target":["https:\/\/noticiasemdestaque.com\/cd\/?p=8357"]}]},{"@type":"ImageObject","inLanguage":"pt-BR","@id":"https:\/\/noticiasemdestaque.com\/cd\/?p=8357#primaryimage","url":"https:\/\/noticiasemdestaque.com\/cd\/wp-content\/uploads\/2018\/03\/prefeita_do_conde-tatiana_correa.jpg","contentUrl":"https:\/\/noticiasemdestaque.com\/cd\/wp-content\/uploads\/2018\/03\/prefeita_do_conde-tatiana_correa.jpg","width":876,"height":585},{"@type":"BreadcrumbList","@id":"https:\/\/noticiasemdestaque.com\/cd\/?p=8357#breadcrumb","itemListElement":[{"@type":"ListItem","position":1,"name":"In\u00edcio","item":"https:\/\/noticiasemdestaque.com\/cd\/"},{"@type":"ListItem","position":2,"name":"Ex-prefeita do Conde \u00e9 presa por suspeita de lavagem de dinheiro"}]},{"@type":"WebSite","@id":"https:\/\/noticiasemdestaque.com\/cd\/#website","url":"https:\/\/noticiasemdestaque.com\/cd\/","name":"Not&iacute;cias em Destaque","description":"","publisher":{"@id":"https:\/\/noticiasemdestaque.com\/cd\/#organization"},"potentialAction":[{"@type":"SearchAction","target":{"@type":"EntryPoint","urlTemplate":"https:\/\/noticiasemdestaque.com\/cd\/?s={search_term_string}"},"query-input":{"@type":"PropertyValueSpecification","valueRequired":true,"valueName":"search_term_string"}}],"inLanguage":"pt-BR"},{"@type":"Organization","@id":"https:\/\/noticiasemdestaque.com\/cd\/#organization","name":"Not\u00edcias em Destaque","url":"https:\/\/noticiasemdestaque.com\/cd\/","logo":{"@type":"ImageObject","inLanguage":"pt-BR","@id":"https:\/\/noticiasemdestaque.com\/cd\/#\/schema\/logo\/image\/","url":"https:\/\/noticiasemdestaque.com\/cd\/wp-content\/uploads\/2022\/05\/imagem-base-noticiasemdestaque.png","contentUrl":"https:\/\/noticiasemdestaque.com\/cd\/wp-content\/uploads\/2022\/05\/imagem-base-noticiasemdestaque.png","width":1200,"height":630,"caption":"Not\u00edcias em Destaque"},"image":{"@id":"https:\/\/noticiasemdestaque.com\/cd\/#\/schema\/logo\/image\/"}},{"@type":"Person","@id":"https:\/\/noticiasemdestaque.com\/cd\/#\/schema\/person\/21320b03a7e8bb90128938dafc9b908a","name":"Not\u00edcias em Destaque","url":"https:\/\/noticiasemdestaque.com\/cd\/?author=2"}]}},"jetpack_featured_media_url":"https:\/\/noticiasemdestaque.com\/cd\/wp-content\/uploads\/2018\/03\/prefeita_do_conde-tatiana_correa.jpg","jetpack_sharing_enabled":true,"_links":{"self":[{"href":"https:\/\/noticiasemdestaque.com\/cd\/index.php?rest_route=\/wp\/v2\/posts\/8357","targetHints":{"allow":["GET"]}}],"collection":[{"href":"https:\/\/noticiasemdestaque.com\/cd\/index.php?rest_route=\/wp\/v2\/posts"}],"about":[{"href":"https:\/\/noticiasemdestaque.com\/cd\/index.php?rest_route=\/wp\/v2\/types\/post"}],"author":[{"embeddable":true,"href":"https:\/\/noticiasemdestaque.com\/cd\/index.php?rest_route=\/wp\/v2\/users\/2"}],"replies":[{"embeddable":true,"href":"https:\/\/noticiasemdestaque.com\/cd\/index.php?rest_route=%2Fwp%2Fv2%2Fcomments&post=8357"}],"version-history":[{"count":1,"href":"https:\/\/noticiasemdestaque.com\/cd\/index.php?rest_route=\/wp\/v2\/posts\/8357\/revisions"}],"predecessor-version":[{"id":8359,"href":"https:\/\/noticiasemdestaque.com\/cd\/index.php?rest_route=\/wp\/v2\/posts\/8357\/revisions\/8359"}],"wp:featuredmedia":[{"embeddable":true,"href":"https:\/\/noticiasemdestaque.com\/cd\/index.php?rest_route=\/wp\/v2\/media\/8358"}],"wp:attachment":[{"href":"https:\/\/noticiasemdestaque.com\/cd\/index.php?rest_route=%2Fwp%2Fv2%2Fmedia&parent=8357"}],"wp:term":[{"taxonomy":"category","embeddable":true,"href":"https:\/\/noticiasemdestaque.com\/cd\/index.php?rest_route=%2Fwp%2Fv2%2Fcategories&post=8357"},{"taxonomy":"post_tag","embeddable":true,"href":"https:\/\/noticiasemdestaque.com\/cd\/index.php?rest_route=%2Fwp%2Fv2%2Ftags&post=8357"}],"curies":[{"name":"wp","href":"https:\/\/api.w.org\/{rel}","templated":true}]}}