{"id":8336,"date":"2018-03-05T20:26:42","date_gmt":"2018-03-05T23:26:42","guid":{"rendered":"http:\/\/caririemdestaque.com\/cd\/?p=8336"},"modified":"2018-03-05T20:26:42","modified_gmt":"2018-03-05T23:26:42","slug":"prefeitura-de-monteiro-empossa-aprovados-em-concurso-publico-nesta-terca-e-quarta-feira","status":"publish","type":"post","link":"https:\/\/noticiasemdestaque.com\/cd\/?p=8336","title":{"rendered":"Prefeitura de Monteiro empossa aprovados em concurso p\u00fablico nesta ter\u00e7a e quarta-feira"},"content":{"rendered":"<p><a href=\"http:\/\/caririemdestaque.com\/cd\/wp-content\/uploads\/2018\/03\/Lorena_Posse-Educa\u00e7\u00e3o.jpg\"><img fetchpriority=\"high\" decoding=\"async\" class=\"size-medium wp-image-8337\" src=\"http:\/\/caririemdestaque.com\/cd\/wp-content\/uploads\/2018\/03\/Lorena_Posse-Educa\u00e7\u00e3o-300x200.jpg\" alt=\"\" width=\"300\" height=\"200\" srcset=\"https:\/\/noticiasemdestaque.com\/cd\/wp-content\/uploads\/2018\/03\/Lorena_Posse-Educa\u00e7\u00e3o-300x200.jpg 300w, https:\/\/noticiasemdestaque.com\/cd\/wp-content\/uploads\/2018\/03\/Lorena_Posse-Educa\u00e7\u00e3o-768x511.jpg 768w, https:\/\/noticiasemdestaque.com\/cd\/wp-content\/uploads\/2018\/03\/Lorena_Posse-Educa\u00e7\u00e3o.jpg 1024w, https:\/\/noticiasemdestaque.com\/cd\/wp-content\/uploads\/2018\/03\/Lorena_Posse-Educa\u00e7\u00e3o-480x320.jpg 480w\" sizes=\"(max-width: 300px) 100vw, 300px\" \/><\/a><\/p>\n<p>A Prefeitura Municipal de Monteiro, atrav\u00e9s da Secretaria de Administra\u00e7\u00e3o, empossar\u00e1 esta semana todos os convocados no Concurso P\u00fablico 001\/2017 e 002\/2017 em solenidade que acontecer\u00e1 na ter\u00e7a-feira, dia, 06 e na quarta-feira, dia 07.<\/p><\/div>\n<p>Nesta ter\u00e7a-feira estar\u00e3o tomando posse no Gabinete da Prefeita, \u00e0s 17 horas, os convocados no Edital de Posse N\u00ba 002\/2017 para o cargo de Agente Comunit\u00e1rio de Sa\u00fade.<\/p>\n<p>Na quarta-feira, dia 07, \u00e0s 16 horas, a solenidade de posse acontecer\u00e1 no pr\u00e9dio da C\u00e2mara Municipal, situada na Avenida Ol\u00edmpio Gomes, 2\u00ba andar, quando estar\u00e3o sendo empossados e recebendo suas portarias os candidatos convocados no Edital 001\/2017 para os cargos de: Fiscal de Obras \u2013 T\u00e9cnico Administrativo Plantonista \u2013 Agentes Municipais de Tr\u00e2nsito e Transporte \u2013 Cozinheiro Plantonista \u2013 Art\u00edfices Pedreiros e Pintores \u2013 Auxiliares de Servi\u00e7os Diversos Plantonistas \u2013 Porteiro \u2013 Auxiliar de Consult\u00f3rio Dent\u00e1rio \u2013 T\u00e9cnico em Enfermagem Plantonista \u2013 T\u00e9cnico em Enfermagem \u2013 Atendente de Farm\u00e1cia \u2013 T\u00e9cnico em Radiologia Plantonista \u2013 R\u00e1dio Operador \u2013 Telefonista Auxiliar de Regula\u00e7\u00e3o M\u00e9dica \u2013 Condutor Socorrista Plantonista \u2013 Biom\u00e9dico \u2013 Farmac\u00eautico \u2013 Fonoaudi\u00f3logo \u2013 M\u00e9dico Dermatologista \u2013 M\u00e9dico Endocrinologista \u2013 M\u00e9dico Neurologista \u2013 M\u00e9dico Oftalmologista \u2013 M\u00e9dico Psiquiatra \u2013 CAPS \u2013 M\u00e9dico Cardiologista \u2013 M\u00e9dico Urologista \u2013 M\u00e9dico Radiologista \u2013 M\u00e9dico \u2013 M\u00e9dico Cl\u00ednico Geral Plantonista \u2013 Enfermeiro Plantonista \u2013 Odont\u00f3logo \u2013 Odont\u00f3logo Endodontista \u2013 Odont\u00f3logo Cirurgi\u00e3o \u2013 Assistente Social \u2013 CREAS \u2013 Psic\u00f3logo \u2013 Psic\u00f3logo-CREAS \u2013 Psic\u00f3logo \u2013 CRAS \u2013 Pedagogo \u2013 CREAS e Assistente Jur\u00eddico.<\/p>\n<p>A solenidade de posse ser\u00e1 presidida pela prefeita Anna Lorena, que j\u00e1 antecipou a satisfa\u00e7\u00e3o de poder presenciar este momento t\u00e3o importante para cada um dos aprovados e que estar\u00e3o sendo efetivamente empossados. \u201c\u00c9 com muita alegria que recebemos os aprovados no concurso. Desejamos desde j\u00e1 a todos que sejam felizes em seus cargos e ajudem em cada setor a tornar Monteiro uma cidade cada vez melhor\u201d, disse a Prefeita Anna Lorena ao autorizar o convite para \u00e0s solenidades.<\/p>\n<p><em><strong>Cariri em Destaque<\/strong><\/em><\/p>\n<p>Com Ascom\/PMM<\/p>\n","protected":false},"excerpt":{"rendered":"<p>A Prefeitura Municipal de Monteiro, atrav\u00e9s da Secretaria de Administra\u00e7\u00e3o, empossar\u00e1 esta semana todos os convocados no Concurso P\u00fablico 001\/2017 e 002\/2017 em solenidade que acontecer\u00e1 na ter\u00e7a-feira, dia, 06 e na quarta-feira, dia 07. Nesta ter\u00e7a-feira estar\u00e3o tomando posse no Gabinete da Prefeita, \u00e0s 17 horas, os convocados no Edital de Posse N\u00ba 002\/2017 para o cargo de Agente Comunit\u00e1rio de Sa\u00fade. Na quarta-feira, dia 07, \u00e0s 16 horas, a solenidade de posse acontecer\u00e1 no pr\u00e9dio da C\u00e2mara Municipal, situada na Avenida Ol\u00edmpio Gomes, 2\u00ba andar, quando estar\u00e3o sendo empossados e recebendo suas portarias os candidatos convocados no Edital 001\/2017 para os cargos de: Fiscal de Obras \u2013 T\u00e9cnico Administrativo Plantonista \u2013 Agentes Municipais de Tr\u00e2nsito e Transporte \u2013 Cozinheiro Plantonista \u2013 Art\u00edfices Pedreiros e Pintores \u2013 Auxiliares de Servi\u00e7os Diversos Plantonistas \u2013 Porteiro \u2013 Auxiliar de Consult\u00f3rio Dent\u00e1rio \u2013 T\u00e9cnico em Enfermagem Plantonista \u2013 T\u00e9cnico em Enfermagem \u2013 Atendente de Farm\u00e1cia \u2013 T\u00e9cnico em Radiologia Plantonista \u2013 R\u00e1dio Operador \u2013 Telefonista Auxiliar de Regula\u00e7\u00e3o M\u00e9dica \u2013 Condutor Socorrista Plantonista \u2013 Biom\u00e9dico \u2013 Farmac\u00eautico \u2013 Fonoaudi\u00f3logo \u2013 M\u00e9dico Dermatologista \u2013 M\u00e9dico Endocrinologista \u2013 M\u00e9dico Neurologista \u2013 M\u00e9dico Oftalmologista \u2013 M\u00e9dico Psiquiatra \u2013 CAPS \u2013 M\u00e9dico Cardiologista \u2013 M\u00e9dico Urologista \u2013 M\u00e9dico Radiologista \u2013 M\u00e9dico \u2013 M\u00e9dico Cl\u00ednico Geral Plantonista \u2013 Enfermeiro Plantonista \u2013 Odont\u00f3logo \u2013 Odont\u00f3logo Endodontista \u2013 Odont\u00f3logo Cirurgi\u00e3o \u2013 Assistente Social \u2013 CREAS \u2013 Psic\u00f3logo \u2013 Psic\u00f3logo-CREAS \u2013 Psic\u00f3logo \u2013 CRAS \u2013 Pedagogo \u2013 CREAS e Assistente Jur\u00eddico. A solenidade de posse ser\u00e1 presidida pela prefeita Anna Lorena, que j\u00e1 antecipou a satisfa\u00e7\u00e3o de poder presenciar este momento t\u00e3o importante para cada um dos aprovados e que estar\u00e3o sendo efetivamente empossados. \u201c\u00c9 com muita alegria que recebemos os aprovados no concurso. Desejamos desde j\u00e1 a todos que sejam felizes em seus cargos e ajudem em cada setor a tornar Monteiro uma cidade cada vez melhor\u201d, disse a Prefeita Anna Lorena ao autorizar o convite para \u00e0s solenidades. Cariri em Destaque Com Ascom\/PMM<\/p>\n","protected":false},"author":2,"featured_media":8337,"comment_status":"closed","ping_status":"open","sticky":false,"template":"","format":"standard","meta":{"_eb_attr":"","_jetpack_memberships_contains_paid_content":false,"footnotes":""},"categories":[3],"tags":[],"class_list":["post-8336","post","type-post","status-publish","format-standard","has-post-thumbnail","hentry","category-cidades"],"yoast_head":"<!-- This site is optimized with the Yoast SEO plugin v26.5 - https:\/\/yoast.com\/wordpress\/plugins\/seo\/ -->\n<title>Prefeitura de Monteiro empossa aprovados em concurso p\u00fablico nesta ter\u00e7a e quarta-feira - Not&iacute;cias em Destaque<\/title>\n<meta name=\"robots\" content=\"index, follow, max-snippet:-1, max-image-preview:large, max-video-preview:-1\" \/>\n<link rel=\"canonical\" href=\"https:\/\/noticiasemdestaque.com\/cd\/?p=8336\" \/>\n<meta property=\"og:locale\" content=\"pt_BR\" \/>\n<meta property=\"og:type\" content=\"article\" \/>\n<meta property=\"og:title\" content=\"Prefeitura de Monteiro empossa aprovados em concurso p\u00fablico nesta ter\u00e7a e quarta-feira - Not&iacute;cias em Destaque\" \/>\n<meta property=\"og:description\" content=\"A Prefeitura Municipal de Monteiro, atrav\u00e9s da Secretaria de Administra\u00e7\u00e3o, empossar\u00e1 esta semana todos os convocados no Concurso P\u00fablico 001\/2017 e 002\/2017 em solenidade que acontecer\u00e1 na ter\u00e7a-feira, dia, 06 e na quarta-feira, dia 07. Nesta ter\u00e7a-feira estar\u00e3o tomando posse no Gabinete da Prefeita, \u00e0s 17 horas, os convocados no Edital de Posse N\u00ba 002\/2017 para o cargo de Agente Comunit\u00e1rio de Sa\u00fade. Na quarta-feira, dia 07, \u00e0s 16 horas, a solenidade de posse acontecer\u00e1 no pr\u00e9dio da C\u00e2mara Municipal, situada na Avenida Ol\u00edmpio Gomes, 2\u00ba andar, quando estar\u00e3o sendo empossados e recebendo suas portarias os candidatos convocados no Edital 001\/2017 para os cargos de: Fiscal de Obras \u2013 T\u00e9cnico Administrativo Plantonista \u2013 Agentes Municipais de Tr\u00e2nsito e Transporte \u2013 Cozinheiro Plantonista \u2013 Art\u00edfices Pedreiros e Pintores \u2013 Auxiliares de Servi\u00e7os Diversos Plantonistas \u2013 Porteiro \u2013 Auxiliar de Consult\u00f3rio Dent\u00e1rio \u2013 T\u00e9cnico em Enfermagem Plantonista \u2013 T\u00e9cnico em Enfermagem \u2013 Atendente de Farm\u00e1cia \u2013 T\u00e9cnico em Radiologia Plantonista \u2013 R\u00e1dio Operador \u2013 Telefonista Auxiliar de Regula\u00e7\u00e3o M\u00e9dica \u2013 Condutor Socorrista Plantonista \u2013 Biom\u00e9dico \u2013 Farmac\u00eautico \u2013 Fonoaudi\u00f3logo \u2013 M\u00e9dico Dermatologista \u2013 M\u00e9dico Endocrinologista \u2013 M\u00e9dico Neurologista \u2013 M\u00e9dico Oftalmologista \u2013 M\u00e9dico Psiquiatra \u2013 CAPS \u2013 M\u00e9dico Cardiologista \u2013 M\u00e9dico Urologista \u2013 M\u00e9dico Radiologista \u2013 M\u00e9dico \u2013 M\u00e9dico Cl\u00ednico Geral Plantonista \u2013 Enfermeiro Plantonista \u2013 Odont\u00f3logo \u2013 Odont\u00f3logo Endodontista \u2013 Odont\u00f3logo Cirurgi\u00e3o \u2013 Assistente Social \u2013 CREAS \u2013 Psic\u00f3logo \u2013 Psic\u00f3logo-CREAS \u2013 Psic\u00f3logo \u2013 CRAS \u2013 Pedagogo \u2013 CREAS e Assistente Jur\u00eddico. A solenidade de posse ser\u00e1 presidida pela prefeita Anna Lorena, que j\u00e1 antecipou a satisfa\u00e7\u00e3o de poder presenciar este momento t\u00e3o importante para cada um dos aprovados e que estar\u00e3o sendo efetivamente empossados. \u201c\u00c9 com muita alegria que recebemos os aprovados no concurso. Desejamos desde j\u00e1 a todos que sejam felizes em seus cargos e ajudem em cada setor a tornar Monteiro uma cidade cada vez melhor\u201d, disse a Prefeita Anna Lorena ao autorizar o convite para \u00e0s solenidades. Cariri em Destaque Com Ascom\/PMM\" \/>\n<meta property=\"og:url\" content=\"https:\/\/noticiasemdestaque.com\/cd\/?p=8336\" \/>\n<meta property=\"og:site_name\" content=\"Not&iacute;cias em Destaque\" \/>\n<meta property=\"article:published_time\" content=\"2018-03-05T23:26:42+00:00\" \/>\n<meta property=\"og:image\" content=\"https:\/\/noticiasemdestaque.com\/cd\/wp-content\/uploads\/2018\/03\/Lorena_Posse-Educa\u00e7\u00e3o.jpg\" \/>\n\t<meta property=\"og:image:width\" content=\"1024\" \/>\n\t<meta property=\"og:image:height\" content=\"681\" \/>\n\t<meta property=\"og:image:type\" content=\"image\/jpeg\" \/>\n<meta name=\"author\" content=\"Not\u00edcias em Destaque\" \/>\n<meta name=\"twitter:card\" content=\"summary_large_image\" \/>\n<meta name=\"twitter:label1\" content=\"Escrito por\" \/>\n\t<meta name=\"twitter:data1\" content=\"Not\u00edcias em Destaque\" \/>\n\t<meta name=\"twitter:label2\" content=\"Est. tempo de leitura\" \/>\n\t<meta name=\"twitter:data2\" content=\"2 minutos\" \/>\n<script type=\"application\/ld+json\" class=\"yoast-schema-graph\">{\"@context\":\"https:\/\/schema.org\",\"@graph\":[{\"@type\":\"Article\",\"@id\":\"https:\/\/noticiasemdestaque.com\/cd\/?p=8336#article\",\"isPartOf\":{\"@id\":\"https:\/\/noticiasemdestaque.com\/cd\/?p=8336\"},\"author\":{\"name\":\"Not\u00edcias em Destaque\",\"@id\":\"https:\/\/noticiasemdestaque.com\/cd\/#\/schema\/person\/4a81fb71f77579d059c3045891fa1786\"},\"headline\":\"Prefeitura de Monteiro empossa aprovados em concurso p\u00fablico nesta ter\u00e7a e quarta-feira\",\"datePublished\":\"2018-03-05T23:26:42+00:00\",\"mainEntityOfPage\":{\"@id\":\"https:\/\/noticiasemdestaque.com\/cd\/?p=8336\"},\"wordCount\":339,\"publisher\":{\"@id\":\"https:\/\/noticiasemdestaque.com\/cd\/#organization\"},\"image\":{\"@id\":\"https:\/\/noticiasemdestaque.com\/cd\/?p=8336#primaryimage\"},\"thumbnailUrl\":\"https:\/\/noticiasemdestaque.com\/cd\/wp-content\/uploads\/2018\/03\/Lorena_Posse-Educa\u00e7\u00e3o.jpg\",\"articleSection\":[\"Cidades\"],\"inLanguage\":\"pt-BR\"},{\"@type\":\"WebPage\",\"@id\":\"https:\/\/noticiasemdestaque.com\/cd\/?p=8336\",\"url\":\"https:\/\/noticiasemdestaque.com\/cd\/?p=8336\",\"name\":\"Prefeitura de Monteiro empossa aprovados em concurso p\u00fablico nesta ter\u00e7a e quarta-feira - Not&iacute;cias em Destaque\",\"isPartOf\":{\"@id\":\"https:\/\/noticiasemdestaque.com\/cd\/#website\"},\"primaryImageOfPage\":{\"@id\":\"https:\/\/noticiasemdestaque.com\/cd\/?p=8336#primaryimage\"},\"image\":{\"@id\":\"https:\/\/noticiasemdestaque.com\/cd\/?p=8336#primaryimage\"},\"thumbnailUrl\":\"https:\/\/noticiasemdestaque.com\/cd\/wp-content\/uploads\/2018\/03\/Lorena_Posse-Educa\u00e7\u00e3o.jpg\",\"datePublished\":\"2018-03-05T23:26:42+00:00\",\"breadcrumb\":{\"@id\":\"https:\/\/noticiasemdestaque.com\/cd\/?p=8336#breadcrumb\"},\"inLanguage\":\"pt-BR\",\"potentialAction\":[{\"@type\":\"ReadAction\",\"target\":[\"https:\/\/noticiasemdestaque.com\/cd\/?p=8336\"]}]},{\"@type\":\"ImageObject\",\"inLanguage\":\"pt-BR\",\"@id\":\"https:\/\/noticiasemdestaque.com\/cd\/?p=8336#primaryimage\",\"url\":\"https:\/\/noticiasemdestaque.com\/cd\/wp-content\/uploads\/2018\/03\/Lorena_Posse-Educa\u00e7\u00e3o.jpg\",\"contentUrl\":\"https:\/\/noticiasemdestaque.com\/cd\/wp-content\/uploads\/2018\/03\/Lorena_Posse-Educa\u00e7\u00e3o.jpg\",\"width\":1024,\"height\":681},{\"@type\":\"BreadcrumbList\",\"@id\":\"https:\/\/noticiasemdestaque.com\/cd\/?p=8336#breadcrumb\",\"itemListElement\":[{\"@type\":\"ListItem\",\"position\":1,\"name\":\"In\u00edcio\",\"item\":\"https:\/\/noticiasemdestaque.com\/cd\/\"},{\"@type\":\"ListItem\",\"position\":2,\"name\":\"Prefeitura de Monteiro empossa aprovados em concurso p\u00fablico nesta ter\u00e7a e quarta-feira\"}]},{\"@type\":\"WebSite\",\"@id\":\"https:\/\/noticiasemdestaque.com\/cd\/#website\",\"url\":\"https:\/\/noticiasemdestaque.com\/cd\/\",\"name\":\"Not&iacute;cias em Destaque\",\"description\":\"\",\"publisher\":{\"@id\":\"https:\/\/noticiasemdestaque.com\/cd\/#organization\"},\"potentialAction\":[{\"@type\":\"SearchAction\",\"target\":{\"@type\":\"EntryPoint\",\"urlTemplate\":\"https:\/\/noticiasemdestaque.com\/cd\/?s={search_term_string}\"},\"query-input\":{\"@type\":\"PropertyValueSpecification\",\"valueRequired\":true,\"valueName\":\"search_term_string\"}}],\"inLanguage\":\"pt-BR\"},{\"@type\":\"Organization\",\"@id\":\"https:\/\/noticiasemdestaque.com\/cd\/#organization\",\"name\":\"Not\u00edcias em Destaque\",\"url\":\"https:\/\/noticiasemdestaque.com\/cd\/\",\"logo\":{\"@type\":\"ImageObject\",\"inLanguage\":\"pt-BR\",\"@id\":\"https:\/\/noticiasemdestaque.com\/cd\/#\/schema\/logo\/image\/\",\"url\":\"https:\/\/noticiasemdestaque.com\/cd\/wp-content\/uploads\/2022\/05\/imagem-base-noticiasemdestaque.png\",\"contentUrl\":\"https:\/\/noticiasemdestaque.com\/cd\/wp-content\/uploads\/2022\/05\/imagem-base-noticiasemdestaque.png\",\"width\":1200,\"height\":630,\"caption\":\"Not\u00edcias em Destaque\"},\"image\":{\"@id\":\"https:\/\/noticiasemdestaque.com\/cd\/#\/schema\/logo\/image\/\"}},{\"@type\":\"Person\",\"@id\":\"https:\/\/noticiasemdestaque.com\/cd\/#\/schema\/person\/4a81fb71f77579d059c3045891fa1786\",\"name\":\"Not\u00edcias em Destaque\",\"url\":\"https:\/\/noticiasemdestaque.com\/cd\/?author=2\"}]}<\/script>\n<!-- \/ Yoast SEO plugin. -->","yoast_head_json":{"title":"Prefeitura de Monteiro empossa aprovados em concurso p\u00fablico nesta ter\u00e7a e quarta-feira - Not&iacute;cias em Destaque","robots":{"index":"index","follow":"follow","max-snippet":"max-snippet:-1","max-image-preview":"max-image-preview:large","max-video-preview":"max-video-preview:-1"},"canonical":"https:\/\/noticiasemdestaque.com\/cd\/?p=8336","og_locale":"pt_BR","og_type":"article","og_title":"Prefeitura de Monteiro empossa aprovados em concurso p\u00fablico nesta ter\u00e7a e quarta-feira - Not&iacute;cias em Destaque","og_description":"A Prefeitura Municipal de Monteiro, atrav\u00e9s da Secretaria de Administra\u00e7\u00e3o, empossar\u00e1 esta semana todos os convocados no Concurso P\u00fablico 001\/2017 e 002\/2017 em solenidade que acontecer\u00e1 na ter\u00e7a-feira, dia, 06 e na quarta-feira, dia 07. Nesta ter\u00e7a-feira estar\u00e3o tomando posse no Gabinete da Prefeita, \u00e0s 17 horas, os convocados no Edital de Posse N\u00ba 002\/2017 para o cargo de Agente Comunit\u00e1rio de Sa\u00fade. Na quarta-feira, dia 07, \u00e0s 16 horas, a solenidade de posse acontecer\u00e1 no pr\u00e9dio da C\u00e2mara Municipal, situada na Avenida Ol\u00edmpio Gomes, 2\u00ba andar, quando estar\u00e3o sendo empossados e recebendo suas portarias os candidatos convocados no Edital 001\/2017 para os cargos de: Fiscal de Obras \u2013 T\u00e9cnico Administrativo Plantonista \u2013 Agentes Municipais de Tr\u00e2nsito e Transporte \u2013 Cozinheiro Plantonista \u2013 Art\u00edfices Pedreiros e Pintores \u2013 Auxiliares de Servi\u00e7os Diversos Plantonistas \u2013 Porteiro \u2013 Auxiliar de Consult\u00f3rio Dent\u00e1rio \u2013 T\u00e9cnico em Enfermagem Plantonista \u2013 T\u00e9cnico em Enfermagem \u2013 Atendente de Farm\u00e1cia \u2013 T\u00e9cnico em Radiologia Plantonista \u2013 R\u00e1dio Operador \u2013 Telefonista Auxiliar de Regula\u00e7\u00e3o M\u00e9dica \u2013 Condutor Socorrista Plantonista \u2013 Biom\u00e9dico \u2013 Farmac\u00eautico \u2013 Fonoaudi\u00f3logo \u2013 M\u00e9dico Dermatologista \u2013 M\u00e9dico Endocrinologista \u2013 M\u00e9dico Neurologista \u2013 M\u00e9dico Oftalmologista \u2013 M\u00e9dico Psiquiatra \u2013 CAPS \u2013 M\u00e9dico Cardiologista \u2013 M\u00e9dico Urologista \u2013 M\u00e9dico Radiologista \u2013 M\u00e9dico \u2013 M\u00e9dico Cl\u00ednico Geral Plantonista \u2013 Enfermeiro Plantonista \u2013 Odont\u00f3logo \u2013 Odont\u00f3logo Endodontista \u2013 Odont\u00f3logo Cirurgi\u00e3o \u2013 Assistente Social \u2013 CREAS \u2013 Psic\u00f3logo \u2013 Psic\u00f3logo-CREAS \u2013 Psic\u00f3logo \u2013 CRAS \u2013 Pedagogo \u2013 CREAS e Assistente Jur\u00eddico. A solenidade de posse ser\u00e1 presidida pela prefeita Anna Lorena, que j\u00e1 antecipou a satisfa\u00e7\u00e3o de poder presenciar este momento t\u00e3o importante para cada um dos aprovados e que estar\u00e3o sendo efetivamente empossados. \u201c\u00c9 com muita alegria que recebemos os aprovados no concurso. Desejamos desde j\u00e1 a todos que sejam felizes em seus cargos e ajudem em cada setor a tornar Monteiro uma cidade cada vez melhor\u201d, disse a Prefeita Anna Lorena ao autorizar o convite para \u00e0s solenidades. Cariri em Destaque Com Ascom\/PMM","og_url":"https:\/\/noticiasemdestaque.com\/cd\/?p=8336","og_site_name":"Not&iacute;cias em Destaque","article_published_time":"2018-03-05T23:26:42+00:00","og_image":[{"width":1024,"height":681,"url":"https:\/\/noticiasemdestaque.com\/cd\/wp-content\/uploads\/2018\/03\/Lorena_Posse-Educa\u00e7\u00e3o.jpg","type":"image\/jpeg"}],"author":"Not\u00edcias em Destaque","twitter_card":"summary_large_image","twitter_misc":{"Escrito por":"Not\u00edcias em Destaque","Est. tempo de leitura":"2 minutos"},"schema":{"@context":"https:\/\/schema.org","@graph":[{"@type":"Article","@id":"https:\/\/noticiasemdestaque.com\/cd\/?p=8336#article","isPartOf":{"@id":"https:\/\/noticiasemdestaque.com\/cd\/?p=8336"},"author":{"name":"Not\u00edcias em Destaque","@id":"https:\/\/noticiasemdestaque.com\/cd\/#\/schema\/person\/4a81fb71f77579d059c3045891fa1786"},"headline":"Prefeitura de Monteiro empossa aprovados em concurso p\u00fablico nesta ter\u00e7a e quarta-feira","datePublished":"2018-03-05T23:26:42+00:00","mainEntityOfPage":{"@id":"https:\/\/noticiasemdestaque.com\/cd\/?p=8336"},"wordCount":339,"publisher":{"@id":"https:\/\/noticiasemdestaque.com\/cd\/#organization"},"image":{"@id":"https:\/\/noticiasemdestaque.com\/cd\/?p=8336#primaryimage"},"thumbnailUrl":"https:\/\/noticiasemdestaque.com\/cd\/wp-content\/uploads\/2018\/03\/Lorena_Posse-Educa\u00e7\u00e3o.jpg","articleSection":["Cidades"],"inLanguage":"pt-BR"},{"@type":"WebPage","@id":"https:\/\/noticiasemdestaque.com\/cd\/?p=8336","url":"https:\/\/noticiasemdestaque.com\/cd\/?p=8336","name":"Prefeitura de Monteiro empossa aprovados em concurso p\u00fablico nesta ter\u00e7a e quarta-feira - Not&iacute;cias em Destaque","isPartOf":{"@id":"https:\/\/noticiasemdestaque.com\/cd\/#website"},"primaryImageOfPage":{"@id":"https:\/\/noticiasemdestaque.com\/cd\/?p=8336#primaryimage"},"image":{"@id":"https:\/\/noticiasemdestaque.com\/cd\/?p=8336#primaryimage"},"thumbnailUrl":"https:\/\/noticiasemdestaque.com\/cd\/wp-content\/uploads\/2018\/03\/Lorena_Posse-Educa\u00e7\u00e3o.jpg","datePublished":"2018-03-05T23:26:42+00:00","breadcrumb":{"@id":"https:\/\/noticiasemdestaque.com\/cd\/?p=8336#breadcrumb"},"inLanguage":"pt-BR","potentialAction":[{"@type":"ReadAction","target":["https:\/\/noticiasemdestaque.com\/cd\/?p=8336"]}]},{"@type":"ImageObject","inLanguage":"pt-BR","@id":"https:\/\/noticiasemdestaque.com\/cd\/?p=8336#primaryimage","url":"https:\/\/noticiasemdestaque.com\/cd\/wp-content\/uploads\/2018\/03\/Lorena_Posse-Educa\u00e7\u00e3o.jpg","contentUrl":"https:\/\/noticiasemdestaque.com\/cd\/wp-content\/uploads\/2018\/03\/Lorena_Posse-Educa\u00e7\u00e3o.jpg","width":1024,"height":681},{"@type":"BreadcrumbList","@id":"https:\/\/noticiasemdestaque.com\/cd\/?p=8336#breadcrumb","itemListElement":[{"@type":"ListItem","position":1,"name":"In\u00edcio","item":"https:\/\/noticiasemdestaque.com\/cd\/"},{"@type":"ListItem","position":2,"name":"Prefeitura de Monteiro empossa aprovados em concurso p\u00fablico nesta ter\u00e7a e quarta-feira"}]},{"@type":"WebSite","@id":"https:\/\/noticiasemdestaque.com\/cd\/#website","url":"https:\/\/noticiasemdestaque.com\/cd\/","name":"Not&iacute;cias em Destaque","description":"","publisher":{"@id":"https:\/\/noticiasemdestaque.com\/cd\/#organization"},"potentialAction":[{"@type":"SearchAction","target":{"@type":"EntryPoint","urlTemplate":"https:\/\/noticiasemdestaque.com\/cd\/?s={search_term_string}"},"query-input":{"@type":"PropertyValueSpecification","valueRequired":true,"valueName":"search_term_string"}}],"inLanguage":"pt-BR"},{"@type":"Organization","@id":"https:\/\/noticiasemdestaque.com\/cd\/#organization","name":"Not\u00edcias em Destaque","url":"https:\/\/noticiasemdestaque.com\/cd\/","logo":{"@type":"ImageObject","inLanguage":"pt-BR","@id":"https:\/\/noticiasemdestaque.com\/cd\/#\/schema\/logo\/image\/","url":"https:\/\/noticiasemdestaque.com\/cd\/wp-content\/uploads\/2022\/05\/imagem-base-noticiasemdestaque.png","contentUrl":"https:\/\/noticiasemdestaque.com\/cd\/wp-content\/uploads\/2022\/05\/imagem-base-noticiasemdestaque.png","width":1200,"height":630,"caption":"Not\u00edcias em Destaque"},"image":{"@id":"https:\/\/noticiasemdestaque.com\/cd\/#\/schema\/logo\/image\/"}},{"@type":"Person","@id":"https:\/\/noticiasemdestaque.com\/cd\/#\/schema\/person\/4a81fb71f77579d059c3045891fa1786","name":"Not\u00edcias em Destaque","url":"https:\/\/noticiasemdestaque.com\/cd\/?author=2"}]}},"jetpack_featured_media_url":"https:\/\/noticiasemdestaque.com\/cd\/wp-content\/uploads\/2018\/03\/Lorena_Posse-Educa\u00e7\u00e3o.jpg","jetpack_sharing_enabled":true,"_links":{"self":[{"href":"https:\/\/noticiasemdestaque.com\/cd\/index.php?rest_route=\/wp\/v2\/posts\/8336","targetHints":{"allow":["GET"]}}],"collection":[{"href":"https:\/\/noticiasemdestaque.com\/cd\/index.php?rest_route=\/wp\/v2\/posts"}],"about":[{"href":"https:\/\/noticiasemdestaque.com\/cd\/index.php?rest_route=\/wp\/v2\/types\/post"}],"author":[{"embeddable":true,"href":"https:\/\/noticiasemdestaque.com\/cd\/index.php?rest_route=\/wp\/v2\/users\/2"}],"replies":[{"embeddable":true,"href":"https:\/\/noticiasemdestaque.com\/cd\/index.php?rest_route=%2Fwp%2Fv2%2Fcomments&post=8336"}],"version-history":[{"count":1,"href":"https:\/\/noticiasemdestaque.com\/cd\/index.php?rest_route=\/wp\/v2\/posts\/8336\/revisions"}],"predecessor-version":[{"id":8338,"href":"https:\/\/noticiasemdestaque.com\/cd\/index.php?rest_route=\/wp\/v2\/posts\/8336\/revisions\/8338"}],"wp:featuredmedia":[{"embeddable":true,"href":"https:\/\/noticiasemdestaque.com\/cd\/index.php?rest_route=\/wp\/v2\/media\/8337"}],"wp:attachment":[{"href":"https:\/\/noticiasemdestaque.com\/cd\/index.php?rest_route=%2Fwp%2Fv2%2Fmedia&parent=8336"}],"wp:term":[{"taxonomy":"category","embeddable":true,"href":"https:\/\/noticiasemdestaque.com\/cd\/index.php?rest_route=%2Fwp%2Fv2%2Fcategories&post=8336"},{"taxonomy":"post_tag","embeddable":true,"href":"https:\/\/noticiasemdestaque.com\/cd\/index.php?rest_route=%2Fwp%2Fv2%2Ftags&post=8336"}],"curies":[{"name":"wp","href":"https:\/\/api.w.org\/{rel}","templated":true}]}}