{"id":8323,"date":"2018-03-05T07:51:55","date_gmt":"2018-03-05T10:51:55","guid":{"rendered":"http:\/\/caririemdestaque.com\/cd\/?p=8323"},"modified":"2018-03-05T07:51:55","modified_gmt":"2018-03-05T10:51:55","slug":"base-nacional-comum-curricular-tem-nesta-terca-dia-d-de-discussao","status":"publish","type":"post","link":"https:\/\/noticiasemdestaque.com\/cd\/?p=8323","title":{"rendered":"Base Nacional Comum Curricular tem nesta ter\u00e7a Dia D de Discuss\u00e3o"},"content":{"rendered":"<figure id=\"attachment_4296\" aria-describedby=\"caption-attachment-4296\" style=\"width: 186px\" class=\"wp-caption alignleft\"><img decoding=\"async\" class=\" wp-image-4296\" src=\"http:\/\/95fmsume.com.br\/95\/wp-content\/uploads\/2018\/03\/28082015-dsc_6466-300x201.jpg\" alt=\"\" width=\"186\" height=\"124\" \/><figcaption id=\"caption-attachment-4296\" class=\"wp-caption-text\">Imagem Ilustrativa (Foto: Arquivo\/Ag\u00eancia Brasil)<\/figcaption><\/figure>\n<p>Na pr\u00f3xima ter\u00e7a-feira (6) ser\u00e3o realizadas diversas a\u00e7\u00f5es voltadas para uma mobiliza\u00e7\u00e3o nacional em torno da Base Nacional Comum Curricular (BNCC) da educa\u00e7\u00e3o infantil e do ensino fundamental.<\/p>\n<p>Nessa data, que ser\u00e1 marcada como o Dia D de Discuss\u00e3o da BNCC, o Minist\u00e9rio da Educa\u00e7\u00e3o (MEC), o Conselho Nacional de Secret\u00e1rios de Educa\u00e7\u00e3o (Consed) e a Uni\u00e3o Nacional de Dirigentes Municipais de Educa\u00e7\u00e3o (Undime) v\u00e3o promover discuss\u00f5es em diversas localidades explicando a estrutura e as compet\u00eancias do texto.<\/p>\n<p>V\u00e3o participar do Dia D de Discuss\u00e3o da BNCC secretarias estaduais e municipais de educa\u00e7\u00e3o, escolas e professores. Entre as atividades previstas est\u00e3o apresenta\u00e7\u00f5es informativas e din\u00e2micas, visando ao engajamento dos profissionais da educa\u00e7\u00e3o no processo de concretiza\u00e7\u00e3o do curr\u00edculo comum.<\/p>\n<p>A Base Nacional Comum Curricular foi homologada em 20 de dezembro do ano passado. O documento, que apresenta os conhecimentos, compet\u00eancias e habilidades considerados essenciais no processo de aprendizado dos estudantes brasileiros ao longo da educa\u00e7\u00e3o b\u00e1sica e servir\u00e1 como refer\u00eancia para a formula\u00e7\u00e3o dos curr\u00edculos dos sistemas e das redes escolares estaduais e municipais, foi cercado de pol\u00eamicas durante todo o ano.<\/p>\n<p>O documento que j\u00e1 est\u00e1 em vigor trata apenas das diretrizes para os curr\u00edculos das escolas de educa\u00e7\u00e3o infantil e ensino fundamental. A base para o ensino m\u00e9dio dever\u00e1 ser enviada pelo Minist\u00e9rio da Educa\u00e7\u00e3o ao Conselho Nacional de Educa\u00e7\u00e3o at\u00e9 o fim de mar\u00e7o.<\/p>\n","protected":false},"excerpt":{"rendered":"<p>Na pr\u00f3xima ter\u00e7a-feira (6) ser\u00e3o realizadas diversas a\u00e7\u00f5es voltadas para uma mobiliza\u00e7\u00e3o nacional em torno da Base Nacional Comum Curricular (BNCC) da educa\u00e7\u00e3o infantil e do ensino fundamental. Nessa data, que ser\u00e1 marcada como o Dia D de Discuss\u00e3o da BNCC, o Minist\u00e9rio da Educa\u00e7\u00e3o (MEC), o Conselho Nacional de Secret\u00e1rios de Educa\u00e7\u00e3o (Consed) e a Uni\u00e3o Nacional de Dirigentes Municipais de Educa\u00e7\u00e3o (Undime) v\u00e3o promover discuss\u00f5es em diversas localidades explicando a estrutura e as compet\u00eancias do texto. V\u00e3o participar do Dia D de Discuss\u00e3o da BNCC secretarias estaduais e municipais de educa\u00e7\u00e3o, escolas e professores. Entre as atividades previstas est\u00e3o apresenta\u00e7\u00f5es informativas e din\u00e2micas, visando ao engajamento dos profissionais da educa\u00e7\u00e3o no processo de concretiza\u00e7\u00e3o do curr\u00edculo comum. A Base Nacional Comum Curricular foi homologada em 20 de dezembro do ano passado. O documento, que apresenta os conhecimentos, compet\u00eancias e habilidades considerados essenciais no processo de aprendizado dos estudantes brasileiros ao longo da educa\u00e7\u00e3o b\u00e1sica e servir\u00e1 como refer\u00eancia para a formula\u00e7\u00e3o dos curr\u00edculos dos sistemas e das redes escolares estaduais e municipais, foi cercado de pol\u00eamicas durante todo o ano. O documento que j\u00e1 est\u00e1 em vigor trata apenas das diretrizes para os curr\u00edculos das escolas de educa\u00e7\u00e3o infantil e ensino fundamental. A base para o ensino m\u00e9dio dever\u00e1 ser enviada pelo Minist\u00e9rio da Educa\u00e7\u00e3o ao Conselho Nacional de Educa\u00e7\u00e3o at\u00e9 o fim de mar\u00e7o.<\/p>\n","protected":false},"author":2,"featured_media":8324,"comment_status":"closed","ping_status":"open","sticky":false,"template":"","format":"standard","meta":{"_eb_attr":"","_jetpack_memberships_contains_paid_content":false,"footnotes":""},"categories":[6],"tags":[],"class_list":["post-8323","post","type-post","status-publish","format-standard","has-post-thumbnail","hentry","category-educacao"],"yoast_head":"<!-- This site is optimized with the Yoast SEO plugin v26.5 - https:\/\/yoast.com\/wordpress\/plugins\/seo\/ -->\n<title>Base Nacional Comum Curricular tem nesta ter\u00e7a Dia D de Discuss\u00e3o - Not&iacute;cias em Destaque<\/title>\n<meta name=\"robots\" content=\"index, follow, max-snippet:-1, max-image-preview:large, max-video-preview:-1\" \/>\n<link rel=\"canonical\" href=\"https:\/\/noticiasemdestaque.com\/cd\/?p=8323\" \/>\n<meta property=\"og:locale\" content=\"pt_BR\" \/>\n<meta property=\"og:type\" content=\"article\" \/>\n<meta property=\"og:title\" content=\"Base Nacional Comum Curricular tem nesta ter\u00e7a Dia D de Discuss\u00e3o - Not&iacute;cias em Destaque\" \/>\n<meta property=\"og:description\" content=\"Na pr\u00f3xima ter\u00e7a-feira (6) ser\u00e3o realizadas diversas a\u00e7\u00f5es voltadas para uma mobiliza\u00e7\u00e3o nacional em torno da Base Nacional Comum Curricular (BNCC) da educa\u00e7\u00e3o infantil e do ensino fundamental. Nessa data, que ser\u00e1 marcada como o Dia D de Discuss\u00e3o da BNCC, o Minist\u00e9rio da Educa\u00e7\u00e3o (MEC), o Conselho Nacional de Secret\u00e1rios de Educa\u00e7\u00e3o (Consed) e a Uni\u00e3o Nacional de Dirigentes Municipais de Educa\u00e7\u00e3o (Undime) v\u00e3o promover discuss\u00f5es em diversas localidades explicando a estrutura e as compet\u00eancias do texto. V\u00e3o participar do Dia D de Discuss\u00e3o da BNCC secretarias estaduais e municipais de educa\u00e7\u00e3o, escolas e professores. Entre as atividades previstas est\u00e3o apresenta\u00e7\u00f5es informativas e din\u00e2micas, visando ao engajamento dos profissionais da educa\u00e7\u00e3o no processo de concretiza\u00e7\u00e3o do curr\u00edculo comum. A Base Nacional Comum Curricular foi homologada em 20 de dezembro do ano passado. O documento, que apresenta os conhecimentos, compet\u00eancias e habilidades considerados essenciais no processo de aprendizado dos estudantes brasileiros ao longo da educa\u00e7\u00e3o b\u00e1sica e servir\u00e1 como refer\u00eancia para a formula\u00e7\u00e3o dos curr\u00edculos dos sistemas e das redes escolares estaduais e municipais, foi cercado de pol\u00eamicas durante todo o ano. O documento que j\u00e1 est\u00e1 em vigor trata apenas das diretrizes para os curr\u00edculos das escolas de educa\u00e7\u00e3o infantil e ensino fundamental. A base para o ensino m\u00e9dio dever\u00e1 ser enviada pelo Minist\u00e9rio da Educa\u00e7\u00e3o ao Conselho Nacional de Educa\u00e7\u00e3o at\u00e9 o fim de mar\u00e7o.\" \/>\n<meta property=\"og:url\" content=\"https:\/\/noticiasemdestaque.com\/cd\/?p=8323\" \/>\n<meta property=\"og:site_name\" content=\"Not&iacute;cias em Destaque\" \/>\n<meta property=\"article:published_time\" content=\"2018-03-05T10:51:55+00:00\" \/>\n<meta property=\"og:image\" content=\"https:\/\/noticiasemdestaque.com\/cd\/wp-content\/uploads\/2018\/03\/28082015-dsc_6466.jpg\" \/>\n\t<meta property=\"og:image:width\" content=\"580\" \/>\n\t<meta property=\"og:image:height\" content=\"388\" \/>\n\t<meta property=\"og:image:type\" content=\"image\/jpeg\" \/>\n<meta name=\"author\" content=\"Not\u00edcias em Destaque\" \/>\n<meta name=\"twitter:card\" content=\"summary_large_image\" \/>\n<meta name=\"twitter:label1\" content=\"Escrito por\" \/>\n\t<meta name=\"twitter:data1\" content=\"Not\u00edcias em Destaque\" \/>\n\t<meta name=\"twitter:label2\" content=\"Est. tempo de leitura\" \/>\n\t<meta name=\"twitter:data2\" content=\"1 minuto\" \/>\n<script type=\"application\/ld+json\" class=\"yoast-schema-graph\">{\"@context\":\"https:\/\/schema.org\",\"@graph\":[{\"@type\":\"Article\",\"@id\":\"https:\/\/noticiasemdestaque.com\/cd\/?p=8323#article\",\"isPartOf\":{\"@id\":\"https:\/\/noticiasemdestaque.com\/cd\/?p=8323\"},\"author\":{\"name\":\"Not\u00edcias em Destaque\",\"@id\":\"https:\/\/noticiasemdestaque.com\/cd\/#\/schema\/person\/21320b03a7e8bb90128938dafc9b908a\"},\"headline\":\"Base Nacional Comum Curricular tem nesta ter\u00e7a Dia D de Discuss\u00e3o\",\"datePublished\":\"2018-03-05T10:51:55+00:00\",\"mainEntityOfPage\":{\"@id\":\"https:\/\/noticiasemdestaque.com\/cd\/?p=8323\"},\"wordCount\":291,\"publisher\":{\"@id\":\"https:\/\/noticiasemdestaque.com\/cd\/#organization\"},\"image\":{\"@id\":\"https:\/\/noticiasemdestaque.com\/cd\/?p=8323#primaryimage\"},\"thumbnailUrl\":\"https:\/\/noticiasemdestaque.com\/cd\/wp-content\/uploads\/2018\/03\/28082015-dsc_6466.jpg\",\"articleSection\":[\"Educa\u00e7\u00e3o\"],\"inLanguage\":\"pt-BR\"},{\"@type\":\"WebPage\",\"@id\":\"https:\/\/noticiasemdestaque.com\/cd\/?p=8323\",\"url\":\"https:\/\/noticiasemdestaque.com\/cd\/?p=8323\",\"name\":\"Base Nacional Comum Curricular tem nesta ter\u00e7a Dia D de Discuss\u00e3o - Not&iacute;cias em Destaque\",\"isPartOf\":{\"@id\":\"https:\/\/noticiasemdestaque.com\/cd\/#website\"},\"primaryImageOfPage\":{\"@id\":\"https:\/\/noticiasemdestaque.com\/cd\/?p=8323#primaryimage\"},\"image\":{\"@id\":\"https:\/\/noticiasemdestaque.com\/cd\/?p=8323#primaryimage\"},\"thumbnailUrl\":\"https:\/\/noticiasemdestaque.com\/cd\/wp-content\/uploads\/2018\/03\/28082015-dsc_6466.jpg\",\"datePublished\":\"2018-03-05T10:51:55+00:00\",\"breadcrumb\":{\"@id\":\"https:\/\/noticiasemdestaque.com\/cd\/?p=8323#breadcrumb\"},\"inLanguage\":\"pt-BR\",\"potentialAction\":[{\"@type\":\"ReadAction\",\"target\":[\"https:\/\/noticiasemdestaque.com\/cd\/?p=8323\"]}]},{\"@type\":\"ImageObject\",\"inLanguage\":\"pt-BR\",\"@id\":\"https:\/\/noticiasemdestaque.com\/cd\/?p=8323#primaryimage\",\"url\":\"https:\/\/noticiasemdestaque.com\/cd\/wp-content\/uploads\/2018\/03\/28082015-dsc_6466.jpg\",\"contentUrl\":\"https:\/\/noticiasemdestaque.com\/cd\/wp-content\/uploads\/2018\/03\/28082015-dsc_6466.jpg\",\"width\":580,\"height\":388},{\"@type\":\"BreadcrumbList\",\"@id\":\"https:\/\/noticiasemdestaque.com\/cd\/?p=8323#breadcrumb\",\"itemListElement\":[{\"@type\":\"ListItem\",\"position\":1,\"name\":\"In\u00edcio\",\"item\":\"https:\/\/noticiasemdestaque.com\/cd\/\"},{\"@type\":\"ListItem\",\"position\":2,\"name\":\"Base Nacional Comum Curricular tem nesta ter\u00e7a Dia D de Discuss\u00e3o\"}]},{\"@type\":\"WebSite\",\"@id\":\"https:\/\/noticiasemdestaque.com\/cd\/#website\",\"url\":\"https:\/\/noticiasemdestaque.com\/cd\/\",\"name\":\"Not&iacute;cias em Destaque\",\"description\":\"\",\"publisher\":{\"@id\":\"https:\/\/noticiasemdestaque.com\/cd\/#organization\"},\"potentialAction\":[{\"@type\":\"SearchAction\",\"target\":{\"@type\":\"EntryPoint\",\"urlTemplate\":\"https:\/\/noticiasemdestaque.com\/cd\/?s={search_term_string}\"},\"query-input\":{\"@type\":\"PropertyValueSpecification\",\"valueRequired\":true,\"valueName\":\"search_term_string\"}}],\"inLanguage\":\"pt-BR\"},{\"@type\":\"Organization\",\"@id\":\"https:\/\/noticiasemdestaque.com\/cd\/#organization\",\"name\":\"Not\u00edcias em Destaque\",\"url\":\"https:\/\/noticiasemdestaque.com\/cd\/\",\"logo\":{\"@type\":\"ImageObject\",\"inLanguage\":\"pt-BR\",\"@id\":\"https:\/\/noticiasemdestaque.com\/cd\/#\/schema\/logo\/image\/\",\"url\":\"https:\/\/noticiasemdestaque.com\/cd\/wp-content\/uploads\/2022\/05\/imagem-base-noticiasemdestaque.png\",\"contentUrl\":\"https:\/\/noticiasemdestaque.com\/cd\/wp-content\/uploads\/2022\/05\/imagem-base-noticiasemdestaque.png\",\"width\":1200,\"height\":630,\"caption\":\"Not\u00edcias em Destaque\"},\"image\":{\"@id\":\"https:\/\/noticiasemdestaque.com\/cd\/#\/schema\/logo\/image\/\"}},{\"@type\":\"Person\",\"@id\":\"https:\/\/noticiasemdestaque.com\/cd\/#\/schema\/person\/21320b03a7e8bb90128938dafc9b908a\",\"name\":\"Not\u00edcias em Destaque\",\"url\":\"https:\/\/noticiasemdestaque.com\/cd\/?author=2\"}]}<\/script>\n<!-- \/ Yoast SEO plugin. -->","yoast_head_json":{"title":"Base Nacional Comum Curricular tem nesta ter\u00e7a Dia D de Discuss\u00e3o - Not&iacute;cias em Destaque","robots":{"index":"index","follow":"follow","max-snippet":"max-snippet:-1","max-image-preview":"max-image-preview:large","max-video-preview":"max-video-preview:-1"},"canonical":"https:\/\/noticiasemdestaque.com\/cd\/?p=8323","og_locale":"pt_BR","og_type":"article","og_title":"Base Nacional Comum Curricular tem nesta ter\u00e7a Dia D de Discuss\u00e3o - Not&iacute;cias em Destaque","og_description":"Na pr\u00f3xima ter\u00e7a-feira (6) ser\u00e3o realizadas diversas a\u00e7\u00f5es voltadas para uma mobiliza\u00e7\u00e3o nacional em torno da Base Nacional Comum Curricular (BNCC) da educa\u00e7\u00e3o infantil e do ensino fundamental. Nessa data, que ser\u00e1 marcada como o Dia D de Discuss\u00e3o da BNCC, o Minist\u00e9rio da Educa\u00e7\u00e3o (MEC), o Conselho Nacional de Secret\u00e1rios de Educa\u00e7\u00e3o (Consed) e a Uni\u00e3o Nacional de Dirigentes Municipais de Educa\u00e7\u00e3o (Undime) v\u00e3o promover discuss\u00f5es em diversas localidades explicando a estrutura e as compet\u00eancias do texto. V\u00e3o participar do Dia D de Discuss\u00e3o da BNCC secretarias estaduais e municipais de educa\u00e7\u00e3o, escolas e professores. Entre as atividades previstas est\u00e3o apresenta\u00e7\u00f5es informativas e din\u00e2micas, visando ao engajamento dos profissionais da educa\u00e7\u00e3o no processo de concretiza\u00e7\u00e3o do curr\u00edculo comum. A Base Nacional Comum Curricular foi homologada em 20 de dezembro do ano passado. O documento, que apresenta os conhecimentos, compet\u00eancias e habilidades considerados essenciais no processo de aprendizado dos estudantes brasileiros ao longo da educa\u00e7\u00e3o b\u00e1sica e servir\u00e1 como refer\u00eancia para a formula\u00e7\u00e3o dos curr\u00edculos dos sistemas e das redes escolares estaduais e municipais, foi cercado de pol\u00eamicas durante todo o ano. O documento que j\u00e1 est\u00e1 em vigor trata apenas das diretrizes para os curr\u00edculos das escolas de educa\u00e7\u00e3o infantil e ensino fundamental. A base para o ensino m\u00e9dio dever\u00e1 ser enviada pelo Minist\u00e9rio da Educa\u00e7\u00e3o ao Conselho Nacional de Educa\u00e7\u00e3o at\u00e9 o fim de mar\u00e7o.","og_url":"https:\/\/noticiasemdestaque.com\/cd\/?p=8323","og_site_name":"Not&iacute;cias em Destaque","article_published_time":"2018-03-05T10:51:55+00:00","og_image":[{"width":580,"height":388,"url":"https:\/\/noticiasemdestaque.com\/cd\/wp-content\/uploads\/2018\/03\/28082015-dsc_6466.jpg","type":"image\/jpeg"}],"author":"Not\u00edcias em Destaque","twitter_card":"summary_large_image","twitter_misc":{"Escrito por":"Not\u00edcias em Destaque","Est. tempo de leitura":"1 minuto"},"schema":{"@context":"https:\/\/schema.org","@graph":[{"@type":"Article","@id":"https:\/\/noticiasemdestaque.com\/cd\/?p=8323#article","isPartOf":{"@id":"https:\/\/noticiasemdestaque.com\/cd\/?p=8323"},"author":{"name":"Not\u00edcias em Destaque","@id":"https:\/\/noticiasemdestaque.com\/cd\/#\/schema\/person\/21320b03a7e8bb90128938dafc9b908a"},"headline":"Base Nacional Comum Curricular tem nesta ter\u00e7a Dia D de Discuss\u00e3o","datePublished":"2018-03-05T10:51:55+00:00","mainEntityOfPage":{"@id":"https:\/\/noticiasemdestaque.com\/cd\/?p=8323"},"wordCount":291,"publisher":{"@id":"https:\/\/noticiasemdestaque.com\/cd\/#organization"},"image":{"@id":"https:\/\/noticiasemdestaque.com\/cd\/?p=8323#primaryimage"},"thumbnailUrl":"https:\/\/noticiasemdestaque.com\/cd\/wp-content\/uploads\/2018\/03\/28082015-dsc_6466.jpg","articleSection":["Educa\u00e7\u00e3o"],"inLanguage":"pt-BR"},{"@type":"WebPage","@id":"https:\/\/noticiasemdestaque.com\/cd\/?p=8323","url":"https:\/\/noticiasemdestaque.com\/cd\/?p=8323","name":"Base Nacional Comum Curricular tem nesta ter\u00e7a Dia D de Discuss\u00e3o - Not&iacute;cias em Destaque","isPartOf":{"@id":"https:\/\/noticiasemdestaque.com\/cd\/#website"},"primaryImageOfPage":{"@id":"https:\/\/noticiasemdestaque.com\/cd\/?p=8323#primaryimage"},"image":{"@id":"https:\/\/noticiasemdestaque.com\/cd\/?p=8323#primaryimage"},"thumbnailUrl":"https:\/\/noticiasemdestaque.com\/cd\/wp-content\/uploads\/2018\/03\/28082015-dsc_6466.jpg","datePublished":"2018-03-05T10:51:55+00:00","breadcrumb":{"@id":"https:\/\/noticiasemdestaque.com\/cd\/?p=8323#breadcrumb"},"inLanguage":"pt-BR","potentialAction":[{"@type":"ReadAction","target":["https:\/\/noticiasemdestaque.com\/cd\/?p=8323"]}]},{"@type":"ImageObject","inLanguage":"pt-BR","@id":"https:\/\/noticiasemdestaque.com\/cd\/?p=8323#primaryimage","url":"https:\/\/noticiasemdestaque.com\/cd\/wp-content\/uploads\/2018\/03\/28082015-dsc_6466.jpg","contentUrl":"https:\/\/noticiasemdestaque.com\/cd\/wp-content\/uploads\/2018\/03\/28082015-dsc_6466.jpg","width":580,"height":388},{"@type":"BreadcrumbList","@id":"https:\/\/noticiasemdestaque.com\/cd\/?p=8323#breadcrumb","itemListElement":[{"@type":"ListItem","position":1,"name":"In\u00edcio","item":"https:\/\/noticiasemdestaque.com\/cd\/"},{"@type":"ListItem","position":2,"name":"Base Nacional Comum Curricular tem nesta ter\u00e7a Dia D de Discuss\u00e3o"}]},{"@type":"WebSite","@id":"https:\/\/noticiasemdestaque.com\/cd\/#website","url":"https:\/\/noticiasemdestaque.com\/cd\/","name":"Not&iacute;cias em Destaque","description":"","publisher":{"@id":"https:\/\/noticiasemdestaque.com\/cd\/#organization"},"potentialAction":[{"@type":"SearchAction","target":{"@type":"EntryPoint","urlTemplate":"https:\/\/noticiasemdestaque.com\/cd\/?s={search_term_string}"},"query-input":{"@type":"PropertyValueSpecification","valueRequired":true,"valueName":"search_term_string"}}],"inLanguage":"pt-BR"},{"@type":"Organization","@id":"https:\/\/noticiasemdestaque.com\/cd\/#organization","name":"Not\u00edcias em Destaque","url":"https:\/\/noticiasemdestaque.com\/cd\/","logo":{"@type":"ImageObject","inLanguage":"pt-BR","@id":"https:\/\/noticiasemdestaque.com\/cd\/#\/schema\/logo\/image\/","url":"https:\/\/noticiasemdestaque.com\/cd\/wp-content\/uploads\/2022\/05\/imagem-base-noticiasemdestaque.png","contentUrl":"https:\/\/noticiasemdestaque.com\/cd\/wp-content\/uploads\/2022\/05\/imagem-base-noticiasemdestaque.png","width":1200,"height":630,"caption":"Not\u00edcias em Destaque"},"image":{"@id":"https:\/\/noticiasemdestaque.com\/cd\/#\/schema\/logo\/image\/"}},{"@type":"Person","@id":"https:\/\/noticiasemdestaque.com\/cd\/#\/schema\/person\/21320b03a7e8bb90128938dafc9b908a","name":"Not\u00edcias em Destaque","url":"https:\/\/noticiasemdestaque.com\/cd\/?author=2"}]}},"jetpack_featured_media_url":"https:\/\/noticiasemdestaque.com\/cd\/wp-content\/uploads\/2018\/03\/28082015-dsc_6466.jpg","jetpack_sharing_enabled":true,"_links":{"self":[{"href":"https:\/\/noticiasemdestaque.com\/cd\/index.php?rest_route=\/wp\/v2\/posts\/8323","targetHints":{"allow":["GET"]}}],"collection":[{"href":"https:\/\/noticiasemdestaque.com\/cd\/index.php?rest_route=\/wp\/v2\/posts"}],"about":[{"href":"https:\/\/noticiasemdestaque.com\/cd\/index.php?rest_route=\/wp\/v2\/types\/post"}],"author":[{"embeddable":true,"href":"https:\/\/noticiasemdestaque.com\/cd\/index.php?rest_route=\/wp\/v2\/users\/2"}],"replies":[{"embeddable":true,"href":"https:\/\/noticiasemdestaque.com\/cd\/index.php?rest_route=%2Fwp%2Fv2%2Fcomments&post=8323"}],"version-history":[{"count":1,"href":"https:\/\/noticiasemdestaque.com\/cd\/index.php?rest_route=\/wp\/v2\/posts\/8323\/revisions"}],"predecessor-version":[{"id":8325,"href":"https:\/\/noticiasemdestaque.com\/cd\/index.php?rest_route=\/wp\/v2\/posts\/8323\/revisions\/8325"}],"wp:featuredmedia":[{"embeddable":true,"href":"https:\/\/noticiasemdestaque.com\/cd\/index.php?rest_route=\/wp\/v2\/media\/8324"}],"wp:attachment":[{"href":"https:\/\/noticiasemdestaque.com\/cd\/index.php?rest_route=%2Fwp%2Fv2%2Fmedia&parent=8323"}],"wp:term":[{"taxonomy":"category","embeddable":true,"href":"https:\/\/noticiasemdestaque.com\/cd\/index.php?rest_route=%2Fwp%2Fv2%2Fcategories&post=8323"},{"taxonomy":"post_tag","embeddable":true,"href":"https:\/\/noticiasemdestaque.com\/cd\/index.php?rest_route=%2Fwp%2Fv2%2Ftags&post=8323"}],"curies":[{"name":"wp","href":"https:\/\/api.w.org\/{rel}","templated":true}]}}