{"id":8319,"date":"2018-03-05T07:02:34","date_gmt":"2018-03-05T10:02:34","guid":{"rendered":"http:\/\/caririemdestaque.com\/cd\/?p=8319"},"modified":"2018-03-05T07:02:34","modified_gmt":"2018-03-05T10:02:34","slug":"prefeito-do-cariri-e-denunciado-pelo-ministerio-publico-por-violar-repetidas-vezes-a-lei-de-licitacoes","status":"publish","type":"post","link":"https:\/\/noticiasemdestaque.com\/cd\/?p=8319","title":{"rendered":"Prefeito do Cariri \u00e9 denunciado pelo Minist\u00e9rio P\u00fablico por violar repetidas vezes a \u2018Lei de Licita\u00e7\u00f5es\u2019"},"content":{"rendered":"<p class=\"western\" align=\"justify\"><img fetchpriority=\"high\" decoding=\"async\" class=\"wp-image-46017 alignleft\" src=\"http:\/\/deolhonocariri.com.br\/wp-content\/uploads\/2017\/11\/taperoa2-600x388.jpg\" sizes=\"(max-width: 356px) 100vw, 356px\" srcset=\"https:\/\/deolhonocariri.com.br\/wp-content\/uploads\/2017\/11\/taperoa2-600x388.jpg 600w, https:\/\/deolhonocariri.com.br\/wp-content\/uploads\/2017\/11\/taperoa2-400x259.jpg 400w, https:\/\/deolhonocariri.com.br\/wp-content\/uploads\/2017\/11\/taperoa2.jpg 607w\" alt=\"\" width=\"356\" height=\"230\" \/><\/p>\n<p class=\"western\" align=\"justify\">O Minist\u00e9rio P\u00fablico da Para\u00edba denunciou o prefeito do munic\u00edpio de Tapero\u00e1, Jurandi Gouveia Farias, por repetidos crimes contra a \u2018Lei de Licita\u00e7\u00f5es\u2019.<\/p>\n<p class=\"western\" align=\"justify\">O denunciado, segundo o processo proposto pela Procuradoria-Geral de Justi\u00e7a, \u201cviolou, dolosa e retiradamente, a Lei Federal 8.666\/93\u201d, com contrata\u00e7\u00f5es diretas indevidas por fracionamento de despesas, sem licita\u00e7\u00e3o e sem qualquer amparo legal, nos exerc\u00edcios de 2013 e 2014. Com isso, o gestor causou danos ao er\u00e1rio e burlou os princ\u00edpios constitucionais da isonomia e da impessoalidade.<\/p>\n<p class=\"western\" align=\"justify\">A den\u00fancia do MPPB \u00e9 baseada em quatro procedimentos investigat\u00f3rios criminais (os PICs 002.2015.001482, 002.2016.000709 e 002.2016.000739 e 002.2016.000863) e na not\u00edcia de fato 002.2018.002478. As investiga\u00e7\u00f5es resultaram no processo 0000392.19.2018.815.0000, encaminhado ao Tribunal de Justi\u00e7a da Para\u00edba, na \u00faltima ter\u00e7a-feira (27), e distribu\u00eddo ao relator desembargador Jo\u00e3o Benedito da Silva.<\/p>\n<p class=\"western\" align=\"justify\">De acordo com o processo, as investiga\u00e7\u00f5es apontam a \u201cexist\u00eancia de robustos ind\u00edcios de materialidade e de autoria pelo denunciado da pr\u00e1tica dolosa, em car\u00e1ter continuado\u201d. O MPPB requereu ao TJ o registro das pe\u00e7as do processo, a notifica\u00e7\u00e3o do gestor para que apresente resposta preliminar, seja interrogado e, ao fim do rito processual, seja condenado nas penas do artigo 89, da Lei 8.666\/93, que trata da dispensa de licita\u00e7\u00e3o fora das hip\u00f3teses legais e prev\u00ea de tr\u00eas a cinco anos de deten\u00e7\u00e3o e multa.<\/p>\n<p class=\"western\" align=\"justify\"><b>Fatos investigados<\/b><\/p>\n<p class=\"western\" align=\"justify\">No relat\u00f3rio de auditoria do Tribunal de Contas referente \u00e0 presta\u00e7\u00e3o de contas do denunciado em rela\u00e7\u00e3o a 2013, conforme consta no processo, foram detectadas despesas sem licita\u00e7\u00e3o e n\u00e3o justificadas no valor de mais de R$ 42 mil, que teriam sido usadas para pagamento de material de constru\u00e7\u00e3o e automotivos a v\u00e1rios credores.<\/p>\n<p class=\"western\" align=\"justify\">J\u00e1 em 2014, tamb\u00e9m conforme processo da PGJ, o prefeito Jurandi Farias, mesmo ap\u00f3s recomenda\u00e7\u00e3o do TCE, continuou contratando diretamente e indevidamente, sem amparo legal, pessoas f\u00edsicas para executarem reformas em diversos im\u00f3veis municipais, gerando despesas de mais de R$ 48 mil.<\/p>\n<p class=\"western\" align=\"justify\">Al\u00e9m disso, as investiga\u00e7\u00f5es apontaram a contrata\u00e7\u00e3o direta de um empres\u00e1rio e pol\u00edtico para instalar pedras de m\u00e1rmore em pr\u00e9dios p\u00fablicos, no valor de R$ 9,3 mil, portanto, acima do teto permitido legalmente para dispensa de processo licitat\u00f3rio, com empenhos fracionados.<\/p>\n<p class=\"western\" align=\"justify\">Ainda em 2014, o denunciado, conforme apurado pelo Minist\u00e9rio P\u00fablico em procedimento investigat\u00f3rio criminal, fracionou a despesa total de R$ 31.762,00, pagando por contrata\u00e7\u00f5es similares de ve\u00edculos de passeio a v\u00e1rias pessoas. O MPPB ressaltou que, no mesmo exerc\u00edcio financeiro, foi feito um procedimento licitat\u00f3rio na modalidade de \u2018carta convite\u2019 para loca\u00e7\u00e3o de um ve\u00edculo popular e nenhum dos beneficiados participou do processo.<\/p>\n<p class=\"western\" align=\"justify\">A Procuradoria-Geral de Justi\u00e7a tamb\u00e9m constatou que o prefeito denunciado contratou prestadores de servi\u00e7o para realizar obras de recupera\u00e7\u00e3o e manuten\u00e7\u00e3o da rede de esgoto da cidade, tamb\u00e9m fracionando despesas que deveriam ter sido licitadas globalmente, no valor de R$ 15.750,00, beneficiando quatro pessoas.<\/p>\n<p align=\"justify\"><em>Com Ascom MPPB<\/em><\/p>\n","protected":false},"excerpt":{"rendered":"<p>O Minist\u00e9rio P\u00fablico da Para\u00edba denunciou o prefeito do munic\u00edpio de Tapero\u00e1, Jurandi Gouveia Farias, por repetidos crimes contra a \u2018Lei de Licita\u00e7\u00f5es\u2019. O denunciado, segundo o processo proposto pela Procuradoria-Geral de Justi\u00e7a, \u201cviolou, dolosa e retiradamente, a Lei Federal 8.666\/93\u201d, com contrata\u00e7\u00f5es diretas indevidas por fracionamento de despesas, sem licita\u00e7\u00e3o e sem qualquer amparo legal, nos exerc\u00edcios de 2013 e 2014. Com isso, o gestor causou danos ao er\u00e1rio e burlou os princ\u00edpios constitucionais da isonomia e da impessoalidade. A den\u00fancia do MPPB \u00e9 baseada em quatro procedimentos investigat\u00f3rios criminais (os PICs 002.2015.001482, 002.2016.000709 e 002.2016.000739 e 002.2016.000863) e na not\u00edcia de fato 002.2018.002478. As investiga\u00e7\u00f5es resultaram no processo 0000392.19.2018.815.0000, encaminhado ao Tribunal de Justi\u00e7a da Para\u00edba, na \u00faltima ter\u00e7a-feira (27), e distribu\u00eddo ao relator desembargador Jo\u00e3o Benedito da Silva. De acordo com o processo, as investiga\u00e7\u00f5es apontam a \u201cexist\u00eancia de robustos ind\u00edcios de materialidade e de autoria pelo denunciado da pr\u00e1tica dolosa, em car\u00e1ter continuado\u201d. O MPPB requereu ao TJ o registro das pe\u00e7as do processo, a notifica\u00e7\u00e3o do gestor para que apresente resposta preliminar, seja interrogado e, ao fim do rito processual, seja condenado nas penas do artigo 89, da Lei 8.666\/93, que trata da dispensa de licita\u00e7\u00e3o fora das hip\u00f3teses legais e prev\u00ea de tr\u00eas a cinco anos de deten\u00e7\u00e3o e multa. Fatos investigados No relat\u00f3rio de auditoria do Tribunal de Contas referente \u00e0 presta\u00e7\u00e3o de contas do denunciado em rela\u00e7\u00e3o a 2013, conforme consta no processo, foram detectadas despesas sem licita\u00e7\u00e3o e n\u00e3o justificadas no valor de mais de R$ 42 mil, que teriam sido usadas para pagamento de material de constru\u00e7\u00e3o e automotivos a v\u00e1rios credores. J\u00e1 em 2014, tamb\u00e9m conforme processo da PGJ, o prefeito Jurandi Farias, mesmo ap\u00f3s recomenda\u00e7\u00e3o do TCE, continuou contratando diretamente e indevidamente, sem amparo legal, pessoas f\u00edsicas para executarem reformas em diversos im\u00f3veis municipais, gerando despesas de mais de R$ 48 mil. Al\u00e9m disso, as investiga\u00e7\u00f5es apontaram a contrata\u00e7\u00e3o direta de um empres\u00e1rio e pol\u00edtico para instalar pedras de m\u00e1rmore em pr\u00e9dios p\u00fablicos, no valor de R$ 9,3 mil, portanto, acima do teto permitido legalmente para dispensa de processo licitat\u00f3rio, com empenhos fracionados. Ainda em 2014, o denunciado, conforme apurado pelo Minist\u00e9rio P\u00fablico em procedimento investigat\u00f3rio criminal, fracionou a despesa total de R$ 31.762,00, pagando por contrata\u00e7\u00f5es similares de ve\u00edculos de passeio a v\u00e1rias pessoas. O MPPB ressaltou que, no mesmo exerc\u00edcio financeiro, foi feito um procedimento licitat\u00f3rio na modalidade de \u2018carta convite\u2019 para loca\u00e7\u00e3o de um ve\u00edculo popular e nenhum dos beneficiados participou do processo. A Procuradoria-Geral de Justi\u00e7a tamb\u00e9m constatou que o prefeito denunciado contratou prestadores de servi\u00e7o para realizar obras de recupera\u00e7\u00e3o e manuten\u00e7\u00e3o da rede de esgoto da cidade, tamb\u00e9m fracionando despesas que deveriam ter sido licitadas globalmente, no valor de R$ 15.750,00, beneficiando quatro pessoas. Com Ascom MPPB<\/p>\n","protected":false},"author":2,"featured_media":8320,"comment_status":"closed","ping_status":"open","sticky":false,"template":"","format":"standard","meta":{"_eb_attr":"","_jetpack_memberships_contains_paid_content":false,"footnotes":""},"categories":[3],"tags":[],"class_list":["post-8319","post","type-post","status-publish","format-standard","has-post-thumbnail","hentry","category-cidades"],"yoast_head":"<!-- This site is optimized with the Yoast SEO plugin v26.5 - https:\/\/yoast.com\/wordpress\/plugins\/seo\/ -->\n<title>Prefeito do Cariri \u00e9 denunciado pelo Minist\u00e9rio P\u00fablico por violar repetidas vezes a \u2018Lei de Licita\u00e7\u00f5es\u2019 - Not&iacute;cias em Destaque<\/title>\n<meta name=\"robots\" content=\"index, follow, max-snippet:-1, max-image-preview:large, max-video-preview:-1\" \/>\n<link rel=\"canonical\" href=\"https:\/\/noticiasemdestaque.com\/cd\/?p=8319\" \/>\n<meta property=\"og:locale\" content=\"pt_BR\" \/>\n<meta property=\"og:type\" content=\"article\" \/>\n<meta property=\"og:title\" content=\"Prefeito do Cariri \u00e9 denunciado pelo Minist\u00e9rio P\u00fablico por violar repetidas vezes a \u2018Lei de Licita\u00e7\u00f5es\u2019 - Not&iacute;cias em Destaque\" \/>\n<meta property=\"og:description\" content=\"O Minist\u00e9rio P\u00fablico da Para\u00edba denunciou o prefeito do munic\u00edpio de Tapero\u00e1, Jurandi Gouveia Farias, por repetidos crimes contra a \u2018Lei de Licita\u00e7\u00f5es\u2019. O denunciado, segundo o processo proposto pela Procuradoria-Geral de Justi\u00e7a, \u201cviolou, dolosa e retiradamente, a Lei Federal 8.666\/93\u201d, com contrata\u00e7\u00f5es diretas indevidas por fracionamento de despesas, sem licita\u00e7\u00e3o e sem qualquer amparo legal, nos exerc\u00edcios de 2013 e 2014. Com isso, o gestor causou danos ao er\u00e1rio e burlou os princ\u00edpios constitucionais da isonomia e da impessoalidade. A den\u00fancia do MPPB \u00e9 baseada em quatro procedimentos investigat\u00f3rios criminais (os PICs 002.2015.001482, 002.2016.000709 e 002.2016.000739 e 002.2016.000863) e na not\u00edcia de fato 002.2018.002478. As investiga\u00e7\u00f5es resultaram no processo 0000392.19.2018.815.0000, encaminhado ao Tribunal de Justi\u00e7a da Para\u00edba, na \u00faltima ter\u00e7a-feira (27), e distribu\u00eddo ao relator desembargador Jo\u00e3o Benedito da Silva. De acordo com o processo, as investiga\u00e7\u00f5es apontam a \u201cexist\u00eancia de robustos ind\u00edcios de materialidade e de autoria pelo denunciado da pr\u00e1tica dolosa, em car\u00e1ter continuado\u201d. O MPPB requereu ao TJ o registro das pe\u00e7as do processo, a notifica\u00e7\u00e3o do gestor para que apresente resposta preliminar, seja interrogado e, ao fim do rito processual, seja condenado nas penas do artigo 89, da Lei 8.666\/93, que trata da dispensa de licita\u00e7\u00e3o fora das hip\u00f3teses legais e prev\u00ea de tr\u00eas a cinco anos de deten\u00e7\u00e3o e multa. Fatos investigados No relat\u00f3rio de auditoria do Tribunal de Contas referente \u00e0 presta\u00e7\u00e3o de contas do denunciado em rela\u00e7\u00e3o a 2013, conforme consta no processo, foram detectadas despesas sem licita\u00e7\u00e3o e n\u00e3o justificadas no valor de mais de R$ 42 mil, que teriam sido usadas para pagamento de material de constru\u00e7\u00e3o e automotivos a v\u00e1rios credores. J\u00e1 em 2014, tamb\u00e9m conforme processo da PGJ, o prefeito Jurandi Farias, mesmo ap\u00f3s recomenda\u00e7\u00e3o do TCE, continuou contratando diretamente e indevidamente, sem amparo legal, pessoas f\u00edsicas para executarem reformas em diversos im\u00f3veis municipais, gerando despesas de mais de R$ 48 mil. Al\u00e9m disso, as investiga\u00e7\u00f5es apontaram a contrata\u00e7\u00e3o direta de um empres\u00e1rio e pol\u00edtico para instalar pedras de m\u00e1rmore em pr\u00e9dios p\u00fablicos, no valor de R$ 9,3 mil, portanto, acima do teto permitido legalmente para dispensa de processo licitat\u00f3rio, com empenhos fracionados. Ainda em 2014, o denunciado, conforme apurado pelo Minist\u00e9rio P\u00fablico em procedimento investigat\u00f3rio criminal, fracionou a despesa total de R$ 31.762,00, pagando por contrata\u00e7\u00f5es similares de ve\u00edculos de passeio a v\u00e1rias pessoas. O MPPB ressaltou que, no mesmo exerc\u00edcio financeiro, foi feito um procedimento licitat\u00f3rio na modalidade de \u2018carta convite\u2019 para loca\u00e7\u00e3o de um ve\u00edculo popular e nenhum dos beneficiados participou do processo. A Procuradoria-Geral de Justi\u00e7a tamb\u00e9m constatou que o prefeito denunciado contratou prestadores de servi\u00e7o para realizar obras de recupera\u00e7\u00e3o e manuten\u00e7\u00e3o da rede de esgoto da cidade, tamb\u00e9m fracionando despesas que deveriam ter sido licitadas globalmente, no valor de R$ 15.750,00, beneficiando quatro pessoas. Com Ascom MPPB\" \/>\n<meta property=\"og:url\" content=\"https:\/\/noticiasemdestaque.com\/cd\/?p=8319\" \/>\n<meta property=\"og:site_name\" content=\"Not&iacute;cias em Destaque\" \/>\n<meta property=\"article:published_time\" content=\"2018-03-05T10:02:34+00:00\" \/>\n<meta property=\"og:image\" content=\"https:\/\/noticiasemdestaque.com\/cd\/wp-content\/uploads\/2018\/03\/taperoa2-400x259.jpg\" \/>\n\t<meta property=\"og:image:width\" content=\"400\" \/>\n\t<meta property=\"og:image:height\" content=\"259\" \/>\n\t<meta property=\"og:image:type\" content=\"image\/jpeg\" \/>\n<meta name=\"author\" content=\"Not\u00edcias em Destaque\" \/>\n<meta name=\"twitter:card\" content=\"summary_large_image\" \/>\n<meta name=\"twitter:label1\" content=\"Escrito por\" \/>\n\t<meta name=\"twitter:data1\" content=\"Not\u00edcias em Destaque\" \/>\n\t<meta name=\"twitter:label2\" content=\"Est. tempo de leitura\" \/>\n\t<meta name=\"twitter:data2\" content=\"3 minutos\" \/>\n<script type=\"application\/ld+json\" class=\"yoast-schema-graph\">{\"@context\":\"https:\/\/schema.org\",\"@graph\":[{\"@type\":\"Article\",\"@id\":\"https:\/\/noticiasemdestaque.com\/cd\/?p=8319#article\",\"isPartOf\":{\"@id\":\"https:\/\/noticiasemdestaque.com\/cd\/?p=8319\"},\"author\":{\"name\":\"Not\u00edcias em Destaque\",\"@id\":\"https:\/\/noticiasemdestaque.com\/cd\/#\/schema\/person\/21320b03a7e8bb90128938dafc9b908a\"},\"headline\":\"Prefeito do Cariri \u00e9 denunciado pelo Minist\u00e9rio P\u00fablico por violar repetidas vezes a \u2018Lei de Licita\u00e7\u00f5es\u2019\",\"datePublished\":\"2018-03-05T10:02:34+00:00\",\"mainEntityOfPage\":{\"@id\":\"https:\/\/noticiasemdestaque.com\/cd\/?p=8319\"},\"wordCount\":529,\"publisher\":{\"@id\":\"https:\/\/noticiasemdestaque.com\/cd\/#organization\"},\"image\":{\"@id\":\"https:\/\/noticiasemdestaque.com\/cd\/?p=8319#primaryimage\"},\"thumbnailUrl\":\"https:\/\/noticiasemdestaque.com\/cd\/wp-content\/uploads\/2018\/03\/taperoa2-400x259.jpg\",\"articleSection\":[\"Cidades\"],\"inLanguage\":\"pt-BR\"},{\"@type\":\"WebPage\",\"@id\":\"https:\/\/noticiasemdestaque.com\/cd\/?p=8319\",\"url\":\"https:\/\/noticiasemdestaque.com\/cd\/?p=8319\",\"name\":\"Prefeito do Cariri \u00e9 denunciado pelo Minist\u00e9rio P\u00fablico por violar repetidas vezes a \u2018Lei de Licita\u00e7\u00f5es\u2019 - Not&iacute;cias em Destaque\",\"isPartOf\":{\"@id\":\"https:\/\/noticiasemdestaque.com\/cd\/#website\"},\"primaryImageOfPage\":{\"@id\":\"https:\/\/noticiasemdestaque.com\/cd\/?p=8319#primaryimage\"},\"image\":{\"@id\":\"https:\/\/noticiasemdestaque.com\/cd\/?p=8319#primaryimage\"},\"thumbnailUrl\":\"https:\/\/noticiasemdestaque.com\/cd\/wp-content\/uploads\/2018\/03\/taperoa2-400x259.jpg\",\"datePublished\":\"2018-03-05T10:02:34+00:00\",\"breadcrumb\":{\"@id\":\"https:\/\/noticiasemdestaque.com\/cd\/?p=8319#breadcrumb\"},\"inLanguage\":\"pt-BR\",\"potentialAction\":[{\"@type\":\"ReadAction\",\"target\":[\"https:\/\/noticiasemdestaque.com\/cd\/?p=8319\"]}]},{\"@type\":\"ImageObject\",\"inLanguage\":\"pt-BR\",\"@id\":\"https:\/\/noticiasemdestaque.com\/cd\/?p=8319#primaryimage\",\"url\":\"https:\/\/noticiasemdestaque.com\/cd\/wp-content\/uploads\/2018\/03\/taperoa2-400x259.jpg\",\"contentUrl\":\"https:\/\/noticiasemdestaque.com\/cd\/wp-content\/uploads\/2018\/03\/taperoa2-400x259.jpg\",\"width\":400,\"height\":259},{\"@type\":\"BreadcrumbList\",\"@id\":\"https:\/\/noticiasemdestaque.com\/cd\/?p=8319#breadcrumb\",\"itemListElement\":[{\"@type\":\"ListItem\",\"position\":1,\"name\":\"In\u00edcio\",\"item\":\"https:\/\/noticiasemdestaque.com\/cd\/\"},{\"@type\":\"ListItem\",\"position\":2,\"name\":\"Prefeito do Cariri \u00e9 denunciado pelo Minist\u00e9rio P\u00fablico por violar repetidas vezes a \u2018Lei de Licita\u00e7\u00f5es\u2019\"}]},{\"@type\":\"WebSite\",\"@id\":\"https:\/\/noticiasemdestaque.com\/cd\/#website\",\"url\":\"https:\/\/noticiasemdestaque.com\/cd\/\",\"name\":\"Not&iacute;cias em Destaque\",\"description\":\"\",\"publisher\":{\"@id\":\"https:\/\/noticiasemdestaque.com\/cd\/#organization\"},\"potentialAction\":[{\"@type\":\"SearchAction\",\"target\":{\"@type\":\"EntryPoint\",\"urlTemplate\":\"https:\/\/noticiasemdestaque.com\/cd\/?s={search_term_string}\"},\"query-input\":{\"@type\":\"PropertyValueSpecification\",\"valueRequired\":true,\"valueName\":\"search_term_string\"}}],\"inLanguage\":\"pt-BR\"},{\"@type\":\"Organization\",\"@id\":\"https:\/\/noticiasemdestaque.com\/cd\/#organization\",\"name\":\"Not\u00edcias em Destaque\",\"url\":\"https:\/\/noticiasemdestaque.com\/cd\/\",\"logo\":{\"@type\":\"ImageObject\",\"inLanguage\":\"pt-BR\",\"@id\":\"https:\/\/noticiasemdestaque.com\/cd\/#\/schema\/logo\/image\/\",\"url\":\"https:\/\/noticiasemdestaque.com\/cd\/wp-content\/uploads\/2022\/05\/imagem-base-noticiasemdestaque.png\",\"contentUrl\":\"https:\/\/noticiasemdestaque.com\/cd\/wp-content\/uploads\/2022\/05\/imagem-base-noticiasemdestaque.png\",\"width\":1200,\"height\":630,\"caption\":\"Not\u00edcias em Destaque\"},\"image\":{\"@id\":\"https:\/\/noticiasemdestaque.com\/cd\/#\/schema\/logo\/image\/\"}},{\"@type\":\"Person\",\"@id\":\"https:\/\/noticiasemdestaque.com\/cd\/#\/schema\/person\/21320b03a7e8bb90128938dafc9b908a\",\"name\":\"Not\u00edcias em Destaque\",\"url\":\"https:\/\/noticiasemdestaque.com\/cd\/?author=2\"}]}<\/script>\n<!-- \/ Yoast SEO plugin. -->","yoast_head_json":{"title":"Prefeito do Cariri \u00e9 denunciado pelo Minist\u00e9rio P\u00fablico por violar repetidas vezes a \u2018Lei de Licita\u00e7\u00f5es\u2019 - Not&iacute;cias em Destaque","robots":{"index":"index","follow":"follow","max-snippet":"max-snippet:-1","max-image-preview":"max-image-preview:large","max-video-preview":"max-video-preview:-1"},"canonical":"https:\/\/noticiasemdestaque.com\/cd\/?p=8319","og_locale":"pt_BR","og_type":"article","og_title":"Prefeito do Cariri \u00e9 denunciado pelo Minist\u00e9rio P\u00fablico por violar repetidas vezes a \u2018Lei de Licita\u00e7\u00f5es\u2019 - Not&iacute;cias em Destaque","og_description":"O Minist\u00e9rio P\u00fablico da Para\u00edba denunciou o prefeito do munic\u00edpio de Tapero\u00e1, Jurandi Gouveia Farias, por repetidos crimes contra a \u2018Lei de Licita\u00e7\u00f5es\u2019. O denunciado, segundo o processo proposto pela Procuradoria-Geral de Justi\u00e7a, \u201cviolou, dolosa e retiradamente, a Lei Federal 8.666\/93\u201d, com contrata\u00e7\u00f5es diretas indevidas por fracionamento de despesas, sem licita\u00e7\u00e3o e sem qualquer amparo legal, nos exerc\u00edcios de 2013 e 2014. Com isso, o gestor causou danos ao er\u00e1rio e burlou os princ\u00edpios constitucionais da isonomia e da impessoalidade. A den\u00fancia do MPPB \u00e9 baseada em quatro procedimentos investigat\u00f3rios criminais (os PICs 002.2015.001482, 002.2016.000709 e 002.2016.000739 e 002.2016.000863) e na not\u00edcia de fato 002.2018.002478. As investiga\u00e7\u00f5es resultaram no processo 0000392.19.2018.815.0000, encaminhado ao Tribunal de Justi\u00e7a da Para\u00edba, na \u00faltima ter\u00e7a-feira (27), e distribu\u00eddo ao relator desembargador Jo\u00e3o Benedito da Silva. De acordo com o processo, as investiga\u00e7\u00f5es apontam a \u201cexist\u00eancia de robustos ind\u00edcios de materialidade e de autoria pelo denunciado da pr\u00e1tica dolosa, em car\u00e1ter continuado\u201d. O MPPB requereu ao TJ o registro das pe\u00e7as do processo, a notifica\u00e7\u00e3o do gestor para que apresente resposta preliminar, seja interrogado e, ao fim do rito processual, seja condenado nas penas do artigo 89, da Lei 8.666\/93, que trata da dispensa de licita\u00e7\u00e3o fora das hip\u00f3teses legais e prev\u00ea de tr\u00eas a cinco anos de deten\u00e7\u00e3o e multa. Fatos investigados No relat\u00f3rio de auditoria do Tribunal de Contas referente \u00e0 presta\u00e7\u00e3o de contas do denunciado em rela\u00e7\u00e3o a 2013, conforme consta no processo, foram detectadas despesas sem licita\u00e7\u00e3o e n\u00e3o justificadas no valor de mais de R$ 42 mil, que teriam sido usadas para pagamento de material de constru\u00e7\u00e3o e automotivos a v\u00e1rios credores. J\u00e1 em 2014, tamb\u00e9m conforme processo da PGJ, o prefeito Jurandi Farias, mesmo ap\u00f3s recomenda\u00e7\u00e3o do TCE, continuou contratando diretamente e indevidamente, sem amparo legal, pessoas f\u00edsicas para executarem reformas em diversos im\u00f3veis municipais, gerando despesas de mais de R$ 48 mil. Al\u00e9m disso, as investiga\u00e7\u00f5es apontaram a contrata\u00e7\u00e3o direta de um empres\u00e1rio e pol\u00edtico para instalar pedras de m\u00e1rmore em pr\u00e9dios p\u00fablicos, no valor de R$ 9,3 mil, portanto, acima do teto permitido legalmente para dispensa de processo licitat\u00f3rio, com empenhos fracionados. Ainda em 2014, o denunciado, conforme apurado pelo Minist\u00e9rio P\u00fablico em procedimento investigat\u00f3rio criminal, fracionou a despesa total de R$ 31.762,00, pagando por contrata\u00e7\u00f5es similares de ve\u00edculos de passeio a v\u00e1rias pessoas. O MPPB ressaltou que, no mesmo exerc\u00edcio financeiro, foi feito um procedimento licitat\u00f3rio na modalidade de \u2018carta convite\u2019 para loca\u00e7\u00e3o de um ve\u00edculo popular e nenhum dos beneficiados participou do processo. A Procuradoria-Geral de Justi\u00e7a tamb\u00e9m constatou que o prefeito denunciado contratou prestadores de servi\u00e7o para realizar obras de recupera\u00e7\u00e3o e manuten\u00e7\u00e3o da rede de esgoto da cidade, tamb\u00e9m fracionando despesas que deveriam ter sido licitadas globalmente, no valor de R$ 15.750,00, beneficiando quatro pessoas. Com Ascom MPPB","og_url":"https:\/\/noticiasemdestaque.com\/cd\/?p=8319","og_site_name":"Not&iacute;cias em Destaque","article_published_time":"2018-03-05T10:02:34+00:00","og_image":[{"width":400,"height":259,"url":"https:\/\/noticiasemdestaque.com\/cd\/wp-content\/uploads\/2018\/03\/taperoa2-400x259.jpg","type":"image\/jpeg"}],"author":"Not\u00edcias em Destaque","twitter_card":"summary_large_image","twitter_misc":{"Escrito por":"Not\u00edcias em Destaque","Est. tempo de leitura":"3 minutos"},"schema":{"@context":"https:\/\/schema.org","@graph":[{"@type":"Article","@id":"https:\/\/noticiasemdestaque.com\/cd\/?p=8319#article","isPartOf":{"@id":"https:\/\/noticiasemdestaque.com\/cd\/?p=8319"},"author":{"name":"Not\u00edcias em Destaque","@id":"https:\/\/noticiasemdestaque.com\/cd\/#\/schema\/person\/21320b03a7e8bb90128938dafc9b908a"},"headline":"Prefeito do Cariri \u00e9 denunciado pelo Minist\u00e9rio P\u00fablico por violar repetidas vezes a \u2018Lei de Licita\u00e7\u00f5es\u2019","datePublished":"2018-03-05T10:02:34+00:00","mainEntityOfPage":{"@id":"https:\/\/noticiasemdestaque.com\/cd\/?p=8319"},"wordCount":529,"publisher":{"@id":"https:\/\/noticiasemdestaque.com\/cd\/#organization"},"image":{"@id":"https:\/\/noticiasemdestaque.com\/cd\/?p=8319#primaryimage"},"thumbnailUrl":"https:\/\/noticiasemdestaque.com\/cd\/wp-content\/uploads\/2018\/03\/taperoa2-400x259.jpg","articleSection":["Cidades"],"inLanguage":"pt-BR"},{"@type":"WebPage","@id":"https:\/\/noticiasemdestaque.com\/cd\/?p=8319","url":"https:\/\/noticiasemdestaque.com\/cd\/?p=8319","name":"Prefeito do Cariri \u00e9 denunciado pelo Minist\u00e9rio P\u00fablico por violar repetidas vezes a \u2018Lei de Licita\u00e7\u00f5es\u2019 - Not&iacute;cias em Destaque","isPartOf":{"@id":"https:\/\/noticiasemdestaque.com\/cd\/#website"},"primaryImageOfPage":{"@id":"https:\/\/noticiasemdestaque.com\/cd\/?p=8319#primaryimage"},"image":{"@id":"https:\/\/noticiasemdestaque.com\/cd\/?p=8319#primaryimage"},"thumbnailUrl":"https:\/\/noticiasemdestaque.com\/cd\/wp-content\/uploads\/2018\/03\/taperoa2-400x259.jpg","datePublished":"2018-03-05T10:02:34+00:00","breadcrumb":{"@id":"https:\/\/noticiasemdestaque.com\/cd\/?p=8319#breadcrumb"},"inLanguage":"pt-BR","potentialAction":[{"@type":"ReadAction","target":["https:\/\/noticiasemdestaque.com\/cd\/?p=8319"]}]},{"@type":"ImageObject","inLanguage":"pt-BR","@id":"https:\/\/noticiasemdestaque.com\/cd\/?p=8319#primaryimage","url":"https:\/\/noticiasemdestaque.com\/cd\/wp-content\/uploads\/2018\/03\/taperoa2-400x259.jpg","contentUrl":"https:\/\/noticiasemdestaque.com\/cd\/wp-content\/uploads\/2018\/03\/taperoa2-400x259.jpg","width":400,"height":259},{"@type":"BreadcrumbList","@id":"https:\/\/noticiasemdestaque.com\/cd\/?p=8319#breadcrumb","itemListElement":[{"@type":"ListItem","position":1,"name":"In\u00edcio","item":"https:\/\/noticiasemdestaque.com\/cd\/"},{"@type":"ListItem","position":2,"name":"Prefeito do Cariri \u00e9 denunciado pelo Minist\u00e9rio P\u00fablico por violar repetidas vezes a \u2018Lei de Licita\u00e7\u00f5es\u2019"}]},{"@type":"WebSite","@id":"https:\/\/noticiasemdestaque.com\/cd\/#website","url":"https:\/\/noticiasemdestaque.com\/cd\/","name":"Not&iacute;cias em Destaque","description":"","publisher":{"@id":"https:\/\/noticiasemdestaque.com\/cd\/#organization"},"potentialAction":[{"@type":"SearchAction","target":{"@type":"EntryPoint","urlTemplate":"https:\/\/noticiasemdestaque.com\/cd\/?s={search_term_string}"},"query-input":{"@type":"PropertyValueSpecification","valueRequired":true,"valueName":"search_term_string"}}],"inLanguage":"pt-BR"},{"@type":"Organization","@id":"https:\/\/noticiasemdestaque.com\/cd\/#organization","name":"Not\u00edcias em Destaque","url":"https:\/\/noticiasemdestaque.com\/cd\/","logo":{"@type":"ImageObject","inLanguage":"pt-BR","@id":"https:\/\/noticiasemdestaque.com\/cd\/#\/schema\/logo\/image\/","url":"https:\/\/noticiasemdestaque.com\/cd\/wp-content\/uploads\/2022\/05\/imagem-base-noticiasemdestaque.png","contentUrl":"https:\/\/noticiasemdestaque.com\/cd\/wp-content\/uploads\/2022\/05\/imagem-base-noticiasemdestaque.png","width":1200,"height":630,"caption":"Not\u00edcias em Destaque"},"image":{"@id":"https:\/\/noticiasemdestaque.com\/cd\/#\/schema\/logo\/image\/"}},{"@type":"Person","@id":"https:\/\/noticiasemdestaque.com\/cd\/#\/schema\/person\/21320b03a7e8bb90128938dafc9b908a","name":"Not\u00edcias em Destaque","url":"https:\/\/noticiasemdestaque.com\/cd\/?author=2"}]}},"jetpack_featured_media_url":"https:\/\/noticiasemdestaque.com\/cd\/wp-content\/uploads\/2018\/03\/taperoa2-400x259.jpg","jetpack_sharing_enabled":true,"_links":{"self":[{"href":"https:\/\/noticiasemdestaque.com\/cd\/index.php?rest_route=\/wp\/v2\/posts\/8319","targetHints":{"allow":["GET"]}}],"collection":[{"href":"https:\/\/noticiasemdestaque.com\/cd\/index.php?rest_route=\/wp\/v2\/posts"}],"about":[{"href":"https:\/\/noticiasemdestaque.com\/cd\/index.php?rest_route=\/wp\/v2\/types\/post"}],"author":[{"embeddable":true,"href":"https:\/\/noticiasemdestaque.com\/cd\/index.php?rest_route=\/wp\/v2\/users\/2"}],"replies":[{"embeddable":true,"href":"https:\/\/noticiasemdestaque.com\/cd\/index.php?rest_route=%2Fwp%2Fv2%2Fcomments&post=8319"}],"version-history":[{"count":1,"href":"https:\/\/noticiasemdestaque.com\/cd\/index.php?rest_route=\/wp\/v2\/posts\/8319\/revisions"}],"predecessor-version":[{"id":8321,"href":"https:\/\/noticiasemdestaque.com\/cd\/index.php?rest_route=\/wp\/v2\/posts\/8319\/revisions\/8321"}],"wp:featuredmedia":[{"embeddable":true,"href":"https:\/\/noticiasemdestaque.com\/cd\/index.php?rest_route=\/wp\/v2\/media\/8320"}],"wp:attachment":[{"href":"https:\/\/noticiasemdestaque.com\/cd\/index.php?rest_route=%2Fwp%2Fv2%2Fmedia&parent=8319"}],"wp:term":[{"taxonomy":"category","embeddable":true,"href":"https:\/\/noticiasemdestaque.com\/cd\/index.php?rest_route=%2Fwp%2Fv2%2Fcategories&post=8319"},{"taxonomy":"post_tag","embeddable":true,"href":"https:\/\/noticiasemdestaque.com\/cd\/index.php?rest_route=%2Fwp%2Fv2%2Ftags&post=8319"}],"curies":[{"name":"wp","href":"https:\/\/api.w.org\/{rel}","templated":true}]}}