{"id":8308,"date":"2018-03-04T12:10:36","date_gmt":"2018-03-04T15:10:36","guid":{"rendered":"http:\/\/caririemdestaque.com\/cd\/?p=8308"},"modified":"2018-03-04T12:10:36","modified_gmt":"2018-03-04T15:10:36","slug":"inscricoes-para-programas-de-formacao-de-professores-comecam-nesta-semana","status":"publish","type":"post","link":"https:\/\/noticiasemdestaque.com\/cd\/?p=8308","title":{"rendered":"Inscri\u00e7\u00f5es para programas de forma\u00e7\u00e3o de professores come\u00e7am nesta semana"},"content":{"rendered":"<p><a href=\"http:\/\/caririemdestaque.com\/cd\/wp-content\/uploads\/2018\/03\/professor-800x445.jpg\"><img fetchpriority=\"high\" decoding=\"async\" class=\"size-medium wp-image-8309 alignleft\" src=\"http:\/\/caririemdestaque.com\/cd\/wp-content\/uploads\/2018\/03\/professor-800x445-300x167.jpg\" alt=\"\" width=\"300\" height=\"167\" srcset=\"https:\/\/noticiasemdestaque.com\/cd\/wp-content\/uploads\/2018\/03\/professor-800x445-300x167.jpg 300w, https:\/\/noticiasemdestaque.com\/cd\/wp-content\/uploads\/2018\/03\/professor-800x445-768x427.jpg 768w, https:\/\/noticiasemdestaque.com\/cd\/wp-content\/uploads\/2018\/03\/professor-800x445.jpg 800w\" sizes=\"(max-width: 300px) 100vw, 300px\" \/><\/a>As institui\u00e7\u00f5es que quiserem participar dos programas de forma\u00e7\u00e3o de professores anunciados essa semana pelo governo federal podem fazer a inscri\u00e7\u00e3o a partir de quarta-feira (7). De acordo com os editais do Programa Institucional de Bolsa de Inicia\u00e7\u00e3o \u00e0 Doc\u00eancia (Pibid) e do Programa de Resid\u00eancia Pedag\u00f3gica, o per\u00edodo de inscri\u00e7\u00e3o vai at\u00e9 o dia de 16 de abril e a previs\u00e3o para o in\u00edcio dos projetos \u00e9 a partir de 1\u00ba de agosto.<\/p>\n<p>O primeiro passo para a inscri\u00e7\u00e3o nos dois programas \u00e9 a inser\u00e7\u00e3o do curr\u00edculo do coordenador institucional e dos docentes orientadores na Plataforma Freire, dispon\u00edvel no endere\u00e7o eletr\u00f4nico http:\/\/freire2.capes.gov.br. Depois, a proposta dever\u00e1 ser preenchida no sistema de inscri\u00e7\u00f5es da Coordena\u00e7\u00e3o de Aperfei\u00e7oamento de Pessoal de N\u00edvel Superior (Capes), contendo as informa\u00e7\u00f5es necess\u00e1rias para o processo de classifica\u00e7\u00e3o e sele\u00e7\u00e3o.<\/p>\n<p>O Pibid \u00e9 voltado para alunos que estejam na primeira metade de curso de licenciatura ofertado por institui\u00e7\u00f5es de ensino superior p\u00fablica ou privada sem fins lucrativos. Ser\u00e3o concedidas bolsas entre R$ 400 e 1,5 mil, para estudantes, professores e coordenadores dos projetos.<\/p>\n<p>Segundo o MEC, o objetivo do Pibid \u00e9 promover a inicia\u00e7\u00e3o do licenciando no ambiente escolar ainda na primeira metade do curso, visando estimular, desde o in\u00edcio da jornada do docente, a observa\u00e7\u00e3o e a reflex\u00e3o sobre a pr\u00e1tica profissional no cotidiano das escolas p\u00fablicas de educa\u00e7\u00e3o b\u00e1sica. Os selecionados ser\u00e3o acompanhados por um professor da escola e por um docente de uma das institui\u00e7\u00f5es de educa\u00e7\u00e3o superior participantes do programa.<\/p>\n<p>O Programa de Resid\u00eancia Pedag\u00f3gica \u00e9 voltado para alunos de licenciatura que estejam na segunda metade do curso. O objetivo \u00e9 induzir o aperfei\u00e7oamento do est\u00e1gio curricular supervisionado, por meio da imers\u00e3o do licenciando em uma escola de educa\u00e7\u00e3o b\u00e1sica. A imers\u00e3o deve contemplar, entre outras a\u00e7\u00f5es, reg\u00eancia de sala de aula e interven\u00e7\u00e3o pedag\u00f3gica.<\/p>\n<p>Assim como no Pibid, cada selecionado ser\u00e1 acompanhado por um professor da escola com experi\u00eancia na mesma \u00e1rea de ensino do licenciando, e por um docente de institui\u00e7\u00e3o de educa\u00e7\u00e3o superior.<\/p>\n<p><strong>Cursos \u00e0 dist\u00e2ncia<\/strong><\/p>\n<p>Outro programa que receber\u00e1 recursos do governo \u00e9 o Universidade Aberta do Brasil (UAB), que oferece cursos de forma\u00e7\u00e3o a dist\u00e2ncia para professores j\u00e1 em exerc\u00edcio, em especial para aqueles que atuam em \u00e1rea diferente de sua forma\u00e7\u00e3o. As propostas de cursos a dist\u00e2ncia pelo sistema poder\u00e3o ser enviadas a partir de 19 de mar\u00e7o pelas universidades p\u00fablicas.<\/p>\n<p>Segundo o MEC, a exist\u00eancia de professores lecionando fora de sua \u00e1rea de forma\u00e7\u00e3o tem sido identificada pelo \u00edndice de forma\u00e7\u00e3o docente do Censo da Educa\u00e7\u00e3o B\u00e1sica, cuja \u00faltima edi\u00e7\u00e3o data de 2017.<\/p>\n<p>Na \u00faltima quarta-feira (28), o Minist\u00e9rio da Educa\u00e7\u00e3o (MEC) anunciou o investimento de R$ 1 bilh\u00e3o na Pol\u00edtica Nacional de Forma\u00e7\u00e3o de Professores, com a cria\u00e7\u00e3o de 190 mil vagas nos tr\u00eas programas.<\/p>\n<p><em><strong>Cariri em Destaque\u00a0<\/strong><\/em><\/p>\n<p>Com EBC<\/p>\n","protected":false},"excerpt":{"rendered":"<p>As institui\u00e7\u00f5es que quiserem participar dos programas de forma\u00e7\u00e3o de professores anunciados essa semana pelo governo federal podem fazer a inscri\u00e7\u00e3o a partir de quarta-feira (7). De acordo com os editais do Programa Institucional de Bolsa de Inicia\u00e7\u00e3o \u00e0 Doc\u00eancia (Pibid) e do Programa de Resid\u00eancia Pedag\u00f3gica, o per\u00edodo de inscri\u00e7\u00e3o vai at\u00e9 o dia de 16 de abril e a previs\u00e3o para o in\u00edcio dos projetos \u00e9 a partir de 1\u00ba de agosto. O primeiro passo para a inscri\u00e7\u00e3o nos dois programas \u00e9 a inser\u00e7\u00e3o do curr\u00edculo do coordenador institucional e dos docentes orientadores na Plataforma Freire, dispon\u00edvel no endere\u00e7o eletr\u00f4nico http:\/\/freire2.capes.gov.br. Depois, a proposta dever\u00e1 ser preenchida no sistema de inscri\u00e7\u00f5es da Coordena\u00e7\u00e3o de Aperfei\u00e7oamento de Pessoal de N\u00edvel Superior (Capes), contendo as informa\u00e7\u00f5es necess\u00e1rias para o processo de classifica\u00e7\u00e3o e sele\u00e7\u00e3o. O Pibid \u00e9 voltado para alunos que estejam na primeira metade de curso de licenciatura ofertado por institui\u00e7\u00f5es de ensino superior p\u00fablica ou privada sem fins lucrativos. Ser\u00e3o concedidas bolsas entre R$ 400 e 1,5 mil, para estudantes, professores e coordenadores dos projetos. Segundo o MEC, o objetivo do Pibid \u00e9 promover a inicia\u00e7\u00e3o do licenciando no ambiente escolar ainda na primeira metade do curso, visando estimular, desde o in\u00edcio da jornada do docente, a observa\u00e7\u00e3o e a reflex\u00e3o sobre a pr\u00e1tica profissional no cotidiano das escolas p\u00fablicas de educa\u00e7\u00e3o b\u00e1sica. Os selecionados ser\u00e3o acompanhados por um professor da escola e por um docente de uma das institui\u00e7\u00f5es de educa\u00e7\u00e3o superior participantes do programa. O Programa de Resid\u00eancia Pedag\u00f3gica \u00e9 voltado para alunos de licenciatura que estejam na segunda metade do curso. O objetivo \u00e9 induzir o aperfei\u00e7oamento do est\u00e1gio curricular supervisionado, por meio da imers\u00e3o do licenciando em uma escola de educa\u00e7\u00e3o b\u00e1sica. A imers\u00e3o deve contemplar, entre outras a\u00e7\u00f5es, reg\u00eancia de sala de aula e interven\u00e7\u00e3o pedag\u00f3gica. Assim como no Pibid, cada selecionado ser\u00e1 acompanhado por um professor da escola com experi\u00eancia na mesma \u00e1rea de ensino do licenciando, e por um docente de institui\u00e7\u00e3o de educa\u00e7\u00e3o superior. Cursos \u00e0 dist\u00e2ncia Outro programa que receber\u00e1 recursos do governo \u00e9 o Universidade Aberta do Brasil (UAB), que oferece cursos de forma\u00e7\u00e3o a dist\u00e2ncia para professores j\u00e1 em exerc\u00edcio, em especial para aqueles que atuam em \u00e1rea diferente de sua forma\u00e7\u00e3o. As propostas de cursos a dist\u00e2ncia pelo sistema poder\u00e3o ser enviadas a partir de 19 de mar\u00e7o pelas universidades p\u00fablicas. Segundo o MEC, a exist\u00eancia de professores lecionando fora de sua \u00e1rea de forma\u00e7\u00e3o tem sido identificada pelo \u00edndice de forma\u00e7\u00e3o docente do Censo da Educa\u00e7\u00e3o B\u00e1sica, cuja \u00faltima edi\u00e7\u00e3o data de 2017. Na \u00faltima quarta-feira (28), o Minist\u00e9rio da Educa\u00e7\u00e3o (MEC) anunciou o investimento de R$ 1 bilh\u00e3o na Pol\u00edtica Nacional de Forma\u00e7\u00e3o de Professores, com a cria\u00e7\u00e3o de 190 mil vagas nos tr\u00eas programas. Cariri em Destaque\u00a0 Com EBC<\/p>\n","protected":false},"author":2,"featured_media":8309,"comment_status":"closed","ping_status":"open","sticky":false,"template":"","format":"standard","meta":{"_eb_attr":"","_jetpack_memberships_contains_paid_content":false,"footnotes":""},"categories":[6],"tags":[],"class_list":["post-8308","post","type-post","status-publish","format-standard","has-post-thumbnail","hentry","category-educacao"],"yoast_head":"<!-- This site is optimized with the Yoast SEO plugin v26.5 - https:\/\/yoast.com\/wordpress\/plugins\/seo\/ -->\n<title>Inscri\u00e7\u00f5es para programas de forma\u00e7\u00e3o de professores come\u00e7am nesta semana - Not&iacute;cias em Destaque<\/title>\n<meta name=\"robots\" content=\"index, follow, max-snippet:-1, max-image-preview:large, max-video-preview:-1\" \/>\n<link rel=\"canonical\" href=\"https:\/\/noticiasemdestaque.com\/cd\/?p=8308\" \/>\n<meta property=\"og:locale\" content=\"pt_BR\" \/>\n<meta property=\"og:type\" content=\"article\" \/>\n<meta property=\"og:title\" content=\"Inscri\u00e7\u00f5es para programas de forma\u00e7\u00e3o de professores come\u00e7am nesta semana - Not&iacute;cias em Destaque\" \/>\n<meta property=\"og:description\" content=\"As institui\u00e7\u00f5es que quiserem participar dos programas de forma\u00e7\u00e3o de professores anunciados essa semana pelo governo federal podem fazer a inscri\u00e7\u00e3o a partir de quarta-feira (7). De acordo com os editais do Programa Institucional de Bolsa de Inicia\u00e7\u00e3o \u00e0 Doc\u00eancia (Pibid) e do Programa de Resid\u00eancia Pedag\u00f3gica, o per\u00edodo de inscri\u00e7\u00e3o vai at\u00e9 o dia de 16 de abril e a previs\u00e3o para o in\u00edcio dos projetos \u00e9 a partir de 1\u00ba de agosto. O primeiro passo para a inscri\u00e7\u00e3o nos dois programas \u00e9 a inser\u00e7\u00e3o do curr\u00edculo do coordenador institucional e dos docentes orientadores na Plataforma Freire, dispon\u00edvel no endere\u00e7o eletr\u00f4nico http:\/\/freire2.capes.gov.br. Depois, a proposta dever\u00e1 ser preenchida no sistema de inscri\u00e7\u00f5es da Coordena\u00e7\u00e3o de Aperfei\u00e7oamento de Pessoal de N\u00edvel Superior (Capes), contendo as informa\u00e7\u00f5es necess\u00e1rias para o processo de classifica\u00e7\u00e3o e sele\u00e7\u00e3o. O Pibid \u00e9 voltado para alunos que estejam na primeira metade de curso de licenciatura ofertado por institui\u00e7\u00f5es de ensino superior p\u00fablica ou privada sem fins lucrativos. Ser\u00e3o concedidas bolsas entre R$ 400 e 1,5 mil, para estudantes, professores e coordenadores dos projetos. Segundo o MEC, o objetivo do Pibid \u00e9 promover a inicia\u00e7\u00e3o do licenciando no ambiente escolar ainda na primeira metade do curso, visando estimular, desde o in\u00edcio da jornada do docente, a observa\u00e7\u00e3o e a reflex\u00e3o sobre a pr\u00e1tica profissional no cotidiano das escolas p\u00fablicas de educa\u00e7\u00e3o b\u00e1sica. Os selecionados ser\u00e3o acompanhados por um professor da escola e por um docente de uma das institui\u00e7\u00f5es de educa\u00e7\u00e3o superior participantes do programa. O Programa de Resid\u00eancia Pedag\u00f3gica \u00e9 voltado para alunos de licenciatura que estejam na segunda metade do curso. O objetivo \u00e9 induzir o aperfei\u00e7oamento do est\u00e1gio curricular supervisionado, por meio da imers\u00e3o do licenciando em uma escola de educa\u00e7\u00e3o b\u00e1sica. A imers\u00e3o deve contemplar, entre outras a\u00e7\u00f5es, reg\u00eancia de sala de aula e interven\u00e7\u00e3o pedag\u00f3gica. Assim como no Pibid, cada selecionado ser\u00e1 acompanhado por um professor da escola com experi\u00eancia na mesma \u00e1rea de ensino do licenciando, e por um docente de institui\u00e7\u00e3o de educa\u00e7\u00e3o superior. Cursos \u00e0 dist\u00e2ncia Outro programa que receber\u00e1 recursos do governo \u00e9 o Universidade Aberta do Brasil (UAB), que oferece cursos de forma\u00e7\u00e3o a dist\u00e2ncia para professores j\u00e1 em exerc\u00edcio, em especial para aqueles que atuam em \u00e1rea diferente de sua forma\u00e7\u00e3o. As propostas de cursos a dist\u00e2ncia pelo sistema poder\u00e3o ser enviadas a partir de 19 de mar\u00e7o pelas universidades p\u00fablicas. Segundo o MEC, a exist\u00eancia de professores lecionando fora de sua \u00e1rea de forma\u00e7\u00e3o tem sido identificada pelo \u00edndice de forma\u00e7\u00e3o docente do Censo da Educa\u00e7\u00e3o B\u00e1sica, cuja \u00faltima edi\u00e7\u00e3o data de 2017. Na \u00faltima quarta-feira (28), o Minist\u00e9rio da Educa\u00e7\u00e3o (MEC) anunciou o investimento de R$ 1 bilh\u00e3o na Pol\u00edtica Nacional de Forma\u00e7\u00e3o de Professores, com a cria\u00e7\u00e3o de 190 mil vagas nos tr\u00eas programas. Cariri em Destaque\u00a0 Com EBC\" \/>\n<meta property=\"og:url\" content=\"https:\/\/noticiasemdestaque.com\/cd\/?p=8308\" \/>\n<meta property=\"og:site_name\" content=\"Not&iacute;cias em Destaque\" \/>\n<meta property=\"article:published_time\" content=\"2018-03-04T15:10:36+00:00\" \/>\n<meta property=\"og:image\" content=\"https:\/\/noticiasemdestaque.com\/cd\/wp-content\/uploads\/2018\/03\/professor-800x445.jpg\" \/>\n\t<meta property=\"og:image:width\" content=\"800\" \/>\n\t<meta property=\"og:image:height\" content=\"445\" \/>\n\t<meta property=\"og:image:type\" content=\"image\/jpeg\" \/>\n<meta name=\"author\" content=\"Not\u00edcias em Destaque\" \/>\n<meta name=\"twitter:card\" content=\"summary_large_image\" \/>\n<meta name=\"twitter:label1\" content=\"Escrito por\" \/>\n\t<meta name=\"twitter:data1\" content=\"Not\u00edcias em Destaque\" \/>\n\t<meta name=\"twitter:label2\" content=\"Est. tempo de leitura\" \/>\n\t<meta name=\"twitter:data2\" content=\"3 minutos\" \/>\n<script type=\"application\/ld+json\" class=\"yoast-schema-graph\">{\"@context\":\"https:\/\/schema.org\",\"@graph\":[{\"@type\":\"Article\",\"@id\":\"https:\/\/noticiasemdestaque.com\/cd\/?p=8308#article\",\"isPartOf\":{\"@id\":\"https:\/\/noticiasemdestaque.com\/cd\/?p=8308\"},\"author\":{\"name\":\"Not\u00edcias em Destaque\",\"@id\":\"https:\/\/noticiasemdestaque.com\/cd\/#\/schema\/person\/47f7d4f55eec17c6b2ca036c5500f6ce\"},\"headline\":\"Inscri\u00e7\u00f5es para programas de forma\u00e7\u00e3o de professores come\u00e7am nesta semana\",\"datePublished\":\"2018-03-04T15:10:36+00:00\",\"mainEntityOfPage\":{\"@id\":\"https:\/\/noticiasemdestaque.com\/cd\/?p=8308\"},\"wordCount\":540,\"publisher\":{\"@id\":\"https:\/\/noticiasemdestaque.com\/cd\/#organization\"},\"image\":{\"@id\":\"https:\/\/noticiasemdestaque.com\/cd\/?p=8308#primaryimage\"},\"thumbnailUrl\":\"https:\/\/noticiasemdestaque.com\/cd\/wp-content\/uploads\/2018\/03\/professor-800x445.jpg\",\"articleSection\":[\"Educa\u00e7\u00e3o\"],\"inLanguage\":\"pt-BR\"},{\"@type\":\"WebPage\",\"@id\":\"https:\/\/noticiasemdestaque.com\/cd\/?p=8308\",\"url\":\"https:\/\/noticiasemdestaque.com\/cd\/?p=8308\",\"name\":\"Inscri\u00e7\u00f5es para programas de forma\u00e7\u00e3o de professores come\u00e7am nesta semana - Not&iacute;cias em Destaque\",\"isPartOf\":{\"@id\":\"https:\/\/noticiasemdestaque.com\/cd\/#website\"},\"primaryImageOfPage\":{\"@id\":\"https:\/\/noticiasemdestaque.com\/cd\/?p=8308#primaryimage\"},\"image\":{\"@id\":\"https:\/\/noticiasemdestaque.com\/cd\/?p=8308#primaryimage\"},\"thumbnailUrl\":\"https:\/\/noticiasemdestaque.com\/cd\/wp-content\/uploads\/2018\/03\/professor-800x445.jpg\",\"datePublished\":\"2018-03-04T15:10:36+00:00\",\"breadcrumb\":{\"@id\":\"https:\/\/noticiasemdestaque.com\/cd\/?p=8308#breadcrumb\"},\"inLanguage\":\"pt-BR\",\"potentialAction\":[{\"@type\":\"ReadAction\",\"target\":[\"https:\/\/noticiasemdestaque.com\/cd\/?p=8308\"]}]},{\"@type\":\"ImageObject\",\"inLanguage\":\"pt-BR\",\"@id\":\"https:\/\/noticiasemdestaque.com\/cd\/?p=8308#primaryimage\",\"url\":\"https:\/\/noticiasemdestaque.com\/cd\/wp-content\/uploads\/2018\/03\/professor-800x445.jpg\",\"contentUrl\":\"https:\/\/noticiasemdestaque.com\/cd\/wp-content\/uploads\/2018\/03\/professor-800x445.jpg\",\"width\":800,\"height\":445},{\"@type\":\"BreadcrumbList\",\"@id\":\"https:\/\/noticiasemdestaque.com\/cd\/?p=8308#breadcrumb\",\"itemListElement\":[{\"@type\":\"ListItem\",\"position\":1,\"name\":\"In\u00edcio\",\"item\":\"https:\/\/noticiasemdestaque.com\/cd\/\"},{\"@type\":\"ListItem\",\"position\":2,\"name\":\"Inscri\u00e7\u00f5es para programas de forma\u00e7\u00e3o de professores come\u00e7am nesta semana\"}]},{\"@type\":\"WebSite\",\"@id\":\"https:\/\/noticiasemdestaque.com\/cd\/#website\",\"url\":\"https:\/\/noticiasemdestaque.com\/cd\/\",\"name\":\"Not&iacute;cias em Destaque\",\"description\":\"\",\"publisher\":{\"@id\":\"https:\/\/noticiasemdestaque.com\/cd\/#organization\"},\"potentialAction\":[{\"@type\":\"SearchAction\",\"target\":{\"@type\":\"EntryPoint\",\"urlTemplate\":\"https:\/\/noticiasemdestaque.com\/cd\/?s={search_term_string}\"},\"query-input\":{\"@type\":\"PropertyValueSpecification\",\"valueRequired\":true,\"valueName\":\"search_term_string\"}}],\"inLanguage\":\"pt-BR\"},{\"@type\":\"Organization\",\"@id\":\"https:\/\/noticiasemdestaque.com\/cd\/#organization\",\"name\":\"Not\u00edcias em Destaque\",\"url\":\"https:\/\/noticiasemdestaque.com\/cd\/\",\"logo\":{\"@type\":\"ImageObject\",\"inLanguage\":\"pt-BR\",\"@id\":\"https:\/\/noticiasemdestaque.com\/cd\/#\/schema\/logo\/image\/\",\"url\":\"https:\/\/noticiasemdestaque.com\/cd\/wp-content\/uploads\/2022\/05\/imagem-base-noticiasemdestaque.png\",\"contentUrl\":\"https:\/\/noticiasemdestaque.com\/cd\/wp-content\/uploads\/2022\/05\/imagem-base-noticiasemdestaque.png\",\"width\":1200,\"height\":630,\"caption\":\"Not\u00edcias em Destaque\"},\"image\":{\"@id\":\"https:\/\/noticiasemdestaque.com\/cd\/#\/schema\/logo\/image\/\"}},{\"@type\":\"Person\",\"@id\":\"https:\/\/noticiasemdestaque.com\/cd\/#\/schema\/person\/47f7d4f55eec17c6b2ca036c5500f6ce\",\"name\":\"Not\u00edcias em Destaque\",\"url\":\"https:\/\/noticiasemdestaque.com\/cd\/?author=2\"}]}<\/script>\n<!-- \/ Yoast SEO plugin. -->","yoast_head_json":{"title":"Inscri\u00e7\u00f5es para programas de forma\u00e7\u00e3o de professores come\u00e7am nesta semana - Not&iacute;cias em Destaque","robots":{"index":"index","follow":"follow","max-snippet":"max-snippet:-1","max-image-preview":"max-image-preview:large","max-video-preview":"max-video-preview:-1"},"canonical":"https:\/\/noticiasemdestaque.com\/cd\/?p=8308","og_locale":"pt_BR","og_type":"article","og_title":"Inscri\u00e7\u00f5es para programas de forma\u00e7\u00e3o de professores come\u00e7am nesta semana - Not&iacute;cias em Destaque","og_description":"As institui\u00e7\u00f5es que quiserem participar dos programas de forma\u00e7\u00e3o de professores anunciados essa semana pelo governo federal podem fazer a inscri\u00e7\u00e3o a partir de quarta-feira (7). De acordo com os editais do Programa Institucional de Bolsa de Inicia\u00e7\u00e3o \u00e0 Doc\u00eancia (Pibid) e do Programa de Resid\u00eancia Pedag\u00f3gica, o per\u00edodo de inscri\u00e7\u00e3o vai at\u00e9 o dia de 16 de abril e a previs\u00e3o para o in\u00edcio dos projetos \u00e9 a partir de 1\u00ba de agosto. O primeiro passo para a inscri\u00e7\u00e3o nos dois programas \u00e9 a inser\u00e7\u00e3o do curr\u00edculo do coordenador institucional e dos docentes orientadores na Plataforma Freire, dispon\u00edvel no endere\u00e7o eletr\u00f4nico http:\/\/freire2.capes.gov.br. Depois, a proposta dever\u00e1 ser preenchida no sistema de inscri\u00e7\u00f5es da Coordena\u00e7\u00e3o de Aperfei\u00e7oamento de Pessoal de N\u00edvel Superior (Capes), contendo as informa\u00e7\u00f5es necess\u00e1rias para o processo de classifica\u00e7\u00e3o e sele\u00e7\u00e3o. O Pibid \u00e9 voltado para alunos que estejam na primeira metade de curso de licenciatura ofertado por institui\u00e7\u00f5es de ensino superior p\u00fablica ou privada sem fins lucrativos. Ser\u00e3o concedidas bolsas entre R$ 400 e 1,5 mil, para estudantes, professores e coordenadores dos projetos. Segundo o MEC, o objetivo do Pibid \u00e9 promover a inicia\u00e7\u00e3o do licenciando no ambiente escolar ainda na primeira metade do curso, visando estimular, desde o in\u00edcio da jornada do docente, a observa\u00e7\u00e3o e a reflex\u00e3o sobre a pr\u00e1tica profissional no cotidiano das escolas p\u00fablicas de educa\u00e7\u00e3o b\u00e1sica. Os selecionados ser\u00e3o acompanhados por um professor da escola e por um docente de uma das institui\u00e7\u00f5es de educa\u00e7\u00e3o superior participantes do programa. O Programa de Resid\u00eancia Pedag\u00f3gica \u00e9 voltado para alunos de licenciatura que estejam na segunda metade do curso. O objetivo \u00e9 induzir o aperfei\u00e7oamento do est\u00e1gio curricular supervisionado, por meio da imers\u00e3o do licenciando em uma escola de educa\u00e7\u00e3o b\u00e1sica. A imers\u00e3o deve contemplar, entre outras a\u00e7\u00f5es, reg\u00eancia de sala de aula e interven\u00e7\u00e3o pedag\u00f3gica. Assim como no Pibid, cada selecionado ser\u00e1 acompanhado por um professor da escola com experi\u00eancia na mesma \u00e1rea de ensino do licenciando, e por um docente de institui\u00e7\u00e3o de educa\u00e7\u00e3o superior. Cursos \u00e0 dist\u00e2ncia Outro programa que receber\u00e1 recursos do governo \u00e9 o Universidade Aberta do Brasil (UAB), que oferece cursos de forma\u00e7\u00e3o a dist\u00e2ncia para professores j\u00e1 em exerc\u00edcio, em especial para aqueles que atuam em \u00e1rea diferente de sua forma\u00e7\u00e3o. As propostas de cursos a dist\u00e2ncia pelo sistema poder\u00e3o ser enviadas a partir de 19 de mar\u00e7o pelas universidades p\u00fablicas. Segundo o MEC, a exist\u00eancia de professores lecionando fora de sua \u00e1rea de forma\u00e7\u00e3o tem sido identificada pelo \u00edndice de forma\u00e7\u00e3o docente do Censo da Educa\u00e7\u00e3o B\u00e1sica, cuja \u00faltima edi\u00e7\u00e3o data de 2017. Na \u00faltima quarta-feira (28), o Minist\u00e9rio da Educa\u00e7\u00e3o (MEC) anunciou o investimento de R$ 1 bilh\u00e3o na Pol\u00edtica Nacional de Forma\u00e7\u00e3o de Professores, com a cria\u00e7\u00e3o de 190 mil vagas nos tr\u00eas programas. Cariri em Destaque\u00a0 Com EBC","og_url":"https:\/\/noticiasemdestaque.com\/cd\/?p=8308","og_site_name":"Not&iacute;cias em Destaque","article_published_time":"2018-03-04T15:10:36+00:00","og_image":[{"width":800,"height":445,"url":"https:\/\/noticiasemdestaque.com\/cd\/wp-content\/uploads\/2018\/03\/professor-800x445.jpg","type":"image\/jpeg"}],"author":"Not\u00edcias em Destaque","twitter_card":"summary_large_image","twitter_misc":{"Escrito por":"Not\u00edcias em Destaque","Est. tempo de leitura":"3 minutos"},"schema":{"@context":"https:\/\/schema.org","@graph":[{"@type":"Article","@id":"https:\/\/noticiasemdestaque.com\/cd\/?p=8308#article","isPartOf":{"@id":"https:\/\/noticiasemdestaque.com\/cd\/?p=8308"},"author":{"name":"Not\u00edcias em Destaque","@id":"https:\/\/noticiasemdestaque.com\/cd\/#\/schema\/person\/47f7d4f55eec17c6b2ca036c5500f6ce"},"headline":"Inscri\u00e7\u00f5es para programas de forma\u00e7\u00e3o de professores come\u00e7am nesta semana","datePublished":"2018-03-04T15:10:36+00:00","mainEntityOfPage":{"@id":"https:\/\/noticiasemdestaque.com\/cd\/?p=8308"},"wordCount":540,"publisher":{"@id":"https:\/\/noticiasemdestaque.com\/cd\/#organization"},"image":{"@id":"https:\/\/noticiasemdestaque.com\/cd\/?p=8308#primaryimage"},"thumbnailUrl":"https:\/\/noticiasemdestaque.com\/cd\/wp-content\/uploads\/2018\/03\/professor-800x445.jpg","articleSection":["Educa\u00e7\u00e3o"],"inLanguage":"pt-BR"},{"@type":"WebPage","@id":"https:\/\/noticiasemdestaque.com\/cd\/?p=8308","url":"https:\/\/noticiasemdestaque.com\/cd\/?p=8308","name":"Inscri\u00e7\u00f5es para programas de forma\u00e7\u00e3o de professores come\u00e7am nesta semana - Not&iacute;cias em Destaque","isPartOf":{"@id":"https:\/\/noticiasemdestaque.com\/cd\/#website"},"primaryImageOfPage":{"@id":"https:\/\/noticiasemdestaque.com\/cd\/?p=8308#primaryimage"},"image":{"@id":"https:\/\/noticiasemdestaque.com\/cd\/?p=8308#primaryimage"},"thumbnailUrl":"https:\/\/noticiasemdestaque.com\/cd\/wp-content\/uploads\/2018\/03\/professor-800x445.jpg","datePublished":"2018-03-04T15:10:36+00:00","breadcrumb":{"@id":"https:\/\/noticiasemdestaque.com\/cd\/?p=8308#breadcrumb"},"inLanguage":"pt-BR","potentialAction":[{"@type":"ReadAction","target":["https:\/\/noticiasemdestaque.com\/cd\/?p=8308"]}]},{"@type":"ImageObject","inLanguage":"pt-BR","@id":"https:\/\/noticiasemdestaque.com\/cd\/?p=8308#primaryimage","url":"https:\/\/noticiasemdestaque.com\/cd\/wp-content\/uploads\/2018\/03\/professor-800x445.jpg","contentUrl":"https:\/\/noticiasemdestaque.com\/cd\/wp-content\/uploads\/2018\/03\/professor-800x445.jpg","width":800,"height":445},{"@type":"BreadcrumbList","@id":"https:\/\/noticiasemdestaque.com\/cd\/?p=8308#breadcrumb","itemListElement":[{"@type":"ListItem","position":1,"name":"In\u00edcio","item":"https:\/\/noticiasemdestaque.com\/cd\/"},{"@type":"ListItem","position":2,"name":"Inscri\u00e7\u00f5es para programas de forma\u00e7\u00e3o de professores come\u00e7am nesta semana"}]},{"@type":"WebSite","@id":"https:\/\/noticiasemdestaque.com\/cd\/#website","url":"https:\/\/noticiasemdestaque.com\/cd\/","name":"Not&iacute;cias em Destaque","description":"","publisher":{"@id":"https:\/\/noticiasemdestaque.com\/cd\/#organization"},"potentialAction":[{"@type":"SearchAction","target":{"@type":"EntryPoint","urlTemplate":"https:\/\/noticiasemdestaque.com\/cd\/?s={search_term_string}"},"query-input":{"@type":"PropertyValueSpecification","valueRequired":true,"valueName":"search_term_string"}}],"inLanguage":"pt-BR"},{"@type":"Organization","@id":"https:\/\/noticiasemdestaque.com\/cd\/#organization","name":"Not\u00edcias em Destaque","url":"https:\/\/noticiasemdestaque.com\/cd\/","logo":{"@type":"ImageObject","inLanguage":"pt-BR","@id":"https:\/\/noticiasemdestaque.com\/cd\/#\/schema\/logo\/image\/","url":"https:\/\/noticiasemdestaque.com\/cd\/wp-content\/uploads\/2022\/05\/imagem-base-noticiasemdestaque.png","contentUrl":"https:\/\/noticiasemdestaque.com\/cd\/wp-content\/uploads\/2022\/05\/imagem-base-noticiasemdestaque.png","width":1200,"height":630,"caption":"Not\u00edcias em Destaque"},"image":{"@id":"https:\/\/noticiasemdestaque.com\/cd\/#\/schema\/logo\/image\/"}},{"@type":"Person","@id":"https:\/\/noticiasemdestaque.com\/cd\/#\/schema\/person\/47f7d4f55eec17c6b2ca036c5500f6ce","name":"Not\u00edcias em Destaque","url":"https:\/\/noticiasemdestaque.com\/cd\/?author=2"}]}},"jetpack_featured_media_url":"https:\/\/noticiasemdestaque.com\/cd\/wp-content\/uploads\/2018\/03\/professor-800x445.jpg","jetpack_sharing_enabled":true,"_links":{"self":[{"href":"https:\/\/noticiasemdestaque.com\/cd\/index.php?rest_route=\/wp\/v2\/posts\/8308","targetHints":{"allow":["GET"]}}],"collection":[{"href":"https:\/\/noticiasemdestaque.com\/cd\/index.php?rest_route=\/wp\/v2\/posts"}],"about":[{"href":"https:\/\/noticiasemdestaque.com\/cd\/index.php?rest_route=\/wp\/v2\/types\/post"}],"author":[{"embeddable":true,"href":"https:\/\/noticiasemdestaque.com\/cd\/index.php?rest_route=\/wp\/v2\/users\/2"}],"replies":[{"embeddable":true,"href":"https:\/\/noticiasemdestaque.com\/cd\/index.php?rest_route=%2Fwp%2Fv2%2Fcomments&post=8308"}],"version-history":[{"count":1,"href":"https:\/\/noticiasemdestaque.com\/cd\/index.php?rest_route=\/wp\/v2\/posts\/8308\/revisions"}],"predecessor-version":[{"id":8310,"href":"https:\/\/noticiasemdestaque.com\/cd\/index.php?rest_route=\/wp\/v2\/posts\/8308\/revisions\/8310"}],"wp:featuredmedia":[{"embeddable":true,"href":"https:\/\/noticiasemdestaque.com\/cd\/index.php?rest_route=\/wp\/v2\/media\/8309"}],"wp:attachment":[{"href":"https:\/\/noticiasemdestaque.com\/cd\/index.php?rest_route=%2Fwp%2Fv2%2Fmedia&parent=8308"}],"wp:term":[{"taxonomy":"category","embeddable":true,"href":"https:\/\/noticiasemdestaque.com\/cd\/index.php?rest_route=%2Fwp%2Fv2%2Fcategories&post=8308"},{"taxonomy":"post_tag","embeddable":true,"href":"https:\/\/noticiasemdestaque.com\/cd\/index.php?rest_route=%2Fwp%2Fv2%2Ftags&post=8308"}],"curies":[{"name":"wp","href":"https:\/\/api.w.org\/{rel}","templated":true}]}}