{"id":8303,"date":"2018-03-04T12:01:34","date_gmt":"2018-03-04T15:01:34","guid":{"rendered":"http:\/\/caririemdestaque.com\/cd\/?p=8303"},"modified":"2018-03-04T12:01:34","modified_gmt":"2018-03-04T15:01:34","slug":"homem-acusado-por-tentativa-de-assalto-na-cidade-de-prata-e-preso-conduzindo-motocicleta-embriagado-em-monteiro","status":"publish","type":"post","link":"https:\/\/noticiasemdestaque.com\/cd\/?p=8303","title":{"rendered":"Homem acusado por tentativa de assalto na cidade de Prata \u00e9 preso conduzindo motocicleta embriagado em Monteiro"},"content":{"rendered":"<p><a href=\"http:\/\/caririemdestaque.com\/cd\/wp-content\/uploads\/2017\/10\/P\u00f3rtico-Monteiro.jpg\"><img fetchpriority=\"high\" decoding=\"async\" class=\" wp-image-5371 alignleft\" src=\"http:\/\/caririemdestaque.com\/cd\/wp-content\/uploads\/2017\/10\/P\u00f3rtico-Monteiro-300x225.jpg\" alt=\"\" width=\"291\" height=\"218\" srcset=\"https:\/\/noticiasemdestaque.com\/cd\/wp-content\/uploads\/2017\/10\/P\u00f3rtico-Monteiro-300x225.jpg 300w, https:\/\/noticiasemdestaque.com\/cd\/wp-content\/uploads\/2017\/10\/P\u00f3rtico-Monteiro-768x576.jpg 768w, https:\/\/noticiasemdestaque.com\/cd\/wp-content\/uploads\/2017\/10\/P\u00f3rtico-Monteiro-1024x768.jpg 1024w, https:\/\/noticiasemdestaque.com\/cd\/wp-content\/uploads\/2017\/10\/P\u00f3rtico-Monteiro-640x480.jpg 640w, https:\/\/noticiasemdestaque.com\/cd\/wp-content\/uploads\/2017\/10\/P\u00f3rtico-Monteiro-200x150.jpg 200w, https:\/\/noticiasemdestaque.com\/cd\/wp-content\/uploads\/2017\/10\/P\u00f3rtico-Monteiro.jpg 1600w\" sizes=\"(max-width: 291px) 100vw, 291px\" \/><\/a>Policiais Militares prenderam na Pra\u00e7a Jo\u00e3o Pessoa, Vandeildo dos Santos Pereira, conhecido por Nenem, 22 anos de idade, residente em Monteiro.<\/p>\n<p>Nenem que apresentava sinais de embriaguez alcoolica estava numa motocicleta.<\/p>\n<p>O elemento foi conduzido a Delegacia, onde foi confirmado que havia um mandado de pris\u00e3o em aberto contra o mesmo pela participa\u00e7\u00e3o em uma tentativa de assalto ocorrida em 2017 na cidade da Prata.<\/p>\n<p>O acusado tamb\u00e9m foi indiciado por posse irregular de arma de fogo. Na resid\u00eancia do acusado foram encontradas uma espingarda de fabrica\u00e7\u00e3o caseira e um rifle calibre 22<\/p>\n<p><strong><em>Cariri em Destaque <\/em><\/strong><\/p>\n<p>Paulo Viana\/95 Fonte &#8211; Dr Paulo Rabelo \u2013 Delegado Informa\u00e7\u00f5es &#8211;<\/p>\n","protected":false},"excerpt":{"rendered":"<p>Policiais Militares prenderam na Pra\u00e7a Jo\u00e3o Pessoa, Vandeildo dos Santos Pereira, conhecido por Nenem, 22 anos de idade, residente em Monteiro. Nenem que apresentava sinais de embriaguez alcoolica estava numa motocicleta. O elemento foi conduzido a Delegacia, onde foi confirmado que havia um mandado de pris\u00e3o em aberto contra o mesmo pela participa\u00e7\u00e3o em uma tentativa de assalto ocorrida em 2017 na cidade da Prata. O acusado tamb\u00e9m foi indiciado por posse irregular de arma de fogo. Na resid\u00eancia do acusado foram encontradas uma espingarda de fabrica\u00e7\u00e3o caseira e um rifle calibre 22 Cariri em Destaque Paulo Viana\/95 Fonte &#8211; Dr Paulo Rabelo \u2013 Delegado Informa\u00e7\u00f5es &#8211;<\/p>\n","protected":false},"author":2,"featured_media":4004,"comment_status":"closed","ping_status":"open","sticky":false,"template":"","format":"standard","meta":{"_eb_attr":"","_jetpack_memberships_contains_paid_content":false,"footnotes":""},"categories":[1],"tags":[],"class_list":["post-8303","post","type-post","status-publish","format-standard","has-post-thumbnail","hentry","category-uncategorized"],"yoast_head":"<!-- This site is optimized with the Yoast SEO plugin v26.5 - https:\/\/yoast.com\/wordpress\/plugins\/seo\/ -->\n<title>Homem acusado por tentativa de assalto na cidade de Prata \u00e9 preso conduzindo motocicleta embriagado em Monteiro - Not&iacute;cias em Destaque<\/title>\n<meta name=\"robots\" content=\"index, follow, max-snippet:-1, max-image-preview:large, max-video-preview:-1\" \/>\n<link rel=\"canonical\" href=\"https:\/\/noticiasemdestaque.com\/cd\/?p=8303\" \/>\n<meta property=\"og:locale\" content=\"pt_BR\" \/>\n<meta property=\"og:type\" content=\"article\" \/>\n<meta property=\"og:title\" content=\"Homem acusado por tentativa de assalto na cidade de Prata \u00e9 preso conduzindo motocicleta embriagado em Monteiro - Not&iacute;cias em Destaque\" \/>\n<meta property=\"og:description\" content=\"Policiais Militares prenderam na Pra\u00e7a Jo\u00e3o Pessoa, Vandeildo dos Santos Pereira, conhecido por Nenem, 22 anos de idade, residente em Monteiro. Nenem que apresentava sinais de embriaguez alcoolica estava numa motocicleta. O elemento foi conduzido a Delegacia, onde foi confirmado que havia um mandado de pris\u00e3o em aberto contra o mesmo pela participa\u00e7\u00e3o em uma tentativa de assalto ocorrida em 2017 na cidade da Prata. O acusado tamb\u00e9m foi indiciado por posse irregular de arma de fogo. Na resid\u00eancia do acusado foram encontradas uma espingarda de fabrica\u00e7\u00e3o caseira e um rifle calibre 22 Cariri em Destaque Paulo Viana\/95 Fonte &#8211; Dr Paulo Rabelo \u2013 Delegado Informa\u00e7\u00f5es &#8211;\" \/>\n<meta property=\"og:url\" content=\"https:\/\/noticiasemdestaque.com\/cd\/?p=8303\" \/>\n<meta property=\"og:site_name\" content=\"Not&iacute;cias em Destaque\" \/>\n<meta property=\"article:published_time\" content=\"2018-03-04T15:01:34+00:00\" \/>\n<meta property=\"og:image\" content=\"https:\/\/noticiasemdestaque.com\/cd\/wp-content\/uploads\/2017\/09\/P\u00f3rtico-Monteiro.jpg\" \/>\n\t<meta property=\"og:image:width\" content=\"1600\" \/>\n\t<meta property=\"og:image:height\" content=\"1200\" \/>\n\t<meta property=\"og:image:type\" content=\"image\/jpeg\" \/>\n<meta name=\"author\" content=\"Not\u00edcias em Destaque\" \/>\n<meta name=\"twitter:card\" content=\"summary_large_image\" \/>\n<meta name=\"twitter:label1\" content=\"Escrito por\" \/>\n\t<meta name=\"twitter:data1\" content=\"Not\u00edcias em Destaque\" \/>\n\t<meta name=\"twitter:label2\" content=\"Est. tempo de leitura\" \/>\n\t<meta name=\"twitter:data2\" content=\"1 minuto\" \/>\n<script type=\"application\/ld+json\" class=\"yoast-schema-graph\">{\"@context\":\"https:\/\/schema.org\",\"@graph\":[{\"@type\":\"Article\",\"@id\":\"https:\/\/noticiasemdestaque.com\/cd\/?p=8303#article\",\"isPartOf\":{\"@id\":\"https:\/\/noticiasemdestaque.com\/cd\/?p=8303\"},\"author\":{\"name\":\"Not\u00edcias em Destaque\",\"@id\":\"https:\/\/noticiasemdestaque.com\/cd\/#\/schema\/person\/47f7d4f55eec17c6b2ca036c5500f6ce\"},\"headline\":\"Homem acusado por tentativa de assalto na cidade de Prata \u00e9 preso conduzindo motocicleta embriagado em Monteiro\",\"datePublished\":\"2018-03-04T15:01:34+00:00\",\"mainEntityOfPage\":{\"@id\":\"https:\/\/noticiasemdestaque.com\/cd\/?p=8303\"},\"wordCount\":126,\"publisher\":{\"@id\":\"https:\/\/noticiasemdestaque.com\/cd\/#organization\"},\"image\":{\"@id\":\"https:\/\/noticiasemdestaque.com\/cd\/?p=8303#primaryimage\"},\"thumbnailUrl\":\"https:\/\/noticiasemdestaque.com\/cd\/wp-content\/uploads\/2017\/09\/P\u00f3rtico-Monteiro.jpg\",\"articleSection\":[\"Uncategorized\"],\"inLanguage\":\"pt-BR\"},{\"@type\":\"WebPage\",\"@id\":\"https:\/\/noticiasemdestaque.com\/cd\/?p=8303\",\"url\":\"https:\/\/noticiasemdestaque.com\/cd\/?p=8303\",\"name\":\"Homem acusado por tentativa de assalto na cidade de Prata \u00e9 preso conduzindo motocicleta embriagado em Monteiro - Not&iacute;cias em Destaque\",\"isPartOf\":{\"@id\":\"https:\/\/noticiasemdestaque.com\/cd\/#website\"},\"primaryImageOfPage\":{\"@id\":\"https:\/\/noticiasemdestaque.com\/cd\/?p=8303#primaryimage\"},\"image\":{\"@id\":\"https:\/\/noticiasemdestaque.com\/cd\/?p=8303#primaryimage\"},\"thumbnailUrl\":\"https:\/\/noticiasemdestaque.com\/cd\/wp-content\/uploads\/2017\/09\/P\u00f3rtico-Monteiro.jpg\",\"datePublished\":\"2018-03-04T15:01:34+00:00\",\"breadcrumb\":{\"@id\":\"https:\/\/noticiasemdestaque.com\/cd\/?p=8303#breadcrumb\"},\"inLanguage\":\"pt-BR\",\"potentialAction\":[{\"@type\":\"ReadAction\",\"target\":[\"https:\/\/noticiasemdestaque.com\/cd\/?p=8303\"]}]},{\"@type\":\"ImageObject\",\"inLanguage\":\"pt-BR\",\"@id\":\"https:\/\/noticiasemdestaque.com\/cd\/?p=8303#primaryimage\",\"url\":\"https:\/\/noticiasemdestaque.com\/cd\/wp-content\/uploads\/2017\/09\/P\u00f3rtico-Monteiro.jpg\",\"contentUrl\":\"https:\/\/noticiasemdestaque.com\/cd\/wp-content\/uploads\/2017\/09\/P\u00f3rtico-Monteiro.jpg\",\"width\":1600,\"height\":1200},{\"@type\":\"BreadcrumbList\",\"@id\":\"https:\/\/noticiasemdestaque.com\/cd\/?p=8303#breadcrumb\",\"itemListElement\":[{\"@type\":\"ListItem\",\"position\":1,\"name\":\"In\u00edcio\",\"item\":\"https:\/\/noticiasemdestaque.com\/cd\/\"},{\"@type\":\"ListItem\",\"position\":2,\"name\":\"Homem acusado por tentativa de assalto na cidade de Prata \u00e9 preso conduzindo motocicleta embriagado em Monteiro\"}]},{\"@type\":\"WebSite\",\"@id\":\"https:\/\/noticiasemdestaque.com\/cd\/#website\",\"url\":\"https:\/\/noticiasemdestaque.com\/cd\/\",\"name\":\"Not&iacute;cias em Destaque\",\"description\":\"\",\"publisher\":{\"@id\":\"https:\/\/noticiasemdestaque.com\/cd\/#organization\"},\"potentialAction\":[{\"@type\":\"SearchAction\",\"target\":{\"@type\":\"EntryPoint\",\"urlTemplate\":\"https:\/\/noticiasemdestaque.com\/cd\/?s={search_term_string}\"},\"query-input\":{\"@type\":\"PropertyValueSpecification\",\"valueRequired\":true,\"valueName\":\"search_term_string\"}}],\"inLanguage\":\"pt-BR\"},{\"@type\":\"Organization\",\"@id\":\"https:\/\/noticiasemdestaque.com\/cd\/#organization\",\"name\":\"Not\u00edcias em Destaque\",\"url\":\"https:\/\/noticiasemdestaque.com\/cd\/\",\"logo\":{\"@type\":\"ImageObject\",\"inLanguage\":\"pt-BR\",\"@id\":\"https:\/\/noticiasemdestaque.com\/cd\/#\/schema\/logo\/image\/\",\"url\":\"https:\/\/noticiasemdestaque.com\/cd\/wp-content\/uploads\/2022\/05\/imagem-base-noticiasemdestaque.png\",\"contentUrl\":\"https:\/\/noticiasemdestaque.com\/cd\/wp-content\/uploads\/2022\/05\/imagem-base-noticiasemdestaque.png\",\"width\":1200,\"height\":630,\"caption\":\"Not\u00edcias em Destaque\"},\"image\":{\"@id\":\"https:\/\/noticiasemdestaque.com\/cd\/#\/schema\/logo\/image\/\"}},{\"@type\":\"Person\",\"@id\":\"https:\/\/noticiasemdestaque.com\/cd\/#\/schema\/person\/47f7d4f55eec17c6b2ca036c5500f6ce\",\"name\":\"Not\u00edcias em Destaque\",\"url\":\"https:\/\/noticiasemdestaque.com\/cd\/?author=2\"}]}<\/script>\n<!-- \/ Yoast SEO plugin. -->","yoast_head_json":{"title":"Homem acusado por tentativa de assalto na cidade de Prata \u00e9 preso conduzindo motocicleta embriagado em Monteiro - Not&iacute;cias em Destaque","robots":{"index":"index","follow":"follow","max-snippet":"max-snippet:-1","max-image-preview":"max-image-preview:large","max-video-preview":"max-video-preview:-1"},"canonical":"https:\/\/noticiasemdestaque.com\/cd\/?p=8303","og_locale":"pt_BR","og_type":"article","og_title":"Homem acusado por tentativa de assalto na cidade de Prata \u00e9 preso conduzindo motocicleta embriagado em Monteiro - Not&iacute;cias em Destaque","og_description":"Policiais Militares prenderam na Pra\u00e7a Jo\u00e3o Pessoa, Vandeildo dos Santos Pereira, conhecido por Nenem, 22 anos de idade, residente em Monteiro. Nenem que apresentava sinais de embriaguez alcoolica estava numa motocicleta. O elemento foi conduzido a Delegacia, onde foi confirmado que havia um mandado de pris\u00e3o em aberto contra o mesmo pela participa\u00e7\u00e3o em uma tentativa de assalto ocorrida em 2017 na cidade da Prata. O acusado tamb\u00e9m foi indiciado por posse irregular de arma de fogo. Na resid\u00eancia do acusado foram encontradas uma espingarda de fabrica\u00e7\u00e3o caseira e um rifle calibre 22 Cariri em Destaque Paulo Viana\/95 Fonte &#8211; Dr Paulo Rabelo \u2013 Delegado Informa\u00e7\u00f5es &#8211;","og_url":"https:\/\/noticiasemdestaque.com\/cd\/?p=8303","og_site_name":"Not&iacute;cias em Destaque","article_published_time":"2018-03-04T15:01:34+00:00","og_image":[{"width":1600,"height":1200,"url":"https:\/\/noticiasemdestaque.com\/cd\/wp-content\/uploads\/2017\/09\/P\u00f3rtico-Monteiro.jpg","type":"image\/jpeg"}],"author":"Not\u00edcias em Destaque","twitter_card":"summary_large_image","twitter_misc":{"Escrito por":"Not\u00edcias em Destaque","Est. tempo de leitura":"1 minuto"},"schema":{"@context":"https:\/\/schema.org","@graph":[{"@type":"Article","@id":"https:\/\/noticiasemdestaque.com\/cd\/?p=8303#article","isPartOf":{"@id":"https:\/\/noticiasemdestaque.com\/cd\/?p=8303"},"author":{"name":"Not\u00edcias em Destaque","@id":"https:\/\/noticiasemdestaque.com\/cd\/#\/schema\/person\/47f7d4f55eec17c6b2ca036c5500f6ce"},"headline":"Homem acusado por tentativa de assalto na cidade de Prata \u00e9 preso conduzindo motocicleta embriagado em Monteiro","datePublished":"2018-03-04T15:01:34+00:00","mainEntityOfPage":{"@id":"https:\/\/noticiasemdestaque.com\/cd\/?p=8303"},"wordCount":126,"publisher":{"@id":"https:\/\/noticiasemdestaque.com\/cd\/#organization"},"image":{"@id":"https:\/\/noticiasemdestaque.com\/cd\/?p=8303#primaryimage"},"thumbnailUrl":"https:\/\/noticiasemdestaque.com\/cd\/wp-content\/uploads\/2017\/09\/P\u00f3rtico-Monteiro.jpg","articleSection":["Uncategorized"],"inLanguage":"pt-BR"},{"@type":"WebPage","@id":"https:\/\/noticiasemdestaque.com\/cd\/?p=8303","url":"https:\/\/noticiasemdestaque.com\/cd\/?p=8303","name":"Homem acusado por tentativa de assalto na cidade de Prata \u00e9 preso conduzindo motocicleta embriagado em Monteiro - Not&iacute;cias em Destaque","isPartOf":{"@id":"https:\/\/noticiasemdestaque.com\/cd\/#website"},"primaryImageOfPage":{"@id":"https:\/\/noticiasemdestaque.com\/cd\/?p=8303#primaryimage"},"image":{"@id":"https:\/\/noticiasemdestaque.com\/cd\/?p=8303#primaryimage"},"thumbnailUrl":"https:\/\/noticiasemdestaque.com\/cd\/wp-content\/uploads\/2017\/09\/P\u00f3rtico-Monteiro.jpg","datePublished":"2018-03-04T15:01:34+00:00","breadcrumb":{"@id":"https:\/\/noticiasemdestaque.com\/cd\/?p=8303#breadcrumb"},"inLanguage":"pt-BR","potentialAction":[{"@type":"ReadAction","target":["https:\/\/noticiasemdestaque.com\/cd\/?p=8303"]}]},{"@type":"ImageObject","inLanguage":"pt-BR","@id":"https:\/\/noticiasemdestaque.com\/cd\/?p=8303#primaryimage","url":"https:\/\/noticiasemdestaque.com\/cd\/wp-content\/uploads\/2017\/09\/P\u00f3rtico-Monteiro.jpg","contentUrl":"https:\/\/noticiasemdestaque.com\/cd\/wp-content\/uploads\/2017\/09\/P\u00f3rtico-Monteiro.jpg","width":1600,"height":1200},{"@type":"BreadcrumbList","@id":"https:\/\/noticiasemdestaque.com\/cd\/?p=8303#breadcrumb","itemListElement":[{"@type":"ListItem","position":1,"name":"In\u00edcio","item":"https:\/\/noticiasemdestaque.com\/cd\/"},{"@type":"ListItem","position":2,"name":"Homem acusado por tentativa de assalto na cidade de Prata \u00e9 preso conduzindo motocicleta embriagado em Monteiro"}]},{"@type":"WebSite","@id":"https:\/\/noticiasemdestaque.com\/cd\/#website","url":"https:\/\/noticiasemdestaque.com\/cd\/","name":"Not&iacute;cias em Destaque","description":"","publisher":{"@id":"https:\/\/noticiasemdestaque.com\/cd\/#organization"},"potentialAction":[{"@type":"SearchAction","target":{"@type":"EntryPoint","urlTemplate":"https:\/\/noticiasemdestaque.com\/cd\/?s={search_term_string}"},"query-input":{"@type":"PropertyValueSpecification","valueRequired":true,"valueName":"search_term_string"}}],"inLanguage":"pt-BR"},{"@type":"Organization","@id":"https:\/\/noticiasemdestaque.com\/cd\/#organization","name":"Not\u00edcias em Destaque","url":"https:\/\/noticiasemdestaque.com\/cd\/","logo":{"@type":"ImageObject","inLanguage":"pt-BR","@id":"https:\/\/noticiasemdestaque.com\/cd\/#\/schema\/logo\/image\/","url":"https:\/\/noticiasemdestaque.com\/cd\/wp-content\/uploads\/2022\/05\/imagem-base-noticiasemdestaque.png","contentUrl":"https:\/\/noticiasemdestaque.com\/cd\/wp-content\/uploads\/2022\/05\/imagem-base-noticiasemdestaque.png","width":1200,"height":630,"caption":"Not\u00edcias em Destaque"},"image":{"@id":"https:\/\/noticiasemdestaque.com\/cd\/#\/schema\/logo\/image\/"}},{"@type":"Person","@id":"https:\/\/noticiasemdestaque.com\/cd\/#\/schema\/person\/47f7d4f55eec17c6b2ca036c5500f6ce","name":"Not\u00edcias em Destaque","url":"https:\/\/noticiasemdestaque.com\/cd\/?author=2"}]}},"jetpack_featured_media_url":"https:\/\/noticiasemdestaque.com\/cd\/wp-content\/uploads\/2017\/09\/P\u00f3rtico-Monteiro.jpg","jetpack_sharing_enabled":true,"_links":{"self":[{"href":"https:\/\/noticiasemdestaque.com\/cd\/index.php?rest_route=\/wp\/v2\/posts\/8303","targetHints":{"allow":["GET"]}}],"collection":[{"href":"https:\/\/noticiasemdestaque.com\/cd\/index.php?rest_route=\/wp\/v2\/posts"}],"about":[{"href":"https:\/\/noticiasemdestaque.com\/cd\/index.php?rest_route=\/wp\/v2\/types\/post"}],"author":[{"embeddable":true,"href":"https:\/\/noticiasemdestaque.com\/cd\/index.php?rest_route=\/wp\/v2\/users\/2"}],"replies":[{"embeddable":true,"href":"https:\/\/noticiasemdestaque.com\/cd\/index.php?rest_route=%2Fwp%2Fv2%2Fcomments&post=8303"}],"version-history":[{"count":1,"href":"https:\/\/noticiasemdestaque.com\/cd\/index.php?rest_route=\/wp\/v2\/posts\/8303\/revisions"}],"predecessor-version":[{"id":8304,"href":"https:\/\/noticiasemdestaque.com\/cd\/index.php?rest_route=\/wp\/v2\/posts\/8303\/revisions\/8304"}],"wp:featuredmedia":[{"embeddable":true,"href":"https:\/\/noticiasemdestaque.com\/cd\/index.php?rest_route=\/wp\/v2\/media\/4004"}],"wp:attachment":[{"href":"https:\/\/noticiasemdestaque.com\/cd\/index.php?rest_route=%2Fwp%2Fv2%2Fmedia&parent=8303"}],"wp:term":[{"taxonomy":"category","embeddable":true,"href":"https:\/\/noticiasemdestaque.com\/cd\/index.php?rest_route=%2Fwp%2Fv2%2Fcategories&post=8303"},{"taxonomy":"post_tag","embeddable":true,"href":"https:\/\/noticiasemdestaque.com\/cd\/index.php?rest_route=%2Fwp%2Fv2%2Ftags&post=8303"}],"curies":[{"name":"wp","href":"https:\/\/api.w.org\/{rel}","templated":true}]}}