{"id":8264,"date":"2018-03-02T07:59:37","date_gmt":"2018-03-02T10:59:37","guid":{"rendered":"http:\/\/caririemdestaque.com\/cd\/?p=8264"},"modified":"2018-03-02T21:31:33","modified_gmt":"2018-03-03T00:31:33","slug":"ministerio-publico-recomenda-que-prefeitura-de-sume-retome-servicos-de-implantes-dentarios","status":"publish","type":"post","link":"https:\/\/noticiasemdestaque.com\/cd\/?p=8264","title":{"rendered":"Minist\u00e9rio P\u00fablico recomenda que Prefeitura de Sum\u00e9 retome servi\u00e7os de implantes dent\u00e1rios"},"content":{"rendered":"<p><a href=\"http:\/\/caririemdestaque.com\/cd\/wp-content\/uploads\/2018\/03\/ceo-sume.jpg\"><img fetchpriority=\"high\" decoding=\"async\" class=\"size-medium wp-image-8265 alignleft\" src=\"http:\/\/caririemdestaque.com\/cd\/wp-content\/uploads\/2018\/03\/ceo-sume-300x169.jpg\" alt=\"\" width=\"300\" height=\"169\" srcset=\"https:\/\/noticiasemdestaque.com\/cd\/wp-content\/uploads\/2018\/03\/ceo-sume-300x169.jpg 300w, https:\/\/noticiasemdestaque.com\/cd\/wp-content\/uploads\/2018\/03\/ceo-sume-768x432.jpg 768w, https:\/\/noticiasemdestaque.com\/cd\/wp-content\/uploads\/2018\/03\/ceo-sume-1024x576.jpg 1024w, https:\/\/noticiasemdestaque.com\/cd\/wp-content\/uploads\/2018\/03\/ceo-sume.jpg 1600w\" sizes=\"(max-width: 300px) 100vw, 300px\" \/><\/a>O Minist\u00e9rio P\u00fablico da Para\u00edba atrav\u00e9s do promotor de Justi\u00e7a,\u00a0 Bruno Leonardo Lins, divulgou uma recomenda\u00e7\u00e3o para que o munic\u00edpio de Sum\u00e9 continue no prazo de 30 dias os tratamentos dos implantes dent\u00e1rios iniciados antes do decreto n. 1.187\/2017.<\/p>\n<p>A Prefeitura de Sum\u00e9 suspendeu os servi\u00e7os ap\u00f3s a\u00a0Pol\u00edcia Federal deflagrar em 7 de novembro de 2017 a <em><strong>&#8221; Opera\u00e7\u00e3o Tit\u00e2nio&#8221; <\/strong><\/em>que tinha\u00a0o objetivo de apurar irregularidades na contrata\u00e7\u00e3o e execu\u00e7\u00e3o de servi\u00e7os de implantes dent\u00e1rios, do programa Brasil Sorridente<\/p>\n<p>A recomenda\u00e7\u00e3o do MPPB informa que a retomada dos servi\u00e7os poder\u00e1 ser atrav\u00e9s do contrato j\u00e1 firmado com a <strong>SARKIS IMPLANTES SERVI\u00c7OS ODONTOL\u00d3GICOS<\/strong>, ou contratar outra empresa.<\/p>\n<p>Na recomenda\u00e7\u00e3o o MPPB leva em considera\u00e7\u00e3o que centenas de tratamentos j\u00e1 haviam sido iniciados sem a devida conclus\u00e3o em raz\u00e3o da suspens\u00e3o dos servi\u00e7os, estando os pacientes com mat\u00e9rias em suas bocas.<\/p>\n<p>A recomenda\u00e7\u00e3o considerou ainda, que a interrup\u00e7\u00e3o do tratamento j\u00e1 iniciado pode causar dano \u00e0 sa\u00fade do paciente e ainda a impossibilidade de conclus\u00e3o dos implantes caso decorrido longo per\u00edodo de tempo.<\/p>\n<p>Al\u00e9m dos mais a recomenda\u00e7\u00e3o afirma que a Justi\u00e7a Federal, o Minist\u00e9rio P\u00fablico Federal e a Controladoria-Geral da Uni\u00e3o, informaram n\u00e3o haver qualquer determina\u00e7\u00e3o impedindo a continuidade do contrato firmado com a <strong>SARKIS IMPLANTES SERVI\u00c7OS ODONTOL\u00d3GICOS<\/strong> e a Prefeitura de Sum\u00e9.<\/p>\n<p><strong>O OUTRO LADO:\u00a0<\/strong><\/p>\n<p><a href=\"http:\/\/caririemdestaque.com\/cd\/wp-content\/uploads\/2017\/08\/eden_sume.jpg\"><img decoding=\"async\" class=\"size-medium wp-image-3468 alignleft\" src=\"http:\/\/caririemdestaque.com\/cd\/wp-content\/uploads\/2017\/08\/eden_sume-300x199.jpg\" alt=\"\" width=\"300\" height=\"199\" srcset=\"https:\/\/noticiasemdestaque.com\/cd\/wp-content\/uploads\/2017\/08\/eden_sume-300x199.jpg 300w, https:\/\/noticiasemdestaque.com\/cd\/wp-content\/uploads\/2017\/08\/eden_sume-480x320.jpg 480w, https:\/\/noticiasemdestaque.com\/cd\/wp-content\/uploads\/2017\/08\/eden_sume.jpg 720w\" sizes=\"(max-width: 300px) 100vw, 300px\" \/><\/a>Em contato com a reportagem do <strong><em>Cariri em Destaque<\/em><\/strong>, o prefeito \u00c9den Duarte informou que os servi\u00e7os foram suspensos por orienta\u00e7\u00e3o do setor jur\u00eddico da Prefeitura.<\/p>\n<p>O gestor informou que a Prefeitura abriu uma sindic\u00e2ncia para apurar a execu\u00e7\u00e3o do projeto de implantes, da mesma forma que seguem as investiga\u00e7\u00f5es por parte da Justi\u00e7a Federal, Minist\u00e9rio P\u00fablico Federal e a Controladoria-Geral da Uni\u00e3o.<\/p>\n<p>O prefeito \u00c9den disse ainda, que o parecer do MPPB apresenta seguran\u00e7a jur\u00eddica necess\u00e1ria para retomada dos servi\u00e7os, uma reuni\u00e3o entre as partes envolvidas deve acontecer ainda nesta sexta-feira para definir os detalhes da volta dos servi\u00e7os, que ser\u00e3o ofertados neste primeiro momento as pessoas que j\u00e1 iniciaram os tratamentos.<\/p>\n<p><strong><em>Cariri em Destaque <\/em><\/strong><\/p>\n<p>&nbsp;<\/p>\n","protected":false},"excerpt":{"rendered":"<p>O Minist\u00e9rio P\u00fablico da Para\u00edba atrav\u00e9s do promotor de Justi\u00e7a,\u00a0 Bruno Leonardo Lins, divulgou uma recomenda\u00e7\u00e3o para que o munic\u00edpio de Sum\u00e9 continue no prazo de 30 dias os tratamentos dos implantes dent\u00e1rios iniciados antes do decreto n. 1.187\/2017. A Prefeitura de Sum\u00e9 suspendeu os servi\u00e7os ap\u00f3s a\u00a0Pol\u00edcia Federal deflagrar em 7 de novembro de 2017 a &#8221; Opera\u00e7\u00e3o Tit\u00e2nio&#8221; que tinha\u00a0o objetivo de apurar irregularidades na contrata\u00e7\u00e3o e execu\u00e7\u00e3o de servi\u00e7os de implantes dent\u00e1rios, do programa Brasil Sorridente A recomenda\u00e7\u00e3o do MPPB informa que a retomada dos servi\u00e7os poder\u00e1 ser atrav\u00e9s do contrato j\u00e1 firmado com a SARKIS IMPLANTES SERVI\u00c7OS ODONTOL\u00d3GICOS, ou contratar outra empresa. Na recomenda\u00e7\u00e3o o MPPB leva em considera\u00e7\u00e3o que centenas de tratamentos j\u00e1 haviam sido iniciados sem a devida conclus\u00e3o em raz\u00e3o da suspens\u00e3o dos servi\u00e7os, estando os pacientes com mat\u00e9rias em suas bocas. A recomenda\u00e7\u00e3o considerou ainda, que a interrup\u00e7\u00e3o do tratamento j\u00e1 iniciado pode causar dano \u00e0 sa\u00fade do paciente e ainda a impossibilidade de conclus\u00e3o dos implantes caso decorrido longo per\u00edodo de tempo. Al\u00e9m dos mais a recomenda\u00e7\u00e3o afirma que a Justi\u00e7a Federal, o Minist\u00e9rio P\u00fablico Federal e a Controladoria-Geral da Uni\u00e3o, informaram n\u00e3o haver qualquer determina\u00e7\u00e3o impedindo a continuidade do contrato firmado com a SARKIS IMPLANTES SERVI\u00c7OS ODONTOL\u00d3GICOS e a Prefeitura de Sum\u00e9. O OUTRO LADO:\u00a0 Em contato com a reportagem do Cariri em Destaque, o prefeito \u00c9den Duarte informou que os servi\u00e7os foram suspensos por orienta\u00e7\u00e3o do setor jur\u00eddico da Prefeitura. O gestor informou que a Prefeitura abriu uma sindic\u00e2ncia para apurar a execu\u00e7\u00e3o do projeto de implantes, da mesma forma que seguem as investiga\u00e7\u00f5es por parte da Justi\u00e7a Federal, Minist\u00e9rio P\u00fablico Federal e a Controladoria-Geral da Uni\u00e3o. O prefeito \u00c9den disse ainda, que o parecer do MPPB apresenta seguran\u00e7a jur\u00eddica necess\u00e1ria para retomada dos servi\u00e7os, uma reuni\u00e3o entre as partes envolvidas deve acontecer ainda nesta sexta-feira para definir os detalhes da volta dos servi\u00e7os, que ser\u00e3o ofertados neste primeiro momento as pessoas que j\u00e1 iniciaram os tratamentos. Cariri em Destaque &nbsp;<\/p>\n","protected":false},"author":2,"featured_media":8265,"comment_status":"closed","ping_status":"open","sticky":false,"template":"","format":"standard","meta":{"_eb_attr":"","_jetpack_memberships_contains_paid_content":false,"footnotes":""},"categories":[3],"tags":[],"class_list":["post-8264","post","type-post","status-publish","format-standard","has-post-thumbnail","hentry","category-cidades"],"yoast_head":"<!-- This site is optimized with the Yoast SEO plugin v26.5 - https:\/\/yoast.com\/wordpress\/plugins\/seo\/ -->\n<title>Minist\u00e9rio P\u00fablico recomenda que Prefeitura de Sum\u00e9 retome servi\u00e7os de implantes dent\u00e1rios - Not&iacute;cias em Destaque<\/title>\n<meta name=\"robots\" content=\"index, follow, max-snippet:-1, max-image-preview:large, max-video-preview:-1\" \/>\n<link rel=\"canonical\" href=\"https:\/\/noticiasemdestaque.com\/cd\/?p=8264\" \/>\n<meta property=\"og:locale\" content=\"pt_BR\" \/>\n<meta property=\"og:type\" content=\"article\" \/>\n<meta property=\"og:title\" content=\"Minist\u00e9rio P\u00fablico recomenda que Prefeitura de Sum\u00e9 retome servi\u00e7os de implantes dent\u00e1rios - Not&iacute;cias em Destaque\" \/>\n<meta property=\"og:description\" content=\"O Minist\u00e9rio P\u00fablico da Para\u00edba atrav\u00e9s do promotor de Justi\u00e7a,\u00a0 Bruno Leonardo Lins, divulgou uma recomenda\u00e7\u00e3o para que o munic\u00edpio de Sum\u00e9 continue no prazo de 30 dias os tratamentos dos implantes dent\u00e1rios iniciados antes do decreto n. 1.187\/2017. A Prefeitura de Sum\u00e9 suspendeu os servi\u00e7os ap\u00f3s a\u00a0Pol\u00edcia Federal deflagrar em 7 de novembro de 2017 a &#8221; Opera\u00e7\u00e3o Tit\u00e2nio&#8221; que tinha\u00a0o objetivo de apurar irregularidades na contrata\u00e7\u00e3o e execu\u00e7\u00e3o de servi\u00e7os de implantes dent\u00e1rios, do programa Brasil Sorridente A recomenda\u00e7\u00e3o do MPPB informa que a retomada dos servi\u00e7os poder\u00e1 ser atrav\u00e9s do contrato j\u00e1 firmado com a SARKIS IMPLANTES SERVI\u00c7OS ODONTOL\u00d3GICOS, ou contratar outra empresa. Na recomenda\u00e7\u00e3o o MPPB leva em considera\u00e7\u00e3o que centenas de tratamentos j\u00e1 haviam sido iniciados sem a devida conclus\u00e3o em raz\u00e3o da suspens\u00e3o dos servi\u00e7os, estando os pacientes com mat\u00e9rias em suas bocas. A recomenda\u00e7\u00e3o considerou ainda, que a interrup\u00e7\u00e3o do tratamento j\u00e1 iniciado pode causar dano \u00e0 sa\u00fade do paciente e ainda a impossibilidade de conclus\u00e3o dos implantes caso decorrido longo per\u00edodo de tempo. Al\u00e9m dos mais a recomenda\u00e7\u00e3o afirma que a Justi\u00e7a Federal, o Minist\u00e9rio P\u00fablico Federal e a Controladoria-Geral da Uni\u00e3o, informaram n\u00e3o haver qualquer determina\u00e7\u00e3o impedindo a continuidade do contrato firmado com a SARKIS IMPLANTES SERVI\u00c7OS ODONTOL\u00d3GICOS e a Prefeitura de Sum\u00e9. O OUTRO LADO:\u00a0 Em contato com a reportagem do Cariri em Destaque, o prefeito \u00c9den Duarte informou que os servi\u00e7os foram suspensos por orienta\u00e7\u00e3o do setor jur\u00eddico da Prefeitura. O gestor informou que a Prefeitura abriu uma sindic\u00e2ncia para apurar a execu\u00e7\u00e3o do projeto de implantes, da mesma forma que seguem as investiga\u00e7\u00f5es por parte da Justi\u00e7a Federal, Minist\u00e9rio P\u00fablico Federal e a Controladoria-Geral da Uni\u00e3o. O prefeito \u00c9den disse ainda, que o parecer do MPPB apresenta seguran\u00e7a jur\u00eddica necess\u00e1ria para retomada dos servi\u00e7os, uma reuni\u00e3o entre as partes envolvidas deve acontecer ainda nesta sexta-feira para definir os detalhes da volta dos servi\u00e7os, que ser\u00e3o ofertados neste primeiro momento as pessoas que j\u00e1 iniciaram os tratamentos. Cariri em Destaque &nbsp;\" \/>\n<meta property=\"og:url\" content=\"https:\/\/noticiasemdestaque.com\/cd\/?p=8264\" \/>\n<meta property=\"og:site_name\" content=\"Not&iacute;cias em Destaque\" \/>\n<meta property=\"article:published_time\" content=\"2018-03-02T10:59:37+00:00\" \/>\n<meta property=\"article:modified_time\" content=\"2018-03-03T00:31:33+00:00\" \/>\n<meta property=\"og:image\" content=\"https:\/\/noticiasemdestaque.com\/cd\/wp-content\/uploads\/2018\/03\/ceo-sume.jpg\" \/>\n\t<meta property=\"og:image:width\" content=\"1600\" \/>\n\t<meta property=\"og:image:height\" content=\"900\" \/>\n\t<meta property=\"og:image:type\" content=\"image\/jpeg\" \/>\n<meta name=\"author\" content=\"Not\u00edcias em Destaque\" \/>\n<meta name=\"twitter:card\" content=\"summary_large_image\" \/>\n<meta name=\"twitter:label1\" content=\"Escrito por\" \/>\n\t<meta name=\"twitter:data1\" content=\"Not\u00edcias em Destaque\" \/>\n\t<meta name=\"twitter:label2\" content=\"Est. tempo de leitura\" \/>\n\t<meta name=\"twitter:data2\" content=\"2 minutos\" \/>\n<script type=\"application\/ld+json\" class=\"yoast-schema-graph\">{\"@context\":\"https:\/\/schema.org\",\"@graph\":[{\"@type\":\"Article\",\"@id\":\"https:\/\/noticiasemdestaque.com\/cd\/?p=8264#article\",\"isPartOf\":{\"@id\":\"https:\/\/noticiasemdestaque.com\/cd\/?p=8264\"},\"author\":{\"name\":\"Not\u00edcias em Destaque\",\"@id\":\"https:\/\/noticiasemdestaque.com\/cd\/#\/schema\/person\/21320b03a7e8bb90128938dafc9b908a\"},\"headline\":\"Minist\u00e9rio P\u00fablico recomenda que Prefeitura de Sum\u00e9 retome servi\u00e7os de implantes dent\u00e1rios\",\"datePublished\":\"2018-03-02T10:59:37+00:00\",\"dateModified\":\"2018-03-03T00:31:33+00:00\",\"mainEntityOfPage\":{\"@id\":\"https:\/\/noticiasemdestaque.com\/cd\/?p=8264\"},\"wordCount\":405,\"publisher\":{\"@id\":\"https:\/\/noticiasemdestaque.com\/cd\/#organization\"},\"image\":{\"@id\":\"https:\/\/noticiasemdestaque.com\/cd\/?p=8264#primaryimage\"},\"thumbnailUrl\":\"https:\/\/noticiasemdestaque.com\/cd\/wp-content\/uploads\/2018\/03\/ceo-sume.jpg\",\"articleSection\":[\"Cidades\"],\"inLanguage\":\"pt-BR\"},{\"@type\":\"WebPage\",\"@id\":\"https:\/\/noticiasemdestaque.com\/cd\/?p=8264\",\"url\":\"https:\/\/noticiasemdestaque.com\/cd\/?p=8264\",\"name\":\"Minist\u00e9rio P\u00fablico recomenda que Prefeitura de Sum\u00e9 retome servi\u00e7os de implantes dent\u00e1rios - Not&iacute;cias em Destaque\",\"isPartOf\":{\"@id\":\"https:\/\/noticiasemdestaque.com\/cd\/#website\"},\"primaryImageOfPage\":{\"@id\":\"https:\/\/noticiasemdestaque.com\/cd\/?p=8264#primaryimage\"},\"image\":{\"@id\":\"https:\/\/noticiasemdestaque.com\/cd\/?p=8264#primaryimage\"},\"thumbnailUrl\":\"https:\/\/noticiasemdestaque.com\/cd\/wp-content\/uploads\/2018\/03\/ceo-sume.jpg\",\"datePublished\":\"2018-03-02T10:59:37+00:00\",\"dateModified\":\"2018-03-03T00:31:33+00:00\",\"breadcrumb\":{\"@id\":\"https:\/\/noticiasemdestaque.com\/cd\/?p=8264#breadcrumb\"},\"inLanguage\":\"pt-BR\",\"potentialAction\":[{\"@type\":\"ReadAction\",\"target\":[\"https:\/\/noticiasemdestaque.com\/cd\/?p=8264\"]}]},{\"@type\":\"ImageObject\",\"inLanguage\":\"pt-BR\",\"@id\":\"https:\/\/noticiasemdestaque.com\/cd\/?p=8264#primaryimage\",\"url\":\"https:\/\/noticiasemdestaque.com\/cd\/wp-content\/uploads\/2018\/03\/ceo-sume.jpg\",\"contentUrl\":\"https:\/\/noticiasemdestaque.com\/cd\/wp-content\/uploads\/2018\/03\/ceo-sume.jpg\",\"width\":1600,\"height\":900},{\"@type\":\"BreadcrumbList\",\"@id\":\"https:\/\/noticiasemdestaque.com\/cd\/?p=8264#breadcrumb\",\"itemListElement\":[{\"@type\":\"ListItem\",\"position\":1,\"name\":\"In\u00edcio\",\"item\":\"https:\/\/noticiasemdestaque.com\/cd\/\"},{\"@type\":\"ListItem\",\"position\":2,\"name\":\"Minist\u00e9rio P\u00fablico recomenda que Prefeitura de Sum\u00e9 retome servi\u00e7os de implantes dent\u00e1rios\"}]},{\"@type\":\"WebSite\",\"@id\":\"https:\/\/noticiasemdestaque.com\/cd\/#website\",\"url\":\"https:\/\/noticiasemdestaque.com\/cd\/\",\"name\":\"Not&iacute;cias em Destaque\",\"description\":\"\",\"publisher\":{\"@id\":\"https:\/\/noticiasemdestaque.com\/cd\/#organization\"},\"potentialAction\":[{\"@type\":\"SearchAction\",\"target\":{\"@type\":\"EntryPoint\",\"urlTemplate\":\"https:\/\/noticiasemdestaque.com\/cd\/?s={search_term_string}\"},\"query-input\":{\"@type\":\"PropertyValueSpecification\",\"valueRequired\":true,\"valueName\":\"search_term_string\"}}],\"inLanguage\":\"pt-BR\"},{\"@type\":\"Organization\",\"@id\":\"https:\/\/noticiasemdestaque.com\/cd\/#organization\",\"name\":\"Not\u00edcias em Destaque\",\"url\":\"https:\/\/noticiasemdestaque.com\/cd\/\",\"logo\":{\"@type\":\"ImageObject\",\"inLanguage\":\"pt-BR\",\"@id\":\"https:\/\/noticiasemdestaque.com\/cd\/#\/schema\/logo\/image\/\",\"url\":\"https:\/\/noticiasemdestaque.com\/cd\/wp-content\/uploads\/2022\/05\/imagem-base-noticiasemdestaque.png\",\"contentUrl\":\"https:\/\/noticiasemdestaque.com\/cd\/wp-content\/uploads\/2022\/05\/imagem-base-noticiasemdestaque.png\",\"width\":1200,\"height\":630,\"caption\":\"Not\u00edcias em Destaque\"},\"image\":{\"@id\":\"https:\/\/noticiasemdestaque.com\/cd\/#\/schema\/logo\/image\/\"}},{\"@type\":\"Person\",\"@id\":\"https:\/\/noticiasemdestaque.com\/cd\/#\/schema\/person\/21320b03a7e8bb90128938dafc9b908a\",\"name\":\"Not\u00edcias em Destaque\",\"url\":\"https:\/\/noticiasemdestaque.com\/cd\/?author=2\"}]}<\/script>\n<!-- \/ Yoast SEO plugin. -->","yoast_head_json":{"title":"Minist\u00e9rio P\u00fablico recomenda que Prefeitura de Sum\u00e9 retome servi\u00e7os de implantes dent\u00e1rios - Not&iacute;cias em Destaque","robots":{"index":"index","follow":"follow","max-snippet":"max-snippet:-1","max-image-preview":"max-image-preview:large","max-video-preview":"max-video-preview:-1"},"canonical":"https:\/\/noticiasemdestaque.com\/cd\/?p=8264","og_locale":"pt_BR","og_type":"article","og_title":"Minist\u00e9rio P\u00fablico recomenda que Prefeitura de Sum\u00e9 retome servi\u00e7os de implantes dent\u00e1rios - Not&iacute;cias em Destaque","og_description":"O Minist\u00e9rio P\u00fablico da Para\u00edba atrav\u00e9s do promotor de Justi\u00e7a,\u00a0 Bruno Leonardo Lins, divulgou uma recomenda\u00e7\u00e3o para que o munic\u00edpio de Sum\u00e9 continue no prazo de 30 dias os tratamentos dos implantes dent\u00e1rios iniciados antes do decreto n. 1.187\/2017. A Prefeitura de Sum\u00e9 suspendeu os servi\u00e7os ap\u00f3s a\u00a0Pol\u00edcia Federal deflagrar em 7 de novembro de 2017 a &#8221; Opera\u00e7\u00e3o Tit\u00e2nio&#8221; que tinha\u00a0o objetivo de apurar irregularidades na contrata\u00e7\u00e3o e execu\u00e7\u00e3o de servi\u00e7os de implantes dent\u00e1rios, do programa Brasil Sorridente A recomenda\u00e7\u00e3o do MPPB informa que a retomada dos servi\u00e7os poder\u00e1 ser atrav\u00e9s do contrato j\u00e1 firmado com a SARKIS IMPLANTES SERVI\u00c7OS ODONTOL\u00d3GICOS, ou contratar outra empresa. Na recomenda\u00e7\u00e3o o MPPB leva em considera\u00e7\u00e3o que centenas de tratamentos j\u00e1 haviam sido iniciados sem a devida conclus\u00e3o em raz\u00e3o da suspens\u00e3o dos servi\u00e7os, estando os pacientes com mat\u00e9rias em suas bocas. A recomenda\u00e7\u00e3o considerou ainda, que a interrup\u00e7\u00e3o do tratamento j\u00e1 iniciado pode causar dano \u00e0 sa\u00fade do paciente e ainda a impossibilidade de conclus\u00e3o dos implantes caso decorrido longo per\u00edodo de tempo. Al\u00e9m dos mais a recomenda\u00e7\u00e3o afirma que a Justi\u00e7a Federal, o Minist\u00e9rio P\u00fablico Federal e a Controladoria-Geral da Uni\u00e3o, informaram n\u00e3o haver qualquer determina\u00e7\u00e3o impedindo a continuidade do contrato firmado com a SARKIS IMPLANTES SERVI\u00c7OS ODONTOL\u00d3GICOS e a Prefeitura de Sum\u00e9. O OUTRO LADO:\u00a0 Em contato com a reportagem do Cariri em Destaque, o prefeito \u00c9den Duarte informou que os servi\u00e7os foram suspensos por orienta\u00e7\u00e3o do setor jur\u00eddico da Prefeitura. O gestor informou que a Prefeitura abriu uma sindic\u00e2ncia para apurar a execu\u00e7\u00e3o do projeto de implantes, da mesma forma que seguem as investiga\u00e7\u00f5es por parte da Justi\u00e7a Federal, Minist\u00e9rio P\u00fablico Federal e a Controladoria-Geral da Uni\u00e3o. O prefeito \u00c9den disse ainda, que o parecer do MPPB apresenta seguran\u00e7a jur\u00eddica necess\u00e1ria para retomada dos servi\u00e7os, uma reuni\u00e3o entre as partes envolvidas deve acontecer ainda nesta sexta-feira para definir os detalhes da volta dos servi\u00e7os, que ser\u00e3o ofertados neste primeiro momento as pessoas que j\u00e1 iniciaram os tratamentos. Cariri em Destaque &nbsp;","og_url":"https:\/\/noticiasemdestaque.com\/cd\/?p=8264","og_site_name":"Not&iacute;cias em Destaque","article_published_time":"2018-03-02T10:59:37+00:00","article_modified_time":"2018-03-03T00:31:33+00:00","og_image":[{"width":1600,"height":900,"url":"https:\/\/noticiasemdestaque.com\/cd\/wp-content\/uploads\/2018\/03\/ceo-sume.jpg","type":"image\/jpeg"}],"author":"Not\u00edcias em Destaque","twitter_card":"summary_large_image","twitter_misc":{"Escrito por":"Not\u00edcias em Destaque","Est. tempo de leitura":"2 minutos"},"schema":{"@context":"https:\/\/schema.org","@graph":[{"@type":"Article","@id":"https:\/\/noticiasemdestaque.com\/cd\/?p=8264#article","isPartOf":{"@id":"https:\/\/noticiasemdestaque.com\/cd\/?p=8264"},"author":{"name":"Not\u00edcias em Destaque","@id":"https:\/\/noticiasemdestaque.com\/cd\/#\/schema\/person\/21320b03a7e8bb90128938dafc9b908a"},"headline":"Minist\u00e9rio P\u00fablico recomenda que Prefeitura de Sum\u00e9 retome servi\u00e7os de implantes dent\u00e1rios","datePublished":"2018-03-02T10:59:37+00:00","dateModified":"2018-03-03T00:31:33+00:00","mainEntityOfPage":{"@id":"https:\/\/noticiasemdestaque.com\/cd\/?p=8264"},"wordCount":405,"publisher":{"@id":"https:\/\/noticiasemdestaque.com\/cd\/#organization"},"image":{"@id":"https:\/\/noticiasemdestaque.com\/cd\/?p=8264#primaryimage"},"thumbnailUrl":"https:\/\/noticiasemdestaque.com\/cd\/wp-content\/uploads\/2018\/03\/ceo-sume.jpg","articleSection":["Cidades"],"inLanguage":"pt-BR"},{"@type":"WebPage","@id":"https:\/\/noticiasemdestaque.com\/cd\/?p=8264","url":"https:\/\/noticiasemdestaque.com\/cd\/?p=8264","name":"Minist\u00e9rio P\u00fablico recomenda que Prefeitura de Sum\u00e9 retome servi\u00e7os de implantes dent\u00e1rios - Not&iacute;cias em Destaque","isPartOf":{"@id":"https:\/\/noticiasemdestaque.com\/cd\/#website"},"primaryImageOfPage":{"@id":"https:\/\/noticiasemdestaque.com\/cd\/?p=8264#primaryimage"},"image":{"@id":"https:\/\/noticiasemdestaque.com\/cd\/?p=8264#primaryimage"},"thumbnailUrl":"https:\/\/noticiasemdestaque.com\/cd\/wp-content\/uploads\/2018\/03\/ceo-sume.jpg","datePublished":"2018-03-02T10:59:37+00:00","dateModified":"2018-03-03T00:31:33+00:00","breadcrumb":{"@id":"https:\/\/noticiasemdestaque.com\/cd\/?p=8264#breadcrumb"},"inLanguage":"pt-BR","potentialAction":[{"@type":"ReadAction","target":["https:\/\/noticiasemdestaque.com\/cd\/?p=8264"]}]},{"@type":"ImageObject","inLanguage":"pt-BR","@id":"https:\/\/noticiasemdestaque.com\/cd\/?p=8264#primaryimage","url":"https:\/\/noticiasemdestaque.com\/cd\/wp-content\/uploads\/2018\/03\/ceo-sume.jpg","contentUrl":"https:\/\/noticiasemdestaque.com\/cd\/wp-content\/uploads\/2018\/03\/ceo-sume.jpg","width":1600,"height":900},{"@type":"BreadcrumbList","@id":"https:\/\/noticiasemdestaque.com\/cd\/?p=8264#breadcrumb","itemListElement":[{"@type":"ListItem","position":1,"name":"In\u00edcio","item":"https:\/\/noticiasemdestaque.com\/cd\/"},{"@type":"ListItem","position":2,"name":"Minist\u00e9rio P\u00fablico recomenda que Prefeitura de Sum\u00e9 retome servi\u00e7os de implantes dent\u00e1rios"}]},{"@type":"WebSite","@id":"https:\/\/noticiasemdestaque.com\/cd\/#website","url":"https:\/\/noticiasemdestaque.com\/cd\/","name":"Not&iacute;cias em Destaque","description":"","publisher":{"@id":"https:\/\/noticiasemdestaque.com\/cd\/#organization"},"potentialAction":[{"@type":"SearchAction","target":{"@type":"EntryPoint","urlTemplate":"https:\/\/noticiasemdestaque.com\/cd\/?s={search_term_string}"},"query-input":{"@type":"PropertyValueSpecification","valueRequired":true,"valueName":"search_term_string"}}],"inLanguage":"pt-BR"},{"@type":"Organization","@id":"https:\/\/noticiasemdestaque.com\/cd\/#organization","name":"Not\u00edcias em Destaque","url":"https:\/\/noticiasemdestaque.com\/cd\/","logo":{"@type":"ImageObject","inLanguage":"pt-BR","@id":"https:\/\/noticiasemdestaque.com\/cd\/#\/schema\/logo\/image\/","url":"https:\/\/noticiasemdestaque.com\/cd\/wp-content\/uploads\/2022\/05\/imagem-base-noticiasemdestaque.png","contentUrl":"https:\/\/noticiasemdestaque.com\/cd\/wp-content\/uploads\/2022\/05\/imagem-base-noticiasemdestaque.png","width":1200,"height":630,"caption":"Not\u00edcias em Destaque"},"image":{"@id":"https:\/\/noticiasemdestaque.com\/cd\/#\/schema\/logo\/image\/"}},{"@type":"Person","@id":"https:\/\/noticiasemdestaque.com\/cd\/#\/schema\/person\/21320b03a7e8bb90128938dafc9b908a","name":"Not\u00edcias em Destaque","url":"https:\/\/noticiasemdestaque.com\/cd\/?author=2"}]}},"jetpack_featured_media_url":"https:\/\/noticiasemdestaque.com\/cd\/wp-content\/uploads\/2018\/03\/ceo-sume.jpg","jetpack_sharing_enabled":true,"_links":{"self":[{"href":"https:\/\/noticiasemdestaque.com\/cd\/index.php?rest_route=\/wp\/v2\/posts\/8264","targetHints":{"allow":["GET"]}}],"collection":[{"href":"https:\/\/noticiasemdestaque.com\/cd\/index.php?rest_route=\/wp\/v2\/posts"}],"about":[{"href":"https:\/\/noticiasemdestaque.com\/cd\/index.php?rest_route=\/wp\/v2\/types\/post"}],"author":[{"embeddable":true,"href":"https:\/\/noticiasemdestaque.com\/cd\/index.php?rest_route=\/wp\/v2\/users\/2"}],"replies":[{"embeddable":true,"href":"https:\/\/noticiasemdestaque.com\/cd\/index.php?rest_route=%2Fwp%2Fv2%2Fcomments&post=8264"}],"version-history":[{"count":11,"href":"https:\/\/noticiasemdestaque.com\/cd\/index.php?rest_route=\/wp\/v2\/posts\/8264\/revisions"}],"predecessor-version":[{"id":8278,"href":"https:\/\/noticiasemdestaque.com\/cd\/index.php?rest_route=\/wp\/v2\/posts\/8264\/revisions\/8278"}],"wp:featuredmedia":[{"embeddable":true,"href":"https:\/\/noticiasemdestaque.com\/cd\/index.php?rest_route=\/wp\/v2\/media\/8265"}],"wp:attachment":[{"href":"https:\/\/noticiasemdestaque.com\/cd\/index.php?rest_route=%2Fwp%2Fv2%2Fmedia&parent=8264"}],"wp:term":[{"taxonomy":"category","embeddable":true,"href":"https:\/\/noticiasemdestaque.com\/cd\/index.php?rest_route=%2Fwp%2Fv2%2Fcategories&post=8264"},{"taxonomy":"post_tag","embeddable":true,"href":"https:\/\/noticiasemdestaque.com\/cd\/index.php?rest_route=%2Fwp%2Fv2%2Ftags&post=8264"}],"curies":[{"name":"wp","href":"https:\/\/api.w.org\/{rel}","templated":true}]}}