{"id":8261,"date":"2018-03-02T07:29:08","date_gmt":"2018-03-02T10:29:08","guid":{"rendered":"http:\/\/caririemdestaque.com\/cd\/?p=8261"},"modified":"2018-03-02T07:29:08","modified_gmt":"2018-03-02T10:29:08","slug":"nucleo-de-artes-de-monteiro-inscreve-para-cursos-de-teclado-violao-e-sanfona","status":"publish","type":"post","link":"https:\/\/noticiasemdestaque.com\/cd\/?p=8261","title":{"rendered":"N\u00facleo de Artes de Monteiro inscreve para cursos de teclado, viol\u00e3o e sanfona"},"content":{"rendered":"<p><a href=\"http:\/\/caririemdestaque.com\/cd\/wp-content\/uploads\/2018\/03\/uepbmonteiro-300x214.jpg\"><img decoding=\"async\" class=\"wp-image-8262 alignleft\" src=\"http:\/\/caririemdestaque.com\/cd\/wp-content\/uploads\/2018\/03\/uepbmonteiro-300x214-300x214.jpg\" alt=\"\" width=\"193\" height=\"138\" \/><\/a>O N\u00facleo de Arte e Cultura Zab\u00e9 da Loca do Centro de Ci\u00eancias Humanas e\u00a0Exatas (CCHE), localizado no\u00a0C\u00e2mpus VI da Universidade Estadual da Para\u00edba (UEPB), em Monteiro, no Cariri\u00a0da Para\u00edba, abriu inscri\u00e7\u00f5es para os cursos em n\u00edvel b\u00e1sico de Teclado, Viol\u00e3o\u00a0Popular e Sanfona. As inscri\u00e7\u00f5es est\u00e3o abertas at\u00e9 ter\u00e7a-feria (6)\u00a0para comunidade interna e externa da Institui\u00e7\u00e3o. Os interessados precisam\u00a0comparecer a recep\u00e7\u00e3o do CCHE e efetivar a inscri\u00e7\u00e3o, apresentando documento de identifica\u00e7\u00e3o e comprovante de resid\u00eancia em nome do candidato ou familiar\u00a0de primeiro grau.<\/p>\n<p>No caso do curso de Viol\u00e3o Popular, est\u00e3o sendo oferecidas 15 vagas para a turma que funcionar\u00e1 \u00e0s\u00a0ter\u00e7as-feiras, das 9h \u00e0s 11h. N\u00e3o ser\u00e1 exigida do candidato nenhuma aptid\u00e3o musical nem a posse do\u00a0instrumento. A institui\u00e7\u00e3o oferecer\u00e1 o instrumento para uso exclusivo no dia e local das aulas, sob a\u00a0supervis\u00e3o do colaborador.<\/p>\n<p>Todos os participantes que conclu\u00edrem o curso receber\u00e3o certificados. O curso ser\u00e1 ministrado pelo professor e\u00a0m\u00fasico Robson de Ara\u00fajo Silva e ter\u00e1 como objetivo permitir ao aluno a oportunidade de ter uma experi\u00eancia mais<br \/>\npr\u00f3xima com as artes musicais e, com isso, possibilitar o est\u00edmulo de suas capacidades art\u00edsticas, tendo ele o crit\u00e9rio<br \/>\nde levar adiante sua carreira musical ou apenas para o seu lazer.<\/p>\n<p>Teclado e sanfona<br \/>\nEm rela\u00e7\u00e3o ao curso de Teclado, est\u00e3o sendo ofertadas 10 vagas. O curso acontecer\u00e1 entre os meses de<br \/>\nmar\u00e7o e julho de 2018, na Sala do N\u00facleo de Arte e Cultura Zab\u00e9 da Loca, nas depend\u00eancias do CCHE. A<br \/>\nturma funcionar\u00e1 \u00e0s quintas-feiras, das 19h \u00e0s 21h. Cada aula ter\u00e1 a dura\u00e7\u00e3o de 3 horas e ser\u00e3o ministradas pelo<br \/>\nprofessor e m\u00fasico Claudinho de Monteiro.<\/p>\n<p>J\u00e1 para o curso de Sanfona tamb\u00e9m est\u00e3o sendo ofertadas 10 vagas. A turma funcionar\u00e1 \u00e0s ter\u00e7as-feiras,<br \/>\ndas 9h \u00e0s 12h e cada aula ter\u00e1 a dura\u00e7\u00e3o de 3 horas. As aulas tamb\u00e9m ser\u00e3o ministradas por Claudinho de<br \/>\nMonteiro<\/p>\n","protected":false},"excerpt":{"rendered":"<p>O N\u00facleo de Arte e Cultura Zab\u00e9 da Loca do Centro de Ci\u00eancias Humanas e\u00a0Exatas (CCHE), localizado no\u00a0C\u00e2mpus VI da Universidade Estadual da Para\u00edba (UEPB), em Monteiro, no Cariri\u00a0da Para\u00edba, abriu inscri\u00e7\u00f5es para os cursos em n\u00edvel b\u00e1sico de Teclado, Viol\u00e3o\u00a0Popular e Sanfona. As inscri\u00e7\u00f5es est\u00e3o abertas at\u00e9 ter\u00e7a-feria (6)\u00a0para comunidade interna e externa da Institui\u00e7\u00e3o. Os interessados precisam\u00a0comparecer a recep\u00e7\u00e3o do CCHE e efetivar a inscri\u00e7\u00e3o, apresentando documento de identifica\u00e7\u00e3o e comprovante de resid\u00eancia em nome do candidato ou familiar\u00a0de primeiro grau. No caso do curso de Viol\u00e3o Popular, est\u00e3o sendo oferecidas 15 vagas para a turma que funcionar\u00e1 \u00e0s\u00a0ter\u00e7as-feiras, das 9h \u00e0s 11h. N\u00e3o ser\u00e1 exigida do candidato nenhuma aptid\u00e3o musical nem a posse do\u00a0instrumento. A institui\u00e7\u00e3o oferecer\u00e1 o instrumento para uso exclusivo no dia e local das aulas, sob a\u00a0supervis\u00e3o do colaborador. Todos os participantes que conclu\u00edrem o curso receber\u00e3o certificados. O curso ser\u00e1 ministrado pelo professor e\u00a0m\u00fasico Robson de Ara\u00fajo Silva e ter\u00e1 como objetivo permitir ao aluno a oportunidade de ter uma experi\u00eancia mais pr\u00f3xima com as artes musicais e, com isso, possibilitar o est\u00edmulo de suas capacidades art\u00edsticas, tendo ele o crit\u00e9rio de levar adiante sua carreira musical ou apenas para o seu lazer. Teclado e sanfona Em rela\u00e7\u00e3o ao curso de Teclado, est\u00e3o sendo ofertadas 10 vagas. O curso acontecer\u00e1 entre os meses de mar\u00e7o e julho de 2018, na Sala do N\u00facleo de Arte e Cultura Zab\u00e9 da Loca, nas depend\u00eancias do CCHE. A turma funcionar\u00e1 \u00e0s quintas-feiras, das 19h \u00e0s 21h. Cada aula ter\u00e1 a dura\u00e7\u00e3o de 3 horas e ser\u00e3o ministradas pelo professor e m\u00fasico Claudinho de Monteiro. J\u00e1 para o curso de Sanfona tamb\u00e9m est\u00e3o sendo ofertadas 10 vagas. A turma funcionar\u00e1 \u00e0s ter\u00e7as-feiras, das 9h \u00e0s 12h e cada aula ter\u00e1 a dura\u00e7\u00e3o de 3 horas. As aulas tamb\u00e9m ser\u00e3o ministradas por Claudinho de Monteiro<\/p>\n","protected":false},"author":2,"featured_media":8262,"comment_status":"closed","ping_status":"open","sticky":false,"template":"","format":"standard","meta":{"_eb_attr":"","_jetpack_memberships_contains_paid_content":false,"footnotes":""},"categories":[6],"tags":[],"class_list":["post-8261","post","type-post","status-publish","format-standard","has-post-thumbnail","hentry","category-educacao"],"yoast_head":"<!-- This site is optimized with the Yoast SEO plugin v26.5 - https:\/\/yoast.com\/wordpress\/plugins\/seo\/ -->\n<title>N\u00facleo de Artes de Monteiro inscreve para cursos de teclado, viol\u00e3o e sanfona - Not&iacute;cias em Destaque<\/title>\n<meta name=\"robots\" content=\"index, follow, max-snippet:-1, max-image-preview:large, max-video-preview:-1\" \/>\n<link rel=\"canonical\" href=\"https:\/\/noticiasemdestaque.com\/cd\/?p=8261\" \/>\n<meta property=\"og:locale\" content=\"pt_BR\" \/>\n<meta property=\"og:type\" content=\"article\" \/>\n<meta property=\"og:title\" content=\"N\u00facleo de Artes de Monteiro inscreve para cursos de teclado, viol\u00e3o e sanfona - Not&iacute;cias em Destaque\" \/>\n<meta property=\"og:description\" content=\"O N\u00facleo de Arte e Cultura Zab\u00e9 da Loca do Centro de Ci\u00eancias Humanas e\u00a0Exatas (CCHE), localizado no\u00a0C\u00e2mpus VI da Universidade Estadual da Para\u00edba (UEPB), em Monteiro, no Cariri\u00a0da Para\u00edba, abriu inscri\u00e7\u00f5es para os cursos em n\u00edvel b\u00e1sico de Teclado, Viol\u00e3o\u00a0Popular e Sanfona. As inscri\u00e7\u00f5es est\u00e3o abertas at\u00e9 ter\u00e7a-feria (6)\u00a0para comunidade interna e externa da Institui\u00e7\u00e3o. Os interessados precisam\u00a0comparecer a recep\u00e7\u00e3o do CCHE e efetivar a inscri\u00e7\u00e3o, apresentando documento de identifica\u00e7\u00e3o e comprovante de resid\u00eancia em nome do candidato ou familiar\u00a0de primeiro grau. No caso do curso de Viol\u00e3o Popular, est\u00e3o sendo oferecidas 15 vagas para a turma que funcionar\u00e1 \u00e0s\u00a0ter\u00e7as-feiras, das 9h \u00e0s 11h. N\u00e3o ser\u00e1 exigida do candidato nenhuma aptid\u00e3o musical nem a posse do\u00a0instrumento. A institui\u00e7\u00e3o oferecer\u00e1 o instrumento para uso exclusivo no dia e local das aulas, sob a\u00a0supervis\u00e3o do colaborador. Todos os participantes que conclu\u00edrem o curso receber\u00e3o certificados. O curso ser\u00e1 ministrado pelo professor e\u00a0m\u00fasico Robson de Ara\u00fajo Silva e ter\u00e1 como objetivo permitir ao aluno a oportunidade de ter uma experi\u00eancia mais pr\u00f3xima com as artes musicais e, com isso, possibilitar o est\u00edmulo de suas capacidades art\u00edsticas, tendo ele o crit\u00e9rio de levar adiante sua carreira musical ou apenas para o seu lazer. Teclado e sanfona Em rela\u00e7\u00e3o ao curso de Teclado, est\u00e3o sendo ofertadas 10 vagas. O curso acontecer\u00e1 entre os meses de mar\u00e7o e julho de 2018, na Sala do N\u00facleo de Arte e Cultura Zab\u00e9 da Loca, nas depend\u00eancias do CCHE. A turma funcionar\u00e1 \u00e0s quintas-feiras, das 19h \u00e0s 21h. Cada aula ter\u00e1 a dura\u00e7\u00e3o de 3 horas e ser\u00e3o ministradas pelo professor e m\u00fasico Claudinho de Monteiro. J\u00e1 para o curso de Sanfona tamb\u00e9m est\u00e3o sendo ofertadas 10 vagas. A turma funcionar\u00e1 \u00e0s ter\u00e7as-feiras, das 9h \u00e0s 12h e cada aula ter\u00e1 a dura\u00e7\u00e3o de 3 horas. As aulas tamb\u00e9m ser\u00e3o ministradas por Claudinho de Monteiro\" \/>\n<meta property=\"og:url\" content=\"https:\/\/noticiasemdestaque.com\/cd\/?p=8261\" \/>\n<meta property=\"og:site_name\" content=\"Not&iacute;cias em Destaque\" \/>\n<meta property=\"article:published_time\" content=\"2018-03-02T10:29:08+00:00\" \/>\n<meta property=\"og:image\" content=\"https:\/\/noticiasemdestaque.com\/cd\/wp-content\/uploads\/2018\/03\/uepbmonteiro-300x214.jpg\" \/>\n\t<meta property=\"og:image:width\" content=\"300\" \/>\n\t<meta property=\"og:image:height\" content=\"214\" \/>\n\t<meta property=\"og:image:type\" content=\"image\/jpeg\" \/>\n<meta name=\"author\" content=\"Not\u00edcias em Destaque\" \/>\n<meta name=\"twitter:card\" content=\"summary_large_image\" \/>\n<meta name=\"twitter:label1\" content=\"Escrito por\" \/>\n\t<meta name=\"twitter:data1\" content=\"Not\u00edcias em Destaque\" \/>\n\t<meta name=\"twitter:label2\" content=\"Est. tempo de leitura\" \/>\n\t<meta name=\"twitter:data2\" content=\"2 minutos\" \/>\n<script type=\"application\/ld+json\" class=\"yoast-schema-graph\">{\"@context\":\"https:\/\/schema.org\",\"@graph\":[{\"@type\":\"Article\",\"@id\":\"https:\/\/noticiasemdestaque.com\/cd\/?p=8261#article\",\"isPartOf\":{\"@id\":\"https:\/\/noticiasemdestaque.com\/cd\/?p=8261\"},\"author\":{\"name\":\"Not\u00edcias em Destaque\",\"@id\":\"https:\/\/noticiasemdestaque.com\/cd\/#\/schema\/person\/21320b03a7e8bb90128938dafc9b908a\"},\"headline\":\"N\u00facleo de Artes de Monteiro inscreve para cursos de teclado, viol\u00e3o e sanfona\",\"datePublished\":\"2018-03-02T10:29:08+00:00\",\"mainEntityOfPage\":{\"@id\":\"https:\/\/noticiasemdestaque.com\/cd\/?p=8261\"},\"wordCount\":373,\"publisher\":{\"@id\":\"https:\/\/noticiasemdestaque.com\/cd\/#organization\"},\"image\":{\"@id\":\"https:\/\/noticiasemdestaque.com\/cd\/?p=8261#primaryimage\"},\"thumbnailUrl\":\"https:\/\/noticiasemdestaque.com\/cd\/wp-content\/uploads\/2018\/03\/uepbmonteiro-300x214.jpg\",\"articleSection\":[\"Educa\u00e7\u00e3o\"],\"inLanguage\":\"pt-BR\"},{\"@type\":\"WebPage\",\"@id\":\"https:\/\/noticiasemdestaque.com\/cd\/?p=8261\",\"url\":\"https:\/\/noticiasemdestaque.com\/cd\/?p=8261\",\"name\":\"N\u00facleo de Artes de Monteiro inscreve para cursos de teclado, viol\u00e3o e sanfona - Not&iacute;cias em Destaque\",\"isPartOf\":{\"@id\":\"https:\/\/noticiasemdestaque.com\/cd\/#website\"},\"primaryImageOfPage\":{\"@id\":\"https:\/\/noticiasemdestaque.com\/cd\/?p=8261#primaryimage\"},\"image\":{\"@id\":\"https:\/\/noticiasemdestaque.com\/cd\/?p=8261#primaryimage\"},\"thumbnailUrl\":\"https:\/\/noticiasemdestaque.com\/cd\/wp-content\/uploads\/2018\/03\/uepbmonteiro-300x214.jpg\",\"datePublished\":\"2018-03-02T10:29:08+00:00\",\"breadcrumb\":{\"@id\":\"https:\/\/noticiasemdestaque.com\/cd\/?p=8261#breadcrumb\"},\"inLanguage\":\"pt-BR\",\"potentialAction\":[{\"@type\":\"ReadAction\",\"target\":[\"https:\/\/noticiasemdestaque.com\/cd\/?p=8261\"]}]},{\"@type\":\"ImageObject\",\"inLanguage\":\"pt-BR\",\"@id\":\"https:\/\/noticiasemdestaque.com\/cd\/?p=8261#primaryimage\",\"url\":\"https:\/\/noticiasemdestaque.com\/cd\/wp-content\/uploads\/2018\/03\/uepbmonteiro-300x214.jpg\",\"contentUrl\":\"https:\/\/noticiasemdestaque.com\/cd\/wp-content\/uploads\/2018\/03\/uepbmonteiro-300x214.jpg\",\"width\":300,\"height\":214},{\"@type\":\"BreadcrumbList\",\"@id\":\"https:\/\/noticiasemdestaque.com\/cd\/?p=8261#breadcrumb\",\"itemListElement\":[{\"@type\":\"ListItem\",\"position\":1,\"name\":\"In\u00edcio\",\"item\":\"https:\/\/noticiasemdestaque.com\/cd\/\"},{\"@type\":\"ListItem\",\"position\":2,\"name\":\"N\u00facleo de Artes de Monteiro inscreve para cursos de teclado, viol\u00e3o e sanfona\"}]},{\"@type\":\"WebSite\",\"@id\":\"https:\/\/noticiasemdestaque.com\/cd\/#website\",\"url\":\"https:\/\/noticiasemdestaque.com\/cd\/\",\"name\":\"Not&iacute;cias em Destaque\",\"description\":\"\",\"publisher\":{\"@id\":\"https:\/\/noticiasemdestaque.com\/cd\/#organization\"},\"potentialAction\":[{\"@type\":\"SearchAction\",\"target\":{\"@type\":\"EntryPoint\",\"urlTemplate\":\"https:\/\/noticiasemdestaque.com\/cd\/?s={search_term_string}\"},\"query-input\":{\"@type\":\"PropertyValueSpecification\",\"valueRequired\":true,\"valueName\":\"search_term_string\"}}],\"inLanguage\":\"pt-BR\"},{\"@type\":\"Organization\",\"@id\":\"https:\/\/noticiasemdestaque.com\/cd\/#organization\",\"name\":\"Not\u00edcias em Destaque\",\"url\":\"https:\/\/noticiasemdestaque.com\/cd\/\",\"logo\":{\"@type\":\"ImageObject\",\"inLanguage\":\"pt-BR\",\"@id\":\"https:\/\/noticiasemdestaque.com\/cd\/#\/schema\/logo\/image\/\",\"url\":\"https:\/\/noticiasemdestaque.com\/cd\/wp-content\/uploads\/2022\/05\/imagem-base-noticiasemdestaque.png\",\"contentUrl\":\"https:\/\/noticiasemdestaque.com\/cd\/wp-content\/uploads\/2022\/05\/imagem-base-noticiasemdestaque.png\",\"width\":1200,\"height\":630,\"caption\":\"Not\u00edcias em Destaque\"},\"image\":{\"@id\":\"https:\/\/noticiasemdestaque.com\/cd\/#\/schema\/logo\/image\/\"}},{\"@type\":\"Person\",\"@id\":\"https:\/\/noticiasemdestaque.com\/cd\/#\/schema\/person\/21320b03a7e8bb90128938dafc9b908a\",\"name\":\"Not\u00edcias em Destaque\",\"url\":\"https:\/\/noticiasemdestaque.com\/cd\/?author=2\"}]}<\/script>\n<!-- \/ Yoast SEO plugin. -->","yoast_head_json":{"title":"N\u00facleo de Artes de Monteiro inscreve para cursos de teclado, viol\u00e3o e sanfona - Not&iacute;cias em Destaque","robots":{"index":"index","follow":"follow","max-snippet":"max-snippet:-1","max-image-preview":"max-image-preview:large","max-video-preview":"max-video-preview:-1"},"canonical":"https:\/\/noticiasemdestaque.com\/cd\/?p=8261","og_locale":"pt_BR","og_type":"article","og_title":"N\u00facleo de Artes de Monteiro inscreve para cursos de teclado, viol\u00e3o e sanfona - Not&iacute;cias em Destaque","og_description":"O N\u00facleo de Arte e Cultura Zab\u00e9 da Loca do Centro de Ci\u00eancias Humanas e\u00a0Exatas (CCHE), localizado no\u00a0C\u00e2mpus VI da Universidade Estadual da Para\u00edba (UEPB), em Monteiro, no Cariri\u00a0da Para\u00edba, abriu inscri\u00e7\u00f5es para os cursos em n\u00edvel b\u00e1sico de Teclado, Viol\u00e3o\u00a0Popular e Sanfona. As inscri\u00e7\u00f5es est\u00e3o abertas at\u00e9 ter\u00e7a-feria (6)\u00a0para comunidade interna e externa da Institui\u00e7\u00e3o. Os interessados precisam\u00a0comparecer a recep\u00e7\u00e3o do CCHE e efetivar a inscri\u00e7\u00e3o, apresentando documento de identifica\u00e7\u00e3o e comprovante de resid\u00eancia em nome do candidato ou familiar\u00a0de primeiro grau. No caso do curso de Viol\u00e3o Popular, est\u00e3o sendo oferecidas 15 vagas para a turma que funcionar\u00e1 \u00e0s\u00a0ter\u00e7as-feiras, das 9h \u00e0s 11h. N\u00e3o ser\u00e1 exigida do candidato nenhuma aptid\u00e3o musical nem a posse do\u00a0instrumento. A institui\u00e7\u00e3o oferecer\u00e1 o instrumento para uso exclusivo no dia e local das aulas, sob a\u00a0supervis\u00e3o do colaborador. Todos os participantes que conclu\u00edrem o curso receber\u00e3o certificados. O curso ser\u00e1 ministrado pelo professor e\u00a0m\u00fasico Robson de Ara\u00fajo Silva e ter\u00e1 como objetivo permitir ao aluno a oportunidade de ter uma experi\u00eancia mais pr\u00f3xima com as artes musicais e, com isso, possibilitar o est\u00edmulo de suas capacidades art\u00edsticas, tendo ele o crit\u00e9rio de levar adiante sua carreira musical ou apenas para o seu lazer. Teclado e sanfona Em rela\u00e7\u00e3o ao curso de Teclado, est\u00e3o sendo ofertadas 10 vagas. O curso acontecer\u00e1 entre os meses de mar\u00e7o e julho de 2018, na Sala do N\u00facleo de Arte e Cultura Zab\u00e9 da Loca, nas depend\u00eancias do CCHE. A turma funcionar\u00e1 \u00e0s quintas-feiras, das 19h \u00e0s 21h. Cada aula ter\u00e1 a dura\u00e7\u00e3o de 3 horas e ser\u00e3o ministradas pelo professor e m\u00fasico Claudinho de Monteiro. J\u00e1 para o curso de Sanfona tamb\u00e9m est\u00e3o sendo ofertadas 10 vagas. A turma funcionar\u00e1 \u00e0s ter\u00e7as-feiras, das 9h \u00e0s 12h e cada aula ter\u00e1 a dura\u00e7\u00e3o de 3 horas. As aulas tamb\u00e9m ser\u00e3o ministradas por Claudinho de Monteiro","og_url":"https:\/\/noticiasemdestaque.com\/cd\/?p=8261","og_site_name":"Not&iacute;cias em Destaque","article_published_time":"2018-03-02T10:29:08+00:00","og_image":[{"width":300,"height":214,"url":"https:\/\/noticiasemdestaque.com\/cd\/wp-content\/uploads\/2018\/03\/uepbmonteiro-300x214.jpg","type":"image\/jpeg"}],"author":"Not\u00edcias em Destaque","twitter_card":"summary_large_image","twitter_misc":{"Escrito por":"Not\u00edcias em Destaque","Est. tempo de leitura":"2 minutos"},"schema":{"@context":"https:\/\/schema.org","@graph":[{"@type":"Article","@id":"https:\/\/noticiasemdestaque.com\/cd\/?p=8261#article","isPartOf":{"@id":"https:\/\/noticiasemdestaque.com\/cd\/?p=8261"},"author":{"name":"Not\u00edcias em Destaque","@id":"https:\/\/noticiasemdestaque.com\/cd\/#\/schema\/person\/21320b03a7e8bb90128938dafc9b908a"},"headline":"N\u00facleo de Artes de Monteiro inscreve para cursos de teclado, viol\u00e3o e sanfona","datePublished":"2018-03-02T10:29:08+00:00","mainEntityOfPage":{"@id":"https:\/\/noticiasemdestaque.com\/cd\/?p=8261"},"wordCount":373,"publisher":{"@id":"https:\/\/noticiasemdestaque.com\/cd\/#organization"},"image":{"@id":"https:\/\/noticiasemdestaque.com\/cd\/?p=8261#primaryimage"},"thumbnailUrl":"https:\/\/noticiasemdestaque.com\/cd\/wp-content\/uploads\/2018\/03\/uepbmonteiro-300x214.jpg","articleSection":["Educa\u00e7\u00e3o"],"inLanguage":"pt-BR"},{"@type":"WebPage","@id":"https:\/\/noticiasemdestaque.com\/cd\/?p=8261","url":"https:\/\/noticiasemdestaque.com\/cd\/?p=8261","name":"N\u00facleo de Artes de Monteiro inscreve para cursos de teclado, viol\u00e3o e sanfona - Not&iacute;cias em Destaque","isPartOf":{"@id":"https:\/\/noticiasemdestaque.com\/cd\/#website"},"primaryImageOfPage":{"@id":"https:\/\/noticiasemdestaque.com\/cd\/?p=8261#primaryimage"},"image":{"@id":"https:\/\/noticiasemdestaque.com\/cd\/?p=8261#primaryimage"},"thumbnailUrl":"https:\/\/noticiasemdestaque.com\/cd\/wp-content\/uploads\/2018\/03\/uepbmonteiro-300x214.jpg","datePublished":"2018-03-02T10:29:08+00:00","breadcrumb":{"@id":"https:\/\/noticiasemdestaque.com\/cd\/?p=8261#breadcrumb"},"inLanguage":"pt-BR","potentialAction":[{"@type":"ReadAction","target":["https:\/\/noticiasemdestaque.com\/cd\/?p=8261"]}]},{"@type":"ImageObject","inLanguage":"pt-BR","@id":"https:\/\/noticiasemdestaque.com\/cd\/?p=8261#primaryimage","url":"https:\/\/noticiasemdestaque.com\/cd\/wp-content\/uploads\/2018\/03\/uepbmonteiro-300x214.jpg","contentUrl":"https:\/\/noticiasemdestaque.com\/cd\/wp-content\/uploads\/2018\/03\/uepbmonteiro-300x214.jpg","width":300,"height":214},{"@type":"BreadcrumbList","@id":"https:\/\/noticiasemdestaque.com\/cd\/?p=8261#breadcrumb","itemListElement":[{"@type":"ListItem","position":1,"name":"In\u00edcio","item":"https:\/\/noticiasemdestaque.com\/cd\/"},{"@type":"ListItem","position":2,"name":"N\u00facleo de Artes de Monteiro inscreve para cursos de teclado, viol\u00e3o e sanfona"}]},{"@type":"WebSite","@id":"https:\/\/noticiasemdestaque.com\/cd\/#website","url":"https:\/\/noticiasemdestaque.com\/cd\/","name":"Not&iacute;cias em Destaque","description":"","publisher":{"@id":"https:\/\/noticiasemdestaque.com\/cd\/#organization"},"potentialAction":[{"@type":"SearchAction","target":{"@type":"EntryPoint","urlTemplate":"https:\/\/noticiasemdestaque.com\/cd\/?s={search_term_string}"},"query-input":{"@type":"PropertyValueSpecification","valueRequired":true,"valueName":"search_term_string"}}],"inLanguage":"pt-BR"},{"@type":"Organization","@id":"https:\/\/noticiasemdestaque.com\/cd\/#organization","name":"Not\u00edcias em Destaque","url":"https:\/\/noticiasemdestaque.com\/cd\/","logo":{"@type":"ImageObject","inLanguage":"pt-BR","@id":"https:\/\/noticiasemdestaque.com\/cd\/#\/schema\/logo\/image\/","url":"https:\/\/noticiasemdestaque.com\/cd\/wp-content\/uploads\/2022\/05\/imagem-base-noticiasemdestaque.png","contentUrl":"https:\/\/noticiasemdestaque.com\/cd\/wp-content\/uploads\/2022\/05\/imagem-base-noticiasemdestaque.png","width":1200,"height":630,"caption":"Not\u00edcias em Destaque"},"image":{"@id":"https:\/\/noticiasemdestaque.com\/cd\/#\/schema\/logo\/image\/"}},{"@type":"Person","@id":"https:\/\/noticiasemdestaque.com\/cd\/#\/schema\/person\/21320b03a7e8bb90128938dafc9b908a","name":"Not\u00edcias em Destaque","url":"https:\/\/noticiasemdestaque.com\/cd\/?author=2"}]}},"jetpack_featured_media_url":"https:\/\/noticiasemdestaque.com\/cd\/wp-content\/uploads\/2018\/03\/uepbmonteiro-300x214.jpg","jetpack_sharing_enabled":true,"_links":{"self":[{"href":"https:\/\/noticiasemdestaque.com\/cd\/index.php?rest_route=\/wp\/v2\/posts\/8261","targetHints":{"allow":["GET"]}}],"collection":[{"href":"https:\/\/noticiasemdestaque.com\/cd\/index.php?rest_route=\/wp\/v2\/posts"}],"about":[{"href":"https:\/\/noticiasemdestaque.com\/cd\/index.php?rest_route=\/wp\/v2\/types\/post"}],"author":[{"embeddable":true,"href":"https:\/\/noticiasemdestaque.com\/cd\/index.php?rest_route=\/wp\/v2\/users\/2"}],"replies":[{"embeddable":true,"href":"https:\/\/noticiasemdestaque.com\/cd\/index.php?rest_route=%2Fwp%2Fv2%2Fcomments&post=8261"}],"version-history":[{"count":1,"href":"https:\/\/noticiasemdestaque.com\/cd\/index.php?rest_route=\/wp\/v2\/posts\/8261\/revisions"}],"predecessor-version":[{"id":8263,"href":"https:\/\/noticiasemdestaque.com\/cd\/index.php?rest_route=\/wp\/v2\/posts\/8261\/revisions\/8263"}],"wp:featuredmedia":[{"embeddable":true,"href":"https:\/\/noticiasemdestaque.com\/cd\/index.php?rest_route=\/wp\/v2\/media\/8262"}],"wp:attachment":[{"href":"https:\/\/noticiasemdestaque.com\/cd\/index.php?rest_route=%2Fwp%2Fv2%2Fmedia&parent=8261"}],"wp:term":[{"taxonomy":"category","embeddable":true,"href":"https:\/\/noticiasemdestaque.com\/cd\/index.php?rest_route=%2Fwp%2Fv2%2Fcategories&post=8261"},{"taxonomy":"post_tag","embeddable":true,"href":"https:\/\/noticiasemdestaque.com\/cd\/index.php?rest_route=%2Fwp%2Fv2%2Ftags&post=8261"}],"curies":[{"name":"wp","href":"https:\/\/api.w.org\/{rel}","templated":true}]}}