{"id":8257,"date":"2018-03-02T07:18:27","date_gmt":"2018-03-02T10:18:27","guid":{"rendered":"http:\/\/caririemdestaque.com\/cd\/?p=8257"},"modified":"2018-03-02T07:19:09","modified_gmt":"2018-03-02T10:19:09","slug":"stf-mantem-aplicacao-da-ficha-limpa-a-politicos-condenados-antes-de-2010-por-abuso-de-poder","status":"publish","type":"post","link":"https:\/\/noticiasemdestaque.com\/cd\/?p=8257","title":{"rendered":"STF mant\u00e9m aplica\u00e7\u00e3o da Ficha Limpa a pol\u00edticos condenados antes de 2010 por abuso de poder"},"content":{"rendered":"<div class=\"mc-column content-text active-extra-styles active-capital-letter\" data-block-type=\"unstyled\" data-block-weight=\"35\" data-block-id=\"1\">\n<p class=\"content-text__container theme-color-primary-first-letter\" data-track-category=\"Link no Texto\" data-track-links=\"\"><a href=\"http:\/\/www.focandoanoticia.com.br\/wp-content\/uploads\/2016\/08\/ficha-limpa.jpg\"><img fetchpriority=\"high\" decoding=\"async\" class=\"alignleft size-medium wp-image-209839\" src=\"http:\/\/www.focandoanoticia.com.br\/wp-content\/uploads\/2016\/08\/ficha-limpa-300x300.jpg\" sizes=\"(max-width: 300px) 100vw, 300px\" srcset=\"http:\/\/www.focandoanoticia.com.br\/wp-content\/uploads\/2016\/08\/ficha-limpa-300x300.jpg 300w, http:\/\/www.focandoanoticia.com.br\/wp-content\/uploads\/2016\/08\/ficha-limpa-150x150.jpg 150w, http:\/\/www.focandoanoticia.com.br\/wp-content\/uploads\/2016\/08\/ficha-limpa-75x75.jpg 75w, http:\/\/www.focandoanoticia.com.br\/wp-content\/uploads\/2016\/08\/ficha-limpa-45x45.jpg 45w, http:\/\/www.focandoanoticia.com.br\/wp-content\/uploads\/2016\/08\/ficha-limpa.jpg 610w\" alt=\"\" width=\"300\" height=\"300\" data-id=\"209839\" \/><\/a>O Supremo Tribunal Federal (STF) decidiu nesta quinta-feira (1\u00ba) manter a aplica\u00e7\u00e3o da Lei da Ficha Limpa a pol\u00edticos condenados por abuso de poder em campanha antes de 2010,\u00a0quando a lei entrou em vigor.<\/p>\n<\/div>\n<div class=\"mc-column content-text active-extra-styles \" data-block-type=\"unstyled\" data-block-weight=\"22\" data-block-id=\"2\">\n<p class=\"content-text__container \" data-track-category=\"Link no Texto\" data-track-links=\"\">A decis\u00e3o\u00a0j\u00e1 havia sido tomada em outubro\u00a0do ano passado, mas o ministro Ricardo Lewandowski pediu que os efeitos fossem restringidos.<\/p>\n<\/div>\n<div class=\"mc-column content-text active-extra-styles \" data-block-type=\"unstyled\" data-block-weight=\"30\" data-block-id=\"3\">\n<p class=\"content-text__container \" data-track-category=\"Link no Texto\" data-track-links=\"\">Na pr\u00e1tica, o que o STF julgou nesta quinta foi a modula\u00e7\u00e3o dos efeitos da decis\u00e3o de outubro, ou seja, se haveria um marco temporal para a aplica\u00e7\u00e3o da lei.<\/p>\n<\/div>\n<div class=\"mc-column content-text active-extra-styles \" data-block-type=\"unstyled\" data-block-weight=\"21\" data-block-id=\"4\">\n<p class=\"content-text__container \" data-track-category=\"Link no Texto\" data-track-links=\"\">Na sess\u00e3o desta quinta, Lewandowski prop\u00f4s aplicar o entendimento somente a partir das elei\u00e7\u00f5es de 2018, n\u00e3o a todos os casos.<\/p>\n<\/div>\n<div class=\"mc-column content-text active-extra-styles \" data-block-type=\"unstyled\" data-block-weight=\"44\" data-block-id=\"5\">\n<p class=\"content-text__container \" data-track-category=\"Link no Texto\" data-track-links=\"\">\u201cA prosperar a decis\u00e3o desta Suprema Corte em que foi alcan\u00e7ada por uma maioria muito estreita, n\u00f3s atingir\u00edamos o mandato de 24 prefeitos, abrangendo cerca de 1,5 milh\u00e3o de votos, um n\u00famero incont\u00e1vel de vereadores e n\u00e3o se sabe quantos deputados\u201d, argumentou o ministro.<\/p>\n<\/div>\n<div class=\"mc-column content-text active-extra-styles \" data-block-type=\"unstyled\" data-block-weight=\"19\" data-block-id=\"6\">\n<p class=\"content-text__container \" data-track-category=\"Link no Texto\" data-track-links=\"\">\u201cTer\u00edamos que fazer elei\u00e7\u00f5es suplementares num momento de crise, em que o or\u00e7amento do TSE est\u00e1 substancialmente reduzido\u201d, acrescentou.<\/p>\n<\/div>\n<div class=\"mc-column content-text active-extra-styles \" data-block-type=\"unstyled\" data-block-weight=\"34\" data-block-id=\"7\">\n<p class=\"content-text__container \" data-track-category=\"Link no Texto\" data-track-links=\"\">Atual presidente do Tribunal Superior Eleitoral (TSE), o ministro Luiz Fux criticou a ideia. \u201cEssa proposta anula o resultado do julgamento [de outubro], ela anula o julgamento e desdiz o que n\u00f3s julgamos\u201d, disse.<\/p>\n<\/div>\n<div class=\"mc-column content-text active-extra-styles \" data-block-type=\"unstyled\" data-block-weight=\"21\" data-block-id=\"9\">\n<p class=\"content-text__container \" data-track-category=\"Link no Texto\" data-track-links=\"\">Na vota\u00e7\u00e3o de outubro, Fux foi favor\u00e1vel \u00e0 aplica\u00e7\u00e3o da inelegibilidade de oito anos\u00a0tamb\u00e9m para pol\u00edticos condenados antes de 2010.<\/p>\n<\/div>\n<div class=\"mc-column content-text active-extra-styles \" data-block-type=\"unstyled\" data-block-weight=\"40\" data-block-id=\"10\">\n<p class=\"content-text__container \" data-track-category=\"Link no Texto\" data-track-links=\"\">Assim, pelo voto de Fux, condenados antes da san\u00e7\u00e3o da lei tamb\u00e9m ficariam impedidos de concorrer na disputa de 2018. Para o ministro, o prazo de inelegibilidade n\u00e3o \u00e9 uma puni\u00e7\u00e3o para o pol\u00edtico condenado, mas uma \u201ccondi\u00e7\u00e3o de moralidade\u201d.<\/p>\n<\/div>\n<div class=\"mc-column content-text active-extra-styles \" data-block-type=\"unstyled\" data-block-weight=\"46\" data-block-id=\"11\">\n<p class=\"content-text__container \" data-track-category=\"Link no Texto\" data-track-links=\"\">O ministro considera que a ficha limpa do candidato \u2013 a aus\u00eancia de condena\u00e7\u00e3o \u2013 \u00e9 um requisito que dever\u00e1 ser verificado pelo juiz eleitoral no momento do registro, assim como a idade m\u00ednima para o cargo pretendido, filia\u00e7\u00e3o a partido pol\u00edtico, nacionalidade brasileira, entre outros.<\/p>\n<\/div>\n<div class=\"mc-column content-text active-extra-styles\" data-block-type=\"raw\" data-block-weight=\"1\" data-block-id=\"12\">\n<div class=\"content-intertitle\">\n<h2>Vota\u00e7\u00e3o<\/h2>\n<\/div>\n<\/div>\n<div class=\"mc-column content-text active-extra-styles \" data-block-type=\"unstyled\" data-block-weight=\"35\" data-block-id=\"13\">\n<p class=\"content-text__container \" data-track-category=\"Link no Texto\" data-track-links=\"\">Seis ministros votaram nesta quinta pela modula\u00e7\u00e3o da lei, mas como o regimento da Corte determina o m\u00ednimo de 8 votos para esse tipo de decis\u00e3o, n\u00e3o houve mudan\u00e7as em rela\u00e7\u00e3o ao julgamento de outubro.<\/p>\n<\/div>\n<div class=\"mc-column content-text active-extra-styles \" data-block-type=\"unstyled\" data-block-weight=\"18\" data-block-id=\"15\">\n<p class=\"content-text__container \" data-track-category=\"Link no Texto\" data-track-links=\"\">Votaram pela modula\u00e7\u00e3o: Ricardo Lewandowski, Dias Toffoli, Alexandre de Moraes, Gilmar Mendes, Marco Aur\u00e9lio e Celso de Mello.<\/p>\n<\/div>\n<div class=\"mc-column content-text active-extra-styles \" data-block-type=\"unstyled\" data-block-weight=\"17\" data-block-id=\"16\">\n<p class=\"content-text__container \" data-track-category=\"Link no Texto\" data-track-links=\"\">Contra a modula\u00e7\u00e3o, os ministros: Luiz Fux, Edson Fachin, Lu\u00eds Roberto Barroso, Rosa Weber e C\u00e1rmen L\u00facia.<\/p>\n<\/div>\n<div class=\"mc-column content-text active-extra-styles\" data-block-type=\"raw\" data-block-weight=\"2\" data-block-id=\"17\">\n<div class=\"content-intertitle\">\n<h2>A a\u00e7\u00e3o<\/h2>\n<\/div>\n<\/div>\n<div class=\"mc-column content-text active-extra-styles \" data-block-type=\"unstyled\" data-block-weight=\"35\" data-block-id=\"18\">\n<p class=\"content-text__container \" data-track-category=\"Link no Texto\" data-track-links=\"\">Na a\u00e7\u00e3o analisada pelo STF, um candidato a vereador de Nova Soure (BA) nas elei\u00e7\u00f5es de 2012 recorreu contra decis\u00e3o da Justi\u00e7a Eleitoral que rejeitou o registro de candidatura dele com base na Ficha Limpa.<\/p>\n<\/div>\n<div class=\"mc-column content-text active-extra-styles \" data-block-type=\"unstyled\" data-block-weight=\"24\" data-block-id=\"19\">\n<p class=\"content-text__container \" data-track-category=\"Link no Texto\" data-track-links=\"\">O candidato foi condenado por abuso de poder econ\u00f4mico e compra de votos em 2004 e cumpriu o prazo de 3 anos de inelegibilidade.<\/p>\n<\/div>\n<div data-track-category=\"fim do conteudo\" data-track-action=\"ultimo chunk conteudo\" data-track-noninteraction=\"false\" data-track-scroll=\"entrada completa viewport\">\n<div class=\"mc-column content-text active-extra-styles \" data-block-type=\"unstyled\" data-block-weight=\"59\" data-block-id=\"20\">\n<p class=\"content-text__container \" data-track-category=\"Link no Texto\" data-track-links=\"\">Em 2008, o candidato concorreu novamente ao cargo, foi eleito e exerceu o mandato, mas em 2012 teve a candidatura negada com base no novo prazo de oito anos de inelegibilidade da Ficha Limpa. A defesa argumenta que o novo prazo da Lei da Ficha Limpa s\u00f3 se aplica a partir da vig\u00eancia da lei e n\u00e3o pode retroagir.<\/p>\n<p class=\"content-text__container \" data-track-category=\"Link no Texto\" data-track-links=\"\"><em><strong>G1<\/strong><\/em><\/p>\n<\/div>\n<\/div>\n","protected":false},"excerpt":{"rendered":"<p>O Supremo Tribunal Federal (STF) decidiu nesta quinta-feira (1\u00ba) manter a aplica\u00e7\u00e3o da Lei da Ficha Limpa a pol\u00edticos condenados por abuso de poder em campanha antes de 2010,\u00a0quando a lei entrou em vigor. A decis\u00e3o\u00a0j\u00e1 havia sido tomada em outubro\u00a0do ano passado, mas o ministro Ricardo Lewandowski pediu que os efeitos fossem restringidos. Na pr\u00e1tica, o que o STF julgou nesta quinta foi a modula\u00e7\u00e3o dos efeitos da decis\u00e3o de outubro, ou seja, se haveria um marco temporal para a aplica\u00e7\u00e3o da lei. Na sess\u00e3o desta quinta, Lewandowski prop\u00f4s aplicar o entendimento somente a partir das elei\u00e7\u00f5es de 2018, n\u00e3o a todos os casos. \u201cA prosperar a decis\u00e3o desta Suprema Corte em que foi alcan\u00e7ada por uma maioria muito estreita, n\u00f3s atingir\u00edamos o mandato de 24 prefeitos, abrangendo cerca de 1,5 milh\u00e3o de votos, um n\u00famero incont\u00e1vel de vereadores e n\u00e3o se sabe quantos deputados\u201d, argumentou o ministro. \u201cTer\u00edamos que fazer elei\u00e7\u00f5es suplementares num momento de crise, em que o or\u00e7amento do TSE est\u00e1 substancialmente reduzido\u201d, acrescentou. Atual presidente do Tribunal Superior Eleitoral (TSE), o ministro Luiz Fux criticou a ideia. \u201cEssa proposta anula o resultado do julgamento [de outubro], ela anula o julgamento e desdiz o que n\u00f3s julgamos\u201d, disse. Na vota\u00e7\u00e3o de outubro, Fux foi favor\u00e1vel \u00e0 aplica\u00e7\u00e3o da inelegibilidade de oito anos\u00a0tamb\u00e9m para pol\u00edticos condenados antes de 2010. Assim, pelo voto de Fux, condenados antes da san\u00e7\u00e3o da lei tamb\u00e9m ficariam impedidos de concorrer na disputa de 2018. Para o ministro, o prazo de inelegibilidade n\u00e3o \u00e9 uma puni\u00e7\u00e3o para o pol\u00edtico condenado, mas uma \u201ccondi\u00e7\u00e3o de moralidade\u201d. O ministro considera que a ficha limpa do candidato \u2013 a aus\u00eancia de condena\u00e7\u00e3o \u2013 \u00e9 um requisito que dever\u00e1 ser verificado pelo juiz eleitoral no momento do registro, assim como a idade m\u00ednima para o cargo pretendido, filia\u00e7\u00e3o a partido pol\u00edtico, nacionalidade brasileira, entre outros. Vota\u00e7\u00e3o Seis ministros votaram nesta quinta pela modula\u00e7\u00e3o da lei, mas como o regimento da Corte determina o m\u00ednimo de 8 votos para esse tipo de decis\u00e3o, n\u00e3o houve mudan\u00e7as em rela\u00e7\u00e3o ao julgamento de outubro. Votaram pela modula\u00e7\u00e3o: Ricardo Lewandowski, Dias Toffoli, Alexandre de Moraes, Gilmar Mendes, Marco Aur\u00e9lio e Celso de Mello. Contra a modula\u00e7\u00e3o, os ministros: Luiz Fux, Edson Fachin, Lu\u00eds Roberto Barroso, Rosa Weber e C\u00e1rmen L\u00facia. A a\u00e7\u00e3o Na a\u00e7\u00e3o analisada pelo STF, um candidato a vereador de Nova Soure (BA) nas elei\u00e7\u00f5es de 2012 recorreu contra decis\u00e3o da Justi\u00e7a Eleitoral que rejeitou o registro de candidatura dele com base na Ficha Limpa. O candidato foi condenado por abuso de poder econ\u00f4mico e compra de votos em 2004 e cumpriu o prazo de 3 anos de inelegibilidade. Em 2008, o candidato concorreu novamente ao cargo, foi eleito e exerceu o mandato, mas em 2012 teve a candidatura negada com base no novo prazo de oito anos de inelegibilidade da Ficha Limpa. A defesa argumenta que o novo prazo da Lei da Ficha Limpa s\u00f3 se aplica a partir da vig\u00eancia da lei e n\u00e3o pode retroagir. G1<\/p>\n","protected":false},"author":2,"featured_media":8258,"comment_status":"closed","ping_status":"open","sticky":false,"template":"","format":"standard","meta":{"_eb_attr":"","_jetpack_memberships_contains_paid_content":false,"footnotes":""},"categories":[4],"tags":[],"class_list":["post-8257","post","type-post","status-publish","format-standard","has-post-thumbnail","hentry","category-politica"],"yoast_head":"<!-- This site is optimized with the Yoast SEO plugin v26.5 - https:\/\/yoast.com\/wordpress\/plugins\/seo\/ -->\n<title>STF mant\u00e9m aplica\u00e7\u00e3o da Ficha Limpa a pol\u00edticos condenados antes de 2010 por abuso de poder - Not&iacute;cias em Destaque<\/title>\n<meta name=\"robots\" content=\"index, follow, max-snippet:-1, max-image-preview:large, max-video-preview:-1\" \/>\n<link rel=\"canonical\" href=\"https:\/\/noticiasemdestaque.com\/cd\/?p=8257\" \/>\n<meta property=\"og:locale\" content=\"pt_BR\" \/>\n<meta property=\"og:type\" content=\"article\" \/>\n<meta property=\"og:title\" content=\"STF mant\u00e9m aplica\u00e7\u00e3o da Ficha Limpa a pol\u00edticos condenados antes de 2010 por abuso de poder - Not&iacute;cias em Destaque\" \/>\n<meta property=\"og:description\" content=\"O Supremo Tribunal Federal (STF) decidiu nesta quinta-feira (1\u00ba) manter a aplica\u00e7\u00e3o da Lei da Ficha Limpa a pol\u00edticos condenados por abuso de poder em campanha antes de 2010,\u00a0quando a lei entrou em vigor. A decis\u00e3o\u00a0j\u00e1 havia sido tomada em outubro\u00a0do ano passado, mas o ministro Ricardo Lewandowski pediu que os efeitos fossem restringidos. Na pr\u00e1tica, o que o STF julgou nesta quinta foi a modula\u00e7\u00e3o dos efeitos da decis\u00e3o de outubro, ou seja, se haveria um marco temporal para a aplica\u00e7\u00e3o da lei. Na sess\u00e3o desta quinta, Lewandowski prop\u00f4s aplicar o entendimento somente a partir das elei\u00e7\u00f5es de 2018, n\u00e3o a todos os casos. \u201cA prosperar a decis\u00e3o desta Suprema Corte em que foi alcan\u00e7ada por uma maioria muito estreita, n\u00f3s atingir\u00edamos o mandato de 24 prefeitos, abrangendo cerca de 1,5 milh\u00e3o de votos, um n\u00famero incont\u00e1vel de vereadores e n\u00e3o se sabe quantos deputados\u201d, argumentou o ministro. \u201cTer\u00edamos que fazer elei\u00e7\u00f5es suplementares num momento de crise, em que o or\u00e7amento do TSE est\u00e1 substancialmente reduzido\u201d, acrescentou. Atual presidente do Tribunal Superior Eleitoral (TSE), o ministro Luiz Fux criticou a ideia. \u201cEssa proposta anula o resultado do julgamento [de outubro], ela anula o julgamento e desdiz o que n\u00f3s julgamos\u201d, disse. Na vota\u00e7\u00e3o de outubro, Fux foi favor\u00e1vel \u00e0 aplica\u00e7\u00e3o da inelegibilidade de oito anos\u00a0tamb\u00e9m para pol\u00edticos condenados antes de 2010. Assim, pelo voto de Fux, condenados antes da san\u00e7\u00e3o da lei tamb\u00e9m ficariam impedidos de concorrer na disputa de 2018. Para o ministro, o prazo de inelegibilidade n\u00e3o \u00e9 uma puni\u00e7\u00e3o para o pol\u00edtico condenado, mas uma \u201ccondi\u00e7\u00e3o de moralidade\u201d. O ministro considera que a ficha limpa do candidato \u2013 a aus\u00eancia de condena\u00e7\u00e3o \u2013 \u00e9 um requisito que dever\u00e1 ser verificado pelo juiz eleitoral no momento do registro, assim como a idade m\u00ednima para o cargo pretendido, filia\u00e7\u00e3o a partido pol\u00edtico, nacionalidade brasileira, entre outros. Vota\u00e7\u00e3o Seis ministros votaram nesta quinta pela modula\u00e7\u00e3o da lei, mas como o regimento da Corte determina o m\u00ednimo de 8 votos para esse tipo de decis\u00e3o, n\u00e3o houve mudan\u00e7as em rela\u00e7\u00e3o ao julgamento de outubro. Votaram pela modula\u00e7\u00e3o: Ricardo Lewandowski, Dias Toffoli, Alexandre de Moraes, Gilmar Mendes, Marco Aur\u00e9lio e Celso de Mello. Contra a modula\u00e7\u00e3o, os ministros: Luiz Fux, Edson Fachin, Lu\u00eds Roberto Barroso, Rosa Weber e C\u00e1rmen L\u00facia. A a\u00e7\u00e3o Na a\u00e7\u00e3o analisada pelo STF, um candidato a vereador de Nova Soure (BA) nas elei\u00e7\u00f5es de 2012 recorreu contra decis\u00e3o da Justi\u00e7a Eleitoral que rejeitou o registro de candidatura dele com base na Ficha Limpa. O candidato foi condenado por abuso de poder econ\u00f4mico e compra de votos em 2004 e cumpriu o prazo de 3 anos de inelegibilidade. Em 2008, o candidato concorreu novamente ao cargo, foi eleito e exerceu o mandato, mas em 2012 teve a candidatura negada com base no novo prazo de oito anos de inelegibilidade da Ficha Limpa. A defesa argumenta que o novo prazo da Lei da Ficha Limpa s\u00f3 se aplica a partir da vig\u00eancia da lei e n\u00e3o pode retroagir. G1\" \/>\n<meta property=\"og:url\" content=\"https:\/\/noticiasemdestaque.com\/cd\/?p=8257\" \/>\n<meta property=\"og:site_name\" content=\"Not&iacute;cias em Destaque\" \/>\n<meta property=\"article:published_time\" content=\"2018-03-02T10:18:27+00:00\" \/>\n<meta property=\"article:modified_time\" content=\"2018-03-02T10:19:09+00:00\" \/>\n<meta property=\"og:image\" content=\"https:\/\/noticiasemdestaque.com\/cd\/wp-content\/uploads\/2018\/03\/ficha-limpa-300x300.jpg\" \/>\n\t<meta property=\"og:image:width\" content=\"300\" \/>\n\t<meta property=\"og:image:height\" content=\"300\" \/>\n\t<meta property=\"og:image:type\" content=\"image\/jpeg\" \/>\n<meta name=\"author\" content=\"Not\u00edcias em Destaque\" \/>\n<meta name=\"twitter:card\" content=\"summary_large_image\" \/>\n<meta name=\"twitter:label1\" content=\"Escrito por\" \/>\n\t<meta name=\"twitter:data1\" content=\"Not\u00edcias em Destaque\" \/>\n\t<meta name=\"twitter:label2\" content=\"Est. tempo de leitura\" \/>\n\t<meta name=\"twitter:data2\" content=\"3 minutos\" \/>\n<script type=\"application\/ld+json\" class=\"yoast-schema-graph\">{\"@context\":\"https:\/\/schema.org\",\"@graph\":[{\"@type\":\"Article\",\"@id\":\"https:\/\/noticiasemdestaque.com\/cd\/?p=8257#article\",\"isPartOf\":{\"@id\":\"https:\/\/noticiasemdestaque.com\/cd\/?p=8257\"},\"author\":{\"name\":\"Not\u00edcias em Destaque\",\"@id\":\"https:\/\/noticiasemdestaque.com\/cd\/#\/schema\/person\/21320b03a7e8bb90128938dafc9b908a\"},\"headline\":\"STF mant\u00e9m aplica\u00e7\u00e3o da Ficha Limpa a pol\u00edticos condenados antes de 2010 por abuso de poder\",\"datePublished\":\"2018-03-02T10:18:27+00:00\",\"dateModified\":\"2018-03-02T10:19:09+00:00\",\"mainEntityOfPage\":{\"@id\":\"https:\/\/noticiasemdestaque.com\/cd\/?p=8257\"},\"wordCount\":564,\"publisher\":{\"@id\":\"https:\/\/noticiasemdestaque.com\/cd\/#organization\"},\"image\":{\"@id\":\"https:\/\/noticiasemdestaque.com\/cd\/?p=8257#primaryimage\"},\"thumbnailUrl\":\"https:\/\/noticiasemdestaque.com\/cd\/wp-content\/uploads\/2018\/03\/ficha-limpa-300x300.jpg\",\"articleSection\":[\"Pol\u00edtica\"],\"inLanguage\":\"pt-BR\"},{\"@type\":\"WebPage\",\"@id\":\"https:\/\/noticiasemdestaque.com\/cd\/?p=8257\",\"url\":\"https:\/\/noticiasemdestaque.com\/cd\/?p=8257\",\"name\":\"STF mant\u00e9m aplica\u00e7\u00e3o da Ficha Limpa a pol\u00edticos condenados antes de 2010 por abuso de poder - Not&iacute;cias em Destaque\",\"isPartOf\":{\"@id\":\"https:\/\/noticiasemdestaque.com\/cd\/#website\"},\"primaryImageOfPage\":{\"@id\":\"https:\/\/noticiasemdestaque.com\/cd\/?p=8257#primaryimage\"},\"image\":{\"@id\":\"https:\/\/noticiasemdestaque.com\/cd\/?p=8257#primaryimage\"},\"thumbnailUrl\":\"https:\/\/noticiasemdestaque.com\/cd\/wp-content\/uploads\/2018\/03\/ficha-limpa-300x300.jpg\",\"datePublished\":\"2018-03-02T10:18:27+00:00\",\"dateModified\":\"2018-03-02T10:19:09+00:00\",\"breadcrumb\":{\"@id\":\"https:\/\/noticiasemdestaque.com\/cd\/?p=8257#breadcrumb\"},\"inLanguage\":\"pt-BR\",\"potentialAction\":[{\"@type\":\"ReadAction\",\"target\":[\"https:\/\/noticiasemdestaque.com\/cd\/?p=8257\"]}]},{\"@type\":\"ImageObject\",\"inLanguage\":\"pt-BR\",\"@id\":\"https:\/\/noticiasemdestaque.com\/cd\/?p=8257#primaryimage\",\"url\":\"https:\/\/noticiasemdestaque.com\/cd\/wp-content\/uploads\/2018\/03\/ficha-limpa-300x300.jpg\",\"contentUrl\":\"https:\/\/noticiasemdestaque.com\/cd\/wp-content\/uploads\/2018\/03\/ficha-limpa-300x300.jpg\",\"width\":300,\"height\":300},{\"@type\":\"BreadcrumbList\",\"@id\":\"https:\/\/noticiasemdestaque.com\/cd\/?p=8257#breadcrumb\",\"itemListElement\":[{\"@type\":\"ListItem\",\"position\":1,\"name\":\"In\u00edcio\",\"item\":\"https:\/\/noticiasemdestaque.com\/cd\/\"},{\"@type\":\"ListItem\",\"position\":2,\"name\":\"STF mant\u00e9m aplica\u00e7\u00e3o da Ficha Limpa a pol\u00edticos condenados antes de 2010 por abuso de poder\"}]},{\"@type\":\"WebSite\",\"@id\":\"https:\/\/noticiasemdestaque.com\/cd\/#website\",\"url\":\"https:\/\/noticiasemdestaque.com\/cd\/\",\"name\":\"Not&iacute;cias em Destaque\",\"description\":\"\",\"publisher\":{\"@id\":\"https:\/\/noticiasemdestaque.com\/cd\/#organization\"},\"potentialAction\":[{\"@type\":\"SearchAction\",\"target\":{\"@type\":\"EntryPoint\",\"urlTemplate\":\"https:\/\/noticiasemdestaque.com\/cd\/?s={search_term_string}\"},\"query-input\":{\"@type\":\"PropertyValueSpecification\",\"valueRequired\":true,\"valueName\":\"search_term_string\"}}],\"inLanguage\":\"pt-BR\"},{\"@type\":\"Organization\",\"@id\":\"https:\/\/noticiasemdestaque.com\/cd\/#organization\",\"name\":\"Not\u00edcias em Destaque\",\"url\":\"https:\/\/noticiasemdestaque.com\/cd\/\",\"logo\":{\"@type\":\"ImageObject\",\"inLanguage\":\"pt-BR\",\"@id\":\"https:\/\/noticiasemdestaque.com\/cd\/#\/schema\/logo\/image\/\",\"url\":\"https:\/\/noticiasemdestaque.com\/cd\/wp-content\/uploads\/2022\/05\/imagem-base-noticiasemdestaque.png\",\"contentUrl\":\"https:\/\/noticiasemdestaque.com\/cd\/wp-content\/uploads\/2022\/05\/imagem-base-noticiasemdestaque.png\",\"width\":1200,\"height\":630,\"caption\":\"Not\u00edcias em Destaque\"},\"image\":{\"@id\":\"https:\/\/noticiasemdestaque.com\/cd\/#\/schema\/logo\/image\/\"}},{\"@type\":\"Person\",\"@id\":\"https:\/\/noticiasemdestaque.com\/cd\/#\/schema\/person\/21320b03a7e8bb90128938dafc9b908a\",\"name\":\"Not\u00edcias em Destaque\",\"url\":\"https:\/\/noticiasemdestaque.com\/cd\/?author=2\"}]}<\/script>\n<!-- \/ Yoast SEO plugin. -->","yoast_head_json":{"title":"STF mant\u00e9m aplica\u00e7\u00e3o da Ficha Limpa a pol\u00edticos condenados antes de 2010 por abuso de poder - Not&iacute;cias em Destaque","robots":{"index":"index","follow":"follow","max-snippet":"max-snippet:-1","max-image-preview":"max-image-preview:large","max-video-preview":"max-video-preview:-1"},"canonical":"https:\/\/noticiasemdestaque.com\/cd\/?p=8257","og_locale":"pt_BR","og_type":"article","og_title":"STF mant\u00e9m aplica\u00e7\u00e3o da Ficha Limpa a pol\u00edticos condenados antes de 2010 por abuso de poder - Not&iacute;cias em Destaque","og_description":"O Supremo Tribunal Federal (STF) decidiu nesta quinta-feira (1\u00ba) manter a aplica\u00e7\u00e3o da Lei da Ficha Limpa a pol\u00edticos condenados por abuso de poder em campanha antes de 2010,\u00a0quando a lei entrou em vigor. A decis\u00e3o\u00a0j\u00e1 havia sido tomada em outubro\u00a0do ano passado, mas o ministro Ricardo Lewandowski pediu que os efeitos fossem restringidos. Na pr\u00e1tica, o que o STF julgou nesta quinta foi a modula\u00e7\u00e3o dos efeitos da decis\u00e3o de outubro, ou seja, se haveria um marco temporal para a aplica\u00e7\u00e3o da lei. Na sess\u00e3o desta quinta, Lewandowski prop\u00f4s aplicar o entendimento somente a partir das elei\u00e7\u00f5es de 2018, n\u00e3o a todos os casos. \u201cA prosperar a decis\u00e3o desta Suprema Corte em que foi alcan\u00e7ada por uma maioria muito estreita, n\u00f3s atingir\u00edamos o mandato de 24 prefeitos, abrangendo cerca de 1,5 milh\u00e3o de votos, um n\u00famero incont\u00e1vel de vereadores e n\u00e3o se sabe quantos deputados\u201d, argumentou o ministro. \u201cTer\u00edamos que fazer elei\u00e7\u00f5es suplementares num momento de crise, em que o or\u00e7amento do TSE est\u00e1 substancialmente reduzido\u201d, acrescentou. Atual presidente do Tribunal Superior Eleitoral (TSE), o ministro Luiz Fux criticou a ideia. \u201cEssa proposta anula o resultado do julgamento [de outubro], ela anula o julgamento e desdiz o que n\u00f3s julgamos\u201d, disse. Na vota\u00e7\u00e3o de outubro, Fux foi favor\u00e1vel \u00e0 aplica\u00e7\u00e3o da inelegibilidade de oito anos\u00a0tamb\u00e9m para pol\u00edticos condenados antes de 2010. Assim, pelo voto de Fux, condenados antes da san\u00e7\u00e3o da lei tamb\u00e9m ficariam impedidos de concorrer na disputa de 2018. Para o ministro, o prazo de inelegibilidade n\u00e3o \u00e9 uma puni\u00e7\u00e3o para o pol\u00edtico condenado, mas uma \u201ccondi\u00e7\u00e3o de moralidade\u201d. O ministro considera que a ficha limpa do candidato \u2013 a aus\u00eancia de condena\u00e7\u00e3o \u2013 \u00e9 um requisito que dever\u00e1 ser verificado pelo juiz eleitoral no momento do registro, assim como a idade m\u00ednima para o cargo pretendido, filia\u00e7\u00e3o a partido pol\u00edtico, nacionalidade brasileira, entre outros. Vota\u00e7\u00e3o Seis ministros votaram nesta quinta pela modula\u00e7\u00e3o da lei, mas como o regimento da Corte determina o m\u00ednimo de 8 votos para esse tipo de decis\u00e3o, n\u00e3o houve mudan\u00e7as em rela\u00e7\u00e3o ao julgamento de outubro. Votaram pela modula\u00e7\u00e3o: Ricardo Lewandowski, Dias Toffoli, Alexandre de Moraes, Gilmar Mendes, Marco Aur\u00e9lio e Celso de Mello. Contra a modula\u00e7\u00e3o, os ministros: Luiz Fux, Edson Fachin, Lu\u00eds Roberto Barroso, Rosa Weber e C\u00e1rmen L\u00facia. A a\u00e7\u00e3o Na a\u00e7\u00e3o analisada pelo STF, um candidato a vereador de Nova Soure (BA) nas elei\u00e7\u00f5es de 2012 recorreu contra decis\u00e3o da Justi\u00e7a Eleitoral que rejeitou o registro de candidatura dele com base na Ficha Limpa. O candidato foi condenado por abuso de poder econ\u00f4mico e compra de votos em 2004 e cumpriu o prazo de 3 anos de inelegibilidade. Em 2008, o candidato concorreu novamente ao cargo, foi eleito e exerceu o mandato, mas em 2012 teve a candidatura negada com base no novo prazo de oito anos de inelegibilidade da Ficha Limpa. A defesa argumenta que o novo prazo da Lei da Ficha Limpa s\u00f3 se aplica a partir da vig\u00eancia da lei e n\u00e3o pode retroagir. G1","og_url":"https:\/\/noticiasemdestaque.com\/cd\/?p=8257","og_site_name":"Not&iacute;cias em Destaque","article_published_time":"2018-03-02T10:18:27+00:00","article_modified_time":"2018-03-02T10:19:09+00:00","og_image":[{"width":300,"height":300,"url":"https:\/\/noticiasemdestaque.com\/cd\/wp-content\/uploads\/2018\/03\/ficha-limpa-300x300.jpg","type":"image\/jpeg"}],"author":"Not\u00edcias em Destaque","twitter_card":"summary_large_image","twitter_misc":{"Escrito por":"Not\u00edcias em Destaque","Est. tempo de leitura":"3 minutos"},"schema":{"@context":"https:\/\/schema.org","@graph":[{"@type":"Article","@id":"https:\/\/noticiasemdestaque.com\/cd\/?p=8257#article","isPartOf":{"@id":"https:\/\/noticiasemdestaque.com\/cd\/?p=8257"},"author":{"name":"Not\u00edcias em Destaque","@id":"https:\/\/noticiasemdestaque.com\/cd\/#\/schema\/person\/21320b03a7e8bb90128938dafc9b908a"},"headline":"STF mant\u00e9m aplica\u00e7\u00e3o da Ficha Limpa a pol\u00edticos condenados antes de 2010 por abuso de poder","datePublished":"2018-03-02T10:18:27+00:00","dateModified":"2018-03-02T10:19:09+00:00","mainEntityOfPage":{"@id":"https:\/\/noticiasemdestaque.com\/cd\/?p=8257"},"wordCount":564,"publisher":{"@id":"https:\/\/noticiasemdestaque.com\/cd\/#organization"},"image":{"@id":"https:\/\/noticiasemdestaque.com\/cd\/?p=8257#primaryimage"},"thumbnailUrl":"https:\/\/noticiasemdestaque.com\/cd\/wp-content\/uploads\/2018\/03\/ficha-limpa-300x300.jpg","articleSection":["Pol\u00edtica"],"inLanguage":"pt-BR"},{"@type":"WebPage","@id":"https:\/\/noticiasemdestaque.com\/cd\/?p=8257","url":"https:\/\/noticiasemdestaque.com\/cd\/?p=8257","name":"STF mant\u00e9m aplica\u00e7\u00e3o da Ficha Limpa a pol\u00edticos condenados antes de 2010 por abuso de poder - Not&iacute;cias em Destaque","isPartOf":{"@id":"https:\/\/noticiasemdestaque.com\/cd\/#website"},"primaryImageOfPage":{"@id":"https:\/\/noticiasemdestaque.com\/cd\/?p=8257#primaryimage"},"image":{"@id":"https:\/\/noticiasemdestaque.com\/cd\/?p=8257#primaryimage"},"thumbnailUrl":"https:\/\/noticiasemdestaque.com\/cd\/wp-content\/uploads\/2018\/03\/ficha-limpa-300x300.jpg","datePublished":"2018-03-02T10:18:27+00:00","dateModified":"2018-03-02T10:19:09+00:00","breadcrumb":{"@id":"https:\/\/noticiasemdestaque.com\/cd\/?p=8257#breadcrumb"},"inLanguage":"pt-BR","potentialAction":[{"@type":"ReadAction","target":["https:\/\/noticiasemdestaque.com\/cd\/?p=8257"]}]},{"@type":"ImageObject","inLanguage":"pt-BR","@id":"https:\/\/noticiasemdestaque.com\/cd\/?p=8257#primaryimage","url":"https:\/\/noticiasemdestaque.com\/cd\/wp-content\/uploads\/2018\/03\/ficha-limpa-300x300.jpg","contentUrl":"https:\/\/noticiasemdestaque.com\/cd\/wp-content\/uploads\/2018\/03\/ficha-limpa-300x300.jpg","width":300,"height":300},{"@type":"BreadcrumbList","@id":"https:\/\/noticiasemdestaque.com\/cd\/?p=8257#breadcrumb","itemListElement":[{"@type":"ListItem","position":1,"name":"In\u00edcio","item":"https:\/\/noticiasemdestaque.com\/cd\/"},{"@type":"ListItem","position":2,"name":"STF mant\u00e9m aplica\u00e7\u00e3o da Ficha Limpa a pol\u00edticos condenados antes de 2010 por abuso de poder"}]},{"@type":"WebSite","@id":"https:\/\/noticiasemdestaque.com\/cd\/#website","url":"https:\/\/noticiasemdestaque.com\/cd\/","name":"Not&iacute;cias em Destaque","description":"","publisher":{"@id":"https:\/\/noticiasemdestaque.com\/cd\/#organization"},"potentialAction":[{"@type":"SearchAction","target":{"@type":"EntryPoint","urlTemplate":"https:\/\/noticiasemdestaque.com\/cd\/?s={search_term_string}"},"query-input":{"@type":"PropertyValueSpecification","valueRequired":true,"valueName":"search_term_string"}}],"inLanguage":"pt-BR"},{"@type":"Organization","@id":"https:\/\/noticiasemdestaque.com\/cd\/#organization","name":"Not\u00edcias em Destaque","url":"https:\/\/noticiasemdestaque.com\/cd\/","logo":{"@type":"ImageObject","inLanguage":"pt-BR","@id":"https:\/\/noticiasemdestaque.com\/cd\/#\/schema\/logo\/image\/","url":"https:\/\/noticiasemdestaque.com\/cd\/wp-content\/uploads\/2022\/05\/imagem-base-noticiasemdestaque.png","contentUrl":"https:\/\/noticiasemdestaque.com\/cd\/wp-content\/uploads\/2022\/05\/imagem-base-noticiasemdestaque.png","width":1200,"height":630,"caption":"Not\u00edcias em Destaque"},"image":{"@id":"https:\/\/noticiasemdestaque.com\/cd\/#\/schema\/logo\/image\/"}},{"@type":"Person","@id":"https:\/\/noticiasemdestaque.com\/cd\/#\/schema\/person\/21320b03a7e8bb90128938dafc9b908a","name":"Not\u00edcias em Destaque","url":"https:\/\/noticiasemdestaque.com\/cd\/?author=2"}]}},"jetpack_featured_media_url":"https:\/\/noticiasemdestaque.com\/cd\/wp-content\/uploads\/2018\/03\/ficha-limpa-300x300.jpg","jetpack_sharing_enabled":true,"_links":{"self":[{"href":"https:\/\/noticiasemdestaque.com\/cd\/index.php?rest_route=\/wp\/v2\/posts\/8257","targetHints":{"allow":["GET"]}}],"collection":[{"href":"https:\/\/noticiasemdestaque.com\/cd\/index.php?rest_route=\/wp\/v2\/posts"}],"about":[{"href":"https:\/\/noticiasemdestaque.com\/cd\/index.php?rest_route=\/wp\/v2\/types\/post"}],"author":[{"embeddable":true,"href":"https:\/\/noticiasemdestaque.com\/cd\/index.php?rest_route=\/wp\/v2\/users\/2"}],"replies":[{"embeddable":true,"href":"https:\/\/noticiasemdestaque.com\/cd\/index.php?rest_route=%2Fwp%2Fv2%2Fcomments&post=8257"}],"version-history":[{"count":2,"href":"https:\/\/noticiasemdestaque.com\/cd\/index.php?rest_route=\/wp\/v2\/posts\/8257\/revisions"}],"predecessor-version":[{"id":8260,"href":"https:\/\/noticiasemdestaque.com\/cd\/index.php?rest_route=\/wp\/v2\/posts\/8257\/revisions\/8260"}],"wp:featuredmedia":[{"embeddable":true,"href":"https:\/\/noticiasemdestaque.com\/cd\/index.php?rest_route=\/wp\/v2\/media\/8258"}],"wp:attachment":[{"href":"https:\/\/noticiasemdestaque.com\/cd\/index.php?rest_route=%2Fwp%2Fv2%2Fmedia&parent=8257"}],"wp:term":[{"taxonomy":"category","embeddable":true,"href":"https:\/\/noticiasemdestaque.com\/cd\/index.php?rest_route=%2Fwp%2Fv2%2Fcategories&post=8257"},{"taxonomy":"post_tag","embeddable":true,"href":"https:\/\/noticiasemdestaque.com\/cd\/index.php?rest_route=%2Fwp%2Fv2%2Ftags&post=8257"}],"curies":[{"name":"wp","href":"https:\/\/api.w.org\/{rel}","templated":true}]}}