{"id":8252,"date":"2018-03-01T22:04:14","date_gmt":"2018-03-02T01:04:14","guid":{"rendered":"http:\/\/caririemdestaque.com\/cd\/?p=8252"},"modified":"2018-03-01T22:04:14","modified_gmt":"2018-03-02T01:04:14","slug":"mais-trabalho-2-vice-prefeito-de-sume-participa-de-evento-com-ricardo-coutinho-e-joao-azevedo-em-campina-grande","status":"publish","type":"post","link":"https:\/\/noticiasemdestaque.com\/cd\/?p=8252","title":{"rendered":"Mais Trabalho 2: Vice-prefeito de Sum\u00e9 participa de evento com Ricardo Coutinho e Jo\u00e3o Azevedo em Campina Grande"},"content":{"rendered":"<p><a href=\"http:\/\/caririemdestaque.com\/cd\/wp-content\/uploads\/2018\/03\/ricardo-programa-mais-trabalho-CG-foto-francisco-franca-13.jpg\"><img decoding=\"async\" class=\" wp-image-8255 alignleft\" src=\"http:\/\/caririemdestaque.com\/cd\/wp-content\/uploads\/2018\/03\/ricardo-programa-mais-trabalho-CG-foto-francisco-franca-13-300x213.jpg\" alt=\"\" width=\"241\" height=\"171\" srcset=\"https:\/\/noticiasemdestaque.com\/cd\/wp-content\/uploads\/2018\/03\/ricardo-programa-mais-trabalho-CG-foto-francisco-franca-13-300x213.jpg 300w, https:\/\/noticiasemdestaque.com\/cd\/wp-content\/uploads\/2018\/03\/ricardo-programa-mais-trabalho-CG-foto-francisco-franca-13.jpg 480w\" sizes=\"(max-width: 241px) 100vw, 241px\" \/><\/a>O governador Ricardo Coutinho esteve, nesta quarta-feira (28), em Campina Grande, onde autorizou a constru\u00e7\u00e3o de obras e assinou ordem de licita\u00e7\u00e3o para diversas interven\u00e7\u00f5es que ser\u00e3o executadas pela Companhia de \u00c1gua e Esgotos da Para\u00edba (Cagepa) e pela Superintend\u00eancia de Obras do Plano de Desenvolvimento do Estado (Suplan), somando cerca de R$ 100 milh\u00f5es de investimento.<\/p>\n<p>A maioria das obras integra o Programa Mais Trabalho 2, lan\u00e7ado este m\u00eas, com quase R$ 210 milh\u00f5es de recursos investidos em diversa<a href=\"http:\/\/caririemdestaque.com\/cd\/wp-content\/uploads\/2018\/03\/5fdeb695-d3f8-43dc-bc3e-21df76b2320f.jpg\"><img decoding=\"async\" class=\" wp-image-8253 alignright\" src=\"http:\/\/caririemdestaque.com\/cd\/wp-content\/uploads\/2018\/03\/5fdeb695-d3f8-43dc-bc3e-21df76b2320f-300x225.jpg\" alt=\"\" width=\"234\" height=\"176\" srcset=\"https:\/\/noticiasemdestaque.com\/cd\/wp-content\/uploads\/2018\/03\/5fdeb695-d3f8-43dc-bc3e-21df76b2320f-300x225.jpg 300w, https:\/\/noticiasemdestaque.com\/cd\/wp-content\/uploads\/2018\/03\/5fdeb695-d3f8-43dc-bc3e-21df76b2320f-768x576.jpg 768w, https:\/\/noticiasemdestaque.com\/cd\/wp-content\/uploads\/2018\/03\/5fdeb695-d3f8-43dc-bc3e-21df76b2320f-1024x768.jpg 1024w, https:\/\/noticiasemdestaque.com\/cd\/wp-content\/uploads\/2018\/03\/5fdeb695-d3f8-43dc-bc3e-21df76b2320f-640x480.jpg 640w, https:\/\/noticiasemdestaque.com\/cd\/wp-content\/uploads\/2018\/03\/5fdeb695-d3f8-43dc-bc3e-21df76b2320f.jpg 1280w\" sizes=\"(max-width: 234px) 100vw, 234px\" \/><\/a>s \u00e1reas. Tamb\u00e9m estiveram presentes na solenidade o presidente da Assembleia Legislativa da Para\u00edba, Gerv\u00e1sio Maia, deputados estaduais, prefeitos, vereadores e auxiliares do Governo.<\/p>\n<p>Durante o encontro o vice-prefeito de Sum\u00e9, Deocleciano Barbosa- Dr\u00f3 esteve representando o prefeito \u00c9den Duarte e dialogando com o governador Ricardo Coutinho e com o secret\u00e1rio de Infraestrutura, Recursos H\u00eddricos, Meio Ambiente, Ci\u00eancia e Tecnologia, Jo\u00e3o Azev\u00eado sobre pleitos para Sum\u00e9.<\/p>\n<p><em><strong>Cariri em Destaque<\/strong><\/em><\/p>\n","protected":false},"excerpt":{"rendered":"<p>O governador Ricardo Coutinho esteve, nesta quarta-feira (28), em Campina Grande, onde autorizou a constru\u00e7\u00e3o de obras e assinou ordem de licita\u00e7\u00e3o para diversas interven\u00e7\u00f5es que ser\u00e3o executadas pela Companhia de \u00c1gua e Esgotos da Para\u00edba (Cagepa) e pela Superintend\u00eancia de Obras do Plano de Desenvolvimento do Estado (Suplan), somando cerca de R$ 100 milh\u00f5es de investimento. A maioria das obras integra o Programa Mais Trabalho 2, lan\u00e7ado este m\u00eas, com quase R$ 210 milh\u00f5es de recursos investidos em diversas \u00e1reas. Tamb\u00e9m estiveram presentes na solenidade o presidente da Assembleia Legislativa da Para\u00edba, Gerv\u00e1sio Maia, deputados estaduais, prefeitos, vereadores e auxiliares do Governo. Durante o encontro o vice-prefeito de Sum\u00e9, Deocleciano Barbosa- Dr\u00f3 esteve representando o prefeito \u00c9den Duarte e dialogando com o governador Ricardo Coutinho e com o secret\u00e1rio de Infraestrutura, Recursos H\u00eddricos, Meio Ambiente, Ci\u00eancia e Tecnologia, Jo\u00e3o Azev\u00eado sobre pleitos para Sum\u00e9. Cariri em Destaque<\/p>\n","protected":false},"author":2,"featured_media":8253,"comment_status":"closed","ping_status":"open","sticky":false,"template":"","format":"standard","meta":{"_eb_attr":"","_jetpack_memberships_contains_paid_content":false,"footnotes":""},"categories":[4],"tags":[],"class_list":["post-8252","post","type-post","status-publish","format-standard","has-post-thumbnail","hentry","category-politica"],"yoast_head":"<!-- This site is optimized with the Yoast SEO plugin v26.5 - https:\/\/yoast.com\/wordpress\/plugins\/seo\/ -->\n<title>Mais Trabalho 2: Vice-prefeito de Sum\u00e9 participa de evento com Ricardo Coutinho e Jo\u00e3o Azevedo em Campina Grande - Not&iacute;cias em Destaque<\/title>\n<meta name=\"robots\" content=\"index, follow, max-snippet:-1, max-image-preview:large, max-video-preview:-1\" \/>\n<link rel=\"canonical\" href=\"https:\/\/noticiasemdestaque.com\/cd\/?p=8252\" \/>\n<meta property=\"og:locale\" content=\"pt_BR\" \/>\n<meta property=\"og:type\" content=\"article\" \/>\n<meta property=\"og:title\" content=\"Mais Trabalho 2: Vice-prefeito de Sum\u00e9 participa de evento com Ricardo Coutinho e Jo\u00e3o Azevedo em Campina Grande - Not&iacute;cias em Destaque\" \/>\n<meta property=\"og:description\" content=\"O governador Ricardo Coutinho esteve, nesta quarta-feira (28), em Campina Grande, onde autorizou a constru\u00e7\u00e3o de obras e assinou ordem de licita\u00e7\u00e3o para diversas interven\u00e7\u00f5es que ser\u00e3o executadas pela Companhia de \u00c1gua e Esgotos da Para\u00edba (Cagepa) e pela Superintend\u00eancia de Obras do Plano de Desenvolvimento do Estado (Suplan), somando cerca de R$ 100 milh\u00f5es de investimento. A maioria das obras integra o Programa Mais Trabalho 2, lan\u00e7ado este m\u00eas, com quase R$ 210 milh\u00f5es de recursos investidos em diversas \u00e1reas. Tamb\u00e9m estiveram presentes na solenidade o presidente da Assembleia Legislativa da Para\u00edba, Gerv\u00e1sio Maia, deputados estaduais, prefeitos, vereadores e auxiliares do Governo. Durante o encontro o vice-prefeito de Sum\u00e9, Deocleciano Barbosa- Dr\u00f3 esteve representando o prefeito \u00c9den Duarte e dialogando com o governador Ricardo Coutinho e com o secret\u00e1rio de Infraestrutura, Recursos H\u00eddricos, Meio Ambiente, Ci\u00eancia e Tecnologia, Jo\u00e3o Azev\u00eado sobre pleitos para Sum\u00e9. Cariri em Destaque\" \/>\n<meta property=\"og:url\" content=\"https:\/\/noticiasemdestaque.com\/cd\/?p=8252\" \/>\n<meta property=\"og:site_name\" content=\"Not&iacute;cias em Destaque\" \/>\n<meta property=\"article:published_time\" content=\"2018-03-02T01:04:14+00:00\" \/>\n<meta property=\"og:image\" content=\"https:\/\/noticiasemdestaque.com\/cd\/wp-content\/uploads\/2018\/03\/5fdeb695-d3f8-43dc-bc3e-21df76b2320f.jpg\" \/>\n\t<meta property=\"og:image:width\" content=\"1280\" \/>\n\t<meta property=\"og:image:height\" content=\"960\" \/>\n\t<meta property=\"og:image:type\" content=\"image\/jpeg\" \/>\n<meta name=\"author\" content=\"Not\u00edcias em Destaque\" \/>\n<meta name=\"twitter:card\" content=\"summary_large_image\" \/>\n<meta name=\"twitter:label1\" content=\"Escrito por\" \/>\n\t<meta name=\"twitter:data1\" content=\"Not\u00edcias em Destaque\" \/>\n\t<meta name=\"twitter:label2\" content=\"Est. tempo de leitura\" \/>\n\t<meta name=\"twitter:data2\" content=\"1 minuto\" \/>\n<script type=\"application\/ld+json\" class=\"yoast-schema-graph\">{\"@context\":\"https:\/\/schema.org\",\"@graph\":[{\"@type\":\"Article\",\"@id\":\"https:\/\/noticiasemdestaque.com\/cd\/?p=8252#article\",\"isPartOf\":{\"@id\":\"https:\/\/noticiasemdestaque.com\/cd\/?p=8252\"},\"author\":{\"name\":\"Not\u00edcias em Destaque\",\"@id\":\"https:\/\/noticiasemdestaque.com\/cd\/#\/schema\/person\/21320b03a7e8bb90128938dafc9b908a\"},\"headline\":\"Mais Trabalho 2: Vice-prefeito de Sum\u00e9 participa de evento com Ricardo Coutinho e Jo\u00e3o Azevedo em Campina Grande\",\"datePublished\":\"2018-03-02T01:04:14+00:00\",\"mainEntityOfPage\":{\"@id\":\"https:\/\/noticiasemdestaque.com\/cd\/?p=8252\"},\"wordCount\":181,\"publisher\":{\"@id\":\"https:\/\/noticiasemdestaque.com\/cd\/#organization\"},\"image\":{\"@id\":\"https:\/\/noticiasemdestaque.com\/cd\/?p=8252#primaryimage\"},\"thumbnailUrl\":\"https:\/\/noticiasemdestaque.com\/cd\/wp-content\/uploads\/2018\/03\/5fdeb695-d3f8-43dc-bc3e-21df76b2320f.jpg\",\"articleSection\":[\"Pol\u00edtica\"],\"inLanguage\":\"pt-BR\"},{\"@type\":\"WebPage\",\"@id\":\"https:\/\/noticiasemdestaque.com\/cd\/?p=8252\",\"url\":\"https:\/\/noticiasemdestaque.com\/cd\/?p=8252\",\"name\":\"Mais Trabalho 2: Vice-prefeito de Sum\u00e9 participa de evento com Ricardo Coutinho e Jo\u00e3o Azevedo em Campina Grande - Not&iacute;cias em Destaque\",\"isPartOf\":{\"@id\":\"https:\/\/noticiasemdestaque.com\/cd\/#website\"},\"primaryImageOfPage\":{\"@id\":\"https:\/\/noticiasemdestaque.com\/cd\/?p=8252#primaryimage\"},\"image\":{\"@id\":\"https:\/\/noticiasemdestaque.com\/cd\/?p=8252#primaryimage\"},\"thumbnailUrl\":\"https:\/\/noticiasemdestaque.com\/cd\/wp-content\/uploads\/2018\/03\/5fdeb695-d3f8-43dc-bc3e-21df76b2320f.jpg\",\"datePublished\":\"2018-03-02T01:04:14+00:00\",\"breadcrumb\":{\"@id\":\"https:\/\/noticiasemdestaque.com\/cd\/?p=8252#breadcrumb\"},\"inLanguage\":\"pt-BR\",\"potentialAction\":[{\"@type\":\"ReadAction\",\"target\":[\"https:\/\/noticiasemdestaque.com\/cd\/?p=8252\"]}]},{\"@type\":\"ImageObject\",\"inLanguage\":\"pt-BR\",\"@id\":\"https:\/\/noticiasemdestaque.com\/cd\/?p=8252#primaryimage\",\"url\":\"https:\/\/noticiasemdestaque.com\/cd\/wp-content\/uploads\/2018\/03\/5fdeb695-d3f8-43dc-bc3e-21df76b2320f.jpg\",\"contentUrl\":\"https:\/\/noticiasemdestaque.com\/cd\/wp-content\/uploads\/2018\/03\/5fdeb695-d3f8-43dc-bc3e-21df76b2320f.jpg\",\"width\":1280,\"height\":960},{\"@type\":\"BreadcrumbList\",\"@id\":\"https:\/\/noticiasemdestaque.com\/cd\/?p=8252#breadcrumb\",\"itemListElement\":[{\"@type\":\"ListItem\",\"position\":1,\"name\":\"In\u00edcio\",\"item\":\"https:\/\/noticiasemdestaque.com\/cd\/\"},{\"@type\":\"ListItem\",\"position\":2,\"name\":\"Mais Trabalho 2: Vice-prefeito de Sum\u00e9 participa de evento com Ricardo Coutinho e Jo\u00e3o Azevedo em Campina Grande\"}]},{\"@type\":\"WebSite\",\"@id\":\"https:\/\/noticiasemdestaque.com\/cd\/#website\",\"url\":\"https:\/\/noticiasemdestaque.com\/cd\/\",\"name\":\"Not&iacute;cias em Destaque\",\"description\":\"\",\"publisher\":{\"@id\":\"https:\/\/noticiasemdestaque.com\/cd\/#organization\"},\"potentialAction\":[{\"@type\":\"SearchAction\",\"target\":{\"@type\":\"EntryPoint\",\"urlTemplate\":\"https:\/\/noticiasemdestaque.com\/cd\/?s={search_term_string}\"},\"query-input\":{\"@type\":\"PropertyValueSpecification\",\"valueRequired\":true,\"valueName\":\"search_term_string\"}}],\"inLanguage\":\"pt-BR\"},{\"@type\":\"Organization\",\"@id\":\"https:\/\/noticiasemdestaque.com\/cd\/#organization\",\"name\":\"Not\u00edcias em Destaque\",\"url\":\"https:\/\/noticiasemdestaque.com\/cd\/\",\"logo\":{\"@type\":\"ImageObject\",\"inLanguage\":\"pt-BR\",\"@id\":\"https:\/\/noticiasemdestaque.com\/cd\/#\/schema\/logo\/image\/\",\"url\":\"https:\/\/noticiasemdestaque.com\/cd\/wp-content\/uploads\/2022\/05\/imagem-base-noticiasemdestaque.png\",\"contentUrl\":\"https:\/\/noticiasemdestaque.com\/cd\/wp-content\/uploads\/2022\/05\/imagem-base-noticiasemdestaque.png\",\"width\":1200,\"height\":630,\"caption\":\"Not\u00edcias em Destaque\"},\"image\":{\"@id\":\"https:\/\/noticiasemdestaque.com\/cd\/#\/schema\/logo\/image\/\"}},{\"@type\":\"Person\",\"@id\":\"https:\/\/noticiasemdestaque.com\/cd\/#\/schema\/person\/21320b03a7e8bb90128938dafc9b908a\",\"name\":\"Not\u00edcias em Destaque\",\"url\":\"https:\/\/noticiasemdestaque.com\/cd\/?author=2\"}]}<\/script>\n<!-- \/ Yoast SEO plugin. -->","yoast_head_json":{"title":"Mais Trabalho 2: Vice-prefeito de Sum\u00e9 participa de evento com Ricardo Coutinho e Jo\u00e3o Azevedo em Campina Grande - Not&iacute;cias em Destaque","robots":{"index":"index","follow":"follow","max-snippet":"max-snippet:-1","max-image-preview":"max-image-preview:large","max-video-preview":"max-video-preview:-1"},"canonical":"https:\/\/noticiasemdestaque.com\/cd\/?p=8252","og_locale":"pt_BR","og_type":"article","og_title":"Mais Trabalho 2: Vice-prefeito de Sum\u00e9 participa de evento com Ricardo Coutinho e Jo\u00e3o Azevedo em Campina Grande - Not&iacute;cias em Destaque","og_description":"O governador Ricardo Coutinho esteve, nesta quarta-feira (28), em Campina Grande, onde autorizou a constru\u00e7\u00e3o de obras e assinou ordem de licita\u00e7\u00e3o para diversas interven\u00e7\u00f5es que ser\u00e3o executadas pela Companhia de \u00c1gua e Esgotos da Para\u00edba (Cagepa) e pela Superintend\u00eancia de Obras do Plano de Desenvolvimento do Estado (Suplan), somando cerca de R$ 100 milh\u00f5es de investimento. A maioria das obras integra o Programa Mais Trabalho 2, lan\u00e7ado este m\u00eas, com quase R$ 210 milh\u00f5es de recursos investidos em diversas \u00e1reas. Tamb\u00e9m estiveram presentes na solenidade o presidente da Assembleia Legislativa da Para\u00edba, Gerv\u00e1sio Maia, deputados estaduais, prefeitos, vereadores e auxiliares do Governo. Durante o encontro o vice-prefeito de Sum\u00e9, Deocleciano Barbosa- Dr\u00f3 esteve representando o prefeito \u00c9den Duarte e dialogando com o governador Ricardo Coutinho e com o secret\u00e1rio de Infraestrutura, Recursos H\u00eddricos, Meio Ambiente, Ci\u00eancia e Tecnologia, Jo\u00e3o Azev\u00eado sobre pleitos para Sum\u00e9. Cariri em Destaque","og_url":"https:\/\/noticiasemdestaque.com\/cd\/?p=8252","og_site_name":"Not&iacute;cias em Destaque","article_published_time":"2018-03-02T01:04:14+00:00","og_image":[{"width":1280,"height":960,"url":"https:\/\/noticiasemdestaque.com\/cd\/wp-content\/uploads\/2018\/03\/5fdeb695-d3f8-43dc-bc3e-21df76b2320f.jpg","type":"image\/jpeg"}],"author":"Not\u00edcias em Destaque","twitter_card":"summary_large_image","twitter_misc":{"Escrito por":"Not\u00edcias em Destaque","Est. tempo de leitura":"1 minuto"},"schema":{"@context":"https:\/\/schema.org","@graph":[{"@type":"Article","@id":"https:\/\/noticiasemdestaque.com\/cd\/?p=8252#article","isPartOf":{"@id":"https:\/\/noticiasemdestaque.com\/cd\/?p=8252"},"author":{"name":"Not\u00edcias em Destaque","@id":"https:\/\/noticiasemdestaque.com\/cd\/#\/schema\/person\/21320b03a7e8bb90128938dafc9b908a"},"headline":"Mais Trabalho 2: Vice-prefeito de Sum\u00e9 participa de evento com Ricardo Coutinho e Jo\u00e3o Azevedo em Campina Grande","datePublished":"2018-03-02T01:04:14+00:00","mainEntityOfPage":{"@id":"https:\/\/noticiasemdestaque.com\/cd\/?p=8252"},"wordCount":181,"publisher":{"@id":"https:\/\/noticiasemdestaque.com\/cd\/#organization"},"image":{"@id":"https:\/\/noticiasemdestaque.com\/cd\/?p=8252#primaryimage"},"thumbnailUrl":"https:\/\/noticiasemdestaque.com\/cd\/wp-content\/uploads\/2018\/03\/5fdeb695-d3f8-43dc-bc3e-21df76b2320f.jpg","articleSection":["Pol\u00edtica"],"inLanguage":"pt-BR"},{"@type":"WebPage","@id":"https:\/\/noticiasemdestaque.com\/cd\/?p=8252","url":"https:\/\/noticiasemdestaque.com\/cd\/?p=8252","name":"Mais Trabalho 2: Vice-prefeito de Sum\u00e9 participa de evento com Ricardo Coutinho e Jo\u00e3o Azevedo em Campina Grande - Not&iacute;cias em Destaque","isPartOf":{"@id":"https:\/\/noticiasemdestaque.com\/cd\/#website"},"primaryImageOfPage":{"@id":"https:\/\/noticiasemdestaque.com\/cd\/?p=8252#primaryimage"},"image":{"@id":"https:\/\/noticiasemdestaque.com\/cd\/?p=8252#primaryimage"},"thumbnailUrl":"https:\/\/noticiasemdestaque.com\/cd\/wp-content\/uploads\/2018\/03\/5fdeb695-d3f8-43dc-bc3e-21df76b2320f.jpg","datePublished":"2018-03-02T01:04:14+00:00","breadcrumb":{"@id":"https:\/\/noticiasemdestaque.com\/cd\/?p=8252#breadcrumb"},"inLanguage":"pt-BR","potentialAction":[{"@type":"ReadAction","target":["https:\/\/noticiasemdestaque.com\/cd\/?p=8252"]}]},{"@type":"ImageObject","inLanguage":"pt-BR","@id":"https:\/\/noticiasemdestaque.com\/cd\/?p=8252#primaryimage","url":"https:\/\/noticiasemdestaque.com\/cd\/wp-content\/uploads\/2018\/03\/5fdeb695-d3f8-43dc-bc3e-21df76b2320f.jpg","contentUrl":"https:\/\/noticiasemdestaque.com\/cd\/wp-content\/uploads\/2018\/03\/5fdeb695-d3f8-43dc-bc3e-21df76b2320f.jpg","width":1280,"height":960},{"@type":"BreadcrumbList","@id":"https:\/\/noticiasemdestaque.com\/cd\/?p=8252#breadcrumb","itemListElement":[{"@type":"ListItem","position":1,"name":"In\u00edcio","item":"https:\/\/noticiasemdestaque.com\/cd\/"},{"@type":"ListItem","position":2,"name":"Mais Trabalho 2: Vice-prefeito de Sum\u00e9 participa de evento com Ricardo Coutinho e Jo\u00e3o Azevedo em Campina Grande"}]},{"@type":"WebSite","@id":"https:\/\/noticiasemdestaque.com\/cd\/#website","url":"https:\/\/noticiasemdestaque.com\/cd\/","name":"Not&iacute;cias em Destaque","description":"","publisher":{"@id":"https:\/\/noticiasemdestaque.com\/cd\/#organization"},"potentialAction":[{"@type":"SearchAction","target":{"@type":"EntryPoint","urlTemplate":"https:\/\/noticiasemdestaque.com\/cd\/?s={search_term_string}"},"query-input":{"@type":"PropertyValueSpecification","valueRequired":true,"valueName":"search_term_string"}}],"inLanguage":"pt-BR"},{"@type":"Organization","@id":"https:\/\/noticiasemdestaque.com\/cd\/#organization","name":"Not\u00edcias em Destaque","url":"https:\/\/noticiasemdestaque.com\/cd\/","logo":{"@type":"ImageObject","inLanguage":"pt-BR","@id":"https:\/\/noticiasemdestaque.com\/cd\/#\/schema\/logo\/image\/","url":"https:\/\/noticiasemdestaque.com\/cd\/wp-content\/uploads\/2022\/05\/imagem-base-noticiasemdestaque.png","contentUrl":"https:\/\/noticiasemdestaque.com\/cd\/wp-content\/uploads\/2022\/05\/imagem-base-noticiasemdestaque.png","width":1200,"height":630,"caption":"Not\u00edcias em Destaque"},"image":{"@id":"https:\/\/noticiasemdestaque.com\/cd\/#\/schema\/logo\/image\/"}},{"@type":"Person","@id":"https:\/\/noticiasemdestaque.com\/cd\/#\/schema\/person\/21320b03a7e8bb90128938dafc9b908a","name":"Not\u00edcias em Destaque","url":"https:\/\/noticiasemdestaque.com\/cd\/?author=2"}]}},"jetpack_featured_media_url":"https:\/\/noticiasemdestaque.com\/cd\/wp-content\/uploads\/2018\/03\/5fdeb695-d3f8-43dc-bc3e-21df76b2320f.jpg","jetpack_sharing_enabled":true,"_links":{"self":[{"href":"https:\/\/noticiasemdestaque.com\/cd\/index.php?rest_route=\/wp\/v2\/posts\/8252","targetHints":{"allow":["GET"]}}],"collection":[{"href":"https:\/\/noticiasemdestaque.com\/cd\/index.php?rest_route=\/wp\/v2\/posts"}],"about":[{"href":"https:\/\/noticiasemdestaque.com\/cd\/index.php?rest_route=\/wp\/v2\/types\/post"}],"author":[{"embeddable":true,"href":"https:\/\/noticiasemdestaque.com\/cd\/index.php?rest_route=\/wp\/v2\/users\/2"}],"replies":[{"embeddable":true,"href":"https:\/\/noticiasemdestaque.com\/cd\/index.php?rest_route=%2Fwp%2Fv2%2Fcomments&post=8252"}],"version-history":[{"count":1,"href":"https:\/\/noticiasemdestaque.com\/cd\/index.php?rest_route=\/wp\/v2\/posts\/8252\/revisions"}],"predecessor-version":[{"id":8256,"href":"https:\/\/noticiasemdestaque.com\/cd\/index.php?rest_route=\/wp\/v2\/posts\/8252\/revisions\/8256"}],"wp:featuredmedia":[{"embeddable":true,"href":"https:\/\/noticiasemdestaque.com\/cd\/index.php?rest_route=\/wp\/v2\/media\/8253"}],"wp:attachment":[{"href":"https:\/\/noticiasemdestaque.com\/cd\/index.php?rest_route=%2Fwp%2Fv2%2Fmedia&parent=8252"}],"wp:term":[{"taxonomy":"category","embeddable":true,"href":"https:\/\/noticiasemdestaque.com\/cd\/index.php?rest_route=%2Fwp%2Fv2%2Fcategories&post=8252"},{"taxonomy":"post_tag","embeddable":true,"href":"https:\/\/noticiasemdestaque.com\/cd\/index.php?rest_route=%2Fwp%2Fv2%2Ftags&post=8252"}],"curies":[{"name":"wp","href":"https:\/\/api.w.org\/{rel}","templated":true}]}}