{"id":8232,"date":"2018-03-01T20:59:38","date_gmt":"2018-03-01T23:59:38","guid":{"rendered":"http:\/\/caririemdestaque.com\/cd\/?p=8232"},"modified":"2018-03-02T07:56:30","modified_gmt":"2018-03-02T10:56:30","slug":"colacao-de-grau-em-separado-semestre-2017-1-e-realizada-no-cdsa","status":"publish","type":"post","link":"https:\/\/noticiasemdestaque.com\/cd\/?p=8232","title":{"rendered":"Cola\u00e7\u00e3o de Grau em separado semestre 2017.1 \u00e9 realizada no CDSA"},"content":{"rendered":"<p><a href=\"http:\/\/caririemdestaque.com\/cd\/wp-content\/uploads\/2018\/03\/colacao2017-1-separado-2.jpg\"><img fetchpriority=\"high\" decoding=\"async\" class=\"size-medium wp-image-8248 alignleft\" src=\"http:\/\/caririemdestaque.com\/cd\/wp-content\/uploads\/2018\/03\/colacao2017-1-separado-2-300x200.jpg\" alt=\"\" width=\"300\" height=\"200\" srcset=\"https:\/\/noticiasemdestaque.com\/cd\/wp-content\/uploads\/2018\/03\/colacao2017-1-separado-2-300x200.jpg 300w, https:\/\/noticiasemdestaque.com\/cd\/wp-content\/uploads\/2018\/03\/colacao2017-1-separado-2-768x512.jpg 768w, https:\/\/noticiasemdestaque.com\/cd\/wp-content\/uploads\/2018\/03\/colacao2017-1-separado-2.jpg 1024w, https:\/\/noticiasemdestaque.com\/cd\/wp-content\/uploads\/2018\/03\/colacao2017-1-separado-2-480x320.jpg 480w\" sizes=\"(max-width: 300px) 100vw, 300px\" \/><\/a>O Centro de Desenvolvimento Sustent\u00e1vel do Semi\u00e1rido da Universidade Federal de Campina Grande realizou na noite da quarta-feira, 28 de fevereiro, no Gin\u00e1sio de Esportes de Sum\u00e9 \u201cO Net\u00e3o\u201d, em Sum\u00e9-PB, a Cola\u00e7\u00e3o de Grau em separado de 29 concluintes do per\u00edodo letivo 2017.1 dos cursos de Licenciatura em Ci\u00eancias Sociais, Engenharia de Biotecnologia e Bioprocessos, Engenharia de Biossistemas, Engenharia de Produ\u00e7\u00e3o e do Curso Superior de Tecnologia em Agroecologia.<\/p>\n<p>O deputado federal Luiz Couto foi o Paraninfo das turmas concluintes. Na oportunidade, o professor do CDSA, Erivan Silva, fez uma apresenta\u00e7\u00e3o musical em homenagem aos concluintes.<\/p>\n<p>Receberam grau em nome dos demais concluintes de seus respectivos cursos, os formandos Rayanne Ketchully de Araujo Lima (Ci\u00eancias Sociais), Welinagila Granjeiro de Sousa (Engenharia de Biossistemas), Arlene Braz da Concei\u00e7\u00e3o Silva (Engenharia de Biotecnologia e Bioprocessos), Gustavo de Albuquerque Barreto (Engenharia de Produ\u00e7\u00e3o) e Michele Mota de Souza (Tecnologia em Agroecologia). O juramento foi proferido pelos estudantes Mirtys Maciel Alves (Ci\u00eancias Sociais), Paolla Ketylly Silva Leite (Engenharia de Biossistemas), Estela Beatriz de Lima Andrade (Engenharia de Biotecnologia e Bioprocessos), Gustavo de Albuquerque Barreto (Engenharia de Produ\u00e7\u00e3o) e Luiz Eduardo Souza Muniz (Tecnologia em Agroecologia).<\/p>\n<p>Comporam a mesa do evento, o reitor da UFCG, Vicem\u00e1rio Sim\u00f5es; o diretor do CDSA, Jos\u00e9 Vanderlan Leite de Oliveira, o vice-diretor do CDSA, Hugo Morais de Alc\u00e2ntara; a coordenadora administrativa da Unidade Acad\u00eamica de Tecnologia do Desenvolvimento, Alecksandra Vieira de Lacerda; o coordenador administrativo da Unidade Acad\u00eamica de Engenharia de Biotecnologia, Franklin Ferreira de Farias N\u00f3brega; coordenadora administrativa da Unidade Acad\u00eamica de Engenharia de Produ\u00e7\u00e3o, Cecir Barbosa de Almeida Farias; o coordenador administrativo da Unidade Acad\u00eamica de Ci\u00eancias Sociais, Wallace Gomes Ferreira de Souza; os coordenadores de curso Ranoel Jos\u00e9 de Sousa Gon\u00e7alves (Engenharia de Biossistemas); Carina Seixas Maia Dornelas (Curso Superior de Tecnologia em Agroecologia); Daniel Oliveira de Farias (Engenharia de Produ\u00e7\u00e3o); Ana Ver\u00f4nica Silva do Nascimento (Engenharia de Biotecnologia e Bioprocessos); Sheylla de Kassia Silva Galv\u00e3o (Ci\u00eancias Sociais) e; a representante do prefeito constitucional do Munic\u00edpio de Sum\u00e9, a senhora Juliana Feitosa da Silva.<\/p>\n<p><strong>O diretor do CDSA<\/strong><\/p>\n<p><a href=\"http:\/\/caririemdestaque.com\/cd\/wp-content\/uploads\/2018\/03\/colacao2017-1-separado-1.jpg\"><img decoding=\"async\" class=\"size-medium wp-image-8247 alignright\" src=\"http:\/\/caririemdestaque.com\/cd\/wp-content\/uploads\/2018\/03\/colacao2017-1-separado-1-300x200.jpg\" alt=\"\" width=\"300\" height=\"200\" srcset=\"https:\/\/noticiasemdestaque.com\/cd\/wp-content\/uploads\/2018\/03\/colacao2017-1-separado-1-300x200.jpg 300w, https:\/\/noticiasemdestaque.com\/cd\/wp-content\/uploads\/2018\/03\/colacao2017-1-separado-1-768x512.jpg 768w, https:\/\/noticiasemdestaque.com\/cd\/wp-content\/uploads\/2018\/03\/colacao2017-1-separado-1.jpg 1024w, https:\/\/noticiasemdestaque.com\/cd\/wp-content\/uploads\/2018\/03\/colacao2017-1-separado-1-480x320.jpg 480w\" sizes=\"(max-width: 300px) 100vw, 300px\" \/><\/a>Em sua sauda\u00e7\u00e3o aos alunos concluintes, o diretor do CDSA, professor Jos\u00e9 Vanderlan Leite de Oliveira, parabenizou os concluintes e familiares, destacando: \u201cEstamos aqui para festejar o fim de um ciclo. Foram cinco longos anos. Voc\u00eas ultrapassarem todas as barreiras e desafios impostos. Quanta ren\u00fancia, quantas provas, trabalhos, relat\u00f3rios, participa\u00e7\u00e3o em projetos, etc. E chegar ate aqui, \u00e9 porque voc\u00eas s\u00e3o vitoriosos. A hist\u00f3ria de voc\u00eas \u00e9 de supera\u00e7\u00e3o, conflitos, quanta press\u00e3o psicol\u00f3gica, de cobran\u00e7as, de responsabilidades, mas com um sentimento \u00fanico de concluir um curso universit\u00e1rio\u201d.<\/p>\n<p>\u201cNesse momento atual a sociedade brasileira se encontra numa situa\u00e7\u00e3o delicada, principalmente pelos desfechos na \u00e1rea da pol\u00edtica, econ\u00f4mica, rela\u00e7\u00f5es de trabalho e profissionais, das institui\u00e7\u00f5es. Todos n\u00f3s estamos intranquilos com o que poder\u00e1 acontecer amanh\u00e3. \u00c9 nesse contexto que voc\u00eas est\u00e3o saindo da vida acad\u00eamica da Universidade e ingressando em uma nova etapa: a vida profissional\u201d, disse.<\/p>\n<p>\u201cN\u00e3o sabemos se tudo isso tende a ser passageiro ou se prolongar\u00e1 por muito tempo, s\u00f3 sei que temos que reagir, antes que seja tarde\u201d. \u201cMas gostaria de dizer que tudo isso e irrelevante quando se luta pelo o que acredita, e por isso que voc\u00eas chegaram ate aqui, porque fizeram a diferen\u00e7a, se distanciaram do trivial, acreditaram e superaram cada etapa e dificuldade. Acreditaram na coragem que cada um carrega dentro de si, na confian\u00e7a da fam\u00edlia e no potencial e credibilidade do CDSA. Por isso, somos tamb\u00e9m agradecidos a voc\u00eas. Desejo a todos que alcancem o t\u00e3o sonhado sucesso na carreira escolhida\u201d, concluiu.<\/p>\n<p><strong>A fala do reitor da UFCG<\/strong><\/p>\n<p><a href=\"http:\/\/caririemdestaque.com\/cd\/wp-content\/uploads\/2018\/03\/colacao2017-1-separado-5.jpg\"><img decoding=\"async\" class=\"size-medium wp-image-8250 alignleft\" src=\"http:\/\/caririemdestaque.com\/cd\/wp-content\/uploads\/2018\/03\/colacao2017-1-separado-5-300x200.jpg\" alt=\"\" width=\"300\" height=\"200\" srcset=\"https:\/\/noticiasemdestaque.com\/cd\/wp-content\/uploads\/2018\/03\/colacao2017-1-separado-5-300x200.jpg 300w, https:\/\/noticiasemdestaque.com\/cd\/wp-content\/uploads\/2018\/03\/colacao2017-1-separado-5-768x512.jpg 768w, https:\/\/noticiasemdestaque.com\/cd\/wp-content\/uploads\/2018\/03\/colacao2017-1-separado-5.jpg 1024w, https:\/\/noticiasemdestaque.com\/cd\/wp-content\/uploads\/2018\/03\/colacao2017-1-separado-5-480x320.jpg 480w\" sizes=\"(max-width: 300px) 100vw, 300px\" \/><\/a>\u201cO Brasil vai precisar nesta d\u00e9cada de mais gente com forma\u00e7\u00e3o superior, mas \u00e9 importante perguntar tamb\u00e9m quem estamos formando e com quais qualifica\u00e7\u00f5es. Seria melhor formar pessoas para a mudan\u00e7a, para o enfrentamento de todas as crises, para evoluir ao longo de sua vida profissional, para transigir entre os v\u00e1rios campos do conhecimento, para saber apostar nas suas compet\u00eancias, para desaprender o que n\u00e3o mais interessa\u201d, iniciou sua fala, o reitor Vicem\u00e1rio Sim\u00f5es.<\/p>\n<p>\u201cNa p\u00f3s-gradua\u00e7\u00e3o temos formado um quantitativo significativo de estudantes e temos um n\u00famero expressivo de pessoas matriculadas em v\u00e1rias \u00e1reas. Mas, precisamos melhorar na qualidade das publica\u00e7\u00f5es, para recebermos mais cita\u00e7\u00f5es e que os resultados gerem patentes e tecnologias. Precisamos abrir as portas para o mundo e arejar o ambiente\u201d, continuou.<\/p>\n<p>\u201cA universidade \u00e9 feita para transformar. Um lugar de muitas vozes para oferecer solu\u00e7\u00f5es, formar quadros qualificados e surpreender pela inova\u00e7\u00e3o. Formar gente para inovar significa romper com os m\u00e9todos tradicionais de ensino aos quais estamos habituados. A Universidade deve se arriscar, e devemos pagar o pre\u00e7o da ousadia\u201d.<\/p>\n<p>\u201cO Brasil sempre foi apontado como o pa\u00eds do futuro, mas precisa, com a m\u00e1xima urg\u00eancia, ser ou tornar-se o &#8220;pa\u00eds do presente&#8221; e, para tal, avan\u00e7ar com mais ousadia e muito mais responsabilidade em dire\u00e7\u00e3o \u00e0s mudan\u00e7as que tanto desejamos\u201d.<\/p>\n<p>\u201cCriticar n\u00e3o basta. Cada um de n\u00f3s, saindo da zona de conforto e da inercia, pode dar alguma contribui\u00e7\u00e3o significativa. Crises s\u00e3o oportunidades de crescimento, tempos de tomada de decis\u00e3o. A sociedade civil pode e deve se apropriar de seu pr\u00f3prio poder, e esta parece ser a mudan\u00e7a mais significativa que estamos vivendo. A cidadania se constr\u00f3i com a participa\u00e7\u00e3o de cada indiv\u00edduo\u201d.<\/p>\n<p>Citando Mahatma Gandhi, o reitor Vicem\u00e1rio Sim\u00f5es falou: &#8220;Seja voc\u00ea a mudan\u00e7a que deseja ver o mundo&#8221;. Em seguida deixou como reflex\u00e3o para os\u00a0 formandos o seguinte: \u201cN\u00e3o escolhemos nossos pais, mas podemos escolher am\u00e1-los e honr\u00e1-los apesar de seus defeitos.N\u00e3o escolhemos nossa na\u00e7\u00e3o, mas podemos escolher torn\u00e1-la mais justa e solid\u00e1ria. N\u00e3o escolhemos o meio ambiente, mas podemos escolher torn\u00e1-lo mais sustent\u00e1vel. N\u00e3o escolhemos o in\u00edcio de nossa educa\u00e7\u00e3o escolar, mas \u00e9 poss\u00edvel escolher usar as informa\u00e7\u00f5es como fonte da arte de pensar. N\u00e3o escolhemos o passado, mas podemos escolher o futuro.\u201d<\/p>\n<p>\u201cOs professores tem como estimular a criatividade e a intelig\u00eancia de seus alunos, para que possamos formar mentes brilhantes e empreendedores proativos\u201d, finalizou.<\/p>\n<p>VEJA MAIS FOTOS NA P\u00c1GINA DO <a href=\"https:\/\/www.facebook.com\/media\/set\/?set=a.1231538446979683.1073741914.1051584748308388&amp;type=3\">CARIRI EM DESTAQUE\u00a0<\/a><\/p>\n<p>https:\/\/www.facebook.com\/media\/set\/?set=a.1231538446979683.1073741914.1051584748308388&#038;type=3<\/p>\n<p>Cariri em Destaque<\/p>\n<p>Com\u00a0Rosenato Barreto \u2013 Assimp CDSA\/UFCG<\/p>\n","protected":false},"excerpt":{"rendered":"<p>O Centro de Desenvolvimento Sustent\u00e1vel do Semi\u00e1rido da Universidade Federal de Campina Grande realizou na noite da quarta-feira, 28 de fevereiro, no Gin\u00e1sio de Esportes de Sum\u00e9 \u201cO Net\u00e3o\u201d, em Sum\u00e9-PB, a Cola\u00e7\u00e3o de Grau em separado de 29 concluintes do per\u00edodo letivo 2017.1 dos cursos de Licenciatura em Ci\u00eancias Sociais, Engenharia de Biotecnologia e Bioprocessos, Engenharia de Biossistemas, Engenharia de Produ\u00e7\u00e3o e do Curso Superior de Tecnologia em Agroecologia. O deputado federal Luiz Couto foi o Paraninfo das turmas concluintes. Na oportunidade, o professor do CDSA, Erivan Silva, fez uma apresenta\u00e7\u00e3o musical em homenagem aos concluintes. Receberam grau em nome dos demais concluintes de seus respectivos cursos, os formandos Rayanne Ketchully de Araujo Lima (Ci\u00eancias Sociais), Welinagila Granjeiro de Sousa (Engenharia de Biossistemas), Arlene Braz da Concei\u00e7\u00e3o Silva (Engenharia de Biotecnologia e Bioprocessos), Gustavo de Albuquerque Barreto (Engenharia de Produ\u00e7\u00e3o) e Michele Mota de Souza (Tecnologia em Agroecologia). O juramento foi proferido pelos estudantes Mirtys Maciel Alves (Ci\u00eancias Sociais), Paolla Ketylly Silva Leite (Engenharia de Biossistemas), Estela Beatriz de Lima Andrade (Engenharia de Biotecnologia e Bioprocessos), Gustavo de Albuquerque Barreto (Engenharia de Produ\u00e7\u00e3o) e Luiz Eduardo Souza Muniz (Tecnologia em Agroecologia). Comporam a mesa do evento, o reitor da UFCG, Vicem\u00e1rio Sim\u00f5es; o diretor do CDSA, Jos\u00e9 Vanderlan Leite de Oliveira, o vice-diretor do CDSA, Hugo Morais de Alc\u00e2ntara; a coordenadora administrativa da Unidade Acad\u00eamica de Tecnologia do Desenvolvimento, Alecksandra Vieira de Lacerda; o coordenador administrativo da Unidade Acad\u00eamica de Engenharia de Biotecnologia, Franklin Ferreira de Farias N\u00f3brega; coordenadora administrativa da Unidade Acad\u00eamica de Engenharia de Produ\u00e7\u00e3o, Cecir Barbosa de Almeida Farias; o coordenador administrativo da Unidade Acad\u00eamica de Ci\u00eancias Sociais, Wallace Gomes Ferreira de Souza; os coordenadores de curso Ranoel Jos\u00e9 de Sousa Gon\u00e7alves (Engenharia de Biossistemas); Carina Seixas Maia Dornelas (Curso Superior de Tecnologia em Agroecologia); Daniel Oliveira de Farias (Engenharia de Produ\u00e7\u00e3o); Ana Ver\u00f4nica Silva do Nascimento (Engenharia de Biotecnologia e Bioprocessos); Sheylla de Kassia Silva Galv\u00e3o (Ci\u00eancias Sociais) e; a representante do prefeito constitucional do Munic\u00edpio de Sum\u00e9, a senhora Juliana Feitosa da Silva. O diretor do CDSA Em sua sauda\u00e7\u00e3o aos alunos concluintes, o diretor do CDSA, professor Jos\u00e9 Vanderlan Leite de Oliveira, parabenizou os concluintes e familiares, destacando: \u201cEstamos aqui para festejar o fim de um ciclo. Foram cinco longos anos. Voc\u00eas ultrapassarem todas as barreiras e desafios impostos. Quanta ren\u00fancia, quantas provas, trabalhos, relat\u00f3rios, participa\u00e7\u00e3o em projetos, etc. E chegar ate aqui, \u00e9 porque voc\u00eas s\u00e3o vitoriosos. A hist\u00f3ria de voc\u00eas \u00e9 de supera\u00e7\u00e3o, conflitos, quanta press\u00e3o psicol\u00f3gica, de cobran\u00e7as, de responsabilidades, mas com um sentimento \u00fanico de concluir um curso universit\u00e1rio\u201d. \u201cNesse momento atual a sociedade brasileira se encontra numa situa\u00e7\u00e3o delicada, principalmente pelos desfechos na \u00e1rea da pol\u00edtica, econ\u00f4mica, rela\u00e7\u00f5es de trabalho e profissionais, das institui\u00e7\u00f5es. Todos n\u00f3s estamos intranquilos com o que poder\u00e1 acontecer amanh\u00e3. \u00c9 nesse contexto que voc\u00eas est\u00e3o saindo da vida acad\u00eamica da Universidade e ingressando em uma nova etapa: a vida profissional\u201d, disse. \u201cN\u00e3o sabemos se tudo isso tende a ser passageiro ou se prolongar\u00e1 por muito tempo, s\u00f3 sei que temos que reagir, antes que seja tarde\u201d. \u201cMas gostaria de dizer que tudo isso e irrelevante quando se luta pelo o que acredita, e por isso que voc\u00eas chegaram ate aqui, porque fizeram a diferen\u00e7a, se distanciaram do trivial, acreditaram e superaram cada etapa e dificuldade. Acreditaram na coragem que cada um carrega dentro de si, na confian\u00e7a da fam\u00edlia e no potencial e credibilidade do CDSA. Por isso, somos tamb\u00e9m agradecidos a voc\u00eas. Desejo a todos que alcancem o t\u00e3o sonhado sucesso na carreira escolhida\u201d, concluiu. A fala do reitor da UFCG \u201cO Brasil vai precisar nesta d\u00e9cada de mais gente com forma\u00e7\u00e3o superior, mas \u00e9 importante perguntar tamb\u00e9m quem estamos formando e com quais qualifica\u00e7\u00f5es. Seria melhor formar pessoas para a mudan\u00e7a, para o enfrentamento de todas as crises, para evoluir ao longo de sua vida profissional, para transigir entre os v\u00e1rios campos do conhecimento, para saber apostar nas suas compet\u00eancias, para desaprender o que n\u00e3o mais interessa\u201d, iniciou sua fala, o reitor Vicem\u00e1rio Sim\u00f5es. \u201cNa p\u00f3s-gradua\u00e7\u00e3o temos formado um quantitativo significativo de estudantes e temos um n\u00famero expressivo de pessoas matriculadas em v\u00e1rias \u00e1reas. Mas, precisamos melhorar na qualidade das publica\u00e7\u00f5es, para recebermos mais cita\u00e7\u00f5es e que os resultados gerem patentes e tecnologias. Precisamos abrir as portas para o mundo e arejar o ambiente\u201d, continuou. \u201cA universidade \u00e9 feita para transformar. Um lugar de muitas vozes para oferecer solu\u00e7\u00f5es, formar quadros qualificados e surpreender pela inova\u00e7\u00e3o. Formar gente para inovar significa romper com os m\u00e9todos tradicionais de ensino aos quais estamos habituados. A Universidade deve se arriscar, e devemos pagar o pre\u00e7o da ousadia\u201d. \u201cO Brasil sempre foi apontado como o pa\u00eds do futuro, mas precisa, com a m\u00e1xima urg\u00eancia, ser ou tornar-se o &#8220;pa\u00eds do presente&#8221; e, para tal, avan\u00e7ar com mais ousadia e muito mais responsabilidade em dire\u00e7\u00e3o \u00e0s mudan\u00e7as que tanto desejamos\u201d. \u201cCriticar n\u00e3o basta. Cada um de n\u00f3s, saindo da zona de conforto e da inercia, pode dar alguma contribui\u00e7\u00e3o significativa. Crises s\u00e3o oportunidades de crescimento, tempos de tomada de decis\u00e3o. A sociedade civil pode e deve se apropriar de seu pr\u00f3prio poder, e esta parece ser a mudan\u00e7a mais significativa que estamos vivendo. A cidadania se constr\u00f3i com a participa\u00e7\u00e3o de cada indiv\u00edduo\u201d. Citando Mahatma Gandhi, o reitor Vicem\u00e1rio Sim\u00f5es falou: &#8220;Seja voc\u00ea a mudan\u00e7a que deseja ver o mundo&#8221;. Em seguida deixou como reflex\u00e3o para os\u00a0 formandos o seguinte: \u201cN\u00e3o escolhemos nossos pais, mas podemos escolher am\u00e1-los e honr\u00e1-los apesar de seus defeitos.N\u00e3o escolhemos nossa na\u00e7\u00e3o, mas podemos escolher torn\u00e1-la mais justa e solid\u00e1ria. N\u00e3o escolhemos o meio ambiente, mas podemos escolher torn\u00e1-lo mais sustent\u00e1vel. N\u00e3o escolhemos o in\u00edcio de nossa educa\u00e7\u00e3o escolar, mas \u00e9 poss\u00edvel escolher usar as informa\u00e7\u00f5es como fonte da arte de pensar. N\u00e3o escolhemos o passado, mas podemos escolher o futuro.\u201d \u201cOs professores tem como estimular a criatividade e a intelig\u00eancia de seus alunos, para que possamos formar mentes brilhantes e empreendedores proativos\u201d, finalizou. VEJA MAIS FOTOS NA P\u00c1GINA DO<\/p>\n","protected":false},"author":2,"featured_media":8249,"comment_status":"closed","ping_status":"open","sticky":false,"template":"","format":"standard","meta":{"_eb_attr":"","_jetpack_memberships_contains_paid_content":false,"footnotes":""},"categories":[6],"tags":[],"class_list":["post-8232","post","type-post","status-publish","format-standard","has-post-thumbnail","hentry","category-educacao"],"yoast_head":"<!-- This site is optimized with the Yoast SEO plugin v26.5 - https:\/\/yoast.com\/wordpress\/plugins\/seo\/ -->\n<title>Cola\u00e7\u00e3o de Grau em separado semestre 2017.1 \u00e9 realizada no CDSA - Not&iacute;cias em Destaque<\/title>\n<meta name=\"robots\" content=\"index, follow, max-snippet:-1, max-image-preview:large, max-video-preview:-1\" \/>\n<link rel=\"canonical\" href=\"https:\/\/noticiasemdestaque.com\/cd\/?p=8232\" \/>\n<meta property=\"og:locale\" content=\"pt_BR\" \/>\n<meta property=\"og:type\" content=\"article\" \/>\n<meta property=\"og:title\" content=\"Cola\u00e7\u00e3o de Grau em separado semestre 2017.1 \u00e9 realizada no CDSA - Not&iacute;cias em Destaque\" \/>\n<meta property=\"og:description\" content=\"O Centro de Desenvolvimento Sustent\u00e1vel do Semi\u00e1rido da Universidade Federal de Campina Grande realizou na noite da quarta-feira, 28 de fevereiro, no Gin\u00e1sio de Esportes de Sum\u00e9 \u201cO Net\u00e3o\u201d, em Sum\u00e9-PB, a Cola\u00e7\u00e3o de Grau em separado de 29 concluintes do per\u00edodo letivo 2017.1 dos cursos de Licenciatura em Ci\u00eancias Sociais, Engenharia de Biotecnologia e Bioprocessos, Engenharia de Biossistemas, Engenharia de Produ\u00e7\u00e3o e do Curso Superior de Tecnologia em Agroecologia. O deputado federal Luiz Couto foi o Paraninfo das turmas concluintes. Na oportunidade, o professor do CDSA, Erivan Silva, fez uma apresenta\u00e7\u00e3o musical em homenagem aos concluintes. Receberam grau em nome dos demais concluintes de seus respectivos cursos, os formandos Rayanne Ketchully de Araujo Lima (Ci\u00eancias Sociais), Welinagila Granjeiro de Sousa (Engenharia de Biossistemas), Arlene Braz da Concei\u00e7\u00e3o Silva (Engenharia de Biotecnologia e Bioprocessos), Gustavo de Albuquerque Barreto (Engenharia de Produ\u00e7\u00e3o) e Michele Mota de Souza (Tecnologia em Agroecologia). O juramento foi proferido pelos estudantes Mirtys Maciel Alves (Ci\u00eancias Sociais), Paolla Ketylly Silva Leite (Engenharia de Biossistemas), Estela Beatriz de Lima Andrade (Engenharia de Biotecnologia e Bioprocessos), Gustavo de Albuquerque Barreto (Engenharia de Produ\u00e7\u00e3o) e Luiz Eduardo Souza Muniz (Tecnologia em Agroecologia). Comporam a mesa do evento, o reitor da UFCG, Vicem\u00e1rio Sim\u00f5es; o diretor do CDSA, Jos\u00e9 Vanderlan Leite de Oliveira, o vice-diretor do CDSA, Hugo Morais de Alc\u00e2ntara; a coordenadora administrativa da Unidade Acad\u00eamica de Tecnologia do Desenvolvimento, Alecksandra Vieira de Lacerda; o coordenador administrativo da Unidade Acad\u00eamica de Engenharia de Biotecnologia, Franklin Ferreira de Farias N\u00f3brega; coordenadora administrativa da Unidade Acad\u00eamica de Engenharia de Produ\u00e7\u00e3o, Cecir Barbosa de Almeida Farias; o coordenador administrativo da Unidade Acad\u00eamica de Ci\u00eancias Sociais, Wallace Gomes Ferreira de Souza; os coordenadores de curso Ranoel Jos\u00e9 de Sousa Gon\u00e7alves (Engenharia de Biossistemas); Carina Seixas Maia Dornelas (Curso Superior de Tecnologia em Agroecologia); Daniel Oliveira de Farias (Engenharia de Produ\u00e7\u00e3o); Ana Ver\u00f4nica Silva do Nascimento (Engenharia de Biotecnologia e Bioprocessos); Sheylla de Kassia Silva Galv\u00e3o (Ci\u00eancias Sociais) e; a representante do prefeito constitucional do Munic\u00edpio de Sum\u00e9, a senhora Juliana Feitosa da Silva. O diretor do CDSA Em sua sauda\u00e7\u00e3o aos alunos concluintes, o diretor do CDSA, professor Jos\u00e9 Vanderlan Leite de Oliveira, parabenizou os concluintes e familiares, destacando: \u201cEstamos aqui para festejar o fim de um ciclo. Foram cinco longos anos. Voc\u00eas ultrapassarem todas as barreiras e desafios impostos. Quanta ren\u00fancia, quantas provas, trabalhos, relat\u00f3rios, participa\u00e7\u00e3o em projetos, etc. E chegar ate aqui, \u00e9 porque voc\u00eas s\u00e3o vitoriosos. A hist\u00f3ria de voc\u00eas \u00e9 de supera\u00e7\u00e3o, conflitos, quanta press\u00e3o psicol\u00f3gica, de cobran\u00e7as, de responsabilidades, mas com um sentimento \u00fanico de concluir um curso universit\u00e1rio\u201d. \u201cNesse momento atual a sociedade brasileira se encontra numa situa\u00e7\u00e3o delicada, principalmente pelos desfechos na \u00e1rea da pol\u00edtica, econ\u00f4mica, rela\u00e7\u00f5es de trabalho e profissionais, das institui\u00e7\u00f5es. Todos n\u00f3s estamos intranquilos com o que poder\u00e1 acontecer amanh\u00e3. \u00c9 nesse contexto que voc\u00eas est\u00e3o saindo da vida acad\u00eamica da Universidade e ingressando em uma nova etapa: a vida profissional\u201d, disse. \u201cN\u00e3o sabemos se tudo isso tende a ser passageiro ou se prolongar\u00e1 por muito tempo, s\u00f3 sei que temos que reagir, antes que seja tarde\u201d. \u201cMas gostaria de dizer que tudo isso e irrelevante quando se luta pelo o que acredita, e por isso que voc\u00eas chegaram ate aqui, porque fizeram a diferen\u00e7a, se distanciaram do trivial, acreditaram e superaram cada etapa e dificuldade. Acreditaram na coragem que cada um carrega dentro de si, na confian\u00e7a da fam\u00edlia e no potencial e credibilidade do CDSA. Por isso, somos tamb\u00e9m agradecidos a voc\u00eas. Desejo a todos que alcancem o t\u00e3o sonhado sucesso na carreira escolhida\u201d, concluiu. A fala do reitor da UFCG \u201cO Brasil vai precisar nesta d\u00e9cada de mais gente com forma\u00e7\u00e3o superior, mas \u00e9 importante perguntar tamb\u00e9m quem estamos formando e com quais qualifica\u00e7\u00f5es. Seria melhor formar pessoas para a mudan\u00e7a, para o enfrentamento de todas as crises, para evoluir ao longo de sua vida profissional, para transigir entre os v\u00e1rios campos do conhecimento, para saber apostar nas suas compet\u00eancias, para desaprender o que n\u00e3o mais interessa\u201d, iniciou sua fala, o reitor Vicem\u00e1rio Sim\u00f5es. \u201cNa p\u00f3s-gradua\u00e7\u00e3o temos formado um quantitativo significativo de estudantes e temos um n\u00famero expressivo de pessoas matriculadas em v\u00e1rias \u00e1reas. Mas, precisamos melhorar na qualidade das publica\u00e7\u00f5es, para recebermos mais cita\u00e7\u00f5es e que os resultados gerem patentes e tecnologias. Precisamos abrir as portas para o mundo e arejar o ambiente\u201d, continuou. \u201cA universidade \u00e9 feita para transformar. Um lugar de muitas vozes para oferecer solu\u00e7\u00f5es, formar quadros qualificados e surpreender pela inova\u00e7\u00e3o. Formar gente para inovar significa romper com os m\u00e9todos tradicionais de ensino aos quais estamos habituados. A Universidade deve se arriscar, e devemos pagar o pre\u00e7o da ousadia\u201d. \u201cO Brasil sempre foi apontado como o pa\u00eds do futuro, mas precisa, com a m\u00e1xima urg\u00eancia, ser ou tornar-se o &#8220;pa\u00eds do presente&#8221; e, para tal, avan\u00e7ar com mais ousadia e muito mais responsabilidade em dire\u00e7\u00e3o \u00e0s mudan\u00e7as que tanto desejamos\u201d. \u201cCriticar n\u00e3o basta. Cada um de n\u00f3s, saindo da zona de conforto e da inercia, pode dar alguma contribui\u00e7\u00e3o significativa. Crises s\u00e3o oportunidades de crescimento, tempos de tomada de decis\u00e3o. A sociedade civil pode e deve se apropriar de seu pr\u00f3prio poder, e esta parece ser a mudan\u00e7a mais significativa que estamos vivendo. A cidadania se constr\u00f3i com a participa\u00e7\u00e3o de cada indiv\u00edduo\u201d. Citando Mahatma Gandhi, o reitor Vicem\u00e1rio Sim\u00f5es falou: &#8220;Seja voc\u00ea a mudan\u00e7a que deseja ver o mundo&#8221;. Em seguida deixou como reflex\u00e3o para os\u00a0 formandos o seguinte: \u201cN\u00e3o escolhemos nossos pais, mas podemos escolher am\u00e1-los e honr\u00e1-los apesar de seus defeitos.N\u00e3o escolhemos nossa na\u00e7\u00e3o, mas podemos escolher torn\u00e1-la mais justa e solid\u00e1ria. N\u00e3o escolhemos o meio ambiente, mas podemos escolher torn\u00e1-lo mais sustent\u00e1vel. N\u00e3o escolhemos o in\u00edcio de nossa educa\u00e7\u00e3o escolar, mas \u00e9 poss\u00edvel escolher usar as informa\u00e7\u00f5es como fonte da arte de pensar. N\u00e3o escolhemos o passado, mas podemos escolher o futuro.\u201d \u201cOs professores tem como estimular a criatividade e a intelig\u00eancia de seus alunos, para que possamos formar mentes brilhantes e empreendedores proativos\u201d, finalizou. VEJA MAIS FOTOS NA P\u00c1GINA DO\" \/>\n<meta property=\"og:url\" content=\"https:\/\/noticiasemdestaque.com\/cd\/?p=8232\" \/>\n<meta property=\"og:site_name\" content=\"Not&iacute;cias em Destaque\" \/>\n<meta property=\"article:published_time\" content=\"2018-03-01T23:59:38+00:00\" \/>\n<meta property=\"article:modified_time\" content=\"2018-03-02T10:56:30+00:00\" \/>\n<meta property=\"og:image\" content=\"https:\/\/noticiasemdestaque.com\/cd\/wp-content\/uploads\/2018\/03\/colacao2017-1-separado-4.jpg\" \/>\n\t<meta property=\"og:image:width\" content=\"1024\" \/>\n\t<meta property=\"og:image:height\" content=\"683\" \/>\n\t<meta property=\"og:image:type\" content=\"image\/jpeg\" \/>\n<meta name=\"author\" content=\"Not\u00edcias em Destaque\" \/>\n<meta name=\"twitter:card\" content=\"summary_large_image\" \/>\n<meta name=\"twitter:label1\" content=\"Escrito por\" \/>\n\t<meta name=\"twitter:data1\" content=\"Not\u00edcias em Destaque\" \/>\n\t<meta name=\"twitter:label2\" content=\"Est. tempo de leitura\" \/>\n\t<meta name=\"twitter:data2\" content=\"6 minutos\" \/>\n<script type=\"application\/ld+json\" class=\"yoast-schema-graph\">{\"@context\":\"https:\/\/schema.org\",\"@graph\":[{\"@type\":\"Article\",\"@id\":\"https:\/\/noticiasemdestaque.com\/cd\/?p=8232#article\",\"isPartOf\":{\"@id\":\"https:\/\/noticiasemdestaque.com\/cd\/?p=8232\"},\"author\":{\"name\":\"Not\u00edcias em Destaque\",\"@id\":\"https:\/\/noticiasemdestaque.com\/cd\/#\/schema\/person\/21320b03a7e8bb90128938dafc9b908a\"},\"headline\":\"Cola\u00e7\u00e3o de Grau em separado semestre 2017.1 \u00e9 realizada no CDSA\",\"datePublished\":\"2018-03-01T23:59:38+00:00\",\"dateModified\":\"2018-03-02T10:56:30+00:00\",\"mainEntityOfPage\":{\"@id\":\"https:\/\/noticiasemdestaque.com\/cd\/?p=8232\"},\"wordCount\":1144,\"publisher\":{\"@id\":\"https:\/\/noticiasemdestaque.com\/cd\/#organization\"},\"image\":{\"@id\":\"https:\/\/noticiasemdestaque.com\/cd\/?p=8232#primaryimage\"},\"thumbnailUrl\":\"https:\/\/noticiasemdestaque.com\/cd\/wp-content\/uploads\/2018\/03\/colacao2017-1-separado-4.jpg\",\"articleSection\":[\"Educa\u00e7\u00e3o\"],\"inLanguage\":\"pt-BR\"},{\"@type\":\"WebPage\",\"@id\":\"https:\/\/noticiasemdestaque.com\/cd\/?p=8232\",\"url\":\"https:\/\/noticiasemdestaque.com\/cd\/?p=8232\",\"name\":\"Cola\u00e7\u00e3o de Grau em separado semestre 2017.1 \u00e9 realizada no CDSA - Not&iacute;cias em Destaque\",\"isPartOf\":{\"@id\":\"https:\/\/noticiasemdestaque.com\/cd\/#website\"},\"primaryImageOfPage\":{\"@id\":\"https:\/\/noticiasemdestaque.com\/cd\/?p=8232#primaryimage\"},\"image\":{\"@id\":\"https:\/\/noticiasemdestaque.com\/cd\/?p=8232#primaryimage\"},\"thumbnailUrl\":\"https:\/\/noticiasemdestaque.com\/cd\/wp-content\/uploads\/2018\/03\/colacao2017-1-separado-4.jpg\",\"datePublished\":\"2018-03-01T23:59:38+00:00\",\"dateModified\":\"2018-03-02T10:56:30+00:00\",\"breadcrumb\":{\"@id\":\"https:\/\/noticiasemdestaque.com\/cd\/?p=8232#breadcrumb\"},\"inLanguage\":\"pt-BR\",\"potentialAction\":[{\"@type\":\"ReadAction\",\"target\":[\"https:\/\/noticiasemdestaque.com\/cd\/?p=8232\"]}]},{\"@type\":\"ImageObject\",\"inLanguage\":\"pt-BR\",\"@id\":\"https:\/\/noticiasemdestaque.com\/cd\/?p=8232#primaryimage\",\"url\":\"https:\/\/noticiasemdestaque.com\/cd\/wp-content\/uploads\/2018\/03\/colacao2017-1-separado-4.jpg\",\"contentUrl\":\"https:\/\/noticiasemdestaque.com\/cd\/wp-content\/uploads\/2018\/03\/colacao2017-1-separado-4.jpg\",\"width\":1024,\"height\":683},{\"@type\":\"BreadcrumbList\",\"@id\":\"https:\/\/noticiasemdestaque.com\/cd\/?p=8232#breadcrumb\",\"itemListElement\":[{\"@type\":\"ListItem\",\"position\":1,\"name\":\"In\u00edcio\",\"item\":\"https:\/\/noticiasemdestaque.com\/cd\/\"},{\"@type\":\"ListItem\",\"position\":2,\"name\":\"Cola\u00e7\u00e3o de Grau em separado semestre 2017.1 \u00e9 realizada no CDSA\"}]},{\"@type\":\"WebSite\",\"@id\":\"https:\/\/noticiasemdestaque.com\/cd\/#website\",\"url\":\"https:\/\/noticiasemdestaque.com\/cd\/\",\"name\":\"Not&iacute;cias em Destaque\",\"description\":\"\",\"publisher\":{\"@id\":\"https:\/\/noticiasemdestaque.com\/cd\/#organization\"},\"potentialAction\":[{\"@type\":\"SearchAction\",\"target\":{\"@type\":\"EntryPoint\",\"urlTemplate\":\"https:\/\/noticiasemdestaque.com\/cd\/?s={search_term_string}\"},\"query-input\":{\"@type\":\"PropertyValueSpecification\",\"valueRequired\":true,\"valueName\":\"search_term_string\"}}],\"inLanguage\":\"pt-BR\"},{\"@type\":\"Organization\",\"@id\":\"https:\/\/noticiasemdestaque.com\/cd\/#organization\",\"name\":\"Not\u00edcias em Destaque\",\"url\":\"https:\/\/noticiasemdestaque.com\/cd\/\",\"logo\":{\"@type\":\"ImageObject\",\"inLanguage\":\"pt-BR\",\"@id\":\"https:\/\/noticiasemdestaque.com\/cd\/#\/schema\/logo\/image\/\",\"url\":\"https:\/\/noticiasemdestaque.com\/cd\/wp-content\/uploads\/2022\/05\/imagem-base-noticiasemdestaque.png\",\"contentUrl\":\"https:\/\/noticiasemdestaque.com\/cd\/wp-content\/uploads\/2022\/05\/imagem-base-noticiasemdestaque.png\",\"width\":1200,\"height\":630,\"caption\":\"Not\u00edcias em Destaque\"},\"image\":{\"@id\":\"https:\/\/noticiasemdestaque.com\/cd\/#\/schema\/logo\/image\/\"}},{\"@type\":\"Person\",\"@id\":\"https:\/\/noticiasemdestaque.com\/cd\/#\/schema\/person\/21320b03a7e8bb90128938dafc9b908a\",\"name\":\"Not\u00edcias em Destaque\",\"url\":\"https:\/\/noticiasemdestaque.com\/cd\/?author=2\"}]}<\/script>\n<!-- \/ Yoast SEO plugin. -->","yoast_head_json":{"title":"Cola\u00e7\u00e3o de Grau em separado semestre 2017.1 \u00e9 realizada no CDSA - Not&iacute;cias em Destaque","robots":{"index":"index","follow":"follow","max-snippet":"max-snippet:-1","max-image-preview":"max-image-preview:large","max-video-preview":"max-video-preview:-1"},"canonical":"https:\/\/noticiasemdestaque.com\/cd\/?p=8232","og_locale":"pt_BR","og_type":"article","og_title":"Cola\u00e7\u00e3o de Grau em separado semestre 2017.1 \u00e9 realizada no CDSA - Not&iacute;cias em Destaque","og_description":"O Centro de Desenvolvimento Sustent\u00e1vel do Semi\u00e1rido da Universidade Federal de Campina Grande realizou na noite da quarta-feira, 28 de fevereiro, no Gin\u00e1sio de Esportes de Sum\u00e9 \u201cO Net\u00e3o\u201d, em Sum\u00e9-PB, a Cola\u00e7\u00e3o de Grau em separado de 29 concluintes do per\u00edodo letivo 2017.1 dos cursos de Licenciatura em Ci\u00eancias Sociais, Engenharia de Biotecnologia e Bioprocessos, Engenharia de Biossistemas, Engenharia de Produ\u00e7\u00e3o e do Curso Superior de Tecnologia em Agroecologia. O deputado federal Luiz Couto foi o Paraninfo das turmas concluintes. Na oportunidade, o professor do CDSA, Erivan Silva, fez uma apresenta\u00e7\u00e3o musical em homenagem aos concluintes. Receberam grau em nome dos demais concluintes de seus respectivos cursos, os formandos Rayanne Ketchully de Araujo Lima (Ci\u00eancias Sociais), Welinagila Granjeiro de Sousa (Engenharia de Biossistemas), Arlene Braz da Concei\u00e7\u00e3o Silva (Engenharia de Biotecnologia e Bioprocessos), Gustavo de Albuquerque Barreto (Engenharia de Produ\u00e7\u00e3o) e Michele Mota de Souza (Tecnologia em Agroecologia). O juramento foi proferido pelos estudantes Mirtys Maciel Alves (Ci\u00eancias Sociais), Paolla Ketylly Silva Leite (Engenharia de Biossistemas), Estela Beatriz de Lima Andrade (Engenharia de Biotecnologia e Bioprocessos), Gustavo de Albuquerque Barreto (Engenharia de Produ\u00e7\u00e3o) e Luiz Eduardo Souza Muniz (Tecnologia em Agroecologia). Comporam a mesa do evento, o reitor da UFCG, Vicem\u00e1rio Sim\u00f5es; o diretor do CDSA, Jos\u00e9 Vanderlan Leite de Oliveira, o vice-diretor do CDSA, Hugo Morais de Alc\u00e2ntara; a coordenadora administrativa da Unidade Acad\u00eamica de Tecnologia do Desenvolvimento, Alecksandra Vieira de Lacerda; o coordenador administrativo da Unidade Acad\u00eamica de Engenharia de Biotecnologia, Franklin Ferreira de Farias N\u00f3brega; coordenadora administrativa da Unidade Acad\u00eamica de Engenharia de Produ\u00e7\u00e3o, Cecir Barbosa de Almeida Farias; o coordenador administrativo da Unidade Acad\u00eamica de Ci\u00eancias Sociais, Wallace Gomes Ferreira de Souza; os coordenadores de curso Ranoel Jos\u00e9 de Sousa Gon\u00e7alves (Engenharia de Biossistemas); Carina Seixas Maia Dornelas (Curso Superior de Tecnologia em Agroecologia); Daniel Oliveira de Farias (Engenharia de Produ\u00e7\u00e3o); Ana Ver\u00f4nica Silva do Nascimento (Engenharia de Biotecnologia e Bioprocessos); Sheylla de Kassia Silva Galv\u00e3o (Ci\u00eancias Sociais) e; a representante do prefeito constitucional do Munic\u00edpio de Sum\u00e9, a senhora Juliana Feitosa da Silva. O diretor do CDSA Em sua sauda\u00e7\u00e3o aos alunos concluintes, o diretor do CDSA, professor Jos\u00e9 Vanderlan Leite de Oliveira, parabenizou os concluintes e familiares, destacando: \u201cEstamos aqui para festejar o fim de um ciclo. Foram cinco longos anos. Voc\u00eas ultrapassarem todas as barreiras e desafios impostos. Quanta ren\u00fancia, quantas provas, trabalhos, relat\u00f3rios, participa\u00e7\u00e3o em projetos, etc. E chegar ate aqui, \u00e9 porque voc\u00eas s\u00e3o vitoriosos. A hist\u00f3ria de voc\u00eas \u00e9 de supera\u00e7\u00e3o, conflitos, quanta press\u00e3o psicol\u00f3gica, de cobran\u00e7as, de responsabilidades, mas com um sentimento \u00fanico de concluir um curso universit\u00e1rio\u201d. \u201cNesse momento atual a sociedade brasileira se encontra numa situa\u00e7\u00e3o delicada, principalmente pelos desfechos na \u00e1rea da pol\u00edtica, econ\u00f4mica, rela\u00e7\u00f5es de trabalho e profissionais, das institui\u00e7\u00f5es. Todos n\u00f3s estamos intranquilos com o que poder\u00e1 acontecer amanh\u00e3. \u00c9 nesse contexto que voc\u00eas est\u00e3o saindo da vida acad\u00eamica da Universidade e ingressando em uma nova etapa: a vida profissional\u201d, disse. \u201cN\u00e3o sabemos se tudo isso tende a ser passageiro ou se prolongar\u00e1 por muito tempo, s\u00f3 sei que temos que reagir, antes que seja tarde\u201d. \u201cMas gostaria de dizer que tudo isso e irrelevante quando se luta pelo o que acredita, e por isso que voc\u00eas chegaram ate aqui, porque fizeram a diferen\u00e7a, se distanciaram do trivial, acreditaram e superaram cada etapa e dificuldade. Acreditaram na coragem que cada um carrega dentro de si, na confian\u00e7a da fam\u00edlia e no potencial e credibilidade do CDSA. Por isso, somos tamb\u00e9m agradecidos a voc\u00eas. Desejo a todos que alcancem o t\u00e3o sonhado sucesso na carreira escolhida\u201d, concluiu. A fala do reitor da UFCG \u201cO Brasil vai precisar nesta d\u00e9cada de mais gente com forma\u00e7\u00e3o superior, mas \u00e9 importante perguntar tamb\u00e9m quem estamos formando e com quais qualifica\u00e7\u00f5es. Seria melhor formar pessoas para a mudan\u00e7a, para o enfrentamento de todas as crises, para evoluir ao longo de sua vida profissional, para transigir entre os v\u00e1rios campos do conhecimento, para saber apostar nas suas compet\u00eancias, para desaprender o que n\u00e3o mais interessa\u201d, iniciou sua fala, o reitor Vicem\u00e1rio Sim\u00f5es. \u201cNa p\u00f3s-gradua\u00e7\u00e3o temos formado um quantitativo significativo de estudantes e temos um n\u00famero expressivo de pessoas matriculadas em v\u00e1rias \u00e1reas. Mas, precisamos melhorar na qualidade das publica\u00e7\u00f5es, para recebermos mais cita\u00e7\u00f5es e que os resultados gerem patentes e tecnologias. Precisamos abrir as portas para o mundo e arejar o ambiente\u201d, continuou. \u201cA universidade \u00e9 feita para transformar. Um lugar de muitas vozes para oferecer solu\u00e7\u00f5es, formar quadros qualificados e surpreender pela inova\u00e7\u00e3o. Formar gente para inovar significa romper com os m\u00e9todos tradicionais de ensino aos quais estamos habituados. A Universidade deve se arriscar, e devemos pagar o pre\u00e7o da ousadia\u201d. \u201cO Brasil sempre foi apontado como o pa\u00eds do futuro, mas precisa, com a m\u00e1xima urg\u00eancia, ser ou tornar-se o &#8220;pa\u00eds do presente&#8221; e, para tal, avan\u00e7ar com mais ousadia e muito mais responsabilidade em dire\u00e7\u00e3o \u00e0s mudan\u00e7as que tanto desejamos\u201d. \u201cCriticar n\u00e3o basta. Cada um de n\u00f3s, saindo da zona de conforto e da inercia, pode dar alguma contribui\u00e7\u00e3o significativa. Crises s\u00e3o oportunidades de crescimento, tempos de tomada de decis\u00e3o. A sociedade civil pode e deve se apropriar de seu pr\u00f3prio poder, e esta parece ser a mudan\u00e7a mais significativa que estamos vivendo. A cidadania se constr\u00f3i com a participa\u00e7\u00e3o de cada indiv\u00edduo\u201d. Citando Mahatma Gandhi, o reitor Vicem\u00e1rio Sim\u00f5es falou: &#8220;Seja voc\u00ea a mudan\u00e7a que deseja ver o mundo&#8221;. Em seguida deixou como reflex\u00e3o para os\u00a0 formandos o seguinte: \u201cN\u00e3o escolhemos nossos pais, mas podemos escolher am\u00e1-los e honr\u00e1-los apesar de seus defeitos.N\u00e3o escolhemos nossa na\u00e7\u00e3o, mas podemos escolher torn\u00e1-la mais justa e solid\u00e1ria. N\u00e3o escolhemos o meio ambiente, mas podemos escolher torn\u00e1-lo mais sustent\u00e1vel. N\u00e3o escolhemos o in\u00edcio de nossa educa\u00e7\u00e3o escolar, mas \u00e9 poss\u00edvel escolher usar as informa\u00e7\u00f5es como fonte da arte de pensar. N\u00e3o escolhemos o passado, mas podemos escolher o futuro.\u201d \u201cOs professores tem como estimular a criatividade e a intelig\u00eancia de seus alunos, para que possamos formar mentes brilhantes e empreendedores proativos\u201d, finalizou. VEJA MAIS FOTOS NA P\u00c1GINA DO","og_url":"https:\/\/noticiasemdestaque.com\/cd\/?p=8232","og_site_name":"Not&iacute;cias em Destaque","article_published_time":"2018-03-01T23:59:38+00:00","article_modified_time":"2018-03-02T10:56:30+00:00","og_image":[{"width":1024,"height":683,"url":"https:\/\/noticiasemdestaque.com\/cd\/wp-content\/uploads\/2018\/03\/colacao2017-1-separado-4.jpg","type":"image\/jpeg"}],"author":"Not\u00edcias em Destaque","twitter_card":"summary_large_image","twitter_misc":{"Escrito por":"Not\u00edcias em Destaque","Est. tempo de leitura":"6 minutos"},"schema":{"@context":"https:\/\/schema.org","@graph":[{"@type":"Article","@id":"https:\/\/noticiasemdestaque.com\/cd\/?p=8232#article","isPartOf":{"@id":"https:\/\/noticiasemdestaque.com\/cd\/?p=8232"},"author":{"name":"Not\u00edcias em Destaque","@id":"https:\/\/noticiasemdestaque.com\/cd\/#\/schema\/person\/21320b03a7e8bb90128938dafc9b908a"},"headline":"Cola\u00e7\u00e3o de Grau em separado semestre 2017.1 \u00e9 realizada no CDSA","datePublished":"2018-03-01T23:59:38+00:00","dateModified":"2018-03-02T10:56:30+00:00","mainEntityOfPage":{"@id":"https:\/\/noticiasemdestaque.com\/cd\/?p=8232"},"wordCount":1144,"publisher":{"@id":"https:\/\/noticiasemdestaque.com\/cd\/#organization"},"image":{"@id":"https:\/\/noticiasemdestaque.com\/cd\/?p=8232#primaryimage"},"thumbnailUrl":"https:\/\/noticiasemdestaque.com\/cd\/wp-content\/uploads\/2018\/03\/colacao2017-1-separado-4.jpg","articleSection":["Educa\u00e7\u00e3o"],"inLanguage":"pt-BR"},{"@type":"WebPage","@id":"https:\/\/noticiasemdestaque.com\/cd\/?p=8232","url":"https:\/\/noticiasemdestaque.com\/cd\/?p=8232","name":"Cola\u00e7\u00e3o de Grau em separado semestre 2017.1 \u00e9 realizada no CDSA - Not&iacute;cias em Destaque","isPartOf":{"@id":"https:\/\/noticiasemdestaque.com\/cd\/#website"},"primaryImageOfPage":{"@id":"https:\/\/noticiasemdestaque.com\/cd\/?p=8232#primaryimage"},"image":{"@id":"https:\/\/noticiasemdestaque.com\/cd\/?p=8232#primaryimage"},"thumbnailUrl":"https:\/\/noticiasemdestaque.com\/cd\/wp-content\/uploads\/2018\/03\/colacao2017-1-separado-4.jpg","datePublished":"2018-03-01T23:59:38+00:00","dateModified":"2018-03-02T10:56:30+00:00","breadcrumb":{"@id":"https:\/\/noticiasemdestaque.com\/cd\/?p=8232#breadcrumb"},"inLanguage":"pt-BR","potentialAction":[{"@type":"ReadAction","target":["https:\/\/noticiasemdestaque.com\/cd\/?p=8232"]}]},{"@type":"ImageObject","inLanguage":"pt-BR","@id":"https:\/\/noticiasemdestaque.com\/cd\/?p=8232#primaryimage","url":"https:\/\/noticiasemdestaque.com\/cd\/wp-content\/uploads\/2018\/03\/colacao2017-1-separado-4.jpg","contentUrl":"https:\/\/noticiasemdestaque.com\/cd\/wp-content\/uploads\/2018\/03\/colacao2017-1-separado-4.jpg","width":1024,"height":683},{"@type":"BreadcrumbList","@id":"https:\/\/noticiasemdestaque.com\/cd\/?p=8232#breadcrumb","itemListElement":[{"@type":"ListItem","position":1,"name":"In\u00edcio","item":"https:\/\/noticiasemdestaque.com\/cd\/"},{"@type":"ListItem","position":2,"name":"Cola\u00e7\u00e3o de Grau em separado semestre 2017.1 \u00e9 realizada no CDSA"}]},{"@type":"WebSite","@id":"https:\/\/noticiasemdestaque.com\/cd\/#website","url":"https:\/\/noticiasemdestaque.com\/cd\/","name":"Not&iacute;cias em Destaque","description":"","publisher":{"@id":"https:\/\/noticiasemdestaque.com\/cd\/#organization"},"potentialAction":[{"@type":"SearchAction","target":{"@type":"EntryPoint","urlTemplate":"https:\/\/noticiasemdestaque.com\/cd\/?s={search_term_string}"},"query-input":{"@type":"PropertyValueSpecification","valueRequired":true,"valueName":"search_term_string"}}],"inLanguage":"pt-BR"},{"@type":"Organization","@id":"https:\/\/noticiasemdestaque.com\/cd\/#organization","name":"Not\u00edcias em Destaque","url":"https:\/\/noticiasemdestaque.com\/cd\/","logo":{"@type":"ImageObject","inLanguage":"pt-BR","@id":"https:\/\/noticiasemdestaque.com\/cd\/#\/schema\/logo\/image\/","url":"https:\/\/noticiasemdestaque.com\/cd\/wp-content\/uploads\/2022\/05\/imagem-base-noticiasemdestaque.png","contentUrl":"https:\/\/noticiasemdestaque.com\/cd\/wp-content\/uploads\/2022\/05\/imagem-base-noticiasemdestaque.png","width":1200,"height":630,"caption":"Not\u00edcias em Destaque"},"image":{"@id":"https:\/\/noticiasemdestaque.com\/cd\/#\/schema\/logo\/image\/"}},{"@type":"Person","@id":"https:\/\/noticiasemdestaque.com\/cd\/#\/schema\/person\/21320b03a7e8bb90128938dafc9b908a","name":"Not\u00edcias em Destaque","url":"https:\/\/noticiasemdestaque.com\/cd\/?author=2"}]}},"jetpack_featured_media_url":"https:\/\/noticiasemdestaque.com\/cd\/wp-content\/uploads\/2018\/03\/colacao2017-1-separado-4.jpg","jetpack_sharing_enabled":true,"_links":{"self":[{"href":"https:\/\/noticiasemdestaque.com\/cd\/index.php?rest_route=\/wp\/v2\/posts\/8232","targetHints":{"allow":["GET"]}}],"collection":[{"href":"https:\/\/noticiasemdestaque.com\/cd\/index.php?rest_route=\/wp\/v2\/posts"}],"about":[{"href":"https:\/\/noticiasemdestaque.com\/cd\/index.php?rest_route=\/wp\/v2\/types\/post"}],"author":[{"embeddable":true,"href":"https:\/\/noticiasemdestaque.com\/cd\/index.php?rest_route=\/wp\/v2\/users\/2"}],"replies":[{"embeddable":true,"href":"https:\/\/noticiasemdestaque.com\/cd\/index.php?rest_route=%2Fwp%2Fv2%2Fcomments&post=8232"}],"version-history":[{"count":1,"href":"https:\/\/noticiasemdestaque.com\/cd\/index.php?rest_route=\/wp\/v2\/posts\/8232\/revisions"}],"predecessor-version":[{"id":8251,"href":"https:\/\/noticiasemdestaque.com\/cd\/index.php?rest_route=\/wp\/v2\/posts\/8232\/revisions\/8251"}],"wp:featuredmedia":[{"embeddable":true,"href":"https:\/\/noticiasemdestaque.com\/cd\/index.php?rest_route=\/wp\/v2\/media\/8249"}],"wp:attachment":[{"href":"https:\/\/noticiasemdestaque.com\/cd\/index.php?rest_route=%2Fwp%2Fv2%2Fmedia&parent=8232"}],"wp:term":[{"taxonomy":"category","embeddable":true,"href":"https:\/\/noticiasemdestaque.com\/cd\/index.php?rest_route=%2Fwp%2Fv2%2Fcategories&post=8232"},{"taxonomy":"post_tag","embeddable":true,"href":"https:\/\/noticiasemdestaque.com\/cd\/index.php?rest_route=%2Fwp%2Fv2%2Ftags&post=8232"}],"curies":[{"name":"wp","href":"https:\/\/api.w.org\/{rel}","templated":true}]}}