{"id":8224,"date":"2018-03-01T11:06:36","date_gmt":"2018-03-01T14:06:36","guid":{"rendered":"http:\/\/caririemdestaque.com\/cd\/?p=8224"},"modified":"2018-03-01T11:06:36","modified_gmt":"2018-03-01T14:06:36","slug":"brasil-tem-gravidez-na-adolescencia-acima-da-media-latino-americana-diz-oms","status":"publish","type":"post","link":"https:\/\/noticiasemdestaque.com\/cd\/?p=8224","title":{"rendered":"Brasil tem gravidez na adolesc\u00eancia acima da m\u00e9dia latino-americana, diz OMS"},"content":{"rendered":"<p><a href=\"http:\/\/caririemdestaque.com\/cd\/wp-content\/uploads\/2018\/03\/gravidas_perfil.jpg\"><img fetchpriority=\"high\" decoding=\"async\" class=\"size-medium wp-image-8225 alignleft\" src=\"http:\/\/caririemdestaque.com\/cd\/wp-content\/uploads\/2018\/03\/gravidas_perfil-300x225.jpg\" alt=\"\" width=\"300\" height=\"225\" srcset=\"https:\/\/noticiasemdestaque.com\/cd\/wp-content\/uploads\/2018\/03\/gravidas_perfil-300x225.jpg 300w, https:\/\/noticiasemdestaque.com\/cd\/wp-content\/uploads\/2018\/03\/gravidas_perfil-768x576.jpg 768w, https:\/\/noticiasemdestaque.com\/cd\/wp-content\/uploads\/2018\/03\/gravidas_perfil-640x480.jpg 640w, https:\/\/noticiasemdestaque.com\/cd\/wp-content\/uploads\/2018\/03\/gravidas_perfil-200x150.jpg 200w, https:\/\/noticiasemdestaque.com\/cd\/wp-content\/uploads\/2018\/03\/gravidas_perfil.jpg 984w\" sizes=\"(max-width: 300px) 100vw, 300px\" \/><\/a>Brasil tem 68,4 beb\u00eas nascidos de m\u00e3es adolescentes a cada mil meninas de 15 a 19 anos, diz relat\u00f3rio da Organiza\u00e7\u00e3o Mundial da Sa\u00fade.<\/p>\n<p style=\"font-style: inherit; font-weight: inherit;\" data-track-category=\"Link no Texto\" data-track-links=\"\">O \u00edndice brasileiro est\u00e1 acima da m\u00e9dia latino-americana, estimada em 65,5. No mundo, a m\u00e9dia \u00e9 de 46 nascimentos a cada mil.<\/p>\n<p>&nbsp;<\/p>\n<p style=\"font-style: inherit; font-weight: inherit;\" data-track-category=\"Link no Texto\" data-track-links=\"\">Em pa\u00edses como os Estados Unidos, o \u00edndice \u00e9 de 22,3 nascimentos a cada 1 mil adolescentes de 15 a 19 anos.<\/p>\n<p style=\"font-style: inherit; font-weight: inherit;\" data-track-category=\"Link no Texto\" data-track-links=\"\">O relat\u00f3rio da OMS foi divulgado na quarta-feira (28) e as taxas se referem ao \u00faltimo per\u00edodo analisado &#8211; entre 2010 e 2015.<\/p>\n<p style=\"font-style: inherit; font-weight: inherit;\" data-track-category=\"Link no Texto\" data-track-links=\"\">Um outro ponto divulgado pela entidade \u00e9 que a Am\u00e9rica Latina \u00e9 a \u00fanica regi\u00e3o do mundo com uma tend\u00eancia crescente de gravidez entre adolescentes menores de 15 anos.<\/p>\n<p>&nbsp;<\/p>\n<p>\u201cN\u00e3o apenas cria obst\u00e1culos para seu desenvolvimento psicossocial, como se associa a resultados deficientes na sa\u00fade e a um maior risco de morte materna. Al\u00e9m disso, seus filhos t\u00eam mais risco de ter uma sa\u00fade mais fr\u00e1gil e cair na pobreza\u201d, continua Carissa.<\/p>\n<p>Tamb\u00e9m o documento indica que, apesar de a fecundidade total na Am\u00e9rica Latina ter diminu\u00eddo nos \u00faltimos 30 anos, o mesmo ritmo n\u00e3o foi observado nas gesta\u00e7\u00f5es de adolescentes.<\/p>\n<p>A taxa total de fecundidade na Am\u00e9rica Latina e no Caribe caiu de 3,95 nascimentos por mulher no per\u00edodo de 1980-1985 para 2,15 nascimentos por mulher em 2010-2015.<\/p>\n<p><strong>Principal causa de morte<\/strong><\/p>\n<p>Segundo o relat\u00f3rio, a mortalidade materna \u00e9 uma das principais causas da morte entre adolescentes e jovens de 15 a 24 anos na regi\u00e3o das Am\u00e9ricas.<\/p>\n<p>Ainda, globalmente, o risco de morte materna se duplica entre m\u00e3es com menos de 15 anos em pa\u00edses de baixa e m\u00e9dia renda.<\/p>\n<p><strong>Recomenda\u00e7\u00f5es para diminui\u00e7\u00e3o de casos<\/strong><\/p>\n<p>A entidade exorta que os pa\u00edses com taxas altas apoiem programas dirigidos para mulheres em maior vulnerabilidade para gesta\u00e7\u00f5es precoces.<\/p>\n<p>Tamb\u00e9m h\u00e1 a recomenda\u00e7\u00e3o para que se expanda o acesso a m\u00e9todos anticoncepcionais e que sejam iniciados programas de educa\u00e7\u00e3o sexual para homens e mulheres.<\/p>\n<p>O relat\u00f3rio sugere ainda que se promovam medidas e normas que pro\u00edbam o casamento infantil e as uni\u00f5es precoces antes dos 18 anos.<\/p>\n<p>Outras medidas de preven\u00e7\u00e3o indicadas no relat\u00f3rio incluem prevenir as rela\u00e7\u00f5es sexuais sob coa\u00e7\u00e3o e manter um entorno favor\u00e1vel para a igualdade de g\u00eanero.<\/p>\n<p>&nbsp;<\/p>\n<p>Cariri em Destaque com G1<\/p>\n","protected":false},"excerpt":{"rendered":"<p>Brasil tem 68,4 beb\u00eas nascidos de m\u00e3es adolescentes a cada mil meninas de 15 a 19 anos, diz relat\u00f3rio da Organiza\u00e7\u00e3o Mundial da Sa\u00fade. O \u00edndice brasileiro est\u00e1 acima da m\u00e9dia latino-americana, estimada em 65,5. No mundo, a m\u00e9dia \u00e9 de 46 nascimentos a cada mil. &nbsp; Em pa\u00edses como os Estados Unidos, o \u00edndice \u00e9 de 22,3 nascimentos a cada 1 mil adolescentes de 15 a 19 anos. O relat\u00f3rio da OMS foi divulgado na quarta-feira (28) e as taxas se referem ao \u00faltimo per\u00edodo analisado &#8211; entre 2010 e 2015. Um outro ponto divulgado pela entidade \u00e9 que a Am\u00e9rica Latina \u00e9 a \u00fanica regi\u00e3o do mundo com uma tend\u00eancia crescente de gravidez entre adolescentes menores de 15 anos. &nbsp; \u201cN\u00e3o apenas cria obst\u00e1culos para seu desenvolvimento psicossocial, como se associa a resultados deficientes na sa\u00fade e a um maior risco de morte materna. Al\u00e9m disso, seus filhos t\u00eam mais risco de ter uma sa\u00fade mais fr\u00e1gil e cair na pobreza\u201d, continua Carissa. Tamb\u00e9m o documento indica que, apesar de a fecundidade total na Am\u00e9rica Latina ter diminu\u00eddo nos \u00faltimos 30 anos, o mesmo ritmo n\u00e3o foi observado nas gesta\u00e7\u00f5es de adolescentes. A taxa total de fecundidade na Am\u00e9rica Latina e no Caribe caiu de 3,95 nascimentos por mulher no per\u00edodo de 1980-1985 para 2,15 nascimentos por mulher em 2010-2015. Principal causa de morte Segundo o relat\u00f3rio, a mortalidade materna \u00e9 uma das principais causas da morte entre adolescentes e jovens de 15 a 24 anos na regi\u00e3o das Am\u00e9ricas. Ainda, globalmente, o risco de morte materna se duplica entre m\u00e3es com menos de 15 anos em pa\u00edses de baixa e m\u00e9dia renda. Recomenda\u00e7\u00f5es para diminui\u00e7\u00e3o de casos A entidade exorta que os pa\u00edses com taxas altas apoiem programas dirigidos para mulheres em maior vulnerabilidade para gesta\u00e7\u00f5es precoces. Tamb\u00e9m h\u00e1 a recomenda\u00e7\u00e3o para que se expanda o acesso a m\u00e9todos anticoncepcionais e que sejam iniciados programas de educa\u00e7\u00e3o sexual para homens e mulheres. O relat\u00f3rio sugere ainda que se promovam medidas e normas que pro\u00edbam o casamento infantil e as uni\u00f5es precoces antes dos 18 anos. Outras medidas de preven\u00e7\u00e3o indicadas no relat\u00f3rio incluem prevenir as rela\u00e7\u00f5es sexuais sob coa\u00e7\u00e3o e manter um entorno favor\u00e1vel para a igualdade de g\u00eanero. &nbsp; Cariri em Destaque com G1<\/p>\n","protected":false},"author":2,"featured_media":8225,"comment_status":"closed","ping_status":"open","sticky":false,"template":"","format":"standard","meta":{"_eb_attr":"","_jetpack_memberships_contains_paid_content":false,"footnotes":""},"categories":[8],"tags":[],"class_list":["post-8224","post","type-post","status-publish","format-standard","has-post-thumbnail","hentry","category-saude"],"yoast_head":"<!-- This site is optimized with the Yoast SEO plugin v26.5 - https:\/\/yoast.com\/wordpress\/plugins\/seo\/ -->\n<title>Brasil tem gravidez na adolesc\u00eancia acima da m\u00e9dia latino-americana, diz OMS - Not&iacute;cias em Destaque<\/title>\n<meta name=\"robots\" content=\"index, follow, max-snippet:-1, max-image-preview:large, max-video-preview:-1\" \/>\n<link rel=\"canonical\" href=\"https:\/\/noticiasemdestaque.com\/cd\/?p=8224\" \/>\n<meta property=\"og:locale\" content=\"pt_BR\" \/>\n<meta property=\"og:type\" content=\"article\" \/>\n<meta property=\"og:title\" content=\"Brasil tem gravidez na adolesc\u00eancia acima da m\u00e9dia latino-americana, diz OMS - Not&iacute;cias em Destaque\" \/>\n<meta property=\"og:description\" content=\"Brasil tem 68,4 beb\u00eas nascidos de m\u00e3es adolescentes a cada mil meninas de 15 a 19 anos, diz relat\u00f3rio da Organiza\u00e7\u00e3o Mundial da Sa\u00fade. O \u00edndice brasileiro est\u00e1 acima da m\u00e9dia latino-americana, estimada em 65,5. No mundo, a m\u00e9dia \u00e9 de 46 nascimentos a cada mil. &nbsp; Em pa\u00edses como os Estados Unidos, o \u00edndice \u00e9 de 22,3 nascimentos a cada 1 mil adolescentes de 15 a 19 anos. O relat\u00f3rio da OMS foi divulgado na quarta-feira (28) e as taxas se referem ao \u00faltimo per\u00edodo analisado &#8211; entre 2010 e 2015. Um outro ponto divulgado pela entidade \u00e9 que a Am\u00e9rica Latina \u00e9 a \u00fanica regi\u00e3o do mundo com uma tend\u00eancia crescente de gravidez entre adolescentes menores de 15 anos. &nbsp; \u201cN\u00e3o apenas cria obst\u00e1culos para seu desenvolvimento psicossocial, como se associa a resultados deficientes na sa\u00fade e a um maior risco de morte materna. Al\u00e9m disso, seus filhos t\u00eam mais risco de ter uma sa\u00fade mais fr\u00e1gil e cair na pobreza\u201d, continua Carissa. Tamb\u00e9m o documento indica que, apesar de a fecundidade total na Am\u00e9rica Latina ter diminu\u00eddo nos \u00faltimos 30 anos, o mesmo ritmo n\u00e3o foi observado nas gesta\u00e7\u00f5es de adolescentes. A taxa total de fecundidade na Am\u00e9rica Latina e no Caribe caiu de 3,95 nascimentos por mulher no per\u00edodo de 1980-1985 para 2,15 nascimentos por mulher em 2010-2015. Principal causa de morte Segundo o relat\u00f3rio, a mortalidade materna \u00e9 uma das principais causas da morte entre adolescentes e jovens de 15 a 24 anos na regi\u00e3o das Am\u00e9ricas. Ainda, globalmente, o risco de morte materna se duplica entre m\u00e3es com menos de 15 anos em pa\u00edses de baixa e m\u00e9dia renda. Recomenda\u00e7\u00f5es para diminui\u00e7\u00e3o de casos A entidade exorta que os pa\u00edses com taxas altas apoiem programas dirigidos para mulheres em maior vulnerabilidade para gesta\u00e7\u00f5es precoces. Tamb\u00e9m h\u00e1 a recomenda\u00e7\u00e3o para que se expanda o acesso a m\u00e9todos anticoncepcionais e que sejam iniciados programas de educa\u00e7\u00e3o sexual para homens e mulheres. O relat\u00f3rio sugere ainda que se promovam medidas e normas que pro\u00edbam o casamento infantil e as uni\u00f5es precoces antes dos 18 anos. Outras medidas de preven\u00e7\u00e3o indicadas no relat\u00f3rio incluem prevenir as rela\u00e7\u00f5es sexuais sob coa\u00e7\u00e3o e manter um entorno favor\u00e1vel para a igualdade de g\u00eanero. &nbsp; Cariri em Destaque com G1\" \/>\n<meta property=\"og:url\" content=\"https:\/\/noticiasemdestaque.com\/cd\/?p=8224\" \/>\n<meta property=\"og:site_name\" content=\"Not&iacute;cias em Destaque\" \/>\n<meta property=\"article:published_time\" content=\"2018-03-01T14:06:36+00:00\" \/>\n<meta property=\"og:image\" content=\"https:\/\/noticiasemdestaque.com\/cd\/wp-content\/uploads\/2018\/03\/gravidas_perfil.jpg\" \/>\n\t<meta property=\"og:image:width\" content=\"984\" \/>\n\t<meta property=\"og:image:height\" content=\"738\" \/>\n\t<meta property=\"og:image:type\" content=\"image\/jpeg\" \/>\n<meta name=\"author\" content=\"Not\u00edcias em Destaque\" \/>\n<meta name=\"twitter:card\" content=\"summary_large_image\" \/>\n<meta name=\"twitter:label1\" content=\"Escrito por\" \/>\n\t<meta name=\"twitter:data1\" content=\"Not\u00edcias em Destaque\" \/>\n\t<meta name=\"twitter:label2\" content=\"Est. tempo de leitura\" \/>\n\t<meta name=\"twitter:data2\" content=\"2 minutos\" \/>\n<script type=\"application\/ld+json\" class=\"yoast-schema-graph\">{\"@context\":\"https:\/\/schema.org\",\"@graph\":[{\"@type\":\"Article\",\"@id\":\"https:\/\/noticiasemdestaque.com\/cd\/?p=8224#article\",\"isPartOf\":{\"@id\":\"https:\/\/noticiasemdestaque.com\/cd\/?p=8224\"},\"author\":{\"name\":\"Not\u00edcias em Destaque\",\"@id\":\"https:\/\/noticiasemdestaque.com\/cd\/#\/schema\/person\/21320b03a7e8bb90128938dafc9b908a\"},\"headline\":\"Brasil tem gravidez na adolesc\u00eancia acima da m\u00e9dia latino-americana, diz OMS\",\"datePublished\":\"2018-03-01T14:06:36+00:00\",\"mainEntityOfPage\":{\"@id\":\"https:\/\/noticiasemdestaque.com\/cd\/?p=8224\"},\"wordCount\":416,\"publisher\":{\"@id\":\"https:\/\/noticiasemdestaque.com\/cd\/#organization\"},\"image\":{\"@id\":\"https:\/\/noticiasemdestaque.com\/cd\/?p=8224#primaryimage\"},\"thumbnailUrl\":\"https:\/\/noticiasemdestaque.com\/cd\/wp-content\/uploads\/2018\/03\/gravidas_perfil.jpg\",\"articleSection\":[\"Sa\u00fade\"],\"inLanguage\":\"pt-BR\"},{\"@type\":\"WebPage\",\"@id\":\"https:\/\/noticiasemdestaque.com\/cd\/?p=8224\",\"url\":\"https:\/\/noticiasemdestaque.com\/cd\/?p=8224\",\"name\":\"Brasil tem gravidez na adolesc\u00eancia acima da m\u00e9dia latino-americana, diz OMS - Not&iacute;cias em Destaque\",\"isPartOf\":{\"@id\":\"https:\/\/noticiasemdestaque.com\/cd\/#website\"},\"primaryImageOfPage\":{\"@id\":\"https:\/\/noticiasemdestaque.com\/cd\/?p=8224#primaryimage\"},\"image\":{\"@id\":\"https:\/\/noticiasemdestaque.com\/cd\/?p=8224#primaryimage\"},\"thumbnailUrl\":\"https:\/\/noticiasemdestaque.com\/cd\/wp-content\/uploads\/2018\/03\/gravidas_perfil.jpg\",\"datePublished\":\"2018-03-01T14:06:36+00:00\",\"breadcrumb\":{\"@id\":\"https:\/\/noticiasemdestaque.com\/cd\/?p=8224#breadcrumb\"},\"inLanguage\":\"pt-BR\",\"potentialAction\":[{\"@type\":\"ReadAction\",\"target\":[\"https:\/\/noticiasemdestaque.com\/cd\/?p=8224\"]}]},{\"@type\":\"ImageObject\",\"inLanguage\":\"pt-BR\",\"@id\":\"https:\/\/noticiasemdestaque.com\/cd\/?p=8224#primaryimage\",\"url\":\"https:\/\/noticiasemdestaque.com\/cd\/wp-content\/uploads\/2018\/03\/gravidas_perfil.jpg\",\"contentUrl\":\"https:\/\/noticiasemdestaque.com\/cd\/wp-content\/uploads\/2018\/03\/gravidas_perfil.jpg\",\"width\":984,\"height\":738},{\"@type\":\"BreadcrumbList\",\"@id\":\"https:\/\/noticiasemdestaque.com\/cd\/?p=8224#breadcrumb\",\"itemListElement\":[{\"@type\":\"ListItem\",\"position\":1,\"name\":\"In\u00edcio\",\"item\":\"https:\/\/noticiasemdestaque.com\/cd\/\"},{\"@type\":\"ListItem\",\"position\":2,\"name\":\"Brasil tem gravidez na adolesc\u00eancia acima da m\u00e9dia latino-americana, diz OMS\"}]},{\"@type\":\"WebSite\",\"@id\":\"https:\/\/noticiasemdestaque.com\/cd\/#website\",\"url\":\"https:\/\/noticiasemdestaque.com\/cd\/\",\"name\":\"Not&iacute;cias em Destaque\",\"description\":\"\",\"publisher\":{\"@id\":\"https:\/\/noticiasemdestaque.com\/cd\/#organization\"},\"potentialAction\":[{\"@type\":\"SearchAction\",\"target\":{\"@type\":\"EntryPoint\",\"urlTemplate\":\"https:\/\/noticiasemdestaque.com\/cd\/?s={search_term_string}\"},\"query-input\":{\"@type\":\"PropertyValueSpecification\",\"valueRequired\":true,\"valueName\":\"search_term_string\"}}],\"inLanguage\":\"pt-BR\"},{\"@type\":\"Organization\",\"@id\":\"https:\/\/noticiasemdestaque.com\/cd\/#organization\",\"name\":\"Not\u00edcias em Destaque\",\"url\":\"https:\/\/noticiasemdestaque.com\/cd\/\",\"logo\":{\"@type\":\"ImageObject\",\"inLanguage\":\"pt-BR\",\"@id\":\"https:\/\/noticiasemdestaque.com\/cd\/#\/schema\/logo\/image\/\",\"url\":\"https:\/\/noticiasemdestaque.com\/cd\/wp-content\/uploads\/2022\/05\/imagem-base-noticiasemdestaque.png\",\"contentUrl\":\"https:\/\/noticiasemdestaque.com\/cd\/wp-content\/uploads\/2022\/05\/imagem-base-noticiasemdestaque.png\",\"width\":1200,\"height\":630,\"caption\":\"Not\u00edcias em Destaque\"},\"image\":{\"@id\":\"https:\/\/noticiasemdestaque.com\/cd\/#\/schema\/logo\/image\/\"}},{\"@type\":\"Person\",\"@id\":\"https:\/\/noticiasemdestaque.com\/cd\/#\/schema\/person\/21320b03a7e8bb90128938dafc9b908a\",\"name\":\"Not\u00edcias em Destaque\",\"url\":\"https:\/\/noticiasemdestaque.com\/cd\/?author=2\"}]}<\/script>\n<!-- \/ Yoast SEO plugin. -->","yoast_head_json":{"title":"Brasil tem gravidez na adolesc\u00eancia acima da m\u00e9dia latino-americana, diz OMS - Not&iacute;cias em Destaque","robots":{"index":"index","follow":"follow","max-snippet":"max-snippet:-1","max-image-preview":"max-image-preview:large","max-video-preview":"max-video-preview:-1"},"canonical":"https:\/\/noticiasemdestaque.com\/cd\/?p=8224","og_locale":"pt_BR","og_type":"article","og_title":"Brasil tem gravidez na adolesc\u00eancia acima da m\u00e9dia latino-americana, diz OMS - Not&iacute;cias em Destaque","og_description":"Brasil tem 68,4 beb\u00eas nascidos de m\u00e3es adolescentes a cada mil meninas de 15 a 19 anos, diz relat\u00f3rio da Organiza\u00e7\u00e3o Mundial da Sa\u00fade. O \u00edndice brasileiro est\u00e1 acima da m\u00e9dia latino-americana, estimada em 65,5. No mundo, a m\u00e9dia \u00e9 de 46 nascimentos a cada mil. &nbsp; Em pa\u00edses como os Estados Unidos, o \u00edndice \u00e9 de 22,3 nascimentos a cada 1 mil adolescentes de 15 a 19 anos. O relat\u00f3rio da OMS foi divulgado na quarta-feira (28) e as taxas se referem ao \u00faltimo per\u00edodo analisado &#8211; entre 2010 e 2015. Um outro ponto divulgado pela entidade \u00e9 que a Am\u00e9rica Latina \u00e9 a \u00fanica regi\u00e3o do mundo com uma tend\u00eancia crescente de gravidez entre adolescentes menores de 15 anos. &nbsp; \u201cN\u00e3o apenas cria obst\u00e1culos para seu desenvolvimento psicossocial, como se associa a resultados deficientes na sa\u00fade e a um maior risco de morte materna. Al\u00e9m disso, seus filhos t\u00eam mais risco de ter uma sa\u00fade mais fr\u00e1gil e cair na pobreza\u201d, continua Carissa. Tamb\u00e9m o documento indica que, apesar de a fecundidade total na Am\u00e9rica Latina ter diminu\u00eddo nos \u00faltimos 30 anos, o mesmo ritmo n\u00e3o foi observado nas gesta\u00e7\u00f5es de adolescentes. A taxa total de fecundidade na Am\u00e9rica Latina e no Caribe caiu de 3,95 nascimentos por mulher no per\u00edodo de 1980-1985 para 2,15 nascimentos por mulher em 2010-2015. Principal causa de morte Segundo o relat\u00f3rio, a mortalidade materna \u00e9 uma das principais causas da morte entre adolescentes e jovens de 15 a 24 anos na regi\u00e3o das Am\u00e9ricas. Ainda, globalmente, o risco de morte materna se duplica entre m\u00e3es com menos de 15 anos em pa\u00edses de baixa e m\u00e9dia renda. Recomenda\u00e7\u00f5es para diminui\u00e7\u00e3o de casos A entidade exorta que os pa\u00edses com taxas altas apoiem programas dirigidos para mulheres em maior vulnerabilidade para gesta\u00e7\u00f5es precoces. Tamb\u00e9m h\u00e1 a recomenda\u00e7\u00e3o para que se expanda o acesso a m\u00e9todos anticoncepcionais e que sejam iniciados programas de educa\u00e7\u00e3o sexual para homens e mulheres. O relat\u00f3rio sugere ainda que se promovam medidas e normas que pro\u00edbam o casamento infantil e as uni\u00f5es precoces antes dos 18 anos. Outras medidas de preven\u00e7\u00e3o indicadas no relat\u00f3rio incluem prevenir as rela\u00e7\u00f5es sexuais sob coa\u00e7\u00e3o e manter um entorno favor\u00e1vel para a igualdade de g\u00eanero. &nbsp; Cariri em Destaque com G1","og_url":"https:\/\/noticiasemdestaque.com\/cd\/?p=8224","og_site_name":"Not&iacute;cias em Destaque","article_published_time":"2018-03-01T14:06:36+00:00","og_image":[{"width":984,"height":738,"url":"https:\/\/noticiasemdestaque.com\/cd\/wp-content\/uploads\/2018\/03\/gravidas_perfil.jpg","type":"image\/jpeg"}],"author":"Not\u00edcias em Destaque","twitter_card":"summary_large_image","twitter_misc":{"Escrito por":"Not\u00edcias em Destaque","Est. tempo de leitura":"2 minutos"},"schema":{"@context":"https:\/\/schema.org","@graph":[{"@type":"Article","@id":"https:\/\/noticiasemdestaque.com\/cd\/?p=8224#article","isPartOf":{"@id":"https:\/\/noticiasemdestaque.com\/cd\/?p=8224"},"author":{"name":"Not\u00edcias em Destaque","@id":"https:\/\/noticiasemdestaque.com\/cd\/#\/schema\/person\/21320b03a7e8bb90128938dafc9b908a"},"headline":"Brasil tem gravidez na adolesc\u00eancia acima da m\u00e9dia latino-americana, diz OMS","datePublished":"2018-03-01T14:06:36+00:00","mainEntityOfPage":{"@id":"https:\/\/noticiasemdestaque.com\/cd\/?p=8224"},"wordCount":416,"publisher":{"@id":"https:\/\/noticiasemdestaque.com\/cd\/#organization"},"image":{"@id":"https:\/\/noticiasemdestaque.com\/cd\/?p=8224#primaryimage"},"thumbnailUrl":"https:\/\/noticiasemdestaque.com\/cd\/wp-content\/uploads\/2018\/03\/gravidas_perfil.jpg","articleSection":["Sa\u00fade"],"inLanguage":"pt-BR"},{"@type":"WebPage","@id":"https:\/\/noticiasemdestaque.com\/cd\/?p=8224","url":"https:\/\/noticiasemdestaque.com\/cd\/?p=8224","name":"Brasil tem gravidez na adolesc\u00eancia acima da m\u00e9dia latino-americana, diz OMS - Not&iacute;cias em Destaque","isPartOf":{"@id":"https:\/\/noticiasemdestaque.com\/cd\/#website"},"primaryImageOfPage":{"@id":"https:\/\/noticiasemdestaque.com\/cd\/?p=8224#primaryimage"},"image":{"@id":"https:\/\/noticiasemdestaque.com\/cd\/?p=8224#primaryimage"},"thumbnailUrl":"https:\/\/noticiasemdestaque.com\/cd\/wp-content\/uploads\/2018\/03\/gravidas_perfil.jpg","datePublished":"2018-03-01T14:06:36+00:00","breadcrumb":{"@id":"https:\/\/noticiasemdestaque.com\/cd\/?p=8224#breadcrumb"},"inLanguage":"pt-BR","potentialAction":[{"@type":"ReadAction","target":["https:\/\/noticiasemdestaque.com\/cd\/?p=8224"]}]},{"@type":"ImageObject","inLanguage":"pt-BR","@id":"https:\/\/noticiasemdestaque.com\/cd\/?p=8224#primaryimage","url":"https:\/\/noticiasemdestaque.com\/cd\/wp-content\/uploads\/2018\/03\/gravidas_perfil.jpg","contentUrl":"https:\/\/noticiasemdestaque.com\/cd\/wp-content\/uploads\/2018\/03\/gravidas_perfil.jpg","width":984,"height":738},{"@type":"BreadcrumbList","@id":"https:\/\/noticiasemdestaque.com\/cd\/?p=8224#breadcrumb","itemListElement":[{"@type":"ListItem","position":1,"name":"In\u00edcio","item":"https:\/\/noticiasemdestaque.com\/cd\/"},{"@type":"ListItem","position":2,"name":"Brasil tem gravidez na adolesc\u00eancia acima da m\u00e9dia latino-americana, diz OMS"}]},{"@type":"WebSite","@id":"https:\/\/noticiasemdestaque.com\/cd\/#website","url":"https:\/\/noticiasemdestaque.com\/cd\/","name":"Not&iacute;cias em Destaque","description":"","publisher":{"@id":"https:\/\/noticiasemdestaque.com\/cd\/#organization"},"potentialAction":[{"@type":"SearchAction","target":{"@type":"EntryPoint","urlTemplate":"https:\/\/noticiasemdestaque.com\/cd\/?s={search_term_string}"},"query-input":{"@type":"PropertyValueSpecification","valueRequired":true,"valueName":"search_term_string"}}],"inLanguage":"pt-BR"},{"@type":"Organization","@id":"https:\/\/noticiasemdestaque.com\/cd\/#organization","name":"Not\u00edcias em Destaque","url":"https:\/\/noticiasemdestaque.com\/cd\/","logo":{"@type":"ImageObject","inLanguage":"pt-BR","@id":"https:\/\/noticiasemdestaque.com\/cd\/#\/schema\/logo\/image\/","url":"https:\/\/noticiasemdestaque.com\/cd\/wp-content\/uploads\/2022\/05\/imagem-base-noticiasemdestaque.png","contentUrl":"https:\/\/noticiasemdestaque.com\/cd\/wp-content\/uploads\/2022\/05\/imagem-base-noticiasemdestaque.png","width":1200,"height":630,"caption":"Not\u00edcias em Destaque"},"image":{"@id":"https:\/\/noticiasemdestaque.com\/cd\/#\/schema\/logo\/image\/"}},{"@type":"Person","@id":"https:\/\/noticiasemdestaque.com\/cd\/#\/schema\/person\/21320b03a7e8bb90128938dafc9b908a","name":"Not\u00edcias em Destaque","url":"https:\/\/noticiasemdestaque.com\/cd\/?author=2"}]}},"jetpack_featured_media_url":"https:\/\/noticiasemdestaque.com\/cd\/wp-content\/uploads\/2018\/03\/gravidas_perfil.jpg","jetpack_sharing_enabled":true,"_links":{"self":[{"href":"https:\/\/noticiasemdestaque.com\/cd\/index.php?rest_route=\/wp\/v2\/posts\/8224","targetHints":{"allow":["GET"]}}],"collection":[{"href":"https:\/\/noticiasemdestaque.com\/cd\/index.php?rest_route=\/wp\/v2\/posts"}],"about":[{"href":"https:\/\/noticiasemdestaque.com\/cd\/index.php?rest_route=\/wp\/v2\/types\/post"}],"author":[{"embeddable":true,"href":"https:\/\/noticiasemdestaque.com\/cd\/index.php?rest_route=\/wp\/v2\/users\/2"}],"replies":[{"embeddable":true,"href":"https:\/\/noticiasemdestaque.com\/cd\/index.php?rest_route=%2Fwp%2Fv2%2Fcomments&post=8224"}],"version-history":[{"count":1,"href":"https:\/\/noticiasemdestaque.com\/cd\/index.php?rest_route=\/wp\/v2\/posts\/8224\/revisions"}],"predecessor-version":[{"id":8226,"href":"https:\/\/noticiasemdestaque.com\/cd\/index.php?rest_route=\/wp\/v2\/posts\/8224\/revisions\/8226"}],"wp:featuredmedia":[{"embeddable":true,"href":"https:\/\/noticiasemdestaque.com\/cd\/index.php?rest_route=\/wp\/v2\/media\/8225"}],"wp:attachment":[{"href":"https:\/\/noticiasemdestaque.com\/cd\/index.php?rest_route=%2Fwp%2Fv2%2Fmedia&parent=8224"}],"wp:term":[{"taxonomy":"category","embeddable":true,"href":"https:\/\/noticiasemdestaque.com\/cd\/index.php?rest_route=%2Fwp%2Fv2%2Fcategories&post=8224"},{"taxonomy":"post_tag","embeddable":true,"href":"https:\/\/noticiasemdestaque.com\/cd\/index.php?rest_route=%2Fwp%2Fv2%2Ftags&post=8224"}],"curies":[{"name":"wp","href":"https:\/\/api.w.org\/{rel}","templated":true}]}}