{"id":8218,"date":"2018-03-01T10:49:45","date_gmt":"2018-03-01T13:49:45","guid":{"rendered":"http:\/\/caririemdestaque.com\/cd\/?p=8218"},"modified":"2018-03-01T10:49:45","modified_gmt":"2018-03-01T13:49:45","slug":"policia-frustra-tentativa-de-homicidio-prende-suspeitos-e-apreende-armas","status":"publish","type":"post","link":"https:\/\/noticiasemdestaque.com\/cd\/?p=8218","title":{"rendered":"Pol\u00edcia frustra tentativa de homic\u00eddio, prende suspeitos e apreende armas"},"content":{"rendered":"<p><a href=\"http:\/\/caririemdestaque.com\/cd\/wp-content\/uploads\/2018\/03\/t-1.jpg\"><img decoding=\"async\" class=\"size-medium wp-image-8219 alignleft\" src=\"http:\/\/caririemdestaque.com\/cd\/wp-content\/uploads\/2018\/03\/t-1-300x165.jpg\" alt=\"\" width=\"300\" height=\"165\" srcset=\"https:\/\/noticiasemdestaque.com\/cd\/wp-content\/uploads\/2018\/03\/t-1-300x165.jpg 300w, https:\/\/noticiasemdestaque.com\/cd\/wp-content\/uploads\/2018\/03\/t-1-768x422.jpg 768w, https:\/\/noticiasemdestaque.com\/cd\/wp-content\/uploads\/2018\/03\/t-1.jpg 800w\" sizes=\"(max-width: 300px) 100vw, 300px\" \/><\/a>Ap\u00f3s ocupa\u00e7\u00e3o em diversas cidades paraibanas na madrugada desta quinta-feira (1\u00ba) durante a Opera\u00e7\u00e3o ROTAs, a Pol\u00edcia Militar frustrou uma tentativa de homic\u00eddio, prendeu dois suspeitos, apreendeu duas armas de fogo, muni\u00e7\u00f5es, m\u00e1scara, e dois ve\u00edculos, sendo um deles com restri\u00e7\u00e3o de roubo. A a\u00e7\u00e3o aconteceu em Itabaiana e um drone da PM tamb\u00e9m foi utilizado na pris\u00e3o.<\/p>\n<p>Segundo informa\u00e7\u00f5es da Coordenadoria de Intelig\u00eancia da PM (COInt) e de policiais civis da cidade, os suspeitos presos nesta madrugada estariam tentando revidar uma dupla tentativa de homic\u00eddio ocorrida no m\u00eas passado. Nesta quinta-feira, por volta das 2h, os eles tentaram realizar o homic\u00eddio, mas um cerco policial que ocorreu durante toda a madrugada, resultou na pris\u00e3o de dois deles.<\/p>\n<p>Os homens, que t\u00eam 20 anos, ainda tentaram atirar contra os policiais e houve troca de tiros. Um dos suspeitos foi ferido e encaminhado para o hospital local e depois levado para o Hospital de Trauma, da Capital. O outro suspeito foi levado para a delegacia. Foram apreendidas uma espingarda calibre 24, um rev\u00f3lver calibre 32, e 16 muni\u00e7\u00f5es de diversos calibres.<\/p>\n<p>ROTAs &#8211; A pris\u00e3o dos dois suspeitos aconteceu durante a Opera\u00e7\u00e3o Rondas T\u00e1ticas Avan\u00e7adas (ROTAs), que foi coordenada pessoalmente pelo comandante-geral da PM, coronel Euller Chaves, e que mobilizou cerca de 300 policiais em cidades do Litoral, Agreste e Sert\u00e3o. A Opera\u00e7\u00e3o \u00e9 itinerante e tem por objetivo combater os crimes patrimoniais, sobretudo ataques a institui\u00e7\u00f5es banc\u00e1rias e caixas eletr\u00f4nicos.<\/p>\n<p>&nbsp;<\/p>\n<p>Cariri em Destaque com PB Agora<\/p>\n","protected":false},"excerpt":{"rendered":"<p>Ap\u00f3s ocupa\u00e7\u00e3o em diversas cidades paraibanas na madrugada desta quinta-feira (1\u00ba) durante a Opera\u00e7\u00e3o ROTAs, a Pol\u00edcia Militar frustrou uma tentativa de homic\u00eddio, prendeu dois suspeitos, apreendeu duas armas de fogo, muni\u00e7\u00f5es, m\u00e1scara, e dois ve\u00edculos, sendo um deles com restri\u00e7\u00e3o de roubo. A a\u00e7\u00e3o aconteceu em Itabaiana e um drone da PM tamb\u00e9m foi utilizado na pris\u00e3o. Segundo informa\u00e7\u00f5es da Coordenadoria de Intelig\u00eancia da PM (COInt) e de policiais civis da cidade, os suspeitos presos nesta madrugada estariam tentando revidar uma dupla tentativa de homic\u00eddio ocorrida no m\u00eas passado. Nesta quinta-feira, por volta das 2h, os eles tentaram realizar o homic\u00eddio, mas um cerco policial que ocorreu durante toda a madrugada, resultou na pris\u00e3o de dois deles. Os homens, que t\u00eam 20 anos, ainda tentaram atirar contra os policiais e houve troca de tiros. Um dos suspeitos foi ferido e encaminhado para o hospital local e depois levado para o Hospital de Trauma, da Capital. O outro suspeito foi levado para a delegacia. Foram apreendidas uma espingarda calibre 24, um rev\u00f3lver calibre 32, e 16 muni\u00e7\u00f5es de diversos calibres. ROTAs &#8211; A pris\u00e3o dos dois suspeitos aconteceu durante a Opera\u00e7\u00e3o Rondas T\u00e1ticas Avan\u00e7adas (ROTAs), que foi coordenada pessoalmente pelo comandante-geral da PM, coronel Euller Chaves, e que mobilizou cerca de 300 policiais em cidades do Litoral, Agreste e Sert\u00e3o. A Opera\u00e7\u00e3o \u00e9 itinerante e tem por objetivo combater os crimes patrimoniais, sobretudo ataques a institui\u00e7\u00f5es banc\u00e1rias e caixas eletr\u00f4nicos. &nbsp; Cariri em Destaque com PB Agora<\/p>\n","protected":false},"author":2,"featured_media":8219,"comment_status":"closed","ping_status":"open","sticky":false,"template":"","format":"standard","meta":{"_eb_attr":"","_jetpack_memberships_contains_paid_content":false,"footnotes":""},"categories":[1],"tags":[],"class_list":["post-8218","post","type-post","status-publish","format-standard","has-post-thumbnail","hentry","category-uncategorized"],"yoast_head":"<!-- This site is optimized with the Yoast SEO plugin v26.5 - https:\/\/yoast.com\/wordpress\/plugins\/seo\/ -->\n<title>Pol\u00edcia frustra tentativa de homic\u00eddio, prende suspeitos e apreende armas - Not&iacute;cias em Destaque<\/title>\n<meta name=\"robots\" content=\"index, follow, max-snippet:-1, max-image-preview:large, max-video-preview:-1\" \/>\n<link rel=\"canonical\" href=\"https:\/\/noticiasemdestaque.com\/cd\/?p=8218\" \/>\n<meta property=\"og:locale\" content=\"pt_BR\" \/>\n<meta property=\"og:type\" content=\"article\" \/>\n<meta property=\"og:title\" content=\"Pol\u00edcia frustra tentativa de homic\u00eddio, prende suspeitos e apreende armas - Not&iacute;cias em Destaque\" \/>\n<meta property=\"og:description\" content=\"Ap\u00f3s ocupa\u00e7\u00e3o em diversas cidades paraibanas na madrugada desta quinta-feira (1\u00ba) durante a Opera\u00e7\u00e3o ROTAs, a Pol\u00edcia Militar frustrou uma tentativa de homic\u00eddio, prendeu dois suspeitos, apreendeu duas armas de fogo, muni\u00e7\u00f5es, m\u00e1scara, e dois ve\u00edculos, sendo um deles com restri\u00e7\u00e3o de roubo. A a\u00e7\u00e3o aconteceu em Itabaiana e um drone da PM tamb\u00e9m foi utilizado na pris\u00e3o. Segundo informa\u00e7\u00f5es da Coordenadoria de Intelig\u00eancia da PM (COInt) e de policiais civis da cidade, os suspeitos presos nesta madrugada estariam tentando revidar uma dupla tentativa de homic\u00eddio ocorrida no m\u00eas passado. Nesta quinta-feira, por volta das 2h, os eles tentaram realizar o homic\u00eddio, mas um cerco policial que ocorreu durante toda a madrugada, resultou na pris\u00e3o de dois deles. Os homens, que t\u00eam 20 anos, ainda tentaram atirar contra os policiais e houve troca de tiros. Um dos suspeitos foi ferido e encaminhado para o hospital local e depois levado para o Hospital de Trauma, da Capital. O outro suspeito foi levado para a delegacia. Foram apreendidas uma espingarda calibre 24, um rev\u00f3lver calibre 32, e 16 muni\u00e7\u00f5es de diversos calibres. ROTAs &#8211; A pris\u00e3o dos dois suspeitos aconteceu durante a Opera\u00e7\u00e3o Rondas T\u00e1ticas Avan\u00e7adas (ROTAs), que foi coordenada pessoalmente pelo comandante-geral da PM, coronel Euller Chaves, e que mobilizou cerca de 300 policiais em cidades do Litoral, Agreste e Sert\u00e3o. A Opera\u00e7\u00e3o \u00e9 itinerante e tem por objetivo combater os crimes patrimoniais, sobretudo ataques a institui\u00e7\u00f5es banc\u00e1rias e caixas eletr\u00f4nicos. &nbsp; Cariri em Destaque com PB Agora\" \/>\n<meta property=\"og:url\" content=\"https:\/\/noticiasemdestaque.com\/cd\/?p=8218\" \/>\n<meta property=\"og:site_name\" content=\"Not&iacute;cias em Destaque\" \/>\n<meta property=\"article:published_time\" content=\"2018-03-01T13:49:45+00:00\" \/>\n<meta property=\"og:image\" content=\"https:\/\/noticiasemdestaque.com\/cd\/wp-content\/uploads\/2018\/03\/t-1.jpg\" \/>\n\t<meta property=\"og:image:width\" content=\"800\" \/>\n\t<meta property=\"og:image:height\" content=\"440\" \/>\n\t<meta property=\"og:image:type\" content=\"image\/jpeg\" \/>\n<meta name=\"author\" content=\"Not\u00edcias em Destaque\" \/>\n<meta name=\"twitter:card\" content=\"summary_large_image\" \/>\n<meta name=\"twitter:label1\" content=\"Escrito por\" \/>\n\t<meta name=\"twitter:data1\" content=\"Not\u00edcias em Destaque\" \/>\n\t<meta name=\"twitter:label2\" content=\"Est. tempo de leitura\" \/>\n\t<meta name=\"twitter:data2\" content=\"1 minuto\" \/>\n<script type=\"application\/ld+json\" class=\"yoast-schema-graph\">{\"@context\":\"https:\/\/schema.org\",\"@graph\":[{\"@type\":\"Article\",\"@id\":\"https:\/\/noticiasemdestaque.com\/cd\/?p=8218#article\",\"isPartOf\":{\"@id\":\"https:\/\/noticiasemdestaque.com\/cd\/?p=8218\"},\"author\":{\"name\":\"Not\u00edcias em Destaque\",\"@id\":\"https:\/\/noticiasemdestaque.com\/cd\/#\/schema\/person\/21320b03a7e8bb90128938dafc9b908a\"},\"headline\":\"Pol\u00edcia frustra tentativa de homic\u00eddio, prende suspeitos e apreende armas\",\"datePublished\":\"2018-03-01T13:49:45+00:00\",\"mainEntityOfPage\":{\"@id\":\"https:\/\/noticiasemdestaque.com\/cd\/?p=8218\"},\"wordCount\":282,\"publisher\":{\"@id\":\"https:\/\/noticiasemdestaque.com\/cd\/#organization\"},\"image\":{\"@id\":\"https:\/\/noticiasemdestaque.com\/cd\/?p=8218#primaryimage\"},\"thumbnailUrl\":\"https:\/\/noticiasemdestaque.com\/cd\/wp-content\/uploads\/2018\/03\/t-1.jpg\",\"articleSection\":[\"Uncategorized\"],\"inLanguage\":\"pt-BR\"},{\"@type\":\"WebPage\",\"@id\":\"https:\/\/noticiasemdestaque.com\/cd\/?p=8218\",\"url\":\"https:\/\/noticiasemdestaque.com\/cd\/?p=8218\",\"name\":\"Pol\u00edcia frustra tentativa de homic\u00eddio, prende suspeitos e apreende armas - Not&iacute;cias em Destaque\",\"isPartOf\":{\"@id\":\"https:\/\/noticiasemdestaque.com\/cd\/#website\"},\"primaryImageOfPage\":{\"@id\":\"https:\/\/noticiasemdestaque.com\/cd\/?p=8218#primaryimage\"},\"image\":{\"@id\":\"https:\/\/noticiasemdestaque.com\/cd\/?p=8218#primaryimage\"},\"thumbnailUrl\":\"https:\/\/noticiasemdestaque.com\/cd\/wp-content\/uploads\/2018\/03\/t-1.jpg\",\"datePublished\":\"2018-03-01T13:49:45+00:00\",\"breadcrumb\":{\"@id\":\"https:\/\/noticiasemdestaque.com\/cd\/?p=8218#breadcrumb\"},\"inLanguage\":\"pt-BR\",\"potentialAction\":[{\"@type\":\"ReadAction\",\"target\":[\"https:\/\/noticiasemdestaque.com\/cd\/?p=8218\"]}]},{\"@type\":\"ImageObject\",\"inLanguage\":\"pt-BR\",\"@id\":\"https:\/\/noticiasemdestaque.com\/cd\/?p=8218#primaryimage\",\"url\":\"https:\/\/noticiasemdestaque.com\/cd\/wp-content\/uploads\/2018\/03\/t-1.jpg\",\"contentUrl\":\"https:\/\/noticiasemdestaque.com\/cd\/wp-content\/uploads\/2018\/03\/t-1.jpg\",\"width\":800,\"height\":440},{\"@type\":\"BreadcrumbList\",\"@id\":\"https:\/\/noticiasemdestaque.com\/cd\/?p=8218#breadcrumb\",\"itemListElement\":[{\"@type\":\"ListItem\",\"position\":1,\"name\":\"In\u00edcio\",\"item\":\"https:\/\/noticiasemdestaque.com\/cd\/\"},{\"@type\":\"ListItem\",\"position\":2,\"name\":\"Pol\u00edcia frustra tentativa de homic\u00eddio, prende suspeitos e apreende armas\"}]},{\"@type\":\"WebSite\",\"@id\":\"https:\/\/noticiasemdestaque.com\/cd\/#website\",\"url\":\"https:\/\/noticiasemdestaque.com\/cd\/\",\"name\":\"Not&iacute;cias em Destaque\",\"description\":\"\",\"publisher\":{\"@id\":\"https:\/\/noticiasemdestaque.com\/cd\/#organization\"},\"potentialAction\":[{\"@type\":\"SearchAction\",\"target\":{\"@type\":\"EntryPoint\",\"urlTemplate\":\"https:\/\/noticiasemdestaque.com\/cd\/?s={search_term_string}\"},\"query-input\":{\"@type\":\"PropertyValueSpecification\",\"valueRequired\":true,\"valueName\":\"search_term_string\"}}],\"inLanguage\":\"pt-BR\"},{\"@type\":\"Organization\",\"@id\":\"https:\/\/noticiasemdestaque.com\/cd\/#organization\",\"name\":\"Not\u00edcias em Destaque\",\"url\":\"https:\/\/noticiasemdestaque.com\/cd\/\",\"logo\":{\"@type\":\"ImageObject\",\"inLanguage\":\"pt-BR\",\"@id\":\"https:\/\/noticiasemdestaque.com\/cd\/#\/schema\/logo\/image\/\",\"url\":\"https:\/\/noticiasemdestaque.com\/cd\/wp-content\/uploads\/2022\/05\/imagem-base-noticiasemdestaque.png\",\"contentUrl\":\"https:\/\/noticiasemdestaque.com\/cd\/wp-content\/uploads\/2022\/05\/imagem-base-noticiasemdestaque.png\",\"width\":1200,\"height\":630,\"caption\":\"Not\u00edcias em Destaque\"},\"image\":{\"@id\":\"https:\/\/noticiasemdestaque.com\/cd\/#\/schema\/logo\/image\/\"}},{\"@type\":\"Person\",\"@id\":\"https:\/\/noticiasemdestaque.com\/cd\/#\/schema\/person\/21320b03a7e8bb90128938dafc9b908a\",\"name\":\"Not\u00edcias em Destaque\",\"url\":\"https:\/\/noticiasemdestaque.com\/cd\/?author=2\"}]}<\/script>\n<!-- \/ Yoast SEO plugin. -->","yoast_head_json":{"title":"Pol\u00edcia frustra tentativa de homic\u00eddio, prende suspeitos e apreende armas - Not&iacute;cias em Destaque","robots":{"index":"index","follow":"follow","max-snippet":"max-snippet:-1","max-image-preview":"max-image-preview:large","max-video-preview":"max-video-preview:-1"},"canonical":"https:\/\/noticiasemdestaque.com\/cd\/?p=8218","og_locale":"pt_BR","og_type":"article","og_title":"Pol\u00edcia frustra tentativa de homic\u00eddio, prende suspeitos e apreende armas - Not&iacute;cias em Destaque","og_description":"Ap\u00f3s ocupa\u00e7\u00e3o em diversas cidades paraibanas na madrugada desta quinta-feira (1\u00ba) durante a Opera\u00e7\u00e3o ROTAs, a Pol\u00edcia Militar frustrou uma tentativa de homic\u00eddio, prendeu dois suspeitos, apreendeu duas armas de fogo, muni\u00e7\u00f5es, m\u00e1scara, e dois ve\u00edculos, sendo um deles com restri\u00e7\u00e3o de roubo. A a\u00e7\u00e3o aconteceu em Itabaiana e um drone da PM tamb\u00e9m foi utilizado na pris\u00e3o. Segundo informa\u00e7\u00f5es da Coordenadoria de Intelig\u00eancia da PM (COInt) e de policiais civis da cidade, os suspeitos presos nesta madrugada estariam tentando revidar uma dupla tentativa de homic\u00eddio ocorrida no m\u00eas passado. Nesta quinta-feira, por volta das 2h, os eles tentaram realizar o homic\u00eddio, mas um cerco policial que ocorreu durante toda a madrugada, resultou na pris\u00e3o de dois deles. Os homens, que t\u00eam 20 anos, ainda tentaram atirar contra os policiais e houve troca de tiros. Um dos suspeitos foi ferido e encaminhado para o hospital local e depois levado para o Hospital de Trauma, da Capital. O outro suspeito foi levado para a delegacia. Foram apreendidas uma espingarda calibre 24, um rev\u00f3lver calibre 32, e 16 muni\u00e7\u00f5es de diversos calibres. ROTAs &#8211; A pris\u00e3o dos dois suspeitos aconteceu durante a Opera\u00e7\u00e3o Rondas T\u00e1ticas Avan\u00e7adas (ROTAs), que foi coordenada pessoalmente pelo comandante-geral da PM, coronel Euller Chaves, e que mobilizou cerca de 300 policiais em cidades do Litoral, Agreste e Sert\u00e3o. A Opera\u00e7\u00e3o \u00e9 itinerante e tem por objetivo combater os crimes patrimoniais, sobretudo ataques a institui\u00e7\u00f5es banc\u00e1rias e caixas eletr\u00f4nicos. &nbsp; Cariri em Destaque com PB Agora","og_url":"https:\/\/noticiasemdestaque.com\/cd\/?p=8218","og_site_name":"Not&iacute;cias em Destaque","article_published_time":"2018-03-01T13:49:45+00:00","og_image":[{"width":800,"height":440,"url":"https:\/\/noticiasemdestaque.com\/cd\/wp-content\/uploads\/2018\/03\/t-1.jpg","type":"image\/jpeg"}],"author":"Not\u00edcias em Destaque","twitter_card":"summary_large_image","twitter_misc":{"Escrito por":"Not\u00edcias em Destaque","Est. tempo de leitura":"1 minuto"},"schema":{"@context":"https:\/\/schema.org","@graph":[{"@type":"Article","@id":"https:\/\/noticiasemdestaque.com\/cd\/?p=8218#article","isPartOf":{"@id":"https:\/\/noticiasemdestaque.com\/cd\/?p=8218"},"author":{"name":"Not\u00edcias em Destaque","@id":"https:\/\/noticiasemdestaque.com\/cd\/#\/schema\/person\/21320b03a7e8bb90128938dafc9b908a"},"headline":"Pol\u00edcia frustra tentativa de homic\u00eddio, prende suspeitos e apreende armas","datePublished":"2018-03-01T13:49:45+00:00","mainEntityOfPage":{"@id":"https:\/\/noticiasemdestaque.com\/cd\/?p=8218"},"wordCount":282,"publisher":{"@id":"https:\/\/noticiasemdestaque.com\/cd\/#organization"},"image":{"@id":"https:\/\/noticiasemdestaque.com\/cd\/?p=8218#primaryimage"},"thumbnailUrl":"https:\/\/noticiasemdestaque.com\/cd\/wp-content\/uploads\/2018\/03\/t-1.jpg","articleSection":["Uncategorized"],"inLanguage":"pt-BR"},{"@type":"WebPage","@id":"https:\/\/noticiasemdestaque.com\/cd\/?p=8218","url":"https:\/\/noticiasemdestaque.com\/cd\/?p=8218","name":"Pol\u00edcia frustra tentativa de homic\u00eddio, prende suspeitos e apreende armas - Not&iacute;cias em Destaque","isPartOf":{"@id":"https:\/\/noticiasemdestaque.com\/cd\/#website"},"primaryImageOfPage":{"@id":"https:\/\/noticiasemdestaque.com\/cd\/?p=8218#primaryimage"},"image":{"@id":"https:\/\/noticiasemdestaque.com\/cd\/?p=8218#primaryimage"},"thumbnailUrl":"https:\/\/noticiasemdestaque.com\/cd\/wp-content\/uploads\/2018\/03\/t-1.jpg","datePublished":"2018-03-01T13:49:45+00:00","breadcrumb":{"@id":"https:\/\/noticiasemdestaque.com\/cd\/?p=8218#breadcrumb"},"inLanguage":"pt-BR","potentialAction":[{"@type":"ReadAction","target":["https:\/\/noticiasemdestaque.com\/cd\/?p=8218"]}]},{"@type":"ImageObject","inLanguage":"pt-BR","@id":"https:\/\/noticiasemdestaque.com\/cd\/?p=8218#primaryimage","url":"https:\/\/noticiasemdestaque.com\/cd\/wp-content\/uploads\/2018\/03\/t-1.jpg","contentUrl":"https:\/\/noticiasemdestaque.com\/cd\/wp-content\/uploads\/2018\/03\/t-1.jpg","width":800,"height":440},{"@type":"BreadcrumbList","@id":"https:\/\/noticiasemdestaque.com\/cd\/?p=8218#breadcrumb","itemListElement":[{"@type":"ListItem","position":1,"name":"In\u00edcio","item":"https:\/\/noticiasemdestaque.com\/cd\/"},{"@type":"ListItem","position":2,"name":"Pol\u00edcia frustra tentativa de homic\u00eddio, prende suspeitos e apreende armas"}]},{"@type":"WebSite","@id":"https:\/\/noticiasemdestaque.com\/cd\/#website","url":"https:\/\/noticiasemdestaque.com\/cd\/","name":"Not&iacute;cias em Destaque","description":"","publisher":{"@id":"https:\/\/noticiasemdestaque.com\/cd\/#organization"},"potentialAction":[{"@type":"SearchAction","target":{"@type":"EntryPoint","urlTemplate":"https:\/\/noticiasemdestaque.com\/cd\/?s={search_term_string}"},"query-input":{"@type":"PropertyValueSpecification","valueRequired":true,"valueName":"search_term_string"}}],"inLanguage":"pt-BR"},{"@type":"Organization","@id":"https:\/\/noticiasemdestaque.com\/cd\/#organization","name":"Not\u00edcias em Destaque","url":"https:\/\/noticiasemdestaque.com\/cd\/","logo":{"@type":"ImageObject","inLanguage":"pt-BR","@id":"https:\/\/noticiasemdestaque.com\/cd\/#\/schema\/logo\/image\/","url":"https:\/\/noticiasemdestaque.com\/cd\/wp-content\/uploads\/2022\/05\/imagem-base-noticiasemdestaque.png","contentUrl":"https:\/\/noticiasemdestaque.com\/cd\/wp-content\/uploads\/2022\/05\/imagem-base-noticiasemdestaque.png","width":1200,"height":630,"caption":"Not\u00edcias em Destaque"},"image":{"@id":"https:\/\/noticiasemdestaque.com\/cd\/#\/schema\/logo\/image\/"}},{"@type":"Person","@id":"https:\/\/noticiasemdestaque.com\/cd\/#\/schema\/person\/21320b03a7e8bb90128938dafc9b908a","name":"Not\u00edcias em Destaque","url":"https:\/\/noticiasemdestaque.com\/cd\/?author=2"}]}},"jetpack_featured_media_url":"https:\/\/noticiasemdestaque.com\/cd\/wp-content\/uploads\/2018\/03\/t-1.jpg","jetpack_sharing_enabled":true,"_links":{"self":[{"href":"https:\/\/noticiasemdestaque.com\/cd\/index.php?rest_route=\/wp\/v2\/posts\/8218","targetHints":{"allow":["GET"]}}],"collection":[{"href":"https:\/\/noticiasemdestaque.com\/cd\/index.php?rest_route=\/wp\/v2\/posts"}],"about":[{"href":"https:\/\/noticiasemdestaque.com\/cd\/index.php?rest_route=\/wp\/v2\/types\/post"}],"author":[{"embeddable":true,"href":"https:\/\/noticiasemdestaque.com\/cd\/index.php?rest_route=\/wp\/v2\/users\/2"}],"replies":[{"embeddable":true,"href":"https:\/\/noticiasemdestaque.com\/cd\/index.php?rest_route=%2Fwp%2Fv2%2Fcomments&post=8218"}],"version-history":[{"count":1,"href":"https:\/\/noticiasemdestaque.com\/cd\/index.php?rest_route=\/wp\/v2\/posts\/8218\/revisions"}],"predecessor-version":[{"id":8220,"href":"https:\/\/noticiasemdestaque.com\/cd\/index.php?rest_route=\/wp\/v2\/posts\/8218\/revisions\/8220"}],"wp:featuredmedia":[{"embeddable":true,"href":"https:\/\/noticiasemdestaque.com\/cd\/index.php?rest_route=\/wp\/v2\/media\/8219"}],"wp:attachment":[{"href":"https:\/\/noticiasemdestaque.com\/cd\/index.php?rest_route=%2Fwp%2Fv2%2Fmedia&parent=8218"}],"wp:term":[{"taxonomy":"category","embeddable":true,"href":"https:\/\/noticiasemdestaque.com\/cd\/index.php?rest_route=%2Fwp%2Fv2%2Fcategories&post=8218"},{"taxonomy":"post_tag","embeddable":true,"href":"https:\/\/noticiasemdestaque.com\/cd\/index.php?rest_route=%2Fwp%2Fv2%2Ftags&post=8218"}],"curies":[{"name":"wp","href":"https:\/\/api.w.org\/{rel}","templated":true}]}}