{"id":8164,"date":"2018-02-27T12:19:24","date_gmt":"2018-02-27T15:19:24","guid":{"rendered":"http:\/\/caririemdestaque.com\/cd\/?p=8164"},"modified":"2018-02-27T12:19:24","modified_gmt":"2018-02-27T15:19:24","slug":"sai-resultado-preliminar-de-processo-seletivo-do-programa-de-educacao-de-jovens-e-adultos-de-sume","status":"publish","type":"post","link":"https:\/\/noticiasemdestaque.com\/cd\/?p=8164","title":{"rendered":"Sai resultado preliminar de Processo Seletivo do Programa de Educa\u00e7\u00e3o de Jovens e Adultos de Sum\u00e9"},"content":{"rendered":"<p><a href=\"http:\/\/caririemdestaque.com\/cd\/wp-content\/uploads\/2018\/02\/IMG-20160516-WA0019-735x450.jpg\"><img decoding=\"async\" class=\" wp-image-8165 alignleft\" src=\"http:\/\/caririemdestaque.com\/cd\/wp-content\/uploads\/2018\/02\/IMG-20160516-WA0019-735x450-300x184.jpg\" alt=\"\" width=\"230\" height=\"141\" srcset=\"https:\/\/noticiasemdestaque.com\/cd\/wp-content\/uploads\/2018\/02\/IMG-20160516-WA0019-735x450-300x184.jpg 300w, https:\/\/noticiasemdestaque.com\/cd\/wp-content\/uploads\/2018\/02\/IMG-20160516-WA0019-735x450.jpg 735w\" sizes=\"(max-width: 230px) 100vw, 230px\" \/><\/a>A Prefeitura de Sum\u00e9 divulgou nesta ter\u00e7a-feira (27\/02) o resultado preliminar do Processo Seletivo para sele\u00e7\u00e3o de professor do Programa de Alfabetiza\u00e7\u00e3o de Jovens e Adultos.<\/p>\n<p>O candidato que desejar interpor recurso contra o resultado do Processo Seletivo tem o prazo de 48 horas (at\u00e9 a pr\u00f3xima quinta-feira), das 08h \u00e0s 12h, para apresentar o recurso na Secretaria Municipal de Educa\u00e7\u00e3o devidamente fundamentado e com a devida identifica\u00e7\u00e3o. N\u00e3o ser\u00e3o aceitos recursos por procura\u00e7\u00e3o, fax ou correio eletr\u00f4nico.<\/p>\n<p>O resultado apresenta os aprovados e classificados para a zona urbana e os aprovados e classificados para a zona rural.<\/p>\n<p>Confira a rela\u00e7\u00e3o:<\/p>\n<p>PARA ATUAR NA ZONA URBANA<\/p>\n<table width=\"586\">\n<tbody>\n<tr>\n<td width=\"51\">ORDEM<\/td>\n<td width=\"264\">NOME DO CANDIDATO<\/td>\n<td width=\"111\">N\u00ba FICHA DE INSCRI\u00c7\u00c3O<\/td>\n<td width=\"78\">PONTUA\u00c7\u00c3O<\/td>\n<td width=\"101\">SITUA\u00c7\u00c3O<\/td>\n<\/tr>\n<tr>\n<td width=\"51\">\u00a01<\/td>\n<td width=\"264\">LUMA RAISSA DA SILVAA<\/td>\n<td width=\"111\">050\/2018<\/td>\n<td width=\"78\">9,2<\/td>\n<td width=\"101\">APROVADO<\/td>\n<\/tr>\n<tr>\n<td width=\"51\">2<\/td>\n<td width=\"264\">GILCILENE CAMPOS DA SILVA<\/td>\n<td width=\"111\">027\/2018<\/td>\n<td width=\"78\">8,4<\/td>\n<td width=\"101\">APROVADO<\/td>\n<\/tr>\n<tr>\n<td width=\"51\">3<\/td>\n<td width=\"264\">IARA SOARES DO NASCIMENTO<\/td>\n<td width=\"111\">059\/2018<\/td>\n<td width=\"78\">8,2<\/td>\n<td width=\"101\">APROVADO<\/td>\n<\/tr>\n<tr>\n<td width=\"51\">4<\/td>\n<td width=\"264\">FRANCIELY RENALLY MACIEL<\/td>\n<td width=\"111\">060\/2018<\/td>\n<td width=\"78\">8,2<\/td>\n<td width=\"101\">APROVADO<\/td>\n<\/tr>\n<tr>\n<td width=\"51\">5<\/td>\n<td width=\"264\">CRISTINA DE SOUSA BATISTA<\/td>\n<td width=\"111\">028\/2018<\/td>\n<td width=\"78\">8,0<\/td>\n<td width=\"101\">APROVADO<\/td>\n<\/tr>\n<tr>\n<td width=\"51\">6<\/td>\n<td width=\"264\">THAIS DEODATO DASILVA<\/td>\n<td width=\"111\">005\/2018<\/td>\n<td width=\"78\">7,8<\/td>\n<td width=\"101\">CADASTRO DE RESERVA<\/td>\n<\/tr>\n<tr>\n<td width=\"51\">7<\/td>\n<td width=\"264\">ROM\u00caNIA CARMEM MELO QUEIROZ<\/td>\n<td width=\"111\">009\/2018<\/td>\n<td width=\"78\">7,8<\/td>\n<td width=\"101\">CADASTRO DE RESERVA<\/td>\n<\/tr>\n<tr>\n<td width=\"51\">8<\/td>\n<td width=\"264\">ALINE DANIELLE BARBOSA DA SILVA<\/td>\n<td width=\"111\">042\/2018<\/td>\n<td width=\"78\">7,8<\/td>\n<td width=\"101\">CADASTRO DE RESERVA<\/td>\n<\/tr>\n<tr>\n<td width=\"51\">9<\/td>\n<td width=\"264\">ELI\u00caNE FERNANDES DE SALES<\/td>\n<td width=\"111\">046\/2018<\/td>\n<td width=\"78\">7,8<\/td>\n<td width=\"101\">CADASTRO DE RESERVA<\/td>\n<\/tr>\n<tr>\n<td width=\"51\">10<\/td>\n<td width=\"264\">LINDIANE BALBINO DE SOUZA<\/td>\n<td width=\"111\">004\/2018<\/td>\n<td width=\"78\">7,7<\/td>\n<td width=\"101\">CADASTRO DE RESERVA<\/td>\n<\/tr>\n<tr>\n<td width=\"51\">11<\/td>\n<td width=\"264\">ANDREIA CRISTINA DA SILVA GABRIEL<\/td>\n<td width=\"111\">035\/2018<\/td>\n<td width=\"78\">7,7<\/td>\n<td width=\"101\">CADASTRO DE RESERVA<\/td>\n<\/tr>\n<tr>\n<td width=\"51\">12<\/td>\n<td width=\"264\">DANIELA BRITO RAMOS<\/td>\n<td width=\"111\">010\/2018<\/td>\n<td width=\"78\">7,5<\/td>\n<td width=\"101\">CADASTRO DE RESERVA<\/td>\n<\/tr>\n<tr>\n<td width=\"51\">13<\/td>\n<td width=\"264\">LUCIVANIA DEODATO DA SILVA<\/td>\n<td width=\"111\">021\/2018<\/td>\n<td width=\"78\">7,5<\/td>\n<td width=\"101\">CADASTRO DE RESERVA<\/td>\n<\/tr>\n<tr>\n<td width=\"51\">14<\/td>\n<td width=\"264\">MARIA DA CONCEI\u00c7\u00c3O JORGE ARA\u00daJO<\/td>\n<td width=\"111\">037\/2018<\/td>\n<td width=\"78\">7,4<\/td>\n<td width=\"101\">CADASTRO DE RESERVA<\/td>\n<\/tr>\n<tr>\n<td width=\"51\">15<\/td>\n<td width=\"264\">ERIKA MARIA DE ABREU BATISTA<\/td>\n<td width=\"111\">007\/2018<\/td>\n<td width=\"78\">7,2<\/td>\n<td width=\"101\">CADASTRO DE RESERVA<\/td>\n<\/tr>\n<tr>\n<td width=\"51\">16<\/td>\n<td width=\"264\">NALLYGIA MARTINS SANTOS<\/td>\n<td width=\"111\">041\/2018<\/td>\n<td width=\"78\">7,2<\/td>\n<td width=\"101\">CADASTRO DE RESERVA<\/td>\n<\/tr>\n<tr>\n<td width=\"51\">17<\/td>\n<td width=\"264\">MARIA TERESA CRISTINA C. DO NASCIMENTO<\/td>\n<td width=\"111\">063\/2018<\/td>\n<td width=\"78\">6,9<\/td>\n<td width=\"101\">CADASTRO DE RESERVA<\/td>\n<\/tr>\n<tr>\n<td width=\"51\">18<\/td>\n<td width=\"264\">IRIS BARBOSA CARNEIRO<\/td>\n<td width=\"111\">030\/2018<\/td>\n<td width=\"78\">6,8<\/td>\n<td width=\"101\">CADASTRO DE RESERVA<\/td>\n<\/tr>\n<tr>\n<td width=\"51\">19<\/td>\n<td width=\"264\">ANA INGRID DA S.LIMA<\/td>\n<td width=\"111\">052\/2018<\/td>\n<td width=\"78\">6,8<\/td>\n<td width=\"101\">CADASTRO DE RESERVA<\/td>\n<\/tr>\n<tr>\n<td width=\"51\">20<\/td>\n<td width=\"264\">PATRICIA N\u00daBIA FERNANDES ROM\u00c3O<\/td>\n<td width=\"111\">061\/2018<\/td>\n<td width=\"78\">6,8<\/td>\n<td width=\"101\">CADASTRO DE RESERVA<\/td>\n<\/tr>\n<tr>\n<td width=\"51\">21<\/td>\n<td width=\"264\">TATIANNE MEKAELLY FARIAS SANTOS<\/td>\n<td width=\"111\">067\/2018<\/td>\n<td width=\"78\">6,8<\/td>\n<td width=\"101\">CADASTRO DE RESERVA<\/td>\n<\/tr>\n<tr>\n<td width=\"51\">22<\/td>\n<td width=\"264\">JULIANA CRISTINA ALVES SILVA<\/td>\n<td width=\"111\">008\/2018<\/td>\n<td width=\"78\">6,7<\/td>\n<td width=\"101\">CADASTRO DE RESERVA<\/td>\n<\/tr>\n<tr>\n<td width=\"51\">23<\/td>\n<td width=\"264\">FERNANDA DE LIMA ARA\u00daJO<\/td>\n<td width=\"111\">015\/2018<\/td>\n<td width=\"78\">6,3<\/td>\n<td width=\"101\">CADASTRO DE RESERVA<\/td>\n<\/tr>\n<tr>\n<td width=\"51\">24<\/td>\n<td width=\"264\">ATAM\u00c1RIA BEZERRA D\u00c1RIO<\/td>\n<td width=\"111\">039\/2018<\/td>\n<td width=\"78\">6,3<\/td>\n<td width=\"101\">CADASTRO DE RESERVA<\/td>\n<\/tr>\n<tr>\n<td width=\"51\">25<\/td>\n<td width=\"264\">BRUNA MIKAELE BRAZ DE SIQUEIRA<\/td>\n<td width=\"111\">065\/2018<\/td>\n<td width=\"78\">6,3<\/td>\n<td width=\"101\">CADASTRO DE RESERVA<\/td>\n<\/tr>\n<tr>\n<td width=\"51\">26<\/td>\n<td width=\"264\">ARTUR ALAN MELO CARNEIRO DE OLIVEIRA<\/td>\n<td width=\"111\">014\/2018<\/td>\n<td width=\"78\">6,1<\/td>\n<td width=\"101\">CADASTRO DE RESERVA<\/td>\n<\/tr>\n<tr>\n<td width=\"51\">27<\/td>\n<td width=\"264\">GRACE KELLY DE ASSIS SILVA<\/td>\n<td width=\"111\">016\/2018<\/td>\n<td width=\"78\">6,1<\/td>\n<td width=\"101\">CADASTRO DE RESERVA<\/td>\n<\/tr>\n<tr>\n<td width=\"51\">28<\/td>\n<td width=\"264\">IRMA LA DULCE ANGELINA BEZERRA<\/td>\n<td width=\"111\">032\/2018<\/td>\n<td width=\"78\">6,1<\/td>\n<td width=\"101\">CADASTRO DE RESERVA<\/td>\n<\/tr>\n<tr>\n<td width=\"51\">29<\/td>\n<td width=\"264\">DAIANE DE FRAN\u00c7A FEITOSA<\/td>\n<td width=\"111\">034\/2018<\/td>\n<td width=\"78\">6,1<\/td>\n<td width=\"101\">CADASTRO DE RESERVA<\/td>\n<\/tr>\n<tr>\n<td width=\"51\">30<\/td>\n<td width=\"264\">JOS\u00c9 MANOEL DA SILVA JUNIOR<\/td>\n<td width=\"111\">043\/2018<\/td>\n<td width=\"78\">6,1<\/td>\n<td width=\"101\">CADASTRO DE RESERVA<\/td>\n<\/tr>\n<tr>\n<td width=\"51\">31<\/td>\n<td width=\"264\">EDJANE CRISTINA DE O.FREITAS<\/td>\n<td width=\"111\">045\/2018<\/td>\n<td width=\"78\">6,1<\/td>\n<td width=\"101\">CADASTRO DE RESERVA<\/td>\n<\/tr>\n<tr>\n<td width=\"51\">32<\/td>\n<td width=\"264\">ALANNY ARA\u00daJO DE SOUZA<\/td>\n<td width=\"111\">047\/2018<\/td>\n<td width=\"78\">6,1<\/td>\n<td width=\"101\">CADASTRO DE RESERVA<\/td>\n<\/tr>\n<tr>\n<td width=\"51\">33<\/td>\n<td width=\"264\">YGO MAGALH\u00c3ES ALMEIDA<\/td>\n<td width=\"111\">048\/2018<\/td>\n<td width=\"78\">6,1<\/td>\n<td width=\"101\">CADASTRO DE RESERVA<\/td>\n<\/tr>\n<tr>\n<td width=\"51\">34<\/td>\n<td width=\"264\">LORENA RODRIGUES<\/td>\n<td width=\"111\">049\/2018<\/td>\n<td width=\"78\">6,1<\/td>\n<td width=\"101\">CADASTRO DE RESERVA<\/td>\n<\/tr>\n<tr>\n<td width=\"51\">35<\/td>\n<td width=\"264\">PATR\u00cdCIA DA SILVA EVANGELISTA<\/td>\n<td width=\"111\">053\/2018<\/td>\n<td width=\"78\">6,1<\/td>\n<td width=\"101\">CADASTRO DE RESERVA<\/td>\n<\/tr>\n<tr>\n<td width=\"51\">36<\/td>\n<td width=\"264\">MARIA JANOELMA FRAN\u00c7A SILVA<\/td>\n<td width=\"111\">057\/2018<\/td>\n<td width=\"78\">6,1<\/td>\n<td width=\"101\">CADASTRO DE RESERVA<\/td>\n<\/tr>\n<tr>\n<td width=\"51\">37<\/td>\n<td width=\"264\">ALBA JOSEFINA ARA\u00daJO PAIVA<\/td>\n<td width=\"111\">071\/2018<\/td>\n<td width=\"78\">6,1<\/td>\n<td width=\"101\">CADASTRO DE RESERVA<\/td>\n<\/tr>\n<tr>\n<td width=\"51\">38<\/td>\n<td width=\"264\">JOICE DANTAS DE OLIVEIRA<\/td>\n<td width=\"111\">012\/2018<\/td>\n<td width=\"78\">6,0<\/td>\n<td width=\"101\">CADASTRO DE RESERVA<\/td>\n<\/tr>\n<tr>\n<td width=\"51\">39<\/td>\n<td width=\"264\">CLEDENILDA FERREIRA RODRIGUES<\/td>\n<td width=\"111\">069\/2018<\/td>\n<td width=\"78\">5,5<\/td>\n<td width=\"101\">CADASTRO DE RESERVA<\/td>\n<\/tr>\n<tr>\n<td width=\"51\">40<\/td>\n<td width=\"264\">W\u00caLLYDA PAULA BARBOSA DA COSTA<\/td>\n<td width=\"111\">044\/2018<\/td>\n<td width=\"78\">5,3<\/td>\n<td width=\"101\">CADASTRO DE RESERVA<\/td>\n<\/tr>\n<tr>\n<td width=\"51\">41<\/td>\n<td width=\"264\">FILIPE JUNIOR SILVA DOS SANTOS<\/td>\n<td width=\"111\">026\/2018<\/td>\n<td width=\"78\">5,1<\/td>\n<td width=\"101\">CADASTRO DE RESERVA<\/td>\n<\/tr>\n<tr>\n<td width=\"51\">42<\/td>\n<td width=\"264\">LESLY CARLA LEITA DEFREITAS<\/td>\n<td width=\"111\">040\/2018<\/td>\n<td width=\"78\">5,1<\/td>\n<td width=\"101\">CADASTRO DE RESERVA<\/td>\n<\/tr>\n<tr>\n<td width=\"51\">43<\/td>\n<td width=\"264\">VANDECLEIDE BRAZ TAVARES<\/td>\n<td width=\"111\">070\/2018<\/td>\n<td width=\"78\">5,1<\/td>\n<td width=\"101\">CADASTRO DE RESERVA<\/td>\n<\/tr>\n<tr>\n<td width=\"51\">44<\/td>\n<td width=\"264\">MARIA DA PAZ S. ALMEIDA<\/td>\n<td width=\"111\">023\/2018<\/td>\n<td width=\"78\">4,6<\/td>\n<td width=\"101\">CADASTRO DE RESERVA<\/td>\n<\/tr>\n<tr>\n<td width=\"51\">45<\/td>\n<td width=\"264\">JOS\u00c9 JONNAT BARBOZA GUIMAR\u00c3ES<\/td>\n<td width=\"111\">054\/2018<\/td>\n<td width=\"78\">4,6<\/td>\n<td width=\"101\">CADASTRO DE RESERVA<\/td>\n<\/tr>\n<tr>\n<td width=\"51\">46<\/td>\n<td width=\"264\">GILDA POLES DE SOUSA LIMA<\/td>\n<td width=\"111\">056\/2018<\/td>\n<td width=\"78\">4,6<\/td>\n<td width=\"101\">CADASTRO DE RESERVA<\/td>\n<\/tr>\n<tr>\n<td width=\"51\">47<\/td>\n<td width=\"264\">MARIA APARECIDA BARBOZA DE SOUZA<\/td>\n<td width=\"111\">058\/2018<\/td>\n<td width=\"78\">4,6<\/td>\n<td width=\"101\">CADASTRO DE RESERVA<\/td>\n<\/tr>\n<tr>\n<td width=\"51\">48<\/td>\n<td width=\"264\">CAROLINE DE SOUSA SOARES<\/td>\n<td width=\"111\">068\/2018<\/td>\n<td width=\"78\">4,5<\/td>\n<td width=\"101\">CADASTRO DE RESERVA<\/td>\n<\/tr>\n<tr>\n<td width=\"51\">49<\/td>\n<td width=\"264\">RAQUEL GON\u00c7ALVES MACIEL<\/td>\n<td width=\"111\">001\/2018<\/td>\n<td width=\"78\">4,1<\/td>\n<td width=\"101\">CADASTRO DE RESERVA<\/td>\n<\/tr>\n<tr>\n<td width=\"51\">50<\/td>\n<td width=\"264\">JOAN RODRIGO LUCENA VILAR<\/td>\n<td width=\"111\">002\/2018<\/td>\n<td width=\"78\">4,1<\/td>\n<td width=\"101\">CADASTRO DE RESERVA<\/td>\n<\/tr>\n<tr>\n<td width=\"51\">51<\/td>\n<td width=\"264\">TAYN\u00c1 CHARLEY CARVALHO DOS SANTOS<\/td>\n<td width=\"111\">025\/2018<\/td>\n<td width=\"78\">4,0<\/td>\n<td width=\"101\">CADASTRO DE RESERVA<\/td>\n<\/tr>\n<tr>\n<td width=\"51\">52<\/td>\n<td width=\"264\">ELIS\u00c2NGELA PIRES DE OLIVEIRA<\/td>\n<td width=\"111\">063\/2018<\/td>\n<td width=\"78\">3,5<\/td>\n<td width=\"101\">CADASTRO DE RESERVA<\/td>\n<\/tr>\n<tr>\n<td width=\"51\">53<\/td>\n<td width=\"264\">MARIA DA CONCEI\u00c7\u00c3O DE ARA\u00daJO CRUZ<\/td>\n<td width=\"111\">013\/2018<\/td>\n<td width=\"78\">3,1<\/td>\n<td width=\"101\">CADASTRO DE RESERVA<\/td>\n<\/tr>\n<tr>\n<td width=\"51\">54<\/td>\n<td width=\"264\">JULIANA GOMES CORREIA<\/td>\n<td width=\"111\">011\/2018<\/td>\n<td width=\"78\">2,6<\/td>\n<td width=\"101\">CADASTRO DE RESERVA<\/td>\n<\/tr>\n<\/tbody>\n<\/table>\n<p>PARA ATUAR NA ZONA RURAL<\/p>\n<table width=\"586\">\n<tbody>\n<tr>\n<td width=\"61\">ORDEM<\/td>\n<td width=\"262\">NOME DO CANDIDATO<\/td>\n<td width=\"116\">N\u00ba FICHA DE INSCRI\u00c7\u00c3O<\/td>\n<td width=\"85\">PONTUA\u00c7\u00c3O<\/td>\n<td width=\"104\">&nbsp;<\/p>\n<p>SITUA\u00c7\u00c3O<\/td>\n<\/tr>\n<tr>\n<td width=\"61\">01<\/td>\n<td width=\"262\">MARIA ALDENISE FARIAS DA SILVA<\/td>\n<td width=\"116\">033\/2018<\/td>\n<td width=\"85\">8,0<\/td>\n<td width=\"104\">&nbsp;<\/p>\n<p>APROVADO<\/td>\n<\/tr>\n<tr>\n<td width=\"61\">02<\/td>\n<td width=\"262\">MARIA DO SOCORRO DEODATO DA SILVA<\/td>\n<td width=\"116\">006\/2018<\/td>\n<td width=\"85\">7,8<\/td>\n<td width=\"104\">APROVADO<\/td>\n<\/tr>\n<tr>\n<td width=\"61\">03<\/td>\n<td width=\"262\">JANAINA BEZERRA DE FARIAS<\/td>\n<td width=\"116\">029\/2018<\/td>\n<td width=\"85\">7,8<\/td>\n<td width=\"104\">APROVADO<\/td>\n<\/tr>\n<tr>\n<td width=\"61\">04<\/td>\n<td width=\"262\">N\u00daBIA JOCIELMA DA SILVA SOUZA<\/td>\n<td width=\"116\">031\/2018<\/td>\n<td width=\"85\">7,8<\/td>\n<td width=\"104\">APROVADO<\/td>\n<\/tr>\n<tr>\n<td width=\"61\">05<\/td>\n<td width=\"262\">ALDISLEI NUNES MACIEL<\/td>\n<td width=\"116\">003\/2018<\/td>\n<td width=\"85\">7,2<\/td>\n<td width=\"104\">APROVADO<\/td>\n<\/tr>\n<tr>\n<td width=\"61\">06<\/td>\n<td width=\"262\">MARIA DAS DORES PEREIRA PEQUENO<\/td>\n<td width=\"116\">020\/2018<\/td>\n<td width=\"85\">7,0<\/td>\n<td width=\"104\">CADASTRO DE RESERVA<\/td>\n<\/tr>\n<tr>\n<td width=\"61\">07<\/td>\n<td width=\"262\">EMANOEL DA SILVA CARVALHO<\/td>\n<td width=\"116\">024\/2018<\/td>\n<td width=\"85\">6,9<\/td>\n<td width=\"104\">CADASTRO DE RESERVA<\/td>\n<\/tr>\n<tr>\n<td width=\"61\">08<\/td>\n<td width=\"262\">CHARLENE SOUSA SILVA<\/td>\n<td width=\"116\">017\/2018<\/td>\n<td width=\"85\">6,1<\/td>\n<td width=\"104\">CADASTRO DE RESERVA<\/td>\n<\/tr>\n<tr>\n<td width=\"61\">09<\/td>\n<td width=\"262\">JULIO HENRIQUE RODRIGUES DE QUEIROZ<\/td>\n<td width=\"116\">018\/2018<\/td>\n<td width=\"85\">6,1<\/td>\n<td width=\"104\">CADASTRO DE RESERVA<\/td>\n<\/tr>\n<tr>\n<td width=\"61\">10<\/td>\n<td width=\"262\">JAQUELINE SU\u00caRDA DA SILVA IZIDORIO<\/td>\n<td width=\"116\">019\/2018<\/td>\n<td width=\"85\">6,1<\/td>\n<td width=\"104\">CADASTRO DE RESERVA<\/td>\n<\/tr>\n<tr>\n<td width=\"61\">11<\/td>\n<td width=\"262\">VANESSA DO NASCIMENTO BRAGA<\/td>\n<td width=\"116\">036\/2018<\/td>\n<td width=\"85\">6,1<\/td>\n<td width=\"104\">CADASTRO DE RESERVA<\/td>\n<\/tr>\n<tr>\n<td width=\"61\">12<\/td>\n<td width=\"262\">SAMYRYS SOUZA DE OLIVEIRA<\/td>\n<td width=\"116\">022\/2018<\/td>\n<td width=\"85\">5,5<\/td>\n<td width=\"104\">CADASTRO DE RESERVA<\/td>\n<\/tr>\n<tr>\n<td width=\"61\">13<\/td>\n<td width=\"262\">FL\u00c1VIA MARIA ALVES DE ARA\u00daJO<\/td>\n<td width=\"116\">066\/2018<\/td>\n<td width=\"85\">5,1<\/td>\n<td width=\"104\">CADASTRO DE RESERVA<\/td>\n<\/tr>\n<tr>\n<td width=\"61\">14<\/td>\n<td width=\"262\">JEFFERSON FERREIRA DE. F. FEITOSA<\/td>\n<td width=\"116\">038\/2018<\/td>\n<td width=\"85\">4,5<\/td>\n<td width=\"104\">CADASTRO DE RESERVA<\/td>\n<\/tr>\n<tr>\n<td width=\"61\">15<\/td>\n<td width=\"262\">MARIA RAQUEL DO NASCIMENTO ARA\u00daJO<\/td>\n<td width=\"116\">051\/2018<\/td>\n<td width=\"85\">4,5<\/td>\n<td width=\"104\">CADASTRO DE RESERVA<\/td>\n<\/tr>\n<tr>\n<td width=\"61\">16<\/td>\n<td width=\"262\">MARIA SAIONARA RODRIGUESDA SILVA<\/td>\n<td width=\"116\">062\/2018<\/td>\n<td width=\"85\">4,5<\/td>\n<td width=\"104\">CADASTRO DE RESERVA<\/td>\n<\/tr>\n<tr>\n<td width=\"61\">17<\/td>\n<td width=\"262\">JOS\u00c9ILDO LIBERATO DE AMORIM<\/td>\n<td width=\"116\">055\/2018<\/td>\n<td width=\"85\">3,5<\/td>\n<td width=\"104\">CADASTRO DE RESERVA<\/td>\n<\/tr>\n<\/tbody>\n<\/table>\n<p>&nbsp;<\/p>\n<p>Ascom\/PMS<\/p>\n<p>&nbsp;<\/p>\n","protected":false},"excerpt":{"rendered":"<p>A Prefeitura de Sum\u00e9 divulgou nesta ter\u00e7a-feira (27\/02) o resultado preliminar do Processo Seletivo para sele\u00e7\u00e3o de professor do Programa de Alfabetiza\u00e7\u00e3o de Jovens e Adultos. O candidato que desejar interpor recurso contra o resultado do Processo Seletivo tem o prazo de 48 horas (at\u00e9 a pr\u00f3xima quinta-feira), das 08h \u00e0s 12h, para apresentar o recurso na Secretaria Municipal de Educa\u00e7\u00e3o devidamente fundamentado e com a devida identifica\u00e7\u00e3o. N\u00e3o ser\u00e3o aceitos recursos por procura\u00e7\u00e3o, fax ou correio eletr\u00f4nico. O resultado apresenta os aprovados e classificados para a zona urbana e os aprovados e classificados para a zona rural. Confira a rela\u00e7\u00e3o: PARA ATUAR NA ZONA URBANA ORDEM NOME DO CANDIDATO N\u00ba FICHA DE INSCRI\u00c7\u00c3O PONTUA\u00c7\u00c3O SITUA\u00c7\u00c3O \u00a01 LUMA RAISSA DA SILVAA 050\/2018 9,2 APROVADO 2 GILCILENE CAMPOS DA SILVA 027\/2018 8,4 APROVADO 3 IARA SOARES DO NASCIMENTO 059\/2018 8,2 APROVADO 4 FRANCIELY RENALLY MACIEL 060\/2018 8,2 APROVADO 5 CRISTINA DE SOUSA BATISTA 028\/2018 8,0 APROVADO 6 THAIS DEODATO DASILVA 005\/2018 7,8 CADASTRO DE RESERVA 7 ROM\u00caNIA CARMEM MELO QUEIROZ 009\/2018 7,8 CADASTRO DE RESERVA 8 ALINE DANIELLE BARBOSA DA SILVA 042\/2018 7,8 CADASTRO DE RESERVA 9 ELI\u00caNE FERNANDES DE SALES 046\/2018 7,8 CADASTRO DE RESERVA 10 LINDIANE BALBINO DE SOUZA 004\/2018 7,7 CADASTRO DE RESERVA 11 ANDREIA CRISTINA DA SILVA GABRIEL 035\/2018 7,7 CADASTRO DE RESERVA 12 DANIELA BRITO RAMOS 010\/2018 7,5 CADASTRO DE RESERVA 13 LUCIVANIA DEODATO DA SILVA 021\/2018 7,5 CADASTRO DE RESERVA 14 MARIA DA CONCEI\u00c7\u00c3O JORGE ARA\u00daJO 037\/2018 7,4 CADASTRO DE RESERVA 15 ERIKA MARIA DE ABREU BATISTA 007\/2018 7,2 CADASTRO DE RESERVA 16 NALLYGIA MARTINS SANTOS 041\/2018 7,2 CADASTRO DE RESERVA 17 MARIA TERESA CRISTINA C. DO NASCIMENTO 063\/2018 6,9 CADASTRO DE RESERVA 18 IRIS BARBOSA CARNEIRO 030\/2018 6,8 CADASTRO DE RESERVA 19 ANA INGRID DA S.LIMA 052\/2018 6,8 CADASTRO DE RESERVA 20 PATRICIA N\u00daBIA FERNANDES ROM\u00c3O 061\/2018 6,8 CADASTRO DE RESERVA 21 TATIANNE MEKAELLY FARIAS SANTOS 067\/2018 6,8 CADASTRO DE RESERVA 22 JULIANA CRISTINA ALVES SILVA 008\/2018 6,7 CADASTRO DE RESERVA 23 FERNANDA DE LIMA ARA\u00daJO 015\/2018 6,3 CADASTRO DE RESERVA 24 ATAM\u00c1RIA BEZERRA D\u00c1RIO 039\/2018 6,3 CADASTRO DE RESERVA 25 BRUNA MIKAELE BRAZ DE SIQUEIRA 065\/2018 6,3 CADASTRO DE RESERVA 26 ARTUR ALAN MELO CARNEIRO DE OLIVEIRA 014\/2018 6,1 CADASTRO DE RESERVA 27 GRACE KELLY DE ASSIS SILVA 016\/2018 6,1 CADASTRO DE RESERVA 28 IRMA LA DULCE ANGELINA BEZERRA 032\/2018 6,1 CADASTRO DE RESERVA 29 DAIANE DE FRAN\u00c7A FEITOSA 034\/2018 6,1 CADASTRO DE RESERVA 30 JOS\u00c9 MANOEL DA SILVA JUNIOR 043\/2018 6,1 CADASTRO DE RESERVA 31 EDJANE CRISTINA DE O.FREITAS 045\/2018 6,1 CADASTRO DE RESERVA 32 ALANNY ARA\u00daJO DE SOUZA 047\/2018 6,1 CADASTRO DE RESERVA 33 YGO MAGALH\u00c3ES ALMEIDA 048\/2018 6,1 CADASTRO DE RESERVA 34 LORENA RODRIGUES 049\/2018 6,1 CADASTRO DE RESERVA 35 PATR\u00cdCIA DA SILVA EVANGELISTA 053\/2018 6,1 CADASTRO DE RESERVA 36 MARIA JANOELMA FRAN\u00c7A SILVA 057\/2018 6,1 CADASTRO DE RESERVA 37 ALBA JOSEFINA ARA\u00daJO PAIVA 071\/2018 6,1 CADASTRO DE RESERVA 38 JOICE DANTAS DE OLIVEIRA 012\/2018 6,0 CADASTRO DE RESERVA 39 CLEDENILDA FERREIRA RODRIGUES 069\/2018 5,5 CADASTRO DE RESERVA 40 W\u00caLLYDA PAULA BARBOSA DA COSTA 044\/2018 5,3 CADASTRO DE RESERVA 41 FILIPE JUNIOR SILVA DOS SANTOS 026\/2018 5,1 CADASTRO DE RESERVA 42 LESLY CARLA LEITA DEFREITAS 040\/2018 5,1 CADASTRO DE RESERVA 43 VANDECLEIDE BRAZ TAVARES 070\/2018 5,1 CADASTRO DE RESERVA 44 MARIA DA PAZ S. ALMEIDA 023\/2018 4,6 CADASTRO DE RESERVA 45 JOS\u00c9 JONNAT BARBOZA GUIMAR\u00c3ES 054\/2018 4,6 CADASTRO DE RESERVA 46 GILDA POLES DE SOUSA LIMA 056\/2018 4,6 CADASTRO DE RESERVA 47 MARIA APARECIDA BARBOZA DE SOUZA 058\/2018 4,6 CADASTRO DE RESERVA 48 CAROLINE DE SOUSA SOARES 068\/2018 4,5 CADASTRO DE RESERVA 49 RAQUEL GON\u00c7ALVES MACIEL 001\/2018 4,1 CADASTRO DE RESERVA 50 JOAN RODRIGO LUCENA VILAR 002\/2018 4,1 CADASTRO DE RESERVA 51 TAYN\u00c1 CHARLEY CARVALHO DOS SANTOS 025\/2018 4,0 CADASTRO DE RESERVA 52 ELIS\u00c2NGELA PIRES DE OLIVEIRA 063\/2018 3,5 CADASTRO DE RESERVA 53 MARIA DA CONCEI\u00c7\u00c3O DE ARA\u00daJO CRUZ 013\/2018 3,1 CADASTRO DE RESERVA 54 JULIANA GOMES CORREIA 011\/2018 2,6 CADASTRO DE RESERVA PARA ATUAR NA ZONA RURAL ORDEM NOME DO CANDIDATO N\u00ba FICHA DE INSCRI\u00c7\u00c3O PONTUA\u00c7\u00c3O &nbsp; SITUA\u00c7\u00c3O 01 MARIA ALDENISE FARIAS DA SILVA 033\/2018 8,0 &nbsp; APROVADO 02 MARIA DO SOCORRO DEODATO DA SILVA 006\/2018 7,8 APROVADO 03 JANAINA BEZERRA DE FARIAS 029\/2018 7,8 APROVADO 04 N\u00daBIA JOCIELMA DA SILVA SOUZA 031\/2018 7,8 APROVADO 05 ALDISLEI NUNES MACIEL 003\/2018 7,2 APROVADO 06 MARIA DAS DORES PEREIRA PEQUENO 020\/2018 7,0 CADASTRO DE RESERVA 07 EMANOEL DA SILVA CARVALHO 024\/2018 6,9 CADASTRO DE RESERVA 08 CHARLENE SOUSA SILVA 017\/2018 6,1 CADASTRO DE RESERVA 09 JULIO HENRIQUE RODRIGUES DE QUEIROZ 018\/2018 6,1 CADASTRO DE RESERVA 10 JAQUELINE SU\u00caRDA DA SILVA IZIDORIO 019\/2018 6,1 CADASTRO DE RESERVA 11 VANESSA DO NASCIMENTO BRAGA 036\/2018 6,1 CADASTRO DE RESERVA 12 SAMYRYS SOUZA DE OLIVEIRA 022\/2018 5,5 CADASTRO DE RESERVA 13 FL\u00c1VIA MARIA ALVES DE ARA\u00daJO 066\/2018 5,1 CADASTRO DE RESERVA 14 JEFFERSON FERREIRA DE. F. FEITOSA 038\/2018 4,5 CADASTRO DE RESERVA 15 MARIA RAQUEL DO NASCIMENTO ARA\u00daJO 051\/2018 4,5 CADASTRO DE RESERVA 16 MARIA SAIONARA RODRIGUESDA SILVA 062\/2018 4,5 CADASTRO DE RESERVA 17 JOS\u00c9ILDO LIBERATO DE AMORIM 055\/2018 3,5 CADASTRO DE RESERVA &nbsp; Ascom\/PMS &nbsp;<\/p>\n","protected":false},"author":2,"featured_media":8165,"comment_status":"closed","ping_status":"open","sticky":false,"template":"","format":"standard","meta":{"_eb_attr":"","_jetpack_memberships_contains_paid_content":false,"footnotes":""},"categories":[3],"tags":[],"class_list":["post-8164","post","type-post","status-publish","format-standard","has-post-thumbnail","hentry","category-cidades"],"yoast_head":"<!-- This site is optimized with the Yoast SEO plugin v26.5 - https:\/\/yoast.com\/wordpress\/plugins\/seo\/ -->\n<title>Sai resultado preliminar de Processo Seletivo do Programa de Educa\u00e7\u00e3o de Jovens e Adultos de Sum\u00e9 - Not&iacute;cias em Destaque<\/title>\n<meta name=\"robots\" content=\"index, follow, max-snippet:-1, max-image-preview:large, max-video-preview:-1\" \/>\n<link rel=\"canonical\" href=\"https:\/\/noticiasemdestaque.com\/cd\/?p=8164\" \/>\n<meta property=\"og:locale\" content=\"pt_BR\" \/>\n<meta property=\"og:type\" content=\"article\" \/>\n<meta property=\"og:title\" content=\"Sai resultado preliminar de Processo Seletivo do Programa de Educa\u00e7\u00e3o de Jovens e Adultos de Sum\u00e9 - Not&iacute;cias em Destaque\" \/>\n<meta property=\"og:description\" content=\"A Prefeitura de Sum\u00e9 divulgou nesta ter\u00e7a-feira (27\/02) o resultado preliminar do Processo Seletivo para sele\u00e7\u00e3o de professor do Programa de Alfabetiza\u00e7\u00e3o de Jovens e Adultos. O candidato que desejar interpor recurso contra o resultado do Processo Seletivo tem o prazo de 48 horas (at\u00e9 a pr\u00f3xima quinta-feira), das 08h \u00e0s 12h, para apresentar o recurso na Secretaria Municipal de Educa\u00e7\u00e3o devidamente fundamentado e com a devida identifica\u00e7\u00e3o. N\u00e3o ser\u00e3o aceitos recursos por procura\u00e7\u00e3o, fax ou correio eletr\u00f4nico. O resultado apresenta os aprovados e classificados para a zona urbana e os aprovados e classificados para a zona rural. Confira a rela\u00e7\u00e3o: PARA ATUAR NA ZONA URBANA ORDEM NOME DO CANDIDATO N\u00ba FICHA DE INSCRI\u00c7\u00c3O PONTUA\u00c7\u00c3O SITUA\u00c7\u00c3O \u00a01 LUMA RAISSA DA SILVAA 050\/2018 9,2 APROVADO 2 GILCILENE CAMPOS DA SILVA 027\/2018 8,4 APROVADO 3 IARA SOARES DO NASCIMENTO 059\/2018 8,2 APROVADO 4 FRANCIELY RENALLY MACIEL 060\/2018 8,2 APROVADO 5 CRISTINA DE SOUSA BATISTA 028\/2018 8,0 APROVADO 6 THAIS DEODATO DASILVA 005\/2018 7,8 CADASTRO DE RESERVA 7 ROM\u00caNIA CARMEM MELO QUEIROZ 009\/2018 7,8 CADASTRO DE RESERVA 8 ALINE DANIELLE BARBOSA DA SILVA 042\/2018 7,8 CADASTRO DE RESERVA 9 ELI\u00caNE FERNANDES DE SALES 046\/2018 7,8 CADASTRO DE RESERVA 10 LINDIANE BALBINO DE SOUZA 004\/2018 7,7 CADASTRO DE RESERVA 11 ANDREIA CRISTINA DA SILVA GABRIEL 035\/2018 7,7 CADASTRO DE RESERVA 12 DANIELA BRITO RAMOS 010\/2018 7,5 CADASTRO DE RESERVA 13 LUCIVANIA DEODATO DA SILVA 021\/2018 7,5 CADASTRO DE RESERVA 14 MARIA DA CONCEI\u00c7\u00c3O JORGE ARA\u00daJO 037\/2018 7,4 CADASTRO DE RESERVA 15 ERIKA MARIA DE ABREU BATISTA 007\/2018 7,2 CADASTRO DE RESERVA 16 NALLYGIA MARTINS SANTOS 041\/2018 7,2 CADASTRO DE RESERVA 17 MARIA TERESA CRISTINA C. DO NASCIMENTO 063\/2018 6,9 CADASTRO DE RESERVA 18 IRIS BARBOSA CARNEIRO 030\/2018 6,8 CADASTRO DE RESERVA 19 ANA INGRID DA S.LIMA 052\/2018 6,8 CADASTRO DE RESERVA 20 PATRICIA N\u00daBIA FERNANDES ROM\u00c3O 061\/2018 6,8 CADASTRO DE RESERVA 21 TATIANNE MEKAELLY FARIAS SANTOS 067\/2018 6,8 CADASTRO DE RESERVA 22 JULIANA CRISTINA ALVES SILVA 008\/2018 6,7 CADASTRO DE RESERVA 23 FERNANDA DE LIMA ARA\u00daJO 015\/2018 6,3 CADASTRO DE RESERVA 24 ATAM\u00c1RIA BEZERRA D\u00c1RIO 039\/2018 6,3 CADASTRO DE RESERVA 25 BRUNA MIKAELE BRAZ DE SIQUEIRA 065\/2018 6,3 CADASTRO DE RESERVA 26 ARTUR ALAN MELO CARNEIRO DE OLIVEIRA 014\/2018 6,1 CADASTRO DE RESERVA 27 GRACE KELLY DE ASSIS SILVA 016\/2018 6,1 CADASTRO DE RESERVA 28 IRMA LA DULCE ANGELINA BEZERRA 032\/2018 6,1 CADASTRO DE RESERVA 29 DAIANE DE FRAN\u00c7A FEITOSA 034\/2018 6,1 CADASTRO DE RESERVA 30 JOS\u00c9 MANOEL DA SILVA JUNIOR 043\/2018 6,1 CADASTRO DE RESERVA 31 EDJANE CRISTINA DE O.FREITAS 045\/2018 6,1 CADASTRO DE RESERVA 32 ALANNY ARA\u00daJO DE SOUZA 047\/2018 6,1 CADASTRO DE RESERVA 33 YGO MAGALH\u00c3ES ALMEIDA 048\/2018 6,1 CADASTRO DE RESERVA 34 LORENA RODRIGUES 049\/2018 6,1 CADASTRO DE RESERVA 35 PATR\u00cdCIA DA SILVA EVANGELISTA 053\/2018 6,1 CADASTRO DE RESERVA 36 MARIA JANOELMA FRAN\u00c7A SILVA 057\/2018 6,1 CADASTRO DE RESERVA 37 ALBA JOSEFINA ARA\u00daJO PAIVA 071\/2018 6,1 CADASTRO DE RESERVA 38 JOICE DANTAS DE OLIVEIRA 012\/2018 6,0 CADASTRO DE RESERVA 39 CLEDENILDA FERREIRA RODRIGUES 069\/2018 5,5 CADASTRO DE RESERVA 40 W\u00caLLYDA PAULA BARBOSA DA COSTA 044\/2018 5,3 CADASTRO DE RESERVA 41 FILIPE JUNIOR SILVA DOS SANTOS 026\/2018 5,1 CADASTRO DE RESERVA 42 LESLY CARLA LEITA DEFREITAS 040\/2018 5,1 CADASTRO DE RESERVA 43 VANDECLEIDE BRAZ TAVARES 070\/2018 5,1 CADASTRO DE RESERVA 44 MARIA DA PAZ S. ALMEIDA 023\/2018 4,6 CADASTRO DE RESERVA 45 JOS\u00c9 JONNAT BARBOZA GUIMAR\u00c3ES 054\/2018 4,6 CADASTRO DE RESERVA 46 GILDA POLES DE SOUSA LIMA 056\/2018 4,6 CADASTRO DE RESERVA 47 MARIA APARECIDA BARBOZA DE SOUZA 058\/2018 4,6 CADASTRO DE RESERVA 48 CAROLINE DE SOUSA SOARES 068\/2018 4,5 CADASTRO DE RESERVA 49 RAQUEL GON\u00c7ALVES MACIEL 001\/2018 4,1 CADASTRO DE RESERVA 50 JOAN RODRIGO LUCENA VILAR 002\/2018 4,1 CADASTRO DE RESERVA 51 TAYN\u00c1 CHARLEY CARVALHO DOS SANTOS 025\/2018 4,0 CADASTRO DE RESERVA 52 ELIS\u00c2NGELA PIRES DE OLIVEIRA 063\/2018 3,5 CADASTRO DE RESERVA 53 MARIA DA CONCEI\u00c7\u00c3O DE ARA\u00daJO CRUZ 013\/2018 3,1 CADASTRO DE RESERVA 54 JULIANA GOMES CORREIA 011\/2018 2,6 CADASTRO DE RESERVA PARA ATUAR NA ZONA RURAL ORDEM NOME DO CANDIDATO N\u00ba FICHA DE INSCRI\u00c7\u00c3O PONTUA\u00c7\u00c3O &nbsp; SITUA\u00c7\u00c3O 01 MARIA ALDENISE FARIAS DA SILVA 033\/2018 8,0 &nbsp; APROVADO 02 MARIA DO SOCORRO DEODATO DA SILVA 006\/2018 7,8 APROVADO 03 JANAINA BEZERRA DE FARIAS 029\/2018 7,8 APROVADO 04 N\u00daBIA JOCIELMA DA SILVA SOUZA 031\/2018 7,8 APROVADO 05 ALDISLEI NUNES MACIEL 003\/2018 7,2 APROVADO 06 MARIA DAS DORES PEREIRA PEQUENO 020\/2018 7,0 CADASTRO DE RESERVA 07 EMANOEL DA SILVA CARVALHO 024\/2018 6,9 CADASTRO DE RESERVA 08 CHARLENE SOUSA SILVA 017\/2018 6,1 CADASTRO DE RESERVA 09 JULIO HENRIQUE RODRIGUES DE QUEIROZ 018\/2018 6,1 CADASTRO DE RESERVA 10 JAQUELINE SU\u00caRDA DA SILVA IZIDORIO 019\/2018 6,1 CADASTRO DE RESERVA 11 VANESSA DO NASCIMENTO BRAGA 036\/2018 6,1 CADASTRO DE RESERVA 12 SAMYRYS SOUZA DE OLIVEIRA 022\/2018 5,5 CADASTRO DE RESERVA 13 FL\u00c1VIA MARIA ALVES DE ARA\u00daJO 066\/2018 5,1 CADASTRO DE RESERVA 14 JEFFERSON FERREIRA DE. F. FEITOSA 038\/2018 4,5 CADASTRO DE RESERVA 15 MARIA RAQUEL DO NASCIMENTO ARA\u00daJO 051\/2018 4,5 CADASTRO DE RESERVA 16 MARIA SAIONARA RODRIGUESDA SILVA 062\/2018 4,5 CADASTRO DE RESERVA 17 JOS\u00c9ILDO LIBERATO DE AMORIM 055\/2018 3,5 CADASTRO DE RESERVA &nbsp; Ascom\/PMS &nbsp;\" \/>\n<meta property=\"og:url\" content=\"https:\/\/noticiasemdestaque.com\/cd\/?p=8164\" \/>\n<meta property=\"og:site_name\" content=\"Not&iacute;cias em Destaque\" \/>\n<meta property=\"article:published_time\" content=\"2018-02-27T15:19:24+00:00\" \/>\n<meta property=\"og:image\" content=\"https:\/\/noticiasemdestaque.com\/cd\/wp-content\/uploads\/2018\/02\/IMG-20160516-WA0019-735x450.jpg\" \/>\n\t<meta property=\"og:image:width\" content=\"735\" \/>\n\t<meta property=\"og:image:height\" content=\"450\" \/>\n\t<meta property=\"og:image:type\" content=\"image\/jpeg\" \/>\n<meta name=\"author\" content=\"Not\u00edcias em Destaque\" \/>\n<meta name=\"twitter:card\" content=\"summary_large_image\" \/>\n<meta name=\"twitter:label1\" content=\"Escrito por\" \/>\n\t<meta name=\"twitter:data1\" content=\"Not\u00edcias em Destaque\" \/>\n\t<meta name=\"twitter:label2\" content=\"Est. tempo de leitura\" \/>\n\t<meta name=\"twitter:data2\" content=\"3 minutos\" \/>\n<script type=\"application\/ld+json\" class=\"yoast-schema-graph\">{\"@context\":\"https:\/\/schema.org\",\"@graph\":[{\"@type\":\"Article\",\"@id\":\"https:\/\/noticiasemdestaque.com\/cd\/?p=8164#article\",\"isPartOf\":{\"@id\":\"https:\/\/noticiasemdestaque.com\/cd\/?p=8164\"},\"author\":{\"name\":\"Not\u00edcias em Destaque\",\"@id\":\"https:\/\/noticiasemdestaque.com\/cd\/#\/schema\/person\/21320b03a7e8bb90128938dafc9b908a\"},\"headline\":\"Sai resultado preliminar de Processo Seletivo do Programa de Educa\u00e7\u00e3o de Jovens e Adultos de Sum\u00e9\",\"datePublished\":\"2018-02-27T15:19:24+00:00\",\"mainEntityOfPage\":{\"@id\":\"https:\/\/noticiasemdestaque.com\/cd\/?p=8164\"},\"wordCount\":690,\"publisher\":{\"@id\":\"https:\/\/noticiasemdestaque.com\/cd\/#organization\"},\"image\":{\"@id\":\"https:\/\/noticiasemdestaque.com\/cd\/?p=8164#primaryimage\"},\"thumbnailUrl\":\"https:\/\/noticiasemdestaque.com\/cd\/wp-content\/uploads\/2018\/02\/IMG-20160516-WA0019-735x450.jpg\",\"articleSection\":[\"Cidades\"],\"inLanguage\":\"pt-BR\"},{\"@type\":\"WebPage\",\"@id\":\"https:\/\/noticiasemdestaque.com\/cd\/?p=8164\",\"url\":\"https:\/\/noticiasemdestaque.com\/cd\/?p=8164\",\"name\":\"Sai resultado preliminar de Processo Seletivo do Programa de Educa\u00e7\u00e3o de Jovens e Adultos de Sum\u00e9 - Not&iacute;cias em Destaque\",\"isPartOf\":{\"@id\":\"https:\/\/noticiasemdestaque.com\/cd\/#website\"},\"primaryImageOfPage\":{\"@id\":\"https:\/\/noticiasemdestaque.com\/cd\/?p=8164#primaryimage\"},\"image\":{\"@id\":\"https:\/\/noticiasemdestaque.com\/cd\/?p=8164#primaryimage\"},\"thumbnailUrl\":\"https:\/\/noticiasemdestaque.com\/cd\/wp-content\/uploads\/2018\/02\/IMG-20160516-WA0019-735x450.jpg\",\"datePublished\":\"2018-02-27T15:19:24+00:00\",\"breadcrumb\":{\"@id\":\"https:\/\/noticiasemdestaque.com\/cd\/?p=8164#breadcrumb\"},\"inLanguage\":\"pt-BR\",\"potentialAction\":[{\"@type\":\"ReadAction\",\"target\":[\"https:\/\/noticiasemdestaque.com\/cd\/?p=8164\"]}]},{\"@type\":\"ImageObject\",\"inLanguage\":\"pt-BR\",\"@id\":\"https:\/\/noticiasemdestaque.com\/cd\/?p=8164#primaryimage\",\"url\":\"https:\/\/noticiasemdestaque.com\/cd\/wp-content\/uploads\/2018\/02\/IMG-20160516-WA0019-735x450.jpg\",\"contentUrl\":\"https:\/\/noticiasemdestaque.com\/cd\/wp-content\/uploads\/2018\/02\/IMG-20160516-WA0019-735x450.jpg\",\"width\":735,\"height\":450},{\"@type\":\"BreadcrumbList\",\"@id\":\"https:\/\/noticiasemdestaque.com\/cd\/?p=8164#breadcrumb\",\"itemListElement\":[{\"@type\":\"ListItem\",\"position\":1,\"name\":\"In\u00edcio\",\"item\":\"https:\/\/noticiasemdestaque.com\/cd\/\"},{\"@type\":\"ListItem\",\"position\":2,\"name\":\"Sai resultado preliminar de Processo Seletivo do Programa de Educa\u00e7\u00e3o de Jovens e Adultos de Sum\u00e9\"}]},{\"@type\":\"WebSite\",\"@id\":\"https:\/\/noticiasemdestaque.com\/cd\/#website\",\"url\":\"https:\/\/noticiasemdestaque.com\/cd\/\",\"name\":\"Not&iacute;cias em Destaque\",\"description\":\"\",\"publisher\":{\"@id\":\"https:\/\/noticiasemdestaque.com\/cd\/#organization\"},\"potentialAction\":[{\"@type\":\"SearchAction\",\"target\":{\"@type\":\"EntryPoint\",\"urlTemplate\":\"https:\/\/noticiasemdestaque.com\/cd\/?s={search_term_string}\"},\"query-input\":{\"@type\":\"PropertyValueSpecification\",\"valueRequired\":true,\"valueName\":\"search_term_string\"}}],\"inLanguage\":\"pt-BR\"},{\"@type\":\"Organization\",\"@id\":\"https:\/\/noticiasemdestaque.com\/cd\/#organization\",\"name\":\"Not\u00edcias em Destaque\",\"url\":\"https:\/\/noticiasemdestaque.com\/cd\/\",\"logo\":{\"@type\":\"ImageObject\",\"inLanguage\":\"pt-BR\",\"@id\":\"https:\/\/noticiasemdestaque.com\/cd\/#\/schema\/logo\/image\/\",\"url\":\"https:\/\/noticiasemdestaque.com\/cd\/wp-content\/uploads\/2022\/05\/imagem-base-noticiasemdestaque.png\",\"contentUrl\":\"https:\/\/noticiasemdestaque.com\/cd\/wp-content\/uploads\/2022\/05\/imagem-base-noticiasemdestaque.png\",\"width\":1200,\"height\":630,\"caption\":\"Not\u00edcias em Destaque\"},\"image\":{\"@id\":\"https:\/\/noticiasemdestaque.com\/cd\/#\/schema\/logo\/image\/\"}},{\"@type\":\"Person\",\"@id\":\"https:\/\/noticiasemdestaque.com\/cd\/#\/schema\/person\/21320b03a7e8bb90128938dafc9b908a\",\"name\":\"Not\u00edcias em Destaque\",\"url\":\"https:\/\/noticiasemdestaque.com\/cd\/?author=2\"}]}<\/script>\n<!-- \/ Yoast SEO plugin. -->","yoast_head_json":{"title":"Sai resultado preliminar de Processo Seletivo do Programa de Educa\u00e7\u00e3o de Jovens e Adultos de Sum\u00e9 - Not&iacute;cias em Destaque","robots":{"index":"index","follow":"follow","max-snippet":"max-snippet:-1","max-image-preview":"max-image-preview:large","max-video-preview":"max-video-preview:-1"},"canonical":"https:\/\/noticiasemdestaque.com\/cd\/?p=8164","og_locale":"pt_BR","og_type":"article","og_title":"Sai resultado preliminar de Processo Seletivo do Programa de Educa\u00e7\u00e3o de Jovens e Adultos de Sum\u00e9 - Not&iacute;cias em Destaque","og_description":"A Prefeitura de Sum\u00e9 divulgou nesta ter\u00e7a-feira (27\/02) o resultado preliminar do Processo Seletivo para sele\u00e7\u00e3o de professor do Programa de Alfabetiza\u00e7\u00e3o de Jovens e Adultos. O candidato que desejar interpor recurso contra o resultado do Processo Seletivo tem o prazo de 48 horas (at\u00e9 a pr\u00f3xima quinta-feira), das 08h \u00e0s 12h, para apresentar o recurso na Secretaria Municipal de Educa\u00e7\u00e3o devidamente fundamentado e com a devida identifica\u00e7\u00e3o. N\u00e3o ser\u00e3o aceitos recursos por procura\u00e7\u00e3o, fax ou correio eletr\u00f4nico. O resultado apresenta os aprovados e classificados para a zona urbana e os aprovados e classificados para a zona rural. Confira a rela\u00e7\u00e3o: PARA ATUAR NA ZONA URBANA ORDEM NOME DO CANDIDATO N\u00ba FICHA DE INSCRI\u00c7\u00c3O PONTUA\u00c7\u00c3O SITUA\u00c7\u00c3O \u00a01 LUMA RAISSA DA SILVAA 050\/2018 9,2 APROVADO 2 GILCILENE CAMPOS DA SILVA 027\/2018 8,4 APROVADO 3 IARA SOARES DO NASCIMENTO 059\/2018 8,2 APROVADO 4 FRANCIELY RENALLY MACIEL 060\/2018 8,2 APROVADO 5 CRISTINA DE SOUSA BATISTA 028\/2018 8,0 APROVADO 6 THAIS DEODATO DASILVA 005\/2018 7,8 CADASTRO DE RESERVA 7 ROM\u00caNIA CARMEM MELO QUEIROZ 009\/2018 7,8 CADASTRO DE RESERVA 8 ALINE DANIELLE BARBOSA DA SILVA 042\/2018 7,8 CADASTRO DE RESERVA 9 ELI\u00caNE FERNANDES DE SALES 046\/2018 7,8 CADASTRO DE RESERVA 10 LINDIANE BALBINO DE SOUZA 004\/2018 7,7 CADASTRO DE RESERVA 11 ANDREIA CRISTINA DA SILVA GABRIEL 035\/2018 7,7 CADASTRO DE RESERVA 12 DANIELA BRITO RAMOS 010\/2018 7,5 CADASTRO DE RESERVA 13 LUCIVANIA DEODATO DA SILVA 021\/2018 7,5 CADASTRO DE RESERVA 14 MARIA DA CONCEI\u00c7\u00c3O JORGE ARA\u00daJO 037\/2018 7,4 CADASTRO DE RESERVA 15 ERIKA MARIA DE ABREU BATISTA 007\/2018 7,2 CADASTRO DE RESERVA 16 NALLYGIA MARTINS SANTOS 041\/2018 7,2 CADASTRO DE RESERVA 17 MARIA TERESA CRISTINA C. DO NASCIMENTO 063\/2018 6,9 CADASTRO DE RESERVA 18 IRIS BARBOSA CARNEIRO 030\/2018 6,8 CADASTRO DE RESERVA 19 ANA INGRID DA S.LIMA 052\/2018 6,8 CADASTRO DE RESERVA 20 PATRICIA N\u00daBIA FERNANDES ROM\u00c3O 061\/2018 6,8 CADASTRO DE RESERVA 21 TATIANNE MEKAELLY FARIAS SANTOS 067\/2018 6,8 CADASTRO DE RESERVA 22 JULIANA CRISTINA ALVES SILVA 008\/2018 6,7 CADASTRO DE RESERVA 23 FERNANDA DE LIMA ARA\u00daJO 015\/2018 6,3 CADASTRO DE RESERVA 24 ATAM\u00c1RIA BEZERRA D\u00c1RIO 039\/2018 6,3 CADASTRO DE RESERVA 25 BRUNA MIKAELE BRAZ DE SIQUEIRA 065\/2018 6,3 CADASTRO DE RESERVA 26 ARTUR ALAN MELO CARNEIRO DE OLIVEIRA 014\/2018 6,1 CADASTRO DE RESERVA 27 GRACE KELLY DE ASSIS SILVA 016\/2018 6,1 CADASTRO DE RESERVA 28 IRMA LA DULCE ANGELINA BEZERRA 032\/2018 6,1 CADASTRO DE RESERVA 29 DAIANE DE FRAN\u00c7A FEITOSA 034\/2018 6,1 CADASTRO DE RESERVA 30 JOS\u00c9 MANOEL DA SILVA JUNIOR 043\/2018 6,1 CADASTRO DE RESERVA 31 EDJANE CRISTINA DE O.FREITAS 045\/2018 6,1 CADASTRO DE RESERVA 32 ALANNY ARA\u00daJO DE SOUZA 047\/2018 6,1 CADASTRO DE RESERVA 33 YGO MAGALH\u00c3ES ALMEIDA 048\/2018 6,1 CADASTRO DE RESERVA 34 LORENA RODRIGUES 049\/2018 6,1 CADASTRO DE RESERVA 35 PATR\u00cdCIA DA SILVA EVANGELISTA 053\/2018 6,1 CADASTRO DE RESERVA 36 MARIA JANOELMA FRAN\u00c7A SILVA 057\/2018 6,1 CADASTRO DE RESERVA 37 ALBA JOSEFINA ARA\u00daJO PAIVA 071\/2018 6,1 CADASTRO DE RESERVA 38 JOICE DANTAS DE OLIVEIRA 012\/2018 6,0 CADASTRO DE RESERVA 39 CLEDENILDA FERREIRA RODRIGUES 069\/2018 5,5 CADASTRO DE RESERVA 40 W\u00caLLYDA PAULA BARBOSA DA COSTA 044\/2018 5,3 CADASTRO DE RESERVA 41 FILIPE JUNIOR SILVA DOS SANTOS 026\/2018 5,1 CADASTRO DE RESERVA 42 LESLY CARLA LEITA DEFREITAS 040\/2018 5,1 CADASTRO DE RESERVA 43 VANDECLEIDE BRAZ TAVARES 070\/2018 5,1 CADASTRO DE RESERVA 44 MARIA DA PAZ S. ALMEIDA 023\/2018 4,6 CADASTRO DE RESERVA 45 JOS\u00c9 JONNAT BARBOZA GUIMAR\u00c3ES 054\/2018 4,6 CADASTRO DE RESERVA 46 GILDA POLES DE SOUSA LIMA 056\/2018 4,6 CADASTRO DE RESERVA 47 MARIA APARECIDA BARBOZA DE SOUZA 058\/2018 4,6 CADASTRO DE RESERVA 48 CAROLINE DE SOUSA SOARES 068\/2018 4,5 CADASTRO DE RESERVA 49 RAQUEL GON\u00c7ALVES MACIEL 001\/2018 4,1 CADASTRO DE RESERVA 50 JOAN RODRIGO LUCENA VILAR 002\/2018 4,1 CADASTRO DE RESERVA 51 TAYN\u00c1 CHARLEY CARVALHO DOS SANTOS 025\/2018 4,0 CADASTRO DE RESERVA 52 ELIS\u00c2NGELA PIRES DE OLIVEIRA 063\/2018 3,5 CADASTRO DE RESERVA 53 MARIA DA CONCEI\u00c7\u00c3O DE ARA\u00daJO CRUZ 013\/2018 3,1 CADASTRO DE RESERVA 54 JULIANA GOMES CORREIA 011\/2018 2,6 CADASTRO DE RESERVA PARA ATUAR NA ZONA RURAL ORDEM NOME DO CANDIDATO N\u00ba FICHA DE INSCRI\u00c7\u00c3O PONTUA\u00c7\u00c3O &nbsp; SITUA\u00c7\u00c3O 01 MARIA ALDENISE FARIAS DA SILVA 033\/2018 8,0 &nbsp; APROVADO 02 MARIA DO SOCORRO DEODATO DA SILVA 006\/2018 7,8 APROVADO 03 JANAINA BEZERRA DE FARIAS 029\/2018 7,8 APROVADO 04 N\u00daBIA JOCIELMA DA SILVA SOUZA 031\/2018 7,8 APROVADO 05 ALDISLEI NUNES MACIEL 003\/2018 7,2 APROVADO 06 MARIA DAS DORES PEREIRA PEQUENO 020\/2018 7,0 CADASTRO DE RESERVA 07 EMANOEL DA SILVA CARVALHO 024\/2018 6,9 CADASTRO DE RESERVA 08 CHARLENE SOUSA SILVA 017\/2018 6,1 CADASTRO DE RESERVA 09 JULIO HENRIQUE RODRIGUES DE QUEIROZ 018\/2018 6,1 CADASTRO DE RESERVA 10 JAQUELINE SU\u00caRDA DA SILVA IZIDORIO 019\/2018 6,1 CADASTRO DE RESERVA 11 VANESSA DO NASCIMENTO BRAGA 036\/2018 6,1 CADASTRO DE RESERVA 12 SAMYRYS SOUZA DE OLIVEIRA 022\/2018 5,5 CADASTRO DE RESERVA 13 FL\u00c1VIA MARIA ALVES DE ARA\u00daJO 066\/2018 5,1 CADASTRO DE RESERVA 14 JEFFERSON FERREIRA DE. F. FEITOSA 038\/2018 4,5 CADASTRO DE RESERVA 15 MARIA RAQUEL DO NASCIMENTO ARA\u00daJO 051\/2018 4,5 CADASTRO DE RESERVA 16 MARIA SAIONARA RODRIGUESDA SILVA 062\/2018 4,5 CADASTRO DE RESERVA 17 JOS\u00c9ILDO LIBERATO DE AMORIM 055\/2018 3,5 CADASTRO DE RESERVA &nbsp; Ascom\/PMS &nbsp;","og_url":"https:\/\/noticiasemdestaque.com\/cd\/?p=8164","og_site_name":"Not&iacute;cias em Destaque","article_published_time":"2018-02-27T15:19:24+00:00","og_image":[{"width":735,"height":450,"url":"https:\/\/noticiasemdestaque.com\/cd\/wp-content\/uploads\/2018\/02\/IMG-20160516-WA0019-735x450.jpg","type":"image\/jpeg"}],"author":"Not\u00edcias em Destaque","twitter_card":"summary_large_image","twitter_misc":{"Escrito por":"Not\u00edcias em Destaque","Est. tempo de leitura":"3 minutos"},"schema":{"@context":"https:\/\/schema.org","@graph":[{"@type":"Article","@id":"https:\/\/noticiasemdestaque.com\/cd\/?p=8164#article","isPartOf":{"@id":"https:\/\/noticiasemdestaque.com\/cd\/?p=8164"},"author":{"name":"Not\u00edcias em Destaque","@id":"https:\/\/noticiasemdestaque.com\/cd\/#\/schema\/person\/21320b03a7e8bb90128938dafc9b908a"},"headline":"Sai resultado preliminar de Processo Seletivo do Programa de Educa\u00e7\u00e3o de Jovens e Adultos de Sum\u00e9","datePublished":"2018-02-27T15:19:24+00:00","mainEntityOfPage":{"@id":"https:\/\/noticiasemdestaque.com\/cd\/?p=8164"},"wordCount":690,"publisher":{"@id":"https:\/\/noticiasemdestaque.com\/cd\/#organization"},"image":{"@id":"https:\/\/noticiasemdestaque.com\/cd\/?p=8164#primaryimage"},"thumbnailUrl":"https:\/\/noticiasemdestaque.com\/cd\/wp-content\/uploads\/2018\/02\/IMG-20160516-WA0019-735x450.jpg","articleSection":["Cidades"],"inLanguage":"pt-BR"},{"@type":"WebPage","@id":"https:\/\/noticiasemdestaque.com\/cd\/?p=8164","url":"https:\/\/noticiasemdestaque.com\/cd\/?p=8164","name":"Sai resultado preliminar de Processo Seletivo do Programa de Educa\u00e7\u00e3o de Jovens e Adultos de Sum\u00e9 - Not&iacute;cias em Destaque","isPartOf":{"@id":"https:\/\/noticiasemdestaque.com\/cd\/#website"},"primaryImageOfPage":{"@id":"https:\/\/noticiasemdestaque.com\/cd\/?p=8164#primaryimage"},"image":{"@id":"https:\/\/noticiasemdestaque.com\/cd\/?p=8164#primaryimage"},"thumbnailUrl":"https:\/\/noticiasemdestaque.com\/cd\/wp-content\/uploads\/2018\/02\/IMG-20160516-WA0019-735x450.jpg","datePublished":"2018-02-27T15:19:24+00:00","breadcrumb":{"@id":"https:\/\/noticiasemdestaque.com\/cd\/?p=8164#breadcrumb"},"inLanguage":"pt-BR","potentialAction":[{"@type":"ReadAction","target":["https:\/\/noticiasemdestaque.com\/cd\/?p=8164"]}]},{"@type":"ImageObject","inLanguage":"pt-BR","@id":"https:\/\/noticiasemdestaque.com\/cd\/?p=8164#primaryimage","url":"https:\/\/noticiasemdestaque.com\/cd\/wp-content\/uploads\/2018\/02\/IMG-20160516-WA0019-735x450.jpg","contentUrl":"https:\/\/noticiasemdestaque.com\/cd\/wp-content\/uploads\/2018\/02\/IMG-20160516-WA0019-735x450.jpg","width":735,"height":450},{"@type":"BreadcrumbList","@id":"https:\/\/noticiasemdestaque.com\/cd\/?p=8164#breadcrumb","itemListElement":[{"@type":"ListItem","position":1,"name":"In\u00edcio","item":"https:\/\/noticiasemdestaque.com\/cd\/"},{"@type":"ListItem","position":2,"name":"Sai resultado preliminar de Processo Seletivo do Programa de Educa\u00e7\u00e3o de Jovens e Adultos de Sum\u00e9"}]},{"@type":"WebSite","@id":"https:\/\/noticiasemdestaque.com\/cd\/#website","url":"https:\/\/noticiasemdestaque.com\/cd\/","name":"Not&iacute;cias em Destaque","description":"","publisher":{"@id":"https:\/\/noticiasemdestaque.com\/cd\/#organization"},"potentialAction":[{"@type":"SearchAction","target":{"@type":"EntryPoint","urlTemplate":"https:\/\/noticiasemdestaque.com\/cd\/?s={search_term_string}"},"query-input":{"@type":"PropertyValueSpecification","valueRequired":true,"valueName":"search_term_string"}}],"inLanguage":"pt-BR"},{"@type":"Organization","@id":"https:\/\/noticiasemdestaque.com\/cd\/#organization","name":"Not\u00edcias em Destaque","url":"https:\/\/noticiasemdestaque.com\/cd\/","logo":{"@type":"ImageObject","inLanguage":"pt-BR","@id":"https:\/\/noticiasemdestaque.com\/cd\/#\/schema\/logo\/image\/","url":"https:\/\/noticiasemdestaque.com\/cd\/wp-content\/uploads\/2022\/05\/imagem-base-noticiasemdestaque.png","contentUrl":"https:\/\/noticiasemdestaque.com\/cd\/wp-content\/uploads\/2022\/05\/imagem-base-noticiasemdestaque.png","width":1200,"height":630,"caption":"Not\u00edcias em Destaque"},"image":{"@id":"https:\/\/noticiasemdestaque.com\/cd\/#\/schema\/logo\/image\/"}},{"@type":"Person","@id":"https:\/\/noticiasemdestaque.com\/cd\/#\/schema\/person\/21320b03a7e8bb90128938dafc9b908a","name":"Not\u00edcias em Destaque","url":"https:\/\/noticiasemdestaque.com\/cd\/?author=2"}]}},"jetpack_featured_media_url":"https:\/\/noticiasemdestaque.com\/cd\/wp-content\/uploads\/2018\/02\/IMG-20160516-WA0019-735x450.jpg","jetpack_sharing_enabled":true,"_links":{"self":[{"href":"https:\/\/noticiasemdestaque.com\/cd\/index.php?rest_route=\/wp\/v2\/posts\/8164","targetHints":{"allow":["GET"]}}],"collection":[{"href":"https:\/\/noticiasemdestaque.com\/cd\/index.php?rest_route=\/wp\/v2\/posts"}],"about":[{"href":"https:\/\/noticiasemdestaque.com\/cd\/index.php?rest_route=\/wp\/v2\/types\/post"}],"author":[{"embeddable":true,"href":"https:\/\/noticiasemdestaque.com\/cd\/index.php?rest_route=\/wp\/v2\/users\/2"}],"replies":[{"embeddable":true,"href":"https:\/\/noticiasemdestaque.com\/cd\/index.php?rest_route=%2Fwp%2Fv2%2Fcomments&post=8164"}],"version-history":[{"count":2,"href":"https:\/\/noticiasemdestaque.com\/cd\/index.php?rest_route=\/wp\/v2\/posts\/8164\/revisions"}],"predecessor-version":[{"id":8167,"href":"https:\/\/noticiasemdestaque.com\/cd\/index.php?rest_route=\/wp\/v2\/posts\/8164\/revisions\/8167"}],"wp:featuredmedia":[{"embeddable":true,"href":"https:\/\/noticiasemdestaque.com\/cd\/index.php?rest_route=\/wp\/v2\/media\/8165"}],"wp:attachment":[{"href":"https:\/\/noticiasemdestaque.com\/cd\/index.php?rest_route=%2Fwp%2Fv2%2Fmedia&parent=8164"}],"wp:term":[{"taxonomy":"category","embeddable":true,"href":"https:\/\/noticiasemdestaque.com\/cd\/index.php?rest_route=%2Fwp%2Fv2%2Fcategories&post=8164"},{"taxonomy":"post_tag","embeddable":true,"href":"https:\/\/noticiasemdestaque.com\/cd\/index.php?rest_route=%2Fwp%2Fv2%2Ftags&post=8164"}],"curies":[{"name":"wp","href":"https:\/\/api.w.org\/{rel}","templated":true}]}}