{"id":8161,"date":"2018-02-27T09:15:35","date_gmt":"2018-02-27T12:15:35","guid":{"rendered":"http:\/\/caririemdestaque.com\/cd\/?p=8161"},"modified":"2018-02-27T09:15:35","modified_gmt":"2018-02-27T12:15:35","slug":"dois-veiculos-sao-roubados-no-cariri-em-menos-de-24-horas-um-foi-recuperado","status":"publish","type":"post","link":"https:\/\/noticiasemdestaque.com\/cd\/?p=8161","title":{"rendered":"Dois ve\u00edculos s\u00e3o roubados no Cariri em menos de 24 horas; um foi recuperado"},"content":{"rendered":"<p><img fetchpriority=\"high\" decoding=\"async\" class=\"size-medium wp-image-6926 alignleft\" src=\"http:\/\/www.vitrinedocariri.com.br\/wp-content\/uploads\/2018\/02\/0003-29-300x225.jpg\" alt=\"\" width=\"300\" height=\"225\" \/>Mais um assalto foi registrado na cidade de Cabaceiras, no Cariri paraibano. Dois agricultores foram assaltados na manh\u00e3 desta ter\u00e7a-feira(27), na zona rural de Cabaceiras, no Cariri paraibano.<\/p>\n<p>Eles estavam indo para o trabalho quando foram abordados por tr\u00eas indiv\u00edduos entre as cidades de Cabaceiras e S\u00e3o Domingos do Cariri.<\/p>\n<p>Claudinho e seu amigo tiveram a moto, capacetes e outros pertences roubados.<\/p>\n<p>Nenhum suspeito foi localizado.<\/p>\n<p><strong>Roubo de carro<\/strong><\/p>\n<p>O empres\u00e1rio que teve seu carro roubado na manh\u00e3 da segunda-feira(26), conseguiu encontrar o ve\u00edculo horas depois, pr\u00f3ximo a Fazenda Perfase, munic\u00edpio de Cabaceiras, no Cariri.<\/p>\n<p>O carro de Helio Pachu foi localizado a noite e rebocado para a Delegacia de Queimadas.<\/p>\n<p>O assalto ocorreu pela manh\u00e3 da segunda-feira(26), quando cinco elementos abordaram o empres\u00e1rio e levaram o ve\u00edculo.<\/p>\n<p>At\u00e9 o momento ningu\u00e9m foi preso.<\/p>\n<p>Fonte: De Olho no Cariri<\/p>\n","protected":false},"excerpt":{"rendered":"<p>Mais um assalto foi registrado na cidade de Cabaceiras, no Cariri paraibano. Dois agricultores foram assaltados na manh\u00e3 desta ter\u00e7a-feira(27), na zona rural de Cabaceiras, no Cariri paraibano. Eles estavam indo para o trabalho quando foram abordados por tr\u00eas indiv\u00edduos entre as cidades de Cabaceiras e S\u00e3o Domingos do Cariri. Claudinho e seu amigo tiveram a moto, capacetes e outros pertences roubados. Nenhum suspeito foi localizado. Roubo de carro O empres\u00e1rio que teve seu carro roubado na manh\u00e3 da segunda-feira(26), conseguiu encontrar o ve\u00edculo horas depois, pr\u00f3ximo a Fazenda Perfase, munic\u00edpio de Cabaceiras, no Cariri. O carro de Helio Pachu foi localizado a noite e rebocado para a Delegacia de Queimadas. O assalto ocorreu pela manh\u00e3 da segunda-feira(26), quando cinco elementos abordaram o empres\u00e1rio e levaram o ve\u00edculo. At\u00e9 o momento ningu\u00e9m foi preso. Fonte: De Olho no Cariri<\/p>\n","protected":false},"author":2,"featured_media":8162,"comment_status":"closed","ping_status":"open","sticky":false,"template":"","format":"standard","meta":{"_eb_attr":"","_jetpack_memberships_contains_paid_content":false,"footnotes":""},"categories":[1],"tags":[],"class_list":["post-8161","post","type-post","status-publish","format-standard","has-post-thumbnail","hentry","category-uncategorized"],"yoast_head":"<!-- This site is optimized with the Yoast SEO plugin v26.5 - https:\/\/yoast.com\/wordpress\/plugins\/seo\/ -->\n<title>Dois ve\u00edculos s\u00e3o roubados no Cariri em menos de 24 horas; um foi recuperado - Not&iacute;cias em Destaque<\/title>\n<meta name=\"robots\" content=\"index, follow, max-snippet:-1, max-image-preview:large, max-video-preview:-1\" \/>\n<link rel=\"canonical\" href=\"https:\/\/noticiasemdestaque.com\/cd\/?p=8161\" \/>\n<meta property=\"og:locale\" content=\"pt_BR\" \/>\n<meta property=\"og:type\" content=\"article\" \/>\n<meta property=\"og:title\" content=\"Dois ve\u00edculos s\u00e3o roubados no Cariri em menos de 24 horas; um foi recuperado - Not&iacute;cias em Destaque\" \/>\n<meta property=\"og:description\" content=\"Mais um assalto foi registrado na cidade de Cabaceiras, no Cariri paraibano. Dois agricultores foram assaltados na manh\u00e3 desta ter\u00e7a-feira(27), na zona rural de Cabaceiras, no Cariri paraibano. Eles estavam indo para o trabalho quando foram abordados por tr\u00eas indiv\u00edduos entre as cidades de Cabaceiras e S\u00e3o Domingos do Cariri. Claudinho e seu amigo tiveram a moto, capacetes e outros pertences roubados. Nenhum suspeito foi localizado. Roubo de carro O empres\u00e1rio que teve seu carro roubado na manh\u00e3 da segunda-feira(26), conseguiu encontrar o ve\u00edculo horas depois, pr\u00f3ximo a Fazenda Perfase, munic\u00edpio de Cabaceiras, no Cariri. O carro de Helio Pachu foi localizado a noite e rebocado para a Delegacia de Queimadas. O assalto ocorreu pela manh\u00e3 da segunda-feira(26), quando cinco elementos abordaram o empres\u00e1rio e levaram o ve\u00edculo. At\u00e9 o momento ningu\u00e9m foi preso. Fonte: De Olho no Cariri\" \/>\n<meta property=\"og:url\" content=\"https:\/\/noticiasemdestaque.com\/cd\/?p=8161\" \/>\n<meta property=\"og:site_name\" content=\"Not&iacute;cias em Destaque\" \/>\n<meta property=\"article:published_time\" content=\"2018-02-27T12:15:35+00:00\" \/>\n<meta property=\"og:image\" content=\"https:\/\/noticiasemdestaque.com\/cd\/wp-content\/uploads\/2018\/02\/0003-29-300x225.jpg\" \/>\n\t<meta property=\"og:image:width\" content=\"300\" \/>\n\t<meta property=\"og:image:height\" content=\"225\" \/>\n\t<meta property=\"og:image:type\" content=\"image\/jpeg\" \/>\n<meta name=\"author\" content=\"Not\u00edcias em Destaque\" \/>\n<meta name=\"twitter:card\" content=\"summary_large_image\" \/>\n<meta name=\"twitter:label1\" content=\"Escrito por\" \/>\n\t<meta name=\"twitter:data1\" content=\"Not\u00edcias em Destaque\" \/>\n\t<meta name=\"twitter:label2\" content=\"Est. tempo de leitura\" \/>\n\t<meta name=\"twitter:data2\" content=\"1 minuto\" \/>\n<script type=\"application\/ld+json\" class=\"yoast-schema-graph\">{\"@context\":\"https:\/\/schema.org\",\"@graph\":[{\"@type\":\"Article\",\"@id\":\"https:\/\/noticiasemdestaque.com\/cd\/?p=8161#article\",\"isPartOf\":{\"@id\":\"https:\/\/noticiasemdestaque.com\/cd\/?p=8161\"},\"author\":{\"name\":\"Not\u00edcias em Destaque\",\"@id\":\"https:\/\/noticiasemdestaque.com\/cd\/#\/schema\/person\/21320b03a7e8bb90128938dafc9b908a\"},\"headline\":\"Dois ve\u00edculos s\u00e3o roubados no Cariri em menos de 24 horas; um foi recuperado\",\"datePublished\":\"2018-02-27T12:15:35+00:00\",\"mainEntityOfPage\":{\"@id\":\"https:\/\/noticiasemdestaque.com\/cd\/?p=8161\"},\"wordCount\":165,\"publisher\":{\"@id\":\"https:\/\/noticiasemdestaque.com\/cd\/#organization\"},\"image\":{\"@id\":\"https:\/\/noticiasemdestaque.com\/cd\/?p=8161#primaryimage\"},\"thumbnailUrl\":\"https:\/\/noticiasemdestaque.com\/cd\/wp-content\/uploads\/2018\/02\/0003-29-300x225.jpg\",\"articleSection\":[\"Uncategorized\"],\"inLanguage\":\"pt-BR\"},{\"@type\":\"WebPage\",\"@id\":\"https:\/\/noticiasemdestaque.com\/cd\/?p=8161\",\"url\":\"https:\/\/noticiasemdestaque.com\/cd\/?p=8161\",\"name\":\"Dois ve\u00edculos s\u00e3o roubados no Cariri em menos de 24 horas; um foi recuperado - Not&iacute;cias em Destaque\",\"isPartOf\":{\"@id\":\"https:\/\/noticiasemdestaque.com\/cd\/#website\"},\"primaryImageOfPage\":{\"@id\":\"https:\/\/noticiasemdestaque.com\/cd\/?p=8161#primaryimage\"},\"image\":{\"@id\":\"https:\/\/noticiasemdestaque.com\/cd\/?p=8161#primaryimage\"},\"thumbnailUrl\":\"https:\/\/noticiasemdestaque.com\/cd\/wp-content\/uploads\/2018\/02\/0003-29-300x225.jpg\",\"datePublished\":\"2018-02-27T12:15:35+00:00\",\"breadcrumb\":{\"@id\":\"https:\/\/noticiasemdestaque.com\/cd\/?p=8161#breadcrumb\"},\"inLanguage\":\"pt-BR\",\"potentialAction\":[{\"@type\":\"ReadAction\",\"target\":[\"https:\/\/noticiasemdestaque.com\/cd\/?p=8161\"]}]},{\"@type\":\"ImageObject\",\"inLanguage\":\"pt-BR\",\"@id\":\"https:\/\/noticiasemdestaque.com\/cd\/?p=8161#primaryimage\",\"url\":\"https:\/\/noticiasemdestaque.com\/cd\/wp-content\/uploads\/2018\/02\/0003-29-300x225.jpg\",\"contentUrl\":\"https:\/\/noticiasemdestaque.com\/cd\/wp-content\/uploads\/2018\/02\/0003-29-300x225.jpg\",\"width\":300,\"height\":225},{\"@type\":\"BreadcrumbList\",\"@id\":\"https:\/\/noticiasemdestaque.com\/cd\/?p=8161#breadcrumb\",\"itemListElement\":[{\"@type\":\"ListItem\",\"position\":1,\"name\":\"In\u00edcio\",\"item\":\"https:\/\/noticiasemdestaque.com\/cd\/\"},{\"@type\":\"ListItem\",\"position\":2,\"name\":\"Dois ve\u00edculos s\u00e3o roubados no Cariri em menos de 24 horas; um foi recuperado\"}]},{\"@type\":\"WebSite\",\"@id\":\"https:\/\/noticiasemdestaque.com\/cd\/#website\",\"url\":\"https:\/\/noticiasemdestaque.com\/cd\/\",\"name\":\"Not&iacute;cias em Destaque\",\"description\":\"\",\"publisher\":{\"@id\":\"https:\/\/noticiasemdestaque.com\/cd\/#organization\"},\"potentialAction\":[{\"@type\":\"SearchAction\",\"target\":{\"@type\":\"EntryPoint\",\"urlTemplate\":\"https:\/\/noticiasemdestaque.com\/cd\/?s={search_term_string}\"},\"query-input\":{\"@type\":\"PropertyValueSpecification\",\"valueRequired\":true,\"valueName\":\"search_term_string\"}}],\"inLanguage\":\"pt-BR\"},{\"@type\":\"Organization\",\"@id\":\"https:\/\/noticiasemdestaque.com\/cd\/#organization\",\"name\":\"Not\u00edcias em Destaque\",\"url\":\"https:\/\/noticiasemdestaque.com\/cd\/\",\"logo\":{\"@type\":\"ImageObject\",\"inLanguage\":\"pt-BR\",\"@id\":\"https:\/\/noticiasemdestaque.com\/cd\/#\/schema\/logo\/image\/\",\"url\":\"https:\/\/noticiasemdestaque.com\/cd\/wp-content\/uploads\/2022\/05\/imagem-base-noticiasemdestaque.png\",\"contentUrl\":\"https:\/\/noticiasemdestaque.com\/cd\/wp-content\/uploads\/2022\/05\/imagem-base-noticiasemdestaque.png\",\"width\":1200,\"height\":630,\"caption\":\"Not\u00edcias em Destaque\"},\"image\":{\"@id\":\"https:\/\/noticiasemdestaque.com\/cd\/#\/schema\/logo\/image\/\"}},{\"@type\":\"Person\",\"@id\":\"https:\/\/noticiasemdestaque.com\/cd\/#\/schema\/person\/21320b03a7e8bb90128938dafc9b908a\",\"name\":\"Not\u00edcias em Destaque\",\"url\":\"https:\/\/noticiasemdestaque.com\/cd\/?author=2\"}]}<\/script>\n<!-- \/ Yoast SEO plugin. -->","yoast_head_json":{"title":"Dois ve\u00edculos s\u00e3o roubados no Cariri em menos de 24 horas; um foi recuperado - Not&iacute;cias em Destaque","robots":{"index":"index","follow":"follow","max-snippet":"max-snippet:-1","max-image-preview":"max-image-preview:large","max-video-preview":"max-video-preview:-1"},"canonical":"https:\/\/noticiasemdestaque.com\/cd\/?p=8161","og_locale":"pt_BR","og_type":"article","og_title":"Dois ve\u00edculos s\u00e3o roubados no Cariri em menos de 24 horas; um foi recuperado - Not&iacute;cias em Destaque","og_description":"Mais um assalto foi registrado na cidade de Cabaceiras, no Cariri paraibano. Dois agricultores foram assaltados na manh\u00e3 desta ter\u00e7a-feira(27), na zona rural de Cabaceiras, no Cariri paraibano. Eles estavam indo para o trabalho quando foram abordados por tr\u00eas indiv\u00edduos entre as cidades de Cabaceiras e S\u00e3o Domingos do Cariri. Claudinho e seu amigo tiveram a moto, capacetes e outros pertences roubados. Nenhum suspeito foi localizado. Roubo de carro O empres\u00e1rio que teve seu carro roubado na manh\u00e3 da segunda-feira(26), conseguiu encontrar o ve\u00edculo horas depois, pr\u00f3ximo a Fazenda Perfase, munic\u00edpio de Cabaceiras, no Cariri. O carro de Helio Pachu foi localizado a noite e rebocado para a Delegacia de Queimadas. O assalto ocorreu pela manh\u00e3 da segunda-feira(26), quando cinco elementos abordaram o empres\u00e1rio e levaram o ve\u00edculo. At\u00e9 o momento ningu\u00e9m foi preso. Fonte: De Olho no Cariri","og_url":"https:\/\/noticiasemdestaque.com\/cd\/?p=8161","og_site_name":"Not&iacute;cias em Destaque","article_published_time":"2018-02-27T12:15:35+00:00","og_image":[{"width":300,"height":225,"url":"https:\/\/noticiasemdestaque.com\/cd\/wp-content\/uploads\/2018\/02\/0003-29-300x225.jpg","type":"image\/jpeg"}],"author":"Not\u00edcias em Destaque","twitter_card":"summary_large_image","twitter_misc":{"Escrito por":"Not\u00edcias em Destaque","Est. tempo de leitura":"1 minuto"},"schema":{"@context":"https:\/\/schema.org","@graph":[{"@type":"Article","@id":"https:\/\/noticiasemdestaque.com\/cd\/?p=8161#article","isPartOf":{"@id":"https:\/\/noticiasemdestaque.com\/cd\/?p=8161"},"author":{"name":"Not\u00edcias em Destaque","@id":"https:\/\/noticiasemdestaque.com\/cd\/#\/schema\/person\/21320b03a7e8bb90128938dafc9b908a"},"headline":"Dois ve\u00edculos s\u00e3o roubados no Cariri em menos de 24 horas; um foi recuperado","datePublished":"2018-02-27T12:15:35+00:00","mainEntityOfPage":{"@id":"https:\/\/noticiasemdestaque.com\/cd\/?p=8161"},"wordCount":165,"publisher":{"@id":"https:\/\/noticiasemdestaque.com\/cd\/#organization"},"image":{"@id":"https:\/\/noticiasemdestaque.com\/cd\/?p=8161#primaryimage"},"thumbnailUrl":"https:\/\/noticiasemdestaque.com\/cd\/wp-content\/uploads\/2018\/02\/0003-29-300x225.jpg","articleSection":["Uncategorized"],"inLanguage":"pt-BR"},{"@type":"WebPage","@id":"https:\/\/noticiasemdestaque.com\/cd\/?p=8161","url":"https:\/\/noticiasemdestaque.com\/cd\/?p=8161","name":"Dois ve\u00edculos s\u00e3o roubados no Cariri em menos de 24 horas; um foi recuperado - Not&iacute;cias em Destaque","isPartOf":{"@id":"https:\/\/noticiasemdestaque.com\/cd\/#website"},"primaryImageOfPage":{"@id":"https:\/\/noticiasemdestaque.com\/cd\/?p=8161#primaryimage"},"image":{"@id":"https:\/\/noticiasemdestaque.com\/cd\/?p=8161#primaryimage"},"thumbnailUrl":"https:\/\/noticiasemdestaque.com\/cd\/wp-content\/uploads\/2018\/02\/0003-29-300x225.jpg","datePublished":"2018-02-27T12:15:35+00:00","breadcrumb":{"@id":"https:\/\/noticiasemdestaque.com\/cd\/?p=8161#breadcrumb"},"inLanguage":"pt-BR","potentialAction":[{"@type":"ReadAction","target":["https:\/\/noticiasemdestaque.com\/cd\/?p=8161"]}]},{"@type":"ImageObject","inLanguage":"pt-BR","@id":"https:\/\/noticiasemdestaque.com\/cd\/?p=8161#primaryimage","url":"https:\/\/noticiasemdestaque.com\/cd\/wp-content\/uploads\/2018\/02\/0003-29-300x225.jpg","contentUrl":"https:\/\/noticiasemdestaque.com\/cd\/wp-content\/uploads\/2018\/02\/0003-29-300x225.jpg","width":300,"height":225},{"@type":"BreadcrumbList","@id":"https:\/\/noticiasemdestaque.com\/cd\/?p=8161#breadcrumb","itemListElement":[{"@type":"ListItem","position":1,"name":"In\u00edcio","item":"https:\/\/noticiasemdestaque.com\/cd\/"},{"@type":"ListItem","position":2,"name":"Dois ve\u00edculos s\u00e3o roubados no Cariri em menos de 24 horas; um foi recuperado"}]},{"@type":"WebSite","@id":"https:\/\/noticiasemdestaque.com\/cd\/#website","url":"https:\/\/noticiasemdestaque.com\/cd\/","name":"Not&iacute;cias em Destaque","description":"","publisher":{"@id":"https:\/\/noticiasemdestaque.com\/cd\/#organization"},"potentialAction":[{"@type":"SearchAction","target":{"@type":"EntryPoint","urlTemplate":"https:\/\/noticiasemdestaque.com\/cd\/?s={search_term_string}"},"query-input":{"@type":"PropertyValueSpecification","valueRequired":true,"valueName":"search_term_string"}}],"inLanguage":"pt-BR"},{"@type":"Organization","@id":"https:\/\/noticiasemdestaque.com\/cd\/#organization","name":"Not\u00edcias em Destaque","url":"https:\/\/noticiasemdestaque.com\/cd\/","logo":{"@type":"ImageObject","inLanguage":"pt-BR","@id":"https:\/\/noticiasemdestaque.com\/cd\/#\/schema\/logo\/image\/","url":"https:\/\/noticiasemdestaque.com\/cd\/wp-content\/uploads\/2022\/05\/imagem-base-noticiasemdestaque.png","contentUrl":"https:\/\/noticiasemdestaque.com\/cd\/wp-content\/uploads\/2022\/05\/imagem-base-noticiasemdestaque.png","width":1200,"height":630,"caption":"Not\u00edcias em Destaque"},"image":{"@id":"https:\/\/noticiasemdestaque.com\/cd\/#\/schema\/logo\/image\/"}},{"@type":"Person","@id":"https:\/\/noticiasemdestaque.com\/cd\/#\/schema\/person\/21320b03a7e8bb90128938dafc9b908a","name":"Not\u00edcias em Destaque","url":"https:\/\/noticiasemdestaque.com\/cd\/?author=2"}]}},"jetpack_featured_media_url":"https:\/\/noticiasemdestaque.com\/cd\/wp-content\/uploads\/2018\/02\/0003-29-300x225.jpg","jetpack_sharing_enabled":true,"_links":{"self":[{"href":"https:\/\/noticiasemdestaque.com\/cd\/index.php?rest_route=\/wp\/v2\/posts\/8161","targetHints":{"allow":["GET"]}}],"collection":[{"href":"https:\/\/noticiasemdestaque.com\/cd\/index.php?rest_route=\/wp\/v2\/posts"}],"about":[{"href":"https:\/\/noticiasemdestaque.com\/cd\/index.php?rest_route=\/wp\/v2\/types\/post"}],"author":[{"embeddable":true,"href":"https:\/\/noticiasemdestaque.com\/cd\/index.php?rest_route=\/wp\/v2\/users\/2"}],"replies":[{"embeddable":true,"href":"https:\/\/noticiasemdestaque.com\/cd\/index.php?rest_route=%2Fwp%2Fv2%2Fcomments&post=8161"}],"version-history":[{"count":1,"href":"https:\/\/noticiasemdestaque.com\/cd\/index.php?rest_route=\/wp\/v2\/posts\/8161\/revisions"}],"predecessor-version":[{"id":8163,"href":"https:\/\/noticiasemdestaque.com\/cd\/index.php?rest_route=\/wp\/v2\/posts\/8161\/revisions\/8163"}],"wp:featuredmedia":[{"embeddable":true,"href":"https:\/\/noticiasemdestaque.com\/cd\/index.php?rest_route=\/wp\/v2\/media\/8162"}],"wp:attachment":[{"href":"https:\/\/noticiasemdestaque.com\/cd\/index.php?rest_route=%2Fwp%2Fv2%2Fmedia&parent=8161"}],"wp:term":[{"taxonomy":"category","embeddable":true,"href":"https:\/\/noticiasemdestaque.com\/cd\/index.php?rest_route=%2Fwp%2Fv2%2Fcategories&post=8161"},{"taxonomy":"post_tag","embeddable":true,"href":"https:\/\/noticiasemdestaque.com\/cd\/index.php?rest_route=%2Fwp%2Fv2%2Ftags&post=8161"}],"curies":[{"name":"wp","href":"https:\/\/api.w.org\/{rel}","templated":true}]}}