{"id":81585,"date":"2026-09-04T08:11:50","date_gmt":"2026-09-04T11:11:50","guid":{"rendered":"https:\/\/noticiasemdestaque.com\/cd\/?p=81585"},"modified":"2026-09-04T08:11:50","modified_gmt":"2026-09-04T11:11:50","slug":"onu-preve-el-nino-muito-forte-com-duracao-ate-fevereiro-de-2027","status":"publish","type":"post","link":"https:\/\/noticiasemdestaque.com\/cd\/?p=81585","title":{"rendered":"ONU prev\u00ea El Ni\u00f1o \u201cmuito forte\u201d com dura\u00e7\u00e3o at\u00e9 fevereiro de 2027"},"content":{"rendered":"<p><a href=\"https:\/\/noticiasemdestaque.com\/cd\/wp-content\/uploads\/2026\/09\/78805a221a988e79ef3f42d7c5bfd418-20.png\"><img fetchpriority=\"high\" decoding=\"async\" class=\" wp-image-81586 aligncenter\" src=\"https:\/\/noticiasemdestaque.com\/cd\/wp-content\/uploads\/2026\/09\/78805a221a988e79ef3f42d7c5bfd418-20-300x179.png\" alt=\"\" width=\"595\" height=\"355\" srcset=\"https:\/\/noticiasemdestaque.com\/cd\/wp-content\/uploads\/2026\/09\/78805a221a988e79ef3f42d7c5bfd418-20-300x179.png 300w, https:\/\/noticiasemdestaque.com\/cd\/wp-content\/uploads\/2026\/09\/78805a221a988e79ef3f42d7c5bfd418-20-1024x613.png 1024w, https:\/\/noticiasemdestaque.com\/cd\/wp-content\/uploads\/2026\/09\/78805a221a988e79ef3f42d7c5bfd418-20-768x459.png 768w, https:\/\/noticiasemdestaque.com\/cd\/wp-content\/uploads\/2026\/09\/78805a221a988e79ef3f42d7c5bfd418-20.png 1170w\" sizes=\"(max-width: 595px) 100vw, 595px\" \/><\/a><\/p>\n<p class=\"wp-block-paragraph\">O fen\u00f4meno El Ni\u00f1o est\u00e1 \u201cfirmemente estabelecido\u201d e dever\u00e1 aumentar seus efeitos\u00a0ainda mais nos pr\u00f3ximos meses, atingindo intensidade \u201cmuito forte\u201d com probabilidade \u201cpr\u00f3xima dos 100%\u201d de durar at\u00e9 fevereiro de 2027, alertou hoje (3) a Organiza\u00e7\u00e3o Meteorol\u00f3gica Mundial.<img decoding=\"async\" src=\"https:\/\/agenciabrasil.ebc.com.br\/ebc.png?id=1701427&amp;o=node\" \/><img decoding=\"async\" src=\"https:\/\/agenciabrasil.ebc.com.br\/ebc.gif?id=1701427&amp;o=node\" \/><\/p>\n<blockquote>\n<p class=\"wp-block-paragraph\">\u201cO El Ni\u00f1o estabeleceu-se firmemente e ir\u00e1 se intensificar, tornando-se um fen\u00f4meno muito forte nos pr\u00f3ximos meses, com repercuss\u00f5es significativas nos padr\u00f5es de temperatura e precipita\u00e7\u00e3o, bem como nos riscos associados de inunda\u00e7\u00f5es, secas e calor extremo\u201d, alerta nova atualiza\u00e7\u00e3o da Organiza\u00e7\u00e3o Meteorol\u00f3gica Mundial (OMM).<\/p>\n<\/blockquote>\n<p class=\"wp-block-paragraph\">Al\u00e9m disso, a organiza\u00e7\u00e3o destaca\u00a0que as \u00faltimas previs\u00f5es sazonais dos centros de produ\u00e7\u00e3o globais da OMM indicam\u00a0\u201cprobabilidade excepcionalmente elevada\u201d, de quase 100%, de que o El Ni\u00f1o persista at\u00e9 fevereiro de 2027.<\/p>\n<p class=\"wp-block-paragraph\">O secret\u00e1rio-geral da ONU, Ant\u00f3nio Guterres, alertou para a intensifica\u00e7\u00e3o nos pr\u00f3ximos meses do fen\u00f4meno El Ni\u00f1o, real\u00e7ando que o mundo vive uma situa\u00e7\u00e3o de \u201calto risco\u201d com eventos clim\u00e1ticos extremos.<\/p>\n<blockquote>\n<p class=\"wp-block-paragraph\">\u201cA ci\u00eancia \u00e9 inequ\u00edvoca: o planeta est\u00e1 a entrar em \u00e1guas desconhecidas, e essas \u00e1guas est\u00e3o a aquecer,\u00a0disse Guterres em comunicado.<\/p>\n<\/blockquote>\n<p class=\"wp-block-paragraph\">As temperaturas da superf\u00edcie do mar est\u00e3o atingem\u00a0n\u00edveis recordes, os term\u00f4metros continuam a subir\u00a0em zona de alto risco, onde os eventos clim\u00e1ticos extremos est\u00e3o se tornando a nova normalidade,<\/p>\n<p class=\"wp-block-paragraph\">Ant\u00f3nio Guterres lembrou\u00a0que este evento excepcional do El Ni\u00f1o exige prepara\u00e7\u00e3o e resposta adequadas.<\/p>\n<blockquote>\n<p class=\"wp-block-paragraph\">\u201cN\u00e3o h\u00e1 tempo a perder. Est\u00e1 em curso uma corrida contra o tempo entre os riscos crescentes e a nossa determina\u00e7\u00e3o em agir contra as altera\u00e7\u00f5es clim\u00e1ticas e proteger as pessoas. \u00c9 uma corrida que devemos ganhar\u201d, disse.<\/p>\n<\/blockquote>\n<p class=\"wp-block-paragraph\">O El Ni\u00f1o \u00e9 um fen\u00f4meno natural que se repete a cada dois a sete anos. As \u00e1guas superficiais do Pac\u00edfico equatorial central e oriental come\u00e7am a aquecer na primavera, levando a grandes altera\u00e7\u00f5es nos padr\u00f5es de vento, press\u00e3o e precipita\u00e7\u00e3o em todo o mundo nos meses seguintes.<\/p>\n<p class=\"wp-block-paragraph\">As temperaturas da superf\u00edcie do mar nesta zona do Pac\u00edfico equatorial j\u00e1 est\u00e3o significativamente acima da m\u00e9dia e continuam a subir.<\/p>\n<p class=\"wp-block-paragraph\">As temperaturas estiveram, em m\u00e9dia, 1,5 graus acima do normal entre maio e julho de 2026, passando para dois graus acima do normal em julho, segundo a OMM, que cita\u00a0ainda leituras de 2,2 graus a 2,6 graus acima da m\u00e9dia entre o final de julho e meados de agosto, \u201co que demonstra o cont\u00ednuo fortalecimento do fen\u00f4meno\u201d.<\/p>\n<p class=\"wp-block-paragraph\">Abaixo da superf\u00edcie do oceano, as temperaturas\u00a0estiveram ainda mais de 0,8 graus acima da m\u00e9dia em algumas \u00e1reas durante julho e o in\u00edcio de agosto.<\/p>\n<p class=\"wp-block-paragraph\">Embora cada El Ni\u00f1o seja diferente, o fen\u00f4meno causou ou intensificou historicamente secas e riscos de inc\u00eandio em partes da Amaz\u00f3nia, Am\u00e9rica Central, Indon\u00e9sia e Austr\u00e1lia, interrompeu a mon\u00e7\u00e3o na \u00cdndia e trouxe chuvas torrenciais para a \u00c1frica Oriental.<\/p>\n<p class=\"wp-block-paragraph\">O evento clim\u00e1tico\u00a0soma-se \u00e0s altera\u00e7\u00f5es\u00a0causadas pelas atividades humanas, exacerbando os eventos\u00a0extremos.<\/p>\n<p class=\"wp-block-paragraph\">Para o per\u00edodo de setembro a novembro deste ano, as previs\u00f5es da OMM indicam aumento da probabilidade de temperaturas acima da m\u00e9dia em quase todas as massas terrestres, bem como padr\u00f5es de precipita\u00e7\u00e3o consistentes com uma resposta atmosf\u00e9rica forte e cl\u00e1ssica a um El Ni\u00f1o intenso no Pac\u00edfico.<\/p>\n<p class=\"wp-block-paragraph\">No ano seguinte ao El Ni\u00f1o, o calor armazenado no oceano \u00e9 libertado para a atmosfera, contribuindo geralmente para o aumento das temperaturas globais, levando muitos cientistas do clima a prever que 2027 ser\u00e1 o ano mais quente de que h\u00e1 registo.<\/p>\n<p class=\"wp-block-paragraph\">O ano mais quente at\u00e9 agora\u00a0\u00e9 2024, depois do \u00faltimo El Ni\u00f1o.<\/p>\n<p><strong>Not\u00edcias em Destaque<\/strong><\/p>\n<p style=\"text-align: right;\"><em>Fonte: Ag\u00eancia Brasil<\/em><\/p>\n","protected":false},"excerpt":{"rendered":"<p>O fen\u00f4meno El Ni\u00f1o est\u00e1 \u201cfirmemente estabelecido\u201d e dever\u00e1 aumentar seus efeitos\u00a0ainda mais nos pr\u00f3ximos meses, atingindo intensidade \u201cmuito forte\u201d com probabilidade \u201cpr\u00f3xima dos 100%\u201d de durar at\u00e9 fevereiro de 2027, alertou hoje (3) a Organiza\u00e7\u00e3o Meteorol\u00f3gica Mundial. \u201cO El Ni\u00f1o estabeleceu-se firmemente e ir\u00e1 se intensificar, tornando-se um fen\u00f4meno muito forte nos pr\u00f3ximos meses, com repercuss\u00f5es significativas nos padr\u00f5es de temperatura e precipita\u00e7\u00e3o, bem como nos riscos associados de inunda\u00e7\u00f5es, secas e calor extremo\u201d, alerta nova atualiza\u00e7\u00e3o da Organiza\u00e7\u00e3o Meteorol\u00f3gica Mundial (OMM). Al\u00e9m disso, a organiza\u00e7\u00e3o destaca\u00a0que as \u00faltimas previs\u00f5es sazonais dos centros de produ\u00e7\u00e3o globais da OMM indicam\u00a0\u201cprobabilidade excepcionalmente elevada\u201d, de quase 100%, de que o El Ni\u00f1o persista at\u00e9 fevereiro de 2027. O secret\u00e1rio-geral da ONU, Ant\u00f3nio Guterres, alertou para a intensifica\u00e7\u00e3o nos pr\u00f3ximos meses do fen\u00f4meno El Ni\u00f1o, real\u00e7ando que o mundo vive uma situa\u00e7\u00e3o de \u201calto risco\u201d com eventos clim\u00e1ticos extremos. \u201cA ci\u00eancia \u00e9 inequ\u00edvoca: o planeta est\u00e1 a entrar em \u00e1guas desconhecidas, e essas \u00e1guas est\u00e3o a aquecer,\u00a0disse Guterres em comunicado. As temperaturas da superf\u00edcie do mar est\u00e3o atingem\u00a0n\u00edveis recordes, os term\u00f4metros continuam a subir\u00a0em zona de alto risco, onde os eventos clim\u00e1ticos extremos est\u00e3o se tornando a nova normalidade, Ant\u00f3nio Guterres lembrou\u00a0que este evento excepcional do El Ni\u00f1o exige prepara\u00e7\u00e3o e resposta adequadas. \u201cN\u00e3o h\u00e1 tempo a perder. Est\u00e1 em curso uma corrida contra o tempo entre os riscos crescentes e a nossa determina\u00e7\u00e3o em agir contra as altera\u00e7\u00f5es clim\u00e1ticas e proteger as pessoas. \u00c9 uma corrida que devemos ganhar\u201d, disse. O El Ni\u00f1o \u00e9 um fen\u00f4meno natural que se repete a cada dois a sete anos. As \u00e1guas superficiais do Pac\u00edfico equatorial central e oriental come\u00e7am a aquecer na primavera, levando a grandes altera\u00e7\u00f5es nos padr\u00f5es de vento, press\u00e3o e precipita\u00e7\u00e3o em todo o mundo nos meses seguintes. As temperaturas da superf\u00edcie do mar nesta zona do Pac\u00edfico equatorial j\u00e1 est\u00e3o significativamente acima da m\u00e9dia e continuam a subir. As temperaturas estiveram, em m\u00e9dia, 1,5 graus acima do normal entre maio e julho de 2026, passando para dois graus acima do normal em julho, segundo a OMM, que cita\u00a0ainda leituras de 2,2 graus a 2,6 graus acima da m\u00e9dia entre o final de julho e meados de agosto, \u201co que demonstra o cont\u00ednuo fortalecimento do fen\u00f4meno\u201d. Abaixo da superf\u00edcie do oceano, as temperaturas\u00a0estiveram ainda mais de 0,8 graus acima da m\u00e9dia em algumas \u00e1reas durante julho e o in\u00edcio de agosto. Embora cada El Ni\u00f1o seja diferente, o fen\u00f4meno causou ou intensificou historicamente secas e riscos de inc\u00eandio em partes da Amaz\u00f3nia, Am\u00e9rica Central, Indon\u00e9sia e Austr\u00e1lia, interrompeu a mon\u00e7\u00e3o na \u00cdndia e trouxe chuvas torrenciais para a \u00c1frica Oriental. O evento clim\u00e1tico\u00a0soma-se \u00e0s altera\u00e7\u00f5es\u00a0causadas pelas atividades humanas, exacerbando os eventos\u00a0extremos. Para o per\u00edodo de setembro a novembro deste ano, as previs\u00f5es da OMM indicam aumento da probabilidade de temperaturas acima da m\u00e9dia em quase todas as massas terrestres, bem como padr\u00f5es de precipita\u00e7\u00e3o consistentes com uma resposta atmosf\u00e9rica forte e cl\u00e1ssica a um El Ni\u00f1o intenso no Pac\u00edfico. No ano seguinte ao El Ni\u00f1o, o calor armazenado no oceano \u00e9 libertado para a atmosfera, contribuindo geralmente para o aumento das temperaturas globais, levando muitos cientistas do clima a prever que 2027 ser\u00e1 o ano mais quente de que h\u00e1 registo. O ano mais quente at\u00e9 agora\u00a0\u00e9 2024, depois do \u00faltimo El Ni\u00f1o. Not\u00edcias em Destaque Fonte: Ag\u00eancia Brasil<\/p>\n","protected":false},"author":2,"featured_media":81586,"comment_status":"closed","ping_status":"closed","sticky":false,"template":"","format":"standard","meta":{"_eb_attr":"","_jetpack_memberships_contains_paid_content":false,"footnotes":""},"categories":[12],"tags":[],"class_list":["post-81585","post","type-post","status-publish","format-standard","has-post-thumbnail","hentry","category-geral"],"yoast_head":"<!-- This site is optimized with the Yoast SEO plugin v26.5 - https:\/\/yoast.com\/wordpress\/plugins\/seo\/ -->\n<title>ONU prev\u00ea El Ni\u00f1o \u201cmuito forte\u201d com dura\u00e7\u00e3o at\u00e9 fevereiro de 2027 - Not&iacute;cias em Destaque<\/title>\n<meta name=\"robots\" content=\"index, follow, max-snippet:-1, max-image-preview:large, max-video-preview:-1\" \/>\n<link rel=\"canonical\" href=\"https:\/\/noticiasemdestaque.com\/cd\/?p=81585\" \/>\n<meta property=\"og:locale\" content=\"pt_BR\" \/>\n<meta property=\"og:type\" content=\"article\" \/>\n<meta property=\"og:title\" content=\"ONU prev\u00ea El Ni\u00f1o \u201cmuito forte\u201d com dura\u00e7\u00e3o at\u00e9 fevereiro de 2027 - Not&iacute;cias em Destaque\" \/>\n<meta property=\"og:description\" content=\"O fen\u00f4meno El Ni\u00f1o est\u00e1 \u201cfirmemente estabelecido\u201d e dever\u00e1 aumentar seus efeitos\u00a0ainda mais nos pr\u00f3ximos meses, atingindo intensidade \u201cmuito forte\u201d com probabilidade \u201cpr\u00f3xima dos 100%\u201d de durar at\u00e9 fevereiro de 2027, alertou hoje (3) a Organiza\u00e7\u00e3o Meteorol\u00f3gica Mundial. \u201cO El Ni\u00f1o estabeleceu-se firmemente e ir\u00e1 se intensificar, tornando-se um fen\u00f4meno muito forte nos pr\u00f3ximos meses, com repercuss\u00f5es significativas nos padr\u00f5es de temperatura e precipita\u00e7\u00e3o, bem como nos riscos associados de inunda\u00e7\u00f5es, secas e calor extremo\u201d, alerta nova atualiza\u00e7\u00e3o da Organiza\u00e7\u00e3o Meteorol\u00f3gica Mundial (OMM). Al\u00e9m disso, a organiza\u00e7\u00e3o destaca\u00a0que as \u00faltimas previs\u00f5es sazonais dos centros de produ\u00e7\u00e3o globais da OMM indicam\u00a0\u201cprobabilidade excepcionalmente elevada\u201d, de quase 100%, de que o El Ni\u00f1o persista at\u00e9 fevereiro de 2027. O secret\u00e1rio-geral da ONU, Ant\u00f3nio Guterres, alertou para a intensifica\u00e7\u00e3o nos pr\u00f3ximos meses do fen\u00f4meno El Ni\u00f1o, real\u00e7ando que o mundo vive uma situa\u00e7\u00e3o de \u201calto risco\u201d com eventos clim\u00e1ticos extremos. \u201cA ci\u00eancia \u00e9 inequ\u00edvoca: o planeta est\u00e1 a entrar em \u00e1guas desconhecidas, e essas \u00e1guas est\u00e3o a aquecer,\u00a0disse Guterres em comunicado. As temperaturas da superf\u00edcie do mar est\u00e3o atingem\u00a0n\u00edveis recordes, os term\u00f4metros continuam a subir\u00a0em zona de alto risco, onde os eventos clim\u00e1ticos extremos est\u00e3o se tornando a nova normalidade, Ant\u00f3nio Guterres lembrou\u00a0que este evento excepcional do El Ni\u00f1o exige prepara\u00e7\u00e3o e resposta adequadas. \u201cN\u00e3o h\u00e1 tempo a perder. Est\u00e1 em curso uma corrida contra o tempo entre os riscos crescentes e a nossa determina\u00e7\u00e3o em agir contra as altera\u00e7\u00f5es clim\u00e1ticas e proteger as pessoas. \u00c9 uma corrida que devemos ganhar\u201d, disse. O El Ni\u00f1o \u00e9 um fen\u00f4meno natural que se repete a cada dois a sete anos. As \u00e1guas superficiais do Pac\u00edfico equatorial central e oriental come\u00e7am a aquecer na primavera, levando a grandes altera\u00e7\u00f5es nos padr\u00f5es de vento, press\u00e3o e precipita\u00e7\u00e3o em todo o mundo nos meses seguintes. As temperaturas da superf\u00edcie do mar nesta zona do Pac\u00edfico equatorial j\u00e1 est\u00e3o significativamente acima da m\u00e9dia e continuam a subir. As temperaturas estiveram, em m\u00e9dia, 1,5 graus acima do normal entre maio e julho de 2026, passando para dois graus acima do normal em julho, segundo a OMM, que cita\u00a0ainda leituras de 2,2 graus a 2,6 graus acima da m\u00e9dia entre o final de julho e meados de agosto, \u201co que demonstra o cont\u00ednuo fortalecimento do fen\u00f4meno\u201d. Abaixo da superf\u00edcie do oceano, as temperaturas\u00a0estiveram ainda mais de 0,8 graus acima da m\u00e9dia em algumas \u00e1reas durante julho e o in\u00edcio de agosto. Embora cada El Ni\u00f1o seja diferente, o fen\u00f4meno causou ou intensificou historicamente secas e riscos de inc\u00eandio em partes da Amaz\u00f3nia, Am\u00e9rica Central, Indon\u00e9sia e Austr\u00e1lia, interrompeu a mon\u00e7\u00e3o na \u00cdndia e trouxe chuvas torrenciais para a \u00c1frica Oriental. O evento clim\u00e1tico\u00a0soma-se \u00e0s altera\u00e7\u00f5es\u00a0causadas pelas atividades humanas, exacerbando os eventos\u00a0extremos. Para o per\u00edodo de setembro a novembro deste ano, as previs\u00f5es da OMM indicam aumento da probabilidade de temperaturas acima da m\u00e9dia em quase todas as massas terrestres, bem como padr\u00f5es de precipita\u00e7\u00e3o consistentes com uma resposta atmosf\u00e9rica forte e cl\u00e1ssica a um El Ni\u00f1o intenso no Pac\u00edfico. No ano seguinte ao El Ni\u00f1o, o calor armazenado no oceano \u00e9 libertado para a atmosfera, contribuindo geralmente para o aumento das temperaturas globais, levando muitos cientistas do clima a prever que 2027 ser\u00e1 o ano mais quente de que h\u00e1 registo. O ano mais quente at\u00e9 agora\u00a0\u00e9 2024, depois do \u00faltimo El Ni\u00f1o. Not\u00edcias em Destaque Fonte: Ag\u00eancia Brasil\" \/>\n<meta property=\"og:url\" content=\"https:\/\/noticiasemdestaque.com\/cd\/?p=81585\" \/>\n<meta property=\"og:site_name\" content=\"Not&iacute;cias em Destaque\" \/>\n<meta property=\"article:published_time\" content=\"2026-09-04T11:11:50+00:00\" \/>\n<meta property=\"og:image\" content=\"https:\/\/noticiasemdestaque.com\/cd\/wp-content\/uploads\/2026\/09\/78805a221a988e79ef3f42d7c5bfd418-20.png\" \/>\n\t<meta property=\"og:image:width\" content=\"1170\" \/>\n\t<meta property=\"og:image:height\" content=\"700\" \/>\n\t<meta property=\"og:image:type\" content=\"image\/png\" \/>\n<meta name=\"author\" content=\"Not\u00edcias em Destaque\" \/>\n<meta name=\"twitter:card\" content=\"summary_large_image\" \/>\n<meta name=\"twitter:label1\" content=\"Escrito por\" \/>\n\t<meta name=\"twitter:data1\" content=\"Not\u00edcias em Destaque\" \/>\n\t<meta name=\"twitter:label2\" content=\"Est. tempo de leitura\" \/>\n\t<meta name=\"twitter:data2\" content=\"4 minutos\" \/>\n<script type=\"application\/ld+json\" class=\"yoast-schema-graph\">{\"@context\":\"https:\/\/schema.org\",\"@graph\":[{\"@type\":\"Article\",\"@id\":\"https:\/\/noticiasemdestaque.com\/cd\/?p=81585#article\",\"isPartOf\":{\"@id\":\"https:\/\/noticiasemdestaque.com\/cd\/?p=81585\"},\"author\":{\"name\":\"Not\u00edcias em Destaque\",\"@id\":\"https:\/\/noticiasemdestaque.com\/cd\/#\/schema\/person\/a978acbbda55eca5b71ccb9421897bb0\"},\"headline\":\"ONU prev\u00ea El Ni\u00f1o \u201cmuito forte\u201d com dura\u00e7\u00e3o at\u00e9 fevereiro de 2027\",\"datePublished\":\"2026-09-04T11:11:50+00:00\",\"mainEntityOfPage\":{\"@id\":\"https:\/\/noticiasemdestaque.com\/cd\/?p=81585\"},\"wordCount\":654,\"publisher\":{\"@id\":\"https:\/\/noticiasemdestaque.com\/cd\/#organization\"},\"image\":{\"@id\":\"https:\/\/noticiasemdestaque.com\/cd\/?p=81585#primaryimage\"},\"thumbnailUrl\":\"https:\/\/noticiasemdestaque.com\/cd\/wp-content\/uploads\/2026\/09\/78805a221a988e79ef3f42d7c5bfd418-20.png\",\"articleSection\":[\"Geral\"],\"inLanguage\":\"pt-BR\"},{\"@type\":\"WebPage\",\"@id\":\"https:\/\/noticiasemdestaque.com\/cd\/?p=81585\",\"url\":\"https:\/\/noticiasemdestaque.com\/cd\/?p=81585\",\"name\":\"ONU prev\u00ea El Ni\u00f1o \u201cmuito forte\u201d com dura\u00e7\u00e3o at\u00e9 fevereiro de 2027 - Not&iacute;cias em Destaque\",\"isPartOf\":{\"@id\":\"https:\/\/noticiasemdestaque.com\/cd\/#website\"},\"primaryImageOfPage\":{\"@id\":\"https:\/\/noticiasemdestaque.com\/cd\/?p=81585#primaryimage\"},\"image\":{\"@id\":\"https:\/\/noticiasemdestaque.com\/cd\/?p=81585#primaryimage\"},\"thumbnailUrl\":\"https:\/\/noticiasemdestaque.com\/cd\/wp-content\/uploads\/2026\/09\/78805a221a988e79ef3f42d7c5bfd418-20.png\",\"datePublished\":\"2026-09-04T11:11:50+00:00\",\"breadcrumb\":{\"@id\":\"https:\/\/noticiasemdestaque.com\/cd\/?p=81585#breadcrumb\"},\"inLanguage\":\"pt-BR\",\"potentialAction\":[{\"@type\":\"ReadAction\",\"target\":[\"https:\/\/noticiasemdestaque.com\/cd\/?p=81585\"]}]},{\"@type\":\"ImageObject\",\"inLanguage\":\"pt-BR\",\"@id\":\"https:\/\/noticiasemdestaque.com\/cd\/?p=81585#primaryimage\",\"url\":\"https:\/\/noticiasemdestaque.com\/cd\/wp-content\/uploads\/2026\/09\/78805a221a988e79ef3f42d7c5bfd418-20.png\",\"contentUrl\":\"https:\/\/noticiasemdestaque.com\/cd\/wp-content\/uploads\/2026\/09\/78805a221a988e79ef3f42d7c5bfd418-20.png\",\"width\":1170,\"height\":700},{\"@type\":\"BreadcrumbList\",\"@id\":\"https:\/\/noticiasemdestaque.com\/cd\/?p=81585#breadcrumb\",\"itemListElement\":[{\"@type\":\"ListItem\",\"position\":1,\"name\":\"In\u00edcio\",\"item\":\"https:\/\/noticiasemdestaque.com\/cd\/\"},{\"@type\":\"ListItem\",\"position\":2,\"name\":\"ONU prev\u00ea El Ni\u00f1o \u201cmuito forte\u201d com dura\u00e7\u00e3o at\u00e9 fevereiro de 2027\"}]},{\"@type\":\"WebSite\",\"@id\":\"https:\/\/noticiasemdestaque.com\/cd\/#website\",\"url\":\"https:\/\/noticiasemdestaque.com\/cd\/\",\"name\":\"Not&iacute;cias em Destaque\",\"description\":\"\",\"publisher\":{\"@id\":\"https:\/\/noticiasemdestaque.com\/cd\/#organization\"},\"potentialAction\":[{\"@type\":\"SearchAction\",\"target\":{\"@type\":\"EntryPoint\",\"urlTemplate\":\"https:\/\/noticiasemdestaque.com\/cd\/?s={search_term_string}\"},\"query-input\":{\"@type\":\"PropertyValueSpecification\",\"valueRequired\":true,\"valueName\":\"search_term_string\"}}],\"inLanguage\":\"pt-BR\"},{\"@type\":\"Organization\",\"@id\":\"https:\/\/noticiasemdestaque.com\/cd\/#organization\",\"name\":\"Not\u00edcias em Destaque\",\"url\":\"https:\/\/noticiasemdestaque.com\/cd\/\",\"logo\":{\"@type\":\"ImageObject\",\"inLanguage\":\"pt-BR\",\"@id\":\"https:\/\/noticiasemdestaque.com\/cd\/#\/schema\/logo\/image\/\",\"url\":\"https:\/\/noticiasemdestaque.com\/cd\/wp-content\/uploads\/2022\/05\/imagem-base-noticiasemdestaque.png\",\"contentUrl\":\"https:\/\/noticiasemdestaque.com\/cd\/wp-content\/uploads\/2022\/05\/imagem-base-noticiasemdestaque.png\",\"width\":1200,\"height\":630,\"caption\":\"Not\u00edcias em Destaque\"},\"image\":{\"@id\":\"https:\/\/noticiasemdestaque.com\/cd\/#\/schema\/logo\/image\/\"}},{\"@type\":\"Person\",\"@id\":\"https:\/\/noticiasemdestaque.com\/cd\/#\/schema\/person\/a978acbbda55eca5b71ccb9421897bb0\",\"name\":\"Not\u00edcias em Destaque\",\"url\":\"https:\/\/noticiasemdestaque.com\/cd\/?author=2\"}]}<\/script>\n<!-- \/ Yoast SEO plugin. -->","yoast_head_json":{"title":"ONU prev\u00ea El Ni\u00f1o \u201cmuito forte\u201d com dura\u00e7\u00e3o at\u00e9 fevereiro de 2027 - Not&iacute;cias em Destaque","robots":{"index":"index","follow":"follow","max-snippet":"max-snippet:-1","max-image-preview":"max-image-preview:large","max-video-preview":"max-video-preview:-1"},"canonical":"https:\/\/noticiasemdestaque.com\/cd\/?p=81585","og_locale":"pt_BR","og_type":"article","og_title":"ONU prev\u00ea El Ni\u00f1o \u201cmuito forte\u201d com dura\u00e7\u00e3o at\u00e9 fevereiro de 2027 - Not&iacute;cias em Destaque","og_description":"O fen\u00f4meno El Ni\u00f1o est\u00e1 \u201cfirmemente estabelecido\u201d e dever\u00e1 aumentar seus efeitos\u00a0ainda mais nos pr\u00f3ximos meses, atingindo intensidade \u201cmuito forte\u201d com probabilidade \u201cpr\u00f3xima dos 100%\u201d de durar at\u00e9 fevereiro de 2027, alertou hoje (3) a Organiza\u00e7\u00e3o Meteorol\u00f3gica Mundial. \u201cO El Ni\u00f1o estabeleceu-se firmemente e ir\u00e1 se intensificar, tornando-se um fen\u00f4meno muito forte nos pr\u00f3ximos meses, com repercuss\u00f5es significativas nos padr\u00f5es de temperatura e precipita\u00e7\u00e3o, bem como nos riscos associados de inunda\u00e7\u00f5es, secas e calor extremo\u201d, alerta nova atualiza\u00e7\u00e3o da Organiza\u00e7\u00e3o Meteorol\u00f3gica Mundial (OMM). Al\u00e9m disso, a organiza\u00e7\u00e3o destaca\u00a0que as \u00faltimas previs\u00f5es sazonais dos centros de produ\u00e7\u00e3o globais da OMM indicam\u00a0\u201cprobabilidade excepcionalmente elevada\u201d, de quase 100%, de que o El Ni\u00f1o persista at\u00e9 fevereiro de 2027. O secret\u00e1rio-geral da ONU, Ant\u00f3nio Guterres, alertou para a intensifica\u00e7\u00e3o nos pr\u00f3ximos meses do fen\u00f4meno El Ni\u00f1o, real\u00e7ando que o mundo vive uma situa\u00e7\u00e3o de \u201calto risco\u201d com eventos clim\u00e1ticos extremos. \u201cA ci\u00eancia \u00e9 inequ\u00edvoca: o planeta est\u00e1 a entrar em \u00e1guas desconhecidas, e essas \u00e1guas est\u00e3o a aquecer,\u00a0disse Guterres em comunicado. As temperaturas da superf\u00edcie do mar est\u00e3o atingem\u00a0n\u00edveis recordes, os term\u00f4metros continuam a subir\u00a0em zona de alto risco, onde os eventos clim\u00e1ticos extremos est\u00e3o se tornando a nova normalidade, Ant\u00f3nio Guterres lembrou\u00a0que este evento excepcional do El Ni\u00f1o exige prepara\u00e7\u00e3o e resposta adequadas. \u201cN\u00e3o h\u00e1 tempo a perder. Est\u00e1 em curso uma corrida contra o tempo entre os riscos crescentes e a nossa determina\u00e7\u00e3o em agir contra as altera\u00e7\u00f5es clim\u00e1ticas e proteger as pessoas. \u00c9 uma corrida que devemos ganhar\u201d, disse. O El Ni\u00f1o \u00e9 um fen\u00f4meno natural que se repete a cada dois a sete anos. As \u00e1guas superficiais do Pac\u00edfico equatorial central e oriental come\u00e7am a aquecer na primavera, levando a grandes altera\u00e7\u00f5es nos padr\u00f5es de vento, press\u00e3o e precipita\u00e7\u00e3o em todo o mundo nos meses seguintes. As temperaturas da superf\u00edcie do mar nesta zona do Pac\u00edfico equatorial j\u00e1 est\u00e3o significativamente acima da m\u00e9dia e continuam a subir. As temperaturas estiveram, em m\u00e9dia, 1,5 graus acima do normal entre maio e julho de 2026, passando para dois graus acima do normal em julho, segundo a OMM, que cita\u00a0ainda leituras de 2,2 graus a 2,6 graus acima da m\u00e9dia entre o final de julho e meados de agosto, \u201co que demonstra o cont\u00ednuo fortalecimento do fen\u00f4meno\u201d. Abaixo da superf\u00edcie do oceano, as temperaturas\u00a0estiveram ainda mais de 0,8 graus acima da m\u00e9dia em algumas \u00e1reas durante julho e o in\u00edcio de agosto. Embora cada El Ni\u00f1o seja diferente, o fen\u00f4meno causou ou intensificou historicamente secas e riscos de inc\u00eandio em partes da Amaz\u00f3nia, Am\u00e9rica Central, Indon\u00e9sia e Austr\u00e1lia, interrompeu a mon\u00e7\u00e3o na \u00cdndia e trouxe chuvas torrenciais para a \u00c1frica Oriental. O evento clim\u00e1tico\u00a0soma-se \u00e0s altera\u00e7\u00f5es\u00a0causadas pelas atividades humanas, exacerbando os eventos\u00a0extremos. Para o per\u00edodo de setembro a novembro deste ano, as previs\u00f5es da OMM indicam aumento da probabilidade de temperaturas acima da m\u00e9dia em quase todas as massas terrestres, bem como padr\u00f5es de precipita\u00e7\u00e3o consistentes com uma resposta atmosf\u00e9rica forte e cl\u00e1ssica a um El Ni\u00f1o intenso no Pac\u00edfico. No ano seguinte ao El Ni\u00f1o, o calor armazenado no oceano \u00e9 libertado para a atmosfera, contribuindo geralmente para o aumento das temperaturas globais, levando muitos cientistas do clima a prever que 2027 ser\u00e1 o ano mais quente de que h\u00e1 registo. O ano mais quente at\u00e9 agora\u00a0\u00e9 2024, depois do \u00faltimo El Ni\u00f1o. Not\u00edcias em Destaque Fonte: Ag\u00eancia Brasil","og_url":"https:\/\/noticiasemdestaque.com\/cd\/?p=81585","og_site_name":"Not&iacute;cias em Destaque","article_published_time":"2026-09-04T11:11:50+00:00","og_image":[{"width":1170,"height":700,"url":"https:\/\/noticiasemdestaque.com\/cd\/wp-content\/uploads\/2026\/09\/78805a221a988e79ef3f42d7c5bfd418-20.png","type":"image\/png"}],"author":"Not\u00edcias em Destaque","twitter_card":"summary_large_image","twitter_misc":{"Escrito por":"Not\u00edcias em Destaque","Est. tempo de leitura":"4 minutos"},"schema":{"@context":"https:\/\/schema.org","@graph":[{"@type":"Article","@id":"https:\/\/noticiasemdestaque.com\/cd\/?p=81585#article","isPartOf":{"@id":"https:\/\/noticiasemdestaque.com\/cd\/?p=81585"},"author":{"name":"Not\u00edcias em Destaque","@id":"https:\/\/noticiasemdestaque.com\/cd\/#\/schema\/person\/a978acbbda55eca5b71ccb9421897bb0"},"headline":"ONU prev\u00ea El Ni\u00f1o \u201cmuito forte\u201d com dura\u00e7\u00e3o at\u00e9 fevereiro de 2027","datePublished":"2026-09-04T11:11:50+00:00","mainEntityOfPage":{"@id":"https:\/\/noticiasemdestaque.com\/cd\/?p=81585"},"wordCount":654,"publisher":{"@id":"https:\/\/noticiasemdestaque.com\/cd\/#organization"},"image":{"@id":"https:\/\/noticiasemdestaque.com\/cd\/?p=81585#primaryimage"},"thumbnailUrl":"https:\/\/noticiasemdestaque.com\/cd\/wp-content\/uploads\/2026\/09\/78805a221a988e79ef3f42d7c5bfd418-20.png","articleSection":["Geral"],"inLanguage":"pt-BR"},{"@type":"WebPage","@id":"https:\/\/noticiasemdestaque.com\/cd\/?p=81585","url":"https:\/\/noticiasemdestaque.com\/cd\/?p=81585","name":"ONU prev\u00ea El Ni\u00f1o \u201cmuito forte\u201d com dura\u00e7\u00e3o at\u00e9 fevereiro de 2027 - Not&iacute;cias em Destaque","isPartOf":{"@id":"https:\/\/noticiasemdestaque.com\/cd\/#website"},"primaryImageOfPage":{"@id":"https:\/\/noticiasemdestaque.com\/cd\/?p=81585#primaryimage"},"image":{"@id":"https:\/\/noticiasemdestaque.com\/cd\/?p=81585#primaryimage"},"thumbnailUrl":"https:\/\/noticiasemdestaque.com\/cd\/wp-content\/uploads\/2026\/09\/78805a221a988e79ef3f42d7c5bfd418-20.png","datePublished":"2026-09-04T11:11:50+00:00","breadcrumb":{"@id":"https:\/\/noticiasemdestaque.com\/cd\/?p=81585#breadcrumb"},"inLanguage":"pt-BR","potentialAction":[{"@type":"ReadAction","target":["https:\/\/noticiasemdestaque.com\/cd\/?p=81585"]}]},{"@type":"ImageObject","inLanguage":"pt-BR","@id":"https:\/\/noticiasemdestaque.com\/cd\/?p=81585#primaryimage","url":"https:\/\/noticiasemdestaque.com\/cd\/wp-content\/uploads\/2026\/09\/78805a221a988e79ef3f42d7c5bfd418-20.png","contentUrl":"https:\/\/noticiasemdestaque.com\/cd\/wp-content\/uploads\/2026\/09\/78805a221a988e79ef3f42d7c5bfd418-20.png","width":1170,"height":700},{"@type":"BreadcrumbList","@id":"https:\/\/noticiasemdestaque.com\/cd\/?p=81585#breadcrumb","itemListElement":[{"@type":"ListItem","position":1,"name":"In\u00edcio","item":"https:\/\/noticiasemdestaque.com\/cd\/"},{"@type":"ListItem","position":2,"name":"ONU prev\u00ea El Ni\u00f1o \u201cmuito forte\u201d com dura\u00e7\u00e3o at\u00e9 fevereiro de 2027"}]},{"@type":"WebSite","@id":"https:\/\/noticiasemdestaque.com\/cd\/#website","url":"https:\/\/noticiasemdestaque.com\/cd\/","name":"Not&iacute;cias em Destaque","description":"","publisher":{"@id":"https:\/\/noticiasemdestaque.com\/cd\/#organization"},"potentialAction":[{"@type":"SearchAction","target":{"@type":"EntryPoint","urlTemplate":"https:\/\/noticiasemdestaque.com\/cd\/?s={search_term_string}"},"query-input":{"@type":"PropertyValueSpecification","valueRequired":true,"valueName":"search_term_string"}}],"inLanguage":"pt-BR"},{"@type":"Organization","@id":"https:\/\/noticiasemdestaque.com\/cd\/#organization","name":"Not\u00edcias em Destaque","url":"https:\/\/noticiasemdestaque.com\/cd\/","logo":{"@type":"ImageObject","inLanguage":"pt-BR","@id":"https:\/\/noticiasemdestaque.com\/cd\/#\/schema\/logo\/image\/","url":"https:\/\/noticiasemdestaque.com\/cd\/wp-content\/uploads\/2022\/05\/imagem-base-noticiasemdestaque.png","contentUrl":"https:\/\/noticiasemdestaque.com\/cd\/wp-content\/uploads\/2022\/05\/imagem-base-noticiasemdestaque.png","width":1200,"height":630,"caption":"Not\u00edcias em Destaque"},"image":{"@id":"https:\/\/noticiasemdestaque.com\/cd\/#\/schema\/logo\/image\/"}},{"@type":"Person","@id":"https:\/\/noticiasemdestaque.com\/cd\/#\/schema\/person\/a978acbbda55eca5b71ccb9421897bb0","name":"Not\u00edcias em Destaque","url":"https:\/\/noticiasemdestaque.com\/cd\/?author=2"}]}},"jetpack_featured_media_url":"https:\/\/noticiasemdestaque.com\/cd\/wp-content\/uploads\/2026\/09\/78805a221a988e79ef3f42d7c5bfd418-20.png","jetpack_sharing_enabled":true,"_links":{"self":[{"href":"https:\/\/noticiasemdestaque.com\/cd\/index.php?rest_route=\/wp\/v2\/posts\/81585","targetHints":{"allow":["GET"]}}],"collection":[{"href":"https:\/\/noticiasemdestaque.com\/cd\/index.php?rest_route=\/wp\/v2\/posts"}],"about":[{"href":"https:\/\/noticiasemdestaque.com\/cd\/index.php?rest_route=\/wp\/v2\/types\/post"}],"author":[{"embeddable":true,"href":"https:\/\/noticiasemdestaque.com\/cd\/index.php?rest_route=\/wp\/v2\/users\/2"}],"replies":[{"embeddable":true,"href":"https:\/\/noticiasemdestaque.com\/cd\/index.php?rest_route=%2Fwp%2Fv2%2Fcomments&post=81585"}],"version-history":[{"count":1,"href":"https:\/\/noticiasemdestaque.com\/cd\/index.php?rest_route=\/wp\/v2\/posts\/81585\/revisions"}],"predecessor-version":[{"id":81587,"href":"https:\/\/noticiasemdestaque.com\/cd\/index.php?rest_route=\/wp\/v2\/posts\/81585\/revisions\/81587"}],"wp:featuredmedia":[{"embeddable":true,"href":"https:\/\/noticiasemdestaque.com\/cd\/index.php?rest_route=\/wp\/v2\/media\/81586"}],"wp:attachment":[{"href":"https:\/\/noticiasemdestaque.com\/cd\/index.php?rest_route=%2Fwp%2Fv2%2Fmedia&parent=81585"}],"wp:term":[{"taxonomy":"category","embeddable":true,"href":"https:\/\/noticiasemdestaque.com\/cd\/index.php?rest_route=%2Fwp%2Fv2%2Fcategories&post=81585"},{"taxonomy":"post_tag","embeddable":true,"href":"https:\/\/noticiasemdestaque.com\/cd\/index.php?rest_route=%2Fwp%2Fv2%2Ftags&post=81585"}],"curies":[{"name":"wp","href":"https:\/\/api.w.org\/{rel}","templated":true}]}}