{"id":81573,"date":"2026-09-04T07:36:44","date_gmt":"2026-09-04T10:36:44","guid":{"rendered":"https:\/\/noticiasemdestaque.com\/cd\/?p=81573"},"modified":"2026-09-04T07:36:44","modified_gmt":"2026-09-04T10:36:44","slug":"camara-de-sume-aprova-criacao-do-dia-municipal-do-demolay","status":"publish","type":"post","link":"https:\/\/noticiasemdestaque.com\/cd\/?p=81573","title":{"rendered":"C\u00e2mara de Sum\u00e9 aprova cria\u00e7\u00e3o do Dia Municipal do DeMolay"},"content":{"rendered":"<p><a href=\"https:\/\/noticiasemdestaque.com\/cd\/wp-content\/uploads\/2026\/09\/WhatsApp-Image-2026-09-03-at-17.39.48dasdsad.jpeg\"><img fetchpriority=\"high\" decoding=\"async\" class=\" wp-image-81577 aligncenter\" src=\"https:\/\/noticiasemdestaque.com\/cd\/wp-content\/uploads\/2026\/09\/WhatsApp-Image-2026-09-03-at-17.39.48dasdsad-300x169.jpeg\" alt=\"\" width=\"962\" height=\"542\" srcset=\"https:\/\/noticiasemdestaque.com\/cd\/wp-content\/uploads\/2026\/09\/WhatsApp-Image-2026-09-03-at-17.39.48dasdsad-300x169.jpeg 300w, https:\/\/noticiasemdestaque.com\/cd\/wp-content\/uploads\/2026\/09\/WhatsApp-Image-2026-09-03-at-17.39.48dasdsad-1024x576.jpeg 1024w, https:\/\/noticiasemdestaque.com\/cd\/wp-content\/uploads\/2026\/09\/WhatsApp-Image-2026-09-03-at-17.39.48dasdsad-768x432.jpeg 768w, https:\/\/noticiasemdestaque.com\/cd\/wp-content\/uploads\/2026\/09\/WhatsApp-Image-2026-09-03-at-17.39.48dasdsad-1536x864.jpeg 1536w, https:\/\/noticiasemdestaque.com\/cd\/wp-content\/uploads\/2026\/09\/WhatsApp-Image-2026-09-03-at-17.39.48dasdsad.jpeg 1600w\" sizes=\"(max-width: 962px) 100vw, 962px\" \/><\/a><\/p>\n<p>Na noite da \u00faltima ter\u00e7a-feira (1\u00ba), a C\u00e2mara Municipal de Sum\u00e9 realizou mais uma sess\u00e3o ordin\u00e1ria, com a aprecia\u00e7\u00e3o de projetos e outras mat\u00e9rias de interesse da popula\u00e7\u00e3o.<\/p>\n<p>Durante a sess\u00e3o, o vereador Branco Xiliu apresentou voto de pesar \u00e0 fam\u00edlia do senhor Jos\u00e9 Boaneges de Siqueira. O vereador Dami\u00e3o Rildo tamb\u00e9m apresentou voto de pesar \u00e0 fam\u00edlia da crian\u00e7a Marcos Vin\u00edcius da Silva Alves, em raz\u00e3o de seu falecimento.<\/p>\n<p><a href=\"https:\/\/noticiasemdestaque.com\/cd\/wp-content\/uploads\/2026\/09\/dasdas.jpeg\"><img decoding=\"async\" class=\" wp-image-81575 aligncenter\" src=\"https:\/\/noticiasemdestaque.com\/cd\/wp-content\/uploads\/2026\/09\/dasdas-300x285.jpeg\" alt=\"\" width=\"535\" height=\"508\" srcset=\"https:\/\/noticiasemdestaque.com\/cd\/wp-content\/uploads\/2026\/09\/dasdas-300x285.jpeg 300w, https:\/\/noticiasemdestaque.com\/cd\/wp-content\/uploads\/2026\/09\/dasdas-768x729.jpeg 768w, https:\/\/noticiasemdestaque.com\/cd\/wp-content\/uploads\/2026\/09\/dasdas.jpeg 993w\" sizes=\"(max-width: 535px) 100vw, 535px\" \/><\/a><a href=\"https:\/\/noticiasemdestaque.com\/cd\/wp-content\/uploads\/2026\/09\/WhatsApp-Image-2026-09-03-at-17.39.47.jpeg\"><img decoding=\"async\" class=\" wp-image-81574 aligncenter\" src=\"https:\/\/noticiasemdestaque.com\/cd\/wp-content\/uploads\/2026\/09\/WhatsApp-Image-2026-09-03-at-17.39.47-300x218.jpeg\" alt=\"\" width=\"525\" height=\"382\" srcset=\"https:\/\/noticiasemdestaque.com\/cd\/wp-content\/uploads\/2026\/09\/WhatsApp-Image-2026-09-03-at-17.39.47-300x218.jpeg 300w, https:\/\/noticiasemdestaque.com\/cd\/wp-content\/uploads\/2026\/09\/WhatsApp-Image-2026-09-03-at-17.39.47-1024x743.jpeg 1024w, https:\/\/noticiasemdestaque.com\/cd\/wp-content\/uploads\/2026\/09\/WhatsApp-Image-2026-09-03-at-17.39.47-768x557.jpeg 768w, https:\/\/noticiasemdestaque.com\/cd\/wp-content\/uploads\/2026\/09\/WhatsApp-Image-2026-09-03-at-17.39.47.jpeg 1335w\" sizes=\"(max-width: 525px) 100vw, 525px\" \/><\/a><\/p>\n<p>Na ocasi\u00e3o, os vereadores aprovaram o Projeto de Lei n\u00ba 1.010, de autoria do vereador Ruan Pereira, que institui o Dia Municipal do DeMolay em Sum\u00e9. A data ser\u00e1 celebrada anualmente em 24 de outubro e passar\u00e1 a integrar o Calend\u00e1rio Oficial de Eventos do Munic\u00edpio.<\/p>\n<p><a href=\"https:\/\/noticiasemdestaque.com\/cd\/wp-content\/uploads\/2026\/09\/WhatsApp-Image-2026-09-03-at-17.39.48.jpeg\"><img loading=\"lazy\" decoding=\"async\" class=\" wp-image-81576 aligncenter\" src=\"https:\/\/noticiasemdestaque.com\/cd\/wp-content\/uploads\/2026\/09\/WhatsApp-Image-2026-09-03-at-17.39.48-300x259.jpeg\" alt=\"\" width=\"554\" height=\"478\" srcset=\"https:\/\/noticiasemdestaque.com\/cd\/wp-content\/uploads\/2026\/09\/WhatsApp-Image-2026-09-03-at-17.39.48-300x259.jpeg 300w, https:\/\/noticiasemdestaque.com\/cd\/wp-content\/uploads\/2026\/09\/WhatsApp-Image-2026-09-03-at-17.39.48-1024x883.jpeg 1024w, https:\/\/noticiasemdestaque.com\/cd\/wp-content\/uploads\/2026\/09\/WhatsApp-Image-2026-09-03-at-17.39.48-768x662.jpeg 768w, https:\/\/noticiasemdestaque.com\/cd\/wp-content\/uploads\/2026\/09\/WhatsApp-Image-2026-09-03-at-17.39.48.jpeg 1091w\" sizes=\"(max-width: 554px) 100vw, 554px\" \/><\/a><\/p>\n<p>A iniciativa tem como objetivo reconhecer a import\u00e2ncia da Ordem DeMolay na forma\u00e7\u00e3o moral, \u00e9tica, c\u00edvica e social dos jovens, al\u00e9m de incentivar a\u00e7\u00f5es voltadas \u00e0 cidadania, solidariedade, lideran\u00e7a e respeito aos valores familiares.<\/p>\n<p>A sess\u00e3o contou ainda com a presen\u00e7a de integrantes da Loja Ma\u00e7\u00f4nica de Sum\u00e9, representados na tribuna pelo professor Ant\u00f4nio Mariano.<\/p>\n<p><strong>Not\u00edcias em Destaque<\/strong><\/p>\n<p style=\"text-align: right;\"><em>Fonte: Assessoria<\/em><\/p>\n","protected":false},"excerpt":{"rendered":"<p>Na noite da \u00faltima ter\u00e7a-feira (1\u00ba), a C\u00e2mara Municipal de Sum\u00e9 realizou mais uma sess\u00e3o ordin\u00e1ria, com a aprecia\u00e7\u00e3o de projetos e outras mat\u00e9rias de interesse da popula\u00e7\u00e3o. Durante a sess\u00e3o, o vereador Branco Xiliu apresentou voto de pesar \u00e0 fam\u00edlia do senhor Jos\u00e9 Boaneges de Siqueira. O vereador Dami\u00e3o Rildo tamb\u00e9m apresentou voto de pesar \u00e0 fam\u00edlia da crian\u00e7a Marcos Vin\u00edcius da Silva Alves, em raz\u00e3o de seu falecimento. Na ocasi\u00e3o, os vereadores aprovaram o Projeto de Lei n\u00ba 1.010, de autoria do vereador Ruan Pereira, que institui o Dia Municipal do DeMolay em Sum\u00e9. A data ser\u00e1 celebrada anualmente em 24 de outubro e passar\u00e1 a integrar o Calend\u00e1rio Oficial de Eventos do Munic\u00edpio. A iniciativa tem como objetivo reconhecer a import\u00e2ncia da Ordem DeMolay na forma\u00e7\u00e3o moral, \u00e9tica, c\u00edvica e social dos jovens, al\u00e9m de incentivar a\u00e7\u00f5es voltadas \u00e0 cidadania, solidariedade, lideran\u00e7a e respeito aos valores familiares. A sess\u00e3o contou ainda com a presen\u00e7a de integrantes da Loja Ma\u00e7\u00f4nica de Sum\u00e9, representados na tribuna pelo professor Ant\u00f4nio Mariano. Not\u00edcias em Destaque Fonte: Assessoria<\/p>\n","protected":false},"author":2,"featured_media":81577,"comment_status":"closed","ping_status":"closed","sticky":false,"template":"","format":"standard","meta":{"_eb_attr":"","_jetpack_memberships_contains_paid_content":false,"footnotes":""},"categories":[4],"tags":[],"class_list":["post-81573","post","type-post","status-publish","format-standard","has-post-thumbnail","hentry","category-politica"],"yoast_head":"<!-- This site is optimized with the Yoast SEO plugin v26.5 - https:\/\/yoast.com\/wordpress\/plugins\/seo\/ -->\n<title>C\u00e2mara de Sum\u00e9 aprova cria\u00e7\u00e3o do Dia Municipal do DeMolay - Not&iacute;cias em Destaque<\/title>\n<meta name=\"robots\" content=\"index, follow, max-snippet:-1, max-image-preview:large, max-video-preview:-1\" \/>\n<link rel=\"canonical\" href=\"https:\/\/noticiasemdestaque.com\/cd\/?p=81573\" \/>\n<meta property=\"og:locale\" content=\"pt_BR\" \/>\n<meta property=\"og:type\" content=\"article\" \/>\n<meta property=\"og:title\" content=\"C\u00e2mara de Sum\u00e9 aprova cria\u00e7\u00e3o do Dia Municipal do DeMolay - Not&iacute;cias em Destaque\" \/>\n<meta property=\"og:description\" content=\"Na noite da \u00faltima ter\u00e7a-feira (1\u00ba), a C\u00e2mara Municipal de Sum\u00e9 realizou mais uma sess\u00e3o ordin\u00e1ria, com a aprecia\u00e7\u00e3o de projetos e outras mat\u00e9rias de interesse da popula\u00e7\u00e3o. Durante a sess\u00e3o, o vereador Branco Xiliu apresentou voto de pesar \u00e0 fam\u00edlia do senhor Jos\u00e9 Boaneges de Siqueira. O vereador Dami\u00e3o Rildo tamb\u00e9m apresentou voto de pesar \u00e0 fam\u00edlia da crian\u00e7a Marcos Vin\u00edcius da Silva Alves, em raz\u00e3o de seu falecimento. Na ocasi\u00e3o, os vereadores aprovaram o Projeto de Lei n\u00ba 1.010, de autoria do vereador Ruan Pereira, que institui o Dia Municipal do DeMolay em Sum\u00e9. A data ser\u00e1 celebrada anualmente em 24 de outubro e passar\u00e1 a integrar o Calend\u00e1rio Oficial de Eventos do Munic\u00edpio. A iniciativa tem como objetivo reconhecer a import\u00e2ncia da Ordem DeMolay na forma\u00e7\u00e3o moral, \u00e9tica, c\u00edvica e social dos jovens, al\u00e9m de incentivar a\u00e7\u00f5es voltadas \u00e0 cidadania, solidariedade, lideran\u00e7a e respeito aos valores familiares. A sess\u00e3o contou ainda com a presen\u00e7a de integrantes da Loja Ma\u00e7\u00f4nica de Sum\u00e9, representados na tribuna pelo professor Ant\u00f4nio Mariano. Not\u00edcias em Destaque Fonte: Assessoria\" \/>\n<meta property=\"og:url\" content=\"https:\/\/noticiasemdestaque.com\/cd\/?p=81573\" \/>\n<meta property=\"og:site_name\" content=\"Not&iacute;cias em Destaque\" \/>\n<meta property=\"article:published_time\" content=\"2026-09-04T10:36:44+00:00\" \/>\n<meta property=\"og:image\" content=\"https:\/\/noticiasemdestaque.com\/cd\/wp-content\/uploads\/2026\/09\/WhatsApp-Image-2026-09-03-at-17.39.48dasdsad.jpeg\" \/>\n\t<meta property=\"og:image:width\" content=\"1600\" \/>\n\t<meta property=\"og:image:height\" content=\"900\" \/>\n\t<meta property=\"og:image:type\" content=\"image\/jpeg\" \/>\n<meta name=\"author\" content=\"Not\u00edcias em Destaque\" \/>\n<meta name=\"twitter:card\" content=\"summary_large_image\" \/>\n<meta name=\"twitter:label1\" content=\"Escrito por\" \/>\n\t<meta name=\"twitter:data1\" content=\"Not\u00edcias em Destaque\" \/>\n\t<meta name=\"twitter:label2\" content=\"Est. tempo de leitura\" \/>\n\t<meta name=\"twitter:data2\" content=\"2 minutos\" \/>\n<script type=\"application\/ld+json\" class=\"yoast-schema-graph\">{\"@context\":\"https:\/\/schema.org\",\"@graph\":[{\"@type\":\"Article\",\"@id\":\"https:\/\/noticiasemdestaque.com\/cd\/?p=81573#article\",\"isPartOf\":{\"@id\":\"https:\/\/noticiasemdestaque.com\/cd\/?p=81573\"},\"author\":{\"name\":\"Not\u00edcias em Destaque\",\"@id\":\"https:\/\/noticiasemdestaque.com\/cd\/#\/schema\/person\/a978acbbda55eca5b71ccb9421897bb0\"},\"headline\":\"C\u00e2mara de Sum\u00e9 aprova cria\u00e7\u00e3o do Dia Municipal do DeMolay\",\"datePublished\":\"2026-09-04T10:36:44+00:00\",\"mainEntityOfPage\":{\"@id\":\"https:\/\/noticiasemdestaque.com\/cd\/?p=81573\"},\"wordCount\":211,\"publisher\":{\"@id\":\"https:\/\/noticiasemdestaque.com\/cd\/#organization\"},\"image\":{\"@id\":\"https:\/\/noticiasemdestaque.com\/cd\/?p=81573#primaryimage\"},\"thumbnailUrl\":\"https:\/\/noticiasemdestaque.com\/cd\/wp-content\/uploads\/2026\/09\/WhatsApp-Image-2026-09-03-at-17.39.48dasdsad.jpeg\",\"articleSection\":[\"Pol\u00edtica\"],\"inLanguage\":\"pt-BR\"},{\"@type\":\"WebPage\",\"@id\":\"https:\/\/noticiasemdestaque.com\/cd\/?p=81573\",\"url\":\"https:\/\/noticiasemdestaque.com\/cd\/?p=81573\",\"name\":\"C\u00e2mara de Sum\u00e9 aprova cria\u00e7\u00e3o do Dia Municipal do DeMolay - Not&iacute;cias em Destaque\",\"isPartOf\":{\"@id\":\"https:\/\/noticiasemdestaque.com\/cd\/#website\"},\"primaryImageOfPage\":{\"@id\":\"https:\/\/noticiasemdestaque.com\/cd\/?p=81573#primaryimage\"},\"image\":{\"@id\":\"https:\/\/noticiasemdestaque.com\/cd\/?p=81573#primaryimage\"},\"thumbnailUrl\":\"https:\/\/noticiasemdestaque.com\/cd\/wp-content\/uploads\/2026\/09\/WhatsApp-Image-2026-09-03-at-17.39.48dasdsad.jpeg\",\"datePublished\":\"2026-09-04T10:36:44+00:00\",\"breadcrumb\":{\"@id\":\"https:\/\/noticiasemdestaque.com\/cd\/?p=81573#breadcrumb\"},\"inLanguage\":\"pt-BR\",\"potentialAction\":[{\"@type\":\"ReadAction\",\"target\":[\"https:\/\/noticiasemdestaque.com\/cd\/?p=81573\"]}]},{\"@type\":\"ImageObject\",\"inLanguage\":\"pt-BR\",\"@id\":\"https:\/\/noticiasemdestaque.com\/cd\/?p=81573#primaryimage\",\"url\":\"https:\/\/noticiasemdestaque.com\/cd\/wp-content\/uploads\/2026\/09\/WhatsApp-Image-2026-09-03-at-17.39.48dasdsad.jpeg\",\"contentUrl\":\"https:\/\/noticiasemdestaque.com\/cd\/wp-content\/uploads\/2026\/09\/WhatsApp-Image-2026-09-03-at-17.39.48dasdsad.jpeg\",\"width\":1600,\"height\":900},{\"@type\":\"BreadcrumbList\",\"@id\":\"https:\/\/noticiasemdestaque.com\/cd\/?p=81573#breadcrumb\",\"itemListElement\":[{\"@type\":\"ListItem\",\"position\":1,\"name\":\"In\u00edcio\",\"item\":\"https:\/\/noticiasemdestaque.com\/cd\/\"},{\"@type\":\"ListItem\",\"position\":2,\"name\":\"C\u00e2mara de Sum\u00e9 aprova cria\u00e7\u00e3o do Dia Municipal do DeMolay\"}]},{\"@type\":\"WebSite\",\"@id\":\"https:\/\/noticiasemdestaque.com\/cd\/#website\",\"url\":\"https:\/\/noticiasemdestaque.com\/cd\/\",\"name\":\"Not&iacute;cias em Destaque\",\"description\":\"\",\"publisher\":{\"@id\":\"https:\/\/noticiasemdestaque.com\/cd\/#organization\"},\"potentialAction\":[{\"@type\":\"SearchAction\",\"target\":{\"@type\":\"EntryPoint\",\"urlTemplate\":\"https:\/\/noticiasemdestaque.com\/cd\/?s={search_term_string}\"},\"query-input\":{\"@type\":\"PropertyValueSpecification\",\"valueRequired\":true,\"valueName\":\"search_term_string\"}}],\"inLanguage\":\"pt-BR\"},{\"@type\":\"Organization\",\"@id\":\"https:\/\/noticiasemdestaque.com\/cd\/#organization\",\"name\":\"Not\u00edcias em Destaque\",\"url\":\"https:\/\/noticiasemdestaque.com\/cd\/\",\"logo\":{\"@type\":\"ImageObject\",\"inLanguage\":\"pt-BR\",\"@id\":\"https:\/\/noticiasemdestaque.com\/cd\/#\/schema\/logo\/image\/\",\"url\":\"https:\/\/noticiasemdestaque.com\/cd\/wp-content\/uploads\/2022\/05\/imagem-base-noticiasemdestaque.png\",\"contentUrl\":\"https:\/\/noticiasemdestaque.com\/cd\/wp-content\/uploads\/2022\/05\/imagem-base-noticiasemdestaque.png\",\"width\":1200,\"height\":630,\"caption\":\"Not\u00edcias em Destaque\"},\"image\":{\"@id\":\"https:\/\/noticiasemdestaque.com\/cd\/#\/schema\/logo\/image\/\"}},{\"@type\":\"Person\",\"@id\":\"https:\/\/noticiasemdestaque.com\/cd\/#\/schema\/person\/a978acbbda55eca5b71ccb9421897bb0\",\"name\":\"Not\u00edcias em Destaque\",\"url\":\"https:\/\/noticiasemdestaque.com\/cd\/?author=2\"}]}<\/script>\n<!-- \/ Yoast SEO plugin. -->","yoast_head_json":{"title":"C\u00e2mara de Sum\u00e9 aprova cria\u00e7\u00e3o do Dia Municipal do DeMolay - Not&iacute;cias em Destaque","robots":{"index":"index","follow":"follow","max-snippet":"max-snippet:-1","max-image-preview":"max-image-preview:large","max-video-preview":"max-video-preview:-1"},"canonical":"https:\/\/noticiasemdestaque.com\/cd\/?p=81573","og_locale":"pt_BR","og_type":"article","og_title":"C\u00e2mara de Sum\u00e9 aprova cria\u00e7\u00e3o do Dia Municipal do DeMolay - Not&iacute;cias em Destaque","og_description":"Na noite da \u00faltima ter\u00e7a-feira (1\u00ba), a C\u00e2mara Municipal de Sum\u00e9 realizou mais uma sess\u00e3o ordin\u00e1ria, com a aprecia\u00e7\u00e3o de projetos e outras mat\u00e9rias de interesse da popula\u00e7\u00e3o. Durante a sess\u00e3o, o vereador Branco Xiliu apresentou voto de pesar \u00e0 fam\u00edlia do senhor Jos\u00e9 Boaneges de Siqueira. O vereador Dami\u00e3o Rildo tamb\u00e9m apresentou voto de pesar \u00e0 fam\u00edlia da crian\u00e7a Marcos Vin\u00edcius da Silva Alves, em raz\u00e3o de seu falecimento. Na ocasi\u00e3o, os vereadores aprovaram o Projeto de Lei n\u00ba 1.010, de autoria do vereador Ruan Pereira, que institui o Dia Municipal do DeMolay em Sum\u00e9. A data ser\u00e1 celebrada anualmente em 24 de outubro e passar\u00e1 a integrar o Calend\u00e1rio Oficial de Eventos do Munic\u00edpio. A iniciativa tem como objetivo reconhecer a import\u00e2ncia da Ordem DeMolay na forma\u00e7\u00e3o moral, \u00e9tica, c\u00edvica e social dos jovens, al\u00e9m de incentivar a\u00e7\u00f5es voltadas \u00e0 cidadania, solidariedade, lideran\u00e7a e respeito aos valores familiares. A sess\u00e3o contou ainda com a presen\u00e7a de integrantes da Loja Ma\u00e7\u00f4nica de Sum\u00e9, representados na tribuna pelo professor Ant\u00f4nio Mariano. Not\u00edcias em Destaque Fonte: Assessoria","og_url":"https:\/\/noticiasemdestaque.com\/cd\/?p=81573","og_site_name":"Not&iacute;cias em Destaque","article_published_time":"2026-09-04T10:36:44+00:00","og_image":[{"width":1600,"height":900,"url":"https:\/\/noticiasemdestaque.com\/cd\/wp-content\/uploads\/2026\/09\/WhatsApp-Image-2026-09-03-at-17.39.48dasdsad.jpeg","type":"image\/jpeg"}],"author":"Not\u00edcias em Destaque","twitter_card":"summary_large_image","twitter_misc":{"Escrito por":"Not\u00edcias em Destaque","Est. tempo de leitura":"2 minutos"},"schema":{"@context":"https:\/\/schema.org","@graph":[{"@type":"Article","@id":"https:\/\/noticiasemdestaque.com\/cd\/?p=81573#article","isPartOf":{"@id":"https:\/\/noticiasemdestaque.com\/cd\/?p=81573"},"author":{"name":"Not\u00edcias em Destaque","@id":"https:\/\/noticiasemdestaque.com\/cd\/#\/schema\/person\/a978acbbda55eca5b71ccb9421897bb0"},"headline":"C\u00e2mara de Sum\u00e9 aprova cria\u00e7\u00e3o do Dia Municipal do DeMolay","datePublished":"2026-09-04T10:36:44+00:00","mainEntityOfPage":{"@id":"https:\/\/noticiasemdestaque.com\/cd\/?p=81573"},"wordCount":211,"publisher":{"@id":"https:\/\/noticiasemdestaque.com\/cd\/#organization"},"image":{"@id":"https:\/\/noticiasemdestaque.com\/cd\/?p=81573#primaryimage"},"thumbnailUrl":"https:\/\/noticiasemdestaque.com\/cd\/wp-content\/uploads\/2026\/09\/WhatsApp-Image-2026-09-03-at-17.39.48dasdsad.jpeg","articleSection":["Pol\u00edtica"],"inLanguage":"pt-BR"},{"@type":"WebPage","@id":"https:\/\/noticiasemdestaque.com\/cd\/?p=81573","url":"https:\/\/noticiasemdestaque.com\/cd\/?p=81573","name":"C\u00e2mara de Sum\u00e9 aprova cria\u00e7\u00e3o do Dia Municipal do DeMolay - Not&iacute;cias em Destaque","isPartOf":{"@id":"https:\/\/noticiasemdestaque.com\/cd\/#website"},"primaryImageOfPage":{"@id":"https:\/\/noticiasemdestaque.com\/cd\/?p=81573#primaryimage"},"image":{"@id":"https:\/\/noticiasemdestaque.com\/cd\/?p=81573#primaryimage"},"thumbnailUrl":"https:\/\/noticiasemdestaque.com\/cd\/wp-content\/uploads\/2026\/09\/WhatsApp-Image-2026-09-03-at-17.39.48dasdsad.jpeg","datePublished":"2026-09-04T10:36:44+00:00","breadcrumb":{"@id":"https:\/\/noticiasemdestaque.com\/cd\/?p=81573#breadcrumb"},"inLanguage":"pt-BR","potentialAction":[{"@type":"ReadAction","target":["https:\/\/noticiasemdestaque.com\/cd\/?p=81573"]}]},{"@type":"ImageObject","inLanguage":"pt-BR","@id":"https:\/\/noticiasemdestaque.com\/cd\/?p=81573#primaryimage","url":"https:\/\/noticiasemdestaque.com\/cd\/wp-content\/uploads\/2026\/09\/WhatsApp-Image-2026-09-03-at-17.39.48dasdsad.jpeg","contentUrl":"https:\/\/noticiasemdestaque.com\/cd\/wp-content\/uploads\/2026\/09\/WhatsApp-Image-2026-09-03-at-17.39.48dasdsad.jpeg","width":1600,"height":900},{"@type":"BreadcrumbList","@id":"https:\/\/noticiasemdestaque.com\/cd\/?p=81573#breadcrumb","itemListElement":[{"@type":"ListItem","position":1,"name":"In\u00edcio","item":"https:\/\/noticiasemdestaque.com\/cd\/"},{"@type":"ListItem","position":2,"name":"C\u00e2mara de Sum\u00e9 aprova cria\u00e7\u00e3o do Dia Municipal do DeMolay"}]},{"@type":"WebSite","@id":"https:\/\/noticiasemdestaque.com\/cd\/#website","url":"https:\/\/noticiasemdestaque.com\/cd\/","name":"Not&iacute;cias em Destaque","description":"","publisher":{"@id":"https:\/\/noticiasemdestaque.com\/cd\/#organization"},"potentialAction":[{"@type":"SearchAction","target":{"@type":"EntryPoint","urlTemplate":"https:\/\/noticiasemdestaque.com\/cd\/?s={search_term_string}"},"query-input":{"@type":"PropertyValueSpecification","valueRequired":true,"valueName":"search_term_string"}}],"inLanguage":"pt-BR"},{"@type":"Organization","@id":"https:\/\/noticiasemdestaque.com\/cd\/#organization","name":"Not\u00edcias em Destaque","url":"https:\/\/noticiasemdestaque.com\/cd\/","logo":{"@type":"ImageObject","inLanguage":"pt-BR","@id":"https:\/\/noticiasemdestaque.com\/cd\/#\/schema\/logo\/image\/","url":"https:\/\/noticiasemdestaque.com\/cd\/wp-content\/uploads\/2022\/05\/imagem-base-noticiasemdestaque.png","contentUrl":"https:\/\/noticiasemdestaque.com\/cd\/wp-content\/uploads\/2022\/05\/imagem-base-noticiasemdestaque.png","width":1200,"height":630,"caption":"Not\u00edcias em Destaque"},"image":{"@id":"https:\/\/noticiasemdestaque.com\/cd\/#\/schema\/logo\/image\/"}},{"@type":"Person","@id":"https:\/\/noticiasemdestaque.com\/cd\/#\/schema\/person\/a978acbbda55eca5b71ccb9421897bb0","name":"Not\u00edcias em Destaque","url":"https:\/\/noticiasemdestaque.com\/cd\/?author=2"}]}},"jetpack_featured_media_url":"https:\/\/noticiasemdestaque.com\/cd\/wp-content\/uploads\/2026\/09\/WhatsApp-Image-2026-09-03-at-17.39.48dasdsad.jpeg","jetpack_sharing_enabled":true,"_links":{"self":[{"href":"https:\/\/noticiasemdestaque.com\/cd\/index.php?rest_route=\/wp\/v2\/posts\/81573","targetHints":{"allow":["GET"]}}],"collection":[{"href":"https:\/\/noticiasemdestaque.com\/cd\/index.php?rest_route=\/wp\/v2\/posts"}],"about":[{"href":"https:\/\/noticiasemdestaque.com\/cd\/index.php?rest_route=\/wp\/v2\/types\/post"}],"author":[{"embeddable":true,"href":"https:\/\/noticiasemdestaque.com\/cd\/index.php?rest_route=\/wp\/v2\/users\/2"}],"replies":[{"embeddable":true,"href":"https:\/\/noticiasemdestaque.com\/cd\/index.php?rest_route=%2Fwp%2Fv2%2Fcomments&post=81573"}],"version-history":[{"count":1,"href":"https:\/\/noticiasemdestaque.com\/cd\/index.php?rest_route=\/wp\/v2\/posts\/81573\/revisions"}],"predecessor-version":[{"id":81578,"href":"https:\/\/noticiasemdestaque.com\/cd\/index.php?rest_route=\/wp\/v2\/posts\/81573\/revisions\/81578"}],"wp:featuredmedia":[{"embeddable":true,"href":"https:\/\/noticiasemdestaque.com\/cd\/index.php?rest_route=\/wp\/v2\/media\/81577"}],"wp:attachment":[{"href":"https:\/\/noticiasemdestaque.com\/cd\/index.php?rest_route=%2Fwp%2Fv2%2Fmedia&parent=81573"}],"wp:term":[{"taxonomy":"category","embeddable":true,"href":"https:\/\/noticiasemdestaque.com\/cd\/index.php?rest_route=%2Fwp%2Fv2%2Fcategories&post=81573"},{"taxonomy":"post_tag","embeddable":true,"href":"https:\/\/noticiasemdestaque.com\/cd\/index.php?rest_route=%2Fwp%2Fv2%2Ftags&post=81573"}],"curies":[{"name":"wp","href":"https:\/\/api.w.org\/{rel}","templated":true}]}}