{"id":81562,"date":"2026-09-03T15:49:35","date_gmt":"2026-09-03T18:49:35","guid":{"rendered":"https:\/\/noticiasemdestaque.com\/cd\/?p=81562"},"modified":"2026-09-03T15:49:35","modified_gmt":"2026-09-03T18:49:35","slug":"adolescente-de-17-anos-assume-autoria-da-morte-de-jovem-no-sertao-da-paraiba","status":"publish","type":"post","link":"https:\/\/noticiasemdestaque.com\/cd\/?p=81562","title":{"rendered":"Adolescente de 17 anos assume autoria da morte de jovem no Sert\u00e3o da Para\u00edba"},"content":{"rendered":"<p><a href=\"https:\/\/noticiasemdestaque.com\/cd\/wp-content\/uploads\/2026\/09\/Policia-Militar-1.webp\"><img fetchpriority=\"high\" decoding=\"async\" class=\" wp-image-81563 aligncenter\" src=\"https:\/\/noticiasemdestaque.com\/cd\/wp-content\/uploads\/2026\/09\/Policia-Militar-1-300x200.webp\" alt=\"\" width=\"777\" height=\"518\" srcset=\"https:\/\/noticiasemdestaque.com\/cd\/wp-content\/uploads\/2026\/09\/Policia-Militar-1-300x200.webp 300w, https:\/\/noticiasemdestaque.com\/cd\/wp-content\/uploads\/2026\/09\/Policia-Militar-1-768x513.webp 768w, https:\/\/noticiasemdestaque.com\/cd\/wp-content\/uploads\/2026\/09\/Policia-Militar-1.webp 785w\" sizes=\"(max-width: 777px) 100vw, 777px\" \/><\/a><\/p>\n<p class=\"wp-block-paragraph\">Um adolescente de 17 anos se apresentou \u00e0 Pol\u00edcia Civil e\u00a0assumiu a autoria da morte de Daniela Lima de Ara\u00fajo, de 17 anos, encontrada dentro de sacos pl\u00e1sticos \u00e0s margens da PB-394, entre Carrapateira e Nazarezinho, no Sert\u00e3o da Para\u00edba.<\/p>\n<p class=\"wp-block-paragraph\">O jovem esteve na delegacia na quarta-feira (2), acompanhado dos pais. Segundo a Pol\u00edcia Militar, ele tamb\u00e9m assumiu a responsabilidade pelo carro que teria sido utilizado para transportar o corpo da v\u00edtima.<\/p>\n<p class=\"wp-block-paragraph\">O ve\u00edculo foi identificado ap\u00f3s aparecer em c\u00e2meras de seguran\u00e7a de Carrapateira, por volta das 2h da madrugada da ter\u00e7a-feira (1\u00ba), data em que o corpo da adolescente foi localizado.<\/p>\n<p class=\"wp-block-paragraph\">De acordo com o comandante do 6\u00ba BPM, tenente-coronel Eug\u00eanio, o carro foi reconhecido pelos policiais por estar relacionado a um traficante de S\u00e3o Jos\u00e9 de Piranhas. O ve\u00edculo foi localizado ainda na ter\u00e7a-feira, em uma rua do munic\u00edpio, e passou por per\u00edcia.<\/p>\n<p class=\"wp-block-paragraph\">A Pol\u00edcia Militar informou que o carro havia sido lavado. Durante as dilig\u00eancias, os policiais descobriram que um adolescente havia deixado o ve\u00edculo em um lava-jato.<\/p>\n<p class=\"wp-block-paragraph\">O jovem foi ouvido e liberado porque j\u00e1 havia passado o per\u00edodo de flagrante.\u00a0A Pol\u00edcia Civil continua investigando o caso e apura a poss\u00edvel participa\u00e7\u00e3o de outras pessoas no crime.<\/p>\n<h2 class=\"wp-block-heading\">Relembre o caso<\/h2>\n<p class=\"wp-block-paragraph\">O corpo de uma mulher foi encontrado em um saco pl\u00e1stico \u00e0s margens da PB-394, na manh\u00e3 desta ter\u00e7a-feira (1), entre os munic\u00edpios de Carrapateira e Nazarezinho, no Sert\u00e3o paraibano.<\/p>\n<p class=\"wp-block-paragraph\">A Pol\u00edcia Militar foi acionada e ao chegar ao local encontraram a v\u00edtima parcialmente envolvida em sacos. O local isolou a \u00e1rea at\u00e9 a chegada da per\u00edcia e da autoridade policial que investigar\u00e1 o caso.<\/p>\n<p class=\"wp-block-paragraph\">O tenente coronel Eug\u00eanio, subcomandante do 6\u00b0 BPM informou que o corpo apresentava sinais de viol\u00eancia mas que s\u00f3 a per\u00edcia poder\u00e1 revelar os motivos da morte.<\/p>\n<p class=\"wp-block-paragraph\">Ainda de acordo com o policial militar, o copo aparentava ser de uma jovem de idade entre 16 e 20 anos.<\/p>\n<p class=\"wp-block-paragraph\"><strong>Not\u00edcias em Destaque<\/strong><\/p>\n<p class=\"wp-block-paragraph\" style=\"text-align: right;\"><em>Com MaisPB<\/em><\/p>\n","protected":false},"excerpt":{"rendered":"<p>Um adolescente de 17 anos se apresentou \u00e0 Pol\u00edcia Civil e\u00a0assumiu a autoria da morte de Daniela Lima de Ara\u00fajo, de 17 anos, encontrada dentro de sacos pl\u00e1sticos \u00e0s margens da PB-394, entre Carrapateira e Nazarezinho, no Sert\u00e3o da Para\u00edba. O jovem esteve na delegacia na quarta-feira (2), acompanhado dos pais. Segundo a Pol\u00edcia Militar, ele tamb\u00e9m assumiu a responsabilidade pelo carro que teria sido utilizado para transportar o corpo da v\u00edtima. O ve\u00edculo foi identificado ap\u00f3s aparecer em c\u00e2meras de seguran\u00e7a de Carrapateira, por volta das 2h da madrugada da ter\u00e7a-feira (1\u00ba), data em que o corpo da adolescente foi localizado. De acordo com o comandante do 6\u00ba BPM, tenente-coronel Eug\u00eanio, o carro foi reconhecido pelos policiais por estar relacionado a um traficante de S\u00e3o Jos\u00e9 de Piranhas. O ve\u00edculo foi localizado ainda na ter\u00e7a-feira, em uma rua do munic\u00edpio, e passou por per\u00edcia. A Pol\u00edcia Militar informou que o carro havia sido lavado. Durante as dilig\u00eancias, os policiais descobriram que um adolescente havia deixado o ve\u00edculo em um lava-jato. O jovem foi ouvido e liberado porque j\u00e1 havia passado o per\u00edodo de flagrante.\u00a0A Pol\u00edcia Civil continua investigando o caso e apura a poss\u00edvel participa\u00e7\u00e3o de outras pessoas no crime. Relembre o caso O corpo de uma mulher foi encontrado em um saco pl\u00e1stico \u00e0s margens da PB-394, na manh\u00e3 desta ter\u00e7a-feira (1), entre os munic\u00edpios de Carrapateira e Nazarezinho, no Sert\u00e3o paraibano. A Pol\u00edcia Militar foi acionada e ao chegar ao local encontraram a v\u00edtima parcialmente envolvida em sacos. O local isolou a \u00e1rea at\u00e9 a chegada da per\u00edcia e da autoridade policial que investigar\u00e1 o caso. O tenente coronel Eug\u00eanio, subcomandante do 6\u00b0 BPM informou que o corpo apresentava sinais de viol\u00eancia mas que s\u00f3 a per\u00edcia poder\u00e1 revelar os motivos da morte. Ainda de acordo com o policial militar, o copo aparentava ser de uma jovem de idade entre 16 e 20 anos. Not\u00edcias em Destaque Com MaisPB<\/p>\n","protected":false},"author":2,"featured_media":81563,"comment_status":"closed","ping_status":"closed","sticky":false,"template":"","format":"standard","meta":{"_eb_attr":"","_jetpack_memberships_contains_paid_content":false,"footnotes":""},"categories":[20],"tags":[],"class_list":["post-81562","post","type-post","status-publish","format-standard","has-post-thumbnail","hentry","category-policia"],"yoast_head":"<!-- This site is optimized with the Yoast SEO plugin v26.5 - https:\/\/yoast.com\/wordpress\/plugins\/seo\/ -->\n<title>Adolescente de 17 anos assume autoria da morte de jovem no Sert\u00e3o da Para\u00edba - Not&iacute;cias em Destaque<\/title>\n<meta name=\"robots\" content=\"index, follow, max-snippet:-1, max-image-preview:large, max-video-preview:-1\" \/>\n<link rel=\"canonical\" href=\"https:\/\/noticiasemdestaque.com\/cd\/?p=81562\" \/>\n<meta property=\"og:locale\" content=\"pt_BR\" \/>\n<meta property=\"og:type\" content=\"article\" \/>\n<meta property=\"og:title\" content=\"Adolescente de 17 anos assume autoria da morte de jovem no Sert\u00e3o da Para\u00edba - Not&iacute;cias em Destaque\" \/>\n<meta property=\"og:description\" content=\"Um adolescente de 17 anos se apresentou \u00e0 Pol\u00edcia Civil e\u00a0assumiu a autoria da morte de Daniela Lima de Ara\u00fajo, de 17 anos, encontrada dentro de sacos pl\u00e1sticos \u00e0s margens da PB-394, entre Carrapateira e Nazarezinho, no Sert\u00e3o da Para\u00edba. O jovem esteve na delegacia na quarta-feira (2), acompanhado dos pais. Segundo a Pol\u00edcia Militar, ele tamb\u00e9m assumiu a responsabilidade pelo carro que teria sido utilizado para transportar o corpo da v\u00edtima. O ve\u00edculo foi identificado ap\u00f3s aparecer em c\u00e2meras de seguran\u00e7a de Carrapateira, por volta das 2h da madrugada da ter\u00e7a-feira (1\u00ba), data em que o corpo da adolescente foi localizado. De acordo com o comandante do 6\u00ba BPM, tenente-coronel Eug\u00eanio, o carro foi reconhecido pelos policiais por estar relacionado a um traficante de S\u00e3o Jos\u00e9 de Piranhas. O ve\u00edculo foi localizado ainda na ter\u00e7a-feira, em uma rua do munic\u00edpio, e passou por per\u00edcia. A Pol\u00edcia Militar informou que o carro havia sido lavado. Durante as dilig\u00eancias, os policiais descobriram que um adolescente havia deixado o ve\u00edculo em um lava-jato. O jovem foi ouvido e liberado porque j\u00e1 havia passado o per\u00edodo de flagrante.\u00a0A Pol\u00edcia Civil continua investigando o caso e apura a poss\u00edvel participa\u00e7\u00e3o de outras pessoas no crime. Relembre o caso O corpo de uma mulher foi encontrado em um saco pl\u00e1stico \u00e0s margens da PB-394, na manh\u00e3 desta ter\u00e7a-feira (1), entre os munic\u00edpios de Carrapateira e Nazarezinho, no Sert\u00e3o paraibano. A Pol\u00edcia Militar foi acionada e ao chegar ao local encontraram a v\u00edtima parcialmente envolvida em sacos. O local isolou a \u00e1rea at\u00e9 a chegada da per\u00edcia e da autoridade policial que investigar\u00e1 o caso. O tenente coronel Eug\u00eanio, subcomandante do 6\u00b0 BPM informou que o corpo apresentava sinais de viol\u00eancia mas que s\u00f3 a per\u00edcia poder\u00e1 revelar os motivos da morte. Ainda de acordo com o policial militar, o copo aparentava ser de uma jovem de idade entre 16 e 20 anos. Not\u00edcias em Destaque Com MaisPB\" \/>\n<meta property=\"og:url\" content=\"https:\/\/noticiasemdestaque.com\/cd\/?p=81562\" \/>\n<meta property=\"og:site_name\" content=\"Not&iacute;cias em Destaque\" \/>\n<meta property=\"article:published_time\" content=\"2026-09-03T18:49:35+00:00\" \/>\n<meta property=\"og:image\" content=\"https:\/\/noticiasemdestaque.com\/cd\/wp-content\/uploads\/2026\/09\/Policia-Militar-1.webp\" \/>\n\t<meta property=\"og:image:width\" content=\"785\" \/>\n\t<meta property=\"og:image:height\" content=\"524\" \/>\n\t<meta property=\"og:image:type\" content=\"image\/webp\" \/>\n<meta name=\"author\" content=\"Not\u00edcias em Destaque\" \/>\n<meta name=\"twitter:card\" content=\"summary_large_image\" \/>\n<meta name=\"twitter:label1\" content=\"Escrito por\" \/>\n\t<meta name=\"twitter:data1\" content=\"Not\u00edcias em Destaque\" \/>\n\t<meta name=\"twitter:label2\" content=\"Est. tempo de leitura\" \/>\n\t<meta name=\"twitter:data2\" content=\"3 minutos\" \/>\n<script type=\"application\/ld+json\" class=\"yoast-schema-graph\">{\"@context\":\"https:\/\/schema.org\",\"@graph\":[{\"@type\":\"Article\",\"@id\":\"https:\/\/noticiasemdestaque.com\/cd\/?p=81562#article\",\"isPartOf\":{\"@id\":\"https:\/\/noticiasemdestaque.com\/cd\/?p=81562\"},\"author\":{\"name\":\"Not\u00edcias em Destaque\",\"@id\":\"https:\/\/noticiasemdestaque.com\/cd\/#\/schema\/person\/a978acbbda55eca5b71ccb9421897bb0\"},\"headline\":\"Adolescente de 17 anos assume autoria da morte de jovem no Sert\u00e3o da Para\u00edba\",\"datePublished\":\"2026-09-03T18:49:35+00:00\",\"mainEntityOfPage\":{\"@id\":\"https:\/\/noticiasemdestaque.com\/cd\/?p=81562\"},\"wordCount\":366,\"publisher\":{\"@id\":\"https:\/\/noticiasemdestaque.com\/cd\/#organization\"},\"image\":{\"@id\":\"https:\/\/noticiasemdestaque.com\/cd\/?p=81562#primaryimage\"},\"thumbnailUrl\":\"https:\/\/noticiasemdestaque.com\/cd\/wp-content\/uploads\/2026\/09\/Policia-Militar-1.webp\",\"articleSection\":[\"Pol\u00edcia\"],\"inLanguage\":\"pt-BR\"},{\"@type\":\"WebPage\",\"@id\":\"https:\/\/noticiasemdestaque.com\/cd\/?p=81562\",\"url\":\"https:\/\/noticiasemdestaque.com\/cd\/?p=81562\",\"name\":\"Adolescente de 17 anos assume autoria da morte de jovem no Sert\u00e3o da Para\u00edba - Not&iacute;cias em Destaque\",\"isPartOf\":{\"@id\":\"https:\/\/noticiasemdestaque.com\/cd\/#website\"},\"primaryImageOfPage\":{\"@id\":\"https:\/\/noticiasemdestaque.com\/cd\/?p=81562#primaryimage\"},\"image\":{\"@id\":\"https:\/\/noticiasemdestaque.com\/cd\/?p=81562#primaryimage\"},\"thumbnailUrl\":\"https:\/\/noticiasemdestaque.com\/cd\/wp-content\/uploads\/2026\/09\/Policia-Militar-1.webp\",\"datePublished\":\"2026-09-03T18:49:35+00:00\",\"breadcrumb\":{\"@id\":\"https:\/\/noticiasemdestaque.com\/cd\/?p=81562#breadcrumb\"},\"inLanguage\":\"pt-BR\",\"potentialAction\":[{\"@type\":\"ReadAction\",\"target\":[\"https:\/\/noticiasemdestaque.com\/cd\/?p=81562\"]}]},{\"@type\":\"ImageObject\",\"inLanguage\":\"pt-BR\",\"@id\":\"https:\/\/noticiasemdestaque.com\/cd\/?p=81562#primaryimage\",\"url\":\"https:\/\/noticiasemdestaque.com\/cd\/wp-content\/uploads\/2026\/09\/Policia-Militar-1.webp\",\"contentUrl\":\"https:\/\/noticiasemdestaque.com\/cd\/wp-content\/uploads\/2026\/09\/Policia-Militar-1.webp\",\"width\":785,\"height\":524},{\"@type\":\"BreadcrumbList\",\"@id\":\"https:\/\/noticiasemdestaque.com\/cd\/?p=81562#breadcrumb\",\"itemListElement\":[{\"@type\":\"ListItem\",\"position\":1,\"name\":\"In\u00edcio\",\"item\":\"https:\/\/noticiasemdestaque.com\/cd\/\"},{\"@type\":\"ListItem\",\"position\":2,\"name\":\"Adolescente de 17 anos assume autoria da morte de jovem no Sert\u00e3o da Para\u00edba\"}]},{\"@type\":\"WebSite\",\"@id\":\"https:\/\/noticiasemdestaque.com\/cd\/#website\",\"url\":\"https:\/\/noticiasemdestaque.com\/cd\/\",\"name\":\"Not&iacute;cias em Destaque\",\"description\":\"\",\"publisher\":{\"@id\":\"https:\/\/noticiasemdestaque.com\/cd\/#organization\"},\"potentialAction\":[{\"@type\":\"SearchAction\",\"target\":{\"@type\":\"EntryPoint\",\"urlTemplate\":\"https:\/\/noticiasemdestaque.com\/cd\/?s={search_term_string}\"},\"query-input\":{\"@type\":\"PropertyValueSpecification\",\"valueRequired\":true,\"valueName\":\"search_term_string\"}}],\"inLanguage\":\"pt-BR\"},{\"@type\":\"Organization\",\"@id\":\"https:\/\/noticiasemdestaque.com\/cd\/#organization\",\"name\":\"Not\u00edcias em Destaque\",\"url\":\"https:\/\/noticiasemdestaque.com\/cd\/\",\"logo\":{\"@type\":\"ImageObject\",\"inLanguage\":\"pt-BR\",\"@id\":\"https:\/\/noticiasemdestaque.com\/cd\/#\/schema\/logo\/image\/\",\"url\":\"https:\/\/noticiasemdestaque.com\/cd\/wp-content\/uploads\/2022\/05\/imagem-base-noticiasemdestaque.png\",\"contentUrl\":\"https:\/\/noticiasemdestaque.com\/cd\/wp-content\/uploads\/2022\/05\/imagem-base-noticiasemdestaque.png\",\"width\":1200,\"height\":630,\"caption\":\"Not\u00edcias em Destaque\"},\"image\":{\"@id\":\"https:\/\/noticiasemdestaque.com\/cd\/#\/schema\/logo\/image\/\"}},{\"@type\":\"Person\",\"@id\":\"https:\/\/noticiasemdestaque.com\/cd\/#\/schema\/person\/a978acbbda55eca5b71ccb9421897bb0\",\"name\":\"Not\u00edcias em Destaque\",\"url\":\"https:\/\/noticiasemdestaque.com\/cd\/?author=2\"}]}<\/script>\n<!-- \/ Yoast SEO plugin. -->","yoast_head_json":{"title":"Adolescente de 17 anos assume autoria da morte de jovem no Sert\u00e3o da Para\u00edba - Not&iacute;cias em Destaque","robots":{"index":"index","follow":"follow","max-snippet":"max-snippet:-1","max-image-preview":"max-image-preview:large","max-video-preview":"max-video-preview:-1"},"canonical":"https:\/\/noticiasemdestaque.com\/cd\/?p=81562","og_locale":"pt_BR","og_type":"article","og_title":"Adolescente de 17 anos assume autoria da morte de jovem no Sert\u00e3o da Para\u00edba - Not&iacute;cias em Destaque","og_description":"Um adolescente de 17 anos se apresentou \u00e0 Pol\u00edcia Civil e\u00a0assumiu a autoria da morte de Daniela Lima de Ara\u00fajo, de 17 anos, encontrada dentro de sacos pl\u00e1sticos \u00e0s margens da PB-394, entre Carrapateira e Nazarezinho, no Sert\u00e3o da Para\u00edba. O jovem esteve na delegacia na quarta-feira (2), acompanhado dos pais. Segundo a Pol\u00edcia Militar, ele tamb\u00e9m assumiu a responsabilidade pelo carro que teria sido utilizado para transportar o corpo da v\u00edtima. O ve\u00edculo foi identificado ap\u00f3s aparecer em c\u00e2meras de seguran\u00e7a de Carrapateira, por volta das 2h da madrugada da ter\u00e7a-feira (1\u00ba), data em que o corpo da adolescente foi localizado. De acordo com o comandante do 6\u00ba BPM, tenente-coronel Eug\u00eanio, o carro foi reconhecido pelos policiais por estar relacionado a um traficante de S\u00e3o Jos\u00e9 de Piranhas. O ve\u00edculo foi localizado ainda na ter\u00e7a-feira, em uma rua do munic\u00edpio, e passou por per\u00edcia. A Pol\u00edcia Militar informou que o carro havia sido lavado. Durante as dilig\u00eancias, os policiais descobriram que um adolescente havia deixado o ve\u00edculo em um lava-jato. O jovem foi ouvido e liberado porque j\u00e1 havia passado o per\u00edodo de flagrante.\u00a0A Pol\u00edcia Civil continua investigando o caso e apura a poss\u00edvel participa\u00e7\u00e3o de outras pessoas no crime. Relembre o caso O corpo de uma mulher foi encontrado em um saco pl\u00e1stico \u00e0s margens da PB-394, na manh\u00e3 desta ter\u00e7a-feira (1), entre os munic\u00edpios de Carrapateira e Nazarezinho, no Sert\u00e3o paraibano. A Pol\u00edcia Militar foi acionada e ao chegar ao local encontraram a v\u00edtima parcialmente envolvida em sacos. O local isolou a \u00e1rea at\u00e9 a chegada da per\u00edcia e da autoridade policial que investigar\u00e1 o caso. O tenente coronel Eug\u00eanio, subcomandante do 6\u00b0 BPM informou que o corpo apresentava sinais de viol\u00eancia mas que s\u00f3 a per\u00edcia poder\u00e1 revelar os motivos da morte. Ainda de acordo com o policial militar, o copo aparentava ser de uma jovem de idade entre 16 e 20 anos. Not\u00edcias em Destaque Com MaisPB","og_url":"https:\/\/noticiasemdestaque.com\/cd\/?p=81562","og_site_name":"Not&iacute;cias em Destaque","article_published_time":"2026-09-03T18:49:35+00:00","og_image":[{"width":785,"height":524,"url":"https:\/\/noticiasemdestaque.com\/cd\/wp-content\/uploads\/2026\/09\/Policia-Militar-1.webp","type":"image\/webp"}],"author":"Not\u00edcias em Destaque","twitter_card":"summary_large_image","twitter_misc":{"Escrito por":"Not\u00edcias em Destaque","Est. tempo de leitura":"3 minutos"},"schema":{"@context":"https:\/\/schema.org","@graph":[{"@type":"Article","@id":"https:\/\/noticiasemdestaque.com\/cd\/?p=81562#article","isPartOf":{"@id":"https:\/\/noticiasemdestaque.com\/cd\/?p=81562"},"author":{"name":"Not\u00edcias em Destaque","@id":"https:\/\/noticiasemdestaque.com\/cd\/#\/schema\/person\/a978acbbda55eca5b71ccb9421897bb0"},"headline":"Adolescente de 17 anos assume autoria da morte de jovem no Sert\u00e3o da Para\u00edba","datePublished":"2026-09-03T18:49:35+00:00","mainEntityOfPage":{"@id":"https:\/\/noticiasemdestaque.com\/cd\/?p=81562"},"wordCount":366,"publisher":{"@id":"https:\/\/noticiasemdestaque.com\/cd\/#organization"},"image":{"@id":"https:\/\/noticiasemdestaque.com\/cd\/?p=81562#primaryimage"},"thumbnailUrl":"https:\/\/noticiasemdestaque.com\/cd\/wp-content\/uploads\/2026\/09\/Policia-Militar-1.webp","articleSection":["Pol\u00edcia"],"inLanguage":"pt-BR"},{"@type":"WebPage","@id":"https:\/\/noticiasemdestaque.com\/cd\/?p=81562","url":"https:\/\/noticiasemdestaque.com\/cd\/?p=81562","name":"Adolescente de 17 anos assume autoria da morte de jovem no Sert\u00e3o da Para\u00edba - Not&iacute;cias em Destaque","isPartOf":{"@id":"https:\/\/noticiasemdestaque.com\/cd\/#website"},"primaryImageOfPage":{"@id":"https:\/\/noticiasemdestaque.com\/cd\/?p=81562#primaryimage"},"image":{"@id":"https:\/\/noticiasemdestaque.com\/cd\/?p=81562#primaryimage"},"thumbnailUrl":"https:\/\/noticiasemdestaque.com\/cd\/wp-content\/uploads\/2026\/09\/Policia-Militar-1.webp","datePublished":"2026-09-03T18:49:35+00:00","breadcrumb":{"@id":"https:\/\/noticiasemdestaque.com\/cd\/?p=81562#breadcrumb"},"inLanguage":"pt-BR","potentialAction":[{"@type":"ReadAction","target":["https:\/\/noticiasemdestaque.com\/cd\/?p=81562"]}]},{"@type":"ImageObject","inLanguage":"pt-BR","@id":"https:\/\/noticiasemdestaque.com\/cd\/?p=81562#primaryimage","url":"https:\/\/noticiasemdestaque.com\/cd\/wp-content\/uploads\/2026\/09\/Policia-Militar-1.webp","contentUrl":"https:\/\/noticiasemdestaque.com\/cd\/wp-content\/uploads\/2026\/09\/Policia-Militar-1.webp","width":785,"height":524},{"@type":"BreadcrumbList","@id":"https:\/\/noticiasemdestaque.com\/cd\/?p=81562#breadcrumb","itemListElement":[{"@type":"ListItem","position":1,"name":"In\u00edcio","item":"https:\/\/noticiasemdestaque.com\/cd\/"},{"@type":"ListItem","position":2,"name":"Adolescente de 17 anos assume autoria da morte de jovem no Sert\u00e3o da Para\u00edba"}]},{"@type":"WebSite","@id":"https:\/\/noticiasemdestaque.com\/cd\/#website","url":"https:\/\/noticiasemdestaque.com\/cd\/","name":"Not&iacute;cias em Destaque","description":"","publisher":{"@id":"https:\/\/noticiasemdestaque.com\/cd\/#organization"},"potentialAction":[{"@type":"SearchAction","target":{"@type":"EntryPoint","urlTemplate":"https:\/\/noticiasemdestaque.com\/cd\/?s={search_term_string}"},"query-input":{"@type":"PropertyValueSpecification","valueRequired":true,"valueName":"search_term_string"}}],"inLanguage":"pt-BR"},{"@type":"Organization","@id":"https:\/\/noticiasemdestaque.com\/cd\/#organization","name":"Not\u00edcias em Destaque","url":"https:\/\/noticiasemdestaque.com\/cd\/","logo":{"@type":"ImageObject","inLanguage":"pt-BR","@id":"https:\/\/noticiasemdestaque.com\/cd\/#\/schema\/logo\/image\/","url":"https:\/\/noticiasemdestaque.com\/cd\/wp-content\/uploads\/2022\/05\/imagem-base-noticiasemdestaque.png","contentUrl":"https:\/\/noticiasemdestaque.com\/cd\/wp-content\/uploads\/2022\/05\/imagem-base-noticiasemdestaque.png","width":1200,"height":630,"caption":"Not\u00edcias em Destaque"},"image":{"@id":"https:\/\/noticiasemdestaque.com\/cd\/#\/schema\/logo\/image\/"}},{"@type":"Person","@id":"https:\/\/noticiasemdestaque.com\/cd\/#\/schema\/person\/a978acbbda55eca5b71ccb9421897bb0","name":"Not\u00edcias em Destaque","url":"https:\/\/noticiasemdestaque.com\/cd\/?author=2"}]}},"jetpack_featured_media_url":"https:\/\/noticiasemdestaque.com\/cd\/wp-content\/uploads\/2026\/09\/Policia-Militar-1.webp","jetpack_sharing_enabled":true,"_links":{"self":[{"href":"https:\/\/noticiasemdestaque.com\/cd\/index.php?rest_route=\/wp\/v2\/posts\/81562","targetHints":{"allow":["GET"]}}],"collection":[{"href":"https:\/\/noticiasemdestaque.com\/cd\/index.php?rest_route=\/wp\/v2\/posts"}],"about":[{"href":"https:\/\/noticiasemdestaque.com\/cd\/index.php?rest_route=\/wp\/v2\/types\/post"}],"author":[{"embeddable":true,"href":"https:\/\/noticiasemdestaque.com\/cd\/index.php?rest_route=\/wp\/v2\/users\/2"}],"replies":[{"embeddable":true,"href":"https:\/\/noticiasemdestaque.com\/cd\/index.php?rest_route=%2Fwp%2Fv2%2Fcomments&post=81562"}],"version-history":[{"count":1,"href":"https:\/\/noticiasemdestaque.com\/cd\/index.php?rest_route=\/wp\/v2\/posts\/81562\/revisions"}],"predecessor-version":[{"id":81564,"href":"https:\/\/noticiasemdestaque.com\/cd\/index.php?rest_route=\/wp\/v2\/posts\/81562\/revisions\/81564"}],"wp:featuredmedia":[{"embeddable":true,"href":"https:\/\/noticiasemdestaque.com\/cd\/index.php?rest_route=\/wp\/v2\/media\/81563"}],"wp:attachment":[{"href":"https:\/\/noticiasemdestaque.com\/cd\/index.php?rest_route=%2Fwp%2Fv2%2Fmedia&parent=81562"}],"wp:term":[{"taxonomy":"category","embeddable":true,"href":"https:\/\/noticiasemdestaque.com\/cd\/index.php?rest_route=%2Fwp%2Fv2%2Fcategories&post=81562"},{"taxonomy":"post_tag","embeddable":true,"href":"https:\/\/noticiasemdestaque.com\/cd\/index.php?rest_route=%2Fwp%2Fv2%2Ftags&post=81562"}],"curies":[{"name":"wp","href":"https:\/\/api.w.org\/{rel}","templated":true}]}}