{"id":81555,"date":"2026-09-03T11:24:55","date_gmt":"2026-09-03T14:24:55","guid":{"rendered":"https:\/\/noticiasemdestaque.com\/cd\/?p=81555"},"modified":"2026-09-03T11:24:55","modified_gmt":"2026-09-03T14:24:55","slug":"prefeito-dr-junior-inaugura-centro-de-controle-de-zoonoses-em-ouro-velho-nesta-quinta-feira-10","status":"publish","type":"post","link":"https:\/\/noticiasemdestaque.com\/cd\/?p=81555","title":{"rendered":"Prefeito Dr. J\u00fanior inaugura Centro de Controle de Zoonoses em Ouro Velho nesta quinta-feira (10)"},"content":{"rendered":"<p data-start=\"78\" data-end=\"405\"><a href=\"https:\/\/noticiasemdestaque.com\/cd\/wp-content\/uploads\/2026\/09\/imagem_2026-09-03_112137211.png\"><img fetchpriority=\"high\" decoding=\"async\" class=\" wp-image-81556 aligncenter\" src=\"https:\/\/noticiasemdestaque.com\/cd\/wp-content\/uploads\/2026\/09\/imagem_2026-09-03_112137211-300x273.png\" alt=\"\" width=\"1044\" height=\"950\" srcset=\"https:\/\/noticiasemdestaque.com\/cd\/wp-content\/uploads\/2026\/09\/imagem_2026-09-03_112137211-300x273.png 300w, https:\/\/noticiasemdestaque.com\/cd\/wp-content\/uploads\/2026\/09\/imagem_2026-09-03_112137211.png 492w\" sizes=\"(max-width: 1044px) 100vw, 1044px\" \/><\/a><\/p>\n<p class=\"PDq2pG_selectionAnchorContainer\" data-start=\"78\" data-end=\"405\">O munic\u00edpio de Ouro Velho dar\u00e1 mais um importante passo na \u00e1rea da sa\u00fade p\u00fablica e do bem-estar animal com a inaugura\u00e7\u00e3o do Centro de Controle de Zoonoses. A solenidade ser\u00e1 realizada na pr\u00f3xima quinta-feira, 10 de setembro, a partir das 18h, reunindo autoridades e a popula\u00e7\u00e3o para marcar a entrega do novo espa\u00e7o.<\/p>\n<p data-start=\"407\" data-end=\"659\">O equipamento chega com a proposta de fortalecer as a\u00e7\u00f5es de cuidado, prote\u00e7\u00e3o e controle de doen\u00e7as que podem afetar os animais e a popula\u00e7\u00e3o, contribuindo para ampliar as pol\u00edticas p\u00fablicas voltadas \u00e0 sa\u00fade e \u00e0 preven\u00e7\u00e3o de zoonoses no munic\u00edpio.<\/p>\n<p data-start=\"661\" data-end=\"943\" data-is-last-node=\"\" data-is-only-node=\"\">A Prefeitura destaca que a implanta\u00e7\u00e3o do centro representa mais um investimento em sa\u00fade p\u00fablica, bem-estar animal e qualidade de vida da popula\u00e7\u00e3o de Ouro Velho. Toda a comunidade est\u00e1 convidada a participar da inaugura\u00e7\u00e3o e celebrar mais essa conquista para o munic\u00edpio.<\/p>\n<p data-start=\"661\" data-end=\"943\" data-is-last-node=\"\" data-is-only-node=\"\"><strong>Not\u00edcias em Destaque<\/strong><\/p>\n","protected":false},"excerpt":{"rendered":"<p>O munic\u00edpio de Ouro Velho dar\u00e1 mais um importante passo na \u00e1rea da sa\u00fade p\u00fablica e do bem-estar animal com a inaugura\u00e7\u00e3o do Centro de Controle de Zoonoses. A solenidade ser\u00e1 realizada na pr\u00f3xima quinta-feira, 10 de setembro, a partir das 18h, reunindo autoridades e a popula\u00e7\u00e3o para marcar a entrega do novo espa\u00e7o. O equipamento chega com a proposta de fortalecer as a\u00e7\u00f5es de cuidado, prote\u00e7\u00e3o e controle de doen\u00e7as que podem afetar os animais e a popula\u00e7\u00e3o, contribuindo para ampliar as pol\u00edticas p\u00fablicas voltadas \u00e0 sa\u00fade e \u00e0 preven\u00e7\u00e3o de zoonoses no munic\u00edpio. A Prefeitura destaca que a implanta\u00e7\u00e3o do centro representa mais um investimento em sa\u00fade p\u00fablica, bem-estar animal e qualidade de vida da popula\u00e7\u00e3o de Ouro Velho. Toda a comunidade est\u00e1 convidada a participar da inaugura\u00e7\u00e3o e celebrar mais essa conquista para o munic\u00edpio. Not\u00edcias em Destaque<\/p>\n","protected":false},"author":2,"featured_media":81556,"comment_status":"closed","ping_status":"closed","sticky":false,"template":"","format":"standard","meta":{"_eb_attr":"","_jetpack_memberships_contains_paid_content":false,"footnotes":""},"categories":[3],"tags":[],"class_list":["post-81555","post","type-post","status-publish","format-standard","has-post-thumbnail","hentry","category-cidades"],"yoast_head":"<!-- This site is optimized with the Yoast SEO plugin v26.5 - https:\/\/yoast.com\/wordpress\/plugins\/seo\/ -->\n<title>Prefeito Dr. J\u00fanior inaugura Centro de Controle de Zoonoses em Ouro Velho nesta quinta-feira (10) - Not&iacute;cias em Destaque<\/title>\n<meta name=\"robots\" content=\"index, follow, max-snippet:-1, max-image-preview:large, max-video-preview:-1\" \/>\n<link rel=\"canonical\" href=\"https:\/\/noticiasemdestaque.com\/cd\/?p=81555\" \/>\n<meta property=\"og:locale\" content=\"pt_BR\" \/>\n<meta property=\"og:type\" content=\"article\" \/>\n<meta property=\"og:title\" content=\"Prefeito Dr. J\u00fanior inaugura Centro de Controle de Zoonoses em Ouro Velho nesta quinta-feira (10) - Not&iacute;cias em Destaque\" \/>\n<meta property=\"og:description\" content=\"O munic\u00edpio de Ouro Velho dar\u00e1 mais um importante passo na \u00e1rea da sa\u00fade p\u00fablica e do bem-estar animal com a inaugura\u00e7\u00e3o do Centro de Controle de Zoonoses. A solenidade ser\u00e1 realizada na pr\u00f3xima quinta-feira, 10 de setembro, a partir das 18h, reunindo autoridades e a popula\u00e7\u00e3o para marcar a entrega do novo espa\u00e7o. O equipamento chega com a proposta de fortalecer as a\u00e7\u00f5es de cuidado, prote\u00e7\u00e3o e controle de doen\u00e7as que podem afetar os animais e a popula\u00e7\u00e3o, contribuindo para ampliar as pol\u00edticas p\u00fablicas voltadas \u00e0 sa\u00fade e \u00e0 preven\u00e7\u00e3o de zoonoses no munic\u00edpio. A Prefeitura destaca que a implanta\u00e7\u00e3o do centro representa mais um investimento em sa\u00fade p\u00fablica, bem-estar animal e qualidade de vida da popula\u00e7\u00e3o de Ouro Velho. Toda a comunidade est\u00e1 convidada a participar da inaugura\u00e7\u00e3o e celebrar mais essa conquista para o munic\u00edpio. Not\u00edcias em Destaque\" \/>\n<meta property=\"og:url\" content=\"https:\/\/noticiasemdestaque.com\/cd\/?p=81555\" \/>\n<meta property=\"og:site_name\" content=\"Not&iacute;cias em Destaque\" \/>\n<meta property=\"article:published_time\" content=\"2026-09-03T14:24:55+00:00\" \/>\n<meta property=\"og:image\" content=\"https:\/\/noticiasemdestaque.com\/cd\/wp-content\/uploads\/2026\/09\/imagem_2026-09-03_112137211.png\" \/>\n\t<meta property=\"og:image:width\" content=\"492\" \/>\n\t<meta property=\"og:image:height\" content=\"447\" \/>\n\t<meta property=\"og:image:type\" content=\"image\/png\" \/>\n<meta name=\"author\" content=\"Not\u00edcias em Destaque\" \/>\n<meta name=\"twitter:card\" content=\"summary_large_image\" \/>\n<meta name=\"twitter:label1\" content=\"Escrito por\" \/>\n\t<meta name=\"twitter:data1\" content=\"Not\u00edcias em Destaque\" \/>\n\t<meta name=\"twitter:label2\" content=\"Est. tempo de leitura\" \/>\n\t<meta name=\"twitter:data2\" content=\"2 minutos\" \/>\n<script type=\"application\/ld+json\" class=\"yoast-schema-graph\">{\"@context\":\"https:\/\/schema.org\",\"@graph\":[{\"@type\":\"Article\",\"@id\":\"https:\/\/noticiasemdestaque.com\/cd\/?p=81555#article\",\"isPartOf\":{\"@id\":\"https:\/\/noticiasemdestaque.com\/cd\/?p=81555\"},\"author\":{\"name\":\"Not\u00edcias em Destaque\",\"@id\":\"https:\/\/noticiasemdestaque.com\/cd\/#\/schema\/person\/a978acbbda55eca5b71ccb9421897bb0\"},\"headline\":\"Prefeito Dr. J\u00fanior inaugura Centro de Controle de Zoonoses em Ouro Velho nesta quinta-feira (10)\",\"datePublished\":\"2026-09-03T14:24:55+00:00\",\"mainEntityOfPage\":{\"@id\":\"https:\/\/noticiasemdestaque.com\/cd\/?p=81555\"},\"wordCount\":176,\"publisher\":{\"@id\":\"https:\/\/noticiasemdestaque.com\/cd\/#organization\"},\"image\":{\"@id\":\"https:\/\/noticiasemdestaque.com\/cd\/?p=81555#primaryimage\"},\"thumbnailUrl\":\"https:\/\/noticiasemdestaque.com\/cd\/wp-content\/uploads\/2026\/09\/imagem_2026-09-03_112137211.png\",\"articleSection\":[\"Cidades\"],\"inLanguage\":\"pt-BR\"},{\"@type\":\"WebPage\",\"@id\":\"https:\/\/noticiasemdestaque.com\/cd\/?p=81555\",\"url\":\"https:\/\/noticiasemdestaque.com\/cd\/?p=81555\",\"name\":\"Prefeito Dr. J\u00fanior inaugura Centro de Controle de Zoonoses em Ouro Velho nesta quinta-feira (10) - Not&iacute;cias em Destaque\",\"isPartOf\":{\"@id\":\"https:\/\/noticiasemdestaque.com\/cd\/#website\"},\"primaryImageOfPage\":{\"@id\":\"https:\/\/noticiasemdestaque.com\/cd\/?p=81555#primaryimage\"},\"image\":{\"@id\":\"https:\/\/noticiasemdestaque.com\/cd\/?p=81555#primaryimage\"},\"thumbnailUrl\":\"https:\/\/noticiasemdestaque.com\/cd\/wp-content\/uploads\/2026\/09\/imagem_2026-09-03_112137211.png\",\"datePublished\":\"2026-09-03T14:24:55+00:00\",\"breadcrumb\":{\"@id\":\"https:\/\/noticiasemdestaque.com\/cd\/?p=81555#breadcrumb\"},\"inLanguage\":\"pt-BR\",\"potentialAction\":[{\"@type\":\"ReadAction\",\"target\":[\"https:\/\/noticiasemdestaque.com\/cd\/?p=81555\"]}]},{\"@type\":\"ImageObject\",\"inLanguage\":\"pt-BR\",\"@id\":\"https:\/\/noticiasemdestaque.com\/cd\/?p=81555#primaryimage\",\"url\":\"https:\/\/noticiasemdestaque.com\/cd\/wp-content\/uploads\/2026\/09\/imagem_2026-09-03_112137211.png\",\"contentUrl\":\"https:\/\/noticiasemdestaque.com\/cd\/wp-content\/uploads\/2026\/09\/imagem_2026-09-03_112137211.png\",\"width\":492,\"height\":447},{\"@type\":\"BreadcrumbList\",\"@id\":\"https:\/\/noticiasemdestaque.com\/cd\/?p=81555#breadcrumb\",\"itemListElement\":[{\"@type\":\"ListItem\",\"position\":1,\"name\":\"In\u00edcio\",\"item\":\"https:\/\/noticiasemdestaque.com\/cd\/\"},{\"@type\":\"ListItem\",\"position\":2,\"name\":\"Prefeito Dr. J\u00fanior inaugura Centro de Controle de Zoonoses em Ouro Velho nesta quinta-feira (10)\"}]},{\"@type\":\"WebSite\",\"@id\":\"https:\/\/noticiasemdestaque.com\/cd\/#website\",\"url\":\"https:\/\/noticiasemdestaque.com\/cd\/\",\"name\":\"Not&iacute;cias em Destaque\",\"description\":\"\",\"publisher\":{\"@id\":\"https:\/\/noticiasemdestaque.com\/cd\/#organization\"},\"potentialAction\":[{\"@type\":\"SearchAction\",\"target\":{\"@type\":\"EntryPoint\",\"urlTemplate\":\"https:\/\/noticiasemdestaque.com\/cd\/?s={search_term_string}\"},\"query-input\":{\"@type\":\"PropertyValueSpecification\",\"valueRequired\":true,\"valueName\":\"search_term_string\"}}],\"inLanguage\":\"pt-BR\"},{\"@type\":\"Organization\",\"@id\":\"https:\/\/noticiasemdestaque.com\/cd\/#organization\",\"name\":\"Not\u00edcias em Destaque\",\"url\":\"https:\/\/noticiasemdestaque.com\/cd\/\",\"logo\":{\"@type\":\"ImageObject\",\"inLanguage\":\"pt-BR\",\"@id\":\"https:\/\/noticiasemdestaque.com\/cd\/#\/schema\/logo\/image\/\",\"url\":\"https:\/\/noticiasemdestaque.com\/cd\/wp-content\/uploads\/2022\/05\/imagem-base-noticiasemdestaque.png\",\"contentUrl\":\"https:\/\/noticiasemdestaque.com\/cd\/wp-content\/uploads\/2022\/05\/imagem-base-noticiasemdestaque.png\",\"width\":1200,\"height\":630,\"caption\":\"Not\u00edcias em Destaque\"},\"image\":{\"@id\":\"https:\/\/noticiasemdestaque.com\/cd\/#\/schema\/logo\/image\/\"}},{\"@type\":\"Person\",\"@id\":\"https:\/\/noticiasemdestaque.com\/cd\/#\/schema\/person\/a978acbbda55eca5b71ccb9421897bb0\",\"name\":\"Not\u00edcias em Destaque\",\"url\":\"https:\/\/noticiasemdestaque.com\/cd\/?author=2\"}]}<\/script>\n<!-- \/ Yoast SEO plugin. -->","yoast_head_json":{"title":"Prefeito Dr. J\u00fanior inaugura Centro de Controle de Zoonoses em Ouro Velho nesta quinta-feira (10) - Not&iacute;cias em Destaque","robots":{"index":"index","follow":"follow","max-snippet":"max-snippet:-1","max-image-preview":"max-image-preview:large","max-video-preview":"max-video-preview:-1"},"canonical":"https:\/\/noticiasemdestaque.com\/cd\/?p=81555","og_locale":"pt_BR","og_type":"article","og_title":"Prefeito Dr. J\u00fanior inaugura Centro de Controle de Zoonoses em Ouro Velho nesta quinta-feira (10) - Not&iacute;cias em Destaque","og_description":"O munic\u00edpio de Ouro Velho dar\u00e1 mais um importante passo na \u00e1rea da sa\u00fade p\u00fablica e do bem-estar animal com a inaugura\u00e7\u00e3o do Centro de Controle de Zoonoses. A solenidade ser\u00e1 realizada na pr\u00f3xima quinta-feira, 10 de setembro, a partir das 18h, reunindo autoridades e a popula\u00e7\u00e3o para marcar a entrega do novo espa\u00e7o. O equipamento chega com a proposta de fortalecer as a\u00e7\u00f5es de cuidado, prote\u00e7\u00e3o e controle de doen\u00e7as que podem afetar os animais e a popula\u00e7\u00e3o, contribuindo para ampliar as pol\u00edticas p\u00fablicas voltadas \u00e0 sa\u00fade e \u00e0 preven\u00e7\u00e3o de zoonoses no munic\u00edpio. A Prefeitura destaca que a implanta\u00e7\u00e3o do centro representa mais um investimento em sa\u00fade p\u00fablica, bem-estar animal e qualidade de vida da popula\u00e7\u00e3o de Ouro Velho. Toda a comunidade est\u00e1 convidada a participar da inaugura\u00e7\u00e3o e celebrar mais essa conquista para o munic\u00edpio. Not\u00edcias em Destaque","og_url":"https:\/\/noticiasemdestaque.com\/cd\/?p=81555","og_site_name":"Not&iacute;cias em Destaque","article_published_time":"2026-09-03T14:24:55+00:00","og_image":[{"width":492,"height":447,"url":"https:\/\/noticiasemdestaque.com\/cd\/wp-content\/uploads\/2026\/09\/imagem_2026-09-03_112137211.png","type":"image\/png"}],"author":"Not\u00edcias em Destaque","twitter_card":"summary_large_image","twitter_misc":{"Escrito por":"Not\u00edcias em Destaque","Est. tempo de leitura":"2 minutos"},"schema":{"@context":"https:\/\/schema.org","@graph":[{"@type":"Article","@id":"https:\/\/noticiasemdestaque.com\/cd\/?p=81555#article","isPartOf":{"@id":"https:\/\/noticiasemdestaque.com\/cd\/?p=81555"},"author":{"name":"Not\u00edcias em Destaque","@id":"https:\/\/noticiasemdestaque.com\/cd\/#\/schema\/person\/a978acbbda55eca5b71ccb9421897bb0"},"headline":"Prefeito Dr. J\u00fanior inaugura Centro de Controle de Zoonoses em Ouro Velho nesta quinta-feira (10)","datePublished":"2026-09-03T14:24:55+00:00","mainEntityOfPage":{"@id":"https:\/\/noticiasemdestaque.com\/cd\/?p=81555"},"wordCount":176,"publisher":{"@id":"https:\/\/noticiasemdestaque.com\/cd\/#organization"},"image":{"@id":"https:\/\/noticiasemdestaque.com\/cd\/?p=81555#primaryimage"},"thumbnailUrl":"https:\/\/noticiasemdestaque.com\/cd\/wp-content\/uploads\/2026\/09\/imagem_2026-09-03_112137211.png","articleSection":["Cidades"],"inLanguage":"pt-BR"},{"@type":"WebPage","@id":"https:\/\/noticiasemdestaque.com\/cd\/?p=81555","url":"https:\/\/noticiasemdestaque.com\/cd\/?p=81555","name":"Prefeito Dr. J\u00fanior inaugura Centro de Controle de Zoonoses em Ouro Velho nesta quinta-feira (10) - Not&iacute;cias em Destaque","isPartOf":{"@id":"https:\/\/noticiasemdestaque.com\/cd\/#website"},"primaryImageOfPage":{"@id":"https:\/\/noticiasemdestaque.com\/cd\/?p=81555#primaryimage"},"image":{"@id":"https:\/\/noticiasemdestaque.com\/cd\/?p=81555#primaryimage"},"thumbnailUrl":"https:\/\/noticiasemdestaque.com\/cd\/wp-content\/uploads\/2026\/09\/imagem_2026-09-03_112137211.png","datePublished":"2026-09-03T14:24:55+00:00","breadcrumb":{"@id":"https:\/\/noticiasemdestaque.com\/cd\/?p=81555#breadcrumb"},"inLanguage":"pt-BR","potentialAction":[{"@type":"ReadAction","target":["https:\/\/noticiasemdestaque.com\/cd\/?p=81555"]}]},{"@type":"ImageObject","inLanguage":"pt-BR","@id":"https:\/\/noticiasemdestaque.com\/cd\/?p=81555#primaryimage","url":"https:\/\/noticiasemdestaque.com\/cd\/wp-content\/uploads\/2026\/09\/imagem_2026-09-03_112137211.png","contentUrl":"https:\/\/noticiasemdestaque.com\/cd\/wp-content\/uploads\/2026\/09\/imagem_2026-09-03_112137211.png","width":492,"height":447},{"@type":"BreadcrumbList","@id":"https:\/\/noticiasemdestaque.com\/cd\/?p=81555#breadcrumb","itemListElement":[{"@type":"ListItem","position":1,"name":"In\u00edcio","item":"https:\/\/noticiasemdestaque.com\/cd\/"},{"@type":"ListItem","position":2,"name":"Prefeito Dr. J\u00fanior inaugura Centro de Controle de Zoonoses em Ouro Velho nesta quinta-feira (10)"}]},{"@type":"WebSite","@id":"https:\/\/noticiasemdestaque.com\/cd\/#website","url":"https:\/\/noticiasemdestaque.com\/cd\/","name":"Not&iacute;cias em Destaque","description":"","publisher":{"@id":"https:\/\/noticiasemdestaque.com\/cd\/#organization"},"potentialAction":[{"@type":"SearchAction","target":{"@type":"EntryPoint","urlTemplate":"https:\/\/noticiasemdestaque.com\/cd\/?s={search_term_string}"},"query-input":{"@type":"PropertyValueSpecification","valueRequired":true,"valueName":"search_term_string"}}],"inLanguage":"pt-BR"},{"@type":"Organization","@id":"https:\/\/noticiasemdestaque.com\/cd\/#organization","name":"Not\u00edcias em Destaque","url":"https:\/\/noticiasemdestaque.com\/cd\/","logo":{"@type":"ImageObject","inLanguage":"pt-BR","@id":"https:\/\/noticiasemdestaque.com\/cd\/#\/schema\/logo\/image\/","url":"https:\/\/noticiasemdestaque.com\/cd\/wp-content\/uploads\/2022\/05\/imagem-base-noticiasemdestaque.png","contentUrl":"https:\/\/noticiasemdestaque.com\/cd\/wp-content\/uploads\/2022\/05\/imagem-base-noticiasemdestaque.png","width":1200,"height":630,"caption":"Not\u00edcias em Destaque"},"image":{"@id":"https:\/\/noticiasemdestaque.com\/cd\/#\/schema\/logo\/image\/"}},{"@type":"Person","@id":"https:\/\/noticiasemdestaque.com\/cd\/#\/schema\/person\/a978acbbda55eca5b71ccb9421897bb0","name":"Not\u00edcias em Destaque","url":"https:\/\/noticiasemdestaque.com\/cd\/?author=2"}]}},"jetpack_featured_media_url":"https:\/\/noticiasemdestaque.com\/cd\/wp-content\/uploads\/2026\/09\/imagem_2026-09-03_112137211.png","jetpack_sharing_enabled":true,"_links":{"self":[{"href":"https:\/\/noticiasemdestaque.com\/cd\/index.php?rest_route=\/wp\/v2\/posts\/81555","targetHints":{"allow":["GET"]}}],"collection":[{"href":"https:\/\/noticiasemdestaque.com\/cd\/index.php?rest_route=\/wp\/v2\/posts"}],"about":[{"href":"https:\/\/noticiasemdestaque.com\/cd\/index.php?rest_route=\/wp\/v2\/types\/post"}],"author":[{"embeddable":true,"href":"https:\/\/noticiasemdestaque.com\/cd\/index.php?rest_route=\/wp\/v2\/users\/2"}],"replies":[{"embeddable":true,"href":"https:\/\/noticiasemdestaque.com\/cd\/index.php?rest_route=%2Fwp%2Fv2%2Fcomments&post=81555"}],"version-history":[{"count":1,"href":"https:\/\/noticiasemdestaque.com\/cd\/index.php?rest_route=\/wp\/v2\/posts\/81555\/revisions"}],"predecessor-version":[{"id":81557,"href":"https:\/\/noticiasemdestaque.com\/cd\/index.php?rest_route=\/wp\/v2\/posts\/81555\/revisions\/81557"}],"wp:featuredmedia":[{"embeddable":true,"href":"https:\/\/noticiasemdestaque.com\/cd\/index.php?rest_route=\/wp\/v2\/media\/81556"}],"wp:attachment":[{"href":"https:\/\/noticiasemdestaque.com\/cd\/index.php?rest_route=%2Fwp%2Fv2%2Fmedia&parent=81555"}],"wp:term":[{"taxonomy":"category","embeddable":true,"href":"https:\/\/noticiasemdestaque.com\/cd\/index.php?rest_route=%2Fwp%2Fv2%2Fcategories&post=81555"},{"taxonomy":"post_tag","embeddable":true,"href":"https:\/\/noticiasemdestaque.com\/cd\/index.php?rest_route=%2Fwp%2Fv2%2Ftags&post=81555"}],"curies":[{"name":"wp","href":"https:\/\/api.w.org\/{rel}","templated":true}]}}