{"id":81550,"date":"2026-09-03T11:13:12","date_gmt":"2026-09-03T14:13:12","guid":{"rendered":"https:\/\/noticiasemdestaque.com\/cd\/?p=81550"},"modified":"2026-09-03T11:13:12","modified_gmt":"2026-09-03T14:13:12","slug":"baixa-umidade-do-ar-inmet-renova-alerta-para-95-cidades-da-paraiba","status":"publish","type":"post","link":"https:\/\/noticiasemdestaque.com\/cd\/?p=81550","title":{"rendered":"Baixa umidade do ar: Inmet renova alerta para 95 cidades da Para\u00edba"},"content":{"rendered":"<p><a href=\"https:\/\/noticiasemdestaque.com\/cd\/wp-content\/uploads\/2026\/09\/baixa-umidade-do-ar-inmet-renova-alerta-para-95-ci0021936000202609030849-8.webp\"><img fetchpriority=\"high\" decoding=\"async\" class=\" wp-image-81551 aligncenter\" src=\"https:\/\/noticiasemdestaque.com\/cd\/wp-content\/uploads\/2026\/09\/baixa-umidade-do-ar-inmet-renova-alerta-para-95-ci0021936000202609030849-8-300x188.webp\" alt=\"\" width=\"831\" height=\"521\" srcset=\"https:\/\/noticiasemdestaque.com\/cd\/wp-content\/uploads\/2026\/09\/baixa-umidade-do-ar-inmet-renova-alerta-para-95-ci0021936000202609030849-8-300x188.webp 300w, https:\/\/noticiasemdestaque.com\/cd\/wp-content\/uploads\/2026\/09\/baixa-umidade-do-ar-inmet-renova-alerta-para-95-ci0021936000202609030849-8-768x482.webp 768w, https:\/\/noticiasemdestaque.com\/cd\/wp-content\/uploads\/2026\/09\/baixa-umidade-do-ar-inmet-renova-alerta-para-95-ci0021936000202609030849-8.webp 900w\" sizes=\"(max-width: 831px) 100vw, 831px\" \/><\/a><\/p>\n<p>O Instituto Nacional de Meteorologia (Inmet) emitiu, nesta quinta-feira (3), o alerta amarelo de baixa umidade do ar para 95 cidades da Para\u00edba.\u00a0Veja abaixo lista de munic\u00edpios afetados.<\/p>\n<p>O aviso, que come\u00e7ou \u00e0s 9h desta quinta-feira, segue at\u00e9 as 22h do mesmo dia.<\/p>\n<p>O \u00edndice \u00e9 considerado baixo e pode provocar desconforto, especialmente em per\u00edodos de maior calor. Apesar disso, o Inmet classifica como baixo o risco de inc\u00eandios florestais e de impactos \u00e0 sa\u00fade associados \u00e0 condi\u00e7\u00e3o clim\u00e1tica.<\/p>\n<p>A orienta\u00e7\u00e3o \u00e9 que a popula\u00e7\u00e3o mantenha a hidrata\u00e7\u00e3o e evite atividades f\u00edsicas intensas durante os per\u00edodos mais secos e quentes do dia.<\/p>\n<p>Perigo potencial:\u00a0Para as cidades sob alerta amarelo, a umidade relativa do ar deve variar entre 30% e 20%. Durante o aviso, h\u00e1 baixo risco de inc\u00eandios florestais e de impactos \u00e0 sa\u00fade, mas a popula\u00e7\u00e3o deve adotar medidas de preven\u00e7\u00e3o para reduzir os efeitos do tempo seco.<\/p>\n<h2>Munic\u00edpios sob alerta amarelo de baixa umidade<\/h2>\n<ol>\n<li>\u00c1gua Branca<\/li>\n<li>Aguiar<\/li>\n<li>Amparo<\/li>\n<li>Aparecida<\/li>\n<li>Areia de Bara\u00fanas<\/li>\n<li>Bel\u00e9m do Brejo do Cruz<\/li>\n<li>Bernardino Batista<\/li>\n<li>Boa Ventura<\/li>\n<li>Bom Jesus<\/li>\n<li>Bom Sucesso<\/li>\n<li>Bonito de Santa F\u00e9<\/li>\n<li>Brejo do Cruz<\/li>\n<li>Brejo dos Santos<\/li>\n<li>Cachoeira dos \u00cdndios<\/li>\n<li>Cacimba de Areia<\/li>\n<li>Cacimbas<\/li>\n<li>Cajazeiras<\/li>\n<li>Cajazeirinhas<\/li>\n<li>Carrapateira<\/li>\n<li>Catingueira<\/li>\n<li>Catol\u00e9 do Rocha<\/li>\n<li>Concei\u00e7\u00e3o<\/li>\n<li>Condado<\/li>\n<li>Coremas<\/li>\n<li>Curral Velho<\/li>\n<li>Desterro<\/li>\n<li>Diamante<\/li>\n<li>Emas<\/li>\n<li>Ibiara<\/li>\n<li>Igaracy<\/li>\n<li>Imaculada<\/li>\n<li>Itaporanga<\/li>\n<li>Jeric\u00f3<\/li>\n<li>Joca Claudino<\/li>\n<li>Junco do Serid\u00f3<\/li>\n<li>Juru<\/li>\n<li>Lagoa<\/li>\n<li>Lastro<\/li>\n<li>Livramento<\/li>\n<li>M\u00e3e d&#8217;\u00c1gua<\/li>\n<li>Malta<\/li>\n<li>Mana\u00edra<\/li>\n<li>Mariz\u00f3polis<\/li>\n<li>Mato Grosso<\/li>\n<li>Matur\u00e9ia<\/li>\n<li>Monte Horebe<\/li>\n<li>Monteiro<\/li>\n<li>Nazarezinho<\/li>\n<li>Nova Olinda<\/li>\n<li>Olho d&#8217;\u00c1gua<\/li>\n<li>Ouro Velho<\/li>\n<li>Passagem<\/li>\n<li>Patos<\/li>\n<li>Paulista<\/li>\n<li>Pedra Branca<\/li>\n<li>Pianc\u00f3<\/li>\n<li>Po\u00e7o Dantas<\/li>\n<li>Po\u00e7o de Jos\u00e9 de Moura<\/li>\n<li>Pombal<\/li>\n<li>Princesa Isabel<\/li>\n<li>Quixaba<\/li>\n<li>Riacho dos Cavalos<\/li>\n<li>Salgadinho<\/li>\n<li>Santa Cruz<\/li>\n<li>Santa Helena<\/li>\n<li>Santa In\u00eas<\/li>\n<li>Santa Luzia<\/li>\n<li>Santana de Mangueira<\/li>\n<li>Santana dos Garrotes<\/li>\n<li>Santa Teresinha<\/li>\n<li>S\u00e3o Bentinho<\/li>\n<li>S\u00e3o Bento<\/li>\n<li>S\u00e3o Domingos<\/li>\n<li>S\u00e3o Francisco<\/li>\n<li>S\u00e3o Jo\u00e3o do Rio do Peixe<\/li>\n<li>S\u00e3o Jos\u00e9 da Lagoa Tapada<\/li>\n<li>S\u00e3o Jos\u00e9 de Caiana<\/li>\n<li>S\u00e3o Jos\u00e9 de Espinharas<\/li>\n<li>S\u00e3o Jos\u00e9 de Piranhas<\/li>\n<li>S\u00e3o Jos\u00e9 de Princesa<\/li>\n<li>S\u00e3o Jos\u00e9 do Bonfim<\/li>\n<li>S\u00e3o Jos\u00e9 do Brejo do Cruz<\/li>\n<li>S\u00e3o Jos\u00e9 do Sabugi<\/li>\n<li>S\u00e3o Jos\u00e9 dos Cordeiros<\/li>\n<li>S\u00e3o Mamede<\/li>\n<li>Serra Grande<\/li>\n<li>Sousa<\/li>\n<li>Tapero\u00e1<\/li>\n<li>Tavares<\/li>\n<li>Teixeira<\/li>\n<li>Triunfo<\/li>\n<li>Uira\u00fana<\/li>\n<li>V\u00e1rzea<\/li>\n<li>Vieir\u00f3polis<\/li>\n<li>Vista Serrana<\/li>\n<\/ol>\n<p>Recomenda\u00e7\u00f5es do Inmet<\/p>\n<p>Para as cidades sob alerta de baixa umidade, a orienta\u00e7\u00e3o beber bastante l\u00edquido e evitar atividades f\u00edsicas intensas e exposi\u00e7\u00e3o ao sol em hor\u00e1rios mais quentes. Al\u00e9m disso, o Inmet recomenda o uso de hidratantes para pele e umidificadores em ambientes.<\/p>\n<p>Em caso de problemas, a popula\u00e7\u00e3o pode acionar a Defesa Civil pelo telefone 199 ou o Corpo de Bombeiros pelo telefone 193.<\/p>\n<p><strong>Not\u00edcias em Destaque<\/strong><\/p>\n<p style=\"text-align: right;\"><em>Fonte: Jornal da Para\u00edba<\/em><\/p>\n","protected":false},"excerpt":{"rendered":"<p>O Instituto Nacional de Meteorologia (Inmet) emitiu, nesta quinta-feira (3), o alerta amarelo de baixa umidade do ar para 95 cidades da Para\u00edba.\u00a0Veja abaixo lista de munic\u00edpios afetados. O aviso, que come\u00e7ou \u00e0s 9h desta quinta-feira, segue at\u00e9 as 22h do mesmo dia. O \u00edndice \u00e9 considerado baixo e pode provocar desconforto, especialmente em per\u00edodos de maior calor. Apesar disso, o Inmet classifica como baixo o risco de inc\u00eandios florestais e de impactos \u00e0 sa\u00fade associados \u00e0 condi\u00e7\u00e3o clim\u00e1tica. A orienta\u00e7\u00e3o \u00e9 que a popula\u00e7\u00e3o mantenha a hidrata\u00e7\u00e3o e evite atividades f\u00edsicas intensas durante os per\u00edodos mais secos e quentes do dia. Perigo potencial:\u00a0Para as cidades sob alerta amarelo, a umidade relativa do ar deve variar entre 30% e 20%. Durante o aviso, h\u00e1 baixo risco de inc\u00eandios florestais e de impactos \u00e0 sa\u00fade, mas a popula\u00e7\u00e3o deve adotar medidas de preven\u00e7\u00e3o para reduzir os efeitos do tempo seco. Munic\u00edpios sob alerta amarelo de baixa umidade \u00c1gua Branca Aguiar Amparo Aparecida Areia de Bara\u00fanas Bel\u00e9m do Brejo do Cruz Bernardino Batista Boa Ventura Bom Jesus Bom Sucesso Bonito de Santa F\u00e9 Brejo do Cruz Brejo dos Santos Cachoeira dos \u00cdndios Cacimba de Areia Cacimbas Cajazeiras Cajazeirinhas Carrapateira Catingueira Catol\u00e9 do Rocha Concei\u00e7\u00e3o Condado Coremas Curral Velho Desterro Diamante Emas Ibiara Igaracy Imaculada Itaporanga Jeric\u00f3 Joca Claudino Junco do Serid\u00f3 Juru Lagoa Lastro Livramento M\u00e3e d&#8217;\u00c1gua Malta Mana\u00edra Mariz\u00f3polis Mato Grosso Matur\u00e9ia Monte Horebe Monteiro Nazarezinho Nova Olinda Olho d&#8217;\u00c1gua Ouro Velho Passagem Patos Paulista Pedra Branca Pianc\u00f3 Po\u00e7o Dantas Po\u00e7o de Jos\u00e9 de Moura Pombal Princesa Isabel Quixaba Riacho dos Cavalos Salgadinho Santa Cruz Santa Helena Santa In\u00eas Santa Luzia Santana de Mangueira Santana dos Garrotes Santa Teresinha S\u00e3o Bentinho S\u00e3o Bento S\u00e3o Domingos S\u00e3o Francisco S\u00e3o Jo\u00e3o do Rio do Peixe S\u00e3o Jos\u00e9 da Lagoa Tapada S\u00e3o Jos\u00e9 de Caiana S\u00e3o Jos\u00e9 de Espinharas S\u00e3o Jos\u00e9 de Piranhas S\u00e3o Jos\u00e9 de Princesa S\u00e3o Jos\u00e9 do Bonfim S\u00e3o Jos\u00e9 do Brejo do Cruz S\u00e3o Jos\u00e9 do Sabugi S\u00e3o Jos\u00e9 dos Cordeiros S\u00e3o Mamede Serra Grande Sousa Tapero\u00e1 Tavares Teixeira Triunfo Uira\u00fana V\u00e1rzea Vieir\u00f3polis Vista Serrana Recomenda\u00e7\u00f5es do Inmet Para as cidades sob alerta de baixa umidade, a orienta\u00e7\u00e3o beber bastante l\u00edquido e evitar atividades f\u00edsicas intensas e exposi\u00e7\u00e3o ao sol em hor\u00e1rios mais quentes. Al\u00e9m disso, o Inmet recomenda o uso de hidratantes para pele e umidificadores em ambientes. Em caso de problemas, a popula\u00e7\u00e3o pode acionar a Defesa Civil pelo telefone 199 ou o Corpo de Bombeiros pelo telefone 193. Not\u00edcias em Destaque Fonte: Jornal da Para\u00edba<\/p>\n","protected":false},"author":2,"featured_media":81551,"comment_status":"closed","ping_status":"closed","sticky":false,"template":"","format":"standard","meta":{"_eb_attr":"","_jetpack_memberships_contains_paid_content":false,"footnotes":""},"categories":[12],"tags":[],"class_list":["post-81550","post","type-post","status-publish","format-standard","has-post-thumbnail","hentry","category-geral"],"yoast_head":"<!-- This site is optimized with the Yoast SEO plugin v26.5 - https:\/\/yoast.com\/wordpress\/plugins\/seo\/ -->\n<title>Baixa umidade do ar: Inmet renova alerta para 95 cidades da Para\u00edba - Not&iacute;cias em Destaque<\/title>\n<meta name=\"robots\" content=\"index, follow, max-snippet:-1, max-image-preview:large, max-video-preview:-1\" \/>\n<link rel=\"canonical\" href=\"https:\/\/noticiasemdestaque.com\/cd\/?p=81550\" \/>\n<meta property=\"og:locale\" content=\"pt_BR\" \/>\n<meta property=\"og:type\" content=\"article\" \/>\n<meta property=\"og:title\" content=\"Baixa umidade do ar: Inmet renova alerta para 95 cidades da Para\u00edba - Not&iacute;cias em Destaque\" \/>\n<meta property=\"og:description\" content=\"O Instituto Nacional de Meteorologia (Inmet) emitiu, nesta quinta-feira (3), o alerta amarelo de baixa umidade do ar para 95 cidades da Para\u00edba.\u00a0Veja abaixo lista de munic\u00edpios afetados. O aviso, que come\u00e7ou \u00e0s 9h desta quinta-feira, segue at\u00e9 as 22h do mesmo dia. O \u00edndice \u00e9 considerado baixo e pode provocar desconforto, especialmente em per\u00edodos de maior calor. Apesar disso, o Inmet classifica como baixo o risco de inc\u00eandios florestais e de impactos \u00e0 sa\u00fade associados \u00e0 condi\u00e7\u00e3o clim\u00e1tica. A orienta\u00e7\u00e3o \u00e9 que a popula\u00e7\u00e3o mantenha a hidrata\u00e7\u00e3o e evite atividades f\u00edsicas intensas durante os per\u00edodos mais secos e quentes do dia. Perigo potencial:\u00a0Para as cidades sob alerta amarelo, a umidade relativa do ar deve variar entre 30% e 20%. Durante o aviso, h\u00e1 baixo risco de inc\u00eandios florestais e de impactos \u00e0 sa\u00fade, mas a popula\u00e7\u00e3o deve adotar medidas de preven\u00e7\u00e3o para reduzir os efeitos do tempo seco. Munic\u00edpios sob alerta amarelo de baixa umidade \u00c1gua Branca Aguiar Amparo Aparecida Areia de Bara\u00fanas Bel\u00e9m do Brejo do Cruz Bernardino Batista Boa Ventura Bom Jesus Bom Sucesso Bonito de Santa F\u00e9 Brejo do Cruz Brejo dos Santos Cachoeira dos \u00cdndios Cacimba de Areia Cacimbas Cajazeiras Cajazeirinhas Carrapateira Catingueira Catol\u00e9 do Rocha Concei\u00e7\u00e3o Condado Coremas Curral Velho Desterro Diamante Emas Ibiara Igaracy Imaculada Itaporanga Jeric\u00f3 Joca Claudino Junco do Serid\u00f3 Juru Lagoa Lastro Livramento M\u00e3e d&#8217;\u00c1gua Malta Mana\u00edra Mariz\u00f3polis Mato Grosso Matur\u00e9ia Monte Horebe Monteiro Nazarezinho Nova Olinda Olho d&#8217;\u00c1gua Ouro Velho Passagem Patos Paulista Pedra Branca Pianc\u00f3 Po\u00e7o Dantas Po\u00e7o de Jos\u00e9 de Moura Pombal Princesa Isabel Quixaba Riacho dos Cavalos Salgadinho Santa Cruz Santa Helena Santa In\u00eas Santa Luzia Santana de Mangueira Santana dos Garrotes Santa Teresinha S\u00e3o Bentinho S\u00e3o Bento S\u00e3o Domingos S\u00e3o Francisco S\u00e3o Jo\u00e3o do Rio do Peixe S\u00e3o Jos\u00e9 da Lagoa Tapada S\u00e3o Jos\u00e9 de Caiana S\u00e3o Jos\u00e9 de Espinharas S\u00e3o Jos\u00e9 de Piranhas S\u00e3o Jos\u00e9 de Princesa S\u00e3o Jos\u00e9 do Bonfim S\u00e3o Jos\u00e9 do Brejo do Cruz S\u00e3o Jos\u00e9 do Sabugi S\u00e3o Jos\u00e9 dos Cordeiros S\u00e3o Mamede Serra Grande Sousa Tapero\u00e1 Tavares Teixeira Triunfo Uira\u00fana V\u00e1rzea Vieir\u00f3polis Vista Serrana Recomenda\u00e7\u00f5es do Inmet Para as cidades sob alerta de baixa umidade, a orienta\u00e7\u00e3o beber bastante l\u00edquido e evitar atividades f\u00edsicas intensas e exposi\u00e7\u00e3o ao sol em hor\u00e1rios mais quentes. Al\u00e9m disso, o Inmet recomenda o uso de hidratantes para pele e umidificadores em ambientes. Em caso de problemas, a popula\u00e7\u00e3o pode acionar a Defesa Civil pelo telefone 199 ou o Corpo de Bombeiros pelo telefone 193. Not\u00edcias em Destaque Fonte: Jornal da Para\u00edba\" \/>\n<meta property=\"og:url\" content=\"https:\/\/noticiasemdestaque.com\/cd\/?p=81550\" \/>\n<meta property=\"og:site_name\" content=\"Not&iacute;cias em Destaque\" \/>\n<meta property=\"article:published_time\" content=\"2026-09-03T14:13:12+00:00\" \/>\n<meta property=\"og:image\" content=\"https:\/\/noticiasemdestaque.com\/cd\/wp-content\/uploads\/2026\/09\/baixa-umidade-do-ar-inmet-renova-alerta-para-95-ci0021936000202609030849-8.webp\" \/>\n\t<meta property=\"og:image:width\" content=\"900\" \/>\n\t<meta property=\"og:image:height\" content=\"565\" \/>\n\t<meta property=\"og:image:type\" content=\"image\/webp\" \/>\n<meta name=\"author\" content=\"Not\u00edcias em Destaque\" \/>\n<meta name=\"twitter:card\" content=\"summary_large_image\" \/>\n<meta name=\"twitter:label1\" content=\"Escrito por\" \/>\n\t<meta name=\"twitter:data1\" content=\"Not\u00edcias em Destaque\" \/>\n\t<meta name=\"twitter:label2\" content=\"Est. tempo de leitura\" \/>\n\t<meta name=\"twitter:data2\" content=\"3 minutos\" \/>\n<script type=\"application\/ld+json\" class=\"yoast-schema-graph\">{\"@context\":\"https:\/\/schema.org\",\"@graph\":[{\"@type\":\"Article\",\"@id\":\"https:\/\/noticiasemdestaque.com\/cd\/?p=81550#article\",\"isPartOf\":{\"@id\":\"https:\/\/noticiasemdestaque.com\/cd\/?p=81550\"},\"author\":{\"name\":\"Not\u00edcias em Destaque\",\"@id\":\"https:\/\/noticiasemdestaque.com\/cd\/#\/schema\/person\/a978acbbda55eca5b71ccb9421897bb0\"},\"headline\":\"Baixa umidade do ar: Inmet renova alerta para 95 cidades da Para\u00edba\",\"datePublished\":\"2026-09-03T14:13:12+00:00\",\"mainEntityOfPage\":{\"@id\":\"https:\/\/noticiasemdestaque.com\/cd\/?p=81550\"},\"wordCount\":480,\"publisher\":{\"@id\":\"https:\/\/noticiasemdestaque.com\/cd\/#organization\"},\"image\":{\"@id\":\"https:\/\/noticiasemdestaque.com\/cd\/?p=81550#primaryimage\"},\"thumbnailUrl\":\"https:\/\/noticiasemdestaque.com\/cd\/wp-content\/uploads\/2026\/09\/baixa-umidade-do-ar-inmet-renova-alerta-para-95-ci0021936000202609030849-8.webp\",\"articleSection\":[\"Geral\"],\"inLanguage\":\"pt-BR\"},{\"@type\":\"WebPage\",\"@id\":\"https:\/\/noticiasemdestaque.com\/cd\/?p=81550\",\"url\":\"https:\/\/noticiasemdestaque.com\/cd\/?p=81550\",\"name\":\"Baixa umidade do ar: Inmet renova alerta para 95 cidades da Para\u00edba - Not&iacute;cias em Destaque\",\"isPartOf\":{\"@id\":\"https:\/\/noticiasemdestaque.com\/cd\/#website\"},\"primaryImageOfPage\":{\"@id\":\"https:\/\/noticiasemdestaque.com\/cd\/?p=81550#primaryimage\"},\"image\":{\"@id\":\"https:\/\/noticiasemdestaque.com\/cd\/?p=81550#primaryimage\"},\"thumbnailUrl\":\"https:\/\/noticiasemdestaque.com\/cd\/wp-content\/uploads\/2026\/09\/baixa-umidade-do-ar-inmet-renova-alerta-para-95-ci0021936000202609030849-8.webp\",\"datePublished\":\"2026-09-03T14:13:12+00:00\",\"breadcrumb\":{\"@id\":\"https:\/\/noticiasemdestaque.com\/cd\/?p=81550#breadcrumb\"},\"inLanguage\":\"pt-BR\",\"potentialAction\":[{\"@type\":\"ReadAction\",\"target\":[\"https:\/\/noticiasemdestaque.com\/cd\/?p=81550\"]}]},{\"@type\":\"ImageObject\",\"inLanguage\":\"pt-BR\",\"@id\":\"https:\/\/noticiasemdestaque.com\/cd\/?p=81550#primaryimage\",\"url\":\"https:\/\/noticiasemdestaque.com\/cd\/wp-content\/uploads\/2026\/09\/baixa-umidade-do-ar-inmet-renova-alerta-para-95-ci0021936000202609030849-8.webp\",\"contentUrl\":\"https:\/\/noticiasemdestaque.com\/cd\/wp-content\/uploads\/2026\/09\/baixa-umidade-do-ar-inmet-renova-alerta-para-95-ci0021936000202609030849-8.webp\",\"width\":900,\"height\":565},{\"@type\":\"BreadcrumbList\",\"@id\":\"https:\/\/noticiasemdestaque.com\/cd\/?p=81550#breadcrumb\",\"itemListElement\":[{\"@type\":\"ListItem\",\"position\":1,\"name\":\"In\u00edcio\",\"item\":\"https:\/\/noticiasemdestaque.com\/cd\/\"},{\"@type\":\"ListItem\",\"position\":2,\"name\":\"Baixa umidade do ar: Inmet renova alerta para 95 cidades da Para\u00edba\"}]},{\"@type\":\"WebSite\",\"@id\":\"https:\/\/noticiasemdestaque.com\/cd\/#website\",\"url\":\"https:\/\/noticiasemdestaque.com\/cd\/\",\"name\":\"Not&iacute;cias em Destaque\",\"description\":\"\",\"publisher\":{\"@id\":\"https:\/\/noticiasemdestaque.com\/cd\/#organization\"},\"potentialAction\":[{\"@type\":\"SearchAction\",\"target\":{\"@type\":\"EntryPoint\",\"urlTemplate\":\"https:\/\/noticiasemdestaque.com\/cd\/?s={search_term_string}\"},\"query-input\":{\"@type\":\"PropertyValueSpecification\",\"valueRequired\":true,\"valueName\":\"search_term_string\"}}],\"inLanguage\":\"pt-BR\"},{\"@type\":\"Organization\",\"@id\":\"https:\/\/noticiasemdestaque.com\/cd\/#organization\",\"name\":\"Not\u00edcias em Destaque\",\"url\":\"https:\/\/noticiasemdestaque.com\/cd\/\",\"logo\":{\"@type\":\"ImageObject\",\"inLanguage\":\"pt-BR\",\"@id\":\"https:\/\/noticiasemdestaque.com\/cd\/#\/schema\/logo\/image\/\",\"url\":\"https:\/\/noticiasemdestaque.com\/cd\/wp-content\/uploads\/2022\/05\/imagem-base-noticiasemdestaque.png\",\"contentUrl\":\"https:\/\/noticiasemdestaque.com\/cd\/wp-content\/uploads\/2022\/05\/imagem-base-noticiasemdestaque.png\",\"width\":1200,\"height\":630,\"caption\":\"Not\u00edcias em Destaque\"},\"image\":{\"@id\":\"https:\/\/noticiasemdestaque.com\/cd\/#\/schema\/logo\/image\/\"}},{\"@type\":\"Person\",\"@id\":\"https:\/\/noticiasemdestaque.com\/cd\/#\/schema\/person\/a978acbbda55eca5b71ccb9421897bb0\",\"name\":\"Not\u00edcias em Destaque\",\"url\":\"https:\/\/noticiasemdestaque.com\/cd\/?author=2\"}]}<\/script>\n<!-- \/ Yoast SEO plugin. -->","yoast_head_json":{"title":"Baixa umidade do ar: Inmet renova alerta para 95 cidades da Para\u00edba - Not&iacute;cias em Destaque","robots":{"index":"index","follow":"follow","max-snippet":"max-snippet:-1","max-image-preview":"max-image-preview:large","max-video-preview":"max-video-preview:-1"},"canonical":"https:\/\/noticiasemdestaque.com\/cd\/?p=81550","og_locale":"pt_BR","og_type":"article","og_title":"Baixa umidade do ar: Inmet renova alerta para 95 cidades da Para\u00edba - Not&iacute;cias em Destaque","og_description":"O Instituto Nacional de Meteorologia (Inmet) emitiu, nesta quinta-feira (3), o alerta amarelo de baixa umidade do ar para 95 cidades da Para\u00edba.\u00a0Veja abaixo lista de munic\u00edpios afetados. O aviso, que come\u00e7ou \u00e0s 9h desta quinta-feira, segue at\u00e9 as 22h do mesmo dia. O \u00edndice \u00e9 considerado baixo e pode provocar desconforto, especialmente em per\u00edodos de maior calor. Apesar disso, o Inmet classifica como baixo o risco de inc\u00eandios florestais e de impactos \u00e0 sa\u00fade associados \u00e0 condi\u00e7\u00e3o clim\u00e1tica. A orienta\u00e7\u00e3o \u00e9 que a popula\u00e7\u00e3o mantenha a hidrata\u00e7\u00e3o e evite atividades f\u00edsicas intensas durante os per\u00edodos mais secos e quentes do dia. Perigo potencial:\u00a0Para as cidades sob alerta amarelo, a umidade relativa do ar deve variar entre 30% e 20%. Durante o aviso, h\u00e1 baixo risco de inc\u00eandios florestais e de impactos \u00e0 sa\u00fade, mas a popula\u00e7\u00e3o deve adotar medidas de preven\u00e7\u00e3o para reduzir os efeitos do tempo seco. Munic\u00edpios sob alerta amarelo de baixa umidade \u00c1gua Branca Aguiar Amparo Aparecida Areia de Bara\u00fanas Bel\u00e9m do Brejo do Cruz Bernardino Batista Boa Ventura Bom Jesus Bom Sucesso Bonito de Santa F\u00e9 Brejo do Cruz Brejo dos Santos Cachoeira dos \u00cdndios Cacimba de Areia Cacimbas Cajazeiras Cajazeirinhas Carrapateira Catingueira Catol\u00e9 do Rocha Concei\u00e7\u00e3o Condado Coremas Curral Velho Desterro Diamante Emas Ibiara Igaracy Imaculada Itaporanga Jeric\u00f3 Joca Claudino Junco do Serid\u00f3 Juru Lagoa Lastro Livramento M\u00e3e d&#8217;\u00c1gua Malta Mana\u00edra Mariz\u00f3polis Mato Grosso Matur\u00e9ia Monte Horebe Monteiro Nazarezinho Nova Olinda Olho d&#8217;\u00c1gua Ouro Velho Passagem Patos Paulista Pedra Branca Pianc\u00f3 Po\u00e7o Dantas Po\u00e7o de Jos\u00e9 de Moura Pombal Princesa Isabel Quixaba Riacho dos Cavalos Salgadinho Santa Cruz Santa Helena Santa In\u00eas Santa Luzia Santana de Mangueira Santana dos Garrotes Santa Teresinha S\u00e3o Bentinho S\u00e3o Bento S\u00e3o Domingos S\u00e3o Francisco S\u00e3o Jo\u00e3o do Rio do Peixe S\u00e3o Jos\u00e9 da Lagoa Tapada S\u00e3o Jos\u00e9 de Caiana S\u00e3o Jos\u00e9 de Espinharas S\u00e3o Jos\u00e9 de Piranhas S\u00e3o Jos\u00e9 de Princesa S\u00e3o Jos\u00e9 do Bonfim S\u00e3o Jos\u00e9 do Brejo do Cruz S\u00e3o Jos\u00e9 do Sabugi S\u00e3o Jos\u00e9 dos Cordeiros S\u00e3o Mamede Serra Grande Sousa Tapero\u00e1 Tavares Teixeira Triunfo Uira\u00fana V\u00e1rzea Vieir\u00f3polis Vista Serrana Recomenda\u00e7\u00f5es do Inmet Para as cidades sob alerta de baixa umidade, a orienta\u00e7\u00e3o beber bastante l\u00edquido e evitar atividades f\u00edsicas intensas e exposi\u00e7\u00e3o ao sol em hor\u00e1rios mais quentes. Al\u00e9m disso, o Inmet recomenda o uso de hidratantes para pele e umidificadores em ambientes. Em caso de problemas, a popula\u00e7\u00e3o pode acionar a Defesa Civil pelo telefone 199 ou o Corpo de Bombeiros pelo telefone 193. Not\u00edcias em Destaque Fonte: Jornal da Para\u00edba","og_url":"https:\/\/noticiasemdestaque.com\/cd\/?p=81550","og_site_name":"Not&iacute;cias em Destaque","article_published_time":"2026-09-03T14:13:12+00:00","og_image":[{"width":900,"height":565,"url":"https:\/\/noticiasemdestaque.com\/cd\/wp-content\/uploads\/2026\/09\/baixa-umidade-do-ar-inmet-renova-alerta-para-95-ci0021936000202609030849-8.webp","type":"image\/webp"}],"author":"Not\u00edcias em Destaque","twitter_card":"summary_large_image","twitter_misc":{"Escrito por":"Not\u00edcias em Destaque","Est. tempo de leitura":"3 minutos"},"schema":{"@context":"https:\/\/schema.org","@graph":[{"@type":"Article","@id":"https:\/\/noticiasemdestaque.com\/cd\/?p=81550#article","isPartOf":{"@id":"https:\/\/noticiasemdestaque.com\/cd\/?p=81550"},"author":{"name":"Not\u00edcias em Destaque","@id":"https:\/\/noticiasemdestaque.com\/cd\/#\/schema\/person\/a978acbbda55eca5b71ccb9421897bb0"},"headline":"Baixa umidade do ar: Inmet renova alerta para 95 cidades da Para\u00edba","datePublished":"2026-09-03T14:13:12+00:00","mainEntityOfPage":{"@id":"https:\/\/noticiasemdestaque.com\/cd\/?p=81550"},"wordCount":480,"publisher":{"@id":"https:\/\/noticiasemdestaque.com\/cd\/#organization"},"image":{"@id":"https:\/\/noticiasemdestaque.com\/cd\/?p=81550#primaryimage"},"thumbnailUrl":"https:\/\/noticiasemdestaque.com\/cd\/wp-content\/uploads\/2026\/09\/baixa-umidade-do-ar-inmet-renova-alerta-para-95-ci0021936000202609030849-8.webp","articleSection":["Geral"],"inLanguage":"pt-BR"},{"@type":"WebPage","@id":"https:\/\/noticiasemdestaque.com\/cd\/?p=81550","url":"https:\/\/noticiasemdestaque.com\/cd\/?p=81550","name":"Baixa umidade do ar: Inmet renova alerta para 95 cidades da Para\u00edba - Not&iacute;cias em Destaque","isPartOf":{"@id":"https:\/\/noticiasemdestaque.com\/cd\/#website"},"primaryImageOfPage":{"@id":"https:\/\/noticiasemdestaque.com\/cd\/?p=81550#primaryimage"},"image":{"@id":"https:\/\/noticiasemdestaque.com\/cd\/?p=81550#primaryimage"},"thumbnailUrl":"https:\/\/noticiasemdestaque.com\/cd\/wp-content\/uploads\/2026\/09\/baixa-umidade-do-ar-inmet-renova-alerta-para-95-ci0021936000202609030849-8.webp","datePublished":"2026-09-03T14:13:12+00:00","breadcrumb":{"@id":"https:\/\/noticiasemdestaque.com\/cd\/?p=81550#breadcrumb"},"inLanguage":"pt-BR","potentialAction":[{"@type":"ReadAction","target":["https:\/\/noticiasemdestaque.com\/cd\/?p=81550"]}]},{"@type":"ImageObject","inLanguage":"pt-BR","@id":"https:\/\/noticiasemdestaque.com\/cd\/?p=81550#primaryimage","url":"https:\/\/noticiasemdestaque.com\/cd\/wp-content\/uploads\/2026\/09\/baixa-umidade-do-ar-inmet-renova-alerta-para-95-ci0021936000202609030849-8.webp","contentUrl":"https:\/\/noticiasemdestaque.com\/cd\/wp-content\/uploads\/2026\/09\/baixa-umidade-do-ar-inmet-renova-alerta-para-95-ci0021936000202609030849-8.webp","width":900,"height":565},{"@type":"BreadcrumbList","@id":"https:\/\/noticiasemdestaque.com\/cd\/?p=81550#breadcrumb","itemListElement":[{"@type":"ListItem","position":1,"name":"In\u00edcio","item":"https:\/\/noticiasemdestaque.com\/cd\/"},{"@type":"ListItem","position":2,"name":"Baixa umidade do ar: Inmet renova alerta para 95 cidades da Para\u00edba"}]},{"@type":"WebSite","@id":"https:\/\/noticiasemdestaque.com\/cd\/#website","url":"https:\/\/noticiasemdestaque.com\/cd\/","name":"Not&iacute;cias em Destaque","description":"","publisher":{"@id":"https:\/\/noticiasemdestaque.com\/cd\/#organization"},"potentialAction":[{"@type":"SearchAction","target":{"@type":"EntryPoint","urlTemplate":"https:\/\/noticiasemdestaque.com\/cd\/?s={search_term_string}"},"query-input":{"@type":"PropertyValueSpecification","valueRequired":true,"valueName":"search_term_string"}}],"inLanguage":"pt-BR"},{"@type":"Organization","@id":"https:\/\/noticiasemdestaque.com\/cd\/#organization","name":"Not\u00edcias em Destaque","url":"https:\/\/noticiasemdestaque.com\/cd\/","logo":{"@type":"ImageObject","inLanguage":"pt-BR","@id":"https:\/\/noticiasemdestaque.com\/cd\/#\/schema\/logo\/image\/","url":"https:\/\/noticiasemdestaque.com\/cd\/wp-content\/uploads\/2022\/05\/imagem-base-noticiasemdestaque.png","contentUrl":"https:\/\/noticiasemdestaque.com\/cd\/wp-content\/uploads\/2022\/05\/imagem-base-noticiasemdestaque.png","width":1200,"height":630,"caption":"Not\u00edcias em Destaque"},"image":{"@id":"https:\/\/noticiasemdestaque.com\/cd\/#\/schema\/logo\/image\/"}},{"@type":"Person","@id":"https:\/\/noticiasemdestaque.com\/cd\/#\/schema\/person\/a978acbbda55eca5b71ccb9421897bb0","name":"Not\u00edcias em Destaque","url":"https:\/\/noticiasemdestaque.com\/cd\/?author=2"}]}},"jetpack_featured_media_url":"https:\/\/noticiasemdestaque.com\/cd\/wp-content\/uploads\/2026\/09\/baixa-umidade-do-ar-inmet-renova-alerta-para-95-ci0021936000202609030849-8.webp","jetpack_sharing_enabled":true,"_links":{"self":[{"href":"https:\/\/noticiasemdestaque.com\/cd\/index.php?rest_route=\/wp\/v2\/posts\/81550","targetHints":{"allow":["GET"]}}],"collection":[{"href":"https:\/\/noticiasemdestaque.com\/cd\/index.php?rest_route=\/wp\/v2\/posts"}],"about":[{"href":"https:\/\/noticiasemdestaque.com\/cd\/index.php?rest_route=\/wp\/v2\/types\/post"}],"author":[{"embeddable":true,"href":"https:\/\/noticiasemdestaque.com\/cd\/index.php?rest_route=\/wp\/v2\/users\/2"}],"replies":[{"embeddable":true,"href":"https:\/\/noticiasemdestaque.com\/cd\/index.php?rest_route=%2Fwp%2Fv2%2Fcomments&post=81550"}],"version-history":[{"count":1,"href":"https:\/\/noticiasemdestaque.com\/cd\/index.php?rest_route=\/wp\/v2\/posts\/81550\/revisions"}],"predecessor-version":[{"id":81552,"href":"https:\/\/noticiasemdestaque.com\/cd\/index.php?rest_route=\/wp\/v2\/posts\/81550\/revisions\/81552"}],"wp:featuredmedia":[{"embeddable":true,"href":"https:\/\/noticiasemdestaque.com\/cd\/index.php?rest_route=\/wp\/v2\/media\/81551"}],"wp:attachment":[{"href":"https:\/\/noticiasemdestaque.com\/cd\/index.php?rest_route=%2Fwp%2Fv2%2Fmedia&parent=81550"}],"wp:term":[{"taxonomy":"category","embeddable":true,"href":"https:\/\/noticiasemdestaque.com\/cd\/index.php?rest_route=%2Fwp%2Fv2%2Fcategories&post=81550"},{"taxonomy":"post_tag","embeddable":true,"href":"https:\/\/noticiasemdestaque.com\/cd\/index.php?rest_route=%2Fwp%2Fv2%2Ftags&post=81550"}],"curies":[{"name":"wp","href":"https:\/\/api.w.org\/{rel}","templated":true}]}}