{"id":81547,"date":"2026-09-03T11:06:19","date_gmt":"2026-09-03T14:06:19","guid":{"rendered":"https:\/\/noticiasemdestaque.com\/cd\/?p=81547"},"modified":"2026-09-03T11:06:19","modified_gmt":"2026-09-03T14:06:19","slug":"morre-marinalva-santos-mae-da-cantora-walkyria-santos","status":"publish","type":"post","link":"https:\/\/noticiasemdestaque.com\/cd\/?p=81547","title":{"rendered":"Morre Marinalva Santos, m\u00e3e da cantora Walkyria Santos"},"content":{"rendered":"<p><a href=\"https:\/\/noticiasemdestaque.com\/cd\/wp-content\/uploads\/2026\/09\/images-2.jpg\"><img fetchpriority=\"high\" decoding=\"async\" class=\" wp-image-81548 aligncenter\" src=\"https:\/\/noticiasemdestaque.com\/cd\/wp-content\/uploads\/2026\/09\/images-2-300x225.jpg\" alt=\"\" width=\"851\" height=\"638\" srcset=\"https:\/\/noticiasemdestaque.com\/cd\/wp-content\/uploads\/2026\/09\/images-2-300x225.jpg 300w, https:\/\/noticiasemdestaque.com\/cd\/wp-content\/uploads\/2026\/09\/images-2.jpg 640w\" sizes=\"(max-width: 851px) 100vw, 851px\" \/><\/a><\/p>\n<p class=\"wp-block-paragraph\">Morreu nesta quarta-feira (2) Marinalva Santos, natural de Monteiro e caririzeira, m\u00e3e da cantora Walkyria Santos.<\/p>\n<p class=\"wp-block-paragraph\">A informa\u00e7\u00e3o da morte foi recebida com pesar por familiares, amigos e pessoas que conheciam a hist\u00f3ria de Marinalva, que tinha forte liga\u00e7\u00e3o com a regi\u00e3o do Cariri paraibano.<\/p>\n<p class=\"wp-block-paragraph\">Marinalva era m\u00e3e da cantora Walkyria Santos, conhecida nacionalmente por sua trajet\u00f3ria na m\u00fasica e por integrar importantes projetos musicais ao longo da carreira.<\/p>\n<p class=\"wp-block-paragraph\">At\u00e9 o momento, n\u00e3o foram divulgadas informa\u00e7\u00f5es sobre a causa da morte, nem detalhes sobre o vel\u00f3rio e o sepultamento.<\/p>\n<p><strong>Not\u00edcias em Destaque<\/strong><\/p>\n<p class=\"wp-block-paragraph\" style=\"text-align: right;\"><em>Fonte: De Olho no Cariri<\/em><\/p>\n","protected":false},"excerpt":{"rendered":"<p>Morreu nesta quarta-feira (2) Marinalva Santos, natural de Monteiro e caririzeira, m\u00e3e da cantora Walkyria Santos. A informa\u00e7\u00e3o da morte foi recebida com pesar por familiares, amigos e pessoas que conheciam a hist\u00f3ria de Marinalva, que tinha forte liga\u00e7\u00e3o com a regi\u00e3o do Cariri paraibano. Marinalva era m\u00e3e da cantora Walkyria Santos, conhecida nacionalmente por sua trajet\u00f3ria na m\u00fasica e por integrar importantes projetos musicais ao longo da carreira. At\u00e9 o momento, n\u00e3o foram divulgadas informa\u00e7\u00f5es sobre a causa da morte, nem detalhes sobre o vel\u00f3rio e o sepultamento. Not\u00edcias em Destaque Fonte: De Olho no Cariri<\/p>\n","protected":false},"author":2,"featured_media":81548,"comment_status":"closed","ping_status":"closed","sticky":false,"template":"","format":"standard","meta":{"_eb_attr":"","_jetpack_memberships_contains_paid_content":false,"footnotes":""},"categories":[12],"tags":[],"class_list":["post-81547","post","type-post","status-publish","format-standard","has-post-thumbnail","hentry","category-geral"],"yoast_head":"<!-- This site is optimized with the Yoast SEO plugin v26.5 - https:\/\/yoast.com\/wordpress\/plugins\/seo\/ -->\n<title>Morre Marinalva Santos, m\u00e3e da cantora Walkyria Santos - Not&iacute;cias em Destaque<\/title>\n<meta name=\"robots\" content=\"index, follow, max-snippet:-1, max-image-preview:large, max-video-preview:-1\" \/>\n<link rel=\"canonical\" href=\"https:\/\/noticiasemdestaque.com\/cd\/?p=81547\" \/>\n<meta property=\"og:locale\" content=\"pt_BR\" \/>\n<meta property=\"og:type\" content=\"article\" \/>\n<meta property=\"og:title\" content=\"Morre Marinalva Santos, m\u00e3e da cantora Walkyria Santos - Not&iacute;cias em Destaque\" \/>\n<meta property=\"og:description\" content=\"Morreu nesta quarta-feira (2) Marinalva Santos, natural de Monteiro e caririzeira, m\u00e3e da cantora Walkyria Santos. A informa\u00e7\u00e3o da morte foi recebida com pesar por familiares, amigos e pessoas que conheciam a hist\u00f3ria de Marinalva, que tinha forte liga\u00e7\u00e3o com a regi\u00e3o do Cariri paraibano. Marinalva era m\u00e3e da cantora Walkyria Santos, conhecida nacionalmente por sua trajet\u00f3ria na m\u00fasica e por integrar importantes projetos musicais ao longo da carreira. At\u00e9 o momento, n\u00e3o foram divulgadas informa\u00e7\u00f5es sobre a causa da morte, nem detalhes sobre o vel\u00f3rio e o sepultamento. Not\u00edcias em Destaque Fonte: De Olho no Cariri\" \/>\n<meta property=\"og:url\" content=\"https:\/\/noticiasemdestaque.com\/cd\/?p=81547\" \/>\n<meta property=\"og:site_name\" content=\"Not&iacute;cias em Destaque\" \/>\n<meta property=\"article:published_time\" content=\"2026-09-03T14:06:19+00:00\" \/>\n<meta property=\"og:image\" content=\"https:\/\/noticiasemdestaque.com\/cd\/wp-content\/uploads\/2026\/09\/images-2.jpg\" \/>\n\t<meta property=\"og:image:width\" content=\"640\" \/>\n\t<meta property=\"og:image:height\" content=\"479\" \/>\n\t<meta property=\"og:image:type\" content=\"image\/jpeg\" \/>\n<meta name=\"author\" content=\"Not\u00edcias em Destaque\" \/>\n<meta name=\"twitter:card\" content=\"summary_large_image\" \/>\n<meta name=\"twitter:label1\" content=\"Escrito por\" \/>\n\t<meta name=\"twitter:data1\" content=\"Not\u00edcias em Destaque\" \/>\n\t<meta name=\"twitter:label2\" content=\"Est. tempo de leitura\" \/>\n\t<meta name=\"twitter:data2\" content=\"1 minuto\" \/>\n<script type=\"application\/ld+json\" class=\"yoast-schema-graph\">{\"@context\":\"https:\/\/schema.org\",\"@graph\":[{\"@type\":\"Article\",\"@id\":\"https:\/\/noticiasemdestaque.com\/cd\/?p=81547#article\",\"isPartOf\":{\"@id\":\"https:\/\/noticiasemdestaque.com\/cd\/?p=81547\"},\"author\":{\"name\":\"Not\u00edcias em Destaque\",\"@id\":\"https:\/\/noticiasemdestaque.com\/cd\/#\/schema\/person\/a978acbbda55eca5b71ccb9421897bb0\"},\"headline\":\"Morre Marinalva Santos, m\u00e3e da cantora Walkyria Santos\",\"datePublished\":\"2026-09-03T14:06:19+00:00\",\"mainEntityOfPage\":{\"@id\":\"https:\/\/noticiasemdestaque.com\/cd\/?p=81547\"},\"wordCount\":117,\"publisher\":{\"@id\":\"https:\/\/noticiasemdestaque.com\/cd\/#organization\"},\"image\":{\"@id\":\"https:\/\/noticiasemdestaque.com\/cd\/?p=81547#primaryimage\"},\"thumbnailUrl\":\"https:\/\/noticiasemdestaque.com\/cd\/wp-content\/uploads\/2026\/09\/images-2.jpg\",\"articleSection\":[\"Geral\"],\"inLanguage\":\"pt-BR\"},{\"@type\":\"WebPage\",\"@id\":\"https:\/\/noticiasemdestaque.com\/cd\/?p=81547\",\"url\":\"https:\/\/noticiasemdestaque.com\/cd\/?p=81547\",\"name\":\"Morre Marinalva Santos, m\u00e3e da cantora Walkyria Santos - Not&iacute;cias em Destaque\",\"isPartOf\":{\"@id\":\"https:\/\/noticiasemdestaque.com\/cd\/#website\"},\"primaryImageOfPage\":{\"@id\":\"https:\/\/noticiasemdestaque.com\/cd\/?p=81547#primaryimage\"},\"image\":{\"@id\":\"https:\/\/noticiasemdestaque.com\/cd\/?p=81547#primaryimage\"},\"thumbnailUrl\":\"https:\/\/noticiasemdestaque.com\/cd\/wp-content\/uploads\/2026\/09\/images-2.jpg\",\"datePublished\":\"2026-09-03T14:06:19+00:00\",\"breadcrumb\":{\"@id\":\"https:\/\/noticiasemdestaque.com\/cd\/?p=81547#breadcrumb\"},\"inLanguage\":\"pt-BR\",\"potentialAction\":[{\"@type\":\"ReadAction\",\"target\":[\"https:\/\/noticiasemdestaque.com\/cd\/?p=81547\"]}]},{\"@type\":\"ImageObject\",\"inLanguage\":\"pt-BR\",\"@id\":\"https:\/\/noticiasemdestaque.com\/cd\/?p=81547#primaryimage\",\"url\":\"https:\/\/noticiasemdestaque.com\/cd\/wp-content\/uploads\/2026\/09\/images-2.jpg\",\"contentUrl\":\"https:\/\/noticiasemdestaque.com\/cd\/wp-content\/uploads\/2026\/09\/images-2.jpg\",\"width\":640,\"height\":479},{\"@type\":\"BreadcrumbList\",\"@id\":\"https:\/\/noticiasemdestaque.com\/cd\/?p=81547#breadcrumb\",\"itemListElement\":[{\"@type\":\"ListItem\",\"position\":1,\"name\":\"In\u00edcio\",\"item\":\"https:\/\/noticiasemdestaque.com\/cd\/\"},{\"@type\":\"ListItem\",\"position\":2,\"name\":\"Morre Marinalva Santos, m\u00e3e da cantora Walkyria Santos\"}]},{\"@type\":\"WebSite\",\"@id\":\"https:\/\/noticiasemdestaque.com\/cd\/#website\",\"url\":\"https:\/\/noticiasemdestaque.com\/cd\/\",\"name\":\"Not&iacute;cias em Destaque\",\"description\":\"\",\"publisher\":{\"@id\":\"https:\/\/noticiasemdestaque.com\/cd\/#organization\"},\"potentialAction\":[{\"@type\":\"SearchAction\",\"target\":{\"@type\":\"EntryPoint\",\"urlTemplate\":\"https:\/\/noticiasemdestaque.com\/cd\/?s={search_term_string}\"},\"query-input\":{\"@type\":\"PropertyValueSpecification\",\"valueRequired\":true,\"valueName\":\"search_term_string\"}}],\"inLanguage\":\"pt-BR\"},{\"@type\":\"Organization\",\"@id\":\"https:\/\/noticiasemdestaque.com\/cd\/#organization\",\"name\":\"Not\u00edcias em Destaque\",\"url\":\"https:\/\/noticiasemdestaque.com\/cd\/\",\"logo\":{\"@type\":\"ImageObject\",\"inLanguage\":\"pt-BR\",\"@id\":\"https:\/\/noticiasemdestaque.com\/cd\/#\/schema\/logo\/image\/\",\"url\":\"https:\/\/noticiasemdestaque.com\/cd\/wp-content\/uploads\/2022\/05\/imagem-base-noticiasemdestaque.png\",\"contentUrl\":\"https:\/\/noticiasemdestaque.com\/cd\/wp-content\/uploads\/2022\/05\/imagem-base-noticiasemdestaque.png\",\"width\":1200,\"height\":630,\"caption\":\"Not\u00edcias em Destaque\"},\"image\":{\"@id\":\"https:\/\/noticiasemdestaque.com\/cd\/#\/schema\/logo\/image\/\"}},{\"@type\":\"Person\",\"@id\":\"https:\/\/noticiasemdestaque.com\/cd\/#\/schema\/person\/a978acbbda55eca5b71ccb9421897bb0\",\"name\":\"Not\u00edcias em Destaque\",\"url\":\"https:\/\/noticiasemdestaque.com\/cd\/?author=2\"}]}<\/script>\n<!-- \/ Yoast SEO plugin. -->","yoast_head_json":{"title":"Morre Marinalva Santos, m\u00e3e da cantora Walkyria Santos - Not&iacute;cias em Destaque","robots":{"index":"index","follow":"follow","max-snippet":"max-snippet:-1","max-image-preview":"max-image-preview:large","max-video-preview":"max-video-preview:-1"},"canonical":"https:\/\/noticiasemdestaque.com\/cd\/?p=81547","og_locale":"pt_BR","og_type":"article","og_title":"Morre Marinalva Santos, m\u00e3e da cantora Walkyria Santos - Not&iacute;cias em Destaque","og_description":"Morreu nesta quarta-feira (2) Marinalva Santos, natural de Monteiro e caririzeira, m\u00e3e da cantora Walkyria Santos. A informa\u00e7\u00e3o da morte foi recebida com pesar por familiares, amigos e pessoas que conheciam a hist\u00f3ria de Marinalva, que tinha forte liga\u00e7\u00e3o com a regi\u00e3o do Cariri paraibano. Marinalva era m\u00e3e da cantora Walkyria Santos, conhecida nacionalmente por sua trajet\u00f3ria na m\u00fasica e por integrar importantes projetos musicais ao longo da carreira. At\u00e9 o momento, n\u00e3o foram divulgadas informa\u00e7\u00f5es sobre a causa da morte, nem detalhes sobre o vel\u00f3rio e o sepultamento. Not\u00edcias em Destaque Fonte: De Olho no Cariri","og_url":"https:\/\/noticiasemdestaque.com\/cd\/?p=81547","og_site_name":"Not&iacute;cias em Destaque","article_published_time":"2026-09-03T14:06:19+00:00","og_image":[{"width":640,"height":479,"url":"https:\/\/noticiasemdestaque.com\/cd\/wp-content\/uploads\/2026\/09\/images-2.jpg","type":"image\/jpeg"}],"author":"Not\u00edcias em Destaque","twitter_card":"summary_large_image","twitter_misc":{"Escrito por":"Not\u00edcias em Destaque","Est. tempo de leitura":"1 minuto"},"schema":{"@context":"https:\/\/schema.org","@graph":[{"@type":"Article","@id":"https:\/\/noticiasemdestaque.com\/cd\/?p=81547#article","isPartOf":{"@id":"https:\/\/noticiasemdestaque.com\/cd\/?p=81547"},"author":{"name":"Not\u00edcias em Destaque","@id":"https:\/\/noticiasemdestaque.com\/cd\/#\/schema\/person\/a978acbbda55eca5b71ccb9421897bb0"},"headline":"Morre Marinalva Santos, m\u00e3e da cantora Walkyria Santos","datePublished":"2026-09-03T14:06:19+00:00","mainEntityOfPage":{"@id":"https:\/\/noticiasemdestaque.com\/cd\/?p=81547"},"wordCount":117,"publisher":{"@id":"https:\/\/noticiasemdestaque.com\/cd\/#organization"},"image":{"@id":"https:\/\/noticiasemdestaque.com\/cd\/?p=81547#primaryimage"},"thumbnailUrl":"https:\/\/noticiasemdestaque.com\/cd\/wp-content\/uploads\/2026\/09\/images-2.jpg","articleSection":["Geral"],"inLanguage":"pt-BR"},{"@type":"WebPage","@id":"https:\/\/noticiasemdestaque.com\/cd\/?p=81547","url":"https:\/\/noticiasemdestaque.com\/cd\/?p=81547","name":"Morre Marinalva Santos, m\u00e3e da cantora Walkyria Santos - Not&iacute;cias em Destaque","isPartOf":{"@id":"https:\/\/noticiasemdestaque.com\/cd\/#website"},"primaryImageOfPage":{"@id":"https:\/\/noticiasemdestaque.com\/cd\/?p=81547#primaryimage"},"image":{"@id":"https:\/\/noticiasemdestaque.com\/cd\/?p=81547#primaryimage"},"thumbnailUrl":"https:\/\/noticiasemdestaque.com\/cd\/wp-content\/uploads\/2026\/09\/images-2.jpg","datePublished":"2026-09-03T14:06:19+00:00","breadcrumb":{"@id":"https:\/\/noticiasemdestaque.com\/cd\/?p=81547#breadcrumb"},"inLanguage":"pt-BR","potentialAction":[{"@type":"ReadAction","target":["https:\/\/noticiasemdestaque.com\/cd\/?p=81547"]}]},{"@type":"ImageObject","inLanguage":"pt-BR","@id":"https:\/\/noticiasemdestaque.com\/cd\/?p=81547#primaryimage","url":"https:\/\/noticiasemdestaque.com\/cd\/wp-content\/uploads\/2026\/09\/images-2.jpg","contentUrl":"https:\/\/noticiasemdestaque.com\/cd\/wp-content\/uploads\/2026\/09\/images-2.jpg","width":640,"height":479},{"@type":"BreadcrumbList","@id":"https:\/\/noticiasemdestaque.com\/cd\/?p=81547#breadcrumb","itemListElement":[{"@type":"ListItem","position":1,"name":"In\u00edcio","item":"https:\/\/noticiasemdestaque.com\/cd\/"},{"@type":"ListItem","position":2,"name":"Morre Marinalva Santos, m\u00e3e da cantora Walkyria Santos"}]},{"@type":"WebSite","@id":"https:\/\/noticiasemdestaque.com\/cd\/#website","url":"https:\/\/noticiasemdestaque.com\/cd\/","name":"Not&iacute;cias em Destaque","description":"","publisher":{"@id":"https:\/\/noticiasemdestaque.com\/cd\/#organization"},"potentialAction":[{"@type":"SearchAction","target":{"@type":"EntryPoint","urlTemplate":"https:\/\/noticiasemdestaque.com\/cd\/?s={search_term_string}"},"query-input":{"@type":"PropertyValueSpecification","valueRequired":true,"valueName":"search_term_string"}}],"inLanguage":"pt-BR"},{"@type":"Organization","@id":"https:\/\/noticiasemdestaque.com\/cd\/#organization","name":"Not\u00edcias em Destaque","url":"https:\/\/noticiasemdestaque.com\/cd\/","logo":{"@type":"ImageObject","inLanguage":"pt-BR","@id":"https:\/\/noticiasemdestaque.com\/cd\/#\/schema\/logo\/image\/","url":"https:\/\/noticiasemdestaque.com\/cd\/wp-content\/uploads\/2022\/05\/imagem-base-noticiasemdestaque.png","contentUrl":"https:\/\/noticiasemdestaque.com\/cd\/wp-content\/uploads\/2022\/05\/imagem-base-noticiasemdestaque.png","width":1200,"height":630,"caption":"Not\u00edcias em Destaque"},"image":{"@id":"https:\/\/noticiasemdestaque.com\/cd\/#\/schema\/logo\/image\/"}},{"@type":"Person","@id":"https:\/\/noticiasemdestaque.com\/cd\/#\/schema\/person\/a978acbbda55eca5b71ccb9421897bb0","name":"Not\u00edcias em Destaque","url":"https:\/\/noticiasemdestaque.com\/cd\/?author=2"}]}},"jetpack_featured_media_url":"https:\/\/noticiasemdestaque.com\/cd\/wp-content\/uploads\/2026\/09\/images-2.jpg","jetpack_sharing_enabled":true,"_links":{"self":[{"href":"https:\/\/noticiasemdestaque.com\/cd\/index.php?rest_route=\/wp\/v2\/posts\/81547","targetHints":{"allow":["GET"]}}],"collection":[{"href":"https:\/\/noticiasemdestaque.com\/cd\/index.php?rest_route=\/wp\/v2\/posts"}],"about":[{"href":"https:\/\/noticiasemdestaque.com\/cd\/index.php?rest_route=\/wp\/v2\/types\/post"}],"author":[{"embeddable":true,"href":"https:\/\/noticiasemdestaque.com\/cd\/index.php?rest_route=\/wp\/v2\/users\/2"}],"replies":[{"embeddable":true,"href":"https:\/\/noticiasemdestaque.com\/cd\/index.php?rest_route=%2Fwp%2Fv2%2Fcomments&post=81547"}],"version-history":[{"count":1,"href":"https:\/\/noticiasemdestaque.com\/cd\/index.php?rest_route=\/wp\/v2\/posts\/81547\/revisions"}],"predecessor-version":[{"id":81549,"href":"https:\/\/noticiasemdestaque.com\/cd\/index.php?rest_route=\/wp\/v2\/posts\/81547\/revisions\/81549"}],"wp:featuredmedia":[{"embeddable":true,"href":"https:\/\/noticiasemdestaque.com\/cd\/index.php?rest_route=\/wp\/v2\/media\/81548"}],"wp:attachment":[{"href":"https:\/\/noticiasemdestaque.com\/cd\/index.php?rest_route=%2Fwp%2Fv2%2Fmedia&parent=81547"}],"wp:term":[{"taxonomy":"category","embeddable":true,"href":"https:\/\/noticiasemdestaque.com\/cd\/index.php?rest_route=%2Fwp%2Fv2%2Fcategories&post=81547"},{"taxonomy":"post_tag","embeddable":true,"href":"https:\/\/noticiasemdestaque.com\/cd\/index.php?rest_route=%2Fwp%2Fv2%2Ftags&post=81547"}],"curies":[{"name":"wp","href":"https:\/\/api.w.org\/{rel}","templated":true}]}}