{"id":81538,"date":"2026-09-02T21:13:01","date_gmt":"2026-09-03T00:13:01","guid":{"rendered":"https:\/\/noticiasemdestaque.com\/cd\/?p=81538"},"modified":"2026-09-02T21:13:01","modified_gmt":"2026-09-03T00:13:01","slug":"idoso-morre-e-filha-fica-gravemente-ferida-apos-incendio-em-casa-na-paraiba","status":"publish","type":"post","link":"https:\/\/noticiasemdestaque.com\/cd\/?p=81538","title":{"rendered":"Idoso morre e filha fica gravemente ferida ap\u00f3s inc\u00eandio em casa, na Para\u00edba"},"content":{"rendered":"<p><a href=\"https:\/\/noticiasemdestaque.com\/cd\/wp-content\/uploads\/2026\/09\/idoso-morre-e-filha-fica-gravemente-ferida-apos-in0022059900202609020754-8.webp\"><img fetchpriority=\"high\" decoding=\"async\" class=\" wp-image-81539 aligncenter\" src=\"https:\/\/noticiasemdestaque.com\/cd\/wp-content\/uploads\/2026\/09\/idoso-morre-e-filha-fica-gravemente-ferida-apos-in0022059900202609020754-8-300x283.webp\" alt=\"\" width=\"918\" height=\"866\" srcset=\"https:\/\/noticiasemdestaque.com\/cd\/wp-content\/uploads\/2026\/09\/idoso-morre-e-filha-fica-gravemente-ferida-apos-in0022059900202609020754-8-300x283.webp 300w, https:\/\/noticiasemdestaque.com\/cd\/wp-content\/uploads\/2026\/09\/idoso-morre-e-filha-fica-gravemente-ferida-apos-in0022059900202609020754-8-768x724.webp 768w, https:\/\/noticiasemdestaque.com\/cd\/wp-content\/uploads\/2026\/09\/idoso-morre-e-filha-fica-gravemente-ferida-apos-in0022059900202609020754-8.webp 900w\" sizes=\"(max-width: 918px) 100vw, 918px\" \/><\/a><\/p>\n<p class=\"wp-block-paragraph\">Um idoso de 74 anos morreu e a filha dele, de 36 anos, ficou gravemente ferida ap\u00f3s um inc\u00eandio em uma resid\u00eancia em Patos, no Sert\u00e3o da Para\u00edba, na noite da ter\u00e7a-feira (1\u00ba). O fogo aconteceu por volta das 20h30, no bairro Jatob\u00e1.<\/p>\n<p class=\"wp-block-paragraph\">A v\u00edtima foi identificada como Josinaldo Lopes de Almeida. Segundo o Corpo de Bombeiros, quando as equipes chegaram ao local, o idoso j\u00e1 estava carbonizado no interior da cozinha\/sala da resid\u00eancia.<\/p>\n<p class=\"wp-block-paragraph\">De acordo com o Instituto de Pol\u00edcia Cient\u00edfica, o corpo de Josinaldo Lopes de Almeida passou por exame e deve ser liberado na manh\u00e3 desta quarta-feira (2).<\/p>\n<p class=\"wp-block-paragraph\">A filha da v\u00edtima, Luana Figueiredo de Almeida, contou aos bombeiros que entrou na casa assim que soube do inc\u00eandio, na tentativa de salvar o pai. Ela n\u00e3o conseguiu avan\u00e7ar devido \u00e0s condi\u00e7\u00f5es do ambiente e sofreu queimaduras no rosto, na parte anterior do pesco\u00e7o, no t\u00f3rax e nos ombros.<\/p>\n<p class=\"wp-block-paragraph\">Luana foi socorrida inicialmente para a Unidade de Pronto Atendimento (UPA) do bairro do Jatob\u00e1, unidade mais pr\u00f3xima da resid\u00eancia. Ela recebeu os primeiros atendimentos e aguardou estabiliza\u00e7\u00e3o para ser transferida para atendimento especializado.<\/p>\n<p class=\"wp-block-paragraph\">Segundo o Hospital de Trauma de Campina Grande, a paciente foi encaminhada pelo Servi\u00e7o de Atendimento M\u00f3vel de Urg\u00eancia (Samu) e permanece internada na UTI, em estado grave.<\/p>\n<p class=\"wp-block-paragraph\">Ap\u00f3s o rescaldo do inc\u00eandio na casa e a avalia\u00e7\u00e3o dos riscos estruturais do im\u00f3vel, o Corpo de Bombeiros deixou a ocorr\u00eancia sob responsabilidade da Pol\u00edcia Civil, que deve realizar os procedimentos cab\u00edveis.<\/p>\n<p class=\"wp-block-paragraph\">As informa\u00e7\u00f5es sobre o que provocou o inc\u00eandio n\u00e3o foram divulgadas.<\/p>\n<p class=\"wp-block-paragraph\"><strong>Not\u00edcias em Destaque<\/strong><\/p>\n<p class=\"wp-block-paragraph\" style=\"text-align: right;\"><em>Com Para\u00edba Mix<\/em><\/p>\n","protected":false},"excerpt":{"rendered":"<p>Um idoso de 74 anos morreu e a filha dele, de 36 anos, ficou gravemente ferida ap\u00f3s um inc\u00eandio em uma resid\u00eancia em Patos, no Sert\u00e3o da Para\u00edba, na noite da ter\u00e7a-feira (1\u00ba). O fogo aconteceu por volta das 20h30, no bairro Jatob\u00e1. A v\u00edtima foi identificada como Josinaldo Lopes de Almeida. Segundo o Corpo de Bombeiros, quando as equipes chegaram ao local, o idoso j\u00e1 estava carbonizado no interior da cozinha\/sala da resid\u00eancia. De acordo com o Instituto de Pol\u00edcia Cient\u00edfica, o corpo de Josinaldo Lopes de Almeida passou por exame e deve ser liberado na manh\u00e3 desta quarta-feira (2). A filha da v\u00edtima, Luana Figueiredo de Almeida, contou aos bombeiros que entrou na casa assim que soube do inc\u00eandio, na tentativa de salvar o pai. Ela n\u00e3o conseguiu avan\u00e7ar devido \u00e0s condi\u00e7\u00f5es do ambiente e sofreu queimaduras no rosto, na parte anterior do pesco\u00e7o, no t\u00f3rax e nos ombros. Luana foi socorrida inicialmente para a Unidade de Pronto Atendimento (UPA) do bairro do Jatob\u00e1, unidade mais pr\u00f3xima da resid\u00eancia. Ela recebeu os primeiros atendimentos e aguardou estabiliza\u00e7\u00e3o para ser transferida para atendimento especializado. Segundo o Hospital de Trauma de Campina Grande, a paciente foi encaminhada pelo Servi\u00e7o de Atendimento M\u00f3vel de Urg\u00eancia (Samu) e permanece internada na UTI, em estado grave. Ap\u00f3s o rescaldo do inc\u00eandio na casa e a avalia\u00e7\u00e3o dos riscos estruturais do im\u00f3vel, o Corpo de Bombeiros deixou a ocorr\u00eancia sob responsabilidade da Pol\u00edcia Civil, que deve realizar os procedimentos cab\u00edveis. As informa\u00e7\u00f5es sobre o que provocou o inc\u00eandio n\u00e3o foram divulgadas. Not\u00edcias em Destaque Com Para\u00edba Mix<\/p>\n","protected":false},"author":2,"featured_media":81539,"comment_status":"closed","ping_status":"closed","sticky":false,"template":"","format":"standard","meta":{"_eb_attr":"","_jetpack_memberships_contains_paid_content":false,"footnotes":""},"categories":[20],"tags":[],"class_list":["post-81538","post","type-post","status-publish","format-standard","has-post-thumbnail","hentry","category-policia"],"yoast_head":"<!-- This site is optimized with the Yoast SEO plugin v26.5 - https:\/\/yoast.com\/wordpress\/plugins\/seo\/ -->\n<title>Idoso morre e filha fica gravemente ferida ap\u00f3s inc\u00eandio em casa, na Para\u00edba - Not&iacute;cias em Destaque<\/title>\n<meta name=\"robots\" content=\"index, follow, max-snippet:-1, max-image-preview:large, max-video-preview:-1\" \/>\n<link rel=\"canonical\" href=\"https:\/\/noticiasemdestaque.com\/cd\/?p=81538\" \/>\n<meta property=\"og:locale\" content=\"pt_BR\" \/>\n<meta property=\"og:type\" content=\"article\" \/>\n<meta property=\"og:title\" content=\"Idoso morre e filha fica gravemente ferida ap\u00f3s inc\u00eandio em casa, na Para\u00edba - Not&iacute;cias em Destaque\" \/>\n<meta property=\"og:description\" content=\"Um idoso de 74 anos morreu e a filha dele, de 36 anos, ficou gravemente ferida ap\u00f3s um inc\u00eandio em uma resid\u00eancia em Patos, no Sert\u00e3o da Para\u00edba, na noite da ter\u00e7a-feira (1\u00ba). O fogo aconteceu por volta das 20h30, no bairro Jatob\u00e1. A v\u00edtima foi identificada como Josinaldo Lopes de Almeida. Segundo o Corpo de Bombeiros, quando as equipes chegaram ao local, o idoso j\u00e1 estava carbonizado no interior da cozinha\/sala da resid\u00eancia. De acordo com o Instituto de Pol\u00edcia Cient\u00edfica, o corpo de Josinaldo Lopes de Almeida passou por exame e deve ser liberado na manh\u00e3 desta quarta-feira (2). A filha da v\u00edtima, Luana Figueiredo de Almeida, contou aos bombeiros que entrou na casa assim que soube do inc\u00eandio, na tentativa de salvar o pai. Ela n\u00e3o conseguiu avan\u00e7ar devido \u00e0s condi\u00e7\u00f5es do ambiente e sofreu queimaduras no rosto, na parte anterior do pesco\u00e7o, no t\u00f3rax e nos ombros. Luana foi socorrida inicialmente para a Unidade de Pronto Atendimento (UPA) do bairro do Jatob\u00e1, unidade mais pr\u00f3xima da resid\u00eancia. Ela recebeu os primeiros atendimentos e aguardou estabiliza\u00e7\u00e3o para ser transferida para atendimento especializado. Segundo o Hospital de Trauma de Campina Grande, a paciente foi encaminhada pelo Servi\u00e7o de Atendimento M\u00f3vel de Urg\u00eancia (Samu) e permanece internada na UTI, em estado grave. Ap\u00f3s o rescaldo do inc\u00eandio na casa e a avalia\u00e7\u00e3o dos riscos estruturais do im\u00f3vel, o Corpo de Bombeiros deixou a ocorr\u00eancia sob responsabilidade da Pol\u00edcia Civil, que deve realizar os procedimentos cab\u00edveis. As informa\u00e7\u00f5es sobre o que provocou o inc\u00eandio n\u00e3o foram divulgadas. Not\u00edcias em Destaque Com Para\u00edba Mix\" \/>\n<meta property=\"og:url\" content=\"https:\/\/noticiasemdestaque.com\/cd\/?p=81538\" \/>\n<meta property=\"og:site_name\" content=\"Not&iacute;cias em Destaque\" \/>\n<meta property=\"article:published_time\" content=\"2026-09-03T00:13:01+00:00\" \/>\n<meta property=\"og:image\" content=\"https:\/\/noticiasemdestaque.com\/cd\/wp-content\/uploads\/2026\/09\/idoso-morre-e-filha-fica-gravemente-ferida-apos-in0022059900202609020754-8.webp\" \/>\n\t<meta property=\"og:image:width\" content=\"900\" \/>\n\t<meta property=\"og:image:height\" content=\"848\" \/>\n\t<meta property=\"og:image:type\" content=\"image\/webp\" \/>\n<meta name=\"author\" content=\"Not\u00edcias em Destaque\" \/>\n<meta name=\"twitter:card\" content=\"summary_large_image\" \/>\n<meta name=\"twitter:label1\" content=\"Escrito por\" \/>\n\t<meta name=\"twitter:data1\" content=\"Not\u00edcias em Destaque\" \/>\n\t<meta name=\"twitter:label2\" content=\"Est. tempo de leitura\" \/>\n\t<meta name=\"twitter:data2\" content=\"2 minutos\" \/>\n<script type=\"application\/ld+json\" class=\"yoast-schema-graph\">{\"@context\":\"https:\/\/schema.org\",\"@graph\":[{\"@type\":\"Article\",\"@id\":\"https:\/\/noticiasemdestaque.com\/cd\/?p=81538#article\",\"isPartOf\":{\"@id\":\"https:\/\/noticiasemdestaque.com\/cd\/?p=81538\"},\"author\":{\"name\":\"Not\u00edcias em Destaque\",\"@id\":\"https:\/\/noticiasemdestaque.com\/cd\/#\/schema\/person\/a978acbbda55eca5b71ccb9421897bb0\"},\"headline\":\"Idoso morre e filha fica gravemente ferida ap\u00f3s inc\u00eandio em casa, na Para\u00edba\",\"datePublished\":\"2026-09-03T00:13:01+00:00\",\"mainEntityOfPage\":{\"@id\":\"https:\/\/noticiasemdestaque.com\/cd\/?p=81538\"},\"wordCount\":311,\"publisher\":{\"@id\":\"https:\/\/noticiasemdestaque.com\/cd\/#organization\"},\"image\":{\"@id\":\"https:\/\/noticiasemdestaque.com\/cd\/?p=81538#primaryimage\"},\"thumbnailUrl\":\"https:\/\/noticiasemdestaque.com\/cd\/wp-content\/uploads\/2026\/09\/idoso-morre-e-filha-fica-gravemente-ferida-apos-in0022059900202609020754-8.webp\",\"articleSection\":[\"Pol\u00edcia\"],\"inLanguage\":\"pt-BR\"},{\"@type\":\"WebPage\",\"@id\":\"https:\/\/noticiasemdestaque.com\/cd\/?p=81538\",\"url\":\"https:\/\/noticiasemdestaque.com\/cd\/?p=81538\",\"name\":\"Idoso morre e filha fica gravemente ferida ap\u00f3s inc\u00eandio em casa, na Para\u00edba - Not&iacute;cias em Destaque\",\"isPartOf\":{\"@id\":\"https:\/\/noticiasemdestaque.com\/cd\/#website\"},\"primaryImageOfPage\":{\"@id\":\"https:\/\/noticiasemdestaque.com\/cd\/?p=81538#primaryimage\"},\"image\":{\"@id\":\"https:\/\/noticiasemdestaque.com\/cd\/?p=81538#primaryimage\"},\"thumbnailUrl\":\"https:\/\/noticiasemdestaque.com\/cd\/wp-content\/uploads\/2026\/09\/idoso-morre-e-filha-fica-gravemente-ferida-apos-in0022059900202609020754-8.webp\",\"datePublished\":\"2026-09-03T00:13:01+00:00\",\"breadcrumb\":{\"@id\":\"https:\/\/noticiasemdestaque.com\/cd\/?p=81538#breadcrumb\"},\"inLanguage\":\"pt-BR\",\"potentialAction\":[{\"@type\":\"ReadAction\",\"target\":[\"https:\/\/noticiasemdestaque.com\/cd\/?p=81538\"]}]},{\"@type\":\"ImageObject\",\"inLanguage\":\"pt-BR\",\"@id\":\"https:\/\/noticiasemdestaque.com\/cd\/?p=81538#primaryimage\",\"url\":\"https:\/\/noticiasemdestaque.com\/cd\/wp-content\/uploads\/2026\/09\/idoso-morre-e-filha-fica-gravemente-ferida-apos-in0022059900202609020754-8.webp\",\"contentUrl\":\"https:\/\/noticiasemdestaque.com\/cd\/wp-content\/uploads\/2026\/09\/idoso-morre-e-filha-fica-gravemente-ferida-apos-in0022059900202609020754-8.webp\",\"width\":900,\"height\":848},{\"@type\":\"BreadcrumbList\",\"@id\":\"https:\/\/noticiasemdestaque.com\/cd\/?p=81538#breadcrumb\",\"itemListElement\":[{\"@type\":\"ListItem\",\"position\":1,\"name\":\"In\u00edcio\",\"item\":\"https:\/\/noticiasemdestaque.com\/cd\/\"},{\"@type\":\"ListItem\",\"position\":2,\"name\":\"Idoso morre e filha fica gravemente ferida ap\u00f3s inc\u00eandio em casa, na Para\u00edba\"}]},{\"@type\":\"WebSite\",\"@id\":\"https:\/\/noticiasemdestaque.com\/cd\/#website\",\"url\":\"https:\/\/noticiasemdestaque.com\/cd\/\",\"name\":\"Not&iacute;cias em Destaque\",\"description\":\"\",\"publisher\":{\"@id\":\"https:\/\/noticiasemdestaque.com\/cd\/#organization\"},\"potentialAction\":[{\"@type\":\"SearchAction\",\"target\":{\"@type\":\"EntryPoint\",\"urlTemplate\":\"https:\/\/noticiasemdestaque.com\/cd\/?s={search_term_string}\"},\"query-input\":{\"@type\":\"PropertyValueSpecification\",\"valueRequired\":true,\"valueName\":\"search_term_string\"}}],\"inLanguage\":\"pt-BR\"},{\"@type\":\"Organization\",\"@id\":\"https:\/\/noticiasemdestaque.com\/cd\/#organization\",\"name\":\"Not\u00edcias em Destaque\",\"url\":\"https:\/\/noticiasemdestaque.com\/cd\/\",\"logo\":{\"@type\":\"ImageObject\",\"inLanguage\":\"pt-BR\",\"@id\":\"https:\/\/noticiasemdestaque.com\/cd\/#\/schema\/logo\/image\/\",\"url\":\"https:\/\/noticiasemdestaque.com\/cd\/wp-content\/uploads\/2022\/05\/imagem-base-noticiasemdestaque.png\",\"contentUrl\":\"https:\/\/noticiasemdestaque.com\/cd\/wp-content\/uploads\/2022\/05\/imagem-base-noticiasemdestaque.png\",\"width\":1200,\"height\":630,\"caption\":\"Not\u00edcias em Destaque\"},\"image\":{\"@id\":\"https:\/\/noticiasemdestaque.com\/cd\/#\/schema\/logo\/image\/\"}},{\"@type\":\"Person\",\"@id\":\"https:\/\/noticiasemdestaque.com\/cd\/#\/schema\/person\/a978acbbda55eca5b71ccb9421897bb0\",\"name\":\"Not\u00edcias em Destaque\",\"url\":\"https:\/\/noticiasemdestaque.com\/cd\/?author=2\"}]}<\/script>\n<!-- \/ Yoast SEO plugin. -->","yoast_head_json":{"title":"Idoso morre e filha fica gravemente ferida ap\u00f3s inc\u00eandio em casa, na Para\u00edba - Not&iacute;cias em Destaque","robots":{"index":"index","follow":"follow","max-snippet":"max-snippet:-1","max-image-preview":"max-image-preview:large","max-video-preview":"max-video-preview:-1"},"canonical":"https:\/\/noticiasemdestaque.com\/cd\/?p=81538","og_locale":"pt_BR","og_type":"article","og_title":"Idoso morre e filha fica gravemente ferida ap\u00f3s inc\u00eandio em casa, na Para\u00edba - Not&iacute;cias em Destaque","og_description":"Um idoso de 74 anos morreu e a filha dele, de 36 anos, ficou gravemente ferida ap\u00f3s um inc\u00eandio em uma resid\u00eancia em Patos, no Sert\u00e3o da Para\u00edba, na noite da ter\u00e7a-feira (1\u00ba). O fogo aconteceu por volta das 20h30, no bairro Jatob\u00e1. A v\u00edtima foi identificada como Josinaldo Lopes de Almeida. Segundo o Corpo de Bombeiros, quando as equipes chegaram ao local, o idoso j\u00e1 estava carbonizado no interior da cozinha\/sala da resid\u00eancia. De acordo com o Instituto de Pol\u00edcia Cient\u00edfica, o corpo de Josinaldo Lopes de Almeida passou por exame e deve ser liberado na manh\u00e3 desta quarta-feira (2). A filha da v\u00edtima, Luana Figueiredo de Almeida, contou aos bombeiros que entrou na casa assim que soube do inc\u00eandio, na tentativa de salvar o pai. Ela n\u00e3o conseguiu avan\u00e7ar devido \u00e0s condi\u00e7\u00f5es do ambiente e sofreu queimaduras no rosto, na parte anterior do pesco\u00e7o, no t\u00f3rax e nos ombros. Luana foi socorrida inicialmente para a Unidade de Pronto Atendimento (UPA) do bairro do Jatob\u00e1, unidade mais pr\u00f3xima da resid\u00eancia. Ela recebeu os primeiros atendimentos e aguardou estabiliza\u00e7\u00e3o para ser transferida para atendimento especializado. Segundo o Hospital de Trauma de Campina Grande, a paciente foi encaminhada pelo Servi\u00e7o de Atendimento M\u00f3vel de Urg\u00eancia (Samu) e permanece internada na UTI, em estado grave. Ap\u00f3s o rescaldo do inc\u00eandio na casa e a avalia\u00e7\u00e3o dos riscos estruturais do im\u00f3vel, o Corpo de Bombeiros deixou a ocorr\u00eancia sob responsabilidade da Pol\u00edcia Civil, que deve realizar os procedimentos cab\u00edveis. As informa\u00e7\u00f5es sobre o que provocou o inc\u00eandio n\u00e3o foram divulgadas. Not\u00edcias em Destaque Com Para\u00edba Mix","og_url":"https:\/\/noticiasemdestaque.com\/cd\/?p=81538","og_site_name":"Not&iacute;cias em Destaque","article_published_time":"2026-09-03T00:13:01+00:00","og_image":[{"width":900,"height":848,"url":"https:\/\/noticiasemdestaque.com\/cd\/wp-content\/uploads\/2026\/09\/idoso-morre-e-filha-fica-gravemente-ferida-apos-in0022059900202609020754-8.webp","type":"image\/webp"}],"author":"Not\u00edcias em Destaque","twitter_card":"summary_large_image","twitter_misc":{"Escrito por":"Not\u00edcias em Destaque","Est. tempo de leitura":"2 minutos"},"schema":{"@context":"https:\/\/schema.org","@graph":[{"@type":"Article","@id":"https:\/\/noticiasemdestaque.com\/cd\/?p=81538#article","isPartOf":{"@id":"https:\/\/noticiasemdestaque.com\/cd\/?p=81538"},"author":{"name":"Not\u00edcias em Destaque","@id":"https:\/\/noticiasemdestaque.com\/cd\/#\/schema\/person\/a978acbbda55eca5b71ccb9421897bb0"},"headline":"Idoso morre e filha fica gravemente ferida ap\u00f3s inc\u00eandio em casa, na Para\u00edba","datePublished":"2026-09-03T00:13:01+00:00","mainEntityOfPage":{"@id":"https:\/\/noticiasemdestaque.com\/cd\/?p=81538"},"wordCount":311,"publisher":{"@id":"https:\/\/noticiasemdestaque.com\/cd\/#organization"},"image":{"@id":"https:\/\/noticiasemdestaque.com\/cd\/?p=81538#primaryimage"},"thumbnailUrl":"https:\/\/noticiasemdestaque.com\/cd\/wp-content\/uploads\/2026\/09\/idoso-morre-e-filha-fica-gravemente-ferida-apos-in0022059900202609020754-8.webp","articleSection":["Pol\u00edcia"],"inLanguage":"pt-BR"},{"@type":"WebPage","@id":"https:\/\/noticiasemdestaque.com\/cd\/?p=81538","url":"https:\/\/noticiasemdestaque.com\/cd\/?p=81538","name":"Idoso morre e filha fica gravemente ferida ap\u00f3s inc\u00eandio em casa, na Para\u00edba - Not&iacute;cias em Destaque","isPartOf":{"@id":"https:\/\/noticiasemdestaque.com\/cd\/#website"},"primaryImageOfPage":{"@id":"https:\/\/noticiasemdestaque.com\/cd\/?p=81538#primaryimage"},"image":{"@id":"https:\/\/noticiasemdestaque.com\/cd\/?p=81538#primaryimage"},"thumbnailUrl":"https:\/\/noticiasemdestaque.com\/cd\/wp-content\/uploads\/2026\/09\/idoso-morre-e-filha-fica-gravemente-ferida-apos-in0022059900202609020754-8.webp","datePublished":"2026-09-03T00:13:01+00:00","breadcrumb":{"@id":"https:\/\/noticiasemdestaque.com\/cd\/?p=81538#breadcrumb"},"inLanguage":"pt-BR","potentialAction":[{"@type":"ReadAction","target":["https:\/\/noticiasemdestaque.com\/cd\/?p=81538"]}]},{"@type":"ImageObject","inLanguage":"pt-BR","@id":"https:\/\/noticiasemdestaque.com\/cd\/?p=81538#primaryimage","url":"https:\/\/noticiasemdestaque.com\/cd\/wp-content\/uploads\/2026\/09\/idoso-morre-e-filha-fica-gravemente-ferida-apos-in0022059900202609020754-8.webp","contentUrl":"https:\/\/noticiasemdestaque.com\/cd\/wp-content\/uploads\/2026\/09\/idoso-morre-e-filha-fica-gravemente-ferida-apos-in0022059900202609020754-8.webp","width":900,"height":848},{"@type":"BreadcrumbList","@id":"https:\/\/noticiasemdestaque.com\/cd\/?p=81538#breadcrumb","itemListElement":[{"@type":"ListItem","position":1,"name":"In\u00edcio","item":"https:\/\/noticiasemdestaque.com\/cd\/"},{"@type":"ListItem","position":2,"name":"Idoso morre e filha fica gravemente ferida ap\u00f3s inc\u00eandio em casa, na Para\u00edba"}]},{"@type":"WebSite","@id":"https:\/\/noticiasemdestaque.com\/cd\/#website","url":"https:\/\/noticiasemdestaque.com\/cd\/","name":"Not&iacute;cias em Destaque","description":"","publisher":{"@id":"https:\/\/noticiasemdestaque.com\/cd\/#organization"},"potentialAction":[{"@type":"SearchAction","target":{"@type":"EntryPoint","urlTemplate":"https:\/\/noticiasemdestaque.com\/cd\/?s={search_term_string}"},"query-input":{"@type":"PropertyValueSpecification","valueRequired":true,"valueName":"search_term_string"}}],"inLanguage":"pt-BR"},{"@type":"Organization","@id":"https:\/\/noticiasemdestaque.com\/cd\/#organization","name":"Not\u00edcias em Destaque","url":"https:\/\/noticiasemdestaque.com\/cd\/","logo":{"@type":"ImageObject","inLanguage":"pt-BR","@id":"https:\/\/noticiasemdestaque.com\/cd\/#\/schema\/logo\/image\/","url":"https:\/\/noticiasemdestaque.com\/cd\/wp-content\/uploads\/2022\/05\/imagem-base-noticiasemdestaque.png","contentUrl":"https:\/\/noticiasemdestaque.com\/cd\/wp-content\/uploads\/2022\/05\/imagem-base-noticiasemdestaque.png","width":1200,"height":630,"caption":"Not\u00edcias em Destaque"},"image":{"@id":"https:\/\/noticiasemdestaque.com\/cd\/#\/schema\/logo\/image\/"}},{"@type":"Person","@id":"https:\/\/noticiasemdestaque.com\/cd\/#\/schema\/person\/a978acbbda55eca5b71ccb9421897bb0","name":"Not\u00edcias em Destaque","url":"https:\/\/noticiasemdestaque.com\/cd\/?author=2"}]}},"jetpack_featured_media_url":"https:\/\/noticiasemdestaque.com\/cd\/wp-content\/uploads\/2026\/09\/idoso-morre-e-filha-fica-gravemente-ferida-apos-in0022059900202609020754-8.webp","jetpack_sharing_enabled":true,"_links":{"self":[{"href":"https:\/\/noticiasemdestaque.com\/cd\/index.php?rest_route=\/wp\/v2\/posts\/81538","targetHints":{"allow":["GET"]}}],"collection":[{"href":"https:\/\/noticiasemdestaque.com\/cd\/index.php?rest_route=\/wp\/v2\/posts"}],"about":[{"href":"https:\/\/noticiasemdestaque.com\/cd\/index.php?rest_route=\/wp\/v2\/types\/post"}],"author":[{"embeddable":true,"href":"https:\/\/noticiasemdestaque.com\/cd\/index.php?rest_route=\/wp\/v2\/users\/2"}],"replies":[{"embeddable":true,"href":"https:\/\/noticiasemdestaque.com\/cd\/index.php?rest_route=%2Fwp%2Fv2%2Fcomments&post=81538"}],"version-history":[{"count":1,"href":"https:\/\/noticiasemdestaque.com\/cd\/index.php?rest_route=\/wp\/v2\/posts\/81538\/revisions"}],"predecessor-version":[{"id":81540,"href":"https:\/\/noticiasemdestaque.com\/cd\/index.php?rest_route=\/wp\/v2\/posts\/81538\/revisions\/81540"}],"wp:featuredmedia":[{"embeddable":true,"href":"https:\/\/noticiasemdestaque.com\/cd\/index.php?rest_route=\/wp\/v2\/media\/81539"}],"wp:attachment":[{"href":"https:\/\/noticiasemdestaque.com\/cd\/index.php?rest_route=%2Fwp%2Fv2%2Fmedia&parent=81538"}],"wp:term":[{"taxonomy":"category","embeddable":true,"href":"https:\/\/noticiasemdestaque.com\/cd\/index.php?rest_route=%2Fwp%2Fv2%2Fcategories&post=81538"},{"taxonomy":"post_tag","embeddable":true,"href":"https:\/\/noticiasemdestaque.com\/cd\/index.php?rest_route=%2Fwp%2Fv2%2Ftags&post=81538"}],"curies":[{"name":"wp","href":"https:\/\/api.w.org\/{rel}","templated":true}]}}