{"id":81535,"date":"2026-09-02T20:46:10","date_gmt":"2026-09-02T23:46:10","guid":{"rendered":"https:\/\/noticiasemdestaque.com\/cd\/?p=81535"},"modified":"2026-09-02T20:46:10","modified_gmt":"2026-09-02T23:46:10","slug":"cafe-cultural-do-sume-shopping-recebe-lancamento-de-livro-que-conta-a-historia-do-futebol-sumeense","status":"publish","type":"post","link":"https:\/\/noticiasemdestaque.com\/cd\/?p=81535","title":{"rendered":"Caf\u00e9 Cultural do Sum\u00e9 Shopping recebe lan\u00e7amento de livro que conta a hist\u00f3ria do futebol sumeense"},"content":{"rendered":"<p><a href=\"https:\/\/noticiasemdestaque.com\/cd\/wp-content\/uploads\/2026\/09\/WhatsApp-Image-2026-09-02-at-20.42.17.jpeg\"><img fetchpriority=\"high\" decoding=\"async\" class=\" wp-image-81536 aligncenter\" src=\"https:\/\/noticiasemdestaque.com\/cd\/wp-content\/uploads\/2026\/09\/WhatsApp-Image-2026-09-02-at-20.42.17-240x300.jpeg\" alt=\"\" width=\"1018\" height=\"1273\" srcset=\"https:\/\/noticiasemdestaque.com\/cd\/wp-content\/uploads\/2026\/09\/WhatsApp-Image-2026-09-02-at-20.42.17-240x300.jpeg 240w, https:\/\/noticiasemdestaque.com\/cd\/wp-content\/uploads\/2026\/09\/WhatsApp-Image-2026-09-02-at-20.42.17-819x1024.jpeg 819w, https:\/\/noticiasemdestaque.com\/cd\/wp-content\/uploads\/2026\/09\/WhatsApp-Image-2026-09-02-at-20.42.17-768x960.jpeg 768w, https:\/\/noticiasemdestaque.com\/cd\/wp-content\/uploads\/2026\/09\/WhatsApp-Image-2026-09-02-at-20.42.17.jpeg 1122w\" sizes=\"(max-width: 1018px) 100vw, 1018px\" \/><\/a><\/p>\n<p>Neste s\u00e1bado (5), na programa\u00e7\u00e3o do \u201cCaf\u00e9 Cultural\u201d, do Sum\u00e9 Shopping, \u00e0s 9h, acontece o lan\u00e7amento do livro \u201cSum\u00e9, Bola e F\u00e9\u201d, de autoria do desportista e ambientalista, Pedro Apr\u00edgio da Silva, e tem o patroc\u00ednio da Prefeitura de Sum\u00e9.<\/p>\n<p>O livro marca o centen\u00e1rio de funda\u00e7\u00e3o do S\u00e3o Tom\u00e9 Esporte Clube e conta a hist\u00f3ria do futebol amador de Sum\u00e9, de cada torneio, cada time e jogadores que pisaram nos gramados do munic\u00edpio, mantendo viva a identidade sumeense e os personagens que constru\u00edram essa hist\u00f3ria ao longo dos anos.<\/p>\n<p>A obra traz 206 p\u00e1ginas com relatos, fatos e fotografias reunidos em um trabalho constru\u00eddo pelo autor a partir de uma pesquisa documental e de campo, com fontes hist\u00f3ricas, arquivos p\u00fablicos, entrevistas e depoimentos.<\/p>\n<blockquote><p>Para o escritor e historiador, Regis Ramos, que assina a introdu\u00e7\u00e3o da obra, o livro \u00e9 uma inspira\u00e7\u00e3o para as futuras gera\u00e7\u00f5es que continuar\u00e3o a escrever o legado do futebol sumeense. \u201cDas peladas das pra\u00e7as aos grandes jogos do S\u00e3o Tom\u00e9, este livro convida a mergulhar na alma sumeense, em que cada gol \u00e9 uma celebra\u00e7\u00e3o da comunidade, da resist\u00eancia e da alegria de um povo que faz do futebol, muito mais que um jogo\u201d, escreveu.<\/p><\/blockquote>\n<p>O evento contar\u00e1 com a presen\u00e7a do prefeito Manezinho Louren\u00e7o, de vereadores, desportistas, personagens da hist\u00f3ria e ser\u00e1 aberto ao p\u00fablico para quem quiser prestigiar o lan\u00e7amento.<\/p>\n<p><strong>Not\u00edcias em Destaque<\/strong><\/p>\n<p style=\"text-align: right;\"><em>Fonte: Ascom PMS<\/em><\/p>\n","protected":false},"excerpt":{"rendered":"<p>Neste s\u00e1bado (5), na programa\u00e7\u00e3o do \u201cCaf\u00e9 Cultural\u201d, do Sum\u00e9 Shopping, \u00e0s 9h, acontece o lan\u00e7amento do livro \u201cSum\u00e9, Bola e F\u00e9\u201d, de autoria do desportista e ambientalista, Pedro Apr\u00edgio da Silva, e tem o patroc\u00ednio da Prefeitura de Sum\u00e9. O livro marca o centen\u00e1rio de funda\u00e7\u00e3o do S\u00e3o Tom\u00e9 Esporte Clube e conta a hist\u00f3ria do futebol amador de Sum\u00e9, de cada torneio, cada time e jogadores que pisaram nos gramados do munic\u00edpio, mantendo viva a identidade sumeense e os personagens que constru\u00edram essa hist\u00f3ria ao longo dos anos. A obra traz 206 p\u00e1ginas com relatos, fatos e fotografias reunidos em um trabalho constru\u00eddo pelo autor a partir de uma pesquisa documental e de campo, com fontes hist\u00f3ricas, arquivos p\u00fablicos, entrevistas e depoimentos. Para o escritor e historiador, Regis Ramos, que assina a introdu\u00e7\u00e3o da obra, o livro \u00e9 uma inspira\u00e7\u00e3o para as futuras gera\u00e7\u00f5es que continuar\u00e3o a escrever o legado do futebol sumeense. \u201cDas peladas das pra\u00e7as aos grandes jogos do S\u00e3o Tom\u00e9, este livro convida a mergulhar na alma sumeense, em que cada gol \u00e9 uma celebra\u00e7\u00e3o da comunidade, da resist\u00eancia e da alegria de um povo que faz do futebol, muito mais que um jogo\u201d, escreveu. O evento contar\u00e1 com a presen\u00e7a do prefeito Manezinho Louren\u00e7o, de vereadores, desportistas, personagens da hist\u00f3ria e ser\u00e1 aberto ao p\u00fablico para quem quiser prestigiar o lan\u00e7amento. Not\u00edcias em Destaque Fonte: Ascom PMS<\/p>\n","protected":false},"author":2,"featured_media":81536,"comment_status":"closed","ping_status":"closed","sticky":false,"template":"","format":"standard","meta":{"_eb_attr":"","_jetpack_memberships_contains_paid_content":false,"footnotes":""},"categories":[4],"tags":[],"class_list":["post-81535","post","type-post","status-publish","format-standard","has-post-thumbnail","hentry","category-politica"],"yoast_head":"<!-- This site is optimized with the Yoast SEO plugin v26.5 - https:\/\/yoast.com\/wordpress\/plugins\/seo\/ -->\n<title>Caf\u00e9 Cultural do Sum\u00e9 Shopping recebe lan\u00e7amento de livro que conta a hist\u00f3ria do futebol sumeense - Not&iacute;cias em Destaque<\/title>\n<meta name=\"robots\" content=\"index, follow, max-snippet:-1, max-image-preview:large, max-video-preview:-1\" \/>\n<link rel=\"canonical\" href=\"https:\/\/noticiasemdestaque.com\/cd\/?p=81535\" \/>\n<meta property=\"og:locale\" content=\"pt_BR\" \/>\n<meta property=\"og:type\" content=\"article\" \/>\n<meta property=\"og:title\" content=\"Caf\u00e9 Cultural do Sum\u00e9 Shopping recebe lan\u00e7amento de livro que conta a hist\u00f3ria do futebol sumeense - Not&iacute;cias em Destaque\" \/>\n<meta property=\"og:description\" content=\"Neste s\u00e1bado (5), na programa\u00e7\u00e3o do \u201cCaf\u00e9 Cultural\u201d, do Sum\u00e9 Shopping, \u00e0s 9h, acontece o lan\u00e7amento do livro \u201cSum\u00e9, Bola e F\u00e9\u201d, de autoria do desportista e ambientalista, Pedro Apr\u00edgio da Silva, e tem o patroc\u00ednio da Prefeitura de Sum\u00e9. O livro marca o centen\u00e1rio de funda\u00e7\u00e3o do S\u00e3o Tom\u00e9 Esporte Clube e conta a hist\u00f3ria do futebol amador de Sum\u00e9, de cada torneio, cada time e jogadores que pisaram nos gramados do munic\u00edpio, mantendo viva a identidade sumeense e os personagens que constru\u00edram essa hist\u00f3ria ao longo dos anos. A obra traz 206 p\u00e1ginas com relatos, fatos e fotografias reunidos em um trabalho constru\u00eddo pelo autor a partir de uma pesquisa documental e de campo, com fontes hist\u00f3ricas, arquivos p\u00fablicos, entrevistas e depoimentos. Para o escritor e historiador, Regis Ramos, que assina a introdu\u00e7\u00e3o da obra, o livro \u00e9 uma inspira\u00e7\u00e3o para as futuras gera\u00e7\u00f5es que continuar\u00e3o a escrever o legado do futebol sumeense. \u201cDas peladas das pra\u00e7as aos grandes jogos do S\u00e3o Tom\u00e9, este livro convida a mergulhar na alma sumeense, em que cada gol \u00e9 uma celebra\u00e7\u00e3o da comunidade, da resist\u00eancia e da alegria de um povo que faz do futebol, muito mais que um jogo\u201d, escreveu. O evento contar\u00e1 com a presen\u00e7a do prefeito Manezinho Louren\u00e7o, de vereadores, desportistas, personagens da hist\u00f3ria e ser\u00e1 aberto ao p\u00fablico para quem quiser prestigiar o lan\u00e7amento. Not\u00edcias em Destaque Fonte: Ascom PMS\" \/>\n<meta property=\"og:url\" content=\"https:\/\/noticiasemdestaque.com\/cd\/?p=81535\" \/>\n<meta property=\"og:site_name\" content=\"Not&iacute;cias em Destaque\" \/>\n<meta property=\"article:published_time\" content=\"2026-09-02T23:46:10+00:00\" \/>\n<meta property=\"og:image\" content=\"https:\/\/noticiasemdestaque.com\/cd\/wp-content\/uploads\/2026\/09\/WhatsApp-Image-2026-09-02-at-20.42.17.jpeg\" \/>\n\t<meta property=\"og:image:width\" content=\"1122\" \/>\n\t<meta property=\"og:image:height\" content=\"1402\" \/>\n\t<meta property=\"og:image:type\" content=\"image\/jpeg\" \/>\n<meta name=\"author\" content=\"Not\u00edcias em Destaque\" \/>\n<meta name=\"twitter:card\" content=\"summary_large_image\" \/>\n<meta name=\"twitter:label1\" content=\"Escrito por\" \/>\n\t<meta name=\"twitter:data1\" content=\"Not\u00edcias em Destaque\" \/>\n\t<meta name=\"twitter:label2\" content=\"Est. tempo de leitura\" \/>\n\t<meta name=\"twitter:data2\" content=\"2 minutos\" \/>\n<script type=\"application\/ld+json\" class=\"yoast-schema-graph\">{\"@context\":\"https:\/\/schema.org\",\"@graph\":[{\"@type\":\"Article\",\"@id\":\"https:\/\/noticiasemdestaque.com\/cd\/?p=81535#article\",\"isPartOf\":{\"@id\":\"https:\/\/noticiasemdestaque.com\/cd\/?p=81535\"},\"author\":{\"name\":\"Not\u00edcias em Destaque\",\"@id\":\"https:\/\/noticiasemdestaque.com\/cd\/#\/schema\/person\/a978acbbda55eca5b71ccb9421897bb0\"},\"headline\":\"Caf\u00e9 Cultural do Sum\u00e9 Shopping recebe lan\u00e7amento de livro que conta a hist\u00f3ria do futebol sumeense\",\"datePublished\":\"2026-09-02T23:46:10+00:00\",\"mainEntityOfPage\":{\"@id\":\"https:\/\/noticiasemdestaque.com\/cd\/?p=81535\"},\"wordCount\":277,\"publisher\":{\"@id\":\"https:\/\/noticiasemdestaque.com\/cd\/#organization\"},\"image\":{\"@id\":\"https:\/\/noticiasemdestaque.com\/cd\/?p=81535#primaryimage\"},\"thumbnailUrl\":\"https:\/\/noticiasemdestaque.com\/cd\/wp-content\/uploads\/2026\/09\/WhatsApp-Image-2026-09-02-at-20.42.17.jpeg\",\"articleSection\":[\"Pol\u00edtica\"],\"inLanguage\":\"pt-BR\"},{\"@type\":\"WebPage\",\"@id\":\"https:\/\/noticiasemdestaque.com\/cd\/?p=81535\",\"url\":\"https:\/\/noticiasemdestaque.com\/cd\/?p=81535\",\"name\":\"Caf\u00e9 Cultural do Sum\u00e9 Shopping recebe lan\u00e7amento de livro que conta a hist\u00f3ria do futebol sumeense - Not&iacute;cias em Destaque\",\"isPartOf\":{\"@id\":\"https:\/\/noticiasemdestaque.com\/cd\/#website\"},\"primaryImageOfPage\":{\"@id\":\"https:\/\/noticiasemdestaque.com\/cd\/?p=81535#primaryimage\"},\"image\":{\"@id\":\"https:\/\/noticiasemdestaque.com\/cd\/?p=81535#primaryimage\"},\"thumbnailUrl\":\"https:\/\/noticiasemdestaque.com\/cd\/wp-content\/uploads\/2026\/09\/WhatsApp-Image-2026-09-02-at-20.42.17.jpeg\",\"datePublished\":\"2026-09-02T23:46:10+00:00\",\"breadcrumb\":{\"@id\":\"https:\/\/noticiasemdestaque.com\/cd\/?p=81535#breadcrumb\"},\"inLanguage\":\"pt-BR\",\"potentialAction\":[{\"@type\":\"ReadAction\",\"target\":[\"https:\/\/noticiasemdestaque.com\/cd\/?p=81535\"]}]},{\"@type\":\"ImageObject\",\"inLanguage\":\"pt-BR\",\"@id\":\"https:\/\/noticiasemdestaque.com\/cd\/?p=81535#primaryimage\",\"url\":\"https:\/\/noticiasemdestaque.com\/cd\/wp-content\/uploads\/2026\/09\/WhatsApp-Image-2026-09-02-at-20.42.17.jpeg\",\"contentUrl\":\"https:\/\/noticiasemdestaque.com\/cd\/wp-content\/uploads\/2026\/09\/WhatsApp-Image-2026-09-02-at-20.42.17.jpeg\",\"width\":1122,\"height\":1402},{\"@type\":\"BreadcrumbList\",\"@id\":\"https:\/\/noticiasemdestaque.com\/cd\/?p=81535#breadcrumb\",\"itemListElement\":[{\"@type\":\"ListItem\",\"position\":1,\"name\":\"In\u00edcio\",\"item\":\"https:\/\/noticiasemdestaque.com\/cd\/\"},{\"@type\":\"ListItem\",\"position\":2,\"name\":\"Caf\u00e9 Cultural do Sum\u00e9 Shopping recebe lan\u00e7amento de livro que conta a hist\u00f3ria do futebol sumeense\"}]},{\"@type\":\"WebSite\",\"@id\":\"https:\/\/noticiasemdestaque.com\/cd\/#website\",\"url\":\"https:\/\/noticiasemdestaque.com\/cd\/\",\"name\":\"Not&iacute;cias em Destaque\",\"description\":\"\",\"publisher\":{\"@id\":\"https:\/\/noticiasemdestaque.com\/cd\/#organization\"},\"potentialAction\":[{\"@type\":\"SearchAction\",\"target\":{\"@type\":\"EntryPoint\",\"urlTemplate\":\"https:\/\/noticiasemdestaque.com\/cd\/?s={search_term_string}\"},\"query-input\":{\"@type\":\"PropertyValueSpecification\",\"valueRequired\":true,\"valueName\":\"search_term_string\"}}],\"inLanguage\":\"pt-BR\"},{\"@type\":\"Organization\",\"@id\":\"https:\/\/noticiasemdestaque.com\/cd\/#organization\",\"name\":\"Not\u00edcias em Destaque\",\"url\":\"https:\/\/noticiasemdestaque.com\/cd\/\",\"logo\":{\"@type\":\"ImageObject\",\"inLanguage\":\"pt-BR\",\"@id\":\"https:\/\/noticiasemdestaque.com\/cd\/#\/schema\/logo\/image\/\",\"url\":\"https:\/\/noticiasemdestaque.com\/cd\/wp-content\/uploads\/2022\/05\/imagem-base-noticiasemdestaque.png\",\"contentUrl\":\"https:\/\/noticiasemdestaque.com\/cd\/wp-content\/uploads\/2022\/05\/imagem-base-noticiasemdestaque.png\",\"width\":1200,\"height\":630,\"caption\":\"Not\u00edcias em Destaque\"},\"image\":{\"@id\":\"https:\/\/noticiasemdestaque.com\/cd\/#\/schema\/logo\/image\/\"}},{\"@type\":\"Person\",\"@id\":\"https:\/\/noticiasemdestaque.com\/cd\/#\/schema\/person\/a978acbbda55eca5b71ccb9421897bb0\",\"name\":\"Not\u00edcias em Destaque\",\"url\":\"https:\/\/noticiasemdestaque.com\/cd\/?author=2\"}]}<\/script>\n<!-- \/ Yoast SEO plugin. -->","yoast_head_json":{"title":"Caf\u00e9 Cultural do Sum\u00e9 Shopping recebe lan\u00e7amento de livro que conta a hist\u00f3ria do futebol sumeense - Not&iacute;cias em Destaque","robots":{"index":"index","follow":"follow","max-snippet":"max-snippet:-1","max-image-preview":"max-image-preview:large","max-video-preview":"max-video-preview:-1"},"canonical":"https:\/\/noticiasemdestaque.com\/cd\/?p=81535","og_locale":"pt_BR","og_type":"article","og_title":"Caf\u00e9 Cultural do Sum\u00e9 Shopping recebe lan\u00e7amento de livro que conta a hist\u00f3ria do futebol sumeense - Not&iacute;cias em Destaque","og_description":"Neste s\u00e1bado (5), na programa\u00e7\u00e3o do \u201cCaf\u00e9 Cultural\u201d, do Sum\u00e9 Shopping, \u00e0s 9h, acontece o lan\u00e7amento do livro \u201cSum\u00e9, Bola e F\u00e9\u201d, de autoria do desportista e ambientalista, Pedro Apr\u00edgio da Silva, e tem o patroc\u00ednio da Prefeitura de Sum\u00e9. O livro marca o centen\u00e1rio de funda\u00e7\u00e3o do S\u00e3o Tom\u00e9 Esporte Clube e conta a hist\u00f3ria do futebol amador de Sum\u00e9, de cada torneio, cada time e jogadores que pisaram nos gramados do munic\u00edpio, mantendo viva a identidade sumeense e os personagens que constru\u00edram essa hist\u00f3ria ao longo dos anos. A obra traz 206 p\u00e1ginas com relatos, fatos e fotografias reunidos em um trabalho constru\u00eddo pelo autor a partir de uma pesquisa documental e de campo, com fontes hist\u00f3ricas, arquivos p\u00fablicos, entrevistas e depoimentos. Para o escritor e historiador, Regis Ramos, que assina a introdu\u00e7\u00e3o da obra, o livro \u00e9 uma inspira\u00e7\u00e3o para as futuras gera\u00e7\u00f5es que continuar\u00e3o a escrever o legado do futebol sumeense. \u201cDas peladas das pra\u00e7as aos grandes jogos do S\u00e3o Tom\u00e9, este livro convida a mergulhar na alma sumeense, em que cada gol \u00e9 uma celebra\u00e7\u00e3o da comunidade, da resist\u00eancia e da alegria de um povo que faz do futebol, muito mais que um jogo\u201d, escreveu. O evento contar\u00e1 com a presen\u00e7a do prefeito Manezinho Louren\u00e7o, de vereadores, desportistas, personagens da hist\u00f3ria e ser\u00e1 aberto ao p\u00fablico para quem quiser prestigiar o lan\u00e7amento. Not\u00edcias em Destaque Fonte: Ascom PMS","og_url":"https:\/\/noticiasemdestaque.com\/cd\/?p=81535","og_site_name":"Not&iacute;cias em Destaque","article_published_time":"2026-09-02T23:46:10+00:00","og_image":[{"width":1122,"height":1402,"url":"https:\/\/noticiasemdestaque.com\/cd\/wp-content\/uploads\/2026\/09\/WhatsApp-Image-2026-09-02-at-20.42.17.jpeg","type":"image\/jpeg"}],"author":"Not\u00edcias em Destaque","twitter_card":"summary_large_image","twitter_misc":{"Escrito por":"Not\u00edcias em Destaque","Est. tempo de leitura":"2 minutos"},"schema":{"@context":"https:\/\/schema.org","@graph":[{"@type":"Article","@id":"https:\/\/noticiasemdestaque.com\/cd\/?p=81535#article","isPartOf":{"@id":"https:\/\/noticiasemdestaque.com\/cd\/?p=81535"},"author":{"name":"Not\u00edcias em Destaque","@id":"https:\/\/noticiasemdestaque.com\/cd\/#\/schema\/person\/a978acbbda55eca5b71ccb9421897bb0"},"headline":"Caf\u00e9 Cultural do Sum\u00e9 Shopping recebe lan\u00e7amento de livro que conta a hist\u00f3ria do futebol sumeense","datePublished":"2026-09-02T23:46:10+00:00","mainEntityOfPage":{"@id":"https:\/\/noticiasemdestaque.com\/cd\/?p=81535"},"wordCount":277,"publisher":{"@id":"https:\/\/noticiasemdestaque.com\/cd\/#organization"},"image":{"@id":"https:\/\/noticiasemdestaque.com\/cd\/?p=81535#primaryimage"},"thumbnailUrl":"https:\/\/noticiasemdestaque.com\/cd\/wp-content\/uploads\/2026\/09\/WhatsApp-Image-2026-09-02-at-20.42.17.jpeg","articleSection":["Pol\u00edtica"],"inLanguage":"pt-BR"},{"@type":"WebPage","@id":"https:\/\/noticiasemdestaque.com\/cd\/?p=81535","url":"https:\/\/noticiasemdestaque.com\/cd\/?p=81535","name":"Caf\u00e9 Cultural do Sum\u00e9 Shopping recebe lan\u00e7amento de livro que conta a hist\u00f3ria do futebol sumeense - Not&iacute;cias em Destaque","isPartOf":{"@id":"https:\/\/noticiasemdestaque.com\/cd\/#website"},"primaryImageOfPage":{"@id":"https:\/\/noticiasemdestaque.com\/cd\/?p=81535#primaryimage"},"image":{"@id":"https:\/\/noticiasemdestaque.com\/cd\/?p=81535#primaryimage"},"thumbnailUrl":"https:\/\/noticiasemdestaque.com\/cd\/wp-content\/uploads\/2026\/09\/WhatsApp-Image-2026-09-02-at-20.42.17.jpeg","datePublished":"2026-09-02T23:46:10+00:00","breadcrumb":{"@id":"https:\/\/noticiasemdestaque.com\/cd\/?p=81535#breadcrumb"},"inLanguage":"pt-BR","potentialAction":[{"@type":"ReadAction","target":["https:\/\/noticiasemdestaque.com\/cd\/?p=81535"]}]},{"@type":"ImageObject","inLanguage":"pt-BR","@id":"https:\/\/noticiasemdestaque.com\/cd\/?p=81535#primaryimage","url":"https:\/\/noticiasemdestaque.com\/cd\/wp-content\/uploads\/2026\/09\/WhatsApp-Image-2026-09-02-at-20.42.17.jpeg","contentUrl":"https:\/\/noticiasemdestaque.com\/cd\/wp-content\/uploads\/2026\/09\/WhatsApp-Image-2026-09-02-at-20.42.17.jpeg","width":1122,"height":1402},{"@type":"BreadcrumbList","@id":"https:\/\/noticiasemdestaque.com\/cd\/?p=81535#breadcrumb","itemListElement":[{"@type":"ListItem","position":1,"name":"In\u00edcio","item":"https:\/\/noticiasemdestaque.com\/cd\/"},{"@type":"ListItem","position":2,"name":"Caf\u00e9 Cultural do Sum\u00e9 Shopping recebe lan\u00e7amento de livro que conta a hist\u00f3ria do futebol sumeense"}]},{"@type":"WebSite","@id":"https:\/\/noticiasemdestaque.com\/cd\/#website","url":"https:\/\/noticiasemdestaque.com\/cd\/","name":"Not&iacute;cias em Destaque","description":"","publisher":{"@id":"https:\/\/noticiasemdestaque.com\/cd\/#organization"},"potentialAction":[{"@type":"SearchAction","target":{"@type":"EntryPoint","urlTemplate":"https:\/\/noticiasemdestaque.com\/cd\/?s={search_term_string}"},"query-input":{"@type":"PropertyValueSpecification","valueRequired":true,"valueName":"search_term_string"}}],"inLanguage":"pt-BR"},{"@type":"Organization","@id":"https:\/\/noticiasemdestaque.com\/cd\/#organization","name":"Not\u00edcias em Destaque","url":"https:\/\/noticiasemdestaque.com\/cd\/","logo":{"@type":"ImageObject","inLanguage":"pt-BR","@id":"https:\/\/noticiasemdestaque.com\/cd\/#\/schema\/logo\/image\/","url":"https:\/\/noticiasemdestaque.com\/cd\/wp-content\/uploads\/2022\/05\/imagem-base-noticiasemdestaque.png","contentUrl":"https:\/\/noticiasemdestaque.com\/cd\/wp-content\/uploads\/2022\/05\/imagem-base-noticiasemdestaque.png","width":1200,"height":630,"caption":"Not\u00edcias em Destaque"},"image":{"@id":"https:\/\/noticiasemdestaque.com\/cd\/#\/schema\/logo\/image\/"}},{"@type":"Person","@id":"https:\/\/noticiasemdestaque.com\/cd\/#\/schema\/person\/a978acbbda55eca5b71ccb9421897bb0","name":"Not\u00edcias em Destaque","url":"https:\/\/noticiasemdestaque.com\/cd\/?author=2"}]}},"jetpack_featured_media_url":"https:\/\/noticiasemdestaque.com\/cd\/wp-content\/uploads\/2026\/09\/WhatsApp-Image-2026-09-02-at-20.42.17.jpeg","jetpack_sharing_enabled":true,"_links":{"self":[{"href":"https:\/\/noticiasemdestaque.com\/cd\/index.php?rest_route=\/wp\/v2\/posts\/81535","targetHints":{"allow":["GET"]}}],"collection":[{"href":"https:\/\/noticiasemdestaque.com\/cd\/index.php?rest_route=\/wp\/v2\/posts"}],"about":[{"href":"https:\/\/noticiasemdestaque.com\/cd\/index.php?rest_route=\/wp\/v2\/types\/post"}],"author":[{"embeddable":true,"href":"https:\/\/noticiasemdestaque.com\/cd\/index.php?rest_route=\/wp\/v2\/users\/2"}],"replies":[{"embeddable":true,"href":"https:\/\/noticiasemdestaque.com\/cd\/index.php?rest_route=%2Fwp%2Fv2%2Fcomments&post=81535"}],"version-history":[{"count":1,"href":"https:\/\/noticiasemdestaque.com\/cd\/index.php?rest_route=\/wp\/v2\/posts\/81535\/revisions"}],"predecessor-version":[{"id":81537,"href":"https:\/\/noticiasemdestaque.com\/cd\/index.php?rest_route=\/wp\/v2\/posts\/81535\/revisions\/81537"}],"wp:featuredmedia":[{"embeddable":true,"href":"https:\/\/noticiasemdestaque.com\/cd\/index.php?rest_route=\/wp\/v2\/media\/81536"}],"wp:attachment":[{"href":"https:\/\/noticiasemdestaque.com\/cd\/index.php?rest_route=%2Fwp%2Fv2%2Fmedia&parent=81535"}],"wp:term":[{"taxonomy":"category","embeddable":true,"href":"https:\/\/noticiasemdestaque.com\/cd\/index.php?rest_route=%2Fwp%2Fv2%2Fcategories&post=81535"},{"taxonomy":"post_tag","embeddable":true,"href":"https:\/\/noticiasemdestaque.com\/cd\/index.php?rest_route=%2Fwp%2Fv2%2Ftags&post=81535"}],"curies":[{"name":"wp","href":"https:\/\/api.w.org\/{rel}","templated":true}]}}