{"id":81529,"date":"2026-09-02T11:29:57","date_gmt":"2026-09-02T14:29:57","guid":{"rendered":"https:\/\/noticiasemdestaque.com\/cd\/?p=81529"},"modified":"2026-09-02T11:29:57","modified_gmt":"2026-09-02T14:29:57","slug":"motorista-fica-ferido-apos-veiculo-de-carga-tombar-na-br-230","status":"publish","type":"post","link":"https:\/\/noticiasemdestaque.com\/cd\/?p=81529","title":{"rendered":"Motorista fica ferido ap\u00f3s ve\u00edculo de carga tombar na BR-230"},"content":{"rendered":"<p><a href=\"https:\/\/noticiasemdestaque.com\/cd\/wp-content\/uploads\/2026\/09\/motorista-fica-ferido-apos-veiculo-de-carga-tombar0022060600202609021121-8.webp\"><img fetchpriority=\"high\" decoding=\"async\" class=\" wp-image-81530 aligncenter\" src=\"https:\/\/noticiasemdestaque.com\/cd\/wp-content\/uploads\/2026\/09\/motorista-fica-ferido-apos-veiculo-de-carga-tombar0022060600202609021121-8-300x169.webp\" alt=\"\" width=\"1070\" height=\"603\" srcset=\"https:\/\/noticiasemdestaque.com\/cd\/wp-content\/uploads\/2026\/09\/motorista-fica-ferido-apos-veiculo-de-carga-tombar0022060600202609021121-8-300x169.webp 300w, https:\/\/noticiasemdestaque.com\/cd\/wp-content\/uploads\/2026\/09\/motorista-fica-ferido-apos-veiculo-de-carga-tombar0022060600202609021121-8-768x432.webp 768w, https:\/\/noticiasemdestaque.com\/cd\/wp-content\/uploads\/2026\/09\/motorista-fica-ferido-apos-veiculo-de-carga-tombar0022060600202609021121-8.webp 900w\" sizes=\"(max-width: 1070px) 100vw, 1070px\" \/><\/a><\/p>\n<p>Um homem de 39 anos, que n\u00e3o teve o nome divulgado, ficou ferido ap\u00f3s o ve\u00edculo de carga que ele dirigia tombar no km 409 da BR-230, em Pombal, no Sert\u00e3o da Para\u00edba, na manh\u00e3 desta quarta-feira (2). O acidente provocou uma interdi\u00e7\u00e3o parcial da rodovia.<\/p>\n<p>Segundo a Pol\u00edcia Rodovi\u00e1ria Federal (PRF), o condutor teve fratura exposta na perna direita. Ele foi encaminhado para o Hospital de Pombal.<\/p>\n<p>O Jornal da Para\u00edba tentou contato com a unidade de sa\u00fade para obter informa\u00e7\u00f5es sobre o estado de sa\u00fade dele, mas n\u00e3o recebeu retorno at\u00e9 a \u00faltima atualiza\u00e7\u00e3o desta reportagem.<\/p>\n<div class=\"ShortAd\">\n<div id=\"sas_104745\"><\/div>\n<\/div>\n<p>De acordo com a PRF, o tr\u00e2nsito est\u00e1 fluindo pelo acostamento, em sistema de pare e siga. Isso significa que os ve\u00edculos passam de forma alternada pelo trecho parcialmente interditado.<\/p>\n<p>A orienta\u00e7\u00e3o \u00e9 de aten\u00e7\u00e3o para quem trafega pelo km 409 da BR-230, enquanto a equipe da PRF permanece no local.<\/p>\n<p><strong>Not\u00edcias em Destaque<\/strong><\/p>\n<p style=\"text-align: right;\"><em>Fonte: Jornal da Para\u00edba<\/em><\/p>\n","protected":false},"excerpt":{"rendered":"<p>Um homem de 39 anos, que n\u00e3o teve o nome divulgado, ficou ferido ap\u00f3s o ve\u00edculo de carga que ele dirigia tombar no km 409 da BR-230, em Pombal, no Sert\u00e3o da Para\u00edba, na manh\u00e3 desta quarta-feira (2). O acidente provocou uma interdi\u00e7\u00e3o parcial da rodovia. Segundo a Pol\u00edcia Rodovi\u00e1ria Federal (PRF), o condutor teve fratura exposta na perna direita. Ele foi encaminhado para o Hospital de Pombal. O Jornal da Para\u00edba tentou contato com a unidade de sa\u00fade para obter informa\u00e7\u00f5es sobre o estado de sa\u00fade dele, mas n\u00e3o recebeu retorno at\u00e9 a \u00faltima atualiza\u00e7\u00e3o desta reportagem. De acordo com a PRF, o tr\u00e2nsito est\u00e1 fluindo pelo acostamento, em sistema de pare e siga. Isso significa que os ve\u00edculos passam de forma alternada pelo trecho parcialmente interditado. A orienta\u00e7\u00e3o \u00e9 de aten\u00e7\u00e3o para quem trafega pelo km 409 da BR-230, enquanto a equipe da PRF permanece no local. Not\u00edcias em Destaque Fonte: Jornal da Para\u00edba<\/p>\n","protected":false},"author":2,"featured_media":81530,"comment_status":"closed","ping_status":"closed","sticky":false,"template":"","format":"standard","meta":{"_eb_attr":"","_jetpack_memberships_contains_paid_content":false,"footnotes":""},"categories":[20],"tags":[],"class_list":["post-81529","post","type-post","status-publish","format-standard","has-post-thumbnail","hentry","category-policia"],"yoast_head":"<!-- This site is optimized with the Yoast SEO plugin v26.5 - https:\/\/yoast.com\/wordpress\/plugins\/seo\/ -->\n<title>Motorista fica ferido ap\u00f3s ve\u00edculo de carga tombar na BR-230 - Not&iacute;cias em Destaque<\/title>\n<meta name=\"robots\" content=\"index, follow, max-snippet:-1, max-image-preview:large, max-video-preview:-1\" \/>\n<link rel=\"canonical\" href=\"https:\/\/noticiasemdestaque.com\/cd\/?p=81529\" \/>\n<meta property=\"og:locale\" content=\"pt_BR\" \/>\n<meta property=\"og:type\" content=\"article\" \/>\n<meta property=\"og:title\" content=\"Motorista fica ferido ap\u00f3s ve\u00edculo de carga tombar na BR-230 - Not&iacute;cias em Destaque\" \/>\n<meta property=\"og:description\" content=\"Um homem de 39 anos, que n\u00e3o teve o nome divulgado, ficou ferido ap\u00f3s o ve\u00edculo de carga que ele dirigia tombar no km 409 da BR-230, em Pombal, no Sert\u00e3o da Para\u00edba, na manh\u00e3 desta quarta-feira (2). O acidente provocou uma interdi\u00e7\u00e3o parcial da rodovia. Segundo a Pol\u00edcia Rodovi\u00e1ria Federal (PRF), o condutor teve fratura exposta na perna direita. Ele foi encaminhado para o Hospital de Pombal. O Jornal da Para\u00edba tentou contato com a unidade de sa\u00fade para obter informa\u00e7\u00f5es sobre o estado de sa\u00fade dele, mas n\u00e3o recebeu retorno at\u00e9 a \u00faltima atualiza\u00e7\u00e3o desta reportagem. De acordo com a PRF, o tr\u00e2nsito est\u00e1 fluindo pelo acostamento, em sistema de pare e siga. Isso significa que os ve\u00edculos passam de forma alternada pelo trecho parcialmente interditado. A orienta\u00e7\u00e3o \u00e9 de aten\u00e7\u00e3o para quem trafega pelo km 409 da BR-230, enquanto a equipe da PRF permanece no local. Not\u00edcias em Destaque Fonte: Jornal da Para\u00edba\" \/>\n<meta property=\"og:url\" content=\"https:\/\/noticiasemdestaque.com\/cd\/?p=81529\" \/>\n<meta property=\"og:site_name\" content=\"Not&iacute;cias em Destaque\" \/>\n<meta property=\"article:published_time\" content=\"2026-09-02T14:29:57+00:00\" \/>\n<meta property=\"og:image\" content=\"https:\/\/noticiasemdestaque.com\/cd\/wp-content\/uploads\/2026\/09\/motorista-fica-ferido-apos-veiculo-de-carga-tombar0022060600202609021121-8.webp\" \/>\n\t<meta property=\"og:image:width\" content=\"900\" \/>\n\t<meta property=\"og:image:height\" content=\"506\" \/>\n\t<meta property=\"og:image:type\" content=\"image\/webp\" \/>\n<meta name=\"author\" content=\"Not\u00edcias em Destaque\" \/>\n<meta name=\"twitter:card\" content=\"summary_large_image\" \/>\n<meta name=\"twitter:label1\" content=\"Escrito por\" \/>\n\t<meta name=\"twitter:data1\" content=\"Not\u00edcias em Destaque\" \/>\n\t<meta name=\"twitter:label2\" content=\"Est. tempo de leitura\" \/>\n\t<meta name=\"twitter:data2\" content=\"2 minutos\" \/>\n<script type=\"application\/ld+json\" class=\"yoast-schema-graph\">{\"@context\":\"https:\/\/schema.org\",\"@graph\":[{\"@type\":\"Article\",\"@id\":\"https:\/\/noticiasemdestaque.com\/cd\/?p=81529#article\",\"isPartOf\":{\"@id\":\"https:\/\/noticiasemdestaque.com\/cd\/?p=81529\"},\"author\":{\"name\":\"Not\u00edcias em Destaque\",\"@id\":\"https:\/\/noticiasemdestaque.com\/cd\/#\/schema\/person\/a978acbbda55eca5b71ccb9421897bb0\"},\"headline\":\"Motorista fica ferido ap\u00f3s ve\u00edculo de carga tombar na BR-230\",\"datePublished\":\"2026-09-02T14:29:57+00:00\",\"mainEntityOfPage\":{\"@id\":\"https:\/\/noticiasemdestaque.com\/cd\/?p=81529\"},\"wordCount\":183,\"publisher\":{\"@id\":\"https:\/\/noticiasemdestaque.com\/cd\/#organization\"},\"image\":{\"@id\":\"https:\/\/noticiasemdestaque.com\/cd\/?p=81529#primaryimage\"},\"thumbnailUrl\":\"https:\/\/noticiasemdestaque.com\/cd\/wp-content\/uploads\/2026\/09\/motorista-fica-ferido-apos-veiculo-de-carga-tombar0022060600202609021121-8.webp\",\"articleSection\":[\"Pol\u00edcia\"],\"inLanguage\":\"pt-BR\"},{\"@type\":\"WebPage\",\"@id\":\"https:\/\/noticiasemdestaque.com\/cd\/?p=81529\",\"url\":\"https:\/\/noticiasemdestaque.com\/cd\/?p=81529\",\"name\":\"Motorista fica ferido ap\u00f3s ve\u00edculo de carga tombar na BR-230 - Not&iacute;cias em Destaque\",\"isPartOf\":{\"@id\":\"https:\/\/noticiasemdestaque.com\/cd\/#website\"},\"primaryImageOfPage\":{\"@id\":\"https:\/\/noticiasemdestaque.com\/cd\/?p=81529#primaryimage\"},\"image\":{\"@id\":\"https:\/\/noticiasemdestaque.com\/cd\/?p=81529#primaryimage\"},\"thumbnailUrl\":\"https:\/\/noticiasemdestaque.com\/cd\/wp-content\/uploads\/2026\/09\/motorista-fica-ferido-apos-veiculo-de-carga-tombar0022060600202609021121-8.webp\",\"datePublished\":\"2026-09-02T14:29:57+00:00\",\"breadcrumb\":{\"@id\":\"https:\/\/noticiasemdestaque.com\/cd\/?p=81529#breadcrumb\"},\"inLanguage\":\"pt-BR\",\"potentialAction\":[{\"@type\":\"ReadAction\",\"target\":[\"https:\/\/noticiasemdestaque.com\/cd\/?p=81529\"]}]},{\"@type\":\"ImageObject\",\"inLanguage\":\"pt-BR\",\"@id\":\"https:\/\/noticiasemdestaque.com\/cd\/?p=81529#primaryimage\",\"url\":\"https:\/\/noticiasemdestaque.com\/cd\/wp-content\/uploads\/2026\/09\/motorista-fica-ferido-apos-veiculo-de-carga-tombar0022060600202609021121-8.webp\",\"contentUrl\":\"https:\/\/noticiasemdestaque.com\/cd\/wp-content\/uploads\/2026\/09\/motorista-fica-ferido-apos-veiculo-de-carga-tombar0022060600202609021121-8.webp\",\"width\":900,\"height\":506},{\"@type\":\"BreadcrumbList\",\"@id\":\"https:\/\/noticiasemdestaque.com\/cd\/?p=81529#breadcrumb\",\"itemListElement\":[{\"@type\":\"ListItem\",\"position\":1,\"name\":\"In\u00edcio\",\"item\":\"https:\/\/noticiasemdestaque.com\/cd\/\"},{\"@type\":\"ListItem\",\"position\":2,\"name\":\"Motorista fica ferido ap\u00f3s ve\u00edculo de carga tombar na BR-230\"}]},{\"@type\":\"WebSite\",\"@id\":\"https:\/\/noticiasemdestaque.com\/cd\/#website\",\"url\":\"https:\/\/noticiasemdestaque.com\/cd\/\",\"name\":\"Not&iacute;cias em Destaque\",\"description\":\"\",\"publisher\":{\"@id\":\"https:\/\/noticiasemdestaque.com\/cd\/#organization\"},\"potentialAction\":[{\"@type\":\"SearchAction\",\"target\":{\"@type\":\"EntryPoint\",\"urlTemplate\":\"https:\/\/noticiasemdestaque.com\/cd\/?s={search_term_string}\"},\"query-input\":{\"@type\":\"PropertyValueSpecification\",\"valueRequired\":true,\"valueName\":\"search_term_string\"}}],\"inLanguage\":\"pt-BR\"},{\"@type\":\"Organization\",\"@id\":\"https:\/\/noticiasemdestaque.com\/cd\/#organization\",\"name\":\"Not\u00edcias em Destaque\",\"url\":\"https:\/\/noticiasemdestaque.com\/cd\/\",\"logo\":{\"@type\":\"ImageObject\",\"inLanguage\":\"pt-BR\",\"@id\":\"https:\/\/noticiasemdestaque.com\/cd\/#\/schema\/logo\/image\/\",\"url\":\"https:\/\/noticiasemdestaque.com\/cd\/wp-content\/uploads\/2022\/05\/imagem-base-noticiasemdestaque.png\",\"contentUrl\":\"https:\/\/noticiasemdestaque.com\/cd\/wp-content\/uploads\/2022\/05\/imagem-base-noticiasemdestaque.png\",\"width\":1200,\"height\":630,\"caption\":\"Not\u00edcias em Destaque\"},\"image\":{\"@id\":\"https:\/\/noticiasemdestaque.com\/cd\/#\/schema\/logo\/image\/\"}},{\"@type\":\"Person\",\"@id\":\"https:\/\/noticiasemdestaque.com\/cd\/#\/schema\/person\/a978acbbda55eca5b71ccb9421897bb0\",\"name\":\"Not\u00edcias em Destaque\",\"url\":\"https:\/\/noticiasemdestaque.com\/cd\/?author=2\"}]}<\/script>\n<!-- \/ Yoast SEO plugin. -->","yoast_head_json":{"title":"Motorista fica ferido ap\u00f3s ve\u00edculo de carga tombar na BR-230 - Not&iacute;cias em Destaque","robots":{"index":"index","follow":"follow","max-snippet":"max-snippet:-1","max-image-preview":"max-image-preview:large","max-video-preview":"max-video-preview:-1"},"canonical":"https:\/\/noticiasemdestaque.com\/cd\/?p=81529","og_locale":"pt_BR","og_type":"article","og_title":"Motorista fica ferido ap\u00f3s ve\u00edculo de carga tombar na BR-230 - Not&iacute;cias em Destaque","og_description":"Um homem de 39 anos, que n\u00e3o teve o nome divulgado, ficou ferido ap\u00f3s o ve\u00edculo de carga que ele dirigia tombar no km 409 da BR-230, em Pombal, no Sert\u00e3o da Para\u00edba, na manh\u00e3 desta quarta-feira (2). O acidente provocou uma interdi\u00e7\u00e3o parcial da rodovia. Segundo a Pol\u00edcia Rodovi\u00e1ria Federal (PRF), o condutor teve fratura exposta na perna direita. Ele foi encaminhado para o Hospital de Pombal. O Jornal da Para\u00edba tentou contato com a unidade de sa\u00fade para obter informa\u00e7\u00f5es sobre o estado de sa\u00fade dele, mas n\u00e3o recebeu retorno at\u00e9 a \u00faltima atualiza\u00e7\u00e3o desta reportagem. De acordo com a PRF, o tr\u00e2nsito est\u00e1 fluindo pelo acostamento, em sistema de pare e siga. Isso significa que os ve\u00edculos passam de forma alternada pelo trecho parcialmente interditado. A orienta\u00e7\u00e3o \u00e9 de aten\u00e7\u00e3o para quem trafega pelo km 409 da BR-230, enquanto a equipe da PRF permanece no local. Not\u00edcias em Destaque Fonte: Jornal da Para\u00edba","og_url":"https:\/\/noticiasemdestaque.com\/cd\/?p=81529","og_site_name":"Not&iacute;cias em Destaque","article_published_time":"2026-09-02T14:29:57+00:00","og_image":[{"width":900,"height":506,"url":"https:\/\/noticiasemdestaque.com\/cd\/wp-content\/uploads\/2026\/09\/motorista-fica-ferido-apos-veiculo-de-carga-tombar0022060600202609021121-8.webp","type":"image\/webp"}],"author":"Not\u00edcias em Destaque","twitter_card":"summary_large_image","twitter_misc":{"Escrito por":"Not\u00edcias em Destaque","Est. tempo de leitura":"2 minutos"},"schema":{"@context":"https:\/\/schema.org","@graph":[{"@type":"Article","@id":"https:\/\/noticiasemdestaque.com\/cd\/?p=81529#article","isPartOf":{"@id":"https:\/\/noticiasemdestaque.com\/cd\/?p=81529"},"author":{"name":"Not\u00edcias em Destaque","@id":"https:\/\/noticiasemdestaque.com\/cd\/#\/schema\/person\/a978acbbda55eca5b71ccb9421897bb0"},"headline":"Motorista fica ferido ap\u00f3s ve\u00edculo de carga tombar na BR-230","datePublished":"2026-09-02T14:29:57+00:00","mainEntityOfPage":{"@id":"https:\/\/noticiasemdestaque.com\/cd\/?p=81529"},"wordCount":183,"publisher":{"@id":"https:\/\/noticiasemdestaque.com\/cd\/#organization"},"image":{"@id":"https:\/\/noticiasemdestaque.com\/cd\/?p=81529#primaryimage"},"thumbnailUrl":"https:\/\/noticiasemdestaque.com\/cd\/wp-content\/uploads\/2026\/09\/motorista-fica-ferido-apos-veiculo-de-carga-tombar0022060600202609021121-8.webp","articleSection":["Pol\u00edcia"],"inLanguage":"pt-BR"},{"@type":"WebPage","@id":"https:\/\/noticiasemdestaque.com\/cd\/?p=81529","url":"https:\/\/noticiasemdestaque.com\/cd\/?p=81529","name":"Motorista fica ferido ap\u00f3s ve\u00edculo de carga tombar na BR-230 - Not&iacute;cias em Destaque","isPartOf":{"@id":"https:\/\/noticiasemdestaque.com\/cd\/#website"},"primaryImageOfPage":{"@id":"https:\/\/noticiasemdestaque.com\/cd\/?p=81529#primaryimage"},"image":{"@id":"https:\/\/noticiasemdestaque.com\/cd\/?p=81529#primaryimage"},"thumbnailUrl":"https:\/\/noticiasemdestaque.com\/cd\/wp-content\/uploads\/2026\/09\/motorista-fica-ferido-apos-veiculo-de-carga-tombar0022060600202609021121-8.webp","datePublished":"2026-09-02T14:29:57+00:00","breadcrumb":{"@id":"https:\/\/noticiasemdestaque.com\/cd\/?p=81529#breadcrumb"},"inLanguage":"pt-BR","potentialAction":[{"@type":"ReadAction","target":["https:\/\/noticiasemdestaque.com\/cd\/?p=81529"]}]},{"@type":"ImageObject","inLanguage":"pt-BR","@id":"https:\/\/noticiasemdestaque.com\/cd\/?p=81529#primaryimage","url":"https:\/\/noticiasemdestaque.com\/cd\/wp-content\/uploads\/2026\/09\/motorista-fica-ferido-apos-veiculo-de-carga-tombar0022060600202609021121-8.webp","contentUrl":"https:\/\/noticiasemdestaque.com\/cd\/wp-content\/uploads\/2026\/09\/motorista-fica-ferido-apos-veiculo-de-carga-tombar0022060600202609021121-8.webp","width":900,"height":506},{"@type":"BreadcrumbList","@id":"https:\/\/noticiasemdestaque.com\/cd\/?p=81529#breadcrumb","itemListElement":[{"@type":"ListItem","position":1,"name":"In\u00edcio","item":"https:\/\/noticiasemdestaque.com\/cd\/"},{"@type":"ListItem","position":2,"name":"Motorista fica ferido ap\u00f3s ve\u00edculo de carga tombar na BR-230"}]},{"@type":"WebSite","@id":"https:\/\/noticiasemdestaque.com\/cd\/#website","url":"https:\/\/noticiasemdestaque.com\/cd\/","name":"Not&iacute;cias em Destaque","description":"","publisher":{"@id":"https:\/\/noticiasemdestaque.com\/cd\/#organization"},"potentialAction":[{"@type":"SearchAction","target":{"@type":"EntryPoint","urlTemplate":"https:\/\/noticiasemdestaque.com\/cd\/?s={search_term_string}"},"query-input":{"@type":"PropertyValueSpecification","valueRequired":true,"valueName":"search_term_string"}}],"inLanguage":"pt-BR"},{"@type":"Organization","@id":"https:\/\/noticiasemdestaque.com\/cd\/#organization","name":"Not\u00edcias em Destaque","url":"https:\/\/noticiasemdestaque.com\/cd\/","logo":{"@type":"ImageObject","inLanguage":"pt-BR","@id":"https:\/\/noticiasemdestaque.com\/cd\/#\/schema\/logo\/image\/","url":"https:\/\/noticiasemdestaque.com\/cd\/wp-content\/uploads\/2022\/05\/imagem-base-noticiasemdestaque.png","contentUrl":"https:\/\/noticiasemdestaque.com\/cd\/wp-content\/uploads\/2022\/05\/imagem-base-noticiasemdestaque.png","width":1200,"height":630,"caption":"Not\u00edcias em Destaque"},"image":{"@id":"https:\/\/noticiasemdestaque.com\/cd\/#\/schema\/logo\/image\/"}},{"@type":"Person","@id":"https:\/\/noticiasemdestaque.com\/cd\/#\/schema\/person\/a978acbbda55eca5b71ccb9421897bb0","name":"Not\u00edcias em Destaque","url":"https:\/\/noticiasemdestaque.com\/cd\/?author=2"}]}},"jetpack_featured_media_url":"https:\/\/noticiasemdestaque.com\/cd\/wp-content\/uploads\/2026\/09\/motorista-fica-ferido-apos-veiculo-de-carga-tombar0022060600202609021121-8.webp","jetpack_sharing_enabled":true,"_links":{"self":[{"href":"https:\/\/noticiasemdestaque.com\/cd\/index.php?rest_route=\/wp\/v2\/posts\/81529","targetHints":{"allow":["GET"]}}],"collection":[{"href":"https:\/\/noticiasemdestaque.com\/cd\/index.php?rest_route=\/wp\/v2\/posts"}],"about":[{"href":"https:\/\/noticiasemdestaque.com\/cd\/index.php?rest_route=\/wp\/v2\/types\/post"}],"author":[{"embeddable":true,"href":"https:\/\/noticiasemdestaque.com\/cd\/index.php?rest_route=\/wp\/v2\/users\/2"}],"replies":[{"embeddable":true,"href":"https:\/\/noticiasemdestaque.com\/cd\/index.php?rest_route=%2Fwp%2Fv2%2Fcomments&post=81529"}],"version-history":[{"count":1,"href":"https:\/\/noticiasemdestaque.com\/cd\/index.php?rest_route=\/wp\/v2\/posts\/81529\/revisions"}],"predecessor-version":[{"id":81531,"href":"https:\/\/noticiasemdestaque.com\/cd\/index.php?rest_route=\/wp\/v2\/posts\/81529\/revisions\/81531"}],"wp:featuredmedia":[{"embeddable":true,"href":"https:\/\/noticiasemdestaque.com\/cd\/index.php?rest_route=\/wp\/v2\/media\/81530"}],"wp:attachment":[{"href":"https:\/\/noticiasemdestaque.com\/cd\/index.php?rest_route=%2Fwp%2Fv2%2Fmedia&parent=81529"}],"wp:term":[{"taxonomy":"category","embeddable":true,"href":"https:\/\/noticiasemdestaque.com\/cd\/index.php?rest_route=%2Fwp%2Fv2%2Fcategories&post=81529"},{"taxonomy":"post_tag","embeddable":true,"href":"https:\/\/noticiasemdestaque.com\/cd\/index.php?rest_route=%2Fwp%2Fv2%2Ftags&post=81529"}],"curies":[{"name":"wp","href":"https:\/\/api.w.org\/{rel}","templated":true}]}}