{"id":81526,"date":"2026-09-02T11:20:14","date_gmt":"2026-09-02T14:20:14","guid":{"rendered":"https:\/\/noticiasemdestaque.com\/cd\/?p=81526"},"modified":"2026-09-02T11:20:14","modified_gmt":"2026-09-02T14:20:14","slug":"ouro-velho-realiza-desfile-civico-de-7-de-setembro-com-tema-voltado-ao-respeito-solidariedade-e-paz","status":"publish","type":"post","link":"https:\/\/noticiasemdestaque.com\/cd\/?p=81526","title":{"rendered":"Ouro Velho realiza Desfile C\u00edvico de 7 de Setembro com tema voltado ao respeito, solidariedade e paz"},"content":{"rendered":"<p><a href=\"https:\/\/noticiasemdestaque.com\/cd\/wp-content\/uploads\/2026\/09\/snapinsta-1788358766459-scaled.jpg\"><img fetchpriority=\"high\" decoding=\"async\" class=\" wp-image-81527 aligncenter\" src=\"https:\/\/noticiasemdestaque.com\/cd\/wp-content\/uploads\/2026\/09\/snapinsta-1788358766459-240x300.jpg\" alt=\"\" width=\"888\" height=\"1110\" srcset=\"https:\/\/noticiasemdestaque.com\/cd\/wp-content\/uploads\/2026\/09\/snapinsta-1788358766459-240x300.jpg 240w, https:\/\/noticiasemdestaque.com\/cd\/wp-content\/uploads\/2026\/09\/snapinsta-1788358766459-818x1024.jpg 818w, https:\/\/noticiasemdestaque.com\/cd\/wp-content\/uploads\/2026\/09\/snapinsta-1788358766459-768x961.jpg 768w, https:\/\/noticiasemdestaque.com\/cd\/wp-content\/uploads\/2026\/09\/snapinsta-1788358766459-1228x1536.jpg 1228w, https:\/\/noticiasemdestaque.com\/cd\/wp-content\/uploads\/2026\/09\/snapinsta-1788358766459-1637x2048.jpg 1637w, https:\/\/noticiasemdestaque.com\/cd\/wp-content\/uploads\/2026\/09\/snapinsta-1788358766459-scaled.jpg 2046w\" sizes=\"(max-width: 888px) 100vw, 888px\" \/><\/a><\/p>\n<p class=\"isSelectedEnd\">O munic\u00edpio de Ouro Velho se prepara para celebrar a Independ\u00eancia do Brasil com a realiza\u00e7\u00e3o do tradicional Desfile C\u00edvico de 7 de Setembro. O evento acontecer\u00e1 na pr\u00f3xima segunda-feira, dia 7 de setembro, a partir das 16h30, percorrendo as principais ruas da cidade e reunindo a comunidade em um momento de patriotismo e celebra\u00e7\u00e3o.<\/p>\n<p class=\"isSelectedEnd\">Neste ano, o desfile ter\u00e1 como tema \u201cRespeito, Solidariedade e Paz: valores que constroem uma na\u00e7\u00e3o\u201d, destacando princ\u00edpios fundamentais para a conviv\u00eancia em sociedade e para a constru\u00e7\u00e3o de um futuro melhor. A programa\u00e7\u00e3o pretende levar \u00e0s ruas uma mensagem de uni\u00e3o, cidadania e valoriza\u00e7\u00e3o dos valores que fortalecem a comunidade.<\/p>\n<p class=\"isSelectedEnd\">A popula\u00e7\u00e3o de Ouro Velho est\u00e1 convidada a participar e prestigiar o momento. A organiza\u00e7\u00e3o refor\u00e7a o convite para que os moradores vistam a camisa, levem suas fam\u00edlias e acompanhem o desfile, contribuindo para tornar a celebra\u00e7\u00e3o da Independ\u00eancia ainda mais especial.<\/p>\n<p>O 7 de Setembro \u00e9 uma das principais datas do calend\u00e1rio nacional e, em Ouro Velho, a celebra\u00e7\u00e3o promete movimentar as ruas da cidade com a participa\u00e7\u00e3o da comunidade e um clima de uni\u00e3o e patriotismo.<\/p>\n<p><strong>Not\u00edcias em Destaque<\/strong><\/p>\n","protected":false},"excerpt":{"rendered":"<p>O munic\u00edpio de Ouro Velho se prepara para celebrar a Independ\u00eancia do Brasil com a realiza\u00e7\u00e3o do tradicional Desfile C\u00edvico de 7 de Setembro. O evento acontecer\u00e1 na pr\u00f3xima segunda-feira, dia 7 de setembro, a partir das 16h30, percorrendo as principais ruas da cidade e reunindo a comunidade em um momento de patriotismo e celebra\u00e7\u00e3o. Neste ano, o desfile ter\u00e1 como tema \u201cRespeito, Solidariedade e Paz: valores que constroem uma na\u00e7\u00e3o\u201d, destacando princ\u00edpios fundamentais para a conviv\u00eancia em sociedade e para a constru\u00e7\u00e3o de um futuro melhor. A programa\u00e7\u00e3o pretende levar \u00e0s ruas uma mensagem de uni\u00e3o, cidadania e valoriza\u00e7\u00e3o dos valores que fortalecem a comunidade. A popula\u00e7\u00e3o de Ouro Velho est\u00e1 convidada a participar e prestigiar o momento. A organiza\u00e7\u00e3o refor\u00e7a o convite para que os moradores vistam a camisa, levem suas fam\u00edlias e acompanhem o desfile, contribuindo para tornar a celebra\u00e7\u00e3o da Independ\u00eancia ainda mais especial. O 7 de Setembro \u00e9 uma das principais datas do calend\u00e1rio nacional e, em Ouro Velho, a celebra\u00e7\u00e3o promete movimentar as ruas da cidade com a participa\u00e7\u00e3o da comunidade e um clima de uni\u00e3o e patriotismo. Not\u00edcias em Destaque<\/p>\n","protected":false},"author":2,"featured_media":81527,"comment_status":"closed","ping_status":"closed","sticky":false,"template":"","format":"standard","meta":{"_eb_attr":"","_jetpack_memberships_contains_paid_content":false,"footnotes":""},"categories":[3],"tags":[],"class_list":["post-81526","post","type-post","status-publish","format-standard","has-post-thumbnail","hentry","category-cidades"],"yoast_head":"<!-- This site is optimized with the Yoast SEO plugin v26.5 - https:\/\/yoast.com\/wordpress\/plugins\/seo\/ -->\n<title>Ouro Velho realiza Desfile C\u00edvico de 7 de Setembro com tema voltado ao respeito, solidariedade e paz - Not&iacute;cias em Destaque<\/title>\n<meta name=\"robots\" content=\"index, follow, max-snippet:-1, max-image-preview:large, max-video-preview:-1\" \/>\n<link rel=\"canonical\" href=\"https:\/\/noticiasemdestaque.com\/cd\/?p=81526\" \/>\n<meta property=\"og:locale\" content=\"pt_BR\" \/>\n<meta property=\"og:type\" content=\"article\" \/>\n<meta property=\"og:title\" content=\"Ouro Velho realiza Desfile C\u00edvico de 7 de Setembro com tema voltado ao respeito, solidariedade e paz - Not&iacute;cias em Destaque\" \/>\n<meta property=\"og:description\" content=\"O munic\u00edpio de Ouro Velho se prepara para celebrar a Independ\u00eancia do Brasil com a realiza\u00e7\u00e3o do tradicional Desfile C\u00edvico de 7 de Setembro. O evento acontecer\u00e1 na pr\u00f3xima segunda-feira, dia 7 de setembro, a partir das 16h30, percorrendo as principais ruas da cidade e reunindo a comunidade em um momento de patriotismo e celebra\u00e7\u00e3o. Neste ano, o desfile ter\u00e1 como tema \u201cRespeito, Solidariedade e Paz: valores que constroem uma na\u00e7\u00e3o\u201d, destacando princ\u00edpios fundamentais para a conviv\u00eancia em sociedade e para a constru\u00e7\u00e3o de um futuro melhor. A programa\u00e7\u00e3o pretende levar \u00e0s ruas uma mensagem de uni\u00e3o, cidadania e valoriza\u00e7\u00e3o dos valores que fortalecem a comunidade. A popula\u00e7\u00e3o de Ouro Velho est\u00e1 convidada a participar e prestigiar o momento. A organiza\u00e7\u00e3o refor\u00e7a o convite para que os moradores vistam a camisa, levem suas fam\u00edlias e acompanhem o desfile, contribuindo para tornar a celebra\u00e7\u00e3o da Independ\u00eancia ainda mais especial. O 7 de Setembro \u00e9 uma das principais datas do calend\u00e1rio nacional e, em Ouro Velho, a celebra\u00e7\u00e3o promete movimentar as ruas da cidade com a participa\u00e7\u00e3o da comunidade e um clima de uni\u00e3o e patriotismo. Not\u00edcias em Destaque\" \/>\n<meta property=\"og:url\" content=\"https:\/\/noticiasemdestaque.com\/cd\/?p=81526\" \/>\n<meta property=\"og:site_name\" content=\"Not&iacute;cias em Destaque\" \/>\n<meta property=\"article:published_time\" content=\"2026-09-02T14:20:14+00:00\" \/>\n<meta property=\"og:image\" content=\"https:\/\/noticiasemdestaque.com\/cd\/wp-content\/uploads\/2026\/09\/snapinsta-1788358766459-scaled.jpg\" \/>\n\t<meta property=\"og:image:width\" content=\"2046\" \/>\n\t<meta property=\"og:image:height\" content=\"2560\" \/>\n\t<meta property=\"og:image:type\" content=\"image\/jpeg\" \/>\n<meta name=\"author\" content=\"Not\u00edcias em Destaque\" \/>\n<meta name=\"twitter:card\" content=\"summary_large_image\" \/>\n<meta name=\"twitter:label1\" content=\"Escrito por\" \/>\n\t<meta name=\"twitter:data1\" content=\"Not\u00edcias em Destaque\" \/>\n\t<meta name=\"twitter:label2\" content=\"Est. tempo de leitura\" \/>\n\t<meta name=\"twitter:data2\" content=\"2 minutos\" \/>\n<script type=\"application\/ld+json\" class=\"yoast-schema-graph\">{\"@context\":\"https:\/\/schema.org\",\"@graph\":[{\"@type\":\"Article\",\"@id\":\"https:\/\/noticiasemdestaque.com\/cd\/?p=81526#article\",\"isPartOf\":{\"@id\":\"https:\/\/noticiasemdestaque.com\/cd\/?p=81526\"},\"author\":{\"name\":\"Not\u00edcias em Destaque\",\"@id\":\"https:\/\/noticiasemdestaque.com\/cd\/#\/schema\/person\/a978acbbda55eca5b71ccb9421897bb0\"},\"headline\":\"Ouro Velho realiza Desfile C\u00edvico de 7 de Setembro com tema voltado ao respeito, solidariedade e paz\",\"datePublished\":\"2026-09-02T14:20:14+00:00\",\"mainEntityOfPage\":{\"@id\":\"https:\/\/noticiasemdestaque.com\/cd\/?p=81526\"},\"wordCount\":224,\"publisher\":{\"@id\":\"https:\/\/noticiasemdestaque.com\/cd\/#organization\"},\"image\":{\"@id\":\"https:\/\/noticiasemdestaque.com\/cd\/?p=81526#primaryimage\"},\"thumbnailUrl\":\"https:\/\/noticiasemdestaque.com\/cd\/wp-content\/uploads\/2026\/09\/snapinsta-1788358766459-scaled.jpg\",\"articleSection\":[\"Cidades\"],\"inLanguage\":\"pt-BR\"},{\"@type\":\"WebPage\",\"@id\":\"https:\/\/noticiasemdestaque.com\/cd\/?p=81526\",\"url\":\"https:\/\/noticiasemdestaque.com\/cd\/?p=81526\",\"name\":\"Ouro Velho realiza Desfile C\u00edvico de 7 de Setembro com tema voltado ao respeito, solidariedade e paz - Not&iacute;cias em Destaque\",\"isPartOf\":{\"@id\":\"https:\/\/noticiasemdestaque.com\/cd\/#website\"},\"primaryImageOfPage\":{\"@id\":\"https:\/\/noticiasemdestaque.com\/cd\/?p=81526#primaryimage\"},\"image\":{\"@id\":\"https:\/\/noticiasemdestaque.com\/cd\/?p=81526#primaryimage\"},\"thumbnailUrl\":\"https:\/\/noticiasemdestaque.com\/cd\/wp-content\/uploads\/2026\/09\/snapinsta-1788358766459-scaled.jpg\",\"datePublished\":\"2026-09-02T14:20:14+00:00\",\"breadcrumb\":{\"@id\":\"https:\/\/noticiasemdestaque.com\/cd\/?p=81526#breadcrumb\"},\"inLanguage\":\"pt-BR\",\"potentialAction\":[{\"@type\":\"ReadAction\",\"target\":[\"https:\/\/noticiasemdestaque.com\/cd\/?p=81526\"]}]},{\"@type\":\"ImageObject\",\"inLanguage\":\"pt-BR\",\"@id\":\"https:\/\/noticiasemdestaque.com\/cd\/?p=81526#primaryimage\",\"url\":\"https:\/\/noticiasemdestaque.com\/cd\/wp-content\/uploads\/2026\/09\/snapinsta-1788358766459-scaled.jpg\",\"contentUrl\":\"https:\/\/noticiasemdestaque.com\/cd\/wp-content\/uploads\/2026\/09\/snapinsta-1788358766459-scaled.jpg\",\"width\":2046,\"height\":2560},{\"@type\":\"BreadcrumbList\",\"@id\":\"https:\/\/noticiasemdestaque.com\/cd\/?p=81526#breadcrumb\",\"itemListElement\":[{\"@type\":\"ListItem\",\"position\":1,\"name\":\"In\u00edcio\",\"item\":\"https:\/\/noticiasemdestaque.com\/cd\/\"},{\"@type\":\"ListItem\",\"position\":2,\"name\":\"Ouro Velho realiza Desfile C\u00edvico de 7 de Setembro com tema voltado ao respeito, solidariedade e paz\"}]},{\"@type\":\"WebSite\",\"@id\":\"https:\/\/noticiasemdestaque.com\/cd\/#website\",\"url\":\"https:\/\/noticiasemdestaque.com\/cd\/\",\"name\":\"Not&iacute;cias em Destaque\",\"description\":\"\",\"publisher\":{\"@id\":\"https:\/\/noticiasemdestaque.com\/cd\/#organization\"},\"potentialAction\":[{\"@type\":\"SearchAction\",\"target\":{\"@type\":\"EntryPoint\",\"urlTemplate\":\"https:\/\/noticiasemdestaque.com\/cd\/?s={search_term_string}\"},\"query-input\":{\"@type\":\"PropertyValueSpecification\",\"valueRequired\":true,\"valueName\":\"search_term_string\"}}],\"inLanguage\":\"pt-BR\"},{\"@type\":\"Organization\",\"@id\":\"https:\/\/noticiasemdestaque.com\/cd\/#organization\",\"name\":\"Not\u00edcias em Destaque\",\"url\":\"https:\/\/noticiasemdestaque.com\/cd\/\",\"logo\":{\"@type\":\"ImageObject\",\"inLanguage\":\"pt-BR\",\"@id\":\"https:\/\/noticiasemdestaque.com\/cd\/#\/schema\/logo\/image\/\",\"url\":\"https:\/\/noticiasemdestaque.com\/cd\/wp-content\/uploads\/2022\/05\/imagem-base-noticiasemdestaque.png\",\"contentUrl\":\"https:\/\/noticiasemdestaque.com\/cd\/wp-content\/uploads\/2022\/05\/imagem-base-noticiasemdestaque.png\",\"width\":1200,\"height\":630,\"caption\":\"Not\u00edcias em Destaque\"},\"image\":{\"@id\":\"https:\/\/noticiasemdestaque.com\/cd\/#\/schema\/logo\/image\/\"}},{\"@type\":\"Person\",\"@id\":\"https:\/\/noticiasemdestaque.com\/cd\/#\/schema\/person\/a978acbbda55eca5b71ccb9421897bb0\",\"name\":\"Not\u00edcias em Destaque\",\"url\":\"https:\/\/noticiasemdestaque.com\/cd\/?author=2\"}]}<\/script>\n<!-- \/ Yoast SEO plugin. -->","yoast_head_json":{"title":"Ouro Velho realiza Desfile C\u00edvico de 7 de Setembro com tema voltado ao respeito, solidariedade e paz - Not&iacute;cias em Destaque","robots":{"index":"index","follow":"follow","max-snippet":"max-snippet:-1","max-image-preview":"max-image-preview:large","max-video-preview":"max-video-preview:-1"},"canonical":"https:\/\/noticiasemdestaque.com\/cd\/?p=81526","og_locale":"pt_BR","og_type":"article","og_title":"Ouro Velho realiza Desfile C\u00edvico de 7 de Setembro com tema voltado ao respeito, solidariedade e paz - Not&iacute;cias em Destaque","og_description":"O munic\u00edpio de Ouro Velho se prepara para celebrar a Independ\u00eancia do Brasil com a realiza\u00e7\u00e3o do tradicional Desfile C\u00edvico de 7 de Setembro. O evento acontecer\u00e1 na pr\u00f3xima segunda-feira, dia 7 de setembro, a partir das 16h30, percorrendo as principais ruas da cidade e reunindo a comunidade em um momento de patriotismo e celebra\u00e7\u00e3o. Neste ano, o desfile ter\u00e1 como tema \u201cRespeito, Solidariedade e Paz: valores que constroem uma na\u00e7\u00e3o\u201d, destacando princ\u00edpios fundamentais para a conviv\u00eancia em sociedade e para a constru\u00e7\u00e3o de um futuro melhor. A programa\u00e7\u00e3o pretende levar \u00e0s ruas uma mensagem de uni\u00e3o, cidadania e valoriza\u00e7\u00e3o dos valores que fortalecem a comunidade. A popula\u00e7\u00e3o de Ouro Velho est\u00e1 convidada a participar e prestigiar o momento. A organiza\u00e7\u00e3o refor\u00e7a o convite para que os moradores vistam a camisa, levem suas fam\u00edlias e acompanhem o desfile, contribuindo para tornar a celebra\u00e7\u00e3o da Independ\u00eancia ainda mais especial. O 7 de Setembro \u00e9 uma das principais datas do calend\u00e1rio nacional e, em Ouro Velho, a celebra\u00e7\u00e3o promete movimentar as ruas da cidade com a participa\u00e7\u00e3o da comunidade e um clima de uni\u00e3o e patriotismo. Not\u00edcias em Destaque","og_url":"https:\/\/noticiasemdestaque.com\/cd\/?p=81526","og_site_name":"Not&iacute;cias em Destaque","article_published_time":"2026-09-02T14:20:14+00:00","og_image":[{"width":2046,"height":2560,"url":"https:\/\/noticiasemdestaque.com\/cd\/wp-content\/uploads\/2026\/09\/snapinsta-1788358766459-scaled.jpg","type":"image\/jpeg"}],"author":"Not\u00edcias em Destaque","twitter_card":"summary_large_image","twitter_misc":{"Escrito por":"Not\u00edcias em Destaque","Est. tempo de leitura":"2 minutos"},"schema":{"@context":"https:\/\/schema.org","@graph":[{"@type":"Article","@id":"https:\/\/noticiasemdestaque.com\/cd\/?p=81526#article","isPartOf":{"@id":"https:\/\/noticiasemdestaque.com\/cd\/?p=81526"},"author":{"name":"Not\u00edcias em Destaque","@id":"https:\/\/noticiasemdestaque.com\/cd\/#\/schema\/person\/a978acbbda55eca5b71ccb9421897bb0"},"headline":"Ouro Velho realiza Desfile C\u00edvico de 7 de Setembro com tema voltado ao respeito, solidariedade e paz","datePublished":"2026-09-02T14:20:14+00:00","mainEntityOfPage":{"@id":"https:\/\/noticiasemdestaque.com\/cd\/?p=81526"},"wordCount":224,"publisher":{"@id":"https:\/\/noticiasemdestaque.com\/cd\/#organization"},"image":{"@id":"https:\/\/noticiasemdestaque.com\/cd\/?p=81526#primaryimage"},"thumbnailUrl":"https:\/\/noticiasemdestaque.com\/cd\/wp-content\/uploads\/2026\/09\/snapinsta-1788358766459-scaled.jpg","articleSection":["Cidades"],"inLanguage":"pt-BR"},{"@type":"WebPage","@id":"https:\/\/noticiasemdestaque.com\/cd\/?p=81526","url":"https:\/\/noticiasemdestaque.com\/cd\/?p=81526","name":"Ouro Velho realiza Desfile C\u00edvico de 7 de Setembro com tema voltado ao respeito, solidariedade e paz - Not&iacute;cias em Destaque","isPartOf":{"@id":"https:\/\/noticiasemdestaque.com\/cd\/#website"},"primaryImageOfPage":{"@id":"https:\/\/noticiasemdestaque.com\/cd\/?p=81526#primaryimage"},"image":{"@id":"https:\/\/noticiasemdestaque.com\/cd\/?p=81526#primaryimage"},"thumbnailUrl":"https:\/\/noticiasemdestaque.com\/cd\/wp-content\/uploads\/2026\/09\/snapinsta-1788358766459-scaled.jpg","datePublished":"2026-09-02T14:20:14+00:00","breadcrumb":{"@id":"https:\/\/noticiasemdestaque.com\/cd\/?p=81526#breadcrumb"},"inLanguage":"pt-BR","potentialAction":[{"@type":"ReadAction","target":["https:\/\/noticiasemdestaque.com\/cd\/?p=81526"]}]},{"@type":"ImageObject","inLanguage":"pt-BR","@id":"https:\/\/noticiasemdestaque.com\/cd\/?p=81526#primaryimage","url":"https:\/\/noticiasemdestaque.com\/cd\/wp-content\/uploads\/2026\/09\/snapinsta-1788358766459-scaled.jpg","contentUrl":"https:\/\/noticiasemdestaque.com\/cd\/wp-content\/uploads\/2026\/09\/snapinsta-1788358766459-scaled.jpg","width":2046,"height":2560},{"@type":"BreadcrumbList","@id":"https:\/\/noticiasemdestaque.com\/cd\/?p=81526#breadcrumb","itemListElement":[{"@type":"ListItem","position":1,"name":"In\u00edcio","item":"https:\/\/noticiasemdestaque.com\/cd\/"},{"@type":"ListItem","position":2,"name":"Ouro Velho realiza Desfile C\u00edvico de 7 de Setembro com tema voltado ao respeito, solidariedade e paz"}]},{"@type":"WebSite","@id":"https:\/\/noticiasemdestaque.com\/cd\/#website","url":"https:\/\/noticiasemdestaque.com\/cd\/","name":"Not&iacute;cias em Destaque","description":"","publisher":{"@id":"https:\/\/noticiasemdestaque.com\/cd\/#organization"},"potentialAction":[{"@type":"SearchAction","target":{"@type":"EntryPoint","urlTemplate":"https:\/\/noticiasemdestaque.com\/cd\/?s={search_term_string}"},"query-input":{"@type":"PropertyValueSpecification","valueRequired":true,"valueName":"search_term_string"}}],"inLanguage":"pt-BR"},{"@type":"Organization","@id":"https:\/\/noticiasemdestaque.com\/cd\/#organization","name":"Not\u00edcias em Destaque","url":"https:\/\/noticiasemdestaque.com\/cd\/","logo":{"@type":"ImageObject","inLanguage":"pt-BR","@id":"https:\/\/noticiasemdestaque.com\/cd\/#\/schema\/logo\/image\/","url":"https:\/\/noticiasemdestaque.com\/cd\/wp-content\/uploads\/2022\/05\/imagem-base-noticiasemdestaque.png","contentUrl":"https:\/\/noticiasemdestaque.com\/cd\/wp-content\/uploads\/2022\/05\/imagem-base-noticiasemdestaque.png","width":1200,"height":630,"caption":"Not\u00edcias em Destaque"},"image":{"@id":"https:\/\/noticiasemdestaque.com\/cd\/#\/schema\/logo\/image\/"}},{"@type":"Person","@id":"https:\/\/noticiasemdestaque.com\/cd\/#\/schema\/person\/a978acbbda55eca5b71ccb9421897bb0","name":"Not\u00edcias em Destaque","url":"https:\/\/noticiasemdestaque.com\/cd\/?author=2"}]}},"jetpack_featured_media_url":"https:\/\/noticiasemdestaque.com\/cd\/wp-content\/uploads\/2026\/09\/snapinsta-1788358766459-scaled.jpg","jetpack_sharing_enabled":true,"_links":{"self":[{"href":"https:\/\/noticiasemdestaque.com\/cd\/index.php?rest_route=\/wp\/v2\/posts\/81526","targetHints":{"allow":["GET"]}}],"collection":[{"href":"https:\/\/noticiasemdestaque.com\/cd\/index.php?rest_route=\/wp\/v2\/posts"}],"about":[{"href":"https:\/\/noticiasemdestaque.com\/cd\/index.php?rest_route=\/wp\/v2\/types\/post"}],"author":[{"embeddable":true,"href":"https:\/\/noticiasemdestaque.com\/cd\/index.php?rest_route=\/wp\/v2\/users\/2"}],"replies":[{"embeddable":true,"href":"https:\/\/noticiasemdestaque.com\/cd\/index.php?rest_route=%2Fwp%2Fv2%2Fcomments&post=81526"}],"version-history":[{"count":1,"href":"https:\/\/noticiasemdestaque.com\/cd\/index.php?rest_route=\/wp\/v2\/posts\/81526\/revisions"}],"predecessor-version":[{"id":81528,"href":"https:\/\/noticiasemdestaque.com\/cd\/index.php?rest_route=\/wp\/v2\/posts\/81526\/revisions\/81528"}],"wp:featuredmedia":[{"embeddable":true,"href":"https:\/\/noticiasemdestaque.com\/cd\/index.php?rest_route=\/wp\/v2\/media\/81527"}],"wp:attachment":[{"href":"https:\/\/noticiasemdestaque.com\/cd\/index.php?rest_route=%2Fwp%2Fv2%2Fmedia&parent=81526"}],"wp:term":[{"taxonomy":"category","embeddable":true,"href":"https:\/\/noticiasemdestaque.com\/cd\/index.php?rest_route=%2Fwp%2Fv2%2Fcategories&post=81526"},{"taxonomy":"post_tag","embeddable":true,"href":"https:\/\/noticiasemdestaque.com\/cd\/index.php?rest_route=%2Fwp%2Fv2%2Ftags&post=81526"}],"curies":[{"name":"wp","href":"https:\/\/api.w.org\/{rel}","templated":true}]}}